{"id":6480,"date":"2019-02-13T14:23:37","date_gmt":"2019-02-13T12:23:37","guid":{"rendered":"http:\/\/lararkarriar.se\/grundskola\/?p=6480"},"modified":"2019-02-13T14:23:37","modified_gmt":"2019-02-13T12:23:37","slug":"spannande-utmaningar-i-snabbvaxande-kommun","status":"publish","type":"post","link":"https:\/\/lararkarriar.se\/grundskola\/2019\/02\/13\/spannande-utmaningar-i-snabbvaxande-kommun\/","title":{"rendered":"Sp\u00e4nnande utmaningar i snabbv\u00e4xande kommun"},"content":{"rendered":"<figure id=\"attachment_6481\" aria-describedby=\"caption-attachment-6481\" style=\"width: 1000px\" class=\"wp-caption alignnone\"><img loading=\"lazy\" decoding=\"async\" src=\"https:\/\/lararkarriar.se\/grundskola\/wp-content\/uploads\/sites\/12\/2019\/02\/upplandsbro-magnus-persson-bsl1502-1.jpg\" alt=\"Magnus Persson, verksamhetschef skola i Upplands-Bro kommun. Foto: Staffan Larsson\" width=\"1000\" height=\"711\" class=\"size-full wp-image-6481\" srcset=\"https:\/\/lararkarriar.se\/grundskola\/wp-content\/uploads\/sites\/12\/2019\/02\/upplandsbro-magnus-persson-bsl1502-1.jpg 1000w, https:\/\/lararkarriar.se\/grundskola\/wp-content\/uploads\/sites\/12\/2019\/02\/upplandsbro-magnus-persson-bsl1502-1-300x213.jpg 300w, https:\/\/lararkarriar.se\/grundskola\/wp-content\/uploads\/sites\/12\/2019\/02\/upplandsbro-magnus-persson-bsl1502-1-768x546.jpg 768w, https:\/\/lararkarriar.se\/grundskola\/wp-content\/uploads\/sites\/12\/2019\/02\/upplandsbro-magnus-persson-bsl1502-1-225x160.jpg 225w, https:\/\/lararkarriar.se\/grundskola\/wp-content\/uploads\/sites\/12\/2019\/02\/upplandsbro-magnus-persson-bsl1502-1-526x374.jpg 526w, https:\/\/lararkarriar.se\/grundskola\/wp-content\/uploads\/sites\/12\/2019\/02\/upplandsbro-magnus-persson-bsl1502-1-720x512.jpg 720w, https:\/\/lararkarriar.se\/grundskola\/wp-content\/uploads\/sites\/12\/2019\/02\/upplandsbro-magnus-persson-bsl1502-1-960x683.jpg 960w\" sizes=\"auto, (max-width: 1000px) 100vw, 1000px\" \/><figcaption id=\"caption-attachment-6481\" class=\"wp-caption-text\">Magnus Persson, verksamhetschef skola i Upplands-Bro kommun. Foto: Staffan Larsson<\/figcaption><\/figure>\n<p><strong>Upplands-Bro \u00e4r Sveriges snabbast v\u00e4xande kommun. Det inneb\u00e4r sp\u00e4nnande karri\u00e4rm\u00f6jligheter f\u00f6r l\u00e4rare som vill arbeta i en dynamisk milj\u00f6, d\u00e4r fokus ligger p\u00e5 att skapa goda villkor f\u00f6r pedagoger och en riktigt bra och likv\u00e4rdig skola.<\/strong><\/p>\n<p>Med en befolknings\u00f6kning p\u00e5 fyra procent om \u00e5ret st\u00e5r Upplands-Bro inf\u00f6r stora skolsatsningar de kommande \u00e5ren. Dagens 10 grundskolor kommer att ut\u00f6kas med ytterligare flera skolor under det n\u00e4rmaste \u00e5rtiondet och det p\u00e5g\u00e5r ett fokuserat arbete f\u00f6r att skapa goda f\u00f6ruts\u00e4ttningar f\u00f6r s\u00e5v\u00e4l personal som elever.<br \/>\n\u2013 Ett h\u00f6gt prioriterat omr\u00e5de \u00e4r att skapa likv\u00e4rdighet mellan skolorna. Kommunen har en blandning av olika typer av bostadsomr\u00e5den och \u00e4ven ren landsbygd och det \u00e4r viktigt att samtliga skolor h\u00e5ller h\u00f6g och j\u00e4mn kvalitet. Duktiga l\u00e4rare och rektorer \u00e4r helt avg\u00f6rande, s\u00e4ger Magnus Persson, som tilltr\u00e4dde som skolchef i h\u00f6stas.<br \/>\nHan lyfter fram att det finns en stark och n\u00e4ra samverkan mellan skolorna i kommunen och \u00e4ven med l\u00e4rarfacken. Upplands-Bro har generellt bland de h\u00f6gsta l\u00e4rarl\u00f6nerna i landet.<br \/>\n\u2013 Bra l\u00f6ner \u00e4r viktiga f\u00f6r att rekrytera och beh\u00e5lla l\u00e4rare, men det r\u00e4cker inte. Vi arbetar ocks\u00e5 mycket med att st\u00e4rka rektorerna, eftersom det gagnar alla i skolan. Att ligga i den absoluta framkanten digitalt \u00e4r en annan viktig satsning, som ocks\u00e5 ger m\u00f6jlighet till mer individanpassad undervisning, s\u00e4ger Magnus Persson.<\/p>\n<p><strong>L\u00e4rarassistenter<\/strong><br \/>\nUpplands-Bro deltar i ett projekt i samarbete med Arbetsf\u00f6rmedlingen och S\u00f6dert\u00f6rns h\u00f6gskola. Under v\u00e5ren startar en l\u00e4rarassistentutbildning p\u00e5 ett \u00e5r f\u00f6r att skapa praktikanttj\u00e4nster f\u00f6r ett 30-tal l\u00e4rarassistenter, som kan avlasta l\u00e4rarna. Det ska utv\u00e4rderas senare under \u00e5ret och Magnus Persson tror att det kan vara en del av l\u00f6sningen f\u00f6r att skapa en bra arbetsmilj\u00f6. En v\u00e4l fungerande, central elevh\u00e4lsa och kostenhet \u00e4r andra \u00e5tg\u00e4rder f\u00f6r att ge skolledare och l\u00e4rare optimala f\u00f6ruts\u00e4ttningar att fokusera p\u00e5 det pedagogiska arbetet. Under senare \u00e5r har \u00e4ven samtliga skolor i Upplands-Bro renoverats.<br \/>\n\u2013 Vi har haft en v\u00e4ldigt positiv trend de senaste \u00e5ren och ett systematiskt kvalitetsarbete som gett resultat. Bland annat har betygen bland niorna h\u00f6jts kontinuerligt. Mitt jobb \u00e4r att f\u00f6r\u00e4dla och f\u00f6rvalta det goda arbetet och skapa ett j\u00e4mlikt och stabilt klimat, s\u00e5 att l\u00e4rare trivs. Det \u00e4r en v\u00e4ldigt sp\u00e4nnande och dynamisk kommun att arbeta i.<\/p>\n<p><strong><a href=\"https:\/\/www.upplands-bro.se\/kommun--politik\/jobba-hos-oss\/lediga-jobb.html\" title=\"Upplands-Bro pres jobb ans\u00f6k\" rel=\"noopener noreferrer\" target=\"_blank\">Jobba som grundskoll\u00e4rare i Upplands-Bro. Se v\u00e5ra lediga tj\u00e4nster h\u00e4r<\/a><\/strong><\/p>\n<div class=\"faktaruta-title\">Upplands-Bro kommun<\/div><div class=\"faktaruta\">Upplands-Bro har tio grundskolor med mellan 120 och 550 elever. Skolorna \u00e4r en blandning F\u20133, F\u20136, 4\u20139 och 7\u20139 och ligger framf\u00f6r allt i de tv\u00e5 kommundelarna Kungs\u00e4ngen och Bro. Kommunen erbjuder goda karri\u00e4rm\u00f6jligheter i en dynamisk milj\u00f6 d\u00e4r skolan har h\u00f6g prioritet och m\u00e5nga p\u00e5g\u00e5ende satsningar.<\/p>\n<p><strong><a href=\"https:\/\/www.upplands-bro.se\" title=\"Upplands-Bro textlink\" rel=\"noopener noreferrer\" target=\"_blank\">www.upplands-bro.se<\/a><\/strong><\/p>\n<p><a href=\"https:\/\/www.vimmerby.se\" title=\"Upplands-Bro logotype\" rel=\"noopener noreferrer\" target=\"_blank\"><img loading=\"lazy\" decoding=\"async\" src=\"http:\/\/lararkarriar.se\/grundskola\/wp-content\/uploads\/2019\/02\/upplandsbro_ubk_logo_1plan_cmyk_x-530x100.png\" alt=\"Upplands-Bro logotype\" width=\"332\" height=\"62\" class=\"alignnone size-medium wp-image-6482\" \/><\/a><br \/>\n<\/div>\n","protected":false},"excerpt":{"rendered":"<p>Upplands-Bro \u00e4r Sveriges snabbast v\u00e4xande kommun. Det inneb\u00e4r sp\u00e4nnande karri\u00e4rm\u00f6jligheter f\u00f6r l\u00e4rare som vill arbeta&#8230;<\/p>\n","protected":false},"author":2,"featured_media":6481,"comment_status":"closed","ping_status":"open","sticky":false,"template":"","format":"standard","meta":{"_acf_changed":false,"_monsterinsights_skip_tracking":false,"_monsterinsights_sitenote_active":false,"_monsterinsights_sitenote_note":"","_monsterinsights_sitenote_category":0,"footnotes":""},"categories":[7],"tags":[121,203,277,278,419],"class_list":["post-6480","post","type-post","status-publish","format-standard","has-post-thumbnail","hentry","category-presentation","tag-grundskola","tag-larare","tag-pedagog","tag-pedagogik","tag-upplands-bro"],"acf":[],"yoast_head":"<!-- This site is optimized with the Yoast SEO plugin v27.3 - https:\/\/yoast.com\/product\/yoast-seo-wordpress\/ -->\n<title>Sp\u00e4nnande utmaningar i snabbv\u00e4xande kommun - Framtidens Karri\u00e4r \u2013 Grundskolel\u00e4rare<\/title>\n<meta name=\"robots\" content=\"index, follow, max-snippet:-1, max-image-preview:large, max-video-preview:-1\" \/>\n<link rel=\"canonical\" href=\"https:\/\/lararkarriar.se\/grundskola\/2019\/02\/13\/spannande-utmaningar-i-snabbvaxande-kommun\/\" \/>\n<meta property=\"og:locale\" content=\"sv_SE\" \/>\n<meta property=\"og:type\" content=\"article\" \/>\n<meta property=\"og:title\" content=\"Sp\u00e4nnande utmaningar i snabbv\u00e4xande kommun - Framtidens Karri\u00e4r \u2013 Grundskolel\u00e4rare\" \/>\n<meta property=\"og:description\" content=\"Upplands-Bro \u00e4r Sveriges snabbast v\u00e4xande kommun. Det inneb\u00e4r sp\u00e4nnande karri\u00e4rm\u00f6jligheter f\u00f6r l\u00e4rare som vill arbeta...\" \/>\n<meta property=\"og:url\" content=\"https:\/\/lararkarriar.se\/grundskola\/2019\/02\/13\/spannande-utmaningar-i-snabbvaxande-kommun\/\" \/>\n<meta property=\"og:site_name\" content=\"Framtidens Karri\u00e4r \u2013 Grundskolel\u00e4rare\" \/>\n<meta property=\"article:published_time\" content=\"2019-02-13T12:23:37+00:00\" \/>\n<meta property=\"og:image\" content=\"https:\/\/lararkarriar.se\/grundskola\/wp-content\/uploads\/sites\/12\/2019\/02\/upplandsbro-magnus-persson-bsl1502-1.jpg\" \/>\n\t<meta property=\"og:image:width\" content=\"1000\" \/>\n\t<meta property=\"og:image:height\" content=\"711\" \/>\n\t<meta property=\"og:image:type\" content=\"image\/jpeg\" \/>\n<meta name=\"author\" content=\"viktorwallen\" \/>\n<meta name=\"twitter:card\" content=\"summary_large_image\" \/>\n<meta name=\"twitter:label1\" content=\"Skriven av\" \/>\n\t<meta name=\"twitter:data1\" content=\"viktorwallen\" \/>\n\t<meta name=\"twitter:label2\" content=\"Ber\u00e4knad l\u00e4stid\" \/>\n\t<meta name=\"twitter:data2\" content=\"3 minuter\" \/>\n<script type=\"application\/ld+json\" class=\"yoast-schema-graph\">{\"@context\":\"https:\\\/\\\/schema.org\",\"@graph\":[{\"@type\":\"Article\",\"@id\":\"https:\\\/\\\/lararkarriar.se\\\/grundskola\\\/2019\\\/02\\\/13\\\/spannande-utmaningar-i-snabbvaxande-kommun\\\/#article\",\"isPartOf\":{\"@id\":\"https:\\\/\\\/lararkarriar.se\\\/grundskola\\\/2019\\\/02\\\/13\\\/spannande-utmaningar-i-snabbvaxande-kommun\\\/\"},\"author\":{\"name\":\"viktorwallen\",\"@id\":\"https:\\\/\\\/lararkarriar.se\\\/grundskola\\\/#\\\/schema\\\/person\\\/2a13a849ec7646386c2211f59afe3083\"},\"headline\":\"Sp\u00e4nnande utmaningar i snabbv\u00e4xande kommun\",\"datePublished\":\"2019-02-13T12:23:37+00:00\",\"mainEntityOfPage\":{\"@id\":\"https:\\\/\\\/lararkarriar.se\\\/grundskola\\\/2019\\\/02\\\/13\\\/spannande-utmaningar-i-snabbvaxande-kommun\\\/\"},\"wordCount\":536,\"image\":{\"@id\":\"https:\\\/\\\/lararkarriar.se\\\/grundskola\\\/2019\\\/02\\\/13\\\/spannande-utmaningar-i-snabbvaxande-kommun\\\/#primaryimage\"},\"thumbnailUrl\":\"https:\\\/\\\/lararkarriar.se\\\/grundskola\\\/wp-content\\\/uploads\\\/sites\\\/12\\\/2019\\\/02\\\/upplandsbro-magnus-persson-bsl1502-1.jpg\",\"keywords\":[\"Grundskola\",\"L\u00e4rare\",\"Pedagog\",\"Pedagogik\",\"Upplands-Bro\"],\"articleSection\":[\"Presentation\"],\"inLanguage\":\"sv-SE\"},{\"@type\":\"WebPage\",\"@id\":\"https:\\\/\\\/lararkarriar.se\\\/grundskola\\\/2019\\\/02\\\/13\\\/spannande-utmaningar-i-snabbvaxande-kommun\\\/\",\"url\":\"https:\\\/\\\/lararkarriar.se\\\/grundskola\\\/2019\\\/02\\\/13\\\/spannande-utmaningar-i-snabbvaxande-kommun\\\/\",\"name\":\"Sp\u00e4nnande utmaningar i snabbv\u00e4xande kommun - Framtidens Karri\u00e4r \u2013 Grundskolel\u00e4rare\",\"isPartOf\":{\"@id\":\"https:\\\/\\\/lararkarriar.se\\\/grundskola\\\/#website\"},\"primaryImageOfPage\":{\"@id\":\"https:\\\/\\\/lararkarriar.se\\\/grundskola\\\/2019\\\/02\\\/13\\\/spannande-utmaningar-i-snabbvaxande-kommun\\\/#primaryimage\"},\"image\":{\"@id\":\"https:\\\/\\\/lararkarriar.se\\\/grundskola\\\/2019\\\/02\\\/13\\\/spannande-utmaningar-i-snabbvaxande-kommun\\\/#primaryimage\"},\"thumbnailUrl\":\"https:\\\/\\\/lararkarriar.se\\\/grundskola\\\/wp-content\\\/uploads\\\/sites\\\/12\\\/2019\\\/02\\\/upplandsbro-magnus-persson-bsl1502-1.jpg\",\"datePublished\":\"2019-02-13T12:23:37+00:00\",\"author\":{\"@id\":\"https:\\\/\\\/lararkarriar.se\\\/grundskola\\\/#\\\/schema\\\/person\\\/2a13a849ec7646386c2211f59afe3083\"},\"breadcrumb\":{\"@id\":\"https:\\\/\\\/lararkarriar.se\\\/grundskola\\\/2019\\\/02\\\/13\\\/spannande-utmaningar-i-snabbvaxande-kommun\\\/#breadcrumb\"},\"inLanguage\":\"sv-SE\",\"potentialAction\":[{\"@type\":\"ReadAction\",\"target\":[\"https:\\\/\\\/lararkarriar.se\\\/grundskola\\\/2019\\\/02\\\/13\\\/spannande-utmaningar-i-snabbvaxande-kommun\\\/\"]}]},{\"@type\":\"ImageObject\",\"inLanguage\":\"sv-SE\",\"@id\":\"https:\\\/\\\/lararkarriar.se\\\/grundskola\\\/2019\\\/02\\\/13\\\/spannande-utmaningar-i-snabbvaxande-kommun\\\/#primaryimage\",\"url\":\"https:\\\/\\\/lararkarriar.se\\\/grundskola\\\/wp-content\\\/uploads\\\/sites\\\/12\\\/2019\\\/02\\\/upplandsbro-magnus-persson-bsl1502-1.jpg\",\"contentUrl\":\"https:\\\/\\\/lararkarriar.se\\\/grundskola\\\/wp-content\\\/uploads\\\/sites\\\/12\\\/2019\\\/02\\\/upplandsbro-magnus-persson-bsl1502-1.jpg\",\"width\":1000,\"height\":711,\"caption\":\"Magnus Persson, verksamhetschef skola i Upplands-Bro kommun. Foto: Staffan Larsson\"},{\"@type\":\"BreadcrumbList\",\"@id\":\"https:\\\/\\\/lararkarriar.se\\\/grundskola\\\/2019\\\/02\\\/13\\\/spannande-utmaningar-i-snabbvaxande-kommun\\\/#breadcrumb\",\"itemListElement\":[{\"@type\":\"ListItem\",\"position\":1,\"name\":\"Home\",\"item\":\"https:\\\/\\\/lararkarriar.se\\\/grundskola\\\/\"},{\"@type\":\"ListItem\",\"position\":2,\"name\":\"Sp\u00e4nnande utmaningar i snabbv\u00e4xande kommun\"}]},{\"@type\":\"WebSite\",\"@id\":\"https:\\\/\\\/lararkarriar.se\\\/grundskola\\\/#website\",\"url\":\"https:\\\/\\\/lararkarriar.se\\\/grundskola\\\/\",\"name\":\"Framtidens Karri\u00e4r \u2013 Grundskolel\u00e4rare\",\"description\":\"Just another NMDashboard.se Sites site\",\"potentialAction\":[{\"@type\":\"SearchAction\",\"target\":{\"@type\":\"EntryPoint\",\"urlTemplate\":\"https:\\\/\\\/lararkarriar.se\\\/grundskola\\\/?s={search_term_string}\"},\"query-input\":{\"@type\":\"PropertyValueSpecification\",\"valueRequired\":true,\"valueName\":\"search_term_string\"}}],\"inLanguage\":\"sv-SE\"},{\"@type\":\"Person\",\"@id\":\"https:\\\/\\\/lararkarriar.se\\\/grundskola\\\/#\\\/schema\\\/person\\\/2a13a849ec7646386c2211f59afe3083\",\"name\":\"viktorwallen\",\"image\":{\"@type\":\"ImageObject\",\"inLanguage\":\"sv-SE\",\"@id\":\"https:\\\/\\\/secure.gravatar.com\\\/avatar\\\/701701bd36169636031933997c8c6b954f2f635bbb7cd4802e4a007f9c9f4e59?s=96&d=mm&r=g\",\"url\":\"https:\\\/\\\/secure.gravatar.com\\\/avatar\\\/701701bd36169636031933997c8c6b954f2f635bbb7cd4802e4a007f9c9f4e59?s=96&d=mm&r=g\",\"contentUrl\":\"https:\\\/\\\/secure.gravatar.com\\\/avatar\\\/701701bd36169636031933997c8c6b954f2f635bbb7cd4802e4a007f9c9f4e59?s=96&d=mm&r=g\",\"caption\":\"viktorwallen\"},\"url\":\"https:\\\/\\\/lararkarriar.se\\\/grundskola\\\/author\\\/viktorwallen\\\/\"}]}<\/script>\n<!-- \/ Yoast SEO plugin. -->","yoast_head_json":{"title":"Sp\u00e4nnande utmaningar i snabbv\u00e4xande kommun - Framtidens Karri\u00e4r \u2013 Grundskolel\u00e4rare","robots":{"index":"index","follow":"follow","max-snippet":"max-snippet:-1","max-image-preview":"max-image-preview:large","max-video-preview":"max-video-preview:-1"},"canonical":"https:\/\/lararkarriar.se\/grundskola\/2019\/02\/13\/spannande-utmaningar-i-snabbvaxande-kommun\/","og_locale":"sv_SE","og_type":"article","og_title":"Sp\u00e4nnande utmaningar i snabbv\u00e4xande kommun - Framtidens Karri\u00e4r \u2013 Grundskolel\u00e4rare","og_description":"Upplands-Bro \u00e4r Sveriges snabbast v\u00e4xande kommun. Det inneb\u00e4r sp\u00e4nnande karri\u00e4rm\u00f6jligheter f\u00f6r l\u00e4rare som vill arbeta...","og_url":"https:\/\/lararkarriar.se\/grundskola\/2019\/02\/13\/spannande-utmaningar-i-snabbvaxande-kommun\/","og_site_name":"Framtidens Karri\u00e4r \u2013 Grundskolel\u00e4rare","article_published_time":"2019-02-13T12:23:37+00:00","og_image":[{"width":1000,"height":711,"url":"https:\/\/lararkarriar.se\/grundskola\/wp-content\/uploads\/sites\/12\/2019\/02\/upplandsbro-magnus-persson-bsl1502-1.jpg","type":"image\/jpeg"}],"author":"viktorwallen","twitter_card":"summary_large_image","twitter_misc":{"Skriven av":"viktorwallen","Ber\u00e4knad l\u00e4stid":"3 minuter"},"schema":{"@context":"https:\/\/schema.org","@graph":[{"@type":"Article","@id":"https:\/\/lararkarriar.se\/grundskola\/2019\/02\/13\/spannande-utmaningar-i-snabbvaxande-kommun\/#article","isPartOf":{"@id":"https:\/\/lararkarriar.se\/grundskola\/2019\/02\/13\/spannande-utmaningar-i-snabbvaxande-kommun\/"},"author":{"name":"viktorwallen","@id":"https:\/\/lararkarriar.se\/grundskola\/#\/schema\/person\/2a13a849ec7646386c2211f59afe3083"},"headline":"Sp\u00e4nnande utmaningar i snabbv\u00e4xande kommun","datePublished":"2019-02-13T12:23:37+00:00","mainEntityOfPage":{"@id":"https:\/\/lararkarriar.se\/grundskola\/2019\/02\/13\/spannande-utmaningar-i-snabbvaxande-kommun\/"},"wordCount":536,"image":{"@id":"https:\/\/lararkarriar.se\/grundskola\/2019\/02\/13\/spannande-utmaningar-i-snabbvaxande-kommun\/#primaryimage"},"thumbnailUrl":"https:\/\/lararkarriar.se\/grundskola\/wp-content\/uploads\/sites\/12\/2019\/02\/upplandsbro-magnus-persson-bsl1502-1.jpg","keywords":["Grundskola","L\u00e4rare","Pedagog","Pedagogik","Upplands-Bro"],"articleSection":["Presentation"],"inLanguage":"sv-SE"},{"@type":"WebPage","@id":"https:\/\/lararkarriar.se\/grundskola\/2019\/02\/13\/spannande-utmaningar-i-snabbvaxande-kommun\/","url":"https:\/\/lararkarriar.se\/grundskola\/2019\/02\/13\/spannande-utmaningar-i-snabbvaxande-kommun\/","name":"Sp\u00e4nnande utmaningar i snabbv\u00e4xande kommun - Framtidens Karri\u00e4r \u2013 Grundskolel\u00e4rare","isPartOf":{"@id":"https:\/\/lararkarriar.se\/grundskola\/#website"},"primaryImageOfPage":{"@id":"https:\/\/lararkarriar.se\/grundskola\/2019\/02\/13\/spannande-utmaningar-i-snabbvaxande-kommun\/#primaryimage"},"image":{"@id":"https:\/\/lararkarriar.se\/grundskola\/2019\/02\/13\/spannande-utmaningar-i-snabbvaxande-kommun\/#primaryimage"},"thumbnailUrl":"https:\/\/lararkarriar.se\/grundskola\/wp-content\/uploads\/sites\/12\/2019\/02\/upplandsbro-magnus-persson-bsl1502-1.jpg","datePublished":"2019-02-13T12:23:37+00:00","author":{"@id":"https:\/\/lararkarriar.se\/grundskola\/#\/schema\/person\/2a13a849ec7646386c2211f59afe3083"},"breadcrumb":{"@id":"https:\/\/lararkarriar.se\/grundskola\/2019\/02\/13\/spannande-utmaningar-i-snabbvaxande-kommun\/#breadcrumb"},"inLanguage":"sv-SE","potentialAction":[{"@type":"ReadAction","target":["https:\/\/lararkarriar.se\/grundskola\/2019\/02\/13\/spannande-utmaningar-i-snabbvaxande-kommun\/"]}]},{"@type":"ImageObject","inLanguage":"sv-SE","@id":"https:\/\/lararkarriar.se\/grundskola\/2019\/02\/13\/spannande-utmaningar-i-snabbvaxande-kommun\/#primaryimage","url":"https:\/\/lararkarriar.se\/grundskola\/wp-content\/uploads\/sites\/12\/2019\/02\/upplandsbro-magnus-persson-bsl1502-1.jpg","contentUrl":"https:\/\/lararkarriar.se\/grundskola\/wp-content\/uploads\/sites\/12\/2019\/02\/upplandsbro-magnus-persson-bsl1502-1.jpg","width":1000,"height":711,"caption":"Magnus Persson, verksamhetschef skola i Upplands-Bro kommun. Foto: Staffan Larsson"},{"@type":"BreadcrumbList","@id":"https:\/\/lararkarriar.se\/grundskola\/2019\/02\/13\/spannande-utmaningar-i-snabbvaxande-kommun\/#breadcrumb","itemListElement":[{"@type":"ListItem","position":1,"name":"Home","item":"https:\/\/lararkarriar.se\/grundskola\/"},{"@type":"ListItem","position":2,"name":"Sp\u00e4nnande utmaningar i snabbv\u00e4xande kommun"}]},{"@type":"WebSite","@id":"https:\/\/lararkarriar.se\/grundskola\/#website","url":"https:\/\/lararkarriar.se\/grundskola\/","name":"Framtidens Karri\u00e4r \u2013 Grundskolel\u00e4rare","description":"Just another NMDashboard.se Sites site","potentialAction":[{"@type":"SearchAction","target":{"@type":"EntryPoint","urlTemplate":"https:\/\/lararkarriar.se\/grundskola\/?s={search_term_string}"},"query-input":{"@type":"PropertyValueSpecification","valueRequired":true,"valueName":"search_term_string"}}],"inLanguage":"sv-SE"},{"@type":"Person","@id":"https:\/\/lararkarriar.se\/grundskola\/#\/schema\/person\/2a13a849ec7646386c2211f59afe3083","name":"viktorwallen","image":{"@type":"ImageObject","inLanguage":"sv-SE","@id":"https:\/\/secure.gravatar.com\/avatar\/701701bd36169636031933997c8c6b954f2f635bbb7cd4802e4a007f9c9f4e59?s=96&d=mm&r=g","url":"https:\/\/secure.gravatar.com\/avatar\/701701bd36169636031933997c8c6b954f2f635bbb7cd4802e4a007f9c9f4e59?s=96&d=mm&r=g","contentUrl":"https:\/\/secure.gravatar.com\/avatar\/701701bd36169636031933997c8c6b954f2f635bbb7cd4802e4a007f9c9f4e59?s=96&d=mm&r=g","caption":"viktorwallen"},"url":"https:\/\/lararkarriar.se\/grundskola\/author\/viktorwallen\/"}]}},"_links":{"self":[{"href":"https:\/\/lararkarriar.se\/grundskola\/wp-json\/wp\/v2\/posts\/6480","targetHints":{"allow":["GET"]}}],"collection":[{"href":"https:\/\/lararkarriar.se\/grundskola\/wp-json\/wp\/v2\/posts"}],"about":[{"href":"https:\/\/lararkarriar.se\/grundskola\/wp-json\/wp\/v2\/types\/post"}],"author":[{"embeddable":true,"href":"https:\/\/lararkarriar.se\/grundskola\/wp-json\/wp\/v2\/users\/2"}],"replies":[{"embeddable":true,"href":"https:\/\/lararkarriar.se\/grundskola\/wp-json\/wp\/v2\/comments?post=6480"}],"version-history":[{"count":0,"href":"https:\/\/lararkarriar.se\/grundskola\/wp-json\/wp\/v2\/posts\/6480\/revisions"}],"wp:featuredmedia":[{"embeddable":true,"href":"https:\/\/lararkarriar.se\/grundskola\/wp-json\/wp\/v2\/media\/6481"}],"wp:attachment":[{"href":"https:\/\/lararkarriar.se\/grundskola\/wp-json\/wp\/v2\/media?parent=6480"}],"wp:term":[{"taxonomy":"category","embeddable":true,"href":"https:\/\/lararkarriar.se\/grundskola\/wp-json\/wp\/v2\/categories?post=6480"},{"taxonomy":"post_tag","embeddable":true,"href":"https:\/\/lararkarriar.se\/grundskola\/wp-json\/wp\/v2\/tags?post=6480"}],"curies":[{"name":"wp","href":"https:\/\/api.w.org\/{rel}","templated":true}]}}