{"id":6514,"date":"2019-02-13T11:27:17","date_gmt":"2019-02-13T09:27:17","guid":{"rendered":"http:\/\/lararkarriar.se\/grundskola\/?p=6514"},"modified":"2019-02-13T11:27:17","modified_gmt":"2019-02-13T09:27:17","slug":"yrkeskunnande-bor-fa-storre-utrymme-i-betygssattningen","status":"publish","type":"post","link":"https:\/\/lararkarriar.se\/grundskola\/2019\/02\/13\/yrkeskunnande-bor-fa-storre-utrymme-i-betygssattningen\/","title":{"rendered":"Yrkeskunnande b\u00f6r f\u00e5 st\u00f6rre utrymme i betygss\u00e4ttningen"},"content":{"rendered":"<p><figure id=\"attachment_6515\" aria-describedby=\"caption-attachment-6515\" style=\"width: 150px\" class=\"wp-caption alignright\"><img loading=\"lazy\" decoding=\"async\" src=\"http:\/\/lararkarriar.se\/grundskola\/wp-content\/uploads\/2019\/02\/betyg_4j0a2262-hannes_theander_sv-250x313.jpg\" alt=\"Hannes Theander, undervisningsr\u00e5d p\u00e5 Skolverket.\" width=\"150\" height=\"188\" class=\"size-medium wp-image-6515\" \/><figcaption id=\"caption-attachment-6515\" class=\"wp-caption-text\">Hannes Theander, undervisningsr\u00e5d p\u00e5 Skolverket.<\/figcaption><\/figure><strong>I november kom Skolverkets nya allm\u00e4nna r\u00e5d om betyg, som tar upp riktlinjer och r\u00e5d kring betygss\u00e4ttning. Enligt de allm\u00e4nna r\u00e5den riskerar betygss\u00e4ttning som bygger p\u00e5 automatiserade system att ge betyg som inte \u00e5terspeglar elevernas kunskaper. R\u00e5den tar ocks\u00e5 upp att l\u00e4rares professionella yrkeskunnande b\u00f6r f\u00e5 mer utrymme i betygss\u00e4ttningen. <\/strong><\/p>\n<p>\u2013 De tidigare allm\u00e4nna r\u00e5den om betyg gavs ut 2011. Sedan dess har det tillkommit ny lagstiftning. Vi har \u00e4ven gjort utv\u00e4rderingar och haft en l\u00f6pande dialog med rektorer, huvudm\u00e4n och l\u00e4rare som efterfr\u00e5gar mer st\u00f6d p\u00e5 det regeltunga omr\u00e5det betyg och betygss\u00e4ttning, s\u00e4ger Hannes Theander, undervisningsr\u00e5d p\u00e5 Skolverket och en av dem som arbetat med de nya allm\u00e4nna betygsr\u00e5den.<br \/>\nHans f\u00f6rhoppning \u00e4r att de konkreta r\u00e5den om betygss\u00e4ttning, som v\u00e4nder sig till alla betygss\u00e4ttande skolformer, ska fungera som ett konkret verktyg och vara ett underlag f\u00f6r diskussion kring betygss\u00e4ttning bland l\u00e4rare och rektorer runtom i landet. <\/p>\n<p><strong>R\u00e5d kring allsidig bed\u00f6mning<\/strong><br \/>\n\u2013 Det \u00e4r viktigt att l\u00e4rares professionella yrkeskunnande f\u00e5r mer utrymme i betygss\u00e4ttningen. F\u00f6r att betygen ska bli s\u00e5 r\u00e4ttvisande som m\u00f6jligt kr\u00e4vs en allsidig utv\u00e4rdering av all tillg\u00e4nglig information om elevens kunskaper. Det kr\u00e4ver en professionell l\u00e4rarbed\u00f6mning. I betygsr\u00e5den ges r\u00e5d kring hur l\u00e4rare kan g\u00f6ra f\u00f6r att, med st\u00f6d av den g\u00e4llande lagstiftningen, g\u00f6ra en s\u00e5 allsidig bed\u00f6mning som m\u00f6jligt, s\u00e4ger Hannes Theander.<br \/>\nI \u00e5r inf\u00f6rdes en regel i skollagen som s\u00e4ger att resultat p\u00e5 nationella prov s\u00e4rskilt ska beaktas vid betygss\u00e4ttningen. Lagen s\u00e4ger inte exakt vad det inneb\u00e4r, men i de nya allm\u00e4nna r\u00e5den ges v\u00e4gledning om hur man kan anv\u00e4nda provresultatet som ett st\u00f6d vid betygss\u00e4ttningen. <\/p>\n<p><strong>Underl\u00e4ttar inte<\/strong><br \/>\nDigitala dokumentationssystem har p\u00e5 senare tid blivit vanligare i skolans v\u00e4rld. I r\u00e5den betonas \u00e4ven vikten av att betygsdokumentation ska underl\u00e4tta l\u00e4rares betygss\u00e4ttning. H\u00e4r understryks betydelsen av \u00e4ndam\u00e5lsenlig dokumentation som l\u00e4rarna enligt sin professionella bed\u00f6mning anser att de beh\u00f6ver. Det \u00e4r till exempel inte \u00e4ndam\u00e5lsenligt att beh\u00f6va dokumentera samma uppgifter flera g\u00e5nger i olika dokumentationssystem.<br \/>\n\u2013 Jag rekommenderar l\u00e4rare att ta del av v\u00e5ra allm\u00e4nna r\u00e5d och diskutera dem med sina kollegor. Betygss\u00e4ttning \u00e4r ett komplext omr\u00e5de och det \u00e4r viktigt att varje l\u00e4rare f\u00e5r tillr\u00e4ckligt med tid och utrymme f\u00f6r att g\u00f6ra en samlad bed\u00f6mning av varje elevs kunskapsniv\u00e5. I r\u00e5den finns \u00e4ven ett avsnitt som handlar om hur man som l\u00e4rare kan informera elever och v\u00e5rdnadshavare om betygss\u00e4ttning, s\u00e4ger Hannes Theander.<\/p>\n","protected":false},"excerpt":{"rendered":"<p>I november kom Skolverkets nya allm\u00e4nna r\u00e5d om betyg, som tar upp riktlinjer och r\u00e5d&#8230;<\/p>\n","protected":false},"author":3,"featured_media":6515,"comment_status":"closed","ping_status":"open","sticky":false,"template":"","format":"standard","meta":{"_acf_changed":false,"_monsterinsights_skip_tracking":false,"_monsterinsights_sitenote_active":false,"_monsterinsights_sitenote_note":"","_monsterinsights_sitenote_category":0,"footnotes":""},"categories":[1],"tags":[47,48,68,260,298,339,343,426,443],"class_list":["post-6514","post","type-post","status-publish","format-standard","has-post-thumbnail","hentry","category-artikel","tag-betyg","tag-betygssattning","tag-digitalisering","tag-nationella-prov","tag-rad","tag-skollagen","tag-skolverket","tag-utvardering","tag-yrkeskunnande"],"acf":[],"yoast_head":"<!-- This site is optimized with the Yoast SEO plugin v27.3 - https:\/\/yoast.com\/product\/yoast-seo-wordpress\/ -->\n<title>Yrkeskunnande b\u00f6r f\u00e5 st\u00f6rre utrymme i betygss\u00e4ttningen - Framtidens Karri\u00e4r \u2013 Grundskolel\u00e4rare<\/title>\n<meta name=\"robots\" content=\"index, follow, max-snippet:-1, max-image-preview:large, max-video-preview:-1\" \/>\n<link rel=\"canonical\" href=\"https:\/\/lararkarriar.se\/grundskola\/2019\/02\/13\/yrkeskunnande-bor-fa-storre-utrymme-i-betygssattningen\/\" \/>\n<meta property=\"og:locale\" content=\"sv_SE\" \/>\n<meta property=\"og:type\" content=\"article\" \/>\n<meta property=\"og:title\" content=\"Yrkeskunnande b\u00f6r f\u00e5 st\u00f6rre utrymme i betygss\u00e4ttningen - Framtidens Karri\u00e4r \u2013 Grundskolel\u00e4rare\" \/>\n<meta property=\"og:description\" content=\"I november kom Skolverkets nya allm\u00e4nna r\u00e5d om betyg, som tar upp riktlinjer och r\u00e5d...\" \/>\n<meta property=\"og:url\" content=\"https:\/\/lararkarriar.se\/grundskola\/2019\/02\/13\/yrkeskunnande-bor-fa-storre-utrymme-i-betygssattningen\/\" \/>\n<meta property=\"og:site_name\" content=\"Framtidens Karri\u00e4r \u2013 Grundskolel\u00e4rare\" \/>\n<meta property=\"article:published_time\" content=\"2019-02-13T09:27:17+00:00\" \/>\n<meta property=\"og:image\" content=\"https:\/\/lararkarriar.se\/grundskola\/wp-content\/uploads\/sites\/12\/2019\/02\/betyg-4j0a2262-hannes-theander-sv.jpg\" \/>\n\t<meta property=\"og:image:width\" content=\"500\" \/>\n\t<meta property=\"og:image:height\" content=\"625\" \/>\n\t<meta property=\"og:image:type\" content=\"image\/jpeg\" \/>\n<meta name=\"author\" content=\"stellanstal\" \/>\n<meta name=\"twitter:card\" content=\"summary_large_image\" \/>\n<meta name=\"twitter:label1\" content=\"Skriven av\" \/>\n\t<meta name=\"twitter:data1\" content=\"stellanstal\" \/>\n\t<meta name=\"twitter:label2\" content=\"Ber\u00e4knad l\u00e4stid\" \/>\n\t<meta name=\"twitter:data2\" content=\"2 minuter\" \/>\n<script type=\"application\/ld+json\" class=\"yoast-schema-graph\">{\"@context\":\"https:\\\/\\\/schema.org\",\"@graph\":[{\"@type\":\"Article\",\"@id\":\"https:\\\/\\\/lararkarriar.se\\\/grundskola\\\/2019\\\/02\\\/13\\\/yrkeskunnande-bor-fa-storre-utrymme-i-betygssattningen\\\/#article\",\"isPartOf\":{\"@id\":\"https:\\\/\\\/lararkarriar.se\\\/grundskola\\\/2019\\\/02\\\/13\\\/yrkeskunnande-bor-fa-storre-utrymme-i-betygssattningen\\\/\"},\"author\":{\"name\":\"stellanstal\",\"@id\":\"https:\\\/\\\/lararkarriar.se\\\/grundskola\\\/#\\\/schema\\\/person\\\/c8a43eb855191e573b73ecf8987a3b99\"},\"headline\":\"Yrkeskunnande b\u00f6r f\u00e5 st\u00f6rre utrymme i betygss\u00e4ttningen\",\"datePublished\":\"2019-02-13T09:27:17+00:00\",\"mainEntityOfPage\":{\"@id\":\"https:\\\/\\\/lararkarriar.se\\\/grundskola\\\/2019\\\/02\\\/13\\\/yrkeskunnande-bor-fa-storre-utrymme-i-betygssattningen\\\/\"},\"wordCount\":506,\"image\":{\"@id\":\"https:\\\/\\\/lararkarriar.se\\\/grundskola\\\/2019\\\/02\\\/13\\\/yrkeskunnande-bor-fa-storre-utrymme-i-betygssattningen\\\/#primaryimage\"},\"thumbnailUrl\":\"https:\\\/\\\/lararkarriar.se\\\/grundskola\\\/wp-content\\\/uploads\\\/sites\\\/12\\\/2019\\\/02\\\/betyg-4j0a2262-hannes-theander-sv.jpg\",\"keywords\":[\"Betyg\",\"Betygss\u00e4ttning\",\"Digitalisering\",\"Nationella prov\",\"R\u00e5d\",\"Skollagen\",\"Skolverket\",\"Utv\u00e4rdering\",\"Yrkeskunnande\"],\"articleSection\":[\"Artikel\"],\"inLanguage\":\"sv-SE\"},{\"@type\":\"WebPage\",\"@id\":\"https:\\\/\\\/lararkarriar.se\\\/grundskola\\\/2019\\\/02\\\/13\\\/yrkeskunnande-bor-fa-storre-utrymme-i-betygssattningen\\\/\",\"url\":\"https:\\\/\\\/lararkarriar.se\\\/grundskola\\\/2019\\\/02\\\/13\\\/yrkeskunnande-bor-fa-storre-utrymme-i-betygssattningen\\\/\",\"name\":\"Yrkeskunnande b\u00f6r f\u00e5 st\u00f6rre utrymme i betygss\u00e4ttningen - Framtidens Karri\u00e4r \u2013 Grundskolel\u00e4rare\",\"isPartOf\":{\"@id\":\"https:\\\/\\\/lararkarriar.se\\\/grundskola\\\/#website\"},\"primaryImageOfPage\":{\"@id\":\"https:\\\/\\\/lararkarriar.se\\\/grundskola\\\/2019\\\/02\\\/13\\\/yrkeskunnande-bor-fa-storre-utrymme-i-betygssattningen\\\/#primaryimage\"},\"image\":{\"@id\":\"https:\\\/\\\/lararkarriar.se\\\/grundskola\\\/2019\\\/02\\\/13\\\/yrkeskunnande-bor-fa-storre-utrymme-i-betygssattningen\\\/#primaryimage\"},\"thumbnailUrl\":\"https:\\\/\\\/lararkarriar.se\\\/grundskola\\\/wp-content\\\/uploads\\\/sites\\\/12\\\/2019\\\/02\\\/betyg-4j0a2262-hannes-theander-sv.jpg\",\"datePublished\":\"2019-02-13T09:27:17+00:00\",\"author\":{\"@id\":\"https:\\\/\\\/lararkarriar.se\\\/grundskola\\\/#\\\/schema\\\/person\\\/c8a43eb855191e573b73ecf8987a3b99\"},\"breadcrumb\":{\"@id\":\"https:\\\/\\\/lararkarriar.se\\\/grundskola\\\/2019\\\/02\\\/13\\\/yrkeskunnande-bor-fa-storre-utrymme-i-betygssattningen\\\/#breadcrumb\"},\"inLanguage\":\"sv-SE\",\"potentialAction\":[{\"@type\":\"ReadAction\",\"target\":[\"https:\\\/\\\/lararkarriar.se\\\/grundskola\\\/2019\\\/02\\\/13\\\/yrkeskunnande-bor-fa-storre-utrymme-i-betygssattningen\\\/\"]}]},{\"@type\":\"ImageObject\",\"inLanguage\":\"sv-SE\",\"@id\":\"https:\\\/\\\/lararkarriar.se\\\/grundskola\\\/2019\\\/02\\\/13\\\/yrkeskunnande-bor-fa-storre-utrymme-i-betygssattningen\\\/#primaryimage\",\"url\":\"https:\\\/\\\/lararkarriar.se\\\/grundskola\\\/wp-content\\\/uploads\\\/sites\\\/12\\\/2019\\\/02\\\/betyg-4j0a2262-hannes-theander-sv.jpg\",\"contentUrl\":\"https:\\\/\\\/lararkarriar.se\\\/grundskola\\\/wp-content\\\/uploads\\\/sites\\\/12\\\/2019\\\/02\\\/betyg-4j0a2262-hannes-theander-sv.jpg\",\"width\":500,\"height\":625,\"caption\":\"Hannes Theander, undervisningsr\u00e5d p\u00e5 Skolverket.\"},{\"@type\":\"BreadcrumbList\",\"@id\":\"https:\\\/\\\/lararkarriar.se\\\/grundskola\\\/2019\\\/02\\\/13\\\/yrkeskunnande-bor-fa-storre-utrymme-i-betygssattningen\\\/#breadcrumb\",\"itemListElement\":[{\"@type\":\"ListItem\",\"position\":1,\"name\":\"Home\",\"item\":\"https:\\\/\\\/lararkarriar.se\\\/grundskola\\\/\"},{\"@type\":\"ListItem\",\"position\":2,\"name\":\"Yrkeskunnande b\u00f6r f\u00e5 st\u00f6rre utrymme i betygss\u00e4ttningen\"}]},{\"@type\":\"WebSite\",\"@id\":\"https:\\\/\\\/lararkarriar.se\\\/grundskola\\\/#website\",\"url\":\"https:\\\/\\\/lararkarriar.se\\\/grundskola\\\/\",\"name\":\"Framtidens Karri\u00e4r \u2013 Grundskolel\u00e4rare\",\"description\":\"Just another NMDashboard.se Sites site\",\"potentialAction\":[{\"@type\":\"SearchAction\",\"target\":{\"@type\":\"EntryPoint\",\"urlTemplate\":\"https:\\\/\\\/lararkarriar.se\\\/grundskola\\\/?s={search_term_string}\"},\"query-input\":{\"@type\":\"PropertyValueSpecification\",\"valueRequired\":true,\"valueName\":\"search_term_string\"}}],\"inLanguage\":\"sv-SE\"},{\"@type\":\"Person\",\"@id\":\"https:\\\/\\\/lararkarriar.se\\\/grundskola\\\/#\\\/schema\\\/person\\\/c8a43eb855191e573b73ecf8987a3b99\",\"name\":\"stellanstal\",\"image\":{\"@type\":\"ImageObject\",\"inLanguage\":\"sv-SE\",\"@id\":\"https:\\\/\\\/secure.gravatar.com\\\/avatar\\\/cd330fa6bb17f598124b2068ee0b189e4fe0987a50af9d53b78410836060d0c9?s=96&d=mm&r=g\",\"url\":\"https:\\\/\\\/secure.gravatar.com\\\/avatar\\\/cd330fa6bb17f598124b2068ee0b189e4fe0987a50af9d53b78410836060d0c9?s=96&d=mm&r=g\",\"contentUrl\":\"https:\\\/\\\/secure.gravatar.com\\\/avatar\\\/cd330fa6bb17f598124b2068ee0b189e4fe0987a50af9d53b78410836060d0c9?s=96&d=mm&r=g\",\"caption\":\"stellanstal\"},\"url\":\"https:\\\/\\\/lararkarriar.se\\\/grundskola\\\/author\\\/stellanstal\\\/\"}]}<\/script>\n<!-- \/ Yoast SEO plugin. -->","yoast_head_json":{"title":"Yrkeskunnande b\u00f6r f\u00e5 st\u00f6rre utrymme i betygss\u00e4ttningen - Framtidens Karri\u00e4r \u2013 Grundskolel\u00e4rare","robots":{"index":"index","follow":"follow","max-snippet":"max-snippet:-1","max-image-preview":"max-image-preview:large","max-video-preview":"max-video-preview:-1"},"canonical":"https:\/\/lararkarriar.se\/grundskola\/2019\/02\/13\/yrkeskunnande-bor-fa-storre-utrymme-i-betygssattningen\/","og_locale":"sv_SE","og_type":"article","og_title":"Yrkeskunnande b\u00f6r f\u00e5 st\u00f6rre utrymme i betygss\u00e4ttningen - Framtidens Karri\u00e4r \u2013 Grundskolel\u00e4rare","og_description":"I november kom Skolverkets nya allm\u00e4nna r\u00e5d om betyg, som tar upp riktlinjer och r\u00e5d...","og_url":"https:\/\/lararkarriar.se\/grundskola\/2019\/02\/13\/yrkeskunnande-bor-fa-storre-utrymme-i-betygssattningen\/","og_site_name":"Framtidens Karri\u00e4r \u2013 Grundskolel\u00e4rare","article_published_time":"2019-02-13T09:27:17+00:00","og_image":[{"width":500,"height":625,"url":"https:\/\/lararkarriar.se\/grundskola\/wp-content\/uploads\/sites\/12\/2019\/02\/betyg-4j0a2262-hannes-theander-sv.jpg","type":"image\/jpeg"}],"author":"stellanstal","twitter_card":"summary_large_image","twitter_misc":{"Skriven av":"stellanstal","Ber\u00e4knad l\u00e4stid":"2 minuter"},"schema":{"@context":"https:\/\/schema.org","@graph":[{"@type":"Article","@id":"https:\/\/lararkarriar.se\/grundskola\/2019\/02\/13\/yrkeskunnande-bor-fa-storre-utrymme-i-betygssattningen\/#article","isPartOf":{"@id":"https:\/\/lararkarriar.se\/grundskola\/2019\/02\/13\/yrkeskunnande-bor-fa-storre-utrymme-i-betygssattningen\/"},"author":{"name":"stellanstal","@id":"https:\/\/lararkarriar.se\/grundskola\/#\/schema\/person\/c8a43eb855191e573b73ecf8987a3b99"},"headline":"Yrkeskunnande b\u00f6r f\u00e5 st\u00f6rre utrymme i betygss\u00e4ttningen","datePublished":"2019-02-13T09:27:17+00:00","mainEntityOfPage":{"@id":"https:\/\/lararkarriar.se\/grundskola\/2019\/02\/13\/yrkeskunnande-bor-fa-storre-utrymme-i-betygssattningen\/"},"wordCount":506,"image":{"@id":"https:\/\/lararkarriar.se\/grundskola\/2019\/02\/13\/yrkeskunnande-bor-fa-storre-utrymme-i-betygssattningen\/#primaryimage"},"thumbnailUrl":"https:\/\/lararkarriar.se\/grundskola\/wp-content\/uploads\/sites\/12\/2019\/02\/betyg-4j0a2262-hannes-theander-sv.jpg","keywords":["Betyg","Betygss\u00e4ttning","Digitalisering","Nationella prov","R\u00e5d","Skollagen","Skolverket","Utv\u00e4rdering","Yrkeskunnande"],"articleSection":["Artikel"],"inLanguage":"sv-SE"},{"@type":"WebPage","@id":"https:\/\/lararkarriar.se\/grundskola\/2019\/02\/13\/yrkeskunnande-bor-fa-storre-utrymme-i-betygssattningen\/","url":"https:\/\/lararkarriar.se\/grundskola\/2019\/02\/13\/yrkeskunnande-bor-fa-storre-utrymme-i-betygssattningen\/","name":"Yrkeskunnande b\u00f6r f\u00e5 st\u00f6rre utrymme i betygss\u00e4ttningen - Framtidens Karri\u00e4r \u2013 Grundskolel\u00e4rare","isPartOf":{"@id":"https:\/\/lararkarriar.se\/grundskola\/#website"},"primaryImageOfPage":{"@id":"https:\/\/lararkarriar.se\/grundskola\/2019\/02\/13\/yrkeskunnande-bor-fa-storre-utrymme-i-betygssattningen\/#primaryimage"},"image":{"@id":"https:\/\/lararkarriar.se\/grundskola\/2019\/02\/13\/yrkeskunnande-bor-fa-storre-utrymme-i-betygssattningen\/#primaryimage"},"thumbnailUrl":"https:\/\/lararkarriar.se\/grundskola\/wp-content\/uploads\/sites\/12\/2019\/02\/betyg-4j0a2262-hannes-theander-sv.jpg","datePublished":"2019-02-13T09:27:17+00:00","author":{"@id":"https:\/\/lararkarriar.se\/grundskola\/#\/schema\/person\/c8a43eb855191e573b73ecf8987a3b99"},"breadcrumb":{"@id":"https:\/\/lararkarriar.se\/grundskola\/2019\/02\/13\/yrkeskunnande-bor-fa-storre-utrymme-i-betygssattningen\/#breadcrumb"},"inLanguage":"sv-SE","potentialAction":[{"@type":"ReadAction","target":["https:\/\/lararkarriar.se\/grundskola\/2019\/02\/13\/yrkeskunnande-bor-fa-storre-utrymme-i-betygssattningen\/"]}]},{"@type":"ImageObject","inLanguage":"sv-SE","@id":"https:\/\/lararkarriar.se\/grundskola\/2019\/02\/13\/yrkeskunnande-bor-fa-storre-utrymme-i-betygssattningen\/#primaryimage","url":"https:\/\/lararkarriar.se\/grundskola\/wp-content\/uploads\/sites\/12\/2019\/02\/betyg-4j0a2262-hannes-theander-sv.jpg","contentUrl":"https:\/\/lararkarriar.se\/grundskola\/wp-content\/uploads\/sites\/12\/2019\/02\/betyg-4j0a2262-hannes-theander-sv.jpg","width":500,"height":625,"caption":"Hannes Theander, undervisningsr\u00e5d p\u00e5 Skolverket."},{"@type":"BreadcrumbList","@id":"https:\/\/lararkarriar.se\/grundskola\/2019\/02\/13\/yrkeskunnande-bor-fa-storre-utrymme-i-betygssattningen\/#breadcrumb","itemListElement":[{"@type":"ListItem","position":1,"name":"Home","item":"https:\/\/lararkarriar.se\/grundskola\/"},{"@type":"ListItem","position":2,"name":"Yrkeskunnande b\u00f6r f\u00e5 st\u00f6rre utrymme i betygss\u00e4ttningen"}]},{"@type":"WebSite","@id":"https:\/\/lararkarriar.se\/grundskola\/#website","url":"https:\/\/lararkarriar.se\/grundskola\/","name":"Framtidens Karri\u00e4r \u2013 Grundskolel\u00e4rare","description":"Just another NMDashboard.se Sites site","potentialAction":[{"@type":"SearchAction","target":{"@type":"EntryPoint","urlTemplate":"https:\/\/lararkarriar.se\/grundskola\/?s={search_term_string}"},"query-input":{"@type":"PropertyValueSpecification","valueRequired":true,"valueName":"search_term_string"}}],"inLanguage":"sv-SE"},{"@type":"Person","@id":"https:\/\/lararkarriar.se\/grundskola\/#\/schema\/person\/c8a43eb855191e573b73ecf8987a3b99","name":"stellanstal","image":{"@type":"ImageObject","inLanguage":"sv-SE","@id":"https:\/\/secure.gravatar.com\/avatar\/cd330fa6bb17f598124b2068ee0b189e4fe0987a50af9d53b78410836060d0c9?s=96&d=mm&r=g","url":"https:\/\/secure.gravatar.com\/avatar\/cd330fa6bb17f598124b2068ee0b189e4fe0987a50af9d53b78410836060d0c9?s=96&d=mm&r=g","contentUrl":"https:\/\/secure.gravatar.com\/avatar\/cd330fa6bb17f598124b2068ee0b189e4fe0987a50af9d53b78410836060d0c9?s=96&d=mm&r=g","caption":"stellanstal"},"url":"https:\/\/lararkarriar.se\/grundskola\/author\/stellanstal\/"}]}},"_links":{"self":[{"href":"https:\/\/lararkarriar.se\/grundskola\/wp-json\/wp\/v2\/posts\/6514","targetHints":{"allow":["GET"]}}],"collection":[{"href":"https:\/\/lararkarriar.se\/grundskola\/wp-json\/wp\/v2\/posts"}],"about":[{"href":"https:\/\/lararkarriar.se\/grundskola\/wp-json\/wp\/v2\/types\/post"}],"author":[{"embeddable":true,"href":"https:\/\/lararkarriar.se\/grundskola\/wp-json\/wp\/v2\/users\/3"}],"replies":[{"embeddable":true,"href":"https:\/\/lararkarriar.se\/grundskola\/wp-json\/wp\/v2\/comments?post=6514"}],"version-history":[{"count":0,"href":"https:\/\/lararkarriar.se\/grundskola\/wp-json\/wp\/v2\/posts\/6514\/revisions"}],"wp:featuredmedia":[{"embeddable":true,"href":"https:\/\/lararkarriar.se\/grundskola\/wp-json\/wp\/v2\/media\/6515"}],"wp:attachment":[{"href":"https:\/\/lararkarriar.se\/grundskola\/wp-json\/wp\/v2\/media?parent=6514"}],"wp:term":[{"taxonomy":"category","embeddable":true,"href":"https:\/\/lararkarriar.se\/grundskola\/wp-json\/wp\/v2\/categories?post=6514"},{"taxonomy":"post_tag","embeddable":true,"href":"https:\/\/lararkarriar.se\/grundskola\/wp-json\/wp\/v2\/tags?post=6514"}],"curies":[{"name":"wp","href":"https:\/\/api.w.org\/{rel}","templated":true}]}}