{"id":6518,"date":"2019-02-13T11:33:21","date_gmt":"2019-02-13T09:33:21","guid":{"rendered":"http:\/\/lararkarriar.se\/grundskola\/?p=6518"},"modified":"2019-02-13T11:33:21","modified_gmt":"2019-02-13T09:33:21","slug":"tva-av-arets-larare-delar-med-sig-av-sina-rad","status":"publish","type":"post","link":"https:\/\/lararkarriar.se\/grundskola\/2019\/02\/13\/tva-av-arets-larare-delar-med-sig-av-sina-rad\/","title":{"rendered":"Tv\u00e5 av \u00e5rets l\u00e4rare delar med sig av sina r\u00e5d"},"content":{"rendered":"<p><figure id=\"attachment_6519\" aria-describedby=\"caption-attachment-6519\" style=\"width: 1000px\" class=\"wp-caption alignnone\"><img loading=\"lazy\" decoding=\"async\" src=\"https:\/\/lararkarriar.se\/grundskola\/wp-content\/uploads\/sites\/12\/2019\/02\/aretslarare.jpg\" alt=\"Albulena Mustafa, Kunskapsskolan i Tumba, uts\u00e5gs till \u00c5rets Eldsj\u00e4l och Esfir L\u00f6fman, Uppsala Musikklasser i Uppsala, uts\u00e5gs till \u00e5rets h\u00f6gstadiel\u00e4rare.\" width=\"1000\" height=\"669\" class=\"size-full wp-image-6519\" srcset=\"https:\/\/lararkarriar.se\/grundskola\/wp-content\/uploads\/sites\/12\/2019\/02\/aretslarare.jpg 1000w, https:\/\/lararkarriar.se\/grundskola\/wp-content\/uploads\/sites\/12\/2019\/02\/aretslarare-300x201.jpg 300w, https:\/\/lararkarriar.se\/grundskola\/wp-content\/uploads\/sites\/12\/2019\/02\/aretslarare-768x514.jpg 768w, https:\/\/lararkarriar.se\/grundskola\/wp-content\/uploads\/sites\/12\/2019\/02\/aretslarare-239x160.jpg 239w, https:\/\/lararkarriar.se\/grundskola\/wp-content\/uploads\/sites\/12\/2019\/02\/aretslarare-526x352.jpg 526w, https:\/\/lararkarriar.se\/grundskola\/wp-content\/uploads\/sites\/12\/2019\/02\/aretslarare-720x482.jpg 720w, https:\/\/lararkarriar.se\/grundskola\/wp-content\/uploads\/sites\/12\/2019\/02\/aretslarare-960x642.jpg 960w\" sizes=\"auto, (max-width: 1000px) 100vw, 1000px\" \/><figcaption id=\"caption-attachment-6519\" class=\"wp-caption-text\">Albulena Mustafa, Kunskapsskolan i Tumba, uts\u00e5gs till \u00c5rets Eldsj\u00e4l och Esfir L\u00f6fman, Uppsala Musikklasser i Uppsala, uts\u00e5gs till \u00e5rets h\u00f6gstadiel\u00e4rare.<\/figcaption><\/figure><strong>P\u00e5 \u00e5rets L\u00e4rargala hyllades m\u00e5nga olika l\u00e4rare och deras insatser i yrket. H\u00e4r uts\u00e5gs bland annat \u00e5rets h\u00f6gstadiel\u00e4rare, \u00e5rets eldsj\u00e4l, \u00e5rets mellanstadiel\u00e4rare och \u00e5rets spr\u00e5kutvecklare. Vi har intervjuat tv\u00e5 av pristagarna, som delar med sig av sitt engagemang f\u00f6r l\u00e4rarrollen och sina r\u00e5d till andra l\u00e4rare.<\/strong><\/p>\n<p>Albulena Mustafa, som \u00e4r legitimerad f\u00f6rstel\u00e4rare i matematik och SO och f\u00f6r n\u00e4rvarande undervisar h\u00f6gstadieelever i matematik p\u00e5 Kunskapsskolan i Tumba, uts\u00e5gs till \u00c5rets Eldsj\u00e4l. Hon har varit l\u00e4rare i snart \u00e5tta \u00e5r.<br \/>\n\u2013 Det som g\u00f6r att jag trivs med l\u00e4raryrket \u00e4r m\u00f6jligheten att f\u00e5 vara med och se eleverna utvecklas, men \u00e4ven att kunna p\u00e5verka dem i deras utveckling. Att f\u00e5 dem att l\u00e4ra sig saker och ting och se deras lycka n\u00e4r de f\u00f6rst\u00e5r och l\u00e4r sig nya saker \u00e4r verkligen givande, s\u00e4ger Albulena Mustafa.<\/p>\n<p><strong>Skolklimat som fr\u00e4mjar elevens drivkrafter<\/strong><br \/>\nHon betraktar utm\u00e4rkelsen som en bekr\u00e4ftelse p\u00e5 att det hon g\u00f6r som l\u00e4rare uppskattas och v\u00e4rdes\u00e4tts, att hon verkligen lyckats n\u00e5 fram till sina elever.<br \/>\n\u2013 Jag jobbar mycket p\u00e5 att f\u00e5 eleverna att k\u00e4nna sig trygga och m\u00e5 bra. D\u00e5 blir de mer mottagliga f\u00f6r ny kunskap. Skolan \u00e4r en plats f\u00f6r alla barn, oavsett bakgrund. En viktig drivkraft f\u00f6r mig \u00e4r att g\u00f6ra skolan till en trygg och rolig plats f\u00f6r alla barn, trots att de har olika f\u00f6ruts\u00e4ttningar och behov. Skolan \u00e4r en viktig plats i deras liv och som l\u00e4rare \u00e4r jag en stor del av deras vardag. Att bidra till ett skolklimat som fr\u00e4mjar elevens egna drivkrafter till inl\u00e4rning \u00e4r en faktor som driver mig fram\u00e5t i mitt arbete, s\u00e4ger Albulena Mustafa.<br \/>\nHennes r\u00e5d till andra l\u00e4rare \u00e4r att ha h\u00f6ga f\u00f6rv\u00e4ntningar p\u00e5 sina elever och st\u00e4ndigt stimulera deras tilltro till sin egen f\u00f6rm\u00e5ga.<br \/>\n\u2013 Matematik \u00e4r ett \u00e4mne som m\u00e5nga upplever som tr\u00e5kigt och sv\u00e5rt. D\u00e4rf\u00f6r \u00e4r det s\u00e4rskilt viktigt med ett pedagogiskt f\u00f6rh\u00e5llnings\u00e4tt som g\u00f6r att alla elever k\u00e4nner att de kan lyckas, ett inl\u00e4rningsklimat d\u00e4r eleven v\u00e5gar misslyckas och d\u00e4r deras lust att uppt\u00e4cka saker och ting stimuleras, s\u00e4ger Albulena Mustafa.<\/p>\n<p><strong>Hitta din egen l\u00e4rarstil<\/strong><br \/>\nEsfir L\u00f6fman, som \u00e4r kemil\u00e4rare p\u00e5 Uppsala Musikklasser i Uppsala, uts\u00e5gs p\u00e5 2018 \u00e5rs L\u00e4rargala till \u00e5rets h\u00f6gstadiel\u00e4rare.<br \/>\n\u2013 L\u00e4raryrket \u00e4r f\u00f6r mig ett av de finaste och viktigaste yrken man kan ha. Som l\u00e4rare \u00e4r jag b\u00e5de pedagog, psykolog och forskare. Det \u00e4r viktigt att vara r\u00e4ttvis, lyh\u00f6rd och flexibel, att ha mycket t\u00e5lamod och verkligen brinna f\u00f6r sina \u00e4mnen. Jag tycker att man som l\u00e4rare s\u00e5 ofta som m\u00f6jligt b\u00f6r fr\u00e5ga sig sj\u00e4lv om man kan g\u00f6ra sin undervisning b\u00e4ttre och mer levande, s\u00e5 man verkligen n\u00e5r ut till sina elever, s\u00e4ger Esfir L\u00f6fman.<br \/>\nHon anser att \u00e4ven om det finns m\u00e5nga b\u00f6cker om hur man blir en bra l\u00e4rare s\u00e5 \u00e4r det absolut viktigaste att varje l\u00e4rare hittar en stil som de \u00e4r bekv\u00e4ma med och som k\u00e4nns autentisk f\u00f6r dem.<br \/>\n\u2013 Med grundskoleelever \u00e4r det viktigt att b\u00e5de arbeta f\u00f6r att st\u00e4ndigt st\u00e4rka eleverna kunskapsm\u00e4ssigt och att st\u00e4rka relationen med och f\u00f6rtroendet mellan l\u00e4rare och elev, s\u00e4ger Esfir L\u00f6fman.<br \/>\nHon l\u00e4gger i genomsnitt tre timmar p\u00e5 f\u00f6rberedelser inf\u00f6r varje lektion, d\u00e5 en viktig framg\u00e5ngsfaktor i hennes l\u00e4rarroll just \u00e4r att vara ordentligt f\u00f6rberedd.<br \/>\n\u2013 Det signalerar att jag verkligen respekterar den tid mina elever l\u00e4gger p\u00e5 mina lektioner. Ett r\u00e5d till andra l\u00e4rare \u00e4r att betrakta elevernas fr\u00e5gor som en utvecklingsm\u00f6jlighet f\u00f6r dig sj\u00e4lv. Det kommer alltid att dyka upp fr\u00e5gor som du inte kan besvara direkt. Betrakta det som en sp\u00e4nnande m\u00f6jlighet att ta reda p\u00e5 svaret och d\u00e4rigenom utvecklas f\u00f6r egen del, s\u00e4ger Esfir L\u00f6fman.<\/p>\n","protected":false},"excerpt":{"rendered":"<p>P\u00e5 \u00e5rets L\u00e4rargala hyllades m\u00e5nga olika l\u00e4rare och deras insatser i yrket. H\u00e4r uts\u00e5gs bland&#8230;<\/p>\n","protected":false},"author":3,"featured_media":6519,"comment_status":"closed","ping_status":"open","sticky":false,"template":"","format":"standard","meta":{"_acf_changed":false,"_monsterinsights_skip_tracking":false,"_monsterinsights_sitenote_active":false,"_monsterinsights_sitenote_note":"","_monsterinsights_sitenote_category":0,"footnotes":""},"categories":[1],"tags":[25,26,27,72,102,337,427],"class_list":["post-6518","post","type-post","status-publish","format-standard","has-post-thumbnail","hentry","category-artikel","tag-arets-eldsjal","tag-arets-hogstadielarare","tag-arets-larare","tag-drivkraft","tag-fortroende","tag-skolklimat","tag-utveckling"],"acf":[],"yoast_head":"<!-- This site is optimized with the Yoast SEO plugin v27.3 - https:\/\/yoast.com\/product\/yoast-seo-wordpress\/ -->\n<title>Tv\u00e5 av \u00e5rets l\u00e4rare delar med sig av sina r\u00e5d - Framtidens Karri\u00e4r \u2013 Grundskolel\u00e4rare<\/title>\n<meta name=\"robots\" content=\"index, follow, max-snippet:-1, max-image-preview:large, max-video-preview:-1\" \/>\n<link rel=\"canonical\" href=\"https:\/\/lararkarriar.se\/grundskola\/2019\/02\/13\/tva-av-arets-larare-delar-med-sig-av-sina-rad\/\" \/>\n<meta property=\"og:locale\" content=\"sv_SE\" \/>\n<meta property=\"og:type\" content=\"article\" \/>\n<meta property=\"og:title\" content=\"Tv\u00e5 av \u00e5rets l\u00e4rare delar med sig av sina r\u00e5d - Framtidens Karri\u00e4r \u2013 Grundskolel\u00e4rare\" \/>\n<meta property=\"og:description\" content=\"P\u00e5 \u00e5rets L\u00e4rargala hyllades m\u00e5nga olika l\u00e4rare och deras insatser i yrket. H\u00e4r uts\u00e5gs bland...\" \/>\n<meta property=\"og:url\" content=\"https:\/\/lararkarriar.se\/grundskola\/2019\/02\/13\/tva-av-arets-larare-delar-med-sig-av-sina-rad\/\" \/>\n<meta property=\"og:site_name\" content=\"Framtidens Karri\u00e4r \u2013 Grundskolel\u00e4rare\" \/>\n<meta property=\"article:published_time\" content=\"2019-02-13T09:33:21+00:00\" \/>\n<meta property=\"og:image\" content=\"https:\/\/lararkarriar.se\/grundskola\/wp-content\/uploads\/sites\/12\/2019\/02\/aretslarare.jpg\" \/>\n\t<meta property=\"og:image:width\" content=\"1000\" \/>\n\t<meta property=\"og:image:height\" content=\"669\" \/>\n\t<meta property=\"og:image:type\" content=\"image\/jpeg\" \/>\n<meta name=\"author\" content=\"stellanstal\" \/>\n<meta name=\"twitter:card\" content=\"summary_large_image\" \/>\n<meta name=\"twitter:label1\" content=\"Skriven av\" \/>\n\t<meta name=\"twitter:data1\" content=\"stellanstal\" \/>\n\t<meta name=\"twitter:label2\" content=\"Ber\u00e4knad l\u00e4stid\" \/>\n\t<meta name=\"twitter:data2\" content=\"4 minuter\" \/>\n<script type=\"application\/ld+json\" class=\"yoast-schema-graph\">{\"@context\":\"https:\\\/\\\/schema.org\",\"@graph\":[{\"@type\":\"Article\",\"@id\":\"https:\\\/\\\/lararkarriar.se\\\/grundskola\\\/2019\\\/02\\\/13\\\/tva-av-arets-larare-delar-med-sig-av-sina-rad\\\/#article\",\"isPartOf\":{\"@id\":\"https:\\\/\\\/lararkarriar.se\\\/grundskola\\\/2019\\\/02\\\/13\\\/tva-av-arets-larare-delar-med-sig-av-sina-rad\\\/\"},\"author\":{\"name\":\"stellanstal\",\"@id\":\"https:\\\/\\\/lararkarriar.se\\\/grundskola\\\/#\\\/schema\\\/person\\\/c8a43eb855191e573b73ecf8987a3b99\"},\"headline\":\"Tv\u00e5 av \u00e5rets l\u00e4rare delar med sig av sina r\u00e5d\",\"datePublished\":\"2019-02-13T09:33:21+00:00\",\"mainEntityOfPage\":{\"@id\":\"https:\\\/\\\/lararkarriar.se\\\/grundskola\\\/2019\\\/02\\\/13\\\/tva-av-arets-larare-delar-med-sig-av-sina-rad\\\/\"},\"wordCount\":770,\"image\":{\"@id\":\"https:\\\/\\\/lararkarriar.se\\\/grundskola\\\/2019\\\/02\\\/13\\\/tva-av-arets-larare-delar-med-sig-av-sina-rad\\\/#primaryimage\"},\"thumbnailUrl\":\"https:\\\/\\\/lararkarriar.se\\\/grundskola\\\/wp-content\\\/uploads\\\/sites\\\/12\\\/2019\\\/02\\\/aretslarare.jpg\",\"keywords\":[\"\u00c5rets eldsj\u00e4l\",\"\u00c5rets h\u00f6gstadiel\u00e4rare\",\"\u00c5rets l\u00e4rare\",\"Drivkraft\",\"F\u00f6rtroende\",\"Skolklimat\",\"Utveckling\"],\"articleSection\":[\"Artikel\"],\"inLanguage\":\"sv-SE\"},{\"@type\":\"WebPage\",\"@id\":\"https:\\\/\\\/lararkarriar.se\\\/grundskola\\\/2019\\\/02\\\/13\\\/tva-av-arets-larare-delar-med-sig-av-sina-rad\\\/\",\"url\":\"https:\\\/\\\/lararkarriar.se\\\/grundskola\\\/2019\\\/02\\\/13\\\/tva-av-arets-larare-delar-med-sig-av-sina-rad\\\/\",\"name\":\"Tv\u00e5 av \u00e5rets l\u00e4rare delar med sig av sina r\u00e5d - Framtidens Karri\u00e4r \u2013 Grundskolel\u00e4rare\",\"isPartOf\":{\"@id\":\"https:\\\/\\\/lararkarriar.se\\\/grundskola\\\/#website\"},\"primaryImageOfPage\":{\"@id\":\"https:\\\/\\\/lararkarriar.se\\\/grundskola\\\/2019\\\/02\\\/13\\\/tva-av-arets-larare-delar-med-sig-av-sina-rad\\\/#primaryimage\"},\"image\":{\"@id\":\"https:\\\/\\\/lararkarriar.se\\\/grundskola\\\/2019\\\/02\\\/13\\\/tva-av-arets-larare-delar-med-sig-av-sina-rad\\\/#primaryimage\"},\"thumbnailUrl\":\"https:\\\/\\\/lararkarriar.se\\\/grundskola\\\/wp-content\\\/uploads\\\/sites\\\/12\\\/2019\\\/02\\\/aretslarare.jpg\",\"datePublished\":\"2019-02-13T09:33:21+00:00\",\"author\":{\"@id\":\"https:\\\/\\\/lararkarriar.se\\\/grundskola\\\/#\\\/schema\\\/person\\\/c8a43eb855191e573b73ecf8987a3b99\"},\"breadcrumb\":{\"@id\":\"https:\\\/\\\/lararkarriar.se\\\/grundskola\\\/2019\\\/02\\\/13\\\/tva-av-arets-larare-delar-med-sig-av-sina-rad\\\/#breadcrumb\"},\"inLanguage\":\"sv-SE\",\"potentialAction\":[{\"@type\":\"ReadAction\",\"target\":[\"https:\\\/\\\/lararkarriar.se\\\/grundskola\\\/2019\\\/02\\\/13\\\/tva-av-arets-larare-delar-med-sig-av-sina-rad\\\/\"]}]},{\"@type\":\"ImageObject\",\"inLanguage\":\"sv-SE\",\"@id\":\"https:\\\/\\\/lararkarriar.se\\\/grundskola\\\/2019\\\/02\\\/13\\\/tva-av-arets-larare-delar-med-sig-av-sina-rad\\\/#primaryimage\",\"url\":\"https:\\\/\\\/lararkarriar.se\\\/grundskola\\\/wp-content\\\/uploads\\\/sites\\\/12\\\/2019\\\/02\\\/aretslarare.jpg\",\"contentUrl\":\"https:\\\/\\\/lararkarriar.se\\\/grundskola\\\/wp-content\\\/uploads\\\/sites\\\/12\\\/2019\\\/02\\\/aretslarare.jpg\",\"width\":1000,\"height\":669,\"caption\":\"Albulena Mustafa, Kunskapsskolan i Tumba, uts\u00e5gs till \u00c5rets Eldsj\u00e4l och Esfir L\u00f6fman, Uppsala Musikklasser i Uppsala, uts\u00e5gs till \u00e5rets h\u00f6gstadiel\u00e4rare.\"},{\"@type\":\"BreadcrumbList\",\"@id\":\"https:\\\/\\\/lararkarriar.se\\\/grundskola\\\/2019\\\/02\\\/13\\\/tva-av-arets-larare-delar-med-sig-av-sina-rad\\\/#breadcrumb\",\"itemListElement\":[{\"@type\":\"ListItem\",\"position\":1,\"name\":\"Home\",\"item\":\"https:\\\/\\\/lararkarriar.se\\\/grundskola\\\/\"},{\"@type\":\"ListItem\",\"position\":2,\"name\":\"Tv\u00e5 av \u00e5rets l\u00e4rare delar med sig av sina r\u00e5d\"}]},{\"@type\":\"WebSite\",\"@id\":\"https:\\\/\\\/lararkarriar.se\\\/grundskola\\\/#website\",\"url\":\"https:\\\/\\\/lararkarriar.se\\\/grundskola\\\/\",\"name\":\"Framtidens Karri\u00e4r \u2013 Grundskolel\u00e4rare\",\"description\":\"Just another NMDashboard.se Sites site\",\"potentialAction\":[{\"@type\":\"SearchAction\",\"target\":{\"@type\":\"EntryPoint\",\"urlTemplate\":\"https:\\\/\\\/lararkarriar.se\\\/grundskola\\\/?s={search_term_string}\"},\"query-input\":{\"@type\":\"PropertyValueSpecification\",\"valueRequired\":true,\"valueName\":\"search_term_string\"}}],\"inLanguage\":\"sv-SE\"},{\"@type\":\"Person\",\"@id\":\"https:\\\/\\\/lararkarriar.se\\\/grundskola\\\/#\\\/schema\\\/person\\\/c8a43eb855191e573b73ecf8987a3b99\",\"name\":\"stellanstal\",\"image\":{\"@type\":\"ImageObject\",\"inLanguage\":\"sv-SE\",\"@id\":\"https:\\\/\\\/secure.gravatar.com\\\/avatar\\\/cd330fa6bb17f598124b2068ee0b189e4fe0987a50af9d53b78410836060d0c9?s=96&d=mm&r=g\",\"url\":\"https:\\\/\\\/secure.gravatar.com\\\/avatar\\\/cd330fa6bb17f598124b2068ee0b189e4fe0987a50af9d53b78410836060d0c9?s=96&d=mm&r=g\",\"contentUrl\":\"https:\\\/\\\/secure.gravatar.com\\\/avatar\\\/cd330fa6bb17f598124b2068ee0b189e4fe0987a50af9d53b78410836060d0c9?s=96&d=mm&r=g\",\"caption\":\"stellanstal\"},\"url\":\"https:\\\/\\\/lararkarriar.se\\\/grundskola\\\/author\\\/stellanstal\\\/\"}]}<\/script>\n<!-- \/ Yoast SEO plugin. -->","yoast_head_json":{"title":"Tv\u00e5 av \u00e5rets l\u00e4rare delar med sig av sina r\u00e5d - Framtidens Karri\u00e4r \u2013 Grundskolel\u00e4rare","robots":{"index":"index","follow":"follow","max-snippet":"max-snippet:-1","max-image-preview":"max-image-preview:large","max-video-preview":"max-video-preview:-1"},"canonical":"https:\/\/lararkarriar.se\/grundskola\/2019\/02\/13\/tva-av-arets-larare-delar-med-sig-av-sina-rad\/","og_locale":"sv_SE","og_type":"article","og_title":"Tv\u00e5 av \u00e5rets l\u00e4rare delar med sig av sina r\u00e5d - Framtidens Karri\u00e4r \u2013 Grundskolel\u00e4rare","og_description":"P\u00e5 \u00e5rets L\u00e4rargala hyllades m\u00e5nga olika l\u00e4rare och deras insatser i yrket. H\u00e4r uts\u00e5gs bland...","og_url":"https:\/\/lararkarriar.se\/grundskola\/2019\/02\/13\/tva-av-arets-larare-delar-med-sig-av-sina-rad\/","og_site_name":"Framtidens Karri\u00e4r \u2013 Grundskolel\u00e4rare","article_published_time":"2019-02-13T09:33:21+00:00","og_image":[{"width":1000,"height":669,"url":"https:\/\/lararkarriar.se\/grundskola\/wp-content\/uploads\/sites\/12\/2019\/02\/aretslarare.jpg","type":"image\/jpeg"}],"author":"stellanstal","twitter_card":"summary_large_image","twitter_misc":{"Skriven av":"stellanstal","Ber\u00e4knad l\u00e4stid":"4 minuter"},"schema":{"@context":"https:\/\/schema.org","@graph":[{"@type":"Article","@id":"https:\/\/lararkarriar.se\/grundskola\/2019\/02\/13\/tva-av-arets-larare-delar-med-sig-av-sina-rad\/#article","isPartOf":{"@id":"https:\/\/lararkarriar.se\/grundskola\/2019\/02\/13\/tva-av-arets-larare-delar-med-sig-av-sina-rad\/"},"author":{"name":"stellanstal","@id":"https:\/\/lararkarriar.se\/grundskola\/#\/schema\/person\/c8a43eb855191e573b73ecf8987a3b99"},"headline":"Tv\u00e5 av \u00e5rets l\u00e4rare delar med sig av sina r\u00e5d","datePublished":"2019-02-13T09:33:21+00:00","mainEntityOfPage":{"@id":"https:\/\/lararkarriar.se\/grundskola\/2019\/02\/13\/tva-av-arets-larare-delar-med-sig-av-sina-rad\/"},"wordCount":770,"image":{"@id":"https:\/\/lararkarriar.se\/grundskola\/2019\/02\/13\/tva-av-arets-larare-delar-med-sig-av-sina-rad\/#primaryimage"},"thumbnailUrl":"https:\/\/lararkarriar.se\/grundskola\/wp-content\/uploads\/sites\/12\/2019\/02\/aretslarare.jpg","keywords":["\u00c5rets eldsj\u00e4l","\u00c5rets h\u00f6gstadiel\u00e4rare","\u00c5rets l\u00e4rare","Drivkraft","F\u00f6rtroende","Skolklimat","Utveckling"],"articleSection":["Artikel"],"inLanguage":"sv-SE"},{"@type":"WebPage","@id":"https:\/\/lararkarriar.se\/grundskola\/2019\/02\/13\/tva-av-arets-larare-delar-med-sig-av-sina-rad\/","url":"https:\/\/lararkarriar.se\/grundskola\/2019\/02\/13\/tva-av-arets-larare-delar-med-sig-av-sina-rad\/","name":"Tv\u00e5 av \u00e5rets l\u00e4rare delar med sig av sina r\u00e5d - Framtidens Karri\u00e4r \u2013 Grundskolel\u00e4rare","isPartOf":{"@id":"https:\/\/lararkarriar.se\/grundskola\/#website"},"primaryImageOfPage":{"@id":"https:\/\/lararkarriar.se\/grundskola\/2019\/02\/13\/tva-av-arets-larare-delar-med-sig-av-sina-rad\/#primaryimage"},"image":{"@id":"https:\/\/lararkarriar.se\/grundskola\/2019\/02\/13\/tva-av-arets-larare-delar-med-sig-av-sina-rad\/#primaryimage"},"thumbnailUrl":"https:\/\/lararkarriar.se\/grundskola\/wp-content\/uploads\/sites\/12\/2019\/02\/aretslarare.jpg","datePublished":"2019-02-13T09:33:21+00:00","author":{"@id":"https:\/\/lararkarriar.se\/grundskola\/#\/schema\/person\/c8a43eb855191e573b73ecf8987a3b99"},"breadcrumb":{"@id":"https:\/\/lararkarriar.se\/grundskola\/2019\/02\/13\/tva-av-arets-larare-delar-med-sig-av-sina-rad\/#breadcrumb"},"inLanguage":"sv-SE","potentialAction":[{"@type":"ReadAction","target":["https:\/\/lararkarriar.se\/grundskola\/2019\/02\/13\/tva-av-arets-larare-delar-med-sig-av-sina-rad\/"]}]},{"@type":"ImageObject","inLanguage":"sv-SE","@id":"https:\/\/lararkarriar.se\/grundskola\/2019\/02\/13\/tva-av-arets-larare-delar-med-sig-av-sina-rad\/#primaryimage","url":"https:\/\/lararkarriar.se\/grundskola\/wp-content\/uploads\/sites\/12\/2019\/02\/aretslarare.jpg","contentUrl":"https:\/\/lararkarriar.se\/grundskola\/wp-content\/uploads\/sites\/12\/2019\/02\/aretslarare.jpg","width":1000,"height":669,"caption":"Albulena Mustafa, Kunskapsskolan i Tumba, uts\u00e5gs till \u00c5rets Eldsj\u00e4l och Esfir L\u00f6fman, Uppsala Musikklasser i Uppsala, uts\u00e5gs till \u00e5rets h\u00f6gstadiel\u00e4rare."},{"@type":"BreadcrumbList","@id":"https:\/\/lararkarriar.se\/grundskola\/2019\/02\/13\/tva-av-arets-larare-delar-med-sig-av-sina-rad\/#breadcrumb","itemListElement":[{"@type":"ListItem","position":1,"name":"Home","item":"https:\/\/lararkarriar.se\/grundskola\/"},{"@type":"ListItem","position":2,"name":"Tv\u00e5 av \u00e5rets l\u00e4rare delar med sig av sina r\u00e5d"}]},{"@type":"WebSite","@id":"https:\/\/lararkarriar.se\/grundskola\/#website","url":"https:\/\/lararkarriar.se\/grundskola\/","name":"Framtidens Karri\u00e4r \u2013 Grundskolel\u00e4rare","description":"Just another NMDashboard.se Sites site","potentialAction":[{"@type":"SearchAction","target":{"@type":"EntryPoint","urlTemplate":"https:\/\/lararkarriar.se\/grundskola\/?s={search_term_string}"},"query-input":{"@type":"PropertyValueSpecification","valueRequired":true,"valueName":"search_term_string"}}],"inLanguage":"sv-SE"},{"@type":"Person","@id":"https:\/\/lararkarriar.se\/grundskola\/#\/schema\/person\/c8a43eb855191e573b73ecf8987a3b99","name":"stellanstal","image":{"@type":"ImageObject","inLanguage":"sv-SE","@id":"https:\/\/secure.gravatar.com\/avatar\/cd330fa6bb17f598124b2068ee0b189e4fe0987a50af9d53b78410836060d0c9?s=96&d=mm&r=g","url":"https:\/\/secure.gravatar.com\/avatar\/cd330fa6bb17f598124b2068ee0b189e4fe0987a50af9d53b78410836060d0c9?s=96&d=mm&r=g","contentUrl":"https:\/\/secure.gravatar.com\/avatar\/cd330fa6bb17f598124b2068ee0b189e4fe0987a50af9d53b78410836060d0c9?s=96&d=mm&r=g","caption":"stellanstal"},"url":"https:\/\/lararkarriar.se\/grundskola\/author\/stellanstal\/"}]}},"_links":{"self":[{"href":"https:\/\/lararkarriar.se\/grundskola\/wp-json\/wp\/v2\/posts\/6518","targetHints":{"allow":["GET"]}}],"collection":[{"href":"https:\/\/lararkarriar.se\/grundskola\/wp-json\/wp\/v2\/posts"}],"about":[{"href":"https:\/\/lararkarriar.se\/grundskola\/wp-json\/wp\/v2\/types\/post"}],"author":[{"embeddable":true,"href":"https:\/\/lararkarriar.se\/grundskola\/wp-json\/wp\/v2\/users\/3"}],"replies":[{"embeddable":true,"href":"https:\/\/lararkarriar.se\/grundskola\/wp-json\/wp\/v2\/comments?post=6518"}],"version-history":[{"count":0,"href":"https:\/\/lararkarriar.se\/grundskola\/wp-json\/wp\/v2\/posts\/6518\/revisions"}],"wp:featuredmedia":[{"embeddable":true,"href":"https:\/\/lararkarriar.se\/grundskola\/wp-json\/wp\/v2\/media\/6519"}],"wp:attachment":[{"href":"https:\/\/lararkarriar.se\/grundskola\/wp-json\/wp\/v2\/media?parent=6518"}],"wp:term":[{"taxonomy":"category","embeddable":true,"href":"https:\/\/lararkarriar.se\/grundskola\/wp-json\/wp\/v2\/categories?post=6518"},{"taxonomy":"post_tag","embeddable":true,"href":"https:\/\/lararkarriar.se\/grundskola\/wp-json\/wp\/v2\/tags?post=6518"}],"curies":[{"name":"wp","href":"https:\/\/api.w.org\/{rel}","templated":true}]}}