{"id":6538,"date":"2019-02-13T11:57:51","date_gmt":"2019-02-13T09:57:51","guid":{"rendered":"http:\/\/lararkarriar.se\/grundskola\/?p=6538"},"modified":"2019-02-13T11:57:51","modified_gmt":"2019-02-13T09:57:51","slug":"friskolor-och-kommunala-skolor-inget-motsatsforhallande","status":"publish","type":"post","link":"https:\/\/lararkarriar.se\/grundskola\/2019\/02\/13\/friskolor-och-kommunala-skolor-inget-motsatsforhallande\/","title":{"rendered":"Friskolor och kommunala skolor \u2013 inget motsatsf\u00f6rh\u00e5llande"},"content":{"rendered":"<p><figure id=\"attachment_6539\" aria-describedby=\"caption-attachment-6539\" style=\"width: 1000px\" class=\"wp-caption alignnone\"><img loading=\"lazy\" decoding=\"async\" src=\"https:\/\/lararkarriar.se\/grundskola\/wp-content\/uploads\/sites\/12\/2019\/02\/kunskaps-fredrik-lindgren-kunskapsskolan-ny.jpg\" alt=\"Fredrik Lindgren, vd f\u00f6r Kunskapsskolan.\" width=\"1000\" height=\"655\" class=\"size-full wp-image-6539\" srcset=\"https:\/\/lararkarriar.se\/grundskola\/wp-content\/uploads\/sites\/12\/2019\/02\/kunskaps-fredrik-lindgren-kunskapsskolan-ny.jpg 1000w, https:\/\/lararkarriar.se\/grundskola\/wp-content\/uploads\/sites\/12\/2019\/02\/kunskaps-fredrik-lindgren-kunskapsskolan-ny-300x197.jpg 300w, https:\/\/lararkarriar.se\/grundskola\/wp-content\/uploads\/sites\/12\/2019\/02\/kunskaps-fredrik-lindgren-kunskapsskolan-ny-768x503.jpg 768w, https:\/\/lararkarriar.se\/grundskola\/wp-content\/uploads\/sites\/12\/2019\/02\/kunskaps-fredrik-lindgren-kunskapsskolan-ny-244x160.jpg 244w, https:\/\/lararkarriar.se\/grundskola\/wp-content\/uploads\/sites\/12\/2019\/02\/kunskaps-fredrik-lindgren-kunskapsskolan-ny-526x345.jpg 526w, https:\/\/lararkarriar.se\/grundskola\/wp-content\/uploads\/sites\/12\/2019\/02\/kunskaps-fredrik-lindgren-kunskapsskolan-ny-720x472.jpg 720w, https:\/\/lararkarriar.se\/grundskola\/wp-content\/uploads\/sites\/12\/2019\/02\/kunskaps-fredrik-lindgren-kunskapsskolan-ny-960x629.jpg 960w\" sizes=\"auto, (max-width: 1000px) 100vw, 1000px\" \/><figcaption id=\"caption-attachment-6539\" class=\"wp-caption-text\">Fredrik Lindgren, vd f\u00f6r Kunskapsskolan.<\/figcaption><\/figure><strong>\u2013 Vi vill komma bort fr\u00e5n fr\u00e5gan om \u00e4gandeform och ist\u00e4llet arbeta tillsammans med kommunala skolor och huvudm\u00e4n kring skolutveckling. Vi kan dela med oss av v\u00e5r syn p\u00e5 utbildning och en h\u00f6gkvalitativ skola, d\u00e4r vi m\u00f6ter varje enskild elev, s\u00e4ger Fredrik Lindgren, vd f\u00f6r Kunskapsskolan.<\/strong><\/p>\n<p>Friskolor och kommunala skolor \u00e4r inget motsatsf\u00f6rh\u00e5llande. Det s\u00e4ger Fredrik Lindgren, som tycker att det \u00e4r h\u00f6g tid att l\u00e4gga den ideologiska debatten om huvudmannaskap \u00e5t sidan f\u00f6r att ist\u00e4llet b\u00f6rja samverka p\u00e5 allvar och hj\u00e4lpa varandra, skolorna emellan, s\u00e5 att svensk skola hela tiden utvecklas.<br \/>\n\u2013 Fler och fler ser f\u00f6rdelarna med samverkan. Kunskapsskolan verkar redan i flera olika sammanhang som till exempel forskningssamarbeten inom STLS och Ifous, d\u00e4r b\u00e5de frist\u00e5ende och kommunala huvudm\u00e4n deltar, s\u00e4ger Fredrik Lindgren, som f\u00f6rutom vd f\u00f6r Kunskapsskolan \u00e4ven \u00e4r styrelseledamot i Friskolornas Riksf\u00f6rbund.<\/p>\n<p><strong>Viktig roll<\/strong><br \/>\nHan p\u00e5pekar att m\u00e5nga kommuner st\u00e5r inf\u00f6r en stor demografisk utmaning i att skapa fler utbildningsplatser.<br \/>\n\u2013 Det kr\u00e4ver mycket resurser och h\u00e4r kan friskolorna spela en viktig roll. Dels f\u00f6r att kunna erbjuda kommuninv\u00e5nar\u00adna en m\u00e5ngfald av kvalitativa skolor, dels f\u00f6r att b\u00e4ra en del av investeringsb\u00f6rdan med att skapa fler skolplatser.<br \/>\nEn aktuell utmaning f\u00f6r friskolorna, precis som f\u00f6r de kommunala skolorna, \u00e4r l\u00e4rarbristen.<br \/>\n\u2013 Ett s\u00e4tt att komma tillr\u00e4tta med problemet \u00e4r att hela tiden se \u00f6ver och utveckla l\u00e4rarnas arbetsmilj\u00f6. Hos oss har vi till exempel f\u00f6renklat planeringen och efterarbetet, minskat administrationen och utvecklat elevh\u00e4lsan. Men det \u00e4r ocks\u00e5 viktigt att skapa karri\u00e4rv\u00e4gar, bra kollegialt samarbete och m\u00f6jligheter till kompetensutveckling f\u00f6r att v\u00e5ra medarbetare ska trivas och k\u00e4nna att de g\u00e5r fram\u00e5t.<br \/>\nFramtidens skola ser Fredrik Lindgren som en m\u00e5ngfald av inriktningar.<br \/>\n\u2013 Individanpassad utbildning \u00e4r nyckeln till framg\u00e5ng. Det \u00e4r s\u00e5 man kan m\u00f6ta varje elev och f\u00e5 eleven att bli motiverad att n\u00e5 l\u00e4ngre i sin kunskapsinh\u00e4mtning. Jag tror att detta kommer att bli enklare tack vare digitaliseringen som ger oss m\u00f6jligheter att anpassa undervisningen.<br \/>\nHan p\u00e5pekar \u00e4ven vikten av att ha noggranna rutiner f\u00f6r regelbunden uppf\u00f6ljning av eleverna och deras utveckling.<br \/>\n\u2013 T\u00e4ta och st\u00f6ttande samtal kring l\u00e4randet skapar v\u00e4rdefulla relationer som gagnar b\u00e5de l\u00e4rare och elever. Vi ska skapa en god skola f\u00f6r alla, oavsett vem som \u00e4r huvudman, s\u00e4ger Fredrik Lindgren.<\/p>\n","protected":false},"excerpt":{"rendered":"<p>\u2013 Vi vill komma bort fr\u00e5n fr\u00e5gan om \u00e4gandeform och ist\u00e4llet arbeta tillsammans med kommunala&#8230;<\/p>\n","protected":false},"author":3,"featured_media":6539,"comment_status":"closed","ping_status":"open","sticky":false,"template":"","format":"standard","meta":{"_acf_changed":false,"_monsterinsights_skip_tracking":false,"_monsterinsights_sitenote_active":false,"_monsterinsights_sitenote_note":"","_monsterinsights_sitenote_category":0,"footnotes":""},"categories":[1],"tags":[110,188,237,317,342,427],"class_list":["post-6538","post","type-post","status-publish","format-standard","has-post-thumbnail","hentry","category-artikel","tag-friskolor","tag-kunskapsskolan","tag-mangfald","tag-samarbete","tag-skolutveckling","tag-utveckling"],"acf":[],"yoast_head":"<!-- This site is optimized with the Yoast SEO plugin v27.3 - https:\/\/yoast.com\/product\/yoast-seo-wordpress\/ -->\n<title>Friskolor och kommunala skolor \u2013 inget motsatsf\u00f6rh\u00e5llande - Framtidens Karri\u00e4r \u2013 Grundskolel\u00e4rare<\/title>\n<meta name=\"robots\" content=\"index, follow, max-snippet:-1, max-image-preview:large, max-video-preview:-1\" \/>\n<link rel=\"canonical\" href=\"https:\/\/lararkarriar.se\/grundskola\/2019\/02\/13\/friskolor-och-kommunala-skolor-inget-motsatsforhallande\/\" \/>\n<meta property=\"og:locale\" content=\"sv_SE\" \/>\n<meta property=\"og:type\" content=\"article\" \/>\n<meta property=\"og:title\" content=\"Friskolor och kommunala skolor \u2013 inget motsatsf\u00f6rh\u00e5llande - Framtidens Karri\u00e4r \u2013 Grundskolel\u00e4rare\" \/>\n<meta property=\"og:description\" content=\"\u2013 Vi vill komma bort fr\u00e5n fr\u00e5gan om \u00e4gandeform och ist\u00e4llet arbeta tillsammans med kommunala...\" \/>\n<meta property=\"og:url\" content=\"https:\/\/lararkarriar.se\/grundskola\/2019\/02\/13\/friskolor-och-kommunala-skolor-inget-motsatsforhallande\/\" \/>\n<meta property=\"og:site_name\" content=\"Framtidens Karri\u00e4r \u2013 Grundskolel\u00e4rare\" \/>\n<meta property=\"article:published_time\" content=\"2019-02-13T09:57:51+00:00\" \/>\n<meta property=\"og:image\" content=\"https:\/\/lararkarriar.se\/grundskola\/wp-content\/uploads\/sites\/12\/2019\/02\/kunskaps-fredrik-lindgren-kunskapsskolan-ny.jpg\" \/>\n\t<meta property=\"og:image:width\" content=\"1000\" \/>\n\t<meta property=\"og:image:height\" content=\"655\" \/>\n\t<meta property=\"og:image:type\" content=\"image\/jpeg\" \/>\n<meta name=\"author\" content=\"stellanstal\" \/>\n<meta name=\"twitter:card\" content=\"summary_large_image\" \/>\n<meta name=\"twitter:label1\" content=\"Skriven av\" \/>\n\t<meta name=\"twitter:data1\" content=\"stellanstal\" \/>\n\t<meta name=\"twitter:label2\" content=\"Ber\u00e4knad l\u00e4stid\" \/>\n\t<meta name=\"twitter:data2\" content=\"2 minuter\" \/>\n<script type=\"application\/ld+json\" class=\"yoast-schema-graph\">{\"@context\":\"https:\\\/\\\/schema.org\",\"@graph\":[{\"@type\":\"Article\",\"@id\":\"https:\\\/\\\/lararkarriar.se\\\/grundskola\\\/2019\\\/02\\\/13\\\/friskolor-och-kommunala-skolor-inget-motsatsforhallande\\\/#article\",\"isPartOf\":{\"@id\":\"https:\\\/\\\/lararkarriar.se\\\/grundskola\\\/2019\\\/02\\\/13\\\/friskolor-och-kommunala-skolor-inget-motsatsforhallande\\\/\"},\"author\":{\"name\":\"stellanstal\",\"@id\":\"https:\\\/\\\/lararkarriar.se\\\/grundskola\\\/#\\\/schema\\\/person\\\/c8a43eb855191e573b73ecf8987a3b99\"},\"headline\":\"Friskolor och kommunala skolor \u2013 inget motsatsf\u00f6rh\u00e5llande\",\"datePublished\":\"2019-02-13T09:57:51+00:00\",\"mainEntityOfPage\":{\"@id\":\"https:\\\/\\\/lararkarriar.se\\\/grundskola\\\/2019\\\/02\\\/13\\\/friskolor-och-kommunala-skolor-inget-motsatsforhallande\\\/\"},\"wordCount\":457,\"image\":{\"@id\":\"https:\\\/\\\/lararkarriar.se\\\/grundskola\\\/2019\\\/02\\\/13\\\/friskolor-och-kommunala-skolor-inget-motsatsforhallande\\\/#primaryimage\"},\"thumbnailUrl\":\"https:\\\/\\\/lararkarriar.se\\\/grundskola\\\/wp-content\\\/uploads\\\/sites\\\/12\\\/2019\\\/02\\\/kunskaps-fredrik-lindgren-kunskapsskolan-ny.jpg\",\"keywords\":[\"Friskolor\",\"Kunskapsskolan\",\"M\u00e5ngfald\",\"Samarbete\",\"Skolutveckling\",\"Utveckling\"],\"articleSection\":[\"Artikel\"],\"inLanguage\":\"sv-SE\"},{\"@type\":\"WebPage\",\"@id\":\"https:\\\/\\\/lararkarriar.se\\\/grundskola\\\/2019\\\/02\\\/13\\\/friskolor-och-kommunala-skolor-inget-motsatsforhallande\\\/\",\"url\":\"https:\\\/\\\/lararkarriar.se\\\/grundskola\\\/2019\\\/02\\\/13\\\/friskolor-och-kommunala-skolor-inget-motsatsforhallande\\\/\",\"name\":\"Friskolor och kommunala skolor \u2013 inget motsatsf\u00f6rh\u00e5llande - Framtidens Karri\u00e4r \u2013 Grundskolel\u00e4rare\",\"isPartOf\":{\"@id\":\"https:\\\/\\\/lararkarriar.se\\\/grundskola\\\/#website\"},\"primaryImageOfPage\":{\"@id\":\"https:\\\/\\\/lararkarriar.se\\\/grundskola\\\/2019\\\/02\\\/13\\\/friskolor-och-kommunala-skolor-inget-motsatsforhallande\\\/#primaryimage\"},\"image\":{\"@id\":\"https:\\\/\\\/lararkarriar.se\\\/grundskola\\\/2019\\\/02\\\/13\\\/friskolor-och-kommunala-skolor-inget-motsatsforhallande\\\/#primaryimage\"},\"thumbnailUrl\":\"https:\\\/\\\/lararkarriar.se\\\/grundskola\\\/wp-content\\\/uploads\\\/sites\\\/12\\\/2019\\\/02\\\/kunskaps-fredrik-lindgren-kunskapsskolan-ny.jpg\",\"datePublished\":\"2019-02-13T09:57:51+00:00\",\"author\":{\"@id\":\"https:\\\/\\\/lararkarriar.se\\\/grundskola\\\/#\\\/schema\\\/person\\\/c8a43eb855191e573b73ecf8987a3b99\"},\"breadcrumb\":{\"@id\":\"https:\\\/\\\/lararkarriar.se\\\/grundskola\\\/2019\\\/02\\\/13\\\/friskolor-och-kommunala-skolor-inget-motsatsforhallande\\\/#breadcrumb\"},\"inLanguage\":\"sv-SE\",\"potentialAction\":[{\"@type\":\"ReadAction\",\"target\":[\"https:\\\/\\\/lararkarriar.se\\\/grundskola\\\/2019\\\/02\\\/13\\\/friskolor-och-kommunala-skolor-inget-motsatsforhallande\\\/\"]}]},{\"@type\":\"ImageObject\",\"inLanguage\":\"sv-SE\",\"@id\":\"https:\\\/\\\/lararkarriar.se\\\/grundskola\\\/2019\\\/02\\\/13\\\/friskolor-och-kommunala-skolor-inget-motsatsforhallande\\\/#primaryimage\",\"url\":\"https:\\\/\\\/lararkarriar.se\\\/grundskola\\\/wp-content\\\/uploads\\\/sites\\\/12\\\/2019\\\/02\\\/kunskaps-fredrik-lindgren-kunskapsskolan-ny.jpg\",\"contentUrl\":\"https:\\\/\\\/lararkarriar.se\\\/grundskola\\\/wp-content\\\/uploads\\\/sites\\\/12\\\/2019\\\/02\\\/kunskaps-fredrik-lindgren-kunskapsskolan-ny.jpg\",\"width\":1000,\"height\":655,\"caption\":\"Fredrik Lindgren, vd f\u00f6r Kunskapsskolan.\"},{\"@type\":\"BreadcrumbList\",\"@id\":\"https:\\\/\\\/lararkarriar.se\\\/grundskola\\\/2019\\\/02\\\/13\\\/friskolor-och-kommunala-skolor-inget-motsatsforhallande\\\/#breadcrumb\",\"itemListElement\":[{\"@type\":\"ListItem\",\"position\":1,\"name\":\"Home\",\"item\":\"https:\\\/\\\/lararkarriar.se\\\/grundskola\\\/\"},{\"@type\":\"ListItem\",\"position\":2,\"name\":\"Friskolor och kommunala skolor \u2013 inget motsatsf\u00f6rh\u00e5llande\"}]},{\"@type\":\"WebSite\",\"@id\":\"https:\\\/\\\/lararkarriar.se\\\/grundskola\\\/#website\",\"url\":\"https:\\\/\\\/lararkarriar.se\\\/grundskola\\\/\",\"name\":\"Framtidens Karri\u00e4r \u2013 Grundskolel\u00e4rare\",\"description\":\"Just another NMDashboard.se Sites site\",\"potentialAction\":[{\"@type\":\"SearchAction\",\"target\":{\"@type\":\"EntryPoint\",\"urlTemplate\":\"https:\\\/\\\/lararkarriar.se\\\/grundskola\\\/?s={search_term_string}\"},\"query-input\":{\"@type\":\"PropertyValueSpecification\",\"valueRequired\":true,\"valueName\":\"search_term_string\"}}],\"inLanguage\":\"sv-SE\"},{\"@type\":\"Person\",\"@id\":\"https:\\\/\\\/lararkarriar.se\\\/grundskola\\\/#\\\/schema\\\/person\\\/c8a43eb855191e573b73ecf8987a3b99\",\"name\":\"stellanstal\",\"image\":{\"@type\":\"ImageObject\",\"inLanguage\":\"sv-SE\",\"@id\":\"https:\\\/\\\/secure.gravatar.com\\\/avatar\\\/cd330fa6bb17f598124b2068ee0b189e4fe0987a50af9d53b78410836060d0c9?s=96&d=mm&r=g\",\"url\":\"https:\\\/\\\/secure.gravatar.com\\\/avatar\\\/cd330fa6bb17f598124b2068ee0b189e4fe0987a50af9d53b78410836060d0c9?s=96&d=mm&r=g\",\"contentUrl\":\"https:\\\/\\\/secure.gravatar.com\\\/avatar\\\/cd330fa6bb17f598124b2068ee0b189e4fe0987a50af9d53b78410836060d0c9?s=96&d=mm&r=g\",\"caption\":\"stellanstal\"},\"url\":\"https:\\\/\\\/lararkarriar.se\\\/grundskola\\\/author\\\/stellanstal\\\/\"}]}<\/script>\n<!-- \/ Yoast SEO plugin. -->","yoast_head_json":{"title":"Friskolor och kommunala skolor \u2013 inget motsatsf\u00f6rh\u00e5llande - Framtidens Karri\u00e4r \u2013 Grundskolel\u00e4rare","robots":{"index":"index","follow":"follow","max-snippet":"max-snippet:-1","max-image-preview":"max-image-preview:large","max-video-preview":"max-video-preview:-1"},"canonical":"https:\/\/lararkarriar.se\/grundskola\/2019\/02\/13\/friskolor-och-kommunala-skolor-inget-motsatsforhallande\/","og_locale":"sv_SE","og_type":"article","og_title":"Friskolor och kommunala skolor \u2013 inget motsatsf\u00f6rh\u00e5llande - Framtidens Karri\u00e4r \u2013 Grundskolel\u00e4rare","og_description":"\u2013 Vi vill komma bort fr\u00e5n fr\u00e5gan om \u00e4gandeform och ist\u00e4llet arbeta tillsammans med kommunala...","og_url":"https:\/\/lararkarriar.se\/grundskola\/2019\/02\/13\/friskolor-och-kommunala-skolor-inget-motsatsforhallande\/","og_site_name":"Framtidens Karri\u00e4r \u2013 Grundskolel\u00e4rare","article_published_time":"2019-02-13T09:57:51+00:00","og_image":[{"width":1000,"height":655,"url":"https:\/\/lararkarriar.se\/grundskola\/wp-content\/uploads\/sites\/12\/2019\/02\/kunskaps-fredrik-lindgren-kunskapsskolan-ny.jpg","type":"image\/jpeg"}],"author":"stellanstal","twitter_card":"summary_large_image","twitter_misc":{"Skriven av":"stellanstal","Ber\u00e4knad l\u00e4stid":"2 minuter"},"schema":{"@context":"https:\/\/schema.org","@graph":[{"@type":"Article","@id":"https:\/\/lararkarriar.se\/grundskola\/2019\/02\/13\/friskolor-och-kommunala-skolor-inget-motsatsforhallande\/#article","isPartOf":{"@id":"https:\/\/lararkarriar.se\/grundskola\/2019\/02\/13\/friskolor-och-kommunala-skolor-inget-motsatsforhallande\/"},"author":{"name":"stellanstal","@id":"https:\/\/lararkarriar.se\/grundskola\/#\/schema\/person\/c8a43eb855191e573b73ecf8987a3b99"},"headline":"Friskolor och kommunala skolor \u2013 inget motsatsf\u00f6rh\u00e5llande","datePublished":"2019-02-13T09:57:51+00:00","mainEntityOfPage":{"@id":"https:\/\/lararkarriar.se\/grundskola\/2019\/02\/13\/friskolor-och-kommunala-skolor-inget-motsatsforhallande\/"},"wordCount":457,"image":{"@id":"https:\/\/lararkarriar.se\/grundskola\/2019\/02\/13\/friskolor-och-kommunala-skolor-inget-motsatsforhallande\/#primaryimage"},"thumbnailUrl":"https:\/\/lararkarriar.se\/grundskola\/wp-content\/uploads\/sites\/12\/2019\/02\/kunskaps-fredrik-lindgren-kunskapsskolan-ny.jpg","keywords":["Friskolor","Kunskapsskolan","M\u00e5ngfald","Samarbete","Skolutveckling","Utveckling"],"articleSection":["Artikel"],"inLanguage":"sv-SE"},{"@type":"WebPage","@id":"https:\/\/lararkarriar.se\/grundskola\/2019\/02\/13\/friskolor-och-kommunala-skolor-inget-motsatsforhallande\/","url":"https:\/\/lararkarriar.se\/grundskola\/2019\/02\/13\/friskolor-och-kommunala-skolor-inget-motsatsforhallande\/","name":"Friskolor och kommunala skolor \u2013 inget motsatsf\u00f6rh\u00e5llande - Framtidens Karri\u00e4r \u2013 Grundskolel\u00e4rare","isPartOf":{"@id":"https:\/\/lararkarriar.se\/grundskola\/#website"},"primaryImageOfPage":{"@id":"https:\/\/lararkarriar.se\/grundskola\/2019\/02\/13\/friskolor-och-kommunala-skolor-inget-motsatsforhallande\/#primaryimage"},"image":{"@id":"https:\/\/lararkarriar.se\/grundskola\/2019\/02\/13\/friskolor-och-kommunala-skolor-inget-motsatsforhallande\/#primaryimage"},"thumbnailUrl":"https:\/\/lararkarriar.se\/grundskola\/wp-content\/uploads\/sites\/12\/2019\/02\/kunskaps-fredrik-lindgren-kunskapsskolan-ny.jpg","datePublished":"2019-02-13T09:57:51+00:00","author":{"@id":"https:\/\/lararkarriar.se\/grundskola\/#\/schema\/person\/c8a43eb855191e573b73ecf8987a3b99"},"breadcrumb":{"@id":"https:\/\/lararkarriar.se\/grundskola\/2019\/02\/13\/friskolor-och-kommunala-skolor-inget-motsatsforhallande\/#breadcrumb"},"inLanguage":"sv-SE","potentialAction":[{"@type":"ReadAction","target":["https:\/\/lararkarriar.se\/grundskola\/2019\/02\/13\/friskolor-och-kommunala-skolor-inget-motsatsforhallande\/"]}]},{"@type":"ImageObject","inLanguage":"sv-SE","@id":"https:\/\/lararkarriar.se\/grundskola\/2019\/02\/13\/friskolor-och-kommunala-skolor-inget-motsatsforhallande\/#primaryimage","url":"https:\/\/lararkarriar.se\/grundskola\/wp-content\/uploads\/sites\/12\/2019\/02\/kunskaps-fredrik-lindgren-kunskapsskolan-ny.jpg","contentUrl":"https:\/\/lararkarriar.se\/grundskola\/wp-content\/uploads\/sites\/12\/2019\/02\/kunskaps-fredrik-lindgren-kunskapsskolan-ny.jpg","width":1000,"height":655,"caption":"Fredrik Lindgren, vd f\u00f6r Kunskapsskolan."},{"@type":"BreadcrumbList","@id":"https:\/\/lararkarriar.se\/grundskola\/2019\/02\/13\/friskolor-och-kommunala-skolor-inget-motsatsforhallande\/#breadcrumb","itemListElement":[{"@type":"ListItem","position":1,"name":"Home","item":"https:\/\/lararkarriar.se\/grundskola\/"},{"@type":"ListItem","position":2,"name":"Friskolor och kommunala skolor \u2013 inget motsatsf\u00f6rh\u00e5llande"}]},{"@type":"WebSite","@id":"https:\/\/lararkarriar.se\/grundskola\/#website","url":"https:\/\/lararkarriar.se\/grundskola\/","name":"Framtidens Karri\u00e4r \u2013 Grundskolel\u00e4rare","description":"Just another NMDashboard.se Sites site","potentialAction":[{"@type":"SearchAction","target":{"@type":"EntryPoint","urlTemplate":"https:\/\/lararkarriar.se\/grundskola\/?s={search_term_string}"},"query-input":{"@type":"PropertyValueSpecification","valueRequired":true,"valueName":"search_term_string"}}],"inLanguage":"sv-SE"},{"@type":"Person","@id":"https:\/\/lararkarriar.se\/grundskola\/#\/schema\/person\/c8a43eb855191e573b73ecf8987a3b99","name":"stellanstal","image":{"@type":"ImageObject","inLanguage":"sv-SE","@id":"https:\/\/secure.gravatar.com\/avatar\/cd330fa6bb17f598124b2068ee0b189e4fe0987a50af9d53b78410836060d0c9?s=96&d=mm&r=g","url":"https:\/\/secure.gravatar.com\/avatar\/cd330fa6bb17f598124b2068ee0b189e4fe0987a50af9d53b78410836060d0c9?s=96&d=mm&r=g","contentUrl":"https:\/\/secure.gravatar.com\/avatar\/cd330fa6bb17f598124b2068ee0b189e4fe0987a50af9d53b78410836060d0c9?s=96&d=mm&r=g","caption":"stellanstal"},"url":"https:\/\/lararkarriar.se\/grundskola\/author\/stellanstal\/"}]}},"_links":{"self":[{"href":"https:\/\/lararkarriar.se\/grundskola\/wp-json\/wp\/v2\/posts\/6538","targetHints":{"allow":["GET"]}}],"collection":[{"href":"https:\/\/lararkarriar.se\/grundskola\/wp-json\/wp\/v2\/posts"}],"about":[{"href":"https:\/\/lararkarriar.se\/grundskola\/wp-json\/wp\/v2\/types\/post"}],"author":[{"embeddable":true,"href":"https:\/\/lararkarriar.se\/grundskola\/wp-json\/wp\/v2\/users\/3"}],"replies":[{"embeddable":true,"href":"https:\/\/lararkarriar.se\/grundskola\/wp-json\/wp\/v2\/comments?post=6538"}],"version-history":[{"count":0,"href":"https:\/\/lararkarriar.se\/grundskola\/wp-json\/wp\/v2\/posts\/6538\/revisions"}],"wp:featuredmedia":[{"embeddable":true,"href":"https:\/\/lararkarriar.se\/grundskola\/wp-json\/wp\/v2\/media\/6539"}],"wp:attachment":[{"href":"https:\/\/lararkarriar.se\/grundskola\/wp-json\/wp\/v2\/media?parent=6538"}],"wp:term":[{"taxonomy":"category","embeddable":true,"href":"https:\/\/lararkarriar.se\/grundskola\/wp-json\/wp\/v2\/categories?post=6538"},{"taxonomy":"post_tag","embeddable":true,"href":"https:\/\/lararkarriar.se\/grundskola\/wp-json\/wp\/v2\/tags?post=6538"}],"curies":[{"name":"wp","href":"https:\/\/api.w.org\/{rel}","templated":true}]}}