{"id":6542,"date":"2019-02-13T12:00:39","date_gmt":"2019-02-13T10:00:39","guid":{"rendered":"http:\/\/lararkarriar.se\/grundskola\/?p=6542"},"modified":"2019-02-13T12:00:39","modified_gmt":"2019-02-13T10:00:39","slug":"framgangsrik-elevhalsa-kraver-samverkan-och-kvalitetsuppfoljning","status":"publish","type":"post","link":"https:\/\/lararkarriar.se\/grundskola\/2019\/02\/13\/framgangsrik-elevhalsa-kraver-samverkan-och-kvalitetsuppfoljning\/","title":{"rendered":"Framg\u00e5ngsrik elevh\u00e4lsa kr\u00e4ver samverkan och kvalitetsuppf\u00f6ljning"},"content":{"rendered":"<p><figure id=\"attachment_6543\" aria-describedby=\"caption-attachment-6543\" style=\"width: 964px\" class=\"wp-caption alignnone\"><img loading=\"lazy\" decoding=\"async\" src=\"https:\/\/lararkarriar.se\/grundskola\/wp-content\/uploads\/sites\/12\/2019\/02\/elevhalsa-ms-kanjfx.jpg\" alt=\"Catharina H\u00f6gstr\u00f6m, chef f\u00f6r elevh\u00e4lsa i Sandvikens kommun.\" width=\"964\" height=\"632\" class=\"size-full wp-image-6543\" srcset=\"https:\/\/lararkarriar.se\/grundskola\/wp-content\/uploads\/sites\/12\/2019\/02\/elevhalsa-ms-kanjfx.jpg 964w, https:\/\/lararkarriar.se\/grundskola\/wp-content\/uploads\/sites\/12\/2019\/02\/elevhalsa-ms-kanjfx-300x197.jpg 300w, https:\/\/lararkarriar.se\/grundskola\/wp-content\/uploads\/sites\/12\/2019\/02\/elevhalsa-ms-kanjfx-768x504.jpg 768w, https:\/\/lararkarriar.se\/grundskola\/wp-content\/uploads\/sites\/12\/2019\/02\/elevhalsa-ms-kanjfx-244x160.jpg 244w, https:\/\/lararkarriar.se\/grundskola\/wp-content\/uploads\/sites\/12\/2019\/02\/elevhalsa-ms-kanjfx-526x345.jpg 526w, https:\/\/lararkarriar.se\/grundskola\/wp-content\/uploads\/sites\/12\/2019\/02\/elevhalsa-ms-kanjfx-720x472.jpg 720w, https:\/\/lararkarriar.se\/grundskola\/wp-content\/uploads\/sites\/12\/2019\/02\/elevhalsa-ms-kanjfx-960x629.jpg 960w\" sizes=\"auto, (max-width: 964px) 100vw, 964px\" \/><figcaption id=\"caption-attachment-6543\" class=\"wp-caption-text\">Catharina H\u00f6gstr\u00f6m, chef f\u00f6r elevh\u00e4lsa i Sandvikens kommun.<\/figcaption><\/figure><strong>En v\u00e4lfungerande elevh\u00e4lsa \u00e4r en viktig st\u00f6dfunktion och en f\u00f6ruts\u00e4ttning f\u00f6r att kunna skapa en l\u00e4rmilj\u00f6 d\u00e4r b\u00e5de elever och skolpersonal kan trivas och m\u00e5 bra. Elevh\u00e4lsa \u00e4r en resurs som finns d\u00e4r f\u00f6r att st\u00f6tta s\u00e5v\u00e4l pedagoger som elever med fr\u00e4mjande och f\u00f6rebyggande arbete p\u00e5 organisations-, grupp- och individniv\u00e5.<\/strong><\/p>\n<p>Alla p\u00e5 skolan har ett gemensamt uppdrag i att bidra till att skapa milj\u00f6er som fr\u00e4mjar elevernas l\u00e4rande, utveckling och h\u00e4lsa.<br \/>\n\u2013 Elevh\u00e4lsa \u00e4r en viktig st\u00f6dfunktion f\u00f6r s\u00e5v\u00e4l elever som pedagoger och \u00f6vrig skolpersonal. Elevh\u00e4lsans professioner har en v\u00e4rdefull spetskompetens och har samtidigt ett brett fr\u00e4mjande och f\u00f6rebyggande uppdrag p\u00e5 organisations-, grupp- och individniv\u00e5, s\u00e4ger Catharina H\u00f6gstr\u00f6m, chef f\u00f6r elevh\u00e4lsa i Sandvikens kommun.<br \/>\nHon p\u00e5minner om att elevh\u00e4lsan \u00e4ven b\u00f6r fungera som en st\u00f6dfunktion f\u00f6r skolledningen, exempelvis i samband med beslutsfattande som kr\u00e4ver expertkompetens fr\u00e5n skolpsykologer och skolsk\u00f6terskor. <\/p>\n<p><strong>Underl\u00e4ttar prioritering<\/strong><br \/>\nEn utmaning i elevh\u00e4lsoarbetet \u00e4r att tydligg\u00f6ra uppdraget och att arbeta med det fr\u00e4mjande och f\u00f6rebyggande arbetet p\u00e5 organisations-, grupp- och individniv\u00e5. Ytterligare en utmaning \u00e4r, enligt Catharina H\u00f6gstr\u00f6m, att introducera ett systematiskt kvalitetsarbete f\u00f6r att kunna f\u00f6lja upp de insatser som genomf\u00f6rs.<br \/>\n\u2013 Eftersom elevh\u00e4lsans uppdrag \u00e4r s\u00e5 brett finns det m\u00e5nga f\u00f6rdelar med att tydligg\u00f6ra v\u00e5rt viktigaste uppdrag. Det g\u00f6r det till exempel l\u00e4ttare att prioritera r\u00e4tt och veta vad vi ska fokusera p\u00e5. En l\u00e5ngsiktig strategisk planering f\u00f6r det fr\u00e4mjande och f\u00f6rebyggande arbetet kan ocks\u00e5 underl\u00e4tta. Det \u00e4r ocks\u00e5 viktigt att elevh\u00e4lsans utg\u00e5ngspunkt \u00e4r det salutogena perspektivet, allts\u00e5 att man utg\u00e5r fr\u00e5n friskfaktorer n\u00e4r man planerar elevh\u00e4lsoarbetet och resonerar kring elevers l\u00e4rande och h\u00e4lsa. Det ing\u00e5r \u00e4ven i elevh\u00e4lsans roll att h\u00e5lla sig uppdaterad om de senaste forsknings\u00adresultaten, s\u00e4ger Catharina H\u00f6gstr\u00f6m. <\/p>\n<p><strong>Utv\u00e4rdera p\u00e5 kommunniv\u00e5<\/strong><br \/>\nHon betonar att mer resurser till elevh\u00e4lsan inte per automatik inneb\u00e4r att arbetet blir mer effektivt. Minst lika viktigt \u00e4r att analysera arbetss\u00e4tten f\u00f6r att komma fram till om man f\u00e5r den effekt man har t\u00e4nkt sig.<br \/>\n\u2013 En avg\u00f6rande framg\u00e5ngsfaktor f\u00f6r elevh\u00e4lsa \u00e4r att hitta en fungerande samverkan inom elevh\u00e4lsoteamet, annars \u00e4r det l\u00e4tt h\u00e4nt att varje profession verkar i sitt eget stupr\u00f6r. Jag tycker ocks\u00e5 att man med j\u00e4mna mellanrum beh\u00f6ver lyfta blicken och utv\u00e4rdera elevh\u00e4lsoarbetet p\u00e5 kommunniv\u00e5 och analysera skillnader och likheter med det man ser p\u00e5 skolniv\u00e5, s\u00e4ger Catharina H\u00f6gstr\u00f6m.<\/p>\n","protected":false},"excerpt":{"rendered":"<p>En v\u00e4lfungerande elevh\u00e4lsa \u00e4r en viktig st\u00f6dfunktion och en f\u00f6ruts\u00e4ttning f\u00f6r att kunna skapa en&#8230;<\/p>\n","protected":false},"author":3,"featured_media":6543,"comment_status":"closed","ping_status":"open","sticky":false,"template":"","format":"standard","meta":{"_acf_changed":false,"_monsterinsights_skip_tracking":false,"_monsterinsights_sitenote_active":false,"_monsterinsights_sitenote_note":"","_monsterinsights_sitenote_category":0,"footnotes":""},"categories":[1],"tags":[76,92,104,310,321,366],"class_list":["post-6542","post","type-post","status-publish","format-standard","has-post-thumbnail","hentry","category-artikel","tag-elevhalsa","tag-forebygga","tag-framgangsfaktor","tag-resurser","tag-sandvikens-kommun","tag-stodfunktion"],"acf":[],"yoast_head":"<!-- This site is optimized with the Yoast SEO plugin v27.3 - https:\/\/yoast.com\/product\/yoast-seo-wordpress\/ -->\n<title>Framg\u00e5ngsrik elevh\u00e4lsa kr\u00e4ver samverkan och kvalitetsuppf\u00f6ljning - Framtidens Karri\u00e4r \u2013 Grundskolel\u00e4rare<\/title>\n<meta name=\"robots\" content=\"index, follow, max-snippet:-1, max-image-preview:large, max-video-preview:-1\" \/>\n<link rel=\"canonical\" href=\"https:\/\/lararkarriar.se\/grundskola\/2019\/02\/13\/framgangsrik-elevhalsa-kraver-samverkan-och-kvalitetsuppfoljning\/\" \/>\n<meta property=\"og:locale\" content=\"sv_SE\" \/>\n<meta property=\"og:type\" content=\"article\" \/>\n<meta property=\"og:title\" content=\"Framg\u00e5ngsrik elevh\u00e4lsa kr\u00e4ver samverkan och kvalitetsuppf\u00f6ljning - Framtidens Karri\u00e4r \u2013 Grundskolel\u00e4rare\" \/>\n<meta property=\"og:description\" content=\"En v\u00e4lfungerande elevh\u00e4lsa \u00e4r en viktig st\u00f6dfunktion och en f\u00f6ruts\u00e4ttning f\u00f6r att kunna skapa en...\" \/>\n<meta property=\"og:url\" content=\"https:\/\/lararkarriar.se\/grundskola\/2019\/02\/13\/framgangsrik-elevhalsa-kraver-samverkan-och-kvalitetsuppfoljning\/\" \/>\n<meta property=\"og:site_name\" content=\"Framtidens Karri\u00e4r \u2013 Grundskolel\u00e4rare\" \/>\n<meta property=\"article:published_time\" content=\"2019-02-13T10:00:39+00:00\" \/>\n<meta property=\"og:image\" content=\"https:\/\/lararkarriar.se\/grundskola\/wp-content\/uploads\/sites\/12\/2019\/02\/elevhalsa-ms-kanjfx.jpg\" \/>\n\t<meta property=\"og:image:width\" content=\"964\" \/>\n\t<meta property=\"og:image:height\" content=\"632\" \/>\n\t<meta property=\"og:image:type\" content=\"image\/jpeg\" \/>\n<meta name=\"author\" content=\"stellanstal\" \/>\n<meta name=\"twitter:card\" content=\"summary_large_image\" \/>\n<meta name=\"twitter:label1\" content=\"Skriven av\" \/>\n\t<meta name=\"twitter:data1\" content=\"stellanstal\" \/>\n\t<meta name=\"twitter:label2\" content=\"Ber\u00e4knad l\u00e4stid\" \/>\n\t<meta name=\"twitter:data2\" content=\"2 minuter\" \/>\n<script type=\"application\/ld+json\" class=\"yoast-schema-graph\">{\"@context\":\"https:\\\/\\\/schema.org\",\"@graph\":[{\"@type\":\"Article\",\"@id\":\"https:\\\/\\\/lararkarriar.se\\\/grundskola\\\/2019\\\/02\\\/13\\\/framgangsrik-elevhalsa-kraver-samverkan-och-kvalitetsuppfoljning\\\/#article\",\"isPartOf\":{\"@id\":\"https:\\\/\\\/lararkarriar.se\\\/grundskola\\\/2019\\\/02\\\/13\\\/framgangsrik-elevhalsa-kraver-samverkan-och-kvalitetsuppfoljning\\\/\"},\"author\":{\"name\":\"stellanstal\",\"@id\":\"https:\\\/\\\/lararkarriar.se\\\/grundskola\\\/#\\\/schema\\\/person\\\/c8a43eb855191e573b73ecf8987a3b99\"},\"headline\":\"Framg\u00e5ngsrik elevh\u00e4lsa kr\u00e4ver samverkan och kvalitetsuppf\u00f6ljning\",\"datePublished\":\"2019-02-13T10:00:39+00:00\",\"mainEntityOfPage\":{\"@id\":\"https:\\\/\\\/lararkarriar.se\\\/grundskola\\\/2019\\\/02\\\/13\\\/framgangsrik-elevhalsa-kraver-samverkan-och-kvalitetsuppfoljning\\\/\"},\"wordCount\":501,\"image\":{\"@id\":\"https:\\\/\\\/lararkarriar.se\\\/grundskola\\\/2019\\\/02\\\/13\\\/framgangsrik-elevhalsa-kraver-samverkan-och-kvalitetsuppfoljning\\\/#primaryimage\"},\"thumbnailUrl\":\"https:\\\/\\\/lararkarriar.se\\\/grundskola\\\/wp-content\\\/uploads\\\/sites\\\/12\\\/2019\\\/02\\\/elevhalsa-ms-kanjfx.jpg\",\"keywords\":[\"Elevh\u00e4lsa\",\"F\u00f6rebygga\",\"Framg\u00e5ngsfaktor\",\"Resurser\",\"Sandvikens kommun\",\"St\u00f6dfunktion\"],\"articleSection\":[\"Artikel\"],\"inLanguage\":\"sv-SE\"},{\"@type\":\"WebPage\",\"@id\":\"https:\\\/\\\/lararkarriar.se\\\/grundskola\\\/2019\\\/02\\\/13\\\/framgangsrik-elevhalsa-kraver-samverkan-och-kvalitetsuppfoljning\\\/\",\"url\":\"https:\\\/\\\/lararkarriar.se\\\/grundskola\\\/2019\\\/02\\\/13\\\/framgangsrik-elevhalsa-kraver-samverkan-och-kvalitetsuppfoljning\\\/\",\"name\":\"Framg\u00e5ngsrik elevh\u00e4lsa kr\u00e4ver samverkan och kvalitetsuppf\u00f6ljning - Framtidens Karri\u00e4r \u2013 Grundskolel\u00e4rare\",\"isPartOf\":{\"@id\":\"https:\\\/\\\/lararkarriar.se\\\/grundskola\\\/#website\"},\"primaryImageOfPage\":{\"@id\":\"https:\\\/\\\/lararkarriar.se\\\/grundskola\\\/2019\\\/02\\\/13\\\/framgangsrik-elevhalsa-kraver-samverkan-och-kvalitetsuppfoljning\\\/#primaryimage\"},\"image\":{\"@id\":\"https:\\\/\\\/lararkarriar.se\\\/grundskola\\\/2019\\\/02\\\/13\\\/framgangsrik-elevhalsa-kraver-samverkan-och-kvalitetsuppfoljning\\\/#primaryimage\"},\"thumbnailUrl\":\"https:\\\/\\\/lararkarriar.se\\\/grundskola\\\/wp-content\\\/uploads\\\/sites\\\/12\\\/2019\\\/02\\\/elevhalsa-ms-kanjfx.jpg\",\"datePublished\":\"2019-02-13T10:00:39+00:00\",\"author\":{\"@id\":\"https:\\\/\\\/lararkarriar.se\\\/grundskola\\\/#\\\/schema\\\/person\\\/c8a43eb855191e573b73ecf8987a3b99\"},\"breadcrumb\":{\"@id\":\"https:\\\/\\\/lararkarriar.se\\\/grundskola\\\/2019\\\/02\\\/13\\\/framgangsrik-elevhalsa-kraver-samverkan-och-kvalitetsuppfoljning\\\/#breadcrumb\"},\"inLanguage\":\"sv-SE\",\"potentialAction\":[{\"@type\":\"ReadAction\",\"target\":[\"https:\\\/\\\/lararkarriar.se\\\/grundskola\\\/2019\\\/02\\\/13\\\/framgangsrik-elevhalsa-kraver-samverkan-och-kvalitetsuppfoljning\\\/\"]}]},{\"@type\":\"ImageObject\",\"inLanguage\":\"sv-SE\",\"@id\":\"https:\\\/\\\/lararkarriar.se\\\/grundskola\\\/2019\\\/02\\\/13\\\/framgangsrik-elevhalsa-kraver-samverkan-och-kvalitetsuppfoljning\\\/#primaryimage\",\"url\":\"https:\\\/\\\/lararkarriar.se\\\/grundskola\\\/wp-content\\\/uploads\\\/sites\\\/12\\\/2019\\\/02\\\/elevhalsa-ms-kanjfx.jpg\",\"contentUrl\":\"https:\\\/\\\/lararkarriar.se\\\/grundskola\\\/wp-content\\\/uploads\\\/sites\\\/12\\\/2019\\\/02\\\/elevhalsa-ms-kanjfx.jpg\",\"width\":964,\"height\":632,\"caption\":\"Catharina H\u00f6gstr\u00f6m, chef f\u00f6r elevh\u00e4lsa i Sandvikens kommun.\"},{\"@type\":\"BreadcrumbList\",\"@id\":\"https:\\\/\\\/lararkarriar.se\\\/grundskola\\\/2019\\\/02\\\/13\\\/framgangsrik-elevhalsa-kraver-samverkan-och-kvalitetsuppfoljning\\\/#breadcrumb\",\"itemListElement\":[{\"@type\":\"ListItem\",\"position\":1,\"name\":\"Home\",\"item\":\"https:\\\/\\\/lararkarriar.se\\\/grundskola\\\/\"},{\"@type\":\"ListItem\",\"position\":2,\"name\":\"Framg\u00e5ngsrik elevh\u00e4lsa kr\u00e4ver samverkan och kvalitetsuppf\u00f6ljning\"}]},{\"@type\":\"WebSite\",\"@id\":\"https:\\\/\\\/lararkarriar.se\\\/grundskola\\\/#website\",\"url\":\"https:\\\/\\\/lararkarriar.se\\\/grundskola\\\/\",\"name\":\"Framtidens Karri\u00e4r \u2013 Grundskolel\u00e4rare\",\"description\":\"Just another NMDashboard.se Sites site\",\"potentialAction\":[{\"@type\":\"SearchAction\",\"target\":{\"@type\":\"EntryPoint\",\"urlTemplate\":\"https:\\\/\\\/lararkarriar.se\\\/grundskola\\\/?s={search_term_string}\"},\"query-input\":{\"@type\":\"PropertyValueSpecification\",\"valueRequired\":true,\"valueName\":\"search_term_string\"}}],\"inLanguage\":\"sv-SE\"},{\"@type\":\"Person\",\"@id\":\"https:\\\/\\\/lararkarriar.se\\\/grundskola\\\/#\\\/schema\\\/person\\\/c8a43eb855191e573b73ecf8987a3b99\",\"name\":\"stellanstal\",\"image\":{\"@type\":\"ImageObject\",\"inLanguage\":\"sv-SE\",\"@id\":\"https:\\\/\\\/secure.gravatar.com\\\/avatar\\\/cd330fa6bb17f598124b2068ee0b189e4fe0987a50af9d53b78410836060d0c9?s=96&d=mm&r=g\",\"url\":\"https:\\\/\\\/secure.gravatar.com\\\/avatar\\\/cd330fa6bb17f598124b2068ee0b189e4fe0987a50af9d53b78410836060d0c9?s=96&d=mm&r=g\",\"contentUrl\":\"https:\\\/\\\/secure.gravatar.com\\\/avatar\\\/cd330fa6bb17f598124b2068ee0b189e4fe0987a50af9d53b78410836060d0c9?s=96&d=mm&r=g\",\"caption\":\"stellanstal\"},\"url\":\"https:\\\/\\\/lararkarriar.se\\\/grundskola\\\/author\\\/stellanstal\\\/\"}]}<\/script>\n<!-- \/ Yoast SEO plugin. -->","yoast_head_json":{"title":"Framg\u00e5ngsrik elevh\u00e4lsa kr\u00e4ver samverkan och kvalitetsuppf\u00f6ljning - Framtidens Karri\u00e4r \u2013 Grundskolel\u00e4rare","robots":{"index":"index","follow":"follow","max-snippet":"max-snippet:-1","max-image-preview":"max-image-preview:large","max-video-preview":"max-video-preview:-1"},"canonical":"https:\/\/lararkarriar.se\/grundskola\/2019\/02\/13\/framgangsrik-elevhalsa-kraver-samverkan-och-kvalitetsuppfoljning\/","og_locale":"sv_SE","og_type":"article","og_title":"Framg\u00e5ngsrik elevh\u00e4lsa kr\u00e4ver samverkan och kvalitetsuppf\u00f6ljning - Framtidens Karri\u00e4r \u2013 Grundskolel\u00e4rare","og_description":"En v\u00e4lfungerande elevh\u00e4lsa \u00e4r en viktig st\u00f6dfunktion och en f\u00f6ruts\u00e4ttning f\u00f6r att kunna skapa en...","og_url":"https:\/\/lararkarriar.se\/grundskola\/2019\/02\/13\/framgangsrik-elevhalsa-kraver-samverkan-och-kvalitetsuppfoljning\/","og_site_name":"Framtidens Karri\u00e4r \u2013 Grundskolel\u00e4rare","article_published_time":"2019-02-13T10:00:39+00:00","og_image":[{"width":964,"height":632,"url":"https:\/\/lararkarriar.se\/grundskola\/wp-content\/uploads\/sites\/12\/2019\/02\/elevhalsa-ms-kanjfx.jpg","type":"image\/jpeg"}],"author":"stellanstal","twitter_card":"summary_large_image","twitter_misc":{"Skriven av":"stellanstal","Ber\u00e4knad l\u00e4stid":"2 minuter"},"schema":{"@context":"https:\/\/schema.org","@graph":[{"@type":"Article","@id":"https:\/\/lararkarriar.se\/grundskola\/2019\/02\/13\/framgangsrik-elevhalsa-kraver-samverkan-och-kvalitetsuppfoljning\/#article","isPartOf":{"@id":"https:\/\/lararkarriar.se\/grundskola\/2019\/02\/13\/framgangsrik-elevhalsa-kraver-samverkan-och-kvalitetsuppfoljning\/"},"author":{"name":"stellanstal","@id":"https:\/\/lararkarriar.se\/grundskola\/#\/schema\/person\/c8a43eb855191e573b73ecf8987a3b99"},"headline":"Framg\u00e5ngsrik elevh\u00e4lsa kr\u00e4ver samverkan och kvalitetsuppf\u00f6ljning","datePublished":"2019-02-13T10:00:39+00:00","mainEntityOfPage":{"@id":"https:\/\/lararkarriar.se\/grundskola\/2019\/02\/13\/framgangsrik-elevhalsa-kraver-samverkan-och-kvalitetsuppfoljning\/"},"wordCount":501,"image":{"@id":"https:\/\/lararkarriar.se\/grundskola\/2019\/02\/13\/framgangsrik-elevhalsa-kraver-samverkan-och-kvalitetsuppfoljning\/#primaryimage"},"thumbnailUrl":"https:\/\/lararkarriar.se\/grundskola\/wp-content\/uploads\/sites\/12\/2019\/02\/elevhalsa-ms-kanjfx.jpg","keywords":["Elevh\u00e4lsa","F\u00f6rebygga","Framg\u00e5ngsfaktor","Resurser","Sandvikens kommun","St\u00f6dfunktion"],"articleSection":["Artikel"],"inLanguage":"sv-SE"},{"@type":"WebPage","@id":"https:\/\/lararkarriar.se\/grundskola\/2019\/02\/13\/framgangsrik-elevhalsa-kraver-samverkan-och-kvalitetsuppfoljning\/","url":"https:\/\/lararkarriar.se\/grundskola\/2019\/02\/13\/framgangsrik-elevhalsa-kraver-samverkan-och-kvalitetsuppfoljning\/","name":"Framg\u00e5ngsrik elevh\u00e4lsa kr\u00e4ver samverkan och kvalitetsuppf\u00f6ljning - Framtidens Karri\u00e4r \u2013 Grundskolel\u00e4rare","isPartOf":{"@id":"https:\/\/lararkarriar.se\/grundskola\/#website"},"primaryImageOfPage":{"@id":"https:\/\/lararkarriar.se\/grundskola\/2019\/02\/13\/framgangsrik-elevhalsa-kraver-samverkan-och-kvalitetsuppfoljning\/#primaryimage"},"image":{"@id":"https:\/\/lararkarriar.se\/grundskola\/2019\/02\/13\/framgangsrik-elevhalsa-kraver-samverkan-och-kvalitetsuppfoljning\/#primaryimage"},"thumbnailUrl":"https:\/\/lararkarriar.se\/grundskola\/wp-content\/uploads\/sites\/12\/2019\/02\/elevhalsa-ms-kanjfx.jpg","datePublished":"2019-02-13T10:00:39+00:00","author":{"@id":"https:\/\/lararkarriar.se\/grundskola\/#\/schema\/person\/c8a43eb855191e573b73ecf8987a3b99"},"breadcrumb":{"@id":"https:\/\/lararkarriar.se\/grundskola\/2019\/02\/13\/framgangsrik-elevhalsa-kraver-samverkan-och-kvalitetsuppfoljning\/#breadcrumb"},"inLanguage":"sv-SE","potentialAction":[{"@type":"ReadAction","target":["https:\/\/lararkarriar.se\/grundskola\/2019\/02\/13\/framgangsrik-elevhalsa-kraver-samverkan-och-kvalitetsuppfoljning\/"]}]},{"@type":"ImageObject","inLanguage":"sv-SE","@id":"https:\/\/lararkarriar.se\/grundskola\/2019\/02\/13\/framgangsrik-elevhalsa-kraver-samverkan-och-kvalitetsuppfoljning\/#primaryimage","url":"https:\/\/lararkarriar.se\/grundskola\/wp-content\/uploads\/sites\/12\/2019\/02\/elevhalsa-ms-kanjfx.jpg","contentUrl":"https:\/\/lararkarriar.se\/grundskola\/wp-content\/uploads\/sites\/12\/2019\/02\/elevhalsa-ms-kanjfx.jpg","width":964,"height":632,"caption":"Catharina H\u00f6gstr\u00f6m, chef f\u00f6r elevh\u00e4lsa i Sandvikens kommun."},{"@type":"BreadcrumbList","@id":"https:\/\/lararkarriar.se\/grundskola\/2019\/02\/13\/framgangsrik-elevhalsa-kraver-samverkan-och-kvalitetsuppfoljning\/#breadcrumb","itemListElement":[{"@type":"ListItem","position":1,"name":"Home","item":"https:\/\/lararkarriar.se\/grundskola\/"},{"@type":"ListItem","position":2,"name":"Framg\u00e5ngsrik elevh\u00e4lsa kr\u00e4ver samverkan och kvalitetsuppf\u00f6ljning"}]},{"@type":"WebSite","@id":"https:\/\/lararkarriar.se\/grundskola\/#website","url":"https:\/\/lararkarriar.se\/grundskola\/","name":"Framtidens Karri\u00e4r \u2013 Grundskolel\u00e4rare","description":"Just another NMDashboard.se Sites site","potentialAction":[{"@type":"SearchAction","target":{"@type":"EntryPoint","urlTemplate":"https:\/\/lararkarriar.se\/grundskola\/?s={search_term_string}"},"query-input":{"@type":"PropertyValueSpecification","valueRequired":true,"valueName":"search_term_string"}}],"inLanguage":"sv-SE"},{"@type":"Person","@id":"https:\/\/lararkarriar.se\/grundskola\/#\/schema\/person\/c8a43eb855191e573b73ecf8987a3b99","name":"stellanstal","image":{"@type":"ImageObject","inLanguage":"sv-SE","@id":"https:\/\/secure.gravatar.com\/avatar\/cd330fa6bb17f598124b2068ee0b189e4fe0987a50af9d53b78410836060d0c9?s=96&d=mm&r=g","url":"https:\/\/secure.gravatar.com\/avatar\/cd330fa6bb17f598124b2068ee0b189e4fe0987a50af9d53b78410836060d0c9?s=96&d=mm&r=g","contentUrl":"https:\/\/secure.gravatar.com\/avatar\/cd330fa6bb17f598124b2068ee0b189e4fe0987a50af9d53b78410836060d0c9?s=96&d=mm&r=g","caption":"stellanstal"},"url":"https:\/\/lararkarriar.se\/grundskola\/author\/stellanstal\/"}]}},"_links":{"self":[{"href":"https:\/\/lararkarriar.se\/grundskola\/wp-json\/wp\/v2\/posts\/6542","targetHints":{"allow":["GET"]}}],"collection":[{"href":"https:\/\/lararkarriar.se\/grundskola\/wp-json\/wp\/v2\/posts"}],"about":[{"href":"https:\/\/lararkarriar.se\/grundskola\/wp-json\/wp\/v2\/types\/post"}],"author":[{"embeddable":true,"href":"https:\/\/lararkarriar.se\/grundskola\/wp-json\/wp\/v2\/users\/3"}],"replies":[{"embeddable":true,"href":"https:\/\/lararkarriar.se\/grundskola\/wp-json\/wp\/v2\/comments?post=6542"}],"version-history":[{"count":0,"href":"https:\/\/lararkarriar.se\/grundskola\/wp-json\/wp\/v2\/posts\/6542\/revisions"}],"wp:featuredmedia":[{"embeddable":true,"href":"https:\/\/lararkarriar.se\/grundskola\/wp-json\/wp\/v2\/media\/6543"}],"wp:attachment":[{"href":"https:\/\/lararkarriar.se\/grundskola\/wp-json\/wp\/v2\/media?parent=6542"}],"wp:term":[{"taxonomy":"category","embeddable":true,"href":"https:\/\/lararkarriar.se\/grundskola\/wp-json\/wp\/v2\/categories?post=6542"},{"taxonomy":"post_tag","embeddable":true,"href":"https:\/\/lararkarriar.se\/grundskola\/wp-json\/wp\/v2\/tags?post=6542"}],"curies":[{"name":"wp","href":"https:\/\/api.w.org\/{rel}","templated":true}]}}