{"id":6558,"date":"2019-02-13T14:35:11","date_gmt":"2019-02-13T12:35:11","guid":{"rendered":"http:\/\/lararkarriar.se\/grundskola\/?p=6558"},"modified":"2019-02-13T14:35:11","modified_gmt":"2019-02-13T12:35:11","slug":"rankingen-ar-viktig-for-skolans-utveckling","status":"publish","type":"post","link":"https:\/\/lararkarriar.se\/grundskola\/2019\/02\/13\/rankingen-ar-viktig-for-skolans-utveckling\/","title":{"rendered":"Rankingen \u00e4r viktig f\u00f6r skolans utveckling"},"content":{"rendered":"<p><figure id=\"attachment_6559\" aria-describedby=\"caption-attachment-6559\" style=\"width: 1000px\" class=\"wp-caption alignnone\"><img loading=\"lazy\" decoding=\"async\" src=\"https:\/\/lararkarriar.se\/grundskola\/wp-content\/uploads\/sites\/12\/2019\/02\/ranking-d017456.jpg\" alt=\"Johanna Jaara \u00c5strand, ordf\u00f6rande L\u00e4rarf\u00f6rbundet. Foto: L\u00e4rarf\u00f6rbundet\" width=\"1000\" height=\"692\" class=\"size-full wp-image-6559\" srcset=\"https:\/\/lararkarriar.se\/grundskola\/wp-content\/uploads\/sites\/12\/2019\/02\/ranking-d017456.jpg 1000w, https:\/\/lararkarriar.se\/grundskola\/wp-content\/uploads\/sites\/12\/2019\/02\/ranking-d017456-300x208.jpg 300w, https:\/\/lararkarriar.se\/grundskola\/wp-content\/uploads\/sites\/12\/2019\/02\/ranking-d017456-768x531.jpg 768w, https:\/\/lararkarriar.se\/grundskola\/wp-content\/uploads\/sites\/12\/2019\/02\/ranking-d017456-231x160.jpg 231w, https:\/\/lararkarriar.se\/grundskola\/wp-content\/uploads\/sites\/12\/2019\/02\/ranking-d017456-526x364.jpg 526w, https:\/\/lararkarriar.se\/grundskola\/wp-content\/uploads\/sites\/12\/2019\/02\/ranking-d017456-720x498.jpg 720w, https:\/\/lararkarriar.se\/grundskola\/wp-content\/uploads\/sites\/12\/2019\/02\/ranking-d017456-960x664.jpg 960w\" sizes=\"auto, (max-width: 1000px) 100vw, 1000px\" \/><figcaption id=\"caption-attachment-6559\" class=\"wp-caption-text\">Johanna Jaara \u00c5strand, ordf\u00f6rande L\u00e4rarf\u00f6rbundet. Foto: L\u00e4rarf\u00f6rbundet<\/figcaption><\/figure><strong>L\u00e4rarf\u00f6rbundet utser sedan sjutton \u00e5r tillbaka Sveriges b\u00e4sta skolkommun. Rankingen s\u00e4tter fokus p\u00e5 kommunernas viktiga roll som huvudm\u00e4n f\u00f6r skolan.<\/strong><\/p>\n<p>V\u00e5r ranking har under m\u00e5nga \u00e5r bidragit till att f\u00e5 ig\u00e5ng lokala samtal kring styrkor och f\u00f6rb\u00e4ttrings\u00e5tg\u00e4rder i kommuner runtom i landet. L\u00e4rares f\u00f6ruts\u00e4ttningar \u00e4r centrala f\u00f6r elevernas kunskapsutveckling och de kommuner som arbetar medvetet med att s\u00e4kra r\u00e4tt f\u00f6ruts\u00e4ttningar lyckas ocks\u00e5 i B\u00e4sta skolkommun, s\u00e4ger L\u00e4rarf\u00f6rbundets ordf\u00f6rande Johanna Jaara \u00c5strand.<br \/>\nB\u00e4sta skolkommun rankar inte enskilda skolor eller l\u00e4rare. Ist\u00e4llet rankas hur kommuner har satsat p\u00e5 sin skola, och vad de f\u00e5r ut utifr\u00e5n 13 olika kriterier. Bland annat m\u00e4ts andel utbildade l\u00e4rare, l\u00e4rart\u00e4thet, genomsnittligt meritv\u00e4rde i \u00e5rskurs nio, andelen elever som \u00e4r godk\u00e4nda i alla \u00e4mnen i \u00e5rskurs nio samt resurser till undervisningen. <\/p>\n<p><strong>Driver p\u00e5 satsningar<\/strong><br \/>\n\u2013 B\u00e4sta skolkommun s\u00e4tter ljuset p\u00e5 vad som beh\u00f6ver g\u00f6ras f\u00f6r att skapa en skola med h\u00f6g kvalitet som \u00e4r likv\u00e4rdig f\u00f6r alla elever. Det som k\u00e4nnetecknar de kommuner som lyckas \u00e4r att de har en gemensam m\u00e5ls\u00e4ttning, en plan f\u00f6r vad som kr\u00e4vs f\u00f6r att n\u00e5 dit och en konstruktiv dialog om n\u00f6dv\u00e4ndiga \u00e5tg\u00e4rder, s\u00e4ger Johanna Jaara \u00c5strand.<br \/>\nSveriges b\u00e4sta skolkommun \u00e4r den st\u00f6rsta och bredaste rankingen i sitt slag. B\u00e4sta skolkommun \u00e4r inte bara ett verktyg f\u00f6r att visa hur mycket landets 290 kommuner v\u00e4ljer att satsa p\u00e5 skolan \u2013 det \u00e4r ocks\u00e5 ett verktyg f\u00f6r att synligg\u00f6ra n\u00f6dv\u00e4ndiga \u00e5tg\u00e4rder.<br \/>\n\u2013 Det viktigaste \u00e4r att man som kommun har koll p\u00e5 sin egen utveckling och en id\u00e9 om vad man vill med sin skola. Idag st\u00e5r tyv\u00e4rr l\u00e4rarbristen i v\u00e4gen f\u00f6r varje elevs r\u00e4tt att undervisas av utbildade, beh\u00f6riga l\u00e4rare. F\u00f6r att fler ska vilja bli och f\u00f6rbli l\u00e4rare beh\u00f6ver Sverige attraktiva l\u00e4rararbetsgivare som v\u00e4rnar om och v\u00e4rderar sin l\u00e4rark\u00e5r \u00f6verallt, s\u00e4ger Johanna Jaara \u00c5strand.<\/p>\n<div class=\"faktaruta2-title\">B\u00e4sta skolkommun 2018<\/div><div class=\"faktaruta2\"><\/p>\n<table style=\"border: 0px\">\n<tr>\n<td style=\"border: 0px\"><strong>Plats<\/strong><\/td>\n<td style=\"border: 0px\"><strong>Kommun<\/strong><\/td>\n<td style=\"border: 0px\"><strong>Po\u00e4ng<\/strong><\/td>\n<td style=\"border: 0px\"><strong>2017<\/strong><\/td>\n<\/tr>\n<tr bgcolor=\"#daf0f2\">\n<td style=\"border: 0px\">1<\/td>\n<td style=\"border: 0px\">Vellinge<\/td>\n<td style=\"border: 0px\">732<\/td>\n<td style=\"border: 0px\">1<\/td>\n<\/tr>\n<tr>\n<td style=\"border: 0px\">2<\/td>\n<td style=\"border: 0px\"> Orust <\/td>\n<td style=\"border: 0px\">930<\/td>\n<td style=\"border: 0px\">2<\/td>\n<\/tr>\n<tr bgcolor=\"#daf0f2\">\n<td style=\"border: 0px\">3<\/td>\n<td style=\"border: 0px\"> Vadstena <\/td>\n<td style=\"border: 0px\">1045<\/td>\n<td style=\"border: 0px\">12<\/td>\n<\/tr>\n<tr>\n<td style=\"border: 0px\">4<\/td>\n<td style=\"border: 0px\"> B\u00e5stad <\/td>\n<td style=\"border: 0px\">1089<\/td>\n<td style=\"border: 0px\">21<\/td>\n<\/tr>\n<tr bgcolor=\"#daf0f2\">\n<td style=\"border: 0px\">5<\/td>\n<td style=\"border: 0px\"> Torsby <\/td>\n<td style=\"border: 0px\">1165<\/td>\n<td style=\"border: 0px\">87<\/td>\n<\/tr>\n<tr>\n<td style=\"border: 0px\">6<\/td>\n<td style=\"border: 0px\"> Borgholm <\/td>\n<td style=\"border: 0px\">1172<\/td>\n<td style=\"border: 0px\">26<\/td>\n<\/tr>\n<tr bgcolor=\"#daf0f2\">\n<td style=\"border: 0px\">7<\/td>\n<td style=\"border: 0px\"> \u00d6desh\u00f6g <\/td>\n<td style=\"border: 0px\">1274<\/td>\n<td style=\"border: 0px\">74<\/td>\n<\/tr>\n<tr>\n<td style=\"border: 0px\">8<\/td>\n<td style=\"border: 0px\"> Pite\u00e5 <\/td>\n<td style=\"border: 0px\">1281<\/td>\n<td style=\"border: 0px\">6<\/td>\n<\/tr>\n<tr bgcolor=\"#daf0f2\">\n<td style=\"border: 0px\">9<\/td>\n<td style=\"border: 0px\"> Karlsborg <\/td>\n<td style=\"border: 0px\">1321<\/td>\n<td style=\"border: 0px\">129<\/td>\n<\/tr>\n<tr>\n<td style=\"border: 0px\">10<\/td>\n<td style=\"border: 0px\"> Kalmar <\/td>\n<td style=\"border: 0px\">1327<\/td>\n<td style=\"border: 0px\">4<\/td>\n<\/tr>\n<\/table>\n<p><\/div>\n","protected":false},"excerpt":{"rendered":"<p>L\u00e4rarf\u00f6rbundet utser sedan sjutton \u00e5r tillbaka Sveriges b\u00e4sta skolkommun. Rankingen s\u00e4tter fokus p\u00e5 kommunernas viktiga&#8230;<\/p>\n","protected":false},"author":3,"featured_media":6559,"comment_status":"closed","ping_status":"open","sticky":false,"template":"","format":"standard","meta":{"_acf_changed":false,"_monsterinsights_skip_tracking":false,"_monsterinsights_sitenote_active":false,"_monsterinsights_sitenote_note":"","_monsterinsights_sitenote_category":0,"footnotes":""},"categories":[1],"tags":[29,204,300,323,427],"class_list":["post-6558","post","type-post","status-publish","format-standard","has-post-thumbnail","hentry","category-artikel","tag-arets-skolkommun","tag-lararforbundet","tag-ranking","tag-satsningar","tag-utveckling"],"acf":[],"yoast_head":"<!-- This site is optimized with the Yoast SEO plugin v27.3 - https:\/\/yoast.com\/product\/yoast-seo-wordpress\/ -->\n<title>Rankingen \u00e4r viktig f\u00f6r skolans utveckling - Framtidens Karri\u00e4r \u2013 Grundskolel\u00e4rare<\/title>\n<meta name=\"robots\" content=\"index, follow, max-snippet:-1, max-image-preview:large, max-video-preview:-1\" \/>\n<link rel=\"canonical\" href=\"https:\/\/lararkarriar.se\/grundskola\/2019\/02\/13\/rankingen-ar-viktig-for-skolans-utveckling\/\" \/>\n<meta property=\"og:locale\" content=\"sv_SE\" \/>\n<meta property=\"og:type\" content=\"article\" \/>\n<meta property=\"og:title\" content=\"Rankingen \u00e4r viktig f\u00f6r skolans utveckling - Framtidens Karri\u00e4r \u2013 Grundskolel\u00e4rare\" \/>\n<meta property=\"og:description\" content=\"L\u00e4rarf\u00f6rbundet utser sedan sjutton \u00e5r tillbaka Sveriges b\u00e4sta skolkommun. Rankingen s\u00e4tter fokus p\u00e5 kommunernas viktiga...\" \/>\n<meta property=\"og:url\" content=\"https:\/\/lararkarriar.se\/grundskola\/2019\/02\/13\/rankingen-ar-viktig-for-skolans-utveckling\/\" \/>\n<meta property=\"og:site_name\" content=\"Framtidens Karri\u00e4r \u2013 Grundskolel\u00e4rare\" \/>\n<meta property=\"article:published_time\" content=\"2019-02-13T12:35:11+00:00\" \/>\n<meta property=\"og:image\" content=\"https:\/\/lararkarriar.se\/grundskola\/wp-content\/uploads\/sites\/12\/2019\/02\/ranking-d017456.jpg\" \/>\n\t<meta property=\"og:image:width\" content=\"1000\" \/>\n\t<meta property=\"og:image:height\" content=\"692\" \/>\n\t<meta property=\"og:image:type\" content=\"image\/jpeg\" \/>\n<meta name=\"author\" content=\"stellanstal\" \/>\n<meta name=\"twitter:card\" content=\"summary_large_image\" \/>\n<meta name=\"twitter:label1\" content=\"Skriven av\" \/>\n\t<meta name=\"twitter:data1\" content=\"stellanstal\" \/>\n\t<meta name=\"twitter:label2\" content=\"Ber\u00e4knad l\u00e4stid\" \/>\n\t<meta name=\"twitter:data2\" content=\"2 minuter\" \/>\n<script type=\"application\/ld+json\" class=\"yoast-schema-graph\">{\"@context\":\"https:\\\/\\\/schema.org\",\"@graph\":[{\"@type\":\"Article\",\"@id\":\"https:\\\/\\\/lararkarriar.se\\\/grundskola\\\/2019\\\/02\\\/13\\\/rankingen-ar-viktig-for-skolans-utveckling\\\/#article\",\"isPartOf\":{\"@id\":\"https:\\\/\\\/lararkarriar.se\\\/grundskola\\\/2019\\\/02\\\/13\\\/rankingen-ar-viktig-for-skolans-utveckling\\\/\"},\"author\":{\"name\":\"stellanstal\",\"@id\":\"https:\\\/\\\/lararkarriar.se\\\/grundskola\\\/#\\\/schema\\\/person\\\/c8a43eb855191e573b73ecf8987a3b99\"},\"headline\":\"Rankingen \u00e4r viktig f\u00f6r skolans utveckling\",\"datePublished\":\"2019-02-13T12:35:11+00:00\",\"mainEntityOfPage\":{\"@id\":\"https:\\\/\\\/lararkarriar.se\\\/grundskola\\\/2019\\\/02\\\/13\\\/rankingen-ar-viktig-for-skolans-utveckling\\\/\"},\"wordCount\":420,\"image\":{\"@id\":\"https:\\\/\\\/lararkarriar.se\\\/grundskola\\\/2019\\\/02\\\/13\\\/rankingen-ar-viktig-for-skolans-utveckling\\\/#primaryimage\"},\"thumbnailUrl\":\"https:\\\/\\\/lararkarriar.se\\\/grundskola\\\/wp-content\\\/uploads\\\/sites\\\/12\\\/2019\\\/02\\\/ranking-d017456.jpg\",\"keywords\":[\"\u00c5rets skolkommun\",\"L\u00e4rarf\u00f6rbundet\",\"Ranking\",\"Satsningar\",\"Utveckling\"],\"articleSection\":[\"Artikel\"],\"inLanguage\":\"sv-SE\"},{\"@type\":\"WebPage\",\"@id\":\"https:\\\/\\\/lararkarriar.se\\\/grundskola\\\/2019\\\/02\\\/13\\\/rankingen-ar-viktig-for-skolans-utveckling\\\/\",\"url\":\"https:\\\/\\\/lararkarriar.se\\\/grundskola\\\/2019\\\/02\\\/13\\\/rankingen-ar-viktig-for-skolans-utveckling\\\/\",\"name\":\"Rankingen \u00e4r viktig f\u00f6r skolans utveckling - Framtidens Karri\u00e4r \u2013 Grundskolel\u00e4rare\",\"isPartOf\":{\"@id\":\"https:\\\/\\\/lararkarriar.se\\\/grundskola\\\/#website\"},\"primaryImageOfPage\":{\"@id\":\"https:\\\/\\\/lararkarriar.se\\\/grundskola\\\/2019\\\/02\\\/13\\\/rankingen-ar-viktig-for-skolans-utveckling\\\/#primaryimage\"},\"image\":{\"@id\":\"https:\\\/\\\/lararkarriar.se\\\/grundskola\\\/2019\\\/02\\\/13\\\/rankingen-ar-viktig-for-skolans-utveckling\\\/#primaryimage\"},\"thumbnailUrl\":\"https:\\\/\\\/lararkarriar.se\\\/grundskola\\\/wp-content\\\/uploads\\\/sites\\\/12\\\/2019\\\/02\\\/ranking-d017456.jpg\",\"datePublished\":\"2019-02-13T12:35:11+00:00\",\"author\":{\"@id\":\"https:\\\/\\\/lararkarriar.se\\\/grundskola\\\/#\\\/schema\\\/person\\\/c8a43eb855191e573b73ecf8987a3b99\"},\"breadcrumb\":{\"@id\":\"https:\\\/\\\/lararkarriar.se\\\/grundskola\\\/2019\\\/02\\\/13\\\/rankingen-ar-viktig-for-skolans-utveckling\\\/#breadcrumb\"},\"inLanguage\":\"sv-SE\",\"potentialAction\":[{\"@type\":\"ReadAction\",\"target\":[\"https:\\\/\\\/lararkarriar.se\\\/grundskola\\\/2019\\\/02\\\/13\\\/rankingen-ar-viktig-for-skolans-utveckling\\\/\"]}]},{\"@type\":\"ImageObject\",\"inLanguage\":\"sv-SE\",\"@id\":\"https:\\\/\\\/lararkarriar.se\\\/grundskola\\\/2019\\\/02\\\/13\\\/rankingen-ar-viktig-for-skolans-utveckling\\\/#primaryimage\",\"url\":\"https:\\\/\\\/lararkarriar.se\\\/grundskola\\\/wp-content\\\/uploads\\\/sites\\\/12\\\/2019\\\/02\\\/ranking-d017456.jpg\",\"contentUrl\":\"https:\\\/\\\/lararkarriar.se\\\/grundskola\\\/wp-content\\\/uploads\\\/sites\\\/12\\\/2019\\\/02\\\/ranking-d017456.jpg\",\"width\":1000,\"height\":692,\"caption\":\"Johanna Jaara \u00c5strand, ordf\u00f6rande L\u00e4rarf\u00f6rbundet. Foto: L\u00e4rarf\u00f6rbundet\"},{\"@type\":\"BreadcrumbList\",\"@id\":\"https:\\\/\\\/lararkarriar.se\\\/grundskola\\\/2019\\\/02\\\/13\\\/rankingen-ar-viktig-for-skolans-utveckling\\\/#breadcrumb\",\"itemListElement\":[{\"@type\":\"ListItem\",\"position\":1,\"name\":\"Home\",\"item\":\"https:\\\/\\\/lararkarriar.se\\\/grundskola\\\/\"},{\"@type\":\"ListItem\",\"position\":2,\"name\":\"Rankingen \u00e4r viktig f\u00f6r skolans utveckling\"}]},{\"@type\":\"WebSite\",\"@id\":\"https:\\\/\\\/lararkarriar.se\\\/grundskola\\\/#website\",\"url\":\"https:\\\/\\\/lararkarriar.se\\\/grundskola\\\/\",\"name\":\"Framtidens Karri\u00e4r \u2013 Grundskolel\u00e4rare\",\"description\":\"Just another NMDashboard.se Sites site\",\"potentialAction\":[{\"@type\":\"SearchAction\",\"target\":{\"@type\":\"EntryPoint\",\"urlTemplate\":\"https:\\\/\\\/lararkarriar.se\\\/grundskola\\\/?s={search_term_string}\"},\"query-input\":{\"@type\":\"PropertyValueSpecification\",\"valueRequired\":true,\"valueName\":\"search_term_string\"}}],\"inLanguage\":\"sv-SE\"},{\"@type\":\"Person\",\"@id\":\"https:\\\/\\\/lararkarriar.se\\\/grundskola\\\/#\\\/schema\\\/person\\\/c8a43eb855191e573b73ecf8987a3b99\",\"name\":\"stellanstal\",\"image\":{\"@type\":\"ImageObject\",\"inLanguage\":\"sv-SE\",\"@id\":\"https:\\\/\\\/secure.gravatar.com\\\/avatar\\\/cd330fa6bb17f598124b2068ee0b189e4fe0987a50af9d53b78410836060d0c9?s=96&d=mm&r=g\",\"url\":\"https:\\\/\\\/secure.gravatar.com\\\/avatar\\\/cd330fa6bb17f598124b2068ee0b189e4fe0987a50af9d53b78410836060d0c9?s=96&d=mm&r=g\",\"contentUrl\":\"https:\\\/\\\/secure.gravatar.com\\\/avatar\\\/cd330fa6bb17f598124b2068ee0b189e4fe0987a50af9d53b78410836060d0c9?s=96&d=mm&r=g\",\"caption\":\"stellanstal\"},\"url\":\"https:\\\/\\\/lararkarriar.se\\\/grundskola\\\/author\\\/stellanstal\\\/\"}]}<\/script>\n<!-- \/ Yoast SEO plugin. -->","yoast_head_json":{"title":"Rankingen \u00e4r viktig f\u00f6r skolans utveckling - Framtidens Karri\u00e4r \u2013 Grundskolel\u00e4rare","robots":{"index":"index","follow":"follow","max-snippet":"max-snippet:-1","max-image-preview":"max-image-preview:large","max-video-preview":"max-video-preview:-1"},"canonical":"https:\/\/lararkarriar.se\/grundskola\/2019\/02\/13\/rankingen-ar-viktig-for-skolans-utveckling\/","og_locale":"sv_SE","og_type":"article","og_title":"Rankingen \u00e4r viktig f\u00f6r skolans utveckling - Framtidens Karri\u00e4r \u2013 Grundskolel\u00e4rare","og_description":"L\u00e4rarf\u00f6rbundet utser sedan sjutton \u00e5r tillbaka Sveriges b\u00e4sta skolkommun. Rankingen s\u00e4tter fokus p\u00e5 kommunernas viktiga...","og_url":"https:\/\/lararkarriar.se\/grundskola\/2019\/02\/13\/rankingen-ar-viktig-for-skolans-utveckling\/","og_site_name":"Framtidens Karri\u00e4r \u2013 Grundskolel\u00e4rare","article_published_time":"2019-02-13T12:35:11+00:00","og_image":[{"width":1000,"height":692,"url":"https:\/\/lararkarriar.se\/grundskola\/wp-content\/uploads\/sites\/12\/2019\/02\/ranking-d017456.jpg","type":"image\/jpeg"}],"author":"stellanstal","twitter_card":"summary_large_image","twitter_misc":{"Skriven av":"stellanstal","Ber\u00e4knad l\u00e4stid":"2 minuter"},"schema":{"@context":"https:\/\/schema.org","@graph":[{"@type":"Article","@id":"https:\/\/lararkarriar.se\/grundskola\/2019\/02\/13\/rankingen-ar-viktig-for-skolans-utveckling\/#article","isPartOf":{"@id":"https:\/\/lararkarriar.se\/grundskola\/2019\/02\/13\/rankingen-ar-viktig-for-skolans-utveckling\/"},"author":{"name":"stellanstal","@id":"https:\/\/lararkarriar.se\/grundskola\/#\/schema\/person\/c8a43eb855191e573b73ecf8987a3b99"},"headline":"Rankingen \u00e4r viktig f\u00f6r skolans utveckling","datePublished":"2019-02-13T12:35:11+00:00","mainEntityOfPage":{"@id":"https:\/\/lararkarriar.se\/grundskola\/2019\/02\/13\/rankingen-ar-viktig-for-skolans-utveckling\/"},"wordCount":420,"image":{"@id":"https:\/\/lararkarriar.se\/grundskola\/2019\/02\/13\/rankingen-ar-viktig-for-skolans-utveckling\/#primaryimage"},"thumbnailUrl":"https:\/\/lararkarriar.se\/grundskola\/wp-content\/uploads\/sites\/12\/2019\/02\/ranking-d017456.jpg","keywords":["\u00c5rets skolkommun","L\u00e4rarf\u00f6rbundet","Ranking","Satsningar","Utveckling"],"articleSection":["Artikel"],"inLanguage":"sv-SE"},{"@type":"WebPage","@id":"https:\/\/lararkarriar.se\/grundskola\/2019\/02\/13\/rankingen-ar-viktig-for-skolans-utveckling\/","url":"https:\/\/lararkarriar.se\/grundskola\/2019\/02\/13\/rankingen-ar-viktig-for-skolans-utveckling\/","name":"Rankingen \u00e4r viktig f\u00f6r skolans utveckling - Framtidens Karri\u00e4r \u2013 Grundskolel\u00e4rare","isPartOf":{"@id":"https:\/\/lararkarriar.se\/grundskola\/#website"},"primaryImageOfPage":{"@id":"https:\/\/lararkarriar.se\/grundskola\/2019\/02\/13\/rankingen-ar-viktig-for-skolans-utveckling\/#primaryimage"},"image":{"@id":"https:\/\/lararkarriar.se\/grundskola\/2019\/02\/13\/rankingen-ar-viktig-for-skolans-utveckling\/#primaryimage"},"thumbnailUrl":"https:\/\/lararkarriar.se\/grundskola\/wp-content\/uploads\/sites\/12\/2019\/02\/ranking-d017456.jpg","datePublished":"2019-02-13T12:35:11+00:00","author":{"@id":"https:\/\/lararkarriar.se\/grundskola\/#\/schema\/person\/c8a43eb855191e573b73ecf8987a3b99"},"breadcrumb":{"@id":"https:\/\/lararkarriar.se\/grundskola\/2019\/02\/13\/rankingen-ar-viktig-for-skolans-utveckling\/#breadcrumb"},"inLanguage":"sv-SE","potentialAction":[{"@type":"ReadAction","target":["https:\/\/lararkarriar.se\/grundskola\/2019\/02\/13\/rankingen-ar-viktig-for-skolans-utveckling\/"]}]},{"@type":"ImageObject","inLanguage":"sv-SE","@id":"https:\/\/lararkarriar.se\/grundskola\/2019\/02\/13\/rankingen-ar-viktig-for-skolans-utveckling\/#primaryimage","url":"https:\/\/lararkarriar.se\/grundskola\/wp-content\/uploads\/sites\/12\/2019\/02\/ranking-d017456.jpg","contentUrl":"https:\/\/lararkarriar.se\/grundskola\/wp-content\/uploads\/sites\/12\/2019\/02\/ranking-d017456.jpg","width":1000,"height":692,"caption":"Johanna Jaara \u00c5strand, ordf\u00f6rande L\u00e4rarf\u00f6rbundet. Foto: L\u00e4rarf\u00f6rbundet"},{"@type":"BreadcrumbList","@id":"https:\/\/lararkarriar.se\/grundskola\/2019\/02\/13\/rankingen-ar-viktig-for-skolans-utveckling\/#breadcrumb","itemListElement":[{"@type":"ListItem","position":1,"name":"Home","item":"https:\/\/lararkarriar.se\/grundskola\/"},{"@type":"ListItem","position":2,"name":"Rankingen \u00e4r viktig f\u00f6r skolans utveckling"}]},{"@type":"WebSite","@id":"https:\/\/lararkarriar.se\/grundskola\/#website","url":"https:\/\/lararkarriar.se\/grundskola\/","name":"Framtidens Karri\u00e4r \u2013 Grundskolel\u00e4rare","description":"Just another NMDashboard.se Sites site","potentialAction":[{"@type":"SearchAction","target":{"@type":"EntryPoint","urlTemplate":"https:\/\/lararkarriar.se\/grundskola\/?s={search_term_string}"},"query-input":{"@type":"PropertyValueSpecification","valueRequired":true,"valueName":"search_term_string"}}],"inLanguage":"sv-SE"},{"@type":"Person","@id":"https:\/\/lararkarriar.se\/grundskola\/#\/schema\/person\/c8a43eb855191e573b73ecf8987a3b99","name":"stellanstal","image":{"@type":"ImageObject","inLanguage":"sv-SE","@id":"https:\/\/secure.gravatar.com\/avatar\/cd330fa6bb17f598124b2068ee0b189e4fe0987a50af9d53b78410836060d0c9?s=96&d=mm&r=g","url":"https:\/\/secure.gravatar.com\/avatar\/cd330fa6bb17f598124b2068ee0b189e4fe0987a50af9d53b78410836060d0c9?s=96&d=mm&r=g","contentUrl":"https:\/\/secure.gravatar.com\/avatar\/cd330fa6bb17f598124b2068ee0b189e4fe0987a50af9d53b78410836060d0c9?s=96&d=mm&r=g","caption":"stellanstal"},"url":"https:\/\/lararkarriar.se\/grundskola\/author\/stellanstal\/"}]}},"_links":{"self":[{"href":"https:\/\/lararkarriar.se\/grundskola\/wp-json\/wp\/v2\/posts\/6558","targetHints":{"allow":["GET"]}}],"collection":[{"href":"https:\/\/lararkarriar.se\/grundskola\/wp-json\/wp\/v2\/posts"}],"about":[{"href":"https:\/\/lararkarriar.se\/grundskola\/wp-json\/wp\/v2\/types\/post"}],"author":[{"embeddable":true,"href":"https:\/\/lararkarriar.se\/grundskola\/wp-json\/wp\/v2\/users\/3"}],"replies":[{"embeddable":true,"href":"https:\/\/lararkarriar.se\/grundskola\/wp-json\/wp\/v2\/comments?post=6558"}],"version-history":[{"count":0,"href":"https:\/\/lararkarriar.se\/grundskola\/wp-json\/wp\/v2\/posts\/6558\/revisions"}],"wp:featuredmedia":[{"embeddable":true,"href":"https:\/\/lararkarriar.se\/grundskola\/wp-json\/wp\/v2\/media\/6559"}],"wp:attachment":[{"href":"https:\/\/lararkarriar.se\/grundskola\/wp-json\/wp\/v2\/media?parent=6558"}],"wp:term":[{"taxonomy":"category","embeddable":true,"href":"https:\/\/lararkarriar.se\/grundskola\/wp-json\/wp\/v2\/categories?post=6558"},{"taxonomy":"post_tag","embeddable":true,"href":"https:\/\/lararkarriar.se\/grundskola\/wp-json\/wp\/v2\/tags?post=6558"}],"curies":[{"name":"wp","href":"https:\/\/api.w.org\/{rel}","templated":true}]}}