{"id":6566,"date":"2019-02-13T14:39:27","date_gmt":"2019-02-13T12:39:27","guid":{"rendered":"http:\/\/lararkarriar.se\/grundskola\/?p=6566"},"modified":"2019-02-13T14:39:27","modified_gmt":"2019-02-13T12:39:27","slug":"tydlig-vision-och-kollegialt-larande-framjar-skolans-digitalisering","status":"publish","type":"post","link":"https:\/\/lararkarriar.se\/grundskola\/2019\/02\/13\/tydlig-vision-och-kollegialt-larande-framjar-skolans-digitalisering\/","title":{"rendered":"Tydlig vision och kollegialt l\u00e4rande fr\u00e4mjar skolans digitalisering"},"content":{"rendered":"<p><figure id=\"attachment_6567\" aria-describedby=\"caption-attachment-6567\" style=\"width: 1000px\" class=\"wp-caption alignnone\"><img loading=\"lazy\" decoding=\"async\" src=\"https:\/\/lararkarriar.se\/grundskola\/wp-content\/uploads\/sites\/12\/2019\/02\/guldapplet-amelie.jpg\" alt=\"Amelie Wahlstr\u00f6m, rektor p\u00e5 Rudsskolan i Karlstad, som tilldelades Guld\u00e4pplets s\u00e4rskilda pris.\" width=\"1000\" height=\"629\" class=\"size-full wp-image-6567\" srcset=\"https:\/\/lararkarriar.se\/grundskola\/wp-content\/uploads\/sites\/12\/2019\/02\/guldapplet-amelie.jpg 1000w, https:\/\/lararkarriar.se\/grundskola\/wp-content\/uploads\/sites\/12\/2019\/02\/guldapplet-amelie-300x189.jpg 300w, https:\/\/lararkarriar.se\/grundskola\/wp-content\/uploads\/sites\/12\/2019\/02\/guldapplet-amelie-768x483.jpg 768w, https:\/\/lararkarriar.se\/grundskola\/wp-content\/uploads\/sites\/12\/2019\/02\/guldapplet-amelie-254x160.jpg 254w, https:\/\/lararkarriar.se\/grundskola\/wp-content\/uploads\/sites\/12\/2019\/02\/guldapplet-amelie-526x331.jpg 526w, https:\/\/lararkarriar.se\/grundskola\/wp-content\/uploads\/sites\/12\/2019\/02\/guldapplet-amelie-720x453.jpg 720w, https:\/\/lararkarriar.se\/grundskola\/wp-content\/uploads\/sites\/12\/2019\/02\/guldapplet-amelie-960x604.jpg 960w\" sizes=\"auto, (max-width: 1000px) 100vw, 1000px\" \/><figcaption id=\"caption-attachment-6567\" class=\"wp-caption-text\">Amelie Wahlstr\u00f6m, rektor p\u00e5 Rudsskolan i Karlstad, som tilldelades Guld\u00e4pplets s\u00e4rskilda pris.<\/figcaption><\/figure><strong>Varje \u00e5r delas Guld\u00e4pplet ut, ett l\u00e4rarstipendium som uppm\u00e4rksammar l\u00e4rares engagemang f\u00f6r och arbete med digitalisering. Amelie Wahlstr\u00f6m, rektor p\u00e5 Rudsskolan i Karlstad, tilldelades \u00e5rets s\u00e4rskilda pris f\u00f6r att hon som rektor visat prov p\u00e5 det ledarskap som kr\u00e4vs f\u00f6r att lyckas i det genomgripande digitaliseringsarbete som skolan st\u00e5r inf\u00f6r. <\/strong><\/p>\n<p>\u2013 En av mina fr\u00e4msta framg\u00e5ngsfaktorer i att leda digitaliseringsarbetet \u00e4r att verkligen v\u00e5ga satsa, l\u00e5ngsiktigt och konsekvent. N\u00e4r v\u00e5r skola involverades i ett digitaliseringsprojekt som initierats av flera privata f\u00f6retag best\u00e4mde vi oss f\u00f6r att verkligen g\u00f6ra en gemensam och l\u00e5ngsiktig kraftsamling. Som rektor \u00e4r det viktigt att v\u00e5ga staka ut riktningen, visa att digitaliseringsarbetet \u00e4r viktigt och vara tydlig med att kontinuerligt kommunicera den \u00f6vergripande visionen, s\u00e4ger Amelie Wahlstr\u00f6m.<\/p>\n<p><strong>Goda exempel fr\u00e4mjar l\u00e4rande<\/strong><br \/>\nAtt lyfta fram goda exempel bland l\u00e4rarna och d\u00e4rigenom fr\u00e4mja kollegialt l\u00e4rande n\u00e4r det g\u00e4ller digitalisering \u00e4r ytterligare en framg\u00e5ngsfaktor f\u00f6r Amelie Wahlstr\u00f6m.<br \/>\n\u2013 Det \u00e4r viktigt att uppm\u00e4rksamma och tillvarata all den digitala kompetens som finns bland l\u00e4rarna genom att skapa en kultur d\u00e4r l\u00e4rarna ges m\u00f6jlighet att f\u00f6ra vidare sina digitala erfarenheter till varandra. Jag tror ocks\u00e5 mycket p\u00e5 att ingjuta mod i l\u00e4rarna genom att uppmuntra dem att v\u00e5ga prova sig fram med olika digitala verktyg. Viktigast av allt \u00e4r f\u00f6rmodligen mitt genuina engagemang f\u00f6r digitaliseringen av skolan. Jag brinner verkligen f\u00f6r det h\u00e4r, vilket f\u00f6rhoppningsvis har smittat av sig p\u00e5 l\u00e4rarna, s\u00e4ger hon.<\/p>\n<div class=\"faktaruta2-title\">Amelie Wahlstr\u00f6ms r\u00e5d f\u00f6r ett framg\u00e5ngsrikt digitaliseringsarbete i grundskolan:<\/div><div class=\"faktaruta2\"><strong>\u2022 Formulera ett tydligt \u00f6vergripande m\u00e5l<\/strong> f\u00f6r skolans samlade digitaliseringsarbete. Kommunicera det till samtliga l\u00e4rare s\u00e5 alla k\u00e4nner sig delaktiga i och arbetar mot samma digitaliseringsm\u00e5l.<br \/>\n<strong>\u2022 Visa prov p\u00e5 ett l\u00e5ngsiktigt engagemang.<\/strong> Att digitalisera skolan g\u00e5r inte \u00f6ver en natt; l\u00e5ngsiktighet och konsekvens \u00e4r n\u00f6dv\u00e4ndigt. Som skolledare b\u00f6r du uppmuntra ett probleml\u00f6sande f\u00f6rh\u00e5llnings\u00e4tt och vara beredd att st\u00e4rka l\u00e4rarna n\u00e4r de st\u00f6ter p\u00e5 motg\u00e5ngar.<br \/>\n<strong>\u2022 Ha t\u00e5lamod och var flexibel.<\/strong> Var lyh\u00f6rd f\u00f6r l\u00e4rarnas tankar och synpunkter kring skolans digitalisering och var beredd att \u00e4ndra riktning om det beh\u00f6vs f\u00f6r att ni ska \u00f6ka f\u00f6ruts\u00e4ttningarna att n\u00e5 ert l\u00e5ngsiktiga digitaliseringsm\u00e5l.<\/div>\n","protected":false},"excerpt":{"rendered":"<p>Varje \u00e5r delas Guld\u00e4pplet ut, ett l\u00e4rarstipendium som uppm\u00e4rksammar l\u00e4rares engagemang f\u00f6r och arbete med&#8230;<\/p>\n","protected":false},"author":3,"featured_media":6567,"comment_status":"closed","ping_status":"open","sticky":false,"template":"","format":"standard","meta":{"_acf_changed":false,"_monsterinsights_skip_tracking":false,"_monsterinsights_sitenote_active":false,"_monsterinsights_sitenote_note":"","_monsterinsights_sitenote_category":0,"footnotes":""},"categories":[1],"tags":[68,69,105,122,363],"class_list":["post-6566","post","type-post","status-publish","format-standard","has-post-thumbnail","hentry","category-artikel","tag-digitalisering","tag-digitaliseringsarbete","tag-framgangsfaktorer","tag-guldapplet","tag-stipendium"],"acf":[],"yoast_head":"<!-- This site is optimized with the Yoast SEO plugin v27.3 - https:\/\/yoast.com\/product\/yoast-seo-wordpress\/ -->\n<title>Tydlig vision och kollegialt l\u00e4rande fr\u00e4mjar skolans digitalisering - Framtidens Karri\u00e4r \u2013 Grundskolel\u00e4rare<\/title>\n<meta name=\"robots\" content=\"index, follow, max-snippet:-1, max-image-preview:large, max-video-preview:-1\" \/>\n<link rel=\"canonical\" href=\"https:\/\/lararkarriar.se\/grundskola\/2019\/02\/13\/tydlig-vision-och-kollegialt-larande-framjar-skolans-digitalisering\/\" \/>\n<meta property=\"og:locale\" content=\"sv_SE\" \/>\n<meta property=\"og:type\" content=\"article\" \/>\n<meta property=\"og:title\" content=\"Tydlig vision och kollegialt l\u00e4rande fr\u00e4mjar skolans digitalisering - Framtidens Karri\u00e4r \u2013 Grundskolel\u00e4rare\" \/>\n<meta property=\"og:description\" content=\"Varje \u00e5r delas Guld\u00e4pplet ut, ett l\u00e4rarstipendium som uppm\u00e4rksammar l\u00e4rares engagemang f\u00f6r och arbete med...\" \/>\n<meta property=\"og:url\" content=\"https:\/\/lararkarriar.se\/grundskola\/2019\/02\/13\/tydlig-vision-och-kollegialt-larande-framjar-skolans-digitalisering\/\" \/>\n<meta property=\"og:site_name\" content=\"Framtidens Karri\u00e4r \u2013 Grundskolel\u00e4rare\" \/>\n<meta property=\"article:published_time\" content=\"2019-02-13T12:39:27+00:00\" \/>\n<meta property=\"og:image\" content=\"https:\/\/lararkarriar.se\/grundskola\/wp-content\/uploads\/sites\/12\/2019\/02\/guldapplet-amelie.jpg\" \/>\n\t<meta property=\"og:image:width\" content=\"1000\" \/>\n\t<meta property=\"og:image:height\" content=\"629\" \/>\n\t<meta property=\"og:image:type\" content=\"image\/jpeg\" \/>\n<meta name=\"author\" content=\"stellanstal\" \/>\n<meta name=\"twitter:card\" content=\"summary_large_image\" \/>\n<meta name=\"twitter:label1\" content=\"Skriven av\" \/>\n\t<meta name=\"twitter:data1\" content=\"stellanstal\" \/>\n\t<meta name=\"twitter:label2\" content=\"Ber\u00e4knad l\u00e4stid\" \/>\n\t<meta name=\"twitter:data2\" content=\"2 minuter\" \/>\n<script type=\"application\/ld+json\" class=\"yoast-schema-graph\">{\"@context\":\"https:\\\/\\\/schema.org\",\"@graph\":[{\"@type\":\"Article\",\"@id\":\"https:\\\/\\\/lararkarriar.se\\\/grundskola\\\/2019\\\/02\\\/13\\\/tydlig-vision-och-kollegialt-larande-framjar-skolans-digitalisering\\\/#article\",\"isPartOf\":{\"@id\":\"https:\\\/\\\/lararkarriar.se\\\/grundskola\\\/2019\\\/02\\\/13\\\/tydlig-vision-och-kollegialt-larande-framjar-skolans-digitalisering\\\/\"},\"author\":{\"name\":\"stellanstal\",\"@id\":\"https:\\\/\\\/lararkarriar.se\\\/grundskola\\\/#\\\/schema\\\/person\\\/c8a43eb855191e573b73ecf8987a3b99\"},\"headline\":\"Tydlig vision och kollegialt l\u00e4rande fr\u00e4mjar skolans digitalisering\",\"datePublished\":\"2019-02-13T12:39:27+00:00\",\"mainEntityOfPage\":{\"@id\":\"https:\\\/\\\/lararkarriar.se\\\/grundskola\\\/2019\\\/02\\\/13\\\/tydlig-vision-och-kollegialt-larande-framjar-skolans-digitalisering\\\/\"},\"wordCount\":458,\"image\":{\"@id\":\"https:\\\/\\\/lararkarriar.se\\\/grundskola\\\/2019\\\/02\\\/13\\\/tydlig-vision-och-kollegialt-larande-framjar-skolans-digitalisering\\\/#primaryimage\"},\"thumbnailUrl\":\"https:\\\/\\\/lararkarriar.se\\\/grundskola\\\/wp-content\\\/uploads\\\/sites\\\/12\\\/2019\\\/02\\\/guldapplet-amelie.jpg\",\"keywords\":[\"Digitalisering\",\"Digitaliseringsarbete\",\"Framg\u00e5ngsfaktorer\",\"Guld\u00e4pplet\",\"Stipendium\"],\"articleSection\":[\"Artikel\"],\"inLanguage\":\"sv-SE\"},{\"@type\":\"WebPage\",\"@id\":\"https:\\\/\\\/lararkarriar.se\\\/grundskola\\\/2019\\\/02\\\/13\\\/tydlig-vision-och-kollegialt-larande-framjar-skolans-digitalisering\\\/\",\"url\":\"https:\\\/\\\/lararkarriar.se\\\/grundskola\\\/2019\\\/02\\\/13\\\/tydlig-vision-och-kollegialt-larande-framjar-skolans-digitalisering\\\/\",\"name\":\"Tydlig vision och kollegialt l\u00e4rande fr\u00e4mjar skolans digitalisering - Framtidens Karri\u00e4r \u2013 Grundskolel\u00e4rare\",\"isPartOf\":{\"@id\":\"https:\\\/\\\/lararkarriar.se\\\/grundskola\\\/#website\"},\"primaryImageOfPage\":{\"@id\":\"https:\\\/\\\/lararkarriar.se\\\/grundskola\\\/2019\\\/02\\\/13\\\/tydlig-vision-och-kollegialt-larande-framjar-skolans-digitalisering\\\/#primaryimage\"},\"image\":{\"@id\":\"https:\\\/\\\/lararkarriar.se\\\/grundskola\\\/2019\\\/02\\\/13\\\/tydlig-vision-och-kollegialt-larande-framjar-skolans-digitalisering\\\/#primaryimage\"},\"thumbnailUrl\":\"https:\\\/\\\/lararkarriar.se\\\/grundskola\\\/wp-content\\\/uploads\\\/sites\\\/12\\\/2019\\\/02\\\/guldapplet-amelie.jpg\",\"datePublished\":\"2019-02-13T12:39:27+00:00\",\"author\":{\"@id\":\"https:\\\/\\\/lararkarriar.se\\\/grundskola\\\/#\\\/schema\\\/person\\\/c8a43eb855191e573b73ecf8987a3b99\"},\"breadcrumb\":{\"@id\":\"https:\\\/\\\/lararkarriar.se\\\/grundskola\\\/2019\\\/02\\\/13\\\/tydlig-vision-och-kollegialt-larande-framjar-skolans-digitalisering\\\/#breadcrumb\"},\"inLanguage\":\"sv-SE\",\"potentialAction\":[{\"@type\":\"ReadAction\",\"target\":[\"https:\\\/\\\/lararkarriar.se\\\/grundskola\\\/2019\\\/02\\\/13\\\/tydlig-vision-och-kollegialt-larande-framjar-skolans-digitalisering\\\/\"]}]},{\"@type\":\"ImageObject\",\"inLanguage\":\"sv-SE\",\"@id\":\"https:\\\/\\\/lararkarriar.se\\\/grundskola\\\/2019\\\/02\\\/13\\\/tydlig-vision-och-kollegialt-larande-framjar-skolans-digitalisering\\\/#primaryimage\",\"url\":\"https:\\\/\\\/lararkarriar.se\\\/grundskola\\\/wp-content\\\/uploads\\\/sites\\\/12\\\/2019\\\/02\\\/guldapplet-amelie.jpg\",\"contentUrl\":\"https:\\\/\\\/lararkarriar.se\\\/grundskola\\\/wp-content\\\/uploads\\\/sites\\\/12\\\/2019\\\/02\\\/guldapplet-amelie.jpg\",\"width\":1000,\"height\":629,\"caption\":\"Amelie Wahlstr\u00f6m, rektor p\u00e5 Rudsskolan i Karlstad, som tilldelades Guld\u00e4pplets s\u00e4rskilda pris.\"},{\"@type\":\"BreadcrumbList\",\"@id\":\"https:\\\/\\\/lararkarriar.se\\\/grundskola\\\/2019\\\/02\\\/13\\\/tydlig-vision-och-kollegialt-larande-framjar-skolans-digitalisering\\\/#breadcrumb\",\"itemListElement\":[{\"@type\":\"ListItem\",\"position\":1,\"name\":\"Home\",\"item\":\"https:\\\/\\\/lararkarriar.se\\\/grundskola\\\/\"},{\"@type\":\"ListItem\",\"position\":2,\"name\":\"Tydlig vision och kollegialt l\u00e4rande fr\u00e4mjar skolans digitalisering\"}]},{\"@type\":\"WebSite\",\"@id\":\"https:\\\/\\\/lararkarriar.se\\\/grundskola\\\/#website\",\"url\":\"https:\\\/\\\/lararkarriar.se\\\/grundskola\\\/\",\"name\":\"Framtidens Karri\u00e4r \u2013 Grundskolel\u00e4rare\",\"description\":\"Just another NMDashboard.se Sites site\",\"potentialAction\":[{\"@type\":\"SearchAction\",\"target\":{\"@type\":\"EntryPoint\",\"urlTemplate\":\"https:\\\/\\\/lararkarriar.se\\\/grundskola\\\/?s={search_term_string}\"},\"query-input\":{\"@type\":\"PropertyValueSpecification\",\"valueRequired\":true,\"valueName\":\"search_term_string\"}}],\"inLanguage\":\"sv-SE\"},{\"@type\":\"Person\",\"@id\":\"https:\\\/\\\/lararkarriar.se\\\/grundskola\\\/#\\\/schema\\\/person\\\/c8a43eb855191e573b73ecf8987a3b99\",\"name\":\"stellanstal\",\"image\":{\"@type\":\"ImageObject\",\"inLanguage\":\"sv-SE\",\"@id\":\"https:\\\/\\\/secure.gravatar.com\\\/avatar\\\/cd330fa6bb17f598124b2068ee0b189e4fe0987a50af9d53b78410836060d0c9?s=96&d=mm&r=g\",\"url\":\"https:\\\/\\\/secure.gravatar.com\\\/avatar\\\/cd330fa6bb17f598124b2068ee0b189e4fe0987a50af9d53b78410836060d0c9?s=96&d=mm&r=g\",\"contentUrl\":\"https:\\\/\\\/secure.gravatar.com\\\/avatar\\\/cd330fa6bb17f598124b2068ee0b189e4fe0987a50af9d53b78410836060d0c9?s=96&d=mm&r=g\",\"caption\":\"stellanstal\"},\"url\":\"https:\\\/\\\/lararkarriar.se\\\/grundskola\\\/author\\\/stellanstal\\\/\"}]}<\/script>\n<!-- \/ Yoast SEO plugin. -->","yoast_head_json":{"title":"Tydlig vision och kollegialt l\u00e4rande fr\u00e4mjar skolans digitalisering - Framtidens Karri\u00e4r \u2013 Grundskolel\u00e4rare","robots":{"index":"index","follow":"follow","max-snippet":"max-snippet:-1","max-image-preview":"max-image-preview:large","max-video-preview":"max-video-preview:-1"},"canonical":"https:\/\/lararkarriar.se\/grundskola\/2019\/02\/13\/tydlig-vision-och-kollegialt-larande-framjar-skolans-digitalisering\/","og_locale":"sv_SE","og_type":"article","og_title":"Tydlig vision och kollegialt l\u00e4rande fr\u00e4mjar skolans digitalisering - Framtidens Karri\u00e4r \u2013 Grundskolel\u00e4rare","og_description":"Varje \u00e5r delas Guld\u00e4pplet ut, ett l\u00e4rarstipendium som uppm\u00e4rksammar l\u00e4rares engagemang f\u00f6r och arbete med...","og_url":"https:\/\/lararkarriar.se\/grundskola\/2019\/02\/13\/tydlig-vision-och-kollegialt-larande-framjar-skolans-digitalisering\/","og_site_name":"Framtidens Karri\u00e4r \u2013 Grundskolel\u00e4rare","article_published_time":"2019-02-13T12:39:27+00:00","og_image":[{"width":1000,"height":629,"url":"https:\/\/lararkarriar.se\/grundskola\/wp-content\/uploads\/sites\/12\/2019\/02\/guldapplet-amelie.jpg","type":"image\/jpeg"}],"author":"stellanstal","twitter_card":"summary_large_image","twitter_misc":{"Skriven av":"stellanstal","Ber\u00e4knad l\u00e4stid":"2 minuter"},"schema":{"@context":"https:\/\/schema.org","@graph":[{"@type":"Article","@id":"https:\/\/lararkarriar.se\/grundskola\/2019\/02\/13\/tydlig-vision-och-kollegialt-larande-framjar-skolans-digitalisering\/#article","isPartOf":{"@id":"https:\/\/lararkarriar.se\/grundskola\/2019\/02\/13\/tydlig-vision-och-kollegialt-larande-framjar-skolans-digitalisering\/"},"author":{"name":"stellanstal","@id":"https:\/\/lararkarriar.se\/grundskola\/#\/schema\/person\/c8a43eb855191e573b73ecf8987a3b99"},"headline":"Tydlig vision och kollegialt l\u00e4rande fr\u00e4mjar skolans digitalisering","datePublished":"2019-02-13T12:39:27+00:00","mainEntityOfPage":{"@id":"https:\/\/lararkarriar.se\/grundskola\/2019\/02\/13\/tydlig-vision-och-kollegialt-larande-framjar-skolans-digitalisering\/"},"wordCount":458,"image":{"@id":"https:\/\/lararkarriar.se\/grundskola\/2019\/02\/13\/tydlig-vision-och-kollegialt-larande-framjar-skolans-digitalisering\/#primaryimage"},"thumbnailUrl":"https:\/\/lararkarriar.se\/grundskola\/wp-content\/uploads\/sites\/12\/2019\/02\/guldapplet-amelie.jpg","keywords":["Digitalisering","Digitaliseringsarbete","Framg\u00e5ngsfaktorer","Guld\u00e4pplet","Stipendium"],"articleSection":["Artikel"],"inLanguage":"sv-SE"},{"@type":"WebPage","@id":"https:\/\/lararkarriar.se\/grundskola\/2019\/02\/13\/tydlig-vision-och-kollegialt-larande-framjar-skolans-digitalisering\/","url":"https:\/\/lararkarriar.se\/grundskola\/2019\/02\/13\/tydlig-vision-och-kollegialt-larande-framjar-skolans-digitalisering\/","name":"Tydlig vision och kollegialt l\u00e4rande fr\u00e4mjar skolans digitalisering - Framtidens Karri\u00e4r \u2013 Grundskolel\u00e4rare","isPartOf":{"@id":"https:\/\/lararkarriar.se\/grundskola\/#website"},"primaryImageOfPage":{"@id":"https:\/\/lararkarriar.se\/grundskola\/2019\/02\/13\/tydlig-vision-och-kollegialt-larande-framjar-skolans-digitalisering\/#primaryimage"},"image":{"@id":"https:\/\/lararkarriar.se\/grundskola\/2019\/02\/13\/tydlig-vision-och-kollegialt-larande-framjar-skolans-digitalisering\/#primaryimage"},"thumbnailUrl":"https:\/\/lararkarriar.se\/grundskola\/wp-content\/uploads\/sites\/12\/2019\/02\/guldapplet-amelie.jpg","datePublished":"2019-02-13T12:39:27+00:00","author":{"@id":"https:\/\/lararkarriar.se\/grundskola\/#\/schema\/person\/c8a43eb855191e573b73ecf8987a3b99"},"breadcrumb":{"@id":"https:\/\/lararkarriar.se\/grundskola\/2019\/02\/13\/tydlig-vision-och-kollegialt-larande-framjar-skolans-digitalisering\/#breadcrumb"},"inLanguage":"sv-SE","potentialAction":[{"@type":"ReadAction","target":["https:\/\/lararkarriar.se\/grundskola\/2019\/02\/13\/tydlig-vision-och-kollegialt-larande-framjar-skolans-digitalisering\/"]}]},{"@type":"ImageObject","inLanguage":"sv-SE","@id":"https:\/\/lararkarriar.se\/grundskola\/2019\/02\/13\/tydlig-vision-och-kollegialt-larande-framjar-skolans-digitalisering\/#primaryimage","url":"https:\/\/lararkarriar.se\/grundskola\/wp-content\/uploads\/sites\/12\/2019\/02\/guldapplet-amelie.jpg","contentUrl":"https:\/\/lararkarriar.se\/grundskola\/wp-content\/uploads\/sites\/12\/2019\/02\/guldapplet-amelie.jpg","width":1000,"height":629,"caption":"Amelie Wahlstr\u00f6m, rektor p\u00e5 Rudsskolan i Karlstad, som tilldelades Guld\u00e4pplets s\u00e4rskilda pris."},{"@type":"BreadcrumbList","@id":"https:\/\/lararkarriar.se\/grundskola\/2019\/02\/13\/tydlig-vision-och-kollegialt-larande-framjar-skolans-digitalisering\/#breadcrumb","itemListElement":[{"@type":"ListItem","position":1,"name":"Home","item":"https:\/\/lararkarriar.se\/grundskola\/"},{"@type":"ListItem","position":2,"name":"Tydlig vision och kollegialt l\u00e4rande fr\u00e4mjar skolans digitalisering"}]},{"@type":"WebSite","@id":"https:\/\/lararkarriar.se\/grundskola\/#website","url":"https:\/\/lararkarriar.se\/grundskola\/","name":"Framtidens Karri\u00e4r \u2013 Grundskolel\u00e4rare","description":"Just another NMDashboard.se Sites site","potentialAction":[{"@type":"SearchAction","target":{"@type":"EntryPoint","urlTemplate":"https:\/\/lararkarriar.se\/grundskola\/?s={search_term_string}"},"query-input":{"@type":"PropertyValueSpecification","valueRequired":true,"valueName":"search_term_string"}}],"inLanguage":"sv-SE"},{"@type":"Person","@id":"https:\/\/lararkarriar.se\/grundskola\/#\/schema\/person\/c8a43eb855191e573b73ecf8987a3b99","name":"stellanstal","image":{"@type":"ImageObject","inLanguage":"sv-SE","@id":"https:\/\/secure.gravatar.com\/avatar\/cd330fa6bb17f598124b2068ee0b189e4fe0987a50af9d53b78410836060d0c9?s=96&d=mm&r=g","url":"https:\/\/secure.gravatar.com\/avatar\/cd330fa6bb17f598124b2068ee0b189e4fe0987a50af9d53b78410836060d0c9?s=96&d=mm&r=g","contentUrl":"https:\/\/secure.gravatar.com\/avatar\/cd330fa6bb17f598124b2068ee0b189e4fe0987a50af9d53b78410836060d0c9?s=96&d=mm&r=g","caption":"stellanstal"},"url":"https:\/\/lararkarriar.se\/grundskola\/author\/stellanstal\/"}]}},"_links":{"self":[{"href":"https:\/\/lararkarriar.se\/grundskola\/wp-json\/wp\/v2\/posts\/6566","targetHints":{"allow":["GET"]}}],"collection":[{"href":"https:\/\/lararkarriar.se\/grundskola\/wp-json\/wp\/v2\/posts"}],"about":[{"href":"https:\/\/lararkarriar.se\/grundskola\/wp-json\/wp\/v2\/types\/post"}],"author":[{"embeddable":true,"href":"https:\/\/lararkarriar.se\/grundskola\/wp-json\/wp\/v2\/users\/3"}],"replies":[{"embeddable":true,"href":"https:\/\/lararkarriar.se\/grundskola\/wp-json\/wp\/v2\/comments?post=6566"}],"version-history":[{"count":0,"href":"https:\/\/lararkarriar.se\/grundskola\/wp-json\/wp\/v2\/posts\/6566\/revisions"}],"wp:featuredmedia":[{"embeddable":true,"href":"https:\/\/lararkarriar.se\/grundskola\/wp-json\/wp\/v2\/media\/6567"}],"wp:attachment":[{"href":"https:\/\/lararkarriar.se\/grundskola\/wp-json\/wp\/v2\/media?parent=6566"}],"wp:term":[{"taxonomy":"category","embeddable":true,"href":"https:\/\/lararkarriar.se\/grundskola\/wp-json\/wp\/v2\/categories?post=6566"},{"taxonomy":"post_tag","embeddable":true,"href":"https:\/\/lararkarriar.se\/grundskola\/wp-json\/wp\/v2\/tags?post=6566"}],"curies":[{"name":"wp","href":"https:\/\/api.w.org\/{rel}","templated":true}]}}