{"id":6570,"date":"2019-02-13T14:43:27","date_gmt":"2019-02-13T12:43:27","guid":{"rendered":"http:\/\/lararkarriar.se\/grundskola\/?p=6570"},"modified":"2019-02-13T14:43:27","modified_gmt":"2019-02-13T12:43:27","slug":"i-sodertalje-ar-undervisningens-kvalitet-i-fokus","status":"publish","type":"post","link":"https:\/\/lararkarriar.se\/grundskola\/2019\/02\/13\/i-sodertalje-ar-undervisningens-kvalitet-i-fokus\/","title":{"rendered":"I S\u00f6dert\u00e4lje \u00e4r undervisningens kvalitet i fokus"},"content":{"rendered":"<p><figure id=\"attachment_6571\" aria-describedby=\"caption-attachment-6571\" style=\"width: 1000px\" class=\"wp-caption alignnone\"><img loading=\"lazy\" decoding=\"async\" src=\"https:\/\/lararkarriar.se\/grundskola\/wp-content\/uploads\/sites\/12\/2019\/02\/grundchef-ms9a6077ok.jpg\" alt=\"Monica Sonde, utbildningsdirekt\u00f6r i S\u00f6dert\u00e4lje. Foto: Ulrich Schulte\" width=\"1000\" height=\"661\" class=\"size-full wp-image-6571\" srcset=\"https:\/\/lararkarriar.se\/grundskola\/wp-content\/uploads\/sites\/12\/2019\/02\/grundchef-ms9a6077ok.jpg 1000w, https:\/\/lararkarriar.se\/grundskola\/wp-content\/uploads\/sites\/12\/2019\/02\/grundchef-ms9a6077ok-300x198.jpg 300w, https:\/\/lararkarriar.se\/grundskola\/wp-content\/uploads\/sites\/12\/2019\/02\/grundchef-ms9a6077ok-768x508.jpg 768w, https:\/\/lararkarriar.se\/grundskola\/wp-content\/uploads\/sites\/12\/2019\/02\/grundchef-ms9a6077ok-242x160.jpg 242w, https:\/\/lararkarriar.se\/grundskola\/wp-content\/uploads\/sites\/12\/2019\/02\/grundchef-ms9a6077ok-526x348.jpg 526w, https:\/\/lararkarriar.se\/grundskola\/wp-content\/uploads\/sites\/12\/2019\/02\/grundchef-ms9a6077ok-720x476.jpg 720w, https:\/\/lararkarriar.se\/grundskola\/wp-content\/uploads\/sites\/12\/2019\/02\/grundchef-ms9a6077ok-960x635.jpg 960w\" sizes=\"auto, (max-width: 1000px) 100vw, 1000px\" \/><figcaption id=\"caption-attachment-6571\" class=\"wp-caption-text\">Monica Sonde, utbildningsdirekt\u00f6r i S\u00f6dert\u00e4lje. Foto: Ulrich Schulte<\/figcaption><\/figure><strong>Monica Sonde, utbildningsdirekt\u00f6r i S\u00f6dert\u00e4lje, har ett tydligt uppdrag \u2013 att st\u00e4rka kvaliteten i utbildningen och f\u00f6rb\u00e4ttra elevernas resultat. Arbetet \u00e4r st\u00e4ndigt p\u00e5g\u00e5ende och framg\u00e5ngsrikt.<br \/>\n\u2013 Vi arbetar h\u00e5rt, systematiskt, strukturerat och forskningsbaserat med tydligt fokus p\u00e5 kvalitet i undervisningen.<\/strong><\/p>\n<p>Monica Sonde har ansvar f\u00f6r kommunens samtliga f\u00f6rskolor, grundskolor, grunds\u00e4rskolor, gymnasier och vuxenutbildning. Det \u00e4r ett stort uppdrag, men uppgiften \u00e4r glasklar.<br \/>\n\u2013 Det finns en stark samsyn mellan politiker, tj\u00e4nstem\u00e4n och skolan. Allt vi g\u00f6r ska syfta till att st\u00e4rka undervisningen, s\u00e4ger hon.<br \/>\nI kommunen finns 19 grundskolor och fyra grunds\u00e4rskolor med totalt cirka 10&nbsp;000 elever. Under de senaste \u00e5tta \u00e5ren har elevernas resultat kontinuerligt f\u00f6rb\u00e4ttrats och det finns flera faktorer som ligger bakom framg\u00e5ngarna.<br \/>\nDet handlar om att st\u00e4rka och utveckla rektorers ledarskap och att de verkligen har fokus p\u00e5 sitt pedagogiska uppdrag. De ska vara n\u00e4ra undervisningen, s\u00e5 att de kan se och st\u00f6tta sina l\u00e4rare och s\u00e4kra hur det g\u00e5r. En annan framg\u00e5ngsfaktor \u00e4r att utveckla ett kollegialt l\u00e4rande, b\u00e5de f\u00f6r l\u00e4rare och f\u00f6r skolledare. D\u00e4r \u00e4r bland annat utvecklingsl\u00e4rarna en central del.<br \/>\n\u2013 Vi har \u00e5tta s\u00e4rskilt skickliga, centralt anst\u00e4llda utvecklingsl\u00e4rare, som har riktade uppdrag och som samarbetar med olika skolor och jobbar direkt i undervisningen tillsammans med de ordinarie l\u00e4rarna. Det \u00e4r en gedigen, praktikn\u00e4ra kompetensutveckling och det \u00e4r viktigt att den \u00e4r konkret, ber\u00e4ttar Monica Sonde.<\/p>\n<p><strong>Konkreta arbetss\u00e4tt<\/strong><br \/>\nRegelbundna kompetensutvecklingsdagar f\u00f6r alla l\u00e4rare i grundskolan \u00e4r ett annat inslag. H\u00e4r, liksom med annat i S\u00f6dert\u00e4ljes modell, \u00e4r tonvikten p\u00e5 konkreta arbetss\u00e4tt, som kan oms\u00e4ttas i den dagliga undervisningen och som h\u00e4nger ihop med skolornas interna utvecklingsarbete.<br \/>\n\u2013 Det g\u00e4ller allt vi g\u00f6r \u2013 det ska inte stanna vid en massa ord. Vi kan prata ihj\u00e4l oss om f\u00f6rb\u00e4ttringar och nya metoder, men de \u00e4r bara intressanta om de leder till konkreta, f\u00f6rb\u00e4ttrade arbetss\u00e4tt. Uppf\u00f6ljningar och utv\u00e4rderingar blir helt centrala inslag i allt f\u00f6r\u00e4ndringsarbete, s\u00e4ger hon.<br \/>\n\u2013 Uppf\u00f6ljning inneb\u00e4r att vi letar efter sp\u00e5r och bevis p\u00e5 att vi \u00e4r p\u00e5 r\u00e4tt v\u00e4g och att det syns i undervisningen hos eleverna. Detta \u00e4r n\u00e5got som verkligen s\u00e4rskiljer S\u00f6dert\u00e4lje. Ett konkret exempel \u00e4r att l\u00e4rare filmar sin undervisning och analyserar materialet tillsammans med kollegor.<\/p>\n<p><strong>Likv\u00e4rdighet<\/strong><br \/>\nS\u00f6dert\u00e4lje \u00e4r en av Sveriges mest m\u00e5ngkulturella kommuner och Monica Sonde har en tydlig m\u00e5ls\u00e4ttning \u2013 kommunen ska bli Sverigeledande n\u00e4r det g\u00e4ller att utveckla undervisningen s\u00e5 att familjebakgrunden har minskad betydelse.<br \/>\n\u2013 Att ge l\u00e4rare st\u00f6d i bed\u00f6mningen av elevernas kunskaper \u00e4r oerh\u00f6rt viktigt f\u00f6r att vi ska f\u00e5 en likv\u00e4rdig skola. D\u00e4rf\u00f6r arbetar vi med sambed\u00f6mning mellan skolor. Digitala l\u00e4rverktyg kan vara bra men bara n\u00e4r undervisning och l\u00e4rande gynnas; digitalisering \u00e4r inte ett m\u00e5l sig. Det \u00e4r lika viktigt att medvetet kunna v\u00e4lja bort digitala verktyg i vissa moment, som att aktivt v\u00e4lja dem.<br \/>\nSkolan i Sverige st\u00e5r inf\u00f6r m\u00e5nga utmaningar. Monica Sonde framh\u00e5ller att genom att ta till sig forskning om framg\u00e5ngsfaktorer och att fokusera, prioritera och konkretisera arbetet kan man g\u00f6ra skillnad f\u00f6r varje elev.<br \/>\n\u2013 Det \u00e4r fantastiskt att f\u00e5 vara en del av kraften i kommunen. Jag \u00e4r stolt varje dag, men ibland ocks\u00e5 f\u00f6rtvivlad. Det finns fortfarande mycket som beh\u00f6ver f\u00f6rb\u00e4ttras. Men den dagen man inte l\u00e4ngre \u00e4r engagerad och bekymrad \u00e4r det v\u00e4l dags att sluta.<\/p>\n","protected":false},"excerpt":{"rendered":"<p>Monica Sonde, utbildningsdirekt\u00f6r i S\u00f6dert\u00e4lje, har ett tydligt uppdrag \u2013 att st\u00e4rka kvaliteten i utbildningen&#8230;<\/p>\n","protected":false},"author":3,"featured_media":6571,"comment_status":"closed","ping_status":"open","sticky":false,"template":"","format":"standard","meta":{"_acf_changed":false,"_monsterinsights_skip_tracking":false,"_monsterinsights_sitenote_active":false,"_monsterinsights_sitenote_note":"","_monsterinsights_sitenote_category":0,"footnotes":""},"categories":[1],"tags":[67,174,350,427],"class_list":["post-6570","post","type-post","status-publish","format-standard","has-post-thumbnail","hentry","category-artikel","tag-digitala-verktyg","tag-kompetensutveckling","tag-sodertalje-kommun","tag-utveckling"],"acf":[],"yoast_head":"<!-- This site is optimized with the Yoast SEO plugin v27.3 - https:\/\/yoast.com\/product\/yoast-seo-wordpress\/ -->\n<title>I S\u00f6dert\u00e4lje \u00e4r undervisningens kvalitet i fokus - Framtidens Karri\u00e4r \u2013 Grundskolel\u00e4rare<\/title>\n<meta name=\"robots\" content=\"index, follow, max-snippet:-1, max-image-preview:large, max-video-preview:-1\" \/>\n<link rel=\"canonical\" href=\"https:\/\/lararkarriar.se\/grundskola\/2019\/02\/13\/i-sodertalje-ar-undervisningens-kvalitet-i-fokus\/\" \/>\n<meta property=\"og:locale\" content=\"sv_SE\" \/>\n<meta property=\"og:type\" content=\"article\" \/>\n<meta property=\"og:title\" content=\"I S\u00f6dert\u00e4lje \u00e4r undervisningens kvalitet i fokus - Framtidens Karri\u00e4r \u2013 Grundskolel\u00e4rare\" \/>\n<meta property=\"og:description\" content=\"Monica Sonde, utbildningsdirekt\u00f6r i S\u00f6dert\u00e4lje, har ett tydligt uppdrag \u2013 att st\u00e4rka kvaliteten i utbildningen...\" \/>\n<meta property=\"og:url\" content=\"https:\/\/lararkarriar.se\/grundskola\/2019\/02\/13\/i-sodertalje-ar-undervisningens-kvalitet-i-fokus\/\" \/>\n<meta property=\"og:site_name\" content=\"Framtidens Karri\u00e4r \u2013 Grundskolel\u00e4rare\" \/>\n<meta property=\"article:published_time\" content=\"2019-02-13T12:43:27+00:00\" \/>\n<meta property=\"og:image\" content=\"https:\/\/lararkarriar.se\/grundskola\/wp-content\/uploads\/sites\/12\/2019\/02\/grundchef-ms9a6077ok.jpg\" \/>\n\t<meta property=\"og:image:width\" content=\"1000\" \/>\n\t<meta property=\"og:image:height\" content=\"661\" \/>\n\t<meta property=\"og:image:type\" content=\"image\/jpeg\" \/>\n<meta name=\"author\" content=\"stellanstal\" \/>\n<meta name=\"twitter:card\" content=\"summary_large_image\" \/>\n<meta name=\"twitter:label1\" content=\"Skriven av\" \/>\n\t<meta name=\"twitter:data1\" content=\"stellanstal\" \/>\n\t<meta name=\"twitter:label2\" content=\"Ber\u00e4knad l\u00e4stid\" \/>\n\t<meta name=\"twitter:data2\" content=\"3 minuter\" \/>\n<script type=\"application\/ld+json\" class=\"yoast-schema-graph\">{\"@context\":\"https:\\\/\\\/schema.org\",\"@graph\":[{\"@type\":\"Article\",\"@id\":\"https:\\\/\\\/lararkarriar.se\\\/grundskola\\\/2019\\\/02\\\/13\\\/i-sodertalje-ar-undervisningens-kvalitet-i-fokus\\\/#article\",\"isPartOf\":{\"@id\":\"https:\\\/\\\/lararkarriar.se\\\/grundskola\\\/2019\\\/02\\\/13\\\/i-sodertalje-ar-undervisningens-kvalitet-i-fokus\\\/\"},\"author\":{\"name\":\"stellanstal\",\"@id\":\"https:\\\/\\\/lararkarriar.se\\\/grundskola\\\/#\\\/schema\\\/person\\\/c8a43eb855191e573b73ecf8987a3b99\"},\"headline\":\"I S\u00f6dert\u00e4lje \u00e4r undervisningens kvalitet i fokus\",\"datePublished\":\"2019-02-13T12:43:27+00:00\",\"mainEntityOfPage\":{\"@id\":\"https:\\\/\\\/lararkarriar.se\\\/grundskola\\\/2019\\\/02\\\/13\\\/i-sodertalje-ar-undervisningens-kvalitet-i-fokus\\\/\"},\"wordCount\":662,\"image\":{\"@id\":\"https:\\\/\\\/lararkarriar.se\\\/grundskola\\\/2019\\\/02\\\/13\\\/i-sodertalje-ar-undervisningens-kvalitet-i-fokus\\\/#primaryimage\"},\"thumbnailUrl\":\"https:\\\/\\\/lararkarriar.se\\\/grundskola\\\/wp-content\\\/uploads\\\/sites\\\/12\\\/2019\\\/02\\\/grundchef-ms9a6077ok.jpg\",\"keywords\":[\"Digitala verktyg\",\"Kompetensutveckling\",\"S\u00f6dert\u00e4lje kommun\",\"Utveckling\"],\"articleSection\":[\"Artikel\"],\"inLanguage\":\"sv-SE\"},{\"@type\":\"WebPage\",\"@id\":\"https:\\\/\\\/lararkarriar.se\\\/grundskola\\\/2019\\\/02\\\/13\\\/i-sodertalje-ar-undervisningens-kvalitet-i-fokus\\\/\",\"url\":\"https:\\\/\\\/lararkarriar.se\\\/grundskola\\\/2019\\\/02\\\/13\\\/i-sodertalje-ar-undervisningens-kvalitet-i-fokus\\\/\",\"name\":\"I S\u00f6dert\u00e4lje \u00e4r undervisningens kvalitet i fokus - Framtidens Karri\u00e4r \u2013 Grundskolel\u00e4rare\",\"isPartOf\":{\"@id\":\"https:\\\/\\\/lararkarriar.se\\\/grundskola\\\/#website\"},\"primaryImageOfPage\":{\"@id\":\"https:\\\/\\\/lararkarriar.se\\\/grundskola\\\/2019\\\/02\\\/13\\\/i-sodertalje-ar-undervisningens-kvalitet-i-fokus\\\/#primaryimage\"},\"image\":{\"@id\":\"https:\\\/\\\/lararkarriar.se\\\/grundskola\\\/2019\\\/02\\\/13\\\/i-sodertalje-ar-undervisningens-kvalitet-i-fokus\\\/#primaryimage\"},\"thumbnailUrl\":\"https:\\\/\\\/lararkarriar.se\\\/grundskola\\\/wp-content\\\/uploads\\\/sites\\\/12\\\/2019\\\/02\\\/grundchef-ms9a6077ok.jpg\",\"datePublished\":\"2019-02-13T12:43:27+00:00\",\"author\":{\"@id\":\"https:\\\/\\\/lararkarriar.se\\\/grundskola\\\/#\\\/schema\\\/person\\\/c8a43eb855191e573b73ecf8987a3b99\"},\"breadcrumb\":{\"@id\":\"https:\\\/\\\/lararkarriar.se\\\/grundskola\\\/2019\\\/02\\\/13\\\/i-sodertalje-ar-undervisningens-kvalitet-i-fokus\\\/#breadcrumb\"},\"inLanguage\":\"sv-SE\",\"potentialAction\":[{\"@type\":\"ReadAction\",\"target\":[\"https:\\\/\\\/lararkarriar.se\\\/grundskola\\\/2019\\\/02\\\/13\\\/i-sodertalje-ar-undervisningens-kvalitet-i-fokus\\\/\"]}]},{\"@type\":\"ImageObject\",\"inLanguage\":\"sv-SE\",\"@id\":\"https:\\\/\\\/lararkarriar.se\\\/grundskola\\\/2019\\\/02\\\/13\\\/i-sodertalje-ar-undervisningens-kvalitet-i-fokus\\\/#primaryimage\",\"url\":\"https:\\\/\\\/lararkarriar.se\\\/grundskola\\\/wp-content\\\/uploads\\\/sites\\\/12\\\/2019\\\/02\\\/grundchef-ms9a6077ok.jpg\",\"contentUrl\":\"https:\\\/\\\/lararkarriar.se\\\/grundskola\\\/wp-content\\\/uploads\\\/sites\\\/12\\\/2019\\\/02\\\/grundchef-ms9a6077ok.jpg\",\"width\":1000,\"height\":661,\"caption\":\"Monica Sonde, utbildningsdirekt\u00f6r i S\u00f6dert\u00e4lje. Foto: Ulrich Schulte\"},{\"@type\":\"BreadcrumbList\",\"@id\":\"https:\\\/\\\/lararkarriar.se\\\/grundskola\\\/2019\\\/02\\\/13\\\/i-sodertalje-ar-undervisningens-kvalitet-i-fokus\\\/#breadcrumb\",\"itemListElement\":[{\"@type\":\"ListItem\",\"position\":1,\"name\":\"Home\",\"item\":\"https:\\\/\\\/lararkarriar.se\\\/grundskola\\\/\"},{\"@type\":\"ListItem\",\"position\":2,\"name\":\"I S\u00f6dert\u00e4lje \u00e4r undervisningens kvalitet i fokus\"}]},{\"@type\":\"WebSite\",\"@id\":\"https:\\\/\\\/lararkarriar.se\\\/grundskola\\\/#website\",\"url\":\"https:\\\/\\\/lararkarriar.se\\\/grundskola\\\/\",\"name\":\"Framtidens Karri\u00e4r \u2013 Grundskolel\u00e4rare\",\"description\":\"Just another NMDashboard.se Sites site\",\"potentialAction\":[{\"@type\":\"SearchAction\",\"target\":{\"@type\":\"EntryPoint\",\"urlTemplate\":\"https:\\\/\\\/lararkarriar.se\\\/grundskola\\\/?s={search_term_string}\"},\"query-input\":{\"@type\":\"PropertyValueSpecification\",\"valueRequired\":true,\"valueName\":\"search_term_string\"}}],\"inLanguage\":\"sv-SE\"},{\"@type\":\"Person\",\"@id\":\"https:\\\/\\\/lararkarriar.se\\\/grundskola\\\/#\\\/schema\\\/person\\\/c8a43eb855191e573b73ecf8987a3b99\",\"name\":\"stellanstal\",\"image\":{\"@type\":\"ImageObject\",\"inLanguage\":\"sv-SE\",\"@id\":\"https:\\\/\\\/secure.gravatar.com\\\/avatar\\\/cd330fa6bb17f598124b2068ee0b189e4fe0987a50af9d53b78410836060d0c9?s=96&d=mm&r=g\",\"url\":\"https:\\\/\\\/secure.gravatar.com\\\/avatar\\\/cd330fa6bb17f598124b2068ee0b189e4fe0987a50af9d53b78410836060d0c9?s=96&d=mm&r=g\",\"contentUrl\":\"https:\\\/\\\/secure.gravatar.com\\\/avatar\\\/cd330fa6bb17f598124b2068ee0b189e4fe0987a50af9d53b78410836060d0c9?s=96&d=mm&r=g\",\"caption\":\"stellanstal\"},\"url\":\"https:\\\/\\\/lararkarriar.se\\\/grundskola\\\/author\\\/stellanstal\\\/\"}]}<\/script>\n<!-- \/ Yoast SEO plugin. -->","yoast_head_json":{"title":"I S\u00f6dert\u00e4lje \u00e4r undervisningens kvalitet i fokus - Framtidens Karri\u00e4r \u2013 Grundskolel\u00e4rare","robots":{"index":"index","follow":"follow","max-snippet":"max-snippet:-1","max-image-preview":"max-image-preview:large","max-video-preview":"max-video-preview:-1"},"canonical":"https:\/\/lararkarriar.se\/grundskola\/2019\/02\/13\/i-sodertalje-ar-undervisningens-kvalitet-i-fokus\/","og_locale":"sv_SE","og_type":"article","og_title":"I S\u00f6dert\u00e4lje \u00e4r undervisningens kvalitet i fokus - Framtidens Karri\u00e4r \u2013 Grundskolel\u00e4rare","og_description":"Monica Sonde, utbildningsdirekt\u00f6r i S\u00f6dert\u00e4lje, har ett tydligt uppdrag \u2013 att st\u00e4rka kvaliteten i utbildningen...","og_url":"https:\/\/lararkarriar.se\/grundskola\/2019\/02\/13\/i-sodertalje-ar-undervisningens-kvalitet-i-fokus\/","og_site_name":"Framtidens Karri\u00e4r \u2013 Grundskolel\u00e4rare","article_published_time":"2019-02-13T12:43:27+00:00","og_image":[{"width":1000,"height":661,"url":"https:\/\/lararkarriar.se\/grundskola\/wp-content\/uploads\/sites\/12\/2019\/02\/grundchef-ms9a6077ok.jpg","type":"image\/jpeg"}],"author":"stellanstal","twitter_card":"summary_large_image","twitter_misc":{"Skriven av":"stellanstal","Ber\u00e4knad l\u00e4stid":"3 minuter"},"schema":{"@context":"https:\/\/schema.org","@graph":[{"@type":"Article","@id":"https:\/\/lararkarriar.se\/grundskola\/2019\/02\/13\/i-sodertalje-ar-undervisningens-kvalitet-i-fokus\/#article","isPartOf":{"@id":"https:\/\/lararkarriar.se\/grundskola\/2019\/02\/13\/i-sodertalje-ar-undervisningens-kvalitet-i-fokus\/"},"author":{"name":"stellanstal","@id":"https:\/\/lararkarriar.se\/grundskola\/#\/schema\/person\/c8a43eb855191e573b73ecf8987a3b99"},"headline":"I S\u00f6dert\u00e4lje \u00e4r undervisningens kvalitet i fokus","datePublished":"2019-02-13T12:43:27+00:00","mainEntityOfPage":{"@id":"https:\/\/lararkarriar.se\/grundskola\/2019\/02\/13\/i-sodertalje-ar-undervisningens-kvalitet-i-fokus\/"},"wordCount":662,"image":{"@id":"https:\/\/lararkarriar.se\/grundskola\/2019\/02\/13\/i-sodertalje-ar-undervisningens-kvalitet-i-fokus\/#primaryimage"},"thumbnailUrl":"https:\/\/lararkarriar.se\/grundskola\/wp-content\/uploads\/sites\/12\/2019\/02\/grundchef-ms9a6077ok.jpg","keywords":["Digitala verktyg","Kompetensutveckling","S\u00f6dert\u00e4lje kommun","Utveckling"],"articleSection":["Artikel"],"inLanguage":"sv-SE"},{"@type":"WebPage","@id":"https:\/\/lararkarriar.se\/grundskola\/2019\/02\/13\/i-sodertalje-ar-undervisningens-kvalitet-i-fokus\/","url":"https:\/\/lararkarriar.se\/grundskola\/2019\/02\/13\/i-sodertalje-ar-undervisningens-kvalitet-i-fokus\/","name":"I S\u00f6dert\u00e4lje \u00e4r undervisningens kvalitet i fokus - Framtidens Karri\u00e4r \u2013 Grundskolel\u00e4rare","isPartOf":{"@id":"https:\/\/lararkarriar.se\/grundskola\/#website"},"primaryImageOfPage":{"@id":"https:\/\/lararkarriar.se\/grundskola\/2019\/02\/13\/i-sodertalje-ar-undervisningens-kvalitet-i-fokus\/#primaryimage"},"image":{"@id":"https:\/\/lararkarriar.se\/grundskola\/2019\/02\/13\/i-sodertalje-ar-undervisningens-kvalitet-i-fokus\/#primaryimage"},"thumbnailUrl":"https:\/\/lararkarriar.se\/grundskola\/wp-content\/uploads\/sites\/12\/2019\/02\/grundchef-ms9a6077ok.jpg","datePublished":"2019-02-13T12:43:27+00:00","author":{"@id":"https:\/\/lararkarriar.se\/grundskola\/#\/schema\/person\/c8a43eb855191e573b73ecf8987a3b99"},"breadcrumb":{"@id":"https:\/\/lararkarriar.se\/grundskola\/2019\/02\/13\/i-sodertalje-ar-undervisningens-kvalitet-i-fokus\/#breadcrumb"},"inLanguage":"sv-SE","potentialAction":[{"@type":"ReadAction","target":["https:\/\/lararkarriar.se\/grundskola\/2019\/02\/13\/i-sodertalje-ar-undervisningens-kvalitet-i-fokus\/"]}]},{"@type":"ImageObject","inLanguage":"sv-SE","@id":"https:\/\/lararkarriar.se\/grundskola\/2019\/02\/13\/i-sodertalje-ar-undervisningens-kvalitet-i-fokus\/#primaryimage","url":"https:\/\/lararkarriar.se\/grundskola\/wp-content\/uploads\/sites\/12\/2019\/02\/grundchef-ms9a6077ok.jpg","contentUrl":"https:\/\/lararkarriar.se\/grundskola\/wp-content\/uploads\/sites\/12\/2019\/02\/grundchef-ms9a6077ok.jpg","width":1000,"height":661,"caption":"Monica Sonde, utbildningsdirekt\u00f6r i S\u00f6dert\u00e4lje. Foto: Ulrich Schulte"},{"@type":"BreadcrumbList","@id":"https:\/\/lararkarriar.se\/grundskola\/2019\/02\/13\/i-sodertalje-ar-undervisningens-kvalitet-i-fokus\/#breadcrumb","itemListElement":[{"@type":"ListItem","position":1,"name":"Home","item":"https:\/\/lararkarriar.se\/grundskola\/"},{"@type":"ListItem","position":2,"name":"I S\u00f6dert\u00e4lje \u00e4r undervisningens kvalitet i fokus"}]},{"@type":"WebSite","@id":"https:\/\/lararkarriar.se\/grundskola\/#website","url":"https:\/\/lararkarriar.se\/grundskola\/","name":"Framtidens Karri\u00e4r \u2013 Grundskolel\u00e4rare","description":"Just another NMDashboard.se Sites site","potentialAction":[{"@type":"SearchAction","target":{"@type":"EntryPoint","urlTemplate":"https:\/\/lararkarriar.se\/grundskola\/?s={search_term_string}"},"query-input":{"@type":"PropertyValueSpecification","valueRequired":true,"valueName":"search_term_string"}}],"inLanguage":"sv-SE"},{"@type":"Person","@id":"https:\/\/lararkarriar.se\/grundskola\/#\/schema\/person\/c8a43eb855191e573b73ecf8987a3b99","name":"stellanstal","image":{"@type":"ImageObject","inLanguage":"sv-SE","@id":"https:\/\/secure.gravatar.com\/avatar\/cd330fa6bb17f598124b2068ee0b189e4fe0987a50af9d53b78410836060d0c9?s=96&d=mm&r=g","url":"https:\/\/secure.gravatar.com\/avatar\/cd330fa6bb17f598124b2068ee0b189e4fe0987a50af9d53b78410836060d0c9?s=96&d=mm&r=g","contentUrl":"https:\/\/secure.gravatar.com\/avatar\/cd330fa6bb17f598124b2068ee0b189e4fe0987a50af9d53b78410836060d0c9?s=96&d=mm&r=g","caption":"stellanstal"},"url":"https:\/\/lararkarriar.se\/grundskola\/author\/stellanstal\/"}]}},"_links":{"self":[{"href":"https:\/\/lararkarriar.se\/grundskola\/wp-json\/wp\/v2\/posts\/6570","targetHints":{"allow":["GET"]}}],"collection":[{"href":"https:\/\/lararkarriar.se\/grundskola\/wp-json\/wp\/v2\/posts"}],"about":[{"href":"https:\/\/lararkarriar.se\/grundskola\/wp-json\/wp\/v2\/types\/post"}],"author":[{"embeddable":true,"href":"https:\/\/lararkarriar.se\/grundskola\/wp-json\/wp\/v2\/users\/3"}],"replies":[{"embeddable":true,"href":"https:\/\/lararkarriar.se\/grundskola\/wp-json\/wp\/v2\/comments?post=6570"}],"version-history":[{"count":0,"href":"https:\/\/lararkarriar.se\/grundskola\/wp-json\/wp\/v2\/posts\/6570\/revisions"}],"wp:featuredmedia":[{"embeddable":true,"href":"https:\/\/lararkarriar.se\/grundskola\/wp-json\/wp\/v2\/media\/6571"}],"wp:attachment":[{"href":"https:\/\/lararkarriar.se\/grundskola\/wp-json\/wp\/v2\/media?parent=6570"}],"wp:term":[{"taxonomy":"category","embeddable":true,"href":"https:\/\/lararkarriar.se\/grundskola\/wp-json\/wp\/v2\/categories?post=6570"},{"taxonomy":"post_tag","embeddable":true,"href":"https:\/\/lararkarriar.se\/grundskola\/wp-json\/wp\/v2\/tags?post=6570"}],"curies":[{"name":"wp","href":"https:\/\/api.w.org\/{rel}","templated":true}]}}