{"id":6574,"date":"2019-02-13T14:47:38","date_gmt":"2019-02-13T12:47:38","guid":{"rendered":"http:\/\/lararkarriar.se\/grundskola\/?p=6574"},"modified":"2019-02-13T14:47:38","modified_gmt":"2019-02-13T12:47:38","slug":"kvalitetsarbete-ar-navet-i-en-forandring","status":"publish","type":"post","link":"https:\/\/lararkarriar.se\/grundskola\/2019\/02\/13\/kvalitetsarbete-ar-navet-i-en-forandring\/","title":{"rendered":"Kvalitetsarbete \u00e4r navet i en f\u00f6r\u00e4ndring"},"content":{"rendered":"<p><figure id=\"attachment_6575\" aria-describedby=\"caption-attachment-6575\" style=\"width: 150px\" class=\"wp-caption alignright\"><img loading=\"lazy\" decoding=\"async\" src=\"http:\/\/lararkarriar.se\/grundskola\/wp-content\/uploads\/2019\/02\/kvalitet_sofia-250x398.jpg\" alt=\"Sofia Henderup Larsson, utbildningschef f\u00f6r grund- och grunds\u00e4rskolan i Trelleborg.\" width=\"150\" height=\"239\" class=\"size-medium wp-image-6575\" \/><figcaption id=\"caption-attachment-6575\" class=\"wp-caption-text\">Sofia Henderup Larsson, utbildningschef f\u00f6r grund- och grunds\u00e4rskolan i Trelleborg.<\/figcaption><\/figure><strong>\u2013 Kvalitetsarbete \u00e4r viktigt f\u00f6r en skola, det \u00e4r sj\u00e4lva navet f\u00f6r att hitta en tydlig struktur, utveckling och riktning fram\u00e5t, s\u00e4ger Sofia Henderup Larsson, utbildningschef f\u00f6r grund- och grunds\u00e4rskolan i Trelleborgs kommun.<\/strong><\/p>\n<p>Sofia Henderup Larsson \u00e4r f\u00f6rh\u00e5llandevis ny p\u00e5 posten som utbildningschef f\u00f6r grund- och grunds\u00e4rskolan Trelleborg. Hon kommer n\u00e4rmast fr\u00e5n en tj\u00e4nst som rektor p\u00e5 S\u00f6derv\u00e5ngskolan i Vellinge d\u00e4r hon f\u00f6rra \u00e5ret uts\u00e5gs till \u00c5rets Yrkesperson av kommunens Rotaryklubbar. Utm\u00e4rkelsen fick hon f\u00f6r att ha stimulerat elever, l\u00e4rare och annan skolpersonal s\u00e5 att skolan gjorde den mest framg\u00e5ngsrika kvalitetsf\u00f6rb\u00e4ttringen i landet bland alla de skolor som granskats av det externa f\u00f6retaget Q-steps.<br \/>\nNu \u00e4r siktet inst\u00e4llt p\u00e5 att ta skolorna i Trelleborgs kommun p\u00e5 en liknande kvalitetsresa.<br \/>\n\u2013 Det grundl\u00e4ggande arbetet \u00e4r detsamma, oavsett om det handlar om en skola eller m\u00e5nga. Mycket handlar om att kartl\u00e4gga r\u00e4tt saker, fokusera p\u00e5 ett omr\u00e5de i taget och utveckla det s\u00e5 att arbete som g\u00f6rs \u00e5stadkommer f\u00f6r\u00e4ndring i hela organisationen, s\u00e4ger Sofia Henderup Larsson.<\/p>\n<p><strong>Uth\u00e5llighet<\/strong><br \/>\nH\u00e4r g\u00e4ller det dock att ha t\u00e5lamod, f\u00f6r att f\u00f6r\u00e4ndra verksamheter tar tid.<br \/>\n\u2013 Forskning visar att f\u00f6r\u00e4ndringar i genomsnitt tar sju till \u00e5tta \u00e5r innan de \u00e4r implementerade fullt ut. D\u00e4rf\u00f6r \u00e4r det viktigt att inte byta inriktning f\u00f6r ofta, utan \u00e4gna ett antal \u00e5r att l\u00e4gga all kraft och utveckling p\u00e5 det omr\u00e5de som valts ut.<br \/>\nHon p\u00e5pekar att v\u00e4ntan p\u00e5 f\u00f6r\u00e4ndring kan k\u00e4nnas l\u00e5ng, men de f\u00f6rsta \u00e5ren i processen \u00e4r i geng\u00e4ld de mest sp\u00e4nnande.<br \/>\n\u2013 Det \u00e4r ju d\u00e5 man verkligen sitter tillsammans, kartl\u00e4gger nul\u00e4get och diskuterar olika strategier. N\u00e4r vi v\u00e5gar titta p\u00e5 var vi faktiskt befinner oss, vad vi beh\u00f6ver och vilken kompetensutveckling som beh\u00f6vs, det \u00e4r d\u00e5 vi kan \u00e5stadkomma f\u00f6r\u00e4ndring p\u00e5 riktigt. Att \u00e4ndra en sak i taget och sedan se effekterna g\u00f6r att arbetet blir allt roligare med tiden.<br \/>\nTre grundpelare f\u00f6r ett lyckat kvalitetsarbete \u00e4r enligt Sofia Henderup Larsson organisation, delaktighet och systematik.<br \/>\n\u2013 Viktigt \u00e4r att planera, genomf\u00f6ra och f\u00f6lja upp tillsammans. Likas\u00e5 att det f\u00e5r lov att vara en minuseffekt ibland. Vi m\u00e5ste skapa kulturer d\u00e4r det \u00e4r viktigare att v\u00e5ga g\u00f6ra saker och f\u00f6rs\u00f6ka \u00e4n att g\u00f6ra r\u00e4tt hela tiden. Om avst\u00e4mningar visar att den valda v\u00e4gen inte \u00e4r den r\u00e4tta g\u00e5r det alltid att g\u00f6ra ett omtag och hitta en riktning som b\u00e4ttre \u00f6verensst\u00e4mmer med m\u00e5lbilden.<\/p>\n","protected":false},"excerpt":{"rendered":"<p>\u2013 Kvalitetsarbete \u00e4r viktigt f\u00f6r en skola, det \u00e4r sj\u00e4lva navet f\u00f6r att hitta en&#8230;<\/p>\n","protected":false},"author":3,"featured_media":6575,"comment_status":"closed","ping_status":"open","sticky":false,"template":"","format":"standard","meta":{"_acf_changed":false,"_monsterinsights_skip_tracking":false,"_monsterinsights_sitenote_active":false,"_monsterinsights_sitenote_note":"","_monsterinsights_sitenote_category":0,"footnotes":""},"categories":[1],"tags":[59,90,194,382,400],"class_list":["post-6574","post","type-post","status-publish","format-standard","has-post-thumbnail","hentry","category-artikel","tag-delaktighet","tag-forandring","tag-kvalitetsarbete","tag-systematik","tag-trelleborgs-kommun"],"acf":[],"yoast_head":"<!-- This site is optimized with the Yoast SEO plugin v27.3 - https:\/\/yoast.com\/product\/yoast-seo-wordpress\/ -->\n<title>Kvalitetsarbete \u00e4r navet i en f\u00f6r\u00e4ndring - Framtidens Karri\u00e4r \u2013 Grundskolel\u00e4rare<\/title>\n<meta name=\"robots\" content=\"index, follow, max-snippet:-1, max-image-preview:large, max-video-preview:-1\" \/>\n<link rel=\"canonical\" href=\"https:\/\/lararkarriar.se\/grundskola\/2019\/02\/13\/kvalitetsarbete-ar-navet-i-en-forandring\/\" \/>\n<meta property=\"og:locale\" content=\"sv_SE\" \/>\n<meta property=\"og:type\" content=\"article\" \/>\n<meta property=\"og:title\" content=\"Kvalitetsarbete \u00e4r navet i en f\u00f6r\u00e4ndring - Framtidens Karri\u00e4r \u2013 Grundskolel\u00e4rare\" \/>\n<meta property=\"og:description\" content=\"\u2013 Kvalitetsarbete \u00e4r viktigt f\u00f6r en skola, det \u00e4r sj\u00e4lva navet f\u00f6r att hitta en...\" \/>\n<meta property=\"og:url\" content=\"https:\/\/lararkarriar.se\/grundskola\/2019\/02\/13\/kvalitetsarbete-ar-navet-i-en-forandring\/\" \/>\n<meta property=\"og:site_name\" content=\"Framtidens Karri\u00e4r \u2013 Grundskolel\u00e4rare\" \/>\n<meta property=\"article:published_time\" content=\"2019-02-13T12:47:38+00:00\" \/>\n<meta property=\"og:image\" content=\"https:\/\/lararkarriar.se\/grundskola\/wp-content\/uploads\/sites\/12\/2019\/02\/kvalitet-sofia.jpg\" \/>\n\t<meta property=\"og:image:width\" content=\"455\" \/>\n\t<meta property=\"og:image:height\" content=\"725\" \/>\n\t<meta property=\"og:image:type\" content=\"image\/jpeg\" \/>\n<meta name=\"author\" content=\"stellanstal\" \/>\n<meta name=\"twitter:card\" content=\"summary_large_image\" \/>\n<meta name=\"twitter:label1\" content=\"Skriven av\" \/>\n\t<meta name=\"twitter:data1\" content=\"stellanstal\" \/>\n\t<meta name=\"twitter:label2\" content=\"Ber\u00e4knad l\u00e4stid\" \/>\n\t<meta name=\"twitter:data2\" content=\"2 minuter\" \/>\n<script type=\"application\/ld+json\" class=\"yoast-schema-graph\">{\"@context\":\"https:\\\/\\\/schema.org\",\"@graph\":[{\"@type\":\"Article\",\"@id\":\"https:\\\/\\\/lararkarriar.se\\\/grundskola\\\/2019\\\/02\\\/13\\\/kvalitetsarbete-ar-navet-i-en-forandring\\\/#article\",\"isPartOf\":{\"@id\":\"https:\\\/\\\/lararkarriar.se\\\/grundskola\\\/2019\\\/02\\\/13\\\/kvalitetsarbete-ar-navet-i-en-forandring\\\/\"},\"author\":{\"name\":\"stellanstal\",\"@id\":\"https:\\\/\\\/lararkarriar.se\\\/grundskola\\\/#\\\/schema\\\/person\\\/c8a43eb855191e573b73ecf8987a3b99\"},\"headline\":\"Kvalitetsarbete \u00e4r navet i en f\u00f6r\u00e4ndring\",\"datePublished\":\"2019-02-13T12:47:38+00:00\",\"mainEntityOfPage\":{\"@id\":\"https:\\\/\\\/lararkarriar.se\\\/grundskola\\\/2019\\\/02\\\/13\\\/kvalitetsarbete-ar-navet-i-en-forandring\\\/\"},\"wordCount\":496,\"image\":{\"@id\":\"https:\\\/\\\/lararkarriar.se\\\/grundskola\\\/2019\\\/02\\\/13\\\/kvalitetsarbete-ar-navet-i-en-forandring\\\/#primaryimage\"},\"thumbnailUrl\":\"https:\\\/\\\/lararkarriar.se\\\/grundskola\\\/wp-content\\\/uploads\\\/sites\\\/12\\\/2019\\\/02\\\/kvalitet-sofia.jpg\",\"keywords\":[\"Delaktighet\",\"F\u00f6r\u00e4ndring\",\"Kvalitetsarbete\",\"Systematik\",\"Trelleborgs kommun\"],\"articleSection\":[\"Artikel\"],\"inLanguage\":\"sv-SE\"},{\"@type\":\"WebPage\",\"@id\":\"https:\\\/\\\/lararkarriar.se\\\/grundskola\\\/2019\\\/02\\\/13\\\/kvalitetsarbete-ar-navet-i-en-forandring\\\/\",\"url\":\"https:\\\/\\\/lararkarriar.se\\\/grundskola\\\/2019\\\/02\\\/13\\\/kvalitetsarbete-ar-navet-i-en-forandring\\\/\",\"name\":\"Kvalitetsarbete \u00e4r navet i en f\u00f6r\u00e4ndring - Framtidens Karri\u00e4r \u2013 Grundskolel\u00e4rare\",\"isPartOf\":{\"@id\":\"https:\\\/\\\/lararkarriar.se\\\/grundskola\\\/#website\"},\"primaryImageOfPage\":{\"@id\":\"https:\\\/\\\/lararkarriar.se\\\/grundskola\\\/2019\\\/02\\\/13\\\/kvalitetsarbete-ar-navet-i-en-forandring\\\/#primaryimage\"},\"image\":{\"@id\":\"https:\\\/\\\/lararkarriar.se\\\/grundskola\\\/2019\\\/02\\\/13\\\/kvalitetsarbete-ar-navet-i-en-forandring\\\/#primaryimage\"},\"thumbnailUrl\":\"https:\\\/\\\/lararkarriar.se\\\/grundskola\\\/wp-content\\\/uploads\\\/sites\\\/12\\\/2019\\\/02\\\/kvalitet-sofia.jpg\",\"datePublished\":\"2019-02-13T12:47:38+00:00\",\"author\":{\"@id\":\"https:\\\/\\\/lararkarriar.se\\\/grundskola\\\/#\\\/schema\\\/person\\\/c8a43eb855191e573b73ecf8987a3b99\"},\"breadcrumb\":{\"@id\":\"https:\\\/\\\/lararkarriar.se\\\/grundskola\\\/2019\\\/02\\\/13\\\/kvalitetsarbete-ar-navet-i-en-forandring\\\/#breadcrumb\"},\"inLanguage\":\"sv-SE\",\"potentialAction\":[{\"@type\":\"ReadAction\",\"target\":[\"https:\\\/\\\/lararkarriar.se\\\/grundskola\\\/2019\\\/02\\\/13\\\/kvalitetsarbete-ar-navet-i-en-forandring\\\/\"]}]},{\"@type\":\"ImageObject\",\"inLanguage\":\"sv-SE\",\"@id\":\"https:\\\/\\\/lararkarriar.se\\\/grundskola\\\/2019\\\/02\\\/13\\\/kvalitetsarbete-ar-navet-i-en-forandring\\\/#primaryimage\",\"url\":\"https:\\\/\\\/lararkarriar.se\\\/grundskola\\\/wp-content\\\/uploads\\\/sites\\\/12\\\/2019\\\/02\\\/kvalitet-sofia.jpg\",\"contentUrl\":\"https:\\\/\\\/lararkarriar.se\\\/grundskola\\\/wp-content\\\/uploads\\\/sites\\\/12\\\/2019\\\/02\\\/kvalitet-sofia.jpg\",\"width\":455,\"height\":725,\"caption\":\"Sofia Henderup Larsson, utbildningschef f\u00f6r grund- och grunds\u00e4rskolan i Trelleborg.\"},{\"@type\":\"BreadcrumbList\",\"@id\":\"https:\\\/\\\/lararkarriar.se\\\/grundskola\\\/2019\\\/02\\\/13\\\/kvalitetsarbete-ar-navet-i-en-forandring\\\/#breadcrumb\",\"itemListElement\":[{\"@type\":\"ListItem\",\"position\":1,\"name\":\"Home\",\"item\":\"https:\\\/\\\/lararkarriar.se\\\/grundskola\\\/\"},{\"@type\":\"ListItem\",\"position\":2,\"name\":\"Kvalitetsarbete \u00e4r navet i en f\u00f6r\u00e4ndring\"}]},{\"@type\":\"WebSite\",\"@id\":\"https:\\\/\\\/lararkarriar.se\\\/grundskola\\\/#website\",\"url\":\"https:\\\/\\\/lararkarriar.se\\\/grundskola\\\/\",\"name\":\"Framtidens Karri\u00e4r \u2013 Grundskolel\u00e4rare\",\"description\":\"Just another NMDashboard.se Sites site\",\"potentialAction\":[{\"@type\":\"SearchAction\",\"target\":{\"@type\":\"EntryPoint\",\"urlTemplate\":\"https:\\\/\\\/lararkarriar.se\\\/grundskola\\\/?s={search_term_string}\"},\"query-input\":{\"@type\":\"PropertyValueSpecification\",\"valueRequired\":true,\"valueName\":\"search_term_string\"}}],\"inLanguage\":\"sv-SE\"},{\"@type\":\"Person\",\"@id\":\"https:\\\/\\\/lararkarriar.se\\\/grundskola\\\/#\\\/schema\\\/person\\\/c8a43eb855191e573b73ecf8987a3b99\",\"name\":\"stellanstal\",\"image\":{\"@type\":\"ImageObject\",\"inLanguage\":\"sv-SE\",\"@id\":\"https:\\\/\\\/secure.gravatar.com\\\/avatar\\\/cd330fa6bb17f598124b2068ee0b189e4fe0987a50af9d53b78410836060d0c9?s=96&d=mm&r=g\",\"url\":\"https:\\\/\\\/secure.gravatar.com\\\/avatar\\\/cd330fa6bb17f598124b2068ee0b189e4fe0987a50af9d53b78410836060d0c9?s=96&d=mm&r=g\",\"contentUrl\":\"https:\\\/\\\/secure.gravatar.com\\\/avatar\\\/cd330fa6bb17f598124b2068ee0b189e4fe0987a50af9d53b78410836060d0c9?s=96&d=mm&r=g\",\"caption\":\"stellanstal\"},\"url\":\"https:\\\/\\\/lararkarriar.se\\\/grundskola\\\/author\\\/stellanstal\\\/\"}]}<\/script>\n<!-- \/ Yoast SEO plugin. -->","yoast_head_json":{"title":"Kvalitetsarbete \u00e4r navet i en f\u00f6r\u00e4ndring - Framtidens Karri\u00e4r \u2013 Grundskolel\u00e4rare","robots":{"index":"index","follow":"follow","max-snippet":"max-snippet:-1","max-image-preview":"max-image-preview:large","max-video-preview":"max-video-preview:-1"},"canonical":"https:\/\/lararkarriar.se\/grundskola\/2019\/02\/13\/kvalitetsarbete-ar-navet-i-en-forandring\/","og_locale":"sv_SE","og_type":"article","og_title":"Kvalitetsarbete \u00e4r navet i en f\u00f6r\u00e4ndring - Framtidens Karri\u00e4r \u2013 Grundskolel\u00e4rare","og_description":"\u2013 Kvalitetsarbete \u00e4r viktigt f\u00f6r en skola, det \u00e4r sj\u00e4lva navet f\u00f6r att hitta en...","og_url":"https:\/\/lararkarriar.se\/grundskola\/2019\/02\/13\/kvalitetsarbete-ar-navet-i-en-forandring\/","og_site_name":"Framtidens Karri\u00e4r \u2013 Grundskolel\u00e4rare","article_published_time":"2019-02-13T12:47:38+00:00","og_image":[{"width":455,"height":725,"url":"https:\/\/lararkarriar.se\/grundskola\/wp-content\/uploads\/sites\/12\/2019\/02\/kvalitet-sofia.jpg","type":"image\/jpeg"}],"author":"stellanstal","twitter_card":"summary_large_image","twitter_misc":{"Skriven av":"stellanstal","Ber\u00e4knad l\u00e4stid":"2 minuter"},"schema":{"@context":"https:\/\/schema.org","@graph":[{"@type":"Article","@id":"https:\/\/lararkarriar.se\/grundskola\/2019\/02\/13\/kvalitetsarbete-ar-navet-i-en-forandring\/#article","isPartOf":{"@id":"https:\/\/lararkarriar.se\/grundskola\/2019\/02\/13\/kvalitetsarbete-ar-navet-i-en-forandring\/"},"author":{"name":"stellanstal","@id":"https:\/\/lararkarriar.se\/grundskola\/#\/schema\/person\/c8a43eb855191e573b73ecf8987a3b99"},"headline":"Kvalitetsarbete \u00e4r navet i en f\u00f6r\u00e4ndring","datePublished":"2019-02-13T12:47:38+00:00","mainEntityOfPage":{"@id":"https:\/\/lararkarriar.se\/grundskola\/2019\/02\/13\/kvalitetsarbete-ar-navet-i-en-forandring\/"},"wordCount":496,"image":{"@id":"https:\/\/lararkarriar.se\/grundskola\/2019\/02\/13\/kvalitetsarbete-ar-navet-i-en-forandring\/#primaryimage"},"thumbnailUrl":"https:\/\/lararkarriar.se\/grundskola\/wp-content\/uploads\/sites\/12\/2019\/02\/kvalitet-sofia.jpg","keywords":["Delaktighet","F\u00f6r\u00e4ndring","Kvalitetsarbete","Systematik","Trelleborgs kommun"],"articleSection":["Artikel"],"inLanguage":"sv-SE"},{"@type":"WebPage","@id":"https:\/\/lararkarriar.se\/grundskola\/2019\/02\/13\/kvalitetsarbete-ar-navet-i-en-forandring\/","url":"https:\/\/lararkarriar.se\/grundskola\/2019\/02\/13\/kvalitetsarbete-ar-navet-i-en-forandring\/","name":"Kvalitetsarbete \u00e4r navet i en f\u00f6r\u00e4ndring - Framtidens Karri\u00e4r \u2013 Grundskolel\u00e4rare","isPartOf":{"@id":"https:\/\/lararkarriar.se\/grundskola\/#website"},"primaryImageOfPage":{"@id":"https:\/\/lararkarriar.se\/grundskola\/2019\/02\/13\/kvalitetsarbete-ar-navet-i-en-forandring\/#primaryimage"},"image":{"@id":"https:\/\/lararkarriar.se\/grundskola\/2019\/02\/13\/kvalitetsarbete-ar-navet-i-en-forandring\/#primaryimage"},"thumbnailUrl":"https:\/\/lararkarriar.se\/grundskola\/wp-content\/uploads\/sites\/12\/2019\/02\/kvalitet-sofia.jpg","datePublished":"2019-02-13T12:47:38+00:00","author":{"@id":"https:\/\/lararkarriar.se\/grundskola\/#\/schema\/person\/c8a43eb855191e573b73ecf8987a3b99"},"breadcrumb":{"@id":"https:\/\/lararkarriar.se\/grundskola\/2019\/02\/13\/kvalitetsarbete-ar-navet-i-en-forandring\/#breadcrumb"},"inLanguage":"sv-SE","potentialAction":[{"@type":"ReadAction","target":["https:\/\/lararkarriar.se\/grundskola\/2019\/02\/13\/kvalitetsarbete-ar-navet-i-en-forandring\/"]}]},{"@type":"ImageObject","inLanguage":"sv-SE","@id":"https:\/\/lararkarriar.se\/grundskola\/2019\/02\/13\/kvalitetsarbete-ar-navet-i-en-forandring\/#primaryimage","url":"https:\/\/lararkarriar.se\/grundskola\/wp-content\/uploads\/sites\/12\/2019\/02\/kvalitet-sofia.jpg","contentUrl":"https:\/\/lararkarriar.se\/grundskola\/wp-content\/uploads\/sites\/12\/2019\/02\/kvalitet-sofia.jpg","width":455,"height":725,"caption":"Sofia Henderup Larsson, utbildningschef f\u00f6r grund- och grunds\u00e4rskolan i Trelleborg."},{"@type":"BreadcrumbList","@id":"https:\/\/lararkarriar.se\/grundskola\/2019\/02\/13\/kvalitetsarbete-ar-navet-i-en-forandring\/#breadcrumb","itemListElement":[{"@type":"ListItem","position":1,"name":"Home","item":"https:\/\/lararkarriar.se\/grundskola\/"},{"@type":"ListItem","position":2,"name":"Kvalitetsarbete \u00e4r navet i en f\u00f6r\u00e4ndring"}]},{"@type":"WebSite","@id":"https:\/\/lararkarriar.se\/grundskola\/#website","url":"https:\/\/lararkarriar.se\/grundskola\/","name":"Framtidens Karri\u00e4r \u2013 Grundskolel\u00e4rare","description":"Just another NMDashboard.se Sites site","potentialAction":[{"@type":"SearchAction","target":{"@type":"EntryPoint","urlTemplate":"https:\/\/lararkarriar.se\/grundskola\/?s={search_term_string}"},"query-input":{"@type":"PropertyValueSpecification","valueRequired":true,"valueName":"search_term_string"}}],"inLanguage":"sv-SE"},{"@type":"Person","@id":"https:\/\/lararkarriar.se\/grundskola\/#\/schema\/person\/c8a43eb855191e573b73ecf8987a3b99","name":"stellanstal","image":{"@type":"ImageObject","inLanguage":"sv-SE","@id":"https:\/\/secure.gravatar.com\/avatar\/cd330fa6bb17f598124b2068ee0b189e4fe0987a50af9d53b78410836060d0c9?s=96&d=mm&r=g","url":"https:\/\/secure.gravatar.com\/avatar\/cd330fa6bb17f598124b2068ee0b189e4fe0987a50af9d53b78410836060d0c9?s=96&d=mm&r=g","contentUrl":"https:\/\/secure.gravatar.com\/avatar\/cd330fa6bb17f598124b2068ee0b189e4fe0987a50af9d53b78410836060d0c9?s=96&d=mm&r=g","caption":"stellanstal"},"url":"https:\/\/lararkarriar.se\/grundskola\/author\/stellanstal\/"}]}},"_links":{"self":[{"href":"https:\/\/lararkarriar.se\/grundskola\/wp-json\/wp\/v2\/posts\/6574","targetHints":{"allow":["GET"]}}],"collection":[{"href":"https:\/\/lararkarriar.se\/grundskola\/wp-json\/wp\/v2\/posts"}],"about":[{"href":"https:\/\/lararkarriar.se\/grundskola\/wp-json\/wp\/v2\/types\/post"}],"author":[{"embeddable":true,"href":"https:\/\/lararkarriar.se\/grundskola\/wp-json\/wp\/v2\/users\/3"}],"replies":[{"embeddable":true,"href":"https:\/\/lararkarriar.se\/grundskola\/wp-json\/wp\/v2\/comments?post=6574"}],"version-history":[{"count":0,"href":"https:\/\/lararkarriar.se\/grundskola\/wp-json\/wp\/v2\/posts\/6574\/revisions"}],"wp:featuredmedia":[{"embeddable":true,"href":"https:\/\/lararkarriar.se\/grundskola\/wp-json\/wp\/v2\/media\/6575"}],"wp:attachment":[{"href":"https:\/\/lararkarriar.se\/grundskola\/wp-json\/wp\/v2\/media?parent=6574"}],"wp:term":[{"taxonomy":"category","embeddable":true,"href":"https:\/\/lararkarriar.se\/grundskola\/wp-json\/wp\/v2\/categories?post=6574"},{"taxonomy":"post_tag","embeddable":true,"href":"https:\/\/lararkarriar.se\/grundskola\/wp-json\/wp\/v2\/tags?post=6574"}],"curies":[{"name":"wp","href":"https:\/\/api.w.org\/{rel}","templated":true}]}}