{"id":6587,"date":"2019-02-13T14:59:53","date_gmt":"2019-02-13T12:59:53","guid":{"rendered":"http:\/\/lararkarriar.se\/grundskola\/?p=6587"},"modified":"2019-02-13T14:59:53","modified_gmt":"2019-02-13T12:59:53","slug":"expertresurs-for-samtliga-svenska-skolor","status":"publish","type":"post","link":"https:\/\/lararkarriar.se\/grundskola\/2019\/02\/13\/expertresurs-for-samtliga-svenska-skolor\/","title":{"rendered":"Expertresurs f\u00f6r samtliga svenska skolor"},"content":{"rendered":"<p><figure id=\"attachment_6588\" aria-describedby=\"caption-attachment-6588\" style=\"width: 1000px\" class=\"wp-caption alignnone\"><img loading=\"lazy\" decoding=\"async\" src=\"https:\/\/lararkarriar.se\/grundskola\/wp-content\/uploads\/sites\/12\/2019\/02\/special-specialpedagogiska-skolmyndigheten-1708179490.jpg\" alt=\"Fredrik Malmberg, generaldirekt\u00f6r p\u00e5 Specialpedagogiska skolmyndigheten. Foto: Olle Melkerhed\" width=\"1000\" height=\"674\" class=\"size-full wp-image-6588\" srcset=\"https:\/\/lararkarriar.se\/grundskola\/wp-content\/uploads\/sites\/12\/2019\/02\/special-specialpedagogiska-skolmyndigheten-1708179490.jpg 1000w, https:\/\/lararkarriar.se\/grundskola\/wp-content\/uploads\/sites\/12\/2019\/02\/special-specialpedagogiska-skolmyndigheten-1708179490-300x202.jpg 300w, https:\/\/lararkarriar.se\/grundskola\/wp-content\/uploads\/sites\/12\/2019\/02\/special-specialpedagogiska-skolmyndigheten-1708179490-768x518.jpg 768w, https:\/\/lararkarriar.se\/grundskola\/wp-content\/uploads\/sites\/12\/2019\/02\/special-specialpedagogiska-skolmyndigheten-1708179490-237x160.jpg 237w, https:\/\/lararkarriar.se\/grundskola\/wp-content\/uploads\/sites\/12\/2019\/02\/special-specialpedagogiska-skolmyndigheten-1708179490-526x355.jpg 526w, https:\/\/lararkarriar.se\/grundskola\/wp-content\/uploads\/sites\/12\/2019\/02\/special-specialpedagogiska-skolmyndigheten-1708179490-720x485.jpg 720w, https:\/\/lararkarriar.se\/grundskola\/wp-content\/uploads\/sites\/12\/2019\/02\/special-specialpedagogiska-skolmyndigheten-1708179490-960x647.jpg 960w\" sizes=\"auto, (max-width: 1000px) 100vw, 1000px\" \/><figcaption id=\"caption-attachment-6588\" class=\"wp-caption-text\">Fredrik Malmberg, generaldirekt\u00f6r p\u00e5 Specialpedagogiska skolmyndigheten. Foto: Olle Melkerhed<\/figcaption><\/figure><strong>Specialpedagogiska skolmyndigheten, SPSM, arbetar f\u00f6r att barn, unga och vuxna oavsett funktionsf\u00f6rm\u00e5ga ska f\u00e5 f\u00f6ruts\u00e4ttningar att n\u00e5 m\u00e5len f\u00f6r sin utbildning. SPSM:s expertis fungerar som ett viktigt komplement och st\u00f6d till skolornas specialpedagogiska verksamhet. <\/strong><\/p>\n<p>\u2013 SPSM \u00e4r en specialpedagogisk resurs f\u00f6r samtliga skolor i Sverige. Vi erbjuder specialpedagogiskt st\u00f6d, undervisning i specialskolor, tillg\u00e4ngliga l\u00e4romedel och statsbidrag. V\u00e5rt st\u00f6d finns b\u00e5de p\u00e5 kommunniv\u00e5, skolniv\u00e5 och individniv\u00e5, s\u00e4ger Fredrik Malmberg, generaldirekt\u00f6r p\u00e5 Specialpedagogiska skolmyndigheten.<br \/>\nP\u00e5 Specialpedagogiska skolmyndigheten samlas expertis kring undervisning f\u00f6r individer med exempelvis h\u00f6rselneds\u00e4ttning, d\u00f6vblindhet eller andra specifika funktionsneds\u00e4ttningar. St\u00f6d erbjuds \u00e4ven p\u00e5 organisatorisk niv\u00e5, inte minst f\u00f6r skolor som beh\u00f6ver st\u00f6ttning i arbetet med att skapa en fungerande struktur f\u00f6r sitt specialpedagogiska arbete.<\/p>\n<p><strong>Satsar p\u00e5 st\u00f6d f\u00f6r elever med spr\u00e5kst\u00f6rningar<\/strong><br \/>\n\u2013 Varje \u00e5r har vi drygt 4&nbsp;000 uppdrag fr\u00e5n skolor och verksamheter runt om i Sverige som handlar om st\u00f6d och r\u00e5dgivning kring specialpedagogiska fr\u00e5gor. Det \u00e4r ett tecken p\u00e5 att v\u00e5r expertis verkligen \u00e4r efterfr\u00e5gad. Jag vill g\u00e4rna uppmana fler skolor att kontakta oss och anv\u00e4nda oss som ett bollplank i sitt f\u00f6rebyggande special\u00adpedagogiska arbete, s\u00e4ger Fredrik Malmberg.<br \/>\nDet senaste \u00e5ret har SPSM fokuserat lite extra p\u00e5 att erbjuda st\u00f6d f\u00f6r elever med spr\u00e5kst\u00f6rningar. F\u00f6rebyggande och reaktivt arbete med inriktning mot skolfr\u00e5nvaro kopplat till psykisk oh\u00e4lsa \u00e4r ytterligare ett omr\u00e5de d\u00e4r man l\u00e4gger lite extra resurser f\u00f6r tillf\u00e4llet.<br \/>\n\u2013 Vi \u00e4r redan i dagsl\u00e4get l\u00e4ttillg\u00e4ngliga, inte minst via v\u00e5r tj\u00e4nst \u201dFr\u00e5ga en r\u00e5dgivare\u201d, dit skolor kan ringa f\u00f6r att f\u00e5 r\u00e5d och tips. Eftersom v\u00e5r ambition \u00e4r att n\u00e5 ut till fler skolor som verkligen \u00e4r i stort behov av v\u00e5rt st\u00f6d satsar vi nu p\u00e5 att bli \u00e4nnu mer l\u00e4ttillg\u00e4ngliga, bland annat genom att st\u00e4rka det lokala arbetet byggd p\u00e5 analyser av v\u00e5ra tjugo lokalkontor runtom i landet om vilket st\u00f6d skol-Sverige beh\u00f6ver. I v\u00e5r planerar vi \u00e4ven att arrangera skolchefsdialoger tillsammans med Skolverket och Skolinspektionen f\u00f6r att kartl\u00e4gga hur behovet av v\u00e5rt st\u00f6d ser ut i olika l\u00e4n, s\u00e4ger Fredrik Malmberg.<\/p>\n","protected":false},"excerpt":{"rendered":"<p>Specialpedagogiska skolmyndigheten, SPSM, arbetar f\u00f6r att barn, unga och vuxna oavsett funktionsf\u00f6rm\u00e5ga ska f\u00e5 f\u00f6ruts\u00e4ttningar&#8230;<\/p>\n","protected":false},"author":3,"featured_media":6588,"comment_status":"closed","ping_status":"open","sticky":false,"template":"","format":"standard","meta":{"_acf_changed":false,"_monsterinsights_skip_tracking":false,"_monsterinsights_sitenote_active":false,"_monsterinsights_sitenote_note":"","_monsterinsights_sitenote_category":0,"footnotes":""},"categories":[1],"tags":[60,299,333,356,358,365],"class_list":["post-6587","post","type-post","status-publish","format-standard","has-post-thumbnail","hentry","category-artikel","tag-dialog","tag-radgivning","tag-skolchefer","tag-specialpedagogiska-skolmyndigheten","tag-spsm","tag-stod"],"acf":[],"yoast_head":"<!-- This site is optimized with the Yoast SEO plugin v27.3 - https:\/\/yoast.com\/product\/yoast-seo-wordpress\/ -->\n<title>Expertresurs f\u00f6r samtliga svenska skolor - Framtidens Karri\u00e4r \u2013 Grundskolel\u00e4rare<\/title>\n<meta name=\"robots\" content=\"index, follow, max-snippet:-1, max-image-preview:large, max-video-preview:-1\" \/>\n<link rel=\"canonical\" href=\"https:\/\/lararkarriar.se\/grundskola\/2019\/02\/13\/expertresurs-for-samtliga-svenska-skolor\/\" \/>\n<meta property=\"og:locale\" content=\"sv_SE\" \/>\n<meta property=\"og:type\" content=\"article\" \/>\n<meta property=\"og:title\" content=\"Expertresurs f\u00f6r samtliga svenska skolor - Framtidens Karri\u00e4r \u2013 Grundskolel\u00e4rare\" \/>\n<meta property=\"og:description\" content=\"Specialpedagogiska skolmyndigheten, SPSM, arbetar f\u00f6r att barn, unga och vuxna oavsett funktionsf\u00f6rm\u00e5ga ska f\u00e5 f\u00f6ruts\u00e4ttningar...\" \/>\n<meta property=\"og:url\" content=\"https:\/\/lararkarriar.se\/grundskola\/2019\/02\/13\/expertresurs-for-samtliga-svenska-skolor\/\" \/>\n<meta property=\"og:site_name\" content=\"Framtidens Karri\u00e4r \u2013 Grundskolel\u00e4rare\" \/>\n<meta property=\"article:published_time\" content=\"2019-02-13T12:59:53+00:00\" \/>\n<meta property=\"og:image\" content=\"https:\/\/lararkarriar.se\/grundskola\/wp-content\/uploads\/sites\/12\/2019\/02\/special-specialpedagogiska-skolmyndigheten-1708179490.jpg\" \/>\n\t<meta property=\"og:image:width\" content=\"1000\" \/>\n\t<meta property=\"og:image:height\" content=\"674\" \/>\n\t<meta property=\"og:image:type\" content=\"image\/jpeg\" \/>\n<meta name=\"author\" content=\"stellanstal\" \/>\n<meta name=\"twitter:card\" content=\"summary_large_image\" \/>\n<meta name=\"twitter:label1\" content=\"Skriven av\" \/>\n\t<meta name=\"twitter:data1\" content=\"stellanstal\" \/>\n\t<meta name=\"twitter:label2\" content=\"Ber\u00e4knad l\u00e4stid\" \/>\n\t<meta name=\"twitter:data2\" content=\"2 minuter\" \/>\n<script type=\"application\/ld+json\" class=\"yoast-schema-graph\">{\"@context\":\"https:\\\/\\\/schema.org\",\"@graph\":[{\"@type\":\"Article\",\"@id\":\"https:\\\/\\\/lararkarriar.se\\\/grundskola\\\/2019\\\/02\\\/13\\\/expertresurs-for-samtliga-svenska-skolor\\\/#article\",\"isPartOf\":{\"@id\":\"https:\\\/\\\/lararkarriar.se\\\/grundskola\\\/2019\\\/02\\\/13\\\/expertresurs-for-samtliga-svenska-skolor\\\/\"},\"author\":{\"name\":\"stellanstal\",\"@id\":\"https:\\\/\\\/lararkarriar.se\\\/grundskola\\\/#\\\/schema\\\/person\\\/c8a43eb855191e573b73ecf8987a3b99\"},\"headline\":\"Expertresurs f\u00f6r samtliga svenska skolor\",\"datePublished\":\"2019-02-13T12:59:53+00:00\",\"mainEntityOfPage\":{\"@id\":\"https:\\\/\\\/lararkarriar.se\\\/grundskola\\\/2019\\\/02\\\/13\\\/expertresurs-for-samtliga-svenska-skolor\\\/\"},\"wordCount\":425,\"image\":{\"@id\":\"https:\\\/\\\/lararkarriar.se\\\/grundskola\\\/2019\\\/02\\\/13\\\/expertresurs-for-samtliga-svenska-skolor\\\/#primaryimage\"},\"thumbnailUrl\":\"https:\\\/\\\/lararkarriar.se\\\/grundskola\\\/wp-content\\\/uploads\\\/sites\\\/12\\\/2019\\\/02\\\/special-specialpedagogiska-skolmyndigheten-1708179490.jpg\",\"keywords\":[\"Dialog\",\"R\u00e5dgivning\",\"Skolchefer\",\"Specialpedagogiska skolmyndigheten\",\"SPSM\",\"St\u00f6d\"],\"articleSection\":[\"Artikel\"],\"inLanguage\":\"sv-SE\"},{\"@type\":\"WebPage\",\"@id\":\"https:\\\/\\\/lararkarriar.se\\\/grundskola\\\/2019\\\/02\\\/13\\\/expertresurs-for-samtliga-svenska-skolor\\\/\",\"url\":\"https:\\\/\\\/lararkarriar.se\\\/grundskola\\\/2019\\\/02\\\/13\\\/expertresurs-for-samtliga-svenska-skolor\\\/\",\"name\":\"Expertresurs f\u00f6r samtliga svenska skolor - Framtidens Karri\u00e4r \u2013 Grundskolel\u00e4rare\",\"isPartOf\":{\"@id\":\"https:\\\/\\\/lararkarriar.se\\\/grundskola\\\/#website\"},\"primaryImageOfPage\":{\"@id\":\"https:\\\/\\\/lararkarriar.se\\\/grundskola\\\/2019\\\/02\\\/13\\\/expertresurs-for-samtliga-svenska-skolor\\\/#primaryimage\"},\"image\":{\"@id\":\"https:\\\/\\\/lararkarriar.se\\\/grundskola\\\/2019\\\/02\\\/13\\\/expertresurs-for-samtliga-svenska-skolor\\\/#primaryimage\"},\"thumbnailUrl\":\"https:\\\/\\\/lararkarriar.se\\\/grundskola\\\/wp-content\\\/uploads\\\/sites\\\/12\\\/2019\\\/02\\\/special-specialpedagogiska-skolmyndigheten-1708179490.jpg\",\"datePublished\":\"2019-02-13T12:59:53+00:00\",\"author\":{\"@id\":\"https:\\\/\\\/lararkarriar.se\\\/grundskola\\\/#\\\/schema\\\/person\\\/c8a43eb855191e573b73ecf8987a3b99\"},\"breadcrumb\":{\"@id\":\"https:\\\/\\\/lararkarriar.se\\\/grundskola\\\/2019\\\/02\\\/13\\\/expertresurs-for-samtliga-svenska-skolor\\\/#breadcrumb\"},\"inLanguage\":\"sv-SE\",\"potentialAction\":[{\"@type\":\"ReadAction\",\"target\":[\"https:\\\/\\\/lararkarriar.se\\\/grundskola\\\/2019\\\/02\\\/13\\\/expertresurs-for-samtliga-svenska-skolor\\\/\"]}]},{\"@type\":\"ImageObject\",\"inLanguage\":\"sv-SE\",\"@id\":\"https:\\\/\\\/lararkarriar.se\\\/grundskola\\\/2019\\\/02\\\/13\\\/expertresurs-for-samtliga-svenska-skolor\\\/#primaryimage\",\"url\":\"https:\\\/\\\/lararkarriar.se\\\/grundskola\\\/wp-content\\\/uploads\\\/sites\\\/12\\\/2019\\\/02\\\/special-specialpedagogiska-skolmyndigheten-1708179490.jpg\",\"contentUrl\":\"https:\\\/\\\/lararkarriar.se\\\/grundskola\\\/wp-content\\\/uploads\\\/sites\\\/12\\\/2019\\\/02\\\/special-specialpedagogiska-skolmyndigheten-1708179490.jpg\",\"width\":1000,\"height\":674,\"caption\":\"Fredrik Malmberg, generaldirekt\u00f6r p\u00e5 Specialpedagogiska skolmyndigheten. Foto: Olle Melkerhed\"},{\"@type\":\"BreadcrumbList\",\"@id\":\"https:\\\/\\\/lararkarriar.se\\\/grundskola\\\/2019\\\/02\\\/13\\\/expertresurs-for-samtliga-svenska-skolor\\\/#breadcrumb\",\"itemListElement\":[{\"@type\":\"ListItem\",\"position\":1,\"name\":\"Home\",\"item\":\"https:\\\/\\\/lararkarriar.se\\\/grundskola\\\/\"},{\"@type\":\"ListItem\",\"position\":2,\"name\":\"Expertresurs f\u00f6r samtliga svenska skolor\"}]},{\"@type\":\"WebSite\",\"@id\":\"https:\\\/\\\/lararkarriar.se\\\/grundskola\\\/#website\",\"url\":\"https:\\\/\\\/lararkarriar.se\\\/grundskola\\\/\",\"name\":\"Framtidens Karri\u00e4r \u2013 Grundskolel\u00e4rare\",\"description\":\"Just another NMDashboard.se Sites site\",\"potentialAction\":[{\"@type\":\"SearchAction\",\"target\":{\"@type\":\"EntryPoint\",\"urlTemplate\":\"https:\\\/\\\/lararkarriar.se\\\/grundskola\\\/?s={search_term_string}\"},\"query-input\":{\"@type\":\"PropertyValueSpecification\",\"valueRequired\":true,\"valueName\":\"search_term_string\"}}],\"inLanguage\":\"sv-SE\"},{\"@type\":\"Person\",\"@id\":\"https:\\\/\\\/lararkarriar.se\\\/grundskola\\\/#\\\/schema\\\/person\\\/c8a43eb855191e573b73ecf8987a3b99\",\"name\":\"stellanstal\",\"image\":{\"@type\":\"ImageObject\",\"inLanguage\":\"sv-SE\",\"@id\":\"https:\\\/\\\/secure.gravatar.com\\\/avatar\\\/cd330fa6bb17f598124b2068ee0b189e4fe0987a50af9d53b78410836060d0c9?s=96&d=mm&r=g\",\"url\":\"https:\\\/\\\/secure.gravatar.com\\\/avatar\\\/cd330fa6bb17f598124b2068ee0b189e4fe0987a50af9d53b78410836060d0c9?s=96&d=mm&r=g\",\"contentUrl\":\"https:\\\/\\\/secure.gravatar.com\\\/avatar\\\/cd330fa6bb17f598124b2068ee0b189e4fe0987a50af9d53b78410836060d0c9?s=96&d=mm&r=g\",\"caption\":\"stellanstal\"},\"url\":\"https:\\\/\\\/lararkarriar.se\\\/grundskola\\\/author\\\/stellanstal\\\/\"}]}<\/script>\n<!-- \/ Yoast SEO plugin. -->","yoast_head_json":{"title":"Expertresurs f\u00f6r samtliga svenska skolor - Framtidens Karri\u00e4r \u2013 Grundskolel\u00e4rare","robots":{"index":"index","follow":"follow","max-snippet":"max-snippet:-1","max-image-preview":"max-image-preview:large","max-video-preview":"max-video-preview:-1"},"canonical":"https:\/\/lararkarriar.se\/grundskola\/2019\/02\/13\/expertresurs-for-samtliga-svenska-skolor\/","og_locale":"sv_SE","og_type":"article","og_title":"Expertresurs f\u00f6r samtliga svenska skolor - Framtidens Karri\u00e4r \u2013 Grundskolel\u00e4rare","og_description":"Specialpedagogiska skolmyndigheten, SPSM, arbetar f\u00f6r att barn, unga och vuxna oavsett funktionsf\u00f6rm\u00e5ga ska f\u00e5 f\u00f6ruts\u00e4ttningar...","og_url":"https:\/\/lararkarriar.se\/grundskola\/2019\/02\/13\/expertresurs-for-samtliga-svenska-skolor\/","og_site_name":"Framtidens Karri\u00e4r \u2013 Grundskolel\u00e4rare","article_published_time":"2019-02-13T12:59:53+00:00","og_image":[{"width":1000,"height":674,"url":"https:\/\/lararkarriar.se\/grundskola\/wp-content\/uploads\/sites\/12\/2019\/02\/special-specialpedagogiska-skolmyndigheten-1708179490.jpg","type":"image\/jpeg"}],"author":"stellanstal","twitter_card":"summary_large_image","twitter_misc":{"Skriven av":"stellanstal","Ber\u00e4knad l\u00e4stid":"2 minuter"},"schema":{"@context":"https:\/\/schema.org","@graph":[{"@type":"Article","@id":"https:\/\/lararkarriar.se\/grundskola\/2019\/02\/13\/expertresurs-for-samtliga-svenska-skolor\/#article","isPartOf":{"@id":"https:\/\/lararkarriar.se\/grundskola\/2019\/02\/13\/expertresurs-for-samtliga-svenska-skolor\/"},"author":{"name":"stellanstal","@id":"https:\/\/lararkarriar.se\/grundskola\/#\/schema\/person\/c8a43eb855191e573b73ecf8987a3b99"},"headline":"Expertresurs f\u00f6r samtliga svenska skolor","datePublished":"2019-02-13T12:59:53+00:00","mainEntityOfPage":{"@id":"https:\/\/lararkarriar.se\/grundskola\/2019\/02\/13\/expertresurs-for-samtliga-svenska-skolor\/"},"wordCount":425,"image":{"@id":"https:\/\/lararkarriar.se\/grundskola\/2019\/02\/13\/expertresurs-for-samtliga-svenska-skolor\/#primaryimage"},"thumbnailUrl":"https:\/\/lararkarriar.se\/grundskola\/wp-content\/uploads\/sites\/12\/2019\/02\/special-specialpedagogiska-skolmyndigheten-1708179490.jpg","keywords":["Dialog","R\u00e5dgivning","Skolchefer","Specialpedagogiska skolmyndigheten","SPSM","St\u00f6d"],"articleSection":["Artikel"],"inLanguage":"sv-SE"},{"@type":"WebPage","@id":"https:\/\/lararkarriar.se\/grundskola\/2019\/02\/13\/expertresurs-for-samtliga-svenska-skolor\/","url":"https:\/\/lararkarriar.se\/grundskola\/2019\/02\/13\/expertresurs-for-samtliga-svenska-skolor\/","name":"Expertresurs f\u00f6r samtliga svenska skolor - Framtidens Karri\u00e4r \u2013 Grundskolel\u00e4rare","isPartOf":{"@id":"https:\/\/lararkarriar.se\/grundskola\/#website"},"primaryImageOfPage":{"@id":"https:\/\/lararkarriar.se\/grundskola\/2019\/02\/13\/expertresurs-for-samtliga-svenska-skolor\/#primaryimage"},"image":{"@id":"https:\/\/lararkarriar.se\/grundskola\/2019\/02\/13\/expertresurs-for-samtliga-svenska-skolor\/#primaryimage"},"thumbnailUrl":"https:\/\/lararkarriar.se\/grundskola\/wp-content\/uploads\/sites\/12\/2019\/02\/special-specialpedagogiska-skolmyndigheten-1708179490.jpg","datePublished":"2019-02-13T12:59:53+00:00","author":{"@id":"https:\/\/lararkarriar.se\/grundskola\/#\/schema\/person\/c8a43eb855191e573b73ecf8987a3b99"},"breadcrumb":{"@id":"https:\/\/lararkarriar.se\/grundskola\/2019\/02\/13\/expertresurs-for-samtliga-svenska-skolor\/#breadcrumb"},"inLanguage":"sv-SE","potentialAction":[{"@type":"ReadAction","target":["https:\/\/lararkarriar.se\/grundskola\/2019\/02\/13\/expertresurs-for-samtliga-svenska-skolor\/"]}]},{"@type":"ImageObject","inLanguage":"sv-SE","@id":"https:\/\/lararkarriar.se\/grundskola\/2019\/02\/13\/expertresurs-for-samtliga-svenska-skolor\/#primaryimage","url":"https:\/\/lararkarriar.se\/grundskola\/wp-content\/uploads\/sites\/12\/2019\/02\/special-specialpedagogiska-skolmyndigheten-1708179490.jpg","contentUrl":"https:\/\/lararkarriar.se\/grundskola\/wp-content\/uploads\/sites\/12\/2019\/02\/special-specialpedagogiska-skolmyndigheten-1708179490.jpg","width":1000,"height":674,"caption":"Fredrik Malmberg, generaldirekt\u00f6r p\u00e5 Specialpedagogiska skolmyndigheten. Foto: Olle Melkerhed"},{"@type":"BreadcrumbList","@id":"https:\/\/lararkarriar.se\/grundskola\/2019\/02\/13\/expertresurs-for-samtliga-svenska-skolor\/#breadcrumb","itemListElement":[{"@type":"ListItem","position":1,"name":"Home","item":"https:\/\/lararkarriar.se\/grundskola\/"},{"@type":"ListItem","position":2,"name":"Expertresurs f\u00f6r samtliga svenska skolor"}]},{"@type":"WebSite","@id":"https:\/\/lararkarriar.se\/grundskola\/#website","url":"https:\/\/lararkarriar.se\/grundskola\/","name":"Framtidens Karri\u00e4r \u2013 Grundskolel\u00e4rare","description":"Just another NMDashboard.se Sites site","potentialAction":[{"@type":"SearchAction","target":{"@type":"EntryPoint","urlTemplate":"https:\/\/lararkarriar.se\/grundskola\/?s={search_term_string}"},"query-input":{"@type":"PropertyValueSpecification","valueRequired":true,"valueName":"search_term_string"}}],"inLanguage":"sv-SE"},{"@type":"Person","@id":"https:\/\/lararkarriar.se\/grundskola\/#\/schema\/person\/c8a43eb855191e573b73ecf8987a3b99","name":"stellanstal","image":{"@type":"ImageObject","inLanguage":"sv-SE","@id":"https:\/\/secure.gravatar.com\/avatar\/cd330fa6bb17f598124b2068ee0b189e4fe0987a50af9d53b78410836060d0c9?s=96&d=mm&r=g","url":"https:\/\/secure.gravatar.com\/avatar\/cd330fa6bb17f598124b2068ee0b189e4fe0987a50af9d53b78410836060d0c9?s=96&d=mm&r=g","contentUrl":"https:\/\/secure.gravatar.com\/avatar\/cd330fa6bb17f598124b2068ee0b189e4fe0987a50af9d53b78410836060d0c9?s=96&d=mm&r=g","caption":"stellanstal"},"url":"https:\/\/lararkarriar.se\/grundskola\/author\/stellanstal\/"}]}},"_links":{"self":[{"href":"https:\/\/lararkarriar.se\/grundskola\/wp-json\/wp\/v2\/posts\/6587","targetHints":{"allow":["GET"]}}],"collection":[{"href":"https:\/\/lararkarriar.se\/grundskola\/wp-json\/wp\/v2\/posts"}],"about":[{"href":"https:\/\/lararkarriar.se\/grundskola\/wp-json\/wp\/v2\/types\/post"}],"author":[{"embeddable":true,"href":"https:\/\/lararkarriar.se\/grundskola\/wp-json\/wp\/v2\/users\/3"}],"replies":[{"embeddable":true,"href":"https:\/\/lararkarriar.se\/grundskola\/wp-json\/wp\/v2\/comments?post=6587"}],"version-history":[{"count":0,"href":"https:\/\/lararkarriar.se\/grundskola\/wp-json\/wp\/v2\/posts\/6587\/revisions"}],"wp:featuredmedia":[{"embeddable":true,"href":"https:\/\/lararkarriar.se\/grundskola\/wp-json\/wp\/v2\/media\/6588"}],"wp:attachment":[{"href":"https:\/\/lararkarriar.se\/grundskola\/wp-json\/wp\/v2\/media?parent=6587"}],"wp:term":[{"taxonomy":"category","embeddable":true,"href":"https:\/\/lararkarriar.se\/grundskola\/wp-json\/wp\/v2\/categories?post=6587"},{"taxonomy":"post_tag","embeddable":true,"href":"https:\/\/lararkarriar.se\/grundskola\/wp-json\/wp\/v2\/tags?post=6587"}],"curies":[{"name":"wp","href":"https:\/\/api.w.org\/{rel}","templated":true}]}}