{"id":6591,"date":"2019-02-13T15:03:17","date_gmt":"2019-02-13T13:03:17","guid":{"rendered":"http:\/\/lararkarriar.se\/grundskola\/?p=6591"},"modified":"2019-02-13T15:03:17","modified_gmt":"2019-02-13T13:03:17","slug":"tio-skolorganisationer-har-blivit-en-i-goteborg","status":"publish","type":"post","link":"https:\/\/lararkarriar.se\/grundskola\/2019\/02\/13\/tio-skolorganisationer-har-blivit-en-i-goteborg\/","title":{"rendered":"Tio skolorganisationer har blivit en i G\u00f6teborg"},"content":{"rendered":"<p><figure id=\"attachment_6592\" aria-describedby=\"caption-attachment-6592\" style=\"width: 1000px\" class=\"wp-caption alignnone\"><img loading=\"lazy\" decoding=\"async\" src=\"https:\/\/lararkarriar.se\/grundskola\/wp-content\/uploads\/sites\/12\/2019\/02\/goteborg-bengan.jpg\" alt=\"\u2013 Det finns en bred politisk enighet bakom omorganisationen, som baserades p\u00e5 en gedigen skolutredning. Den kombinationen ger oss goda f\u00f6ruts\u00e4ttningar att driva en positiv utveckling, s\u00e4ger Bengt Rand\u00e9n, grundskolechef i G\u00f6teborgs stad. Foto: Julia Sj\u00f6berg\" width=\"1000\" height=\"657\" class=\"size-full wp-image-6592\" srcset=\"https:\/\/lararkarriar.se\/grundskola\/wp-content\/uploads\/sites\/12\/2019\/02\/goteborg-bengan.jpg 1000w, https:\/\/lararkarriar.se\/grundskola\/wp-content\/uploads\/sites\/12\/2019\/02\/goteborg-bengan-300x197.jpg 300w, https:\/\/lararkarriar.se\/grundskola\/wp-content\/uploads\/sites\/12\/2019\/02\/goteborg-bengan-768x505.jpg 768w, https:\/\/lararkarriar.se\/grundskola\/wp-content\/uploads\/sites\/12\/2019\/02\/goteborg-bengan-244x160.jpg 244w, https:\/\/lararkarriar.se\/grundskola\/wp-content\/uploads\/sites\/12\/2019\/02\/goteborg-bengan-526x346.jpg 526w, https:\/\/lararkarriar.se\/grundskola\/wp-content\/uploads\/sites\/12\/2019\/02\/goteborg-bengan-720x473.jpg 720w, https:\/\/lararkarriar.se\/grundskola\/wp-content\/uploads\/sites\/12\/2019\/02\/goteborg-bengan-960x631.jpg 960w\" sizes=\"auto, (max-width: 1000px) 100vw, 1000px\" \/><figcaption id=\"caption-attachment-6592\" class=\"wp-caption-text\">\u2013 Det finns en bred politisk enighet bakom omorganisationen, som baserades p\u00e5 en gedigen skolutredning. Den kombinationen ger oss goda f\u00f6ruts\u00e4ttningar att driva en positiv utveckling, s\u00e4ger Bengt Rand\u00e9n, grundskolechef i G\u00f6teborgs stad. Foto: Julia Sj\u00f6berg<\/figcaption><\/figure><strong>G\u00f6teborg ska f\u00e5 en likv\u00e4rdig grundskola, det \u00e4r m\u00e5let f\u00f6r den nya organisationen fr\u00e5n 1 juli i fjol. Bengt Rand\u00e9n leder stadens centrala grundskolef\u00f6rvaltning som tagit \u00f6ver fr\u00e5n de tio stadsdelarna.<\/strong><\/p>\n<p>\u2013 Nu f\u00f6rdelar vi pengarna lika \u00f6ver staden, utifr\u00e5n en enda resursf\u00f6rdelningsmodell, ist\u00e4llet f\u00f6r som tidigare tio olika. S\u00e5 redan nu behandlar vi eleverna mer likv\u00e4rdigt, s\u00e4ger Bengt Rand\u00e9n.<br \/>\nHan \u00e4r f\u00f6rskolel\u00e4rare i grunden och har tidigare varit utbildningschef p\u00e5 G\u00f6teborgsregionens kommunalf\u00f6rbund (GR) och skolchef i Partille kommun.<br \/>\nNu basar han f\u00f6r den nya f\u00f6rvaltningen och dess 150 skolor, 58&nbsp;000 elever, 8&nbsp;000 medarbetare och en budget p\u00e5 7,4 miljarder kronor.<br \/>\nEn nyordning \u00e4r att Bengt Rand\u00e9n tr\u00e4ffar alla de 180 rektorerna en g\u00e5ng i m\u00e5naden.<br \/>\n\u2013 Vi kallar det Rektorsverkstad, d\u00e4r vi har fokus p\u00e5 ledning av l\u00e4randet, b\u00e5de f\u00f6r rektorer och l\u00e4rare. Vi jobbar konkret tillsammans, inte bara lyssnar p\u00e5 f\u00f6rel\u00e4sningar, s\u00e4ger Bengt Rand\u00e9n.<br \/>\nN\u00e4sta \u00e5r inr\u00e4ttar G\u00f6teborg ocks\u00e5 en egen Rektorsakademi, f\u00f6r kompetensutveckling i olika steg.<br \/>\n\u2013 I b\u00f6rjan har vi mycket fokus p\u00e5 rektorerna, eftersom de spelar s\u00e5 stor roll f\u00f6r en skolas utveckling, s\u00e4rskilt skolor som har de st\u00f6rsta utmaningarna. Men givetvis ska alla medarbetare f\u00e5 kompetensutveckling.<\/p>\n<p><strong>Sj\u00e4lvklar m\u00e5ls\u00e4ttning<\/strong><br \/>\nG\u00f6teborg \u00e4r en kraftigt segregerad stad, med mycket stora skillnader i studieresultat mellan de tio stadsdelarna. N\u00e4r kan m\u00e5let \u201den likv\u00e4rdig skola\u201d vara uppn\u00e5tt?<br \/>\n\u2013 En totalt om\u00f6jlig fr\u00e5ga att svara p\u00e5, \u00e4nd\u00e5 m\u00e5ste det vara en sj\u00e4lvklar m\u00e5ls\u00e4ttning, s\u00e4ger Bengt Rand\u00e9n.<br \/>\nHan p\u00e5pekar att m\u00e5nga faktorer ligger utanf\u00f6r hans p\u00e5verkan: det fria skolvalet, hur staden utvecklas i byggandet \u2013 och mycket annat.<br \/>\n\u2013 Vad vi kan g\u00f6ra \u00e4r att se till att vi har bra skolor \u00f6verallt. Och i grunden handlar det om duktiga l\u00e4rare och duktiga rektorer.<br \/>\nPrecis som i rikspolitiken har G\u00f6teborgs stad ett knepigt politiskt l\u00e4ge och det \u00e4r \u00e4nnu oklart hur stora resurser skolan f\u00e5r i budgeten f\u00f6r 2019, men Bengt Rand\u00e9n \u00e4r s\u00e4ker p\u00e5 att det blir en \u00f6kning.<br \/>\n\u2013 Vi har ett bra l\u00e4ge inf\u00f6r 2019, med satsningar \u2013 inte minskningar!<\/p>\n","protected":false},"excerpt":{"rendered":"<p>G\u00f6teborg ska f\u00e5 en likv\u00e4rdig grundskola, det \u00e4r m\u00e5let f\u00f6r den nya organisationen fr\u00e5n 1&#8230;<\/p>\n","protected":false},"author":3,"featured_media":6592,"comment_status":"closed","ping_status":"open","sticky":false,"template":"","format":"standard","meta":{"_acf_changed":false,"_monsterinsights_skip_tracking":false,"_monsterinsights_sitenote_active":false,"_monsterinsights_sitenote_note":"","_monsterinsights_sitenote_category":0,"footnotes":""},"categories":[1],"tags":[108,120,220,305,323],"class_list":["post-6591","post","type-post","status-publish","format-standard","has-post-thumbnail","hentry","category-artikel","tag-fria-skolvalet","tag-goteborgs-stad","tag-likvardig-skola","tag-rektorer","tag-satsningar"],"acf":[],"yoast_head":"<!-- This site is optimized with the Yoast SEO plugin v27.3 - https:\/\/yoast.com\/product\/yoast-seo-wordpress\/ -->\n<title>Tio skolorganisationer har blivit en i G\u00f6teborg - Framtidens Karri\u00e4r \u2013 Grundskolel\u00e4rare<\/title>\n<meta name=\"robots\" content=\"index, follow, max-snippet:-1, max-image-preview:large, max-video-preview:-1\" \/>\n<link rel=\"canonical\" href=\"https:\/\/lararkarriar.se\/grundskola\/2019\/02\/13\/tio-skolorganisationer-har-blivit-en-i-goteborg\/\" \/>\n<meta property=\"og:locale\" content=\"sv_SE\" \/>\n<meta property=\"og:type\" content=\"article\" \/>\n<meta property=\"og:title\" content=\"Tio skolorganisationer har blivit en i G\u00f6teborg - Framtidens Karri\u00e4r \u2013 Grundskolel\u00e4rare\" \/>\n<meta property=\"og:description\" content=\"G\u00f6teborg ska f\u00e5 en likv\u00e4rdig grundskola, det \u00e4r m\u00e5let f\u00f6r den nya organisationen fr\u00e5n 1...\" \/>\n<meta property=\"og:url\" content=\"https:\/\/lararkarriar.se\/grundskola\/2019\/02\/13\/tio-skolorganisationer-har-blivit-en-i-goteborg\/\" \/>\n<meta property=\"og:site_name\" content=\"Framtidens Karri\u00e4r \u2013 Grundskolel\u00e4rare\" \/>\n<meta property=\"article:published_time\" content=\"2019-02-13T13:03:17+00:00\" \/>\n<meta property=\"og:image\" content=\"https:\/\/lararkarriar.se\/grundskola\/wp-content\/uploads\/sites\/12\/2019\/02\/goteborg-bengan.jpg\" \/>\n\t<meta property=\"og:image:width\" content=\"1000\" \/>\n\t<meta property=\"og:image:height\" content=\"657\" \/>\n\t<meta property=\"og:image:type\" content=\"image\/jpeg\" \/>\n<meta name=\"author\" content=\"stellanstal\" \/>\n<meta name=\"twitter:card\" content=\"summary_large_image\" \/>\n<meta name=\"twitter:label1\" content=\"Skriven av\" \/>\n\t<meta name=\"twitter:data1\" content=\"stellanstal\" \/>\n\t<meta name=\"twitter:label2\" content=\"Ber\u00e4knad l\u00e4stid\" \/>\n\t<meta name=\"twitter:data2\" content=\"2 minuter\" \/>\n<script type=\"application\/ld+json\" class=\"yoast-schema-graph\">{\"@context\":\"https:\\\/\\\/schema.org\",\"@graph\":[{\"@type\":\"Article\",\"@id\":\"https:\\\/\\\/lararkarriar.se\\\/grundskola\\\/2019\\\/02\\\/13\\\/tio-skolorganisationer-har-blivit-en-i-goteborg\\\/#article\",\"isPartOf\":{\"@id\":\"https:\\\/\\\/lararkarriar.se\\\/grundskola\\\/2019\\\/02\\\/13\\\/tio-skolorganisationer-har-blivit-en-i-goteborg\\\/\"},\"author\":{\"name\":\"stellanstal\",\"@id\":\"https:\\\/\\\/lararkarriar.se\\\/grundskola\\\/#\\\/schema\\\/person\\\/c8a43eb855191e573b73ecf8987a3b99\"},\"headline\":\"Tio skolorganisationer har blivit en i G\u00f6teborg\",\"datePublished\":\"2019-02-13T13:03:17+00:00\",\"mainEntityOfPage\":{\"@id\":\"https:\\\/\\\/lararkarriar.se\\\/grundskola\\\/2019\\\/02\\\/13\\\/tio-skolorganisationer-har-blivit-en-i-goteborg\\\/\"},\"wordCount\":447,\"image\":{\"@id\":\"https:\\\/\\\/lararkarriar.se\\\/grundskola\\\/2019\\\/02\\\/13\\\/tio-skolorganisationer-har-blivit-en-i-goteborg\\\/#primaryimage\"},\"thumbnailUrl\":\"https:\\\/\\\/lararkarriar.se\\\/grundskola\\\/wp-content\\\/uploads\\\/sites\\\/12\\\/2019\\\/02\\\/goteborg-bengan.jpg\",\"keywords\":[\"Fria skolvalet\",\"G\u00f6teborgs stad\",\"Likv\u00e4rdig skola\",\"Rektorer\",\"Satsningar\"],\"articleSection\":[\"Artikel\"],\"inLanguage\":\"sv-SE\"},{\"@type\":\"WebPage\",\"@id\":\"https:\\\/\\\/lararkarriar.se\\\/grundskola\\\/2019\\\/02\\\/13\\\/tio-skolorganisationer-har-blivit-en-i-goteborg\\\/\",\"url\":\"https:\\\/\\\/lararkarriar.se\\\/grundskola\\\/2019\\\/02\\\/13\\\/tio-skolorganisationer-har-blivit-en-i-goteborg\\\/\",\"name\":\"Tio skolorganisationer har blivit en i G\u00f6teborg - Framtidens Karri\u00e4r \u2013 Grundskolel\u00e4rare\",\"isPartOf\":{\"@id\":\"https:\\\/\\\/lararkarriar.se\\\/grundskola\\\/#website\"},\"primaryImageOfPage\":{\"@id\":\"https:\\\/\\\/lararkarriar.se\\\/grundskola\\\/2019\\\/02\\\/13\\\/tio-skolorganisationer-har-blivit-en-i-goteborg\\\/#primaryimage\"},\"image\":{\"@id\":\"https:\\\/\\\/lararkarriar.se\\\/grundskola\\\/2019\\\/02\\\/13\\\/tio-skolorganisationer-har-blivit-en-i-goteborg\\\/#primaryimage\"},\"thumbnailUrl\":\"https:\\\/\\\/lararkarriar.se\\\/grundskola\\\/wp-content\\\/uploads\\\/sites\\\/12\\\/2019\\\/02\\\/goteborg-bengan.jpg\",\"datePublished\":\"2019-02-13T13:03:17+00:00\",\"author\":{\"@id\":\"https:\\\/\\\/lararkarriar.se\\\/grundskola\\\/#\\\/schema\\\/person\\\/c8a43eb855191e573b73ecf8987a3b99\"},\"breadcrumb\":{\"@id\":\"https:\\\/\\\/lararkarriar.se\\\/grundskola\\\/2019\\\/02\\\/13\\\/tio-skolorganisationer-har-blivit-en-i-goteborg\\\/#breadcrumb\"},\"inLanguage\":\"sv-SE\",\"potentialAction\":[{\"@type\":\"ReadAction\",\"target\":[\"https:\\\/\\\/lararkarriar.se\\\/grundskola\\\/2019\\\/02\\\/13\\\/tio-skolorganisationer-har-blivit-en-i-goteborg\\\/\"]}]},{\"@type\":\"ImageObject\",\"inLanguage\":\"sv-SE\",\"@id\":\"https:\\\/\\\/lararkarriar.se\\\/grundskola\\\/2019\\\/02\\\/13\\\/tio-skolorganisationer-har-blivit-en-i-goteborg\\\/#primaryimage\",\"url\":\"https:\\\/\\\/lararkarriar.se\\\/grundskola\\\/wp-content\\\/uploads\\\/sites\\\/12\\\/2019\\\/02\\\/goteborg-bengan.jpg\",\"contentUrl\":\"https:\\\/\\\/lararkarriar.se\\\/grundskola\\\/wp-content\\\/uploads\\\/sites\\\/12\\\/2019\\\/02\\\/goteborg-bengan.jpg\",\"width\":1000,\"height\":657,\"caption\":\"\u2013 Det finns en bred politisk enighet bakom omorganisationen, som baserades p\u00e5 en gedigen skolutredning. Den kombinationen ger oss goda f\u00f6ruts\u00e4ttningar att driva en positiv utveckling, s\u00e4ger Bengt Rand\u00e9n, grundskolechef i G\u00f6teborgs stad. Foto: Julia Sj\u00f6berg\"},{\"@type\":\"BreadcrumbList\",\"@id\":\"https:\\\/\\\/lararkarriar.se\\\/grundskola\\\/2019\\\/02\\\/13\\\/tio-skolorganisationer-har-blivit-en-i-goteborg\\\/#breadcrumb\",\"itemListElement\":[{\"@type\":\"ListItem\",\"position\":1,\"name\":\"Home\",\"item\":\"https:\\\/\\\/lararkarriar.se\\\/grundskola\\\/\"},{\"@type\":\"ListItem\",\"position\":2,\"name\":\"Tio skolorganisationer har blivit en i G\u00f6teborg\"}]},{\"@type\":\"WebSite\",\"@id\":\"https:\\\/\\\/lararkarriar.se\\\/grundskola\\\/#website\",\"url\":\"https:\\\/\\\/lararkarriar.se\\\/grundskola\\\/\",\"name\":\"Framtidens Karri\u00e4r \u2013 Grundskolel\u00e4rare\",\"description\":\"Just another NMDashboard.se Sites site\",\"potentialAction\":[{\"@type\":\"SearchAction\",\"target\":{\"@type\":\"EntryPoint\",\"urlTemplate\":\"https:\\\/\\\/lararkarriar.se\\\/grundskola\\\/?s={search_term_string}\"},\"query-input\":{\"@type\":\"PropertyValueSpecification\",\"valueRequired\":true,\"valueName\":\"search_term_string\"}}],\"inLanguage\":\"sv-SE\"},{\"@type\":\"Person\",\"@id\":\"https:\\\/\\\/lararkarriar.se\\\/grundskola\\\/#\\\/schema\\\/person\\\/c8a43eb855191e573b73ecf8987a3b99\",\"name\":\"stellanstal\",\"image\":{\"@type\":\"ImageObject\",\"inLanguage\":\"sv-SE\",\"@id\":\"https:\\\/\\\/secure.gravatar.com\\\/avatar\\\/cd330fa6bb17f598124b2068ee0b189e4fe0987a50af9d53b78410836060d0c9?s=96&d=mm&r=g\",\"url\":\"https:\\\/\\\/secure.gravatar.com\\\/avatar\\\/cd330fa6bb17f598124b2068ee0b189e4fe0987a50af9d53b78410836060d0c9?s=96&d=mm&r=g\",\"contentUrl\":\"https:\\\/\\\/secure.gravatar.com\\\/avatar\\\/cd330fa6bb17f598124b2068ee0b189e4fe0987a50af9d53b78410836060d0c9?s=96&d=mm&r=g\",\"caption\":\"stellanstal\"},\"url\":\"https:\\\/\\\/lararkarriar.se\\\/grundskola\\\/author\\\/stellanstal\\\/\"}]}<\/script>\n<!-- \/ Yoast SEO plugin. -->","yoast_head_json":{"title":"Tio skolorganisationer har blivit en i G\u00f6teborg - Framtidens Karri\u00e4r \u2013 Grundskolel\u00e4rare","robots":{"index":"index","follow":"follow","max-snippet":"max-snippet:-1","max-image-preview":"max-image-preview:large","max-video-preview":"max-video-preview:-1"},"canonical":"https:\/\/lararkarriar.se\/grundskola\/2019\/02\/13\/tio-skolorganisationer-har-blivit-en-i-goteborg\/","og_locale":"sv_SE","og_type":"article","og_title":"Tio skolorganisationer har blivit en i G\u00f6teborg - Framtidens Karri\u00e4r \u2013 Grundskolel\u00e4rare","og_description":"G\u00f6teborg ska f\u00e5 en likv\u00e4rdig grundskola, det \u00e4r m\u00e5let f\u00f6r den nya organisationen fr\u00e5n 1...","og_url":"https:\/\/lararkarriar.se\/grundskola\/2019\/02\/13\/tio-skolorganisationer-har-blivit-en-i-goteborg\/","og_site_name":"Framtidens Karri\u00e4r \u2013 Grundskolel\u00e4rare","article_published_time":"2019-02-13T13:03:17+00:00","og_image":[{"width":1000,"height":657,"url":"https:\/\/lararkarriar.se\/grundskola\/wp-content\/uploads\/sites\/12\/2019\/02\/goteborg-bengan.jpg","type":"image\/jpeg"}],"author":"stellanstal","twitter_card":"summary_large_image","twitter_misc":{"Skriven av":"stellanstal","Ber\u00e4knad l\u00e4stid":"2 minuter"},"schema":{"@context":"https:\/\/schema.org","@graph":[{"@type":"Article","@id":"https:\/\/lararkarriar.se\/grundskola\/2019\/02\/13\/tio-skolorganisationer-har-blivit-en-i-goteborg\/#article","isPartOf":{"@id":"https:\/\/lararkarriar.se\/grundskola\/2019\/02\/13\/tio-skolorganisationer-har-blivit-en-i-goteborg\/"},"author":{"name":"stellanstal","@id":"https:\/\/lararkarriar.se\/grundskola\/#\/schema\/person\/c8a43eb855191e573b73ecf8987a3b99"},"headline":"Tio skolorganisationer har blivit en i G\u00f6teborg","datePublished":"2019-02-13T13:03:17+00:00","mainEntityOfPage":{"@id":"https:\/\/lararkarriar.se\/grundskola\/2019\/02\/13\/tio-skolorganisationer-har-blivit-en-i-goteborg\/"},"wordCount":447,"image":{"@id":"https:\/\/lararkarriar.se\/grundskola\/2019\/02\/13\/tio-skolorganisationer-har-blivit-en-i-goteborg\/#primaryimage"},"thumbnailUrl":"https:\/\/lararkarriar.se\/grundskola\/wp-content\/uploads\/sites\/12\/2019\/02\/goteborg-bengan.jpg","keywords":["Fria skolvalet","G\u00f6teborgs stad","Likv\u00e4rdig skola","Rektorer","Satsningar"],"articleSection":["Artikel"],"inLanguage":"sv-SE"},{"@type":"WebPage","@id":"https:\/\/lararkarriar.se\/grundskola\/2019\/02\/13\/tio-skolorganisationer-har-blivit-en-i-goteborg\/","url":"https:\/\/lararkarriar.se\/grundskola\/2019\/02\/13\/tio-skolorganisationer-har-blivit-en-i-goteborg\/","name":"Tio skolorganisationer har blivit en i G\u00f6teborg - Framtidens Karri\u00e4r \u2013 Grundskolel\u00e4rare","isPartOf":{"@id":"https:\/\/lararkarriar.se\/grundskola\/#website"},"primaryImageOfPage":{"@id":"https:\/\/lararkarriar.se\/grundskola\/2019\/02\/13\/tio-skolorganisationer-har-blivit-en-i-goteborg\/#primaryimage"},"image":{"@id":"https:\/\/lararkarriar.se\/grundskola\/2019\/02\/13\/tio-skolorganisationer-har-blivit-en-i-goteborg\/#primaryimage"},"thumbnailUrl":"https:\/\/lararkarriar.se\/grundskola\/wp-content\/uploads\/sites\/12\/2019\/02\/goteborg-bengan.jpg","datePublished":"2019-02-13T13:03:17+00:00","author":{"@id":"https:\/\/lararkarriar.se\/grundskola\/#\/schema\/person\/c8a43eb855191e573b73ecf8987a3b99"},"breadcrumb":{"@id":"https:\/\/lararkarriar.se\/grundskola\/2019\/02\/13\/tio-skolorganisationer-har-blivit-en-i-goteborg\/#breadcrumb"},"inLanguage":"sv-SE","potentialAction":[{"@type":"ReadAction","target":["https:\/\/lararkarriar.se\/grundskola\/2019\/02\/13\/tio-skolorganisationer-har-blivit-en-i-goteborg\/"]}]},{"@type":"ImageObject","inLanguage":"sv-SE","@id":"https:\/\/lararkarriar.se\/grundskola\/2019\/02\/13\/tio-skolorganisationer-har-blivit-en-i-goteborg\/#primaryimage","url":"https:\/\/lararkarriar.se\/grundskola\/wp-content\/uploads\/sites\/12\/2019\/02\/goteborg-bengan.jpg","contentUrl":"https:\/\/lararkarriar.se\/grundskola\/wp-content\/uploads\/sites\/12\/2019\/02\/goteborg-bengan.jpg","width":1000,"height":657,"caption":"\u2013 Det finns en bred politisk enighet bakom omorganisationen, som baserades p\u00e5 en gedigen skolutredning. Den kombinationen ger oss goda f\u00f6ruts\u00e4ttningar att driva en positiv utveckling, s\u00e4ger Bengt Rand\u00e9n, grundskolechef i G\u00f6teborgs stad. Foto: Julia Sj\u00f6berg"},{"@type":"BreadcrumbList","@id":"https:\/\/lararkarriar.se\/grundskola\/2019\/02\/13\/tio-skolorganisationer-har-blivit-en-i-goteborg\/#breadcrumb","itemListElement":[{"@type":"ListItem","position":1,"name":"Home","item":"https:\/\/lararkarriar.se\/grundskola\/"},{"@type":"ListItem","position":2,"name":"Tio skolorganisationer har blivit en i G\u00f6teborg"}]},{"@type":"WebSite","@id":"https:\/\/lararkarriar.se\/grundskola\/#website","url":"https:\/\/lararkarriar.se\/grundskola\/","name":"Framtidens Karri\u00e4r \u2013 Grundskolel\u00e4rare","description":"Just another NMDashboard.se Sites site","potentialAction":[{"@type":"SearchAction","target":{"@type":"EntryPoint","urlTemplate":"https:\/\/lararkarriar.se\/grundskola\/?s={search_term_string}"},"query-input":{"@type":"PropertyValueSpecification","valueRequired":true,"valueName":"search_term_string"}}],"inLanguage":"sv-SE"},{"@type":"Person","@id":"https:\/\/lararkarriar.se\/grundskola\/#\/schema\/person\/c8a43eb855191e573b73ecf8987a3b99","name":"stellanstal","image":{"@type":"ImageObject","inLanguage":"sv-SE","@id":"https:\/\/secure.gravatar.com\/avatar\/cd330fa6bb17f598124b2068ee0b189e4fe0987a50af9d53b78410836060d0c9?s=96&d=mm&r=g","url":"https:\/\/secure.gravatar.com\/avatar\/cd330fa6bb17f598124b2068ee0b189e4fe0987a50af9d53b78410836060d0c9?s=96&d=mm&r=g","contentUrl":"https:\/\/secure.gravatar.com\/avatar\/cd330fa6bb17f598124b2068ee0b189e4fe0987a50af9d53b78410836060d0c9?s=96&d=mm&r=g","caption":"stellanstal"},"url":"https:\/\/lararkarriar.se\/grundskola\/author\/stellanstal\/"}]}},"_links":{"self":[{"href":"https:\/\/lararkarriar.se\/grundskola\/wp-json\/wp\/v2\/posts\/6591","targetHints":{"allow":["GET"]}}],"collection":[{"href":"https:\/\/lararkarriar.se\/grundskola\/wp-json\/wp\/v2\/posts"}],"about":[{"href":"https:\/\/lararkarriar.se\/grundskola\/wp-json\/wp\/v2\/types\/post"}],"author":[{"embeddable":true,"href":"https:\/\/lararkarriar.se\/grundskola\/wp-json\/wp\/v2\/users\/3"}],"replies":[{"embeddable":true,"href":"https:\/\/lararkarriar.se\/grundskola\/wp-json\/wp\/v2\/comments?post=6591"}],"version-history":[{"count":0,"href":"https:\/\/lararkarriar.se\/grundskola\/wp-json\/wp\/v2\/posts\/6591\/revisions"}],"wp:featuredmedia":[{"embeddable":true,"href":"https:\/\/lararkarriar.se\/grundskola\/wp-json\/wp\/v2\/media\/6592"}],"wp:attachment":[{"href":"https:\/\/lararkarriar.se\/grundskola\/wp-json\/wp\/v2\/media?parent=6591"}],"wp:term":[{"taxonomy":"category","embeddable":true,"href":"https:\/\/lararkarriar.se\/grundskola\/wp-json\/wp\/v2\/categories?post=6591"},{"taxonomy":"post_tag","embeddable":true,"href":"https:\/\/lararkarriar.se\/grundskola\/wp-json\/wp\/v2\/tags?post=6591"}],"curies":[{"name":"wp","href":"https:\/\/api.w.org\/{rel}","templated":true}]}}