{"id":6595,"date":"2019-02-13T15:07:08","date_gmt":"2019-02-13T13:07:08","guid":{"rendered":"http:\/\/lararkarriar.se\/grundskola\/?p=6595"},"modified":"2019-02-13T15:07:08","modified_gmt":"2019-02-13T13:07:08","slug":"tidiga-insatser-och-dialog-gor-skillnad","status":"publish","type":"post","link":"https:\/\/lararkarriar.se\/grundskola\/2019\/02\/13\/tidiga-insatser-och-dialog-gor-skillnad\/","title":{"rendered":"Tidiga insatser och dialog g\u00f6r skillnad"},"content":{"rendered":"<p><figure id=\"attachment_6597\" aria-describedby=\"caption-attachment-6597\" style=\"width: 1000px\" class=\"wp-caption alignnone\"><img loading=\"lazy\" decoding=\"async\" src=\"https:\/\/lararkarriar.se\/grundskola\/wp-content\/uploads\/sites\/12\/2019\/02\/undersok1-johan-ahlkvist-h150.jpg\" alt=\"Johan Ahlkvist, skolchef f\u00f6r grundskolan i Tyres\u00f6.\" width=\"1000\" height=\"676\" class=\"size-full wp-image-6597\" srcset=\"https:\/\/lararkarriar.se\/grundskola\/wp-content\/uploads\/sites\/12\/2019\/02\/undersok1-johan-ahlkvist-h150.jpg 1000w, https:\/\/lararkarriar.se\/grundskola\/wp-content\/uploads\/sites\/12\/2019\/02\/undersok1-johan-ahlkvist-h150-300x203.jpg 300w, https:\/\/lararkarriar.se\/grundskola\/wp-content\/uploads\/sites\/12\/2019\/02\/undersok1-johan-ahlkvist-h150-768x519.jpg 768w, https:\/\/lararkarriar.se\/grundskola\/wp-content\/uploads\/sites\/12\/2019\/02\/undersok1-johan-ahlkvist-h150-237x160.jpg 237w, https:\/\/lararkarriar.se\/grundskola\/wp-content\/uploads\/sites\/12\/2019\/02\/undersok1-johan-ahlkvist-h150-526x356.jpg 526w, https:\/\/lararkarriar.se\/grundskola\/wp-content\/uploads\/sites\/12\/2019\/02\/undersok1-johan-ahlkvist-h150-720x487.jpg 720w, https:\/\/lararkarriar.se\/grundskola\/wp-content\/uploads\/sites\/12\/2019\/02\/undersok1-johan-ahlkvist-h150-960x649.jpg 960w\" sizes=\"auto, (max-width: 1000px) 100vw, 1000px\" \/><figcaption id=\"caption-attachment-6597\" class=\"wp-caption-text\">Johan Ahlkvist, skolchef f\u00f6r grundskolan i Tyres\u00f6.<\/figcaption><\/figure><strong>Beh\u00f6riga l\u00e4rare, tidigare insatser f\u00f6r elever med sv\u00e5righeter samt mer resurser till verksamheten. Det \u00e4r vad l\u00e4rarna sj\u00e4lva anser vara viktigast f\u00f6r att h\u00f6ja kvaliteten i grundskolan enligt en ny unders\u00f6kning fr\u00e5n Framtidens Karri\u00e4r \u2013 Grundskoll\u00e4rare.<\/strong><\/p>\n<p>Tidiga insatser i skolan \u00e4r ett omr\u00e5de d\u00e4r Tyres\u00f6, en av Sveriges b\u00e4sta skolkommuner, gjort en hel del.<br \/>\n\u2013 Vi har ett tydligt och gemensamt system f\u00f6r hur vi kan f\u00f6lja upp och kvalitetss\u00e4kra elevernas kunskapsutveckling d\u00e4r l\u00e4rarna bed\u00f6mer eleverna fyra g\u00e5nger per l\u00e4s\u00e5r. Syftet \u00e4r att skapa en kartl\u00e4ggning p\u00e5 skolniv\u00e5 s\u00e5 att rektorerna ser hur det ser ut p\u00e5 just deras skola, b\u00e5de vad g\u00e4ller klasser och \u00e4mnen, s\u00e4ger Johan Ahlkvist, skolchef f\u00f6r grundskolan i Tyres\u00f6.<br \/>\nResultatet av sammanst\u00e4llningen ligger sedan till grund f\u00f6r dialoger mellan kommunens skolledning och rektorerna p\u00e5 varje skola, \u00e4ven det vid fyra olika tillf\u00e4llen per \u00e5r.<br \/>\n\u2013 Det g\u00e4ller att ha koll p\u00e5 elevernas resultat men f\u00f6r oss \u00e4r det dialogen med varje skola som \u00e4r den viktiga, eftersom det \u00e4r h\u00e4r vi f\u00e5r fram en analys och kan prioritera insatser.  <\/p>\n<p><strong>F\u00e5ngar upp och \u00e5tg\u00e4rdar<\/strong><br \/>\nHan ber\u00e4ttar om ett konkret exempel d\u00e4r en resultatsammanst\u00e4llning visade att n\u00e4stan samtliga elever i en av kommunens sjundeklasser hade alldeles f\u00f6r l\u00e5ga kunskaper i engelska.<br \/>\n\u2013 Det ledde till st\u00e4rkta insatser i klassen men \u00e4ven till att skolan, varifr\u00e5n merparten av eleverna kom, kontaktades. Tack vare resultatsammanst\u00e4llningen kunde vi f\u00e5nga upp och \u00e5tg\u00e4rda situationen innan det g\u00e5tt f\u00f6r l\u00e5ngt.<br \/>\nJohan Ahlkvist p\u00e5pekar att om skolans eget arbete inte skulle leda till \u00f6nskad resultatf\u00f6rb\u00e4ttring, finns alltid hj\u00e4lp att tillg\u00e5.<br \/>\n\u2013 Ingen skola ska k\u00e4nna sig ensam i sin problematik. Om skolan inte hittar l\u00f6sningarna sj\u00e4lv ska man s\u00f6ka hj\u00e4lp p\u00e5 huvudmannaniv\u00e5, fastsl\u00e5r Johan Ahlkvist.<\/p>\n<div class=\"faktaruta2-title\">Vilka faktorer \u00e4r viktigast f\u00f6r att h\u00f6ja kvaliteten i grundskolan? (Ange g\u00e4rna flera)<\/div><div class=\"faktaruta2\"><img loading=\"lazy\" decoding=\"async\" src=\"https:\/\/lararkarriar.se\/grundskola\/wp-content\/uploads\/sites\/12\/2019\/02\/undersok1-graf.png\" alt=\"\" width=\"1000\" height=\"680\" class=\"alignnone size-full wp-image-6596\" srcset=\"https:\/\/lararkarriar.se\/grundskola\/wp-content\/uploads\/sites\/12\/2019\/02\/undersok1-graf.png 1000w, https:\/\/lararkarriar.se\/grundskola\/wp-content\/uploads\/sites\/12\/2019\/02\/undersok1-graf-300x204.png 300w, https:\/\/lararkarriar.se\/grundskola\/wp-content\/uploads\/sites\/12\/2019\/02\/undersok1-graf-768x522.png 768w, https:\/\/lararkarriar.se\/grundskola\/wp-content\/uploads\/sites\/12\/2019\/02\/undersok1-graf-235x160.png 235w, https:\/\/lararkarriar.se\/grundskola\/wp-content\/uploads\/sites\/12\/2019\/02\/undersok1-graf-526x358.png 526w, https:\/\/lararkarriar.se\/grundskola\/wp-content\/uploads\/sites\/12\/2019\/02\/undersok1-graf-720x490.png 720w, https:\/\/lararkarriar.se\/grundskola\/wp-content\/uploads\/sites\/12\/2019\/02\/undersok1-graf-960x653.png 960w\" sizes=\"auto, (max-width: 1000px) 100vw, 1000px\" \/><br \/>\n<strong>1.<\/strong> Tidigare insatser f\u00f6r elever med sv\u00e5righeter<br \/>\n<strong>2.<\/strong> Lugn och ro i klassrummet, b\u00e4ttre arbetsklimat<br \/>\n<strong>3.<\/strong> Mer tid f\u00f6r undervisning<br \/>\n<strong>4.<\/strong> Beh\u00f6riga l\u00e4rare<br \/>\n<strong>5.<\/strong> Mindre klasser<br \/>\n<strong>6.<\/strong> Mer resurser till verksamheten<br \/>\n<strong>7.<\/strong> B\u00e4ttre arbetsmilj\u00f6<br \/>\n<strong>8.<\/strong> Kollegialt l\u00e4rande<br \/>\n<strong>9.<\/strong> F\u00f6rstatligande av skolan<br \/>\n<strong>10.<\/strong> M\u00f6jlighet till kompetensutveckling<br \/>\n<strong>11.<\/strong> F\u00f6rb\u00e4ttrad och l\u00e4ttolkad l\u00e4roplan<br \/>\n<strong>12.<\/strong> Annat<\/div>\n","protected":false},"excerpt":{"rendered":"<p>Beh\u00f6riga l\u00e4rare, tidigare insatser f\u00f6r elever med sv\u00e5righeter samt mer resurser till verksamheten. Det \u00e4r&#8230;<\/p>\n","protected":false},"author":3,"featured_media":6597,"comment_status":"closed","ping_status":"open","sticky":false,"template":"","format":"standard","meta":{"_acf_changed":false,"_monsterinsights_skip_tracking":false,"_monsterinsights_sitenote_active":false,"_monsterinsights_sitenote_note":"","_monsterinsights_sitenote_category":0,"footnotes":""},"categories":[1],"tags":[21,33,193,309,389,408,413],"class_list":["post-6595","post","type-post","status-publish","format-standard","has-post-thumbnail","hentry","category-artikel","tag-arbetsklimat","tag-atgarder","tag-kvalitet","tag-resultat","tag-tidiga-insatser","tag-tyreso-kommun","tag-undersokning"],"acf":[],"yoast_head":"<!-- This site is optimized with the Yoast SEO plugin v27.3 - https:\/\/yoast.com\/product\/yoast-seo-wordpress\/ -->\n<title>Tidiga insatser och dialog g\u00f6r skillnad - Framtidens Karri\u00e4r \u2013 Grundskolel\u00e4rare<\/title>\n<meta name=\"robots\" content=\"index, follow, max-snippet:-1, max-image-preview:large, max-video-preview:-1\" \/>\n<link rel=\"canonical\" href=\"https:\/\/lararkarriar.se\/grundskola\/2019\/02\/13\/tidiga-insatser-och-dialog-gor-skillnad\/\" \/>\n<meta property=\"og:locale\" content=\"sv_SE\" \/>\n<meta property=\"og:type\" content=\"article\" \/>\n<meta property=\"og:title\" content=\"Tidiga insatser och dialog g\u00f6r skillnad - Framtidens Karri\u00e4r \u2013 Grundskolel\u00e4rare\" \/>\n<meta property=\"og:description\" content=\"Beh\u00f6riga l\u00e4rare, tidigare insatser f\u00f6r elever med sv\u00e5righeter samt mer resurser till verksamheten. Det \u00e4r...\" \/>\n<meta property=\"og:url\" content=\"https:\/\/lararkarriar.se\/grundskola\/2019\/02\/13\/tidiga-insatser-och-dialog-gor-skillnad\/\" \/>\n<meta property=\"og:site_name\" content=\"Framtidens Karri\u00e4r \u2013 Grundskolel\u00e4rare\" \/>\n<meta property=\"article:published_time\" content=\"2019-02-13T13:07:08+00:00\" \/>\n<meta property=\"og:image\" content=\"https:\/\/lararkarriar.se\/grundskola\/wp-content\/uploads\/sites\/12\/2019\/02\/undersok1-johan-ahlkvist-h150.jpg\" \/>\n\t<meta property=\"og:image:width\" content=\"1000\" \/>\n\t<meta property=\"og:image:height\" content=\"676\" \/>\n\t<meta property=\"og:image:type\" content=\"image\/jpeg\" \/>\n<meta name=\"author\" content=\"stellanstal\" \/>\n<meta name=\"twitter:card\" content=\"summary_large_image\" \/>\n<meta name=\"twitter:label1\" content=\"Skriven av\" \/>\n\t<meta name=\"twitter:data1\" content=\"stellanstal\" \/>\n\t<meta name=\"twitter:label2\" content=\"Ber\u00e4knad l\u00e4stid\" \/>\n\t<meta name=\"twitter:data2\" content=\"2 minuter\" \/>\n<script type=\"application\/ld+json\" class=\"yoast-schema-graph\">{\"@context\":\"https:\\\/\\\/schema.org\",\"@graph\":[{\"@type\":\"Article\",\"@id\":\"https:\\\/\\\/lararkarriar.se\\\/grundskola\\\/2019\\\/02\\\/13\\\/tidiga-insatser-och-dialog-gor-skillnad\\\/#article\",\"isPartOf\":{\"@id\":\"https:\\\/\\\/lararkarriar.se\\\/grundskola\\\/2019\\\/02\\\/13\\\/tidiga-insatser-och-dialog-gor-skillnad\\\/\"},\"author\":{\"name\":\"stellanstal\",\"@id\":\"https:\\\/\\\/lararkarriar.se\\\/grundskola\\\/#\\\/schema\\\/person\\\/c8a43eb855191e573b73ecf8987a3b99\"},\"headline\":\"Tidiga insatser och dialog g\u00f6r skillnad\",\"datePublished\":\"2019-02-13T13:07:08+00:00\",\"mainEntityOfPage\":{\"@id\":\"https:\\\/\\\/lararkarriar.se\\\/grundskola\\\/2019\\\/02\\\/13\\\/tidiga-insatser-och-dialog-gor-skillnad\\\/\"},\"wordCount\":434,\"image\":{\"@id\":\"https:\\\/\\\/lararkarriar.se\\\/grundskola\\\/2019\\\/02\\\/13\\\/tidiga-insatser-och-dialog-gor-skillnad\\\/#primaryimage\"},\"thumbnailUrl\":\"https:\\\/\\\/lararkarriar.se\\\/grundskola\\\/wp-content\\\/uploads\\\/sites\\\/12\\\/2019\\\/02\\\/undersok1-johan-ahlkvist-h150.jpg\",\"keywords\":[\"Arbetsklimat\",\"\u00c5tg\u00e4rder\",\"Kvalitet\",\"Resultat\",\"Tidiga insatser\",\"Tyres\u00f6 kommun\",\"Unders\u00f6kning\"],\"articleSection\":[\"Artikel\"],\"inLanguage\":\"sv-SE\"},{\"@type\":\"WebPage\",\"@id\":\"https:\\\/\\\/lararkarriar.se\\\/grundskola\\\/2019\\\/02\\\/13\\\/tidiga-insatser-och-dialog-gor-skillnad\\\/\",\"url\":\"https:\\\/\\\/lararkarriar.se\\\/grundskola\\\/2019\\\/02\\\/13\\\/tidiga-insatser-och-dialog-gor-skillnad\\\/\",\"name\":\"Tidiga insatser och dialog g\u00f6r skillnad - Framtidens Karri\u00e4r \u2013 Grundskolel\u00e4rare\",\"isPartOf\":{\"@id\":\"https:\\\/\\\/lararkarriar.se\\\/grundskola\\\/#website\"},\"primaryImageOfPage\":{\"@id\":\"https:\\\/\\\/lararkarriar.se\\\/grundskola\\\/2019\\\/02\\\/13\\\/tidiga-insatser-och-dialog-gor-skillnad\\\/#primaryimage\"},\"image\":{\"@id\":\"https:\\\/\\\/lararkarriar.se\\\/grundskola\\\/2019\\\/02\\\/13\\\/tidiga-insatser-och-dialog-gor-skillnad\\\/#primaryimage\"},\"thumbnailUrl\":\"https:\\\/\\\/lararkarriar.se\\\/grundskola\\\/wp-content\\\/uploads\\\/sites\\\/12\\\/2019\\\/02\\\/undersok1-johan-ahlkvist-h150.jpg\",\"datePublished\":\"2019-02-13T13:07:08+00:00\",\"author\":{\"@id\":\"https:\\\/\\\/lararkarriar.se\\\/grundskola\\\/#\\\/schema\\\/person\\\/c8a43eb855191e573b73ecf8987a3b99\"},\"breadcrumb\":{\"@id\":\"https:\\\/\\\/lararkarriar.se\\\/grundskola\\\/2019\\\/02\\\/13\\\/tidiga-insatser-och-dialog-gor-skillnad\\\/#breadcrumb\"},\"inLanguage\":\"sv-SE\",\"potentialAction\":[{\"@type\":\"ReadAction\",\"target\":[\"https:\\\/\\\/lararkarriar.se\\\/grundskola\\\/2019\\\/02\\\/13\\\/tidiga-insatser-och-dialog-gor-skillnad\\\/\"]}]},{\"@type\":\"ImageObject\",\"inLanguage\":\"sv-SE\",\"@id\":\"https:\\\/\\\/lararkarriar.se\\\/grundskola\\\/2019\\\/02\\\/13\\\/tidiga-insatser-och-dialog-gor-skillnad\\\/#primaryimage\",\"url\":\"https:\\\/\\\/lararkarriar.se\\\/grundskola\\\/wp-content\\\/uploads\\\/sites\\\/12\\\/2019\\\/02\\\/undersok1-johan-ahlkvist-h150.jpg\",\"contentUrl\":\"https:\\\/\\\/lararkarriar.se\\\/grundskola\\\/wp-content\\\/uploads\\\/sites\\\/12\\\/2019\\\/02\\\/undersok1-johan-ahlkvist-h150.jpg\",\"width\":1000,\"height\":676,\"caption\":\"Johan Ahlkvist, skolchef f\u00f6r grundskolan i Tyres\u00f6.\"},{\"@type\":\"BreadcrumbList\",\"@id\":\"https:\\\/\\\/lararkarriar.se\\\/grundskola\\\/2019\\\/02\\\/13\\\/tidiga-insatser-och-dialog-gor-skillnad\\\/#breadcrumb\",\"itemListElement\":[{\"@type\":\"ListItem\",\"position\":1,\"name\":\"Home\",\"item\":\"https:\\\/\\\/lararkarriar.se\\\/grundskola\\\/\"},{\"@type\":\"ListItem\",\"position\":2,\"name\":\"Tidiga insatser och dialog g\u00f6r skillnad\"}]},{\"@type\":\"WebSite\",\"@id\":\"https:\\\/\\\/lararkarriar.se\\\/grundskola\\\/#website\",\"url\":\"https:\\\/\\\/lararkarriar.se\\\/grundskola\\\/\",\"name\":\"Framtidens Karri\u00e4r \u2013 Grundskolel\u00e4rare\",\"description\":\"Just another NMDashboard.se Sites site\",\"potentialAction\":[{\"@type\":\"SearchAction\",\"target\":{\"@type\":\"EntryPoint\",\"urlTemplate\":\"https:\\\/\\\/lararkarriar.se\\\/grundskola\\\/?s={search_term_string}\"},\"query-input\":{\"@type\":\"PropertyValueSpecification\",\"valueRequired\":true,\"valueName\":\"search_term_string\"}}],\"inLanguage\":\"sv-SE\"},{\"@type\":\"Person\",\"@id\":\"https:\\\/\\\/lararkarriar.se\\\/grundskola\\\/#\\\/schema\\\/person\\\/c8a43eb855191e573b73ecf8987a3b99\",\"name\":\"stellanstal\",\"image\":{\"@type\":\"ImageObject\",\"inLanguage\":\"sv-SE\",\"@id\":\"https:\\\/\\\/secure.gravatar.com\\\/avatar\\\/cd330fa6bb17f598124b2068ee0b189e4fe0987a50af9d53b78410836060d0c9?s=96&d=mm&r=g\",\"url\":\"https:\\\/\\\/secure.gravatar.com\\\/avatar\\\/cd330fa6bb17f598124b2068ee0b189e4fe0987a50af9d53b78410836060d0c9?s=96&d=mm&r=g\",\"contentUrl\":\"https:\\\/\\\/secure.gravatar.com\\\/avatar\\\/cd330fa6bb17f598124b2068ee0b189e4fe0987a50af9d53b78410836060d0c9?s=96&d=mm&r=g\",\"caption\":\"stellanstal\"},\"url\":\"https:\\\/\\\/lararkarriar.se\\\/grundskola\\\/author\\\/stellanstal\\\/\"}]}<\/script>\n<!-- \/ Yoast SEO plugin. -->","yoast_head_json":{"title":"Tidiga insatser och dialog g\u00f6r skillnad - Framtidens Karri\u00e4r \u2013 Grundskolel\u00e4rare","robots":{"index":"index","follow":"follow","max-snippet":"max-snippet:-1","max-image-preview":"max-image-preview:large","max-video-preview":"max-video-preview:-1"},"canonical":"https:\/\/lararkarriar.se\/grundskola\/2019\/02\/13\/tidiga-insatser-och-dialog-gor-skillnad\/","og_locale":"sv_SE","og_type":"article","og_title":"Tidiga insatser och dialog g\u00f6r skillnad - Framtidens Karri\u00e4r \u2013 Grundskolel\u00e4rare","og_description":"Beh\u00f6riga l\u00e4rare, tidigare insatser f\u00f6r elever med sv\u00e5righeter samt mer resurser till verksamheten. Det \u00e4r...","og_url":"https:\/\/lararkarriar.se\/grundskola\/2019\/02\/13\/tidiga-insatser-och-dialog-gor-skillnad\/","og_site_name":"Framtidens Karri\u00e4r \u2013 Grundskolel\u00e4rare","article_published_time":"2019-02-13T13:07:08+00:00","og_image":[{"width":1000,"height":676,"url":"https:\/\/lararkarriar.se\/grundskola\/wp-content\/uploads\/sites\/12\/2019\/02\/undersok1-johan-ahlkvist-h150.jpg","type":"image\/jpeg"}],"author":"stellanstal","twitter_card":"summary_large_image","twitter_misc":{"Skriven av":"stellanstal","Ber\u00e4knad l\u00e4stid":"2 minuter"},"schema":{"@context":"https:\/\/schema.org","@graph":[{"@type":"Article","@id":"https:\/\/lararkarriar.se\/grundskola\/2019\/02\/13\/tidiga-insatser-och-dialog-gor-skillnad\/#article","isPartOf":{"@id":"https:\/\/lararkarriar.se\/grundskola\/2019\/02\/13\/tidiga-insatser-och-dialog-gor-skillnad\/"},"author":{"name":"stellanstal","@id":"https:\/\/lararkarriar.se\/grundskola\/#\/schema\/person\/c8a43eb855191e573b73ecf8987a3b99"},"headline":"Tidiga insatser och dialog g\u00f6r skillnad","datePublished":"2019-02-13T13:07:08+00:00","mainEntityOfPage":{"@id":"https:\/\/lararkarriar.se\/grundskola\/2019\/02\/13\/tidiga-insatser-och-dialog-gor-skillnad\/"},"wordCount":434,"image":{"@id":"https:\/\/lararkarriar.se\/grundskola\/2019\/02\/13\/tidiga-insatser-och-dialog-gor-skillnad\/#primaryimage"},"thumbnailUrl":"https:\/\/lararkarriar.se\/grundskola\/wp-content\/uploads\/sites\/12\/2019\/02\/undersok1-johan-ahlkvist-h150.jpg","keywords":["Arbetsklimat","\u00c5tg\u00e4rder","Kvalitet","Resultat","Tidiga insatser","Tyres\u00f6 kommun","Unders\u00f6kning"],"articleSection":["Artikel"],"inLanguage":"sv-SE"},{"@type":"WebPage","@id":"https:\/\/lararkarriar.se\/grundskola\/2019\/02\/13\/tidiga-insatser-och-dialog-gor-skillnad\/","url":"https:\/\/lararkarriar.se\/grundskola\/2019\/02\/13\/tidiga-insatser-och-dialog-gor-skillnad\/","name":"Tidiga insatser och dialog g\u00f6r skillnad - Framtidens Karri\u00e4r \u2013 Grundskolel\u00e4rare","isPartOf":{"@id":"https:\/\/lararkarriar.se\/grundskola\/#website"},"primaryImageOfPage":{"@id":"https:\/\/lararkarriar.se\/grundskola\/2019\/02\/13\/tidiga-insatser-och-dialog-gor-skillnad\/#primaryimage"},"image":{"@id":"https:\/\/lararkarriar.se\/grundskola\/2019\/02\/13\/tidiga-insatser-och-dialog-gor-skillnad\/#primaryimage"},"thumbnailUrl":"https:\/\/lararkarriar.se\/grundskola\/wp-content\/uploads\/sites\/12\/2019\/02\/undersok1-johan-ahlkvist-h150.jpg","datePublished":"2019-02-13T13:07:08+00:00","author":{"@id":"https:\/\/lararkarriar.se\/grundskola\/#\/schema\/person\/c8a43eb855191e573b73ecf8987a3b99"},"breadcrumb":{"@id":"https:\/\/lararkarriar.se\/grundskola\/2019\/02\/13\/tidiga-insatser-och-dialog-gor-skillnad\/#breadcrumb"},"inLanguage":"sv-SE","potentialAction":[{"@type":"ReadAction","target":["https:\/\/lararkarriar.se\/grundskola\/2019\/02\/13\/tidiga-insatser-och-dialog-gor-skillnad\/"]}]},{"@type":"ImageObject","inLanguage":"sv-SE","@id":"https:\/\/lararkarriar.se\/grundskola\/2019\/02\/13\/tidiga-insatser-och-dialog-gor-skillnad\/#primaryimage","url":"https:\/\/lararkarriar.se\/grundskola\/wp-content\/uploads\/sites\/12\/2019\/02\/undersok1-johan-ahlkvist-h150.jpg","contentUrl":"https:\/\/lararkarriar.se\/grundskola\/wp-content\/uploads\/sites\/12\/2019\/02\/undersok1-johan-ahlkvist-h150.jpg","width":1000,"height":676,"caption":"Johan Ahlkvist, skolchef f\u00f6r grundskolan i Tyres\u00f6."},{"@type":"BreadcrumbList","@id":"https:\/\/lararkarriar.se\/grundskola\/2019\/02\/13\/tidiga-insatser-och-dialog-gor-skillnad\/#breadcrumb","itemListElement":[{"@type":"ListItem","position":1,"name":"Home","item":"https:\/\/lararkarriar.se\/grundskola\/"},{"@type":"ListItem","position":2,"name":"Tidiga insatser och dialog g\u00f6r skillnad"}]},{"@type":"WebSite","@id":"https:\/\/lararkarriar.se\/grundskola\/#website","url":"https:\/\/lararkarriar.se\/grundskola\/","name":"Framtidens Karri\u00e4r \u2013 Grundskolel\u00e4rare","description":"Just another NMDashboard.se Sites site","potentialAction":[{"@type":"SearchAction","target":{"@type":"EntryPoint","urlTemplate":"https:\/\/lararkarriar.se\/grundskola\/?s={search_term_string}"},"query-input":{"@type":"PropertyValueSpecification","valueRequired":true,"valueName":"search_term_string"}}],"inLanguage":"sv-SE"},{"@type":"Person","@id":"https:\/\/lararkarriar.se\/grundskola\/#\/schema\/person\/c8a43eb855191e573b73ecf8987a3b99","name":"stellanstal","image":{"@type":"ImageObject","inLanguage":"sv-SE","@id":"https:\/\/secure.gravatar.com\/avatar\/cd330fa6bb17f598124b2068ee0b189e4fe0987a50af9d53b78410836060d0c9?s=96&d=mm&r=g","url":"https:\/\/secure.gravatar.com\/avatar\/cd330fa6bb17f598124b2068ee0b189e4fe0987a50af9d53b78410836060d0c9?s=96&d=mm&r=g","contentUrl":"https:\/\/secure.gravatar.com\/avatar\/cd330fa6bb17f598124b2068ee0b189e4fe0987a50af9d53b78410836060d0c9?s=96&d=mm&r=g","caption":"stellanstal"},"url":"https:\/\/lararkarriar.se\/grundskola\/author\/stellanstal\/"}]}},"_links":{"self":[{"href":"https:\/\/lararkarriar.se\/grundskola\/wp-json\/wp\/v2\/posts\/6595","targetHints":{"allow":["GET"]}}],"collection":[{"href":"https:\/\/lararkarriar.se\/grundskola\/wp-json\/wp\/v2\/posts"}],"about":[{"href":"https:\/\/lararkarriar.se\/grundskola\/wp-json\/wp\/v2\/types\/post"}],"author":[{"embeddable":true,"href":"https:\/\/lararkarriar.se\/grundskola\/wp-json\/wp\/v2\/users\/3"}],"replies":[{"embeddable":true,"href":"https:\/\/lararkarriar.se\/grundskola\/wp-json\/wp\/v2\/comments?post=6595"}],"version-history":[{"count":0,"href":"https:\/\/lararkarriar.se\/grundskola\/wp-json\/wp\/v2\/posts\/6595\/revisions"}],"wp:featuredmedia":[{"embeddable":true,"href":"https:\/\/lararkarriar.se\/grundskola\/wp-json\/wp\/v2\/media\/6597"}],"wp:attachment":[{"href":"https:\/\/lararkarriar.se\/grundskola\/wp-json\/wp\/v2\/media?parent=6595"}],"wp:term":[{"taxonomy":"category","embeddable":true,"href":"https:\/\/lararkarriar.se\/grundskola\/wp-json\/wp\/v2\/categories?post=6595"},{"taxonomy":"post_tag","embeddable":true,"href":"https:\/\/lararkarriar.se\/grundskola\/wp-json\/wp\/v2\/tags?post=6595"}],"curies":[{"name":"wp","href":"https:\/\/api.w.org\/{rel}","templated":true}]}}