{"id":6629,"date":"2019-02-13T11:10:32","date_gmt":"2019-02-13T09:10:32","guid":{"rendered":"http:\/\/lararkarriar.se\/grundskola\/?p=6629"},"modified":"2019-02-13T11:10:32","modified_gmt":"2019-02-13T09:10:32","slug":"ny-som-larare-da-ar-lararnas-riksforbund-forbundet-for-dig","status":"publish","type":"post","link":"https:\/\/lararkarriar.se\/grundskola\/2019\/02\/13\/ny-som-larare-da-ar-lararnas-riksforbund-forbundet-for-dig\/","title":{"rendered":"Ny som l\u00e4rare? D\u00e5 \u00e4r L\u00e4rarnas Riksf\u00f6rbund f\u00f6rbundet f\u00f6r dig!"},"content":{"rendered":"<p><figure id=\"attachment_6631\" aria-describedby=\"caption-attachment-6631\" style=\"width: 1000px\" class=\"wp-caption alignnone\"><img loading=\"lazy\" decoding=\"async\" src=\"https:\/\/lararkarriar.se\/grundskola\/wp-content\/uploads\/sites\/12\/2019\/02\/lararnas-riksforbund.jpg\" alt=\"Foto: Johner\" width=\"1000\" height=\"682\" class=\"size-full wp-image-6631\" srcset=\"https:\/\/lararkarriar.se\/grundskola\/wp-content\/uploads\/sites\/12\/2019\/02\/lararnas-riksforbund.jpg 1000w, https:\/\/lararkarriar.se\/grundskola\/wp-content\/uploads\/sites\/12\/2019\/02\/lararnas-riksforbund-300x205.jpg 300w, https:\/\/lararkarriar.se\/grundskola\/wp-content\/uploads\/sites\/12\/2019\/02\/lararnas-riksforbund-768x524.jpg 768w, https:\/\/lararkarriar.se\/grundskola\/wp-content\/uploads\/sites\/12\/2019\/02\/lararnas-riksforbund-235x160.jpg 235w, https:\/\/lararkarriar.se\/grundskola\/wp-content\/uploads\/sites\/12\/2019\/02\/lararnas-riksforbund-526x359.jpg 526w, https:\/\/lararkarriar.se\/grundskola\/wp-content\/uploads\/sites\/12\/2019\/02\/lararnas-riksforbund-720x491.jpg 720w, https:\/\/lararkarriar.se\/grundskola\/wp-content\/uploads\/sites\/12\/2019\/02\/lararnas-riksforbund-960x655.jpg 960w\" sizes=\"auto, (max-width: 1000px) 100vw, 1000px\" \/><figcaption id=\"caption-attachment-6631\" class=\"wp-caption-text\">Foto: Johner<\/figcaption><\/figure><strong>Vi \u00e4r det n\u00e4ra f\u00f6rbundet som finns f\u00f6r dig n\u00e4r och d\u00e4r du beh\u00f6ver oss. Hos oss f\u00e5r du tips och r\u00e5d n\u00e4r du ska s\u00f6ka jobb, n\u00e4r du vill ha l\u00f6nestatistik, n\u00e4r du beh\u00f6ver hj\u00e4lp med anst\u00e4llningsavtal och mycket annat.<\/strong><\/p>\n<p>Missa inte heller alla de andra l\u00f6nsamma f\u00f6rm\u00e5ner och rabatter du f\u00e5r som medlem: <strong><a href=\"http:\/\/LR.se\/medlemsf\u00f6rm\u00e5ner\" title=\"LR annons jobb ans\u00f6k\" rel=\"noopener noreferrer\" target=\"_blank\">LR.se\/medlemsf\u00f6rm\u00e5ner<\/a><\/strong><\/p>\n<p>Och det b\u00e4sta av allt, det kostar dig bara 100 kronor under hela ditt f\u00f6rsta \u00e5r fr\u00e5n examen.<br \/>\n<strong>\u00c4r du inte medlem, bli det! <a href=\"http:\/\/LR.se\/blimedlem\" title=\"LR annons jobb ans\u00f6k\" rel=\"noopener noreferrer\" target=\"_blank\">LR.se\/blimedlem<\/a><\/strong><\/br><br \/>\n<a href=\"http:\/\/LR.se\/blimedlem\" title=\"LR annons logotype\" rel=\"noopener noreferrer\" target=\"_blank\"><img loading=\"lazy\" decoding=\"async\" src=\"http:\/\/lararkarriar.se\/grundskola\/wp-content\/uploads\/2019\/02\/la\u0308rarnas_riksfo\u0308rbund_logo-250x168.png\" alt=\"\" width=\"250\" height=\"168\" class=\"alignnone size-medium wp-image-6630\" \/><\/a><\/p>\n","protected":false},"excerpt":{"rendered":"<p>Vi \u00e4r det n\u00e4ra f\u00f6rbundet som finns f\u00f6r dig n\u00e4r och d\u00e4r du beh\u00f6ver oss&#8230;.<\/p>\n","protected":false},"author":3,"featured_media":6631,"comment_status":"closed","ping_status":"open","sticky":false,"template":"","format":"standard","meta":{"_acf_changed":false,"_monsterinsights_skip_tracking":false,"_monsterinsights_sitenote_active":false,"_monsterinsights_sitenote_note":"","_monsterinsights_sitenote_category":0,"footnotes":""},"categories":[7],"tags":[159,160,210],"class_list":["post-6629","post","type-post","status-publish","format-standard","has-post-thumbnail","hentry","category-presentation","tag-jobb","tag-jobbannons","tag-lararnas-riksforbund"],"acf":[],"yoast_head":"<!-- This site is optimized with the Yoast SEO plugin v27.3 - https:\/\/yoast.com\/product\/yoast-seo-wordpress\/ -->\n<title>Ny som l\u00e4rare? D\u00e5 \u00e4r L\u00e4rarnas Riksf\u00f6rbund f\u00f6rbundet f\u00f6r dig! - Framtidens Karri\u00e4r \u2013 Grundskolel\u00e4rare<\/title>\n<meta name=\"robots\" content=\"index, follow, max-snippet:-1, max-image-preview:large, max-video-preview:-1\" \/>\n<link rel=\"canonical\" href=\"https:\/\/lararkarriar.se\/grundskola\/2019\/02\/13\/ny-som-larare-da-ar-lararnas-riksforbund-forbundet-for-dig\/\" \/>\n<meta property=\"og:locale\" content=\"sv_SE\" \/>\n<meta property=\"og:type\" content=\"article\" \/>\n<meta property=\"og:title\" content=\"Ny som l\u00e4rare? D\u00e5 \u00e4r L\u00e4rarnas Riksf\u00f6rbund f\u00f6rbundet f\u00f6r dig! - Framtidens Karri\u00e4r \u2013 Grundskolel\u00e4rare\" \/>\n<meta property=\"og:description\" content=\"Vi \u00e4r det n\u00e4ra f\u00f6rbundet som finns f\u00f6r dig n\u00e4r och d\u00e4r du beh\u00f6ver oss....\" \/>\n<meta property=\"og:url\" content=\"https:\/\/lararkarriar.se\/grundskola\/2019\/02\/13\/ny-som-larare-da-ar-lararnas-riksforbund-forbundet-for-dig\/\" \/>\n<meta property=\"og:site_name\" content=\"Framtidens Karri\u00e4r \u2013 Grundskolel\u00e4rare\" \/>\n<meta property=\"article:published_time\" content=\"2019-02-13T09:10:32+00:00\" \/>\n<meta property=\"og:image\" content=\"https:\/\/lararkarriar.se\/grundskola\/wp-content\/uploads\/sites\/12\/2019\/02\/lararnas-riksforbund.jpg\" \/>\n\t<meta property=\"og:image:width\" content=\"1000\" \/>\n\t<meta property=\"og:image:height\" content=\"682\" \/>\n\t<meta property=\"og:image:type\" content=\"image\/jpeg\" \/>\n<meta name=\"author\" content=\"stellanstal\" \/>\n<meta name=\"twitter:card\" content=\"summary_large_image\" \/>\n<meta name=\"twitter:label1\" content=\"Skriven av\" \/>\n\t<meta name=\"twitter:data1\" content=\"stellanstal\" \/>\n\t<meta name=\"twitter:label2\" content=\"Ber\u00e4knad l\u00e4stid\" \/>\n\t<meta name=\"twitter:data2\" content=\"1 minut\" \/>\n<script type=\"application\/ld+json\" class=\"yoast-schema-graph\">{\"@context\":\"https:\\\/\\\/schema.org\",\"@graph\":[{\"@type\":\"Article\",\"@id\":\"https:\\\/\\\/lararkarriar.se\\\/grundskola\\\/2019\\\/02\\\/13\\\/ny-som-larare-da-ar-lararnas-riksforbund-forbundet-for-dig\\\/#article\",\"isPartOf\":{\"@id\":\"https:\\\/\\\/lararkarriar.se\\\/grundskola\\\/2019\\\/02\\\/13\\\/ny-som-larare-da-ar-lararnas-riksforbund-forbundet-for-dig\\\/\"},\"author\":{\"name\":\"stellanstal\",\"@id\":\"https:\\\/\\\/lararkarriar.se\\\/grundskola\\\/#\\\/schema\\\/person\\\/c8a43eb855191e573b73ecf8987a3b99\"},\"headline\":\"Ny som l\u00e4rare? D\u00e5 \u00e4r L\u00e4rarnas Riksf\u00f6rbund f\u00f6rbundet f\u00f6r dig!\",\"datePublished\":\"2019-02-13T09:10:32+00:00\",\"mainEntityOfPage\":{\"@id\":\"https:\\\/\\\/lararkarriar.se\\\/grundskola\\\/2019\\\/02\\\/13\\\/ny-som-larare-da-ar-lararnas-riksforbund-forbundet-for-dig\\\/\"},\"wordCount\":133,\"image\":{\"@id\":\"https:\\\/\\\/lararkarriar.se\\\/grundskola\\\/2019\\\/02\\\/13\\\/ny-som-larare-da-ar-lararnas-riksforbund-forbundet-for-dig\\\/#primaryimage\"},\"thumbnailUrl\":\"https:\\\/\\\/lararkarriar.se\\\/grundskola\\\/wp-content\\\/uploads\\\/sites\\\/12\\\/2019\\\/02\\\/lararnas-riksforbund.jpg\",\"keywords\":[\"Jobb\",\"Jobbannons\",\"L\u00e4rarnas Riksf\u00f6rbund\"],\"articleSection\":[\"Presentation\"],\"inLanguage\":\"sv-SE\"},{\"@type\":\"WebPage\",\"@id\":\"https:\\\/\\\/lararkarriar.se\\\/grundskola\\\/2019\\\/02\\\/13\\\/ny-som-larare-da-ar-lararnas-riksforbund-forbundet-for-dig\\\/\",\"url\":\"https:\\\/\\\/lararkarriar.se\\\/grundskola\\\/2019\\\/02\\\/13\\\/ny-som-larare-da-ar-lararnas-riksforbund-forbundet-for-dig\\\/\",\"name\":\"Ny som l\u00e4rare? D\u00e5 \u00e4r L\u00e4rarnas Riksf\u00f6rbund f\u00f6rbundet f\u00f6r dig! - Framtidens Karri\u00e4r \u2013 Grundskolel\u00e4rare\",\"isPartOf\":{\"@id\":\"https:\\\/\\\/lararkarriar.se\\\/grundskola\\\/#website\"},\"primaryImageOfPage\":{\"@id\":\"https:\\\/\\\/lararkarriar.se\\\/grundskola\\\/2019\\\/02\\\/13\\\/ny-som-larare-da-ar-lararnas-riksforbund-forbundet-for-dig\\\/#primaryimage\"},\"image\":{\"@id\":\"https:\\\/\\\/lararkarriar.se\\\/grundskola\\\/2019\\\/02\\\/13\\\/ny-som-larare-da-ar-lararnas-riksforbund-forbundet-for-dig\\\/#primaryimage\"},\"thumbnailUrl\":\"https:\\\/\\\/lararkarriar.se\\\/grundskola\\\/wp-content\\\/uploads\\\/sites\\\/12\\\/2019\\\/02\\\/lararnas-riksforbund.jpg\",\"datePublished\":\"2019-02-13T09:10:32+00:00\",\"author\":{\"@id\":\"https:\\\/\\\/lararkarriar.se\\\/grundskola\\\/#\\\/schema\\\/person\\\/c8a43eb855191e573b73ecf8987a3b99\"},\"breadcrumb\":{\"@id\":\"https:\\\/\\\/lararkarriar.se\\\/grundskola\\\/2019\\\/02\\\/13\\\/ny-som-larare-da-ar-lararnas-riksforbund-forbundet-for-dig\\\/#breadcrumb\"},\"inLanguage\":\"sv-SE\",\"potentialAction\":[{\"@type\":\"ReadAction\",\"target\":[\"https:\\\/\\\/lararkarriar.se\\\/grundskola\\\/2019\\\/02\\\/13\\\/ny-som-larare-da-ar-lararnas-riksforbund-forbundet-for-dig\\\/\"]}]},{\"@type\":\"ImageObject\",\"inLanguage\":\"sv-SE\",\"@id\":\"https:\\\/\\\/lararkarriar.se\\\/grundskola\\\/2019\\\/02\\\/13\\\/ny-som-larare-da-ar-lararnas-riksforbund-forbundet-for-dig\\\/#primaryimage\",\"url\":\"https:\\\/\\\/lararkarriar.se\\\/grundskola\\\/wp-content\\\/uploads\\\/sites\\\/12\\\/2019\\\/02\\\/lararnas-riksforbund.jpg\",\"contentUrl\":\"https:\\\/\\\/lararkarriar.se\\\/grundskola\\\/wp-content\\\/uploads\\\/sites\\\/12\\\/2019\\\/02\\\/lararnas-riksforbund.jpg\",\"width\":1000,\"height\":682,\"caption\":\"Foto: Johner\"},{\"@type\":\"BreadcrumbList\",\"@id\":\"https:\\\/\\\/lararkarriar.se\\\/grundskola\\\/2019\\\/02\\\/13\\\/ny-som-larare-da-ar-lararnas-riksforbund-forbundet-for-dig\\\/#breadcrumb\",\"itemListElement\":[{\"@type\":\"ListItem\",\"position\":1,\"name\":\"Home\",\"item\":\"https:\\\/\\\/lararkarriar.se\\\/grundskola\\\/\"},{\"@type\":\"ListItem\",\"position\":2,\"name\":\"Ny som l\u00e4rare? D\u00e5 \u00e4r L\u00e4rarnas Riksf\u00f6rbund f\u00f6rbundet f\u00f6r dig!\"}]},{\"@type\":\"WebSite\",\"@id\":\"https:\\\/\\\/lararkarriar.se\\\/grundskola\\\/#website\",\"url\":\"https:\\\/\\\/lararkarriar.se\\\/grundskola\\\/\",\"name\":\"Framtidens Karri\u00e4r \u2013 Grundskolel\u00e4rare\",\"description\":\"Just another NMDashboard.se Sites site\",\"potentialAction\":[{\"@type\":\"SearchAction\",\"target\":{\"@type\":\"EntryPoint\",\"urlTemplate\":\"https:\\\/\\\/lararkarriar.se\\\/grundskola\\\/?s={search_term_string}\"},\"query-input\":{\"@type\":\"PropertyValueSpecification\",\"valueRequired\":true,\"valueName\":\"search_term_string\"}}],\"inLanguage\":\"sv-SE\"},{\"@type\":\"Person\",\"@id\":\"https:\\\/\\\/lararkarriar.se\\\/grundskola\\\/#\\\/schema\\\/person\\\/c8a43eb855191e573b73ecf8987a3b99\",\"name\":\"stellanstal\",\"image\":{\"@type\":\"ImageObject\",\"inLanguage\":\"sv-SE\",\"@id\":\"https:\\\/\\\/secure.gravatar.com\\\/avatar\\\/cd330fa6bb17f598124b2068ee0b189e4fe0987a50af9d53b78410836060d0c9?s=96&d=mm&r=g\",\"url\":\"https:\\\/\\\/secure.gravatar.com\\\/avatar\\\/cd330fa6bb17f598124b2068ee0b189e4fe0987a50af9d53b78410836060d0c9?s=96&d=mm&r=g\",\"contentUrl\":\"https:\\\/\\\/secure.gravatar.com\\\/avatar\\\/cd330fa6bb17f598124b2068ee0b189e4fe0987a50af9d53b78410836060d0c9?s=96&d=mm&r=g\",\"caption\":\"stellanstal\"},\"url\":\"https:\\\/\\\/lararkarriar.se\\\/grundskola\\\/author\\\/stellanstal\\\/\"}]}<\/script>\n<!-- \/ Yoast SEO plugin. -->","yoast_head_json":{"title":"Ny som l\u00e4rare? D\u00e5 \u00e4r L\u00e4rarnas Riksf\u00f6rbund f\u00f6rbundet f\u00f6r dig! - Framtidens Karri\u00e4r \u2013 Grundskolel\u00e4rare","robots":{"index":"index","follow":"follow","max-snippet":"max-snippet:-1","max-image-preview":"max-image-preview:large","max-video-preview":"max-video-preview:-1"},"canonical":"https:\/\/lararkarriar.se\/grundskola\/2019\/02\/13\/ny-som-larare-da-ar-lararnas-riksforbund-forbundet-for-dig\/","og_locale":"sv_SE","og_type":"article","og_title":"Ny som l\u00e4rare? D\u00e5 \u00e4r L\u00e4rarnas Riksf\u00f6rbund f\u00f6rbundet f\u00f6r dig! - Framtidens Karri\u00e4r \u2013 Grundskolel\u00e4rare","og_description":"Vi \u00e4r det n\u00e4ra f\u00f6rbundet som finns f\u00f6r dig n\u00e4r och d\u00e4r du beh\u00f6ver oss....","og_url":"https:\/\/lararkarriar.se\/grundskola\/2019\/02\/13\/ny-som-larare-da-ar-lararnas-riksforbund-forbundet-for-dig\/","og_site_name":"Framtidens Karri\u00e4r \u2013 Grundskolel\u00e4rare","article_published_time":"2019-02-13T09:10:32+00:00","og_image":[{"width":1000,"height":682,"url":"https:\/\/lararkarriar.se\/grundskola\/wp-content\/uploads\/sites\/12\/2019\/02\/lararnas-riksforbund.jpg","type":"image\/jpeg"}],"author":"stellanstal","twitter_card":"summary_large_image","twitter_misc":{"Skriven av":"stellanstal","Ber\u00e4knad l\u00e4stid":"1 minut"},"schema":{"@context":"https:\/\/schema.org","@graph":[{"@type":"Article","@id":"https:\/\/lararkarriar.se\/grundskola\/2019\/02\/13\/ny-som-larare-da-ar-lararnas-riksforbund-forbundet-for-dig\/#article","isPartOf":{"@id":"https:\/\/lararkarriar.se\/grundskola\/2019\/02\/13\/ny-som-larare-da-ar-lararnas-riksforbund-forbundet-for-dig\/"},"author":{"name":"stellanstal","@id":"https:\/\/lararkarriar.se\/grundskola\/#\/schema\/person\/c8a43eb855191e573b73ecf8987a3b99"},"headline":"Ny som l\u00e4rare? D\u00e5 \u00e4r L\u00e4rarnas Riksf\u00f6rbund f\u00f6rbundet f\u00f6r dig!","datePublished":"2019-02-13T09:10:32+00:00","mainEntityOfPage":{"@id":"https:\/\/lararkarriar.se\/grundskola\/2019\/02\/13\/ny-som-larare-da-ar-lararnas-riksforbund-forbundet-for-dig\/"},"wordCount":133,"image":{"@id":"https:\/\/lararkarriar.se\/grundskola\/2019\/02\/13\/ny-som-larare-da-ar-lararnas-riksforbund-forbundet-for-dig\/#primaryimage"},"thumbnailUrl":"https:\/\/lararkarriar.se\/grundskola\/wp-content\/uploads\/sites\/12\/2019\/02\/lararnas-riksforbund.jpg","keywords":["Jobb","Jobbannons","L\u00e4rarnas Riksf\u00f6rbund"],"articleSection":["Presentation"],"inLanguage":"sv-SE"},{"@type":"WebPage","@id":"https:\/\/lararkarriar.se\/grundskola\/2019\/02\/13\/ny-som-larare-da-ar-lararnas-riksforbund-forbundet-for-dig\/","url":"https:\/\/lararkarriar.se\/grundskola\/2019\/02\/13\/ny-som-larare-da-ar-lararnas-riksforbund-forbundet-for-dig\/","name":"Ny som l\u00e4rare? D\u00e5 \u00e4r L\u00e4rarnas Riksf\u00f6rbund f\u00f6rbundet f\u00f6r dig! - Framtidens Karri\u00e4r \u2013 Grundskolel\u00e4rare","isPartOf":{"@id":"https:\/\/lararkarriar.se\/grundskola\/#website"},"primaryImageOfPage":{"@id":"https:\/\/lararkarriar.se\/grundskola\/2019\/02\/13\/ny-som-larare-da-ar-lararnas-riksforbund-forbundet-for-dig\/#primaryimage"},"image":{"@id":"https:\/\/lararkarriar.se\/grundskola\/2019\/02\/13\/ny-som-larare-da-ar-lararnas-riksforbund-forbundet-for-dig\/#primaryimage"},"thumbnailUrl":"https:\/\/lararkarriar.se\/grundskola\/wp-content\/uploads\/sites\/12\/2019\/02\/lararnas-riksforbund.jpg","datePublished":"2019-02-13T09:10:32+00:00","author":{"@id":"https:\/\/lararkarriar.se\/grundskola\/#\/schema\/person\/c8a43eb855191e573b73ecf8987a3b99"},"breadcrumb":{"@id":"https:\/\/lararkarriar.se\/grundskola\/2019\/02\/13\/ny-som-larare-da-ar-lararnas-riksforbund-forbundet-for-dig\/#breadcrumb"},"inLanguage":"sv-SE","potentialAction":[{"@type":"ReadAction","target":["https:\/\/lararkarriar.se\/grundskola\/2019\/02\/13\/ny-som-larare-da-ar-lararnas-riksforbund-forbundet-for-dig\/"]}]},{"@type":"ImageObject","inLanguage":"sv-SE","@id":"https:\/\/lararkarriar.se\/grundskola\/2019\/02\/13\/ny-som-larare-da-ar-lararnas-riksforbund-forbundet-for-dig\/#primaryimage","url":"https:\/\/lararkarriar.se\/grundskola\/wp-content\/uploads\/sites\/12\/2019\/02\/lararnas-riksforbund.jpg","contentUrl":"https:\/\/lararkarriar.se\/grundskola\/wp-content\/uploads\/sites\/12\/2019\/02\/lararnas-riksforbund.jpg","width":1000,"height":682,"caption":"Foto: Johner"},{"@type":"BreadcrumbList","@id":"https:\/\/lararkarriar.se\/grundskola\/2019\/02\/13\/ny-som-larare-da-ar-lararnas-riksforbund-forbundet-for-dig\/#breadcrumb","itemListElement":[{"@type":"ListItem","position":1,"name":"Home","item":"https:\/\/lararkarriar.se\/grundskola\/"},{"@type":"ListItem","position":2,"name":"Ny som l\u00e4rare? D\u00e5 \u00e4r L\u00e4rarnas Riksf\u00f6rbund f\u00f6rbundet f\u00f6r dig!"}]},{"@type":"WebSite","@id":"https:\/\/lararkarriar.se\/grundskola\/#website","url":"https:\/\/lararkarriar.se\/grundskola\/","name":"Framtidens Karri\u00e4r \u2013 Grundskolel\u00e4rare","description":"Just another NMDashboard.se Sites site","potentialAction":[{"@type":"SearchAction","target":{"@type":"EntryPoint","urlTemplate":"https:\/\/lararkarriar.se\/grundskola\/?s={search_term_string}"},"query-input":{"@type":"PropertyValueSpecification","valueRequired":true,"valueName":"search_term_string"}}],"inLanguage":"sv-SE"},{"@type":"Person","@id":"https:\/\/lararkarriar.se\/grundskola\/#\/schema\/person\/c8a43eb855191e573b73ecf8987a3b99","name":"stellanstal","image":{"@type":"ImageObject","inLanguage":"sv-SE","@id":"https:\/\/secure.gravatar.com\/avatar\/cd330fa6bb17f598124b2068ee0b189e4fe0987a50af9d53b78410836060d0c9?s=96&d=mm&r=g","url":"https:\/\/secure.gravatar.com\/avatar\/cd330fa6bb17f598124b2068ee0b189e4fe0987a50af9d53b78410836060d0c9?s=96&d=mm&r=g","contentUrl":"https:\/\/secure.gravatar.com\/avatar\/cd330fa6bb17f598124b2068ee0b189e4fe0987a50af9d53b78410836060d0c9?s=96&d=mm&r=g","caption":"stellanstal"},"url":"https:\/\/lararkarriar.se\/grundskola\/author\/stellanstal\/"}]}},"_links":{"self":[{"href":"https:\/\/lararkarriar.se\/grundskola\/wp-json\/wp\/v2\/posts\/6629","targetHints":{"allow":["GET"]}}],"collection":[{"href":"https:\/\/lararkarriar.se\/grundskola\/wp-json\/wp\/v2\/posts"}],"about":[{"href":"https:\/\/lararkarriar.se\/grundskola\/wp-json\/wp\/v2\/types\/post"}],"author":[{"embeddable":true,"href":"https:\/\/lararkarriar.se\/grundskola\/wp-json\/wp\/v2\/users\/3"}],"replies":[{"embeddable":true,"href":"https:\/\/lararkarriar.se\/grundskola\/wp-json\/wp\/v2\/comments?post=6629"}],"version-history":[{"count":0,"href":"https:\/\/lararkarriar.se\/grundskola\/wp-json\/wp\/v2\/posts\/6629\/revisions"}],"wp:featuredmedia":[{"embeddable":true,"href":"https:\/\/lararkarriar.se\/grundskola\/wp-json\/wp\/v2\/media\/6631"}],"wp:attachment":[{"href":"https:\/\/lararkarriar.se\/grundskola\/wp-json\/wp\/v2\/media?parent=6629"}],"wp:term":[{"taxonomy":"category","embeddable":true,"href":"https:\/\/lararkarriar.se\/grundskola\/wp-json\/wp\/v2\/categories?post=6629"},{"taxonomy":"post_tag","embeddable":true,"href":"https:\/\/lararkarriar.se\/grundskola\/wp-json\/wp\/v2\/tags?post=6629"}],"curies":[{"name":"wp","href":"https:\/\/api.w.org\/{rel}","templated":true}]}}