{"id":6743,"date":"2020-02-11T15:12:57","date_gmt":"2020-02-11T15:12:57","guid":{"rendered":"https:\/\/lararkarriar.se\/grundskola\/?p=6743"},"modified":"2020-11-10T11:33:05","modified_gmt":"2020-11-10T11:33:05","slug":"kooperativt-larande-utvecklar-skolan-i-stromstad","status":"publish","type":"post","link":"https:\/\/lararkarriar.se\/grundskola\/2020\/02\/11\/kooperativt-larande-utvecklar-skolan-i-stromstad\/","title":{"rendered":"Kooperativt l\u00e4rande utvecklande"},"content":{"rendered":"\n<figure class=\"wp-block-image alignnone size-full wp-image-6746\"><img loading=\"lazy\" decoding=\"async\" width=\"1000\" height=\"622\" src=\"https:\/\/lararkarriar.se\/grundskola\/wp-content\/uploads\/sites\/12\/2020\/02\/studentlitteratur-niclas.jpg\" alt=\"Niclas Fohlin fr\u00e5n Studentlitteratur. Foto: Pierre Karlge\" class=\"wp-image-6746\" srcset=\"https:\/\/lararkarriar.se\/grundskola\/wp-content\/uploads\/sites\/12\/2020\/02\/studentlitteratur-niclas.jpg 1000w, https:\/\/lararkarriar.se\/grundskola\/wp-content\/uploads\/sites\/12\/2020\/02\/studentlitteratur-niclas-300x187.jpg 300w, https:\/\/lararkarriar.se\/grundskola\/wp-content\/uploads\/sites\/12\/2020\/02\/studentlitteratur-niclas-768x478.jpg 768w, https:\/\/lararkarriar.se\/grundskola\/wp-content\/uploads\/sites\/12\/2020\/02\/studentlitteratur-niclas-257x160.jpg 257w, https:\/\/lararkarriar.se\/grundskola\/wp-content\/uploads\/sites\/12\/2020\/02\/studentlitteratur-niclas-526x327.jpg 526w, https:\/\/lararkarriar.se\/grundskola\/wp-content\/uploads\/sites\/12\/2020\/02\/studentlitteratur-niclas-720x448.jpg 720w, https:\/\/lararkarriar.se\/grundskola\/wp-content\/uploads\/sites\/12\/2020\/02\/studentlitteratur-niclas-960x597.jpg 960w\" sizes=\"auto, (max-width: 1000px) 100vw, 1000px\" \/><figcaption>Niclas Fohlin fr\u00e5n Studentlitteratur. Foto: Pierre Karlge<\/figcaption><\/figure>\n\n\n\n<p><strong>B\u00e4ttre delaktighet, starkare motivation och st\u00f6rre tillit hos eleverna. Det \u00e4r n\u00e5gra av effekterna efter att Str\u00f6mstad kommun implementerat kooperativt l\u00e4rande i sina skolor. Bland l\u00e4rare och annan skolpersonal \u00e4r entusiasmen stor.<\/strong><\/p>\n\n\n\n<p>Sedan starten av h\u00f6stterminen 2019 anv\u00e4nds kooperativt l\u00e4rande som en arbetsmetod i samtliga av Str\u00f6mstads kommunala skolor, fr\u00e5n f\u00f6rskoleklasser till vuxenutbildning, och i alla \u00e4mnen.<br>\u2013 Vi var nyfikna p\u00e5 hur kooperativt l\u00e4rande kunde bidra till att st\u00e4rka elevernas arbetsmilj\u00f6, \u00f6ka likv\u00e4rdigheten mellan elever och underl\u00e4tta elevinflytandet. Dessa \u00e4r de tre grundbultarna i v\u00e5rt systematiska kvalitetsarbete. Redan efter en termin har vi m\u00e4rkt att det \u00e4r en framg\u00e5ngsrik metod, som b\u00e5de elever och l\u00e4rare uppskattar, ber\u00e4ttar Marie-Louise Mattila, som \u00e4r rektor p\u00e5 Bojarskolan, en F\u20136-skola.<\/p>\n\n\n\n<div class=\"wp-block-image\"><figure class=\"alignright size-large is-resized\"><img loading=\"lazy\" decoding=\"async\" src=\"https:\/\/lararkarriar.se\/grundskola\/wp-content\/uploads\/sites\/12\/2020\/02\/studentlitteratur-foton.jpg\" alt=\"Marie-Louise Mattila, rektor p\u00e5 Bojarskolan.\" class=\"wp-image-6745\" width=\"125\" height=\"176\" srcset=\"https:\/\/lararkarriar.se\/grundskola\/wp-content\/uploads\/sites\/12\/2020\/02\/studentlitteratur-foton.jpg 500w, https:\/\/lararkarriar.se\/grundskola\/wp-content\/uploads\/sites\/12\/2020\/02\/studentlitteratur-foton-213x300.jpg 213w, https:\/\/lararkarriar.se\/grundskola\/wp-content\/uploads\/sites\/12\/2020\/02\/studentlitteratur-foton-114x160.jpg 114w\" sizes=\"auto, (max-width: 125px) 100vw, 125px\" \/><figcaption>Marie-Louise Mattila, rektor p\u00e5 Bojarskolan.<\/figcaption><\/figure><\/div>\n\n\n\n<p><strong>Passar alla<\/strong><br>Kooperativt l\u00e4rande \u00e4r b\u00e5de en metodik och ett pedagogiskt f\u00f6rh\u00e5llningss\u00e4tt som leder till inkludering, elevaktivitet, engagemang, social utveckling och l\u00e4rande. Genom att eleverna arbetar utifr\u00e5n samarbete och drar nytta av varandras kunskaper \u00f6kar b\u00e5de m\u00e5luppfyllelsen och deras sociala sammanh\u00e5llning. Arbetss\u00e4ttet utg\u00e5r fr\u00e5n ett kommunikativt och relationsinriktat perspektiv och \u00e4r ett spr\u00e5k- och kunskapsutvecklande arbetss\u00e4tt som st\u00e4rker l\u00e4raren som ledare i klassrummet.<br>Med kooperativt l\u00e4rande skapas ett samarbetande klassrum, d\u00e4r elever blir varandras l\u00e4rresurser. Genom att anv\u00e4nda samarbetets kraft i undervisningen kan l\u00e4rande ske f\u00f6rbeh\u00e5llsl\u00f6st mellan individer. Samtidigt f\u00e5r l\u00e4raren flera verktyg f\u00f6r att skapa elevaktivitet, s\u00e5 att denne kan inkludera och engagera alla elever i den gemensamma undervisningen.<br>\u2013 Det \u00e4r positivt b\u00e5de f\u00f6r h\u00f6gpresterande elever och f\u00f6r barn som har st\u00f6rre utmaningar. \u00c4nnu har vi inte gjort en strukturerad utv\u00e4rdering, men vi ser tydligt redan idag att eleverna arbetar b\u00e4ttre och mer fokuserat, och vi \u00e4r \u00f6vertygade om att detta kommer att hj\u00e4lpa eleverna att n\u00e5 m\u00e5len. De k\u00e4nner att de kan p\u00e5verka sitt l\u00e4rande och det st\u00e4rker relationen mellan eleverna. Dessutom trivs de v\u00e4ldigt bra med arbetss\u00e4ttet, s\u00e4ger Marie-Louise Mattila.<\/p>\n\n\n\n<p><strong>Brett genomslag<\/strong><br>N\u00e4r fr\u00e5gan om kooperativt l\u00e4rande f\u00f6rst lyftes i Str\u00f6mstad kommun var tanken att ett mindre antal l\u00e4rare skulle ges m\u00f6jlighet att g\u00e5 utbildningen, f\u00f6r att de sedan skulle kunna dela med sig av sina kunskaper till det \u00f6vriga l\u00e4rarkollegiet. Men f\u00f6r att f\u00e5 b\u00e4sta m\u00f6jliga genomslag och nytta besl\u00f6t Barn- och utbildningsf\u00f6rvaltningen ist\u00e4llet att l\u00e5ta samtliga 220 l\u00e4rare i de kommunala skolorna delta. Kursen startade med en stor f\u00f6rel\u00e4sning f\u00f6r hela kollegiet om kooperativt l\u00e4rande och fortsatte sedan med workshops p\u00e5 olika teman, d\u00e4r boken Kooperativt l\u00e4rande i praktiken utgjorde en stomme. Jennie Wilson och Niclas Fohlin fr\u00e5n Studentlitteratur h\u00f6ll i utbildningen.<br>\u2013 Jennie och Niclas var helt fantastiska. Utbildningen var enormt uppskattad och n\u00e4r det var dags att b\u00f6rja implementera det kooperativa l\u00e4randet i v\u00e5r praktiska undervisning under h\u00f6stterminen var l\u00e4rarna v\u00e4ldigt taggade, ber\u00e4ttar Marie-Louise Mattila.<br>Skolorna har sedan fortsatt att utveckla det kooperativa l\u00e4randet i mindre utvecklingsgrupper. I dessa arbetar man med olika teman baserat p\u00e5 kursmaterialet fr\u00e5n Studentlitteratur, d\u00e4r det finns en rad olika \u00f6vningar och fokusomr\u00e5den. I b\u00f6rjan av v\u00e5rterminen arrangeras en f\u00f6rdjupande workshop.<br>\u2013 Kooperativt l\u00e4rande \u00e4r ju inte nytt, men i Studentlitteraturs kursmaterial \u00e4r det s\u00e5 koncentrerat och \u00f6versk\u00e5dligt att det blir v\u00e4ldigt l\u00e4tt att \u00f6verf\u00f6ra till verkligheten p\u00e5 skolorna. Det \u00e4r tydligt, med m\u00e5nga bra \u00f6vningar som \u00e4r l\u00e4tta att f\u00f6lja. Dessutom \u00e4r uppl\u00e4gget med f\u00f6rel\u00e4sningar och workshops v\u00e4ldigt bra, s\u00e4ger Marie-Louise Mattila.<br>Hon menar att det kooperativa l\u00e4randet inte bara \u00e4r ett redskap i sj\u00e4lva undervisningen och f\u00f6r att n\u00e5 goda studieresultat. Det \u00e4r ocks\u00e5 ett arbetss\u00e4tt och attityd som genomsyrar all verksamhet p\u00e5 skolan, eftersom det i grunden handlar om v\u00e4rderingar och hur man f\u00f6rh\u00e5ller sig till och samarbetar med andra.<br>\u2013Det finns s\u00e5 m\u00e5nga trender som kommer och g\u00e5r inom skolans v\u00e4rld, men detta \u00e4r n\u00e5got helt annat. Det \u00e4r ett handfast s\u00e4tt att arbeta, som s\u00e5v\u00e4l elever som l\u00e4rare verkligen tar till sig och trivs med. Jag \u00e4r \u00f6vertygad om att det som eleverna l\u00e4r sig genom den h\u00e4r typen av samarbete och engagemang har de nytta av inte bara i klassrummet, utan i alla m\u00f6jliga sammanhang i livet.<\/p>\n\n\n\n<div class=\"wp-block-group has-background\" style=\"background-color:#00404e\"><div class=\"wp-block-group__inner-container is-layout-flow wp-block-group-is-layout-flow\">\n<h3 class=\"has-color-white-01-color has-text-color wp-block-heading\">Kooperativt l\u00e4rande<\/h3>\n\n\n\n<p class=\"has-color-white-01-color has-text-color\">Kooperativt l\u00e4rande \u00e4r en framg\u00e5ngsrik metod f\u00f6r att \u00f6ka inkludering, engagemang, delaktighet och resultat hos elever. F\u00f6r l\u00e4rare inneb\u00e4r det kooperativa l\u00e4randet ett handfast arbetsredskap i klassrummet och st\u00e4rkt kollegialt l\u00e4rande.<\/p>\n<\/div><\/div>\n\n\n\n<div class=\"wp-block-image size-full wp-image-6744\"><figure class=\"aligncenter\"><img loading=\"lazy\" decoding=\"async\" width=\"1000\" height=\"660\" src=\"https:\/\/lararkarriar.se\/grundskola\/wp-content\/uploads\/sites\/12\/2020\/02\/studentlitteratur-fohlin-co-139.jpg\" alt=\"Jennie Wilson fr\u00e5n Studentlitteratur. Foto: Pierre Karlge\" class=\"wp-image-6744\" srcset=\"https:\/\/lararkarriar.se\/grundskola\/wp-content\/uploads\/sites\/12\/2020\/02\/studentlitteratur-fohlin-co-139.jpg 1000w, https:\/\/lararkarriar.se\/grundskola\/wp-content\/uploads\/sites\/12\/2020\/02\/studentlitteratur-fohlin-co-139-300x198.jpg 300w, https:\/\/lararkarriar.se\/grundskola\/wp-content\/uploads\/sites\/12\/2020\/02\/studentlitteratur-fohlin-co-139-768x507.jpg 768w, https:\/\/lararkarriar.se\/grundskola\/wp-content\/uploads\/sites\/12\/2020\/02\/studentlitteratur-fohlin-co-139-242x160.jpg 242w, https:\/\/lararkarriar.se\/grundskola\/wp-content\/uploads\/sites\/12\/2020\/02\/studentlitteratur-fohlin-co-139-526x347.jpg 526w, https:\/\/lararkarriar.se\/grundskola\/wp-content\/uploads\/sites\/12\/2020\/02\/studentlitteratur-fohlin-co-139-720x475.jpg 720w, https:\/\/lararkarriar.se\/grundskola\/wp-content\/uploads\/sites\/12\/2020\/02\/studentlitteratur-fohlin-co-139-960x634.jpg 960w\" sizes=\"auto, (max-width: 1000px) 100vw, 1000px\" \/><figcaption>Jennie Wilson fr\u00e5n Studentlitteratur. Foto: Pierre Karlge<\/figcaption><\/figure><\/div>\n","protected":false},"excerpt":{"rendered":"<p>B\u00e4ttre delaktighet, starkare motivation och st\u00f6rre tillit hos eleverna<\/p>\n","protected":false},"author":2,"featured_media":6746,"comment_status":"closed","ping_status":"open","sticky":false,"template":"","format":"standard","meta":{"_acf_changed":false,"_monsterinsights_skip_tracking":false,"_monsterinsights_sitenote_active":false,"_monsterinsights_sitenote_note":"","_monsterinsights_sitenote_category":0,"footnotes":""},"categories":[1],"tags":[452,150,177,191,279,317,370,371],"class_list":["post-6743","post","type-post","status-publish","format-standard","has-post-thumbnail","hentry","category-artikel","tag-forbattringsarbete","tag-inkludering","tag-kooperativt-larande","tag-kurs","tag-pedagogiskt-forhallningssatt","tag-samarbete","tag-stromstad-kommun","tag-studentlitteratur"],"acf":[],"yoast_head":"<!-- This site is optimized with the Yoast SEO plugin v27.3 - https:\/\/yoast.com\/product\/yoast-seo-wordpress\/ -->\n<title>Kooperativt l\u00e4rande utvecklande - Framtidens Karri\u00e4r \u2013 Grundskolel\u00e4rare<\/title>\n<meta name=\"robots\" content=\"index, follow, max-snippet:-1, max-image-preview:large, max-video-preview:-1\" \/>\n<link rel=\"canonical\" href=\"https:\/\/lararkarriar.se\/grundskola\/2020\/02\/11\/kooperativt-larande-utvecklar-skolan-i-stromstad\/\" \/>\n<meta property=\"og:locale\" content=\"sv_SE\" \/>\n<meta property=\"og:type\" content=\"article\" \/>\n<meta property=\"og:title\" content=\"Kooperativt l\u00e4rande utvecklande - Framtidens Karri\u00e4r \u2013 Grundskolel\u00e4rare\" \/>\n<meta property=\"og:description\" content=\"B\u00e4ttre delaktighet, starkare motivation och st\u00f6rre tillit hos eleverna\" \/>\n<meta property=\"og:url\" content=\"https:\/\/lararkarriar.se\/grundskola\/2020\/02\/11\/kooperativt-larande-utvecklar-skolan-i-stromstad\/\" \/>\n<meta property=\"og:site_name\" content=\"Framtidens Karri\u00e4r \u2013 Grundskolel\u00e4rare\" \/>\n<meta property=\"article:published_time\" content=\"2020-02-11T15:12:57+00:00\" \/>\n<meta property=\"article:modified_time\" content=\"2020-11-10T11:33:05+00:00\" \/>\n<meta property=\"og:image\" content=\"https:\/\/lararkarriar.se\/grundskola\/wp-content\/uploads\/sites\/12\/2020\/02\/studentlitteratur-niclas.jpg\" \/>\n\t<meta property=\"og:image:width\" content=\"1000\" \/>\n\t<meta property=\"og:image:height\" content=\"622\" \/>\n\t<meta property=\"og:image:type\" content=\"image\/jpeg\" \/>\n<meta name=\"author\" content=\"viktorwallen\" \/>\n<meta name=\"twitter:card\" content=\"summary_large_image\" \/>\n<meta name=\"twitter:label1\" content=\"Skriven av\" \/>\n\t<meta name=\"twitter:data1\" content=\"viktorwallen\" \/>\n\t<meta name=\"twitter:label2\" content=\"Ber\u00e4knad l\u00e4stid\" \/>\n\t<meta name=\"twitter:data2\" content=\"4 minuter\" \/>\n<script type=\"application\/ld+json\" class=\"yoast-schema-graph\">{\"@context\":\"https:\\\/\\\/schema.org\",\"@graph\":[{\"@type\":\"Article\",\"@id\":\"https:\\\/\\\/lararkarriar.se\\\/grundskola\\\/2020\\\/02\\\/11\\\/kooperativt-larande-utvecklar-skolan-i-stromstad\\\/#article\",\"isPartOf\":{\"@id\":\"https:\\\/\\\/lararkarriar.se\\\/grundskola\\\/2020\\\/02\\\/11\\\/kooperativt-larande-utvecklar-skolan-i-stromstad\\\/\"},\"author\":{\"name\":\"viktorwallen\",\"@id\":\"https:\\\/\\\/lararkarriar.se\\\/grundskola\\\/#\\\/schema\\\/person\\\/2a13a849ec7646386c2211f59afe3083\"},\"headline\":\"Kooperativt l\u00e4rande utvecklande\",\"datePublished\":\"2020-02-11T15:12:57+00:00\",\"dateModified\":\"2020-11-10T11:33:05+00:00\",\"mainEntityOfPage\":{\"@id\":\"https:\\\/\\\/lararkarriar.se\\\/grundskola\\\/2020\\\/02\\\/11\\\/kooperativt-larande-utvecklar-skolan-i-stromstad\\\/\"},\"wordCount\":853,\"image\":{\"@id\":\"https:\\\/\\\/lararkarriar.se\\\/grundskola\\\/2020\\\/02\\\/11\\\/kooperativt-larande-utvecklar-skolan-i-stromstad\\\/#primaryimage\"},\"thumbnailUrl\":\"https:\\\/\\\/lararkarriar.se\\\/grundskola\\\/wp-content\\\/uploads\\\/sites\\\/12\\\/2020\\\/02\\\/studentlitteratur-niclas.jpg\",\"keywords\":[\"F\u00f6rb\u00e4ttringsarbete\",\"Inkludering\",\"Kooperativt l\u00e4rande\",\"Kurs\",\"Pedagogiskt f\u00f6rh\u00e5llningss\u00e4tt\",\"Samarbete\",\"Str\u00f6mstad kommun\",\"Studentlitteratur\"],\"articleSection\":[\"Artikel\"],\"inLanguage\":\"sv-SE\"},{\"@type\":\"WebPage\",\"@id\":\"https:\\\/\\\/lararkarriar.se\\\/grundskola\\\/2020\\\/02\\\/11\\\/kooperativt-larande-utvecklar-skolan-i-stromstad\\\/\",\"url\":\"https:\\\/\\\/lararkarriar.se\\\/grundskola\\\/2020\\\/02\\\/11\\\/kooperativt-larande-utvecklar-skolan-i-stromstad\\\/\",\"name\":\"Kooperativt l\u00e4rande utvecklande - Framtidens Karri\u00e4r \u2013 Grundskolel\u00e4rare\",\"isPartOf\":{\"@id\":\"https:\\\/\\\/lararkarriar.se\\\/grundskola\\\/#website\"},\"primaryImageOfPage\":{\"@id\":\"https:\\\/\\\/lararkarriar.se\\\/grundskola\\\/2020\\\/02\\\/11\\\/kooperativt-larande-utvecklar-skolan-i-stromstad\\\/#primaryimage\"},\"image\":{\"@id\":\"https:\\\/\\\/lararkarriar.se\\\/grundskola\\\/2020\\\/02\\\/11\\\/kooperativt-larande-utvecklar-skolan-i-stromstad\\\/#primaryimage\"},\"thumbnailUrl\":\"https:\\\/\\\/lararkarriar.se\\\/grundskola\\\/wp-content\\\/uploads\\\/sites\\\/12\\\/2020\\\/02\\\/studentlitteratur-niclas.jpg\",\"datePublished\":\"2020-02-11T15:12:57+00:00\",\"dateModified\":\"2020-11-10T11:33:05+00:00\",\"author\":{\"@id\":\"https:\\\/\\\/lararkarriar.se\\\/grundskola\\\/#\\\/schema\\\/person\\\/2a13a849ec7646386c2211f59afe3083\"},\"breadcrumb\":{\"@id\":\"https:\\\/\\\/lararkarriar.se\\\/grundskola\\\/2020\\\/02\\\/11\\\/kooperativt-larande-utvecklar-skolan-i-stromstad\\\/#breadcrumb\"},\"inLanguage\":\"sv-SE\",\"potentialAction\":[{\"@type\":\"ReadAction\",\"target\":[\"https:\\\/\\\/lararkarriar.se\\\/grundskola\\\/2020\\\/02\\\/11\\\/kooperativt-larande-utvecklar-skolan-i-stromstad\\\/\"]}]},{\"@type\":\"ImageObject\",\"inLanguage\":\"sv-SE\",\"@id\":\"https:\\\/\\\/lararkarriar.se\\\/grundskola\\\/2020\\\/02\\\/11\\\/kooperativt-larande-utvecklar-skolan-i-stromstad\\\/#primaryimage\",\"url\":\"https:\\\/\\\/lararkarriar.se\\\/grundskola\\\/wp-content\\\/uploads\\\/sites\\\/12\\\/2020\\\/02\\\/studentlitteratur-niclas.jpg\",\"contentUrl\":\"https:\\\/\\\/lararkarriar.se\\\/grundskola\\\/wp-content\\\/uploads\\\/sites\\\/12\\\/2020\\\/02\\\/studentlitteratur-niclas.jpg\",\"width\":1000,\"height\":622,\"caption\":\"Niclas Fohlin fr\u00e5n Studentlitteratur. Foto: Pierre Karlge\"},{\"@type\":\"BreadcrumbList\",\"@id\":\"https:\\\/\\\/lararkarriar.se\\\/grundskola\\\/2020\\\/02\\\/11\\\/kooperativt-larande-utvecklar-skolan-i-stromstad\\\/#breadcrumb\",\"itemListElement\":[{\"@type\":\"ListItem\",\"position\":1,\"name\":\"Home\",\"item\":\"https:\\\/\\\/lararkarriar.se\\\/grundskola\\\/\"},{\"@type\":\"ListItem\",\"position\":2,\"name\":\"Kooperativt l\u00e4rande utvecklande\"}]},{\"@type\":\"WebSite\",\"@id\":\"https:\\\/\\\/lararkarriar.se\\\/grundskola\\\/#website\",\"url\":\"https:\\\/\\\/lararkarriar.se\\\/grundskola\\\/\",\"name\":\"Framtidens Karri\u00e4r \u2013 Grundskolel\u00e4rare\",\"description\":\"Just another NMDashboard.se Sites site\",\"potentialAction\":[{\"@type\":\"SearchAction\",\"target\":{\"@type\":\"EntryPoint\",\"urlTemplate\":\"https:\\\/\\\/lararkarriar.se\\\/grundskola\\\/?s={search_term_string}\"},\"query-input\":{\"@type\":\"PropertyValueSpecification\",\"valueRequired\":true,\"valueName\":\"search_term_string\"}}],\"inLanguage\":\"sv-SE\"},{\"@type\":\"Person\",\"@id\":\"https:\\\/\\\/lararkarriar.se\\\/grundskola\\\/#\\\/schema\\\/person\\\/2a13a849ec7646386c2211f59afe3083\",\"name\":\"viktorwallen\",\"image\":{\"@type\":\"ImageObject\",\"inLanguage\":\"sv-SE\",\"@id\":\"https:\\\/\\\/secure.gravatar.com\\\/avatar\\\/701701bd36169636031933997c8c6b954f2f635bbb7cd4802e4a007f9c9f4e59?s=96&d=mm&r=g\",\"url\":\"https:\\\/\\\/secure.gravatar.com\\\/avatar\\\/701701bd36169636031933997c8c6b954f2f635bbb7cd4802e4a007f9c9f4e59?s=96&d=mm&r=g\",\"contentUrl\":\"https:\\\/\\\/secure.gravatar.com\\\/avatar\\\/701701bd36169636031933997c8c6b954f2f635bbb7cd4802e4a007f9c9f4e59?s=96&d=mm&r=g\",\"caption\":\"viktorwallen\"},\"url\":\"https:\\\/\\\/lararkarriar.se\\\/grundskola\\\/author\\\/viktorwallen\\\/\"}]}<\/script>\n<!-- \/ Yoast SEO plugin. -->","yoast_head_json":{"title":"Kooperativt l\u00e4rande utvecklande - Framtidens Karri\u00e4r \u2013 Grundskolel\u00e4rare","robots":{"index":"index","follow":"follow","max-snippet":"max-snippet:-1","max-image-preview":"max-image-preview:large","max-video-preview":"max-video-preview:-1"},"canonical":"https:\/\/lararkarriar.se\/grundskola\/2020\/02\/11\/kooperativt-larande-utvecklar-skolan-i-stromstad\/","og_locale":"sv_SE","og_type":"article","og_title":"Kooperativt l\u00e4rande utvecklande - Framtidens Karri\u00e4r \u2013 Grundskolel\u00e4rare","og_description":"B\u00e4ttre delaktighet, starkare motivation och st\u00f6rre tillit hos eleverna","og_url":"https:\/\/lararkarriar.se\/grundskola\/2020\/02\/11\/kooperativt-larande-utvecklar-skolan-i-stromstad\/","og_site_name":"Framtidens Karri\u00e4r \u2013 Grundskolel\u00e4rare","article_published_time":"2020-02-11T15:12:57+00:00","article_modified_time":"2020-11-10T11:33:05+00:00","og_image":[{"width":1000,"height":622,"url":"https:\/\/lararkarriar.se\/grundskola\/wp-content\/uploads\/sites\/12\/2020\/02\/studentlitteratur-niclas.jpg","type":"image\/jpeg"}],"author":"viktorwallen","twitter_card":"summary_large_image","twitter_misc":{"Skriven av":"viktorwallen","Ber\u00e4knad l\u00e4stid":"4 minuter"},"schema":{"@context":"https:\/\/schema.org","@graph":[{"@type":"Article","@id":"https:\/\/lararkarriar.se\/grundskola\/2020\/02\/11\/kooperativt-larande-utvecklar-skolan-i-stromstad\/#article","isPartOf":{"@id":"https:\/\/lararkarriar.se\/grundskola\/2020\/02\/11\/kooperativt-larande-utvecklar-skolan-i-stromstad\/"},"author":{"name":"viktorwallen","@id":"https:\/\/lararkarriar.se\/grundskola\/#\/schema\/person\/2a13a849ec7646386c2211f59afe3083"},"headline":"Kooperativt l\u00e4rande utvecklande","datePublished":"2020-02-11T15:12:57+00:00","dateModified":"2020-11-10T11:33:05+00:00","mainEntityOfPage":{"@id":"https:\/\/lararkarriar.se\/grundskola\/2020\/02\/11\/kooperativt-larande-utvecklar-skolan-i-stromstad\/"},"wordCount":853,"image":{"@id":"https:\/\/lararkarriar.se\/grundskola\/2020\/02\/11\/kooperativt-larande-utvecklar-skolan-i-stromstad\/#primaryimage"},"thumbnailUrl":"https:\/\/lararkarriar.se\/grundskola\/wp-content\/uploads\/sites\/12\/2020\/02\/studentlitteratur-niclas.jpg","keywords":["F\u00f6rb\u00e4ttringsarbete","Inkludering","Kooperativt l\u00e4rande","Kurs","Pedagogiskt f\u00f6rh\u00e5llningss\u00e4tt","Samarbete","Str\u00f6mstad kommun","Studentlitteratur"],"articleSection":["Artikel"],"inLanguage":"sv-SE"},{"@type":"WebPage","@id":"https:\/\/lararkarriar.se\/grundskola\/2020\/02\/11\/kooperativt-larande-utvecklar-skolan-i-stromstad\/","url":"https:\/\/lararkarriar.se\/grundskola\/2020\/02\/11\/kooperativt-larande-utvecklar-skolan-i-stromstad\/","name":"Kooperativt l\u00e4rande utvecklande - Framtidens Karri\u00e4r \u2013 Grundskolel\u00e4rare","isPartOf":{"@id":"https:\/\/lararkarriar.se\/grundskola\/#website"},"primaryImageOfPage":{"@id":"https:\/\/lararkarriar.se\/grundskola\/2020\/02\/11\/kooperativt-larande-utvecklar-skolan-i-stromstad\/#primaryimage"},"image":{"@id":"https:\/\/lararkarriar.se\/grundskola\/2020\/02\/11\/kooperativt-larande-utvecklar-skolan-i-stromstad\/#primaryimage"},"thumbnailUrl":"https:\/\/lararkarriar.se\/grundskola\/wp-content\/uploads\/sites\/12\/2020\/02\/studentlitteratur-niclas.jpg","datePublished":"2020-02-11T15:12:57+00:00","dateModified":"2020-11-10T11:33:05+00:00","author":{"@id":"https:\/\/lararkarriar.se\/grundskola\/#\/schema\/person\/2a13a849ec7646386c2211f59afe3083"},"breadcrumb":{"@id":"https:\/\/lararkarriar.se\/grundskola\/2020\/02\/11\/kooperativt-larande-utvecklar-skolan-i-stromstad\/#breadcrumb"},"inLanguage":"sv-SE","potentialAction":[{"@type":"ReadAction","target":["https:\/\/lararkarriar.se\/grundskola\/2020\/02\/11\/kooperativt-larande-utvecklar-skolan-i-stromstad\/"]}]},{"@type":"ImageObject","inLanguage":"sv-SE","@id":"https:\/\/lararkarriar.se\/grundskola\/2020\/02\/11\/kooperativt-larande-utvecklar-skolan-i-stromstad\/#primaryimage","url":"https:\/\/lararkarriar.se\/grundskola\/wp-content\/uploads\/sites\/12\/2020\/02\/studentlitteratur-niclas.jpg","contentUrl":"https:\/\/lararkarriar.se\/grundskola\/wp-content\/uploads\/sites\/12\/2020\/02\/studentlitteratur-niclas.jpg","width":1000,"height":622,"caption":"Niclas Fohlin fr\u00e5n Studentlitteratur. Foto: Pierre Karlge"},{"@type":"BreadcrumbList","@id":"https:\/\/lararkarriar.se\/grundskola\/2020\/02\/11\/kooperativt-larande-utvecklar-skolan-i-stromstad\/#breadcrumb","itemListElement":[{"@type":"ListItem","position":1,"name":"Home","item":"https:\/\/lararkarriar.se\/grundskola\/"},{"@type":"ListItem","position":2,"name":"Kooperativt l\u00e4rande utvecklande"}]},{"@type":"WebSite","@id":"https:\/\/lararkarriar.se\/grundskola\/#website","url":"https:\/\/lararkarriar.se\/grundskola\/","name":"Framtidens Karri\u00e4r \u2013 Grundskolel\u00e4rare","description":"Just another NMDashboard.se Sites site","potentialAction":[{"@type":"SearchAction","target":{"@type":"EntryPoint","urlTemplate":"https:\/\/lararkarriar.se\/grundskola\/?s={search_term_string}"},"query-input":{"@type":"PropertyValueSpecification","valueRequired":true,"valueName":"search_term_string"}}],"inLanguage":"sv-SE"},{"@type":"Person","@id":"https:\/\/lararkarriar.se\/grundskola\/#\/schema\/person\/2a13a849ec7646386c2211f59afe3083","name":"viktorwallen","image":{"@type":"ImageObject","inLanguage":"sv-SE","@id":"https:\/\/secure.gravatar.com\/avatar\/701701bd36169636031933997c8c6b954f2f635bbb7cd4802e4a007f9c9f4e59?s=96&d=mm&r=g","url":"https:\/\/secure.gravatar.com\/avatar\/701701bd36169636031933997c8c6b954f2f635bbb7cd4802e4a007f9c9f4e59?s=96&d=mm&r=g","contentUrl":"https:\/\/secure.gravatar.com\/avatar\/701701bd36169636031933997c8c6b954f2f635bbb7cd4802e4a007f9c9f4e59?s=96&d=mm&r=g","caption":"viktorwallen"},"url":"https:\/\/lararkarriar.se\/grundskola\/author\/viktorwallen\/"}]}},"_links":{"self":[{"href":"https:\/\/lararkarriar.se\/grundskola\/wp-json\/wp\/v2\/posts\/6743","targetHints":{"allow":["GET"]}}],"collection":[{"href":"https:\/\/lararkarriar.se\/grundskola\/wp-json\/wp\/v2\/posts"}],"about":[{"href":"https:\/\/lararkarriar.se\/grundskola\/wp-json\/wp\/v2\/types\/post"}],"author":[{"embeddable":true,"href":"https:\/\/lararkarriar.se\/grundskola\/wp-json\/wp\/v2\/users\/2"}],"replies":[{"embeddable":true,"href":"https:\/\/lararkarriar.se\/grundskola\/wp-json\/wp\/v2\/comments?post=6743"}],"version-history":[{"count":5,"href":"https:\/\/lararkarriar.se\/grundskola\/wp-json\/wp\/v2\/posts\/6743\/revisions"}],"predecessor-version":[{"id":7207,"href":"https:\/\/lararkarriar.se\/grundskola\/wp-json\/wp\/v2\/posts\/6743\/revisions\/7207"}],"wp:featuredmedia":[{"embeddable":true,"href":"https:\/\/lararkarriar.se\/grundskola\/wp-json\/wp\/v2\/media\/6746"}],"wp:attachment":[{"href":"https:\/\/lararkarriar.se\/grundskola\/wp-json\/wp\/v2\/media?parent=6743"}],"wp:term":[{"taxonomy":"category","embeddable":true,"href":"https:\/\/lararkarriar.se\/grundskola\/wp-json\/wp\/v2\/categories?post=6743"},{"taxonomy":"post_tag","embeddable":true,"href":"https:\/\/lararkarriar.se\/grundskola\/wp-json\/wp\/v2\/tags?post=6743"}],"curies":[{"name":"wp","href":"https:\/\/api.w.org\/{rel}","templated":true}]}}