{"id":6759,"date":"2020-02-11T15:24:07","date_gmt":"2020-02-11T15:24:07","guid":{"rendered":"https:\/\/lararkarriar.se\/grundskola\/?p=6759"},"modified":"2021-10-12T08:28:32","modified_gmt":"2021-10-12T08:28:32","slug":"kollegialt-larande-i-bastad-ger-framgang","status":"publish","type":"post","link":"https:\/\/lararkarriar.se\/grundskola\/2020\/02\/11\/kollegialt-larande-i-bastad-ger-framgang\/","title":{"rendered":"Kollegialt l\u00e4rande i B\u00e5stad ger framg\u00e5ng"},"content":{"rendered":"\n<figure class=\"wp-block-image alignnone size-full wp-image-6760\"><img loading=\"lazy\" decoding=\"async\" width=\"1000\" height=\"591\" src=\"https:\/\/lararkarriar.se\/grundskola\/wp-content\/uploads\/sites\/12\/2020\/02\/bastad-dsc1438.jpg\" alt=\"Karin H\u00f6jman, l\u00e5gstadiel\u00e4rare, Inga-Britt Henriksson, skolchef, Marika Forsell, utvecklingsledare f\u00f6r Barn och skola och Susanne Kaczmarek, rektor f\u00f6r \u00d6stra Karups skola F\u20136. Foto: Andreas Svensson\" class=\"wp-image-6760\" srcset=\"https:\/\/lararkarriar.se\/grundskola\/wp-content\/uploads\/sites\/12\/2020\/02\/bastad-dsc1438.jpg 1000w, https:\/\/lararkarriar.se\/grundskola\/wp-content\/uploads\/sites\/12\/2020\/02\/bastad-dsc1438-300x177.jpg 300w, https:\/\/lararkarriar.se\/grundskola\/wp-content\/uploads\/sites\/12\/2020\/02\/bastad-dsc1438-768x454.jpg 768w, https:\/\/lararkarriar.se\/grundskola\/wp-content\/uploads\/sites\/12\/2020\/02\/bastad-dsc1438-271x160.jpg 271w, https:\/\/lararkarriar.se\/grundskola\/wp-content\/uploads\/sites\/12\/2020\/02\/bastad-dsc1438-526x311.jpg 526w, https:\/\/lararkarriar.se\/grundskola\/wp-content\/uploads\/sites\/12\/2020\/02\/bastad-dsc1438-720x426.jpg 720w, https:\/\/lararkarriar.se\/grundskola\/wp-content\/uploads\/sites\/12\/2020\/02\/bastad-dsc1438-960x567.jpg 960w\" sizes=\"auto, (max-width: 1000px) 100vw, 1000px\" \/><figcaption>Karin H\u00f6jman, l\u00e5gstadiel\u00e4rare, Inga-Britt Henriksson, skolchef, Marika Forsell, utvecklingsledare f\u00f6r Barn och skola och Susanne Kaczmarek, rektor f\u00f6r \u00d6stra Karups skola F\u20136. Foto: Andreas Svensson<\/figcaption><\/figure>\n\n\n\n<p><strong>B\u00e5stads kommun ligger topprankad bland Sveriges skolkommuner. Kollegialt l\u00e4rande, samverkan och korta beslutsv\u00e4gar pr\u00e4glar skolornas arbete f\u00f6r \u00f6kad m\u00e5luppfyllelse.<\/strong><\/p>\n\n\n\n<p>B\u00e5stads kommun kan stoltsera bland landets b\u00e4sta kommuner g\u00e4llande l\u00e4rart\u00e4theten och den h\u00f6ga andelen beh\u00f6riga l\u00e4rare. Detta har lagt grunden till en h\u00f6g m\u00e5luppfyllelse, vilken gjort att B\u00e5stad placerar sig b\u00e4st i Sk\u00e5ne l\u00e4n p\u00e5 L\u00e4rarf\u00f6rbundets skolrankning f\u00f6r b\u00e4sta skolkommun 2019.<br>\u2013Dessutom hamnade vi p\u00e5 rankningplats 5, totalt av 290 kommuner i L\u00e4rarf\u00f6rbundets rankning. Vi \u00e4r naturligtvis stolta \u00f6ver resultaten, men det inneb\u00e4r inte att vi \u00e4r n\u00f6jda \u2013 vi arbetar kontinuerligt med att bli \u00e4nnu b\u00e4ttre, framh\u00e5ller l\u00e5gstadiel\u00e4raren Karin H\u00f6jman, som har arbetat i kommunen sedan 1990.<\/p>\n\n\n\n<p class=\"has-color-gray-01-background-color has-background\"><strong><a title=\"B\u00e5stads kommun pres jobb ans\u00f6k\" href=\"http:\/\/www.bastad.se\/att-arbeta-i-bastad\/ledigajobb\/\" target=\"_blank\" rel=\"noopener noreferrer\">Jobba som l\u00e4rare med oss i B\u00e5stad. Se v\u00e5ra lediga tj\u00e4nster h\u00e4r<\/a><\/strong><\/p>\n\n\n\n<p><strong>Alla str\u00e4var mot samma m\u00e5l<\/strong><br>Det finns m\u00e5nga anledningar till B\u00e5stads goda resultat, men i grunden handlar det i m\u00e5ngt och mycket om att alla medarbetare st\u00e5r samlade bakom uppdraget att v\u00e4gleda och stimulera eleverna till s\u00e5 stora framsteg som m\u00f6jligt utifr\u00e5n sina enskilda f\u00f6ruts\u00e4ttningar.<br>\u2013 Personalen h\u00e4r str\u00e4var mot samma m\u00e5l. Oavsett yrkesroll och uppgift har vi eleverna i fokus och det genomsyrar B\u00e5stad som arbetsplats i alla led, s\u00e4ger Susanne Kaczmarek, rektor f\u00f6r \u00d6stra Karups skola F\u20136. Hon har l\u00e5ng erfarenhet som l\u00e4rare inom b\u00e5de grundskola, f\u00f6rskola och vuxenutbildning.<br>Susanne f\u00e5r medh\u00e5ll av Marika Forsell, utvecklingsledare f\u00f6r Barn och skola i B\u00e5stads kommun.<br>\u2013 V\u00e5rt uppdrag underl\u00e4ttas av att vi har korta beslutsv\u00e4gar och n\u00e4ra dialog med verksamheten \u2013 vi tr\u00e4ffas regelbundet och det \u00e4r en stor f\u00f6rdel som bidrar till v\u00e5ra positiva resultat, ber\u00e4ttar Marika, som bland annat arbetar med utveckling av processer och kvalitetss\u00e4kring i ett 0-19 \u00e5rs perspektiv p\u00e5 central niv\u00e5.<\/p>\n\n\n\n<p><strong>Omfattande kollegialt l\u00e4rande<\/strong><br>Karin f\u00f6rklarar vidare att det i B\u00e5stad ges stort utrymme till det kollegiala l\u00e4randet, bland annat genom flera olika n\u00e4tverk f\u00f6r l\u00e4rare och pedagoger. Syftet \u00e4r att fr\u00e4mja h\u00f6gre m\u00e5luppfyllelse genom kunskapsutbyte och tillv\u00e4xt mellan skolorna.<br>\u2013 \u00c4ven bland eleverna understryker vi v\u00e4rdet av samverkan, bland annat genom att anv\u00e4nda kooperativt l\u00e4rande, ett arbetss\u00e4tt d\u00e4r eleverna l\u00e4r tillsammans genom tydligt, strukturerat samarbete, ber\u00e4ttar Karin.<br>Utveckling av tillg\u00e4ngliga l\u00e4rmilj\u00f6er st\u00e5r i fokus d\u00e5 B\u00e5stad bygger om och bygger nytt f\u00f6r att m\u00f6ta framtiden med mer flexibla och moderna lokaler. Marika understryker att l\u00e4rarna \u00e4r den viktigaste resursen i arbetet med att forma tillg\u00e4ngliga l\u00e4rmilj\u00f6er. Fokus f\u00f6r det kollegiala l\u00e4randet har skolorna valt att l\u00e4gga p\u00e5 Specialpedagogik f\u00f6r l\u00e4rande och Fritidshemmets uppdrag med st\u00f6d av Skolverkets webbutbildning.<br>\u2013 Vi arbetar systematiskt med Skolverkets modul Specialpedagogik f\u00f6r l\u00e4rande f\u00f6r att tillsammans utveckla v\u00e5r kollektiva f\u00f6rm\u00e5ga att anpassa undervisningen och m\u00f6ta alla elevers behov, f\u00f6rklarar Marika.<br>Styrda rastaktiviteter och pulsprojekt speglar ocks\u00e5 hur fritidspedagogerna uppm\u00e4rksammar barns r\u00f6relse och l\u00e4rande. Utvecklingssatsningar uppmuntras, initiativ fr\u00e5n medarbetarna v\u00e4lkomnas och goda erfarenheter delas mellan de olika skolorna.<br>\u2013 \u00d6vriga skolor kan sedan till\u00e4gna sig det som passar deras f\u00f6ruts\u00e4ttningar, vilket g\u00f6r att andras erfarenheter kommer alla till gagn, konstaterar Susanne.<\/p>\n\n\n\n<p><strong>N\u00e4ra till forskning och fortbildning<\/strong><br>D\u00e5 l\u00e4rarna \u00e4r kommunens viktigaste resurs, l\u00e4ggs mycket tyngd p\u00e5 utvecklingsarbete och kompetensutveckling. F\u00f6rutom det aktiva kollegiala l\u00e4randet, konferenser och interna kurser samverkar B\u00e5stad med Regionalt utvecklingscentrum (RUC) H\u00f6gskolan i Halmstad, Friends och \u00d6rebro universitet, ber\u00e4ttar Inga-Britt Henriksson, skolchef i B\u00e5stad. Tillsammans med forskare har B\u00e5stad bland annat fokuserat p\u00e5 ledarskapets betydelse i arbetet med att digitalisera f\u00f6rskolan och skolan.<br>\u2013 Fj\u00e4rrundervisning \u00e4r ett annat exempel p\u00e5 samverkan med h\u00f6gskolan d\u00e4r vi studerar vilka m\u00f6jligheter digital teknik kan tillf\u00f6ra l\u00e4randet i realtid, oberoende rum. Kort sagt h\u00e4nder det mycket i B\u00e5stad, avslutar Marika.<\/p>\n\n\n\n<p class=\"has-color-gray-01-background-color has-background\"><strong><a title=\"B\u00e5stads kommun pres jobb ans\u00f6k\" href=\"http:\/\/www.bastad.se\/att-arbeta-i-bastad\/ledigajobb\/\" target=\"_blank\" rel=\"noopener noreferrer\">Jobba som l\u00e4rare med oss i B\u00e5stad. Se v\u00e5ra lediga tj\u00e4nster h\u00e4r<\/a><\/strong><\/p>\n\n\n\n<div class=\"wp-block-group faktaruta\"><div class=\"wp-block-group__inner-container is-layout-flow wp-block-group-is-layout-flow\">\n<h6 class=\"wp-block-heading\">B\u00e5stads kommun<\/h6>\n\n\n\n<p>Grundskolorna i B\u00e5stads kommun \u00e4r v\u00e4l f\u00f6rdelade p\u00e5 vackra Bj\u00e4rehalv\u00f6n. Det finns fyra F\u20136-skolor, en F\u20139-skola och en 7\u20139-skola. Skolorna har ett elevantal fr\u00e5n cirka 80 till 470 elever. B\u00e5stad v\u00e4xer och st\u00f6rre skolenheter planeras, byggs och tillbyggnader g\u00f6rs.<br>B\u00e5stad ligger i topp bland Sveriges skolkommuner. Regelbundna elev-enk\u00e4ter visar p\u00e5 h\u00f6g trivsel.<\/p>\n\n\n\n<p><strong>Barn och skola<\/strong><br>Tel. vxl: 0431-770 00<br>E-post: <em><a title=\"B\u00e5stads kommun mail\" href=\"mailto:barnochskola@bastad.se\">barnochskola@bastad.se<\/a><\/em><br><strong><a title=\"B\u00e5stads kommun textlink\" href=\"http:\/\/www.bastad.se\/\" target=\"_blank\" rel=\"noopener noreferrer\">www.bastad.se<\/a><\/strong><br><br><a href=\"http:\/\/www.bastad.se\/\" title=\"B\u00e5stads kommun logotype\" target=\"_blank\" rel=\"noreferrer noopener\"><img loading=\"lazy\" decoding=\"async\" width=\"150\" height=\"63\" class=\"wp-image-6762\" style=\"width: 150px;\" src=\"https:\/\/lararkarriar.se\/grundskola\/wp-content\/uploads\/sites\/12\/2020\/02\/bastad-barnochskola.png\" alt=\"\" srcset=\"https:\/\/lararkarriar.se\/grundskola\/wp-content\/uploads\/sites\/12\/2020\/02\/bastad-barnochskola.png 750w, https:\/\/lararkarriar.se\/grundskola\/wp-content\/uploads\/sites\/12\/2020\/02\/bastad-barnochskola-300x126.png 300w, https:\/\/lararkarriar.se\/grundskola\/wp-content\/uploads\/sites\/12\/2020\/02\/bastad-barnochskola-382x160.png 382w, https:\/\/lararkarriar.se\/grundskola\/wp-content\/uploads\/sites\/12\/2020\/02\/bastad-barnochskola-526x220.png 526w, https:\/\/lararkarriar.se\/grundskola\/wp-content\/uploads\/sites\/12\/2020\/02\/bastad-barnochskola-720x301.png 720w\" sizes=\"auto, (max-width: 150px) 100vw, 150px\" \/><\/a><\/p>\n<\/div><\/div>\n","protected":false},"excerpt":{"rendered":"<p>Kollegialt l\u00e4rande, samverkan och korta beslutsv\u00e4gar pr\u00e4glar skolornas arbete f\u00f6r \u00f6kad m\u00e5luppfyllelse.<\/p>\n","protected":false},"author":2,"featured_media":6760,"comment_status":"closed","ping_status":"open","sticky":false,"template":"","format":"standard","meta":{"_acf_changed":false,"_monsterinsights_skip_tracking":false,"_monsterinsights_sitenote_active":false,"_monsterinsights_sitenote_note":"","_monsterinsights_sitenote_category":0,"footnotes":""},"categories":[7],"tags":[36,38,39,452],"class_list":["post-6759","post","type-post","status-publish","format-standard","has-post-thumbnail","hentry","category-presentation","tag-barn-och-skola","tag-bastad","tag-bastads-kommun","tag-forbattringsarbete"],"acf":[],"yoast_head":"<!-- This site is optimized with the Yoast SEO plugin v27.3 - https:\/\/yoast.com\/product\/yoast-seo-wordpress\/ -->\n<title>Kollegialt l\u00e4rande i B\u00e5stad ger framg\u00e5ng - Framtidens Karri\u00e4r \u2013 Grundskolel\u00e4rare<\/title>\n<meta name=\"robots\" content=\"index, follow, max-snippet:-1, max-image-preview:large, max-video-preview:-1\" \/>\n<link rel=\"canonical\" href=\"https:\/\/lararkarriar.se\/grundskola\/2020\/02\/11\/kollegialt-larande-i-bastad-ger-framgang\/\" \/>\n<meta property=\"og:locale\" content=\"sv_SE\" \/>\n<meta property=\"og:type\" content=\"article\" \/>\n<meta property=\"og:title\" content=\"Kollegialt l\u00e4rande i B\u00e5stad ger framg\u00e5ng - Framtidens Karri\u00e4r \u2013 Grundskolel\u00e4rare\" \/>\n<meta property=\"og:description\" content=\"Kollegialt l\u00e4rande, samverkan och korta beslutsv\u00e4gar pr\u00e4glar skolornas arbete f\u00f6r \u00f6kad m\u00e5luppfyllelse.\" \/>\n<meta property=\"og:url\" content=\"https:\/\/lararkarriar.se\/grundskola\/2020\/02\/11\/kollegialt-larande-i-bastad-ger-framgang\/\" \/>\n<meta property=\"og:site_name\" content=\"Framtidens Karri\u00e4r \u2013 Grundskolel\u00e4rare\" \/>\n<meta property=\"article:published_time\" content=\"2020-02-11T15:24:07+00:00\" \/>\n<meta property=\"article:modified_time\" content=\"2021-10-12T08:28:32+00:00\" \/>\n<meta property=\"og:image\" content=\"https:\/\/lararkarriar.se\/grundskola\/wp-content\/uploads\/sites\/12\/2020\/02\/bastad-dsc1438.jpg\" \/>\n\t<meta property=\"og:image:width\" content=\"1000\" \/>\n\t<meta property=\"og:image:height\" content=\"591\" \/>\n\t<meta property=\"og:image:type\" content=\"image\/jpeg\" \/>\n<meta name=\"author\" content=\"viktorwallen\" \/>\n<meta name=\"twitter:card\" content=\"summary_large_image\" \/>\n<meta name=\"twitter:label1\" content=\"Skriven av\" \/>\n\t<meta name=\"twitter:data1\" content=\"viktorwallen\" \/>\n\t<meta name=\"twitter:label2\" content=\"Ber\u00e4knad l\u00e4stid\" \/>\n\t<meta name=\"twitter:data2\" content=\"4 minuter\" \/>\n<script type=\"application\/ld+json\" class=\"yoast-schema-graph\">{\"@context\":\"https:\\\/\\\/schema.org\",\"@graph\":[{\"@type\":\"Article\",\"@id\":\"https:\\\/\\\/lararkarriar.se\\\/grundskola\\\/2020\\\/02\\\/11\\\/kollegialt-larande-i-bastad-ger-framgang\\\/#article\",\"isPartOf\":{\"@id\":\"https:\\\/\\\/lararkarriar.se\\\/grundskola\\\/2020\\\/02\\\/11\\\/kollegialt-larande-i-bastad-ger-framgang\\\/\"},\"author\":{\"name\":\"viktorwallen\",\"@id\":\"https:\\\/\\\/lararkarriar.se\\\/grundskola\\\/#\\\/schema\\\/person\\\/2a13a849ec7646386c2211f59afe3083\"},\"headline\":\"Kollegialt l\u00e4rande i B\u00e5stad ger framg\u00e5ng\",\"datePublished\":\"2020-02-11T15:24:07+00:00\",\"dateModified\":\"2021-10-12T08:28:32+00:00\",\"mainEntityOfPage\":{\"@id\":\"https:\\\/\\\/lararkarriar.se\\\/grundskola\\\/2020\\\/02\\\/11\\\/kollegialt-larande-i-bastad-ger-framgang\\\/\"},\"wordCount\":846,\"image\":{\"@id\":\"https:\\\/\\\/lararkarriar.se\\\/grundskola\\\/2020\\\/02\\\/11\\\/kollegialt-larande-i-bastad-ger-framgang\\\/#primaryimage\"},\"thumbnailUrl\":\"https:\\\/\\\/lararkarriar.se\\\/grundskola\\\/wp-content\\\/uploads\\\/sites\\\/12\\\/2020\\\/02\\\/bastad-dsc1438.jpg\",\"keywords\":[\"Barn och skola\",\"B\u00e5stad\",\"B\u00e5stads kommun\",\"F\u00f6rb\u00e4ttringsarbete\"],\"articleSection\":[\"Presentation\"],\"inLanguage\":\"sv-SE\"},{\"@type\":\"WebPage\",\"@id\":\"https:\\\/\\\/lararkarriar.se\\\/grundskola\\\/2020\\\/02\\\/11\\\/kollegialt-larande-i-bastad-ger-framgang\\\/\",\"url\":\"https:\\\/\\\/lararkarriar.se\\\/grundskola\\\/2020\\\/02\\\/11\\\/kollegialt-larande-i-bastad-ger-framgang\\\/\",\"name\":\"Kollegialt l\u00e4rande i B\u00e5stad ger framg\u00e5ng - Framtidens Karri\u00e4r \u2013 Grundskolel\u00e4rare\",\"isPartOf\":{\"@id\":\"https:\\\/\\\/lararkarriar.se\\\/grundskola\\\/#website\"},\"primaryImageOfPage\":{\"@id\":\"https:\\\/\\\/lararkarriar.se\\\/grundskola\\\/2020\\\/02\\\/11\\\/kollegialt-larande-i-bastad-ger-framgang\\\/#primaryimage\"},\"image\":{\"@id\":\"https:\\\/\\\/lararkarriar.se\\\/grundskola\\\/2020\\\/02\\\/11\\\/kollegialt-larande-i-bastad-ger-framgang\\\/#primaryimage\"},\"thumbnailUrl\":\"https:\\\/\\\/lararkarriar.se\\\/grundskola\\\/wp-content\\\/uploads\\\/sites\\\/12\\\/2020\\\/02\\\/bastad-dsc1438.jpg\",\"datePublished\":\"2020-02-11T15:24:07+00:00\",\"dateModified\":\"2021-10-12T08:28:32+00:00\",\"author\":{\"@id\":\"https:\\\/\\\/lararkarriar.se\\\/grundskola\\\/#\\\/schema\\\/person\\\/2a13a849ec7646386c2211f59afe3083\"},\"breadcrumb\":{\"@id\":\"https:\\\/\\\/lararkarriar.se\\\/grundskola\\\/2020\\\/02\\\/11\\\/kollegialt-larande-i-bastad-ger-framgang\\\/#breadcrumb\"},\"inLanguage\":\"sv-SE\",\"potentialAction\":[{\"@type\":\"ReadAction\",\"target\":[\"https:\\\/\\\/lararkarriar.se\\\/grundskola\\\/2020\\\/02\\\/11\\\/kollegialt-larande-i-bastad-ger-framgang\\\/\"]}]},{\"@type\":\"ImageObject\",\"inLanguage\":\"sv-SE\",\"@id\":\"https:\\\/\\\/lararkarriar.se\\\/grundskola\\\/2020\\\/02\\\/11\\\/kollegialt-larande-i-bastad-ger-framgang\\\/#primaryimage\",\"url\":\"https:\\\/\\\/lararkarriar.se\\\/grundskola\\\/wp-content\\\/uploads\\\/sites\\\/12\\\/2020\\\/02\\\/bastad-dsc1438.jpg\",\"contentUrl\":\"https:\\\/\\\/lararkarriar.se\\\/grundskola\\\/wp-content\\\/uploads\\\/sites\\\/12\\\/2020\\\/02\\\/bastad-dsc1438.jpg\",\"width\":1000,\"height\":591,\"caption\":\"Karin H\u00f6jman, l\u00e5gstadiel\u00e4rare, Inga-Britt Henriksson, skolchef, Marika Forsell, utvecklingsledare f\u00f6r Barn och skola och Susanne Kaczmarek, rektor f\u00f6r \u00d6stra Karups skola F\u20136. Foto: Andreas Svensson\"},{\"@type\":\"BreadcrumbList\",\"@id\":\"https:\\\/\\\/lararkarriar.se\\\/grundskola\\\/2020\\\/02\\\/11\\\/kollegialt-larande-i-bastad-ger-framgang\\\/#breadcrumb\",\"itemListElement\":[{\"@type\":\"ListItem\",\"position\":1,\"name\":\"Home\",\"item\":\"https:\\\/\\\/lararkarriar.se\\\/grundskola\\\/\"},{\"@type\":\"ListItem\",\"position\":2,\"name\":\"Kollegialt l\u00e4rande i B\u00e5stad ger framg\u00e5ng\"}]},{\"@type\":\"WebSite\",\"@id\":\"https:\\\/\\\/lararkarriar.se\\\/grundskola\\\/#website\",\"url\":\"https:\\\/\\\/lararkarriar.se\\\/grundskola\\\/\",\"name\":\"Framtidens Karri\u00e4r \u2013 Grundskolel\u00e4rare\",\"description\":\"Just another NMDashboard.se Sites site\",\"potentialAction\":[{\"@type\":\"SearchAction\",\"target\":{\"@type\":\"EntryPoint\",\"urlTemplate\":\"https:\\\/\\\/lararkarriar.se\\\/grundskola\\\/?s={search_term_string}\"},\"query-input\":{\"@type\":\"PropertyValueSpecification\",\"valueRequired\":true,\"valueName\":\"search_term_string\"}}],\"inLanguage\":\"sv-SE\"},{\"@type\":\"Person\",\"@id\":\"https:\\\/\\\/lararkarriar.se\\\/grundskola\\\/#\\\/schema\\\/person\\\/2a13a849ec7646386c2211f59afe3083\",\"name\":\"viktorwallen\",\"image\":{\"@type\":\"ImageObject\",\"inLanguage\":\"sv-SE\",\"@id\":\"https:\\\/\\\/secure.gravatar.com\\\/avatar\\\/701701bd36169636031933997c8c6b954f2f635bbb7cd4802e4a007f9c9f4e59?s=96&d=mm&r=g\",\"url\":\"https:\\\/\\\/secure.gravatar.com\\\/avatar\\\/701701bd36169636031933997c8c6b954f2f635bbb7cd4802e4a007f9c9f4e59?s=96&d=mm&r=g\",\"contentUrl\":\"https:\\\/\\\/secure.gravatar.com\\\/avatar\\\/701701bd36169636031933997c8c6b954f2f635bbb7cd4802e4a007f9c9f4e59?s=96&d=mm&r=g\",\"caption\":\"viktorwallen\"},\"url\":\"https:\\\/\\\/lararkarriar.se\\\/grundskola\\\/author\\\/viktorwallen\\\/\"}]}<\/script>\n<!-- \/ Yoast SEO plugin. -->","yoast_head_json":{"title":"Kollegialt l\u00e4rande i B\u00e5stad ger framg\u00e5ng - Framtidens Karri\u00e4r \u2013 Grundskolel\u00e4rare","robots":{"index":"index","follow":"follow","max-snippet":"max-snippet:-1","max-image-preview":"max-image-preview:large","max-video-preview":"max-video-preview:-1"},"canonical":"https:\/\/lararkarriar.se\/grundskola\/2020\/02\/11\/kollegialt-larande-i-bastad-ger-framgang\/","og_locale":"sv_SE","og_type":"article","og_title":"Kollegialt l\u00e4rande i B\u00e5stad ger framg\u00e5ng - Framtidens Karri\u00e4r \u2013 Grundskolel\u00e4rare","og_description":"Kollegialt l\u00e4rande, samverkan och korta beslutsv\u00e4gar pr\u00e4glar skolornas arbete f\u00f6r \u00f6kad m\u00e5luppfyllelse.","og_url":"https:\/\/lararkarriar.se\/grundskola\/2020\/02\/11\/kollegialt-larande-i-bastad-ger-framgang\/","og_site_name":"Framtidens Karri\u00e4r \u2013 Grundskolel\u00e4rare","article_published_time":"2020-02-11T15:24:07+00:00","article_modified_time":"2021-10-12T08:28:32+00:00","og_image":[{"width":1000,"height":591,"url":"https:\/\/lararkarriar.se\/grundskola\/wp-content\/uploads\/sites\/12\/2020\/02\/bastad-dsc1438.jpg","type":"image\/jpeg"}],"author":"viktorwallen","twitter_card":"summary_large_image","twitter_misc":{"Skriven av":"viktorwallen","Ber\u00e4knad l\u00e4stid":"4 minuter"},"schema":{"@context":"https:\/\/schema.org","@graph":[{"@type":"Article","@id":"https:\/\/lararkarriar.se\/grundskola\/2020\/02\/11\/kollegialt-larande-i-bastad-ger-framgang\/#article","isPartOf":{"@id":"https:\/\/lararkarriar.se\/grundskola\/2020\/02\/11\/kollegialt-larande-i-bastad-ger-framgang\/"},"author":{"name":"viktorwallen","@id":"https:\/\/lararkarriar.se\/grundskola\/#\/schema\/person\/2a13a849ec7646386c2211f59afe3083"},"headline":"Kollegialt l\u00e4rande i B\u00e5stad ger framg\u00e5ng","datePublished":"2020-02-11T15:24:07+00:00","dateModified":"2021-10-12T08:28:32+00:00","mainEntityOfPage":{"@id":"https:\/\/lararkarriar.se\/grundskola\/2020\/02\/11\/kollegialt-larande-i-bastad-ger-framgang\/"},"wordCount":846,"image":{"@id":"https:\/\/lararkarriar.se\/grundskola\/2020\/02\/11\/kollegialt-larande-i-bastad-ger-framgang\/#primaryimage"},"thumbnailUrl":"https:\/\/lararkarriar.se\/grundskola\/wp-content\/uploads\/sites\/12\/2020\/02\/bastad-dsc1438.jpg","keywords":["Barn och skola","B\u00e5stad","B\u00e5stads kommun","F\u00f6rb\u00e4ttringsarbete"],"articleSection":["Presentation"],"inLanguage":"sv-SE"},{"@type":"WebPage","@id":"https:\/\/lararkarriar.se\/grundskola\/2020\/02\/11\/kollegialt-larande-i-bastad-ger-framgang\/","url":"https:\/\/lararkarriar.se\/grundskola\/2020\/02\/11\/kollegialt-larande-i-bastad-ger-framgang\/","name":"Kollegialt l\u00e4rande i B\u00e5stad ger framg\u00e5ng - Framtidens Karri\u00e4r \u2013 Grundskolel\u00e4rare","isPartOf":{"@id":"https:\/\/lararkarriar.se\/grundskola\/#website"},"primaryImageOfPage":{"@id":"https:\/\/lararkarriar.se\/grundskola\/2020\/02\/11\/kollegialt-larande-i-bastad-ger-framgang\/#primaryimage"},"image":{"@id":"https:\/\/lararkarriar.se\/grundskola\/2020\/02\/11\/kollegialt-larande-i-bastad-ger-framgang\/#primaryimage"},"thumbnailUrl":"https:\/\/lararkarriar.se\/grundskola\/wp-content\/uploads\/sites\/12\/2020\/02\/bastad-dsc1438.jpg","datePublished":"2020-02-11T15:24:07+00:00","dateModified":"2021-10-12T08:28:32+00:00","author":{"@id":"https:\/\/lararkarriar.se\/grundskola\/#\/schema\/person\/2a13a849ec7646386c2211f59afe3083"},"breadcrumb":{"@id":"https:\/\/lararkarriar.se\/grundskola\/2020\/02\/11\/kollegialt-larande-i-bastad-ger-framgang\/#breadcrumb"},"inLanguage":"sv-SE","potentialAction":[{"@type":"ReadAction","target":["https:\/\/lararkarriar.se\/grundskola\/2020\/02\/11\/kollegialt-larande-i-bastad-ger-framgang\/"]}]},{"@type":"ImageObject","inLanguage":"sv-SE","@id":"https:\/\/lararkarriar.se\/grundskola\/2020\/02\/11\/kollegialt-larande-i-bastad-ger-framgang\/#primaryimage","url":"https:\/\/lararkarriar.se\/grundskola\/wp-content\/uploads\/sites\/12\/2020\/02\/bastad-dsc1438.jpg","contentUrl":"https:\/\/lararkarriar.se\/grundskola\/wp-content\/uploads\/sites\/12\/2020\/02\/bastad-dsc1438.jpg","width":1000,"height":591,"caption":"Karin H\u00f6jman, l\u00e5gstadiel\u00e4rare, Inga-Britt Henriksson, skolchef, Marika Forsell, utvecklingsledare f\u00f6r Barn och skola och Susanne Kaczmarek, rektor f\u00f6r \u00d6stra Karups skola F\u20136. Foto: Andreas Svensson"},{"@type":"BreadcrumbList","@id":"https:\/\/lararkarriar.se\/grundskola\/2020\/02\/11\/kollegialt-larande-i-bastad-ger-framgang\/#breadcrumb","itemListElement":[{"@type":"ListItem","position":1,"name":"Home","item":"https:\/\/lararkarriar.se\/grundskola\/"},{"@type":"ListItem","position":2,"name":"Kollegialt l\u00e4rande i B\u00e5stad ger framg\u00e5ng"}]},{"@type":"WebSite","@id":"https:\/\/lararkarriar.se\/grundskola\/#website","url":"https:\/\/lararkarriar.se\/grundskola\/","name":"Framtidens Karri\u00e4r \u2013 Grundskolel\u00e4rare","description":"Just another NMDashboard.se Sites site","potentialAction":[{"@type":"SearchAction","target":{"@type":"EntryPoint","urlTemplate":"https:\/\/lararkarriar.se\/grundskola\/?s={search_term_string}"},"query-input":{"@type":"PropertyValueSpecification","valueRequired":true,"valueName":"search_term_string"}}],"inLanguage":"sv-SE"},{"@type":"Person","@id":"https:\/\/lararkarriar.se\/grundskola\/#\/schema\/person\/2a13a849ec7646386c2211f59afe3083","name":"viktorwallen","image":{"@type":"ImageObject","inLanguage":"sv-SE","@id":"https:\/\/secure.gravatar.com\/avatar\/701701bd36169636031933997c8c6b954f2f635bbb7cd4802e4a007f9c9f4e59?s=96&d=mm&r=g","url":"https:\/\/secure.gravatar.com\/avatar\/701701bd36169636031933997c8c6b954f2f635bbb7cd4802e4a007f9c9f4e59?s=96&d=mm&r=g","contentUrl":"https:\/\/secure.gravatar.com\/avatar\/701701bd36169636031933997c8c6b954f2f635bbb7cd4802e4a007f9c9f4e59?s=96&d=mm&r=g","caption":"viktorwallen"},"url":"https:\/\/lararkarriar.se\/grundskola\/author\/viktorwallen\/"}]}},"_links":{"self":[{"href":"https:\/\/lararkarriar.se\/grundskola\/wp-json\/wp\/v2\/posts\/6759","targetHints":{"allow":["GET"]}}],"collection":[{"href":"https:\/\/lararkarriar.se\/grundskola\/wp-json\/wp\/v2\/posts"}],"about":[{"href":"https:\/\/lararkarriar.se\/grundskola\/wp-json\/wp\/v2\/types\/post"}],"author":[{"embeddable":true,"href":"https:\/\/lararkarriar.se\/grundskola\/wp-json\/wp\/v2\/users\/2"}],"replies":[{"embeddable":true,"href":"https:\/\/lararkarriar.se\/grundskola\/wp-json\/wp\/v2\/comments?post=6759"}],"version-history":[{"count":5,"href":"https:\/\/lararkarriar.se\/grundskola\/wp-json\/wp\/v2\/posts\/6759\/revisions"}],"predecessor-version":[{"id":7263,"href":"https:\/\/lararkarriar.se\/grundskola\/wp-json\/wp\/v2\/posts\/6759\/revisions\/7263"}],"wp:featuredmedia":[{"embeddable":true,"href":"https:\/\/lararkarriar.se\/grundskola\/wp-json\/wp\/v2\/media\/6760"}],"wp:attachment":[{"href":"https:\/\/lararkarriar.se\/grundskola\/wp-json\/wp\/v2\/media?parent=6759"}],"wp:term":[{"taxonomy":"category","embeddable":true,"href":"https:\/\/lararkarriar.se\/grundskola\/wp-json\/wp\/v2\/categories?post=6759"},{"taxonomy":"post_tag","embeddable":true,"href":"https:\/\/lararkarriar.se\/grundskola\/wp-json\/wp\/v2\/tags?post=6759"}],"curies":[{"name":"wp","href":"https:\/\/api.w.org\/{rel}","templated":true}]}}