{"id":6768,"date":"2020-02-11T15:28:56","date_gmt":"2020-02-11T15:28:56","guid":{"rendered":"https:\/\/lararkarriar.se\/grundskola\/?p=6768"},"modified":"2021-10-12T08:28:44","modified_gmt":"2021-10-12T08:28:44","slug":"vi-ser-utmaningar-som-sprangbrador-for-utveckling","status":"publish","type":"post","link":"https:\/\/lararkarriar.se\/grundskola\/2020\/02\/11\/vi-ser-utmaningar-som-sprangbrador-for-utveckling\/","title":{"rendered":"Vi ser utmaningar som spr\u00e5ngbr\u00e4dor f\u00f6r utveckling"},"content":{"rendered":"\n<figure class=\"wp-block-image alignnone size-full wp-image-6770\"><img loading=\"lazy\" decoding=\"async\" width=\"1000\" height=\"659\" src=\"https:\/\/lararkarriar.se\/grundskola\/wp-content\/uploads\/sites\/12\/2020\/02\/hallsberg-framtidens-karriar-hallsberg-2.jpg\" alt=\"Filip Lindvall, fritids- och idrottsl\u00e4rare p\u00e5 L\u00e5ng\u00e4ngsskolan, Anna Edman, NO- och matematikl\u00e4rare p\u00e5 Fredriksbergsskolan, Veronie Lejonord, textilssl\u00f6jdsl\u00e4rare p\u00e5 Stocks\u00e4tter--skolan och Elin Kullman, svenskl\u00e4rare p\u00e5 Transtensskolan. Foto: Richard Str\u00f6m\" class=\"wp-image-6770\" srcset=\"https:\/\/lararkarriar.se\/grundskola\/wp-content\/uploads\/sites\/12\/2020\/02\/hallsberg-framtidens-karriar-hallsberg-2.jpg 1000w, https:\/\/lararkarriar.se\/grundskola\/wp-content\/uploads\/sites\/12\/2020\/02\/hallsberg-framtidens-karriar-hallsberg-2-300x198.jpg 300w, https:\/\/lararkarriar.se\/grundskola\/wp-content\/uploads\/sites\/12\/2020\/02\/hallsberg-framtidens-karriar-hallsberg-2-768x506.jpg 768w, https:\/\/lararkarriar.se\/grundskola\/wp-content\/uploads\/sites\/12\/2020\/02\/hallsberg-framtidens-karriar-hallsberg-2-243x160.jpg 243w, https:\/\/lararkarriar.se\/grundskola\/wp-content\/uploads\/sites\/12\/2020\/02\/hallsberg-framtidens-karriar-hallsberg-2-526x347.jpg 526w, https:\/\/lararkarriar.se\/grundskola\/wp-content\/uploads\/sites\/12\/2020\/02\/hallsberg-framtidens-karriar-hallsberg-2-720x474.jpg 720w, https:\/\/lararkarriar.se\/grundskola\/wp-content\/uploads\/sites\/12\/2020\/02\/hallsberg-framtidens-karriar-hallsberg-2-960x633.jpg 960w\" sizes=\"auto, (max-width: 1000px) 100vw, 1000px\" \/><figcaption>Filip Lindvall, fritids- och idrottsl\u00e4rare p\u00e5 L\u00e5ng\u00e4ngsskolan, Anna Edman, NO- och matematikl\u00e4rare p\u00e5 Fredriksbergsskolan, Veronie Lejonord, textilssl\u00f6jdsl\u00e4rare p\u00e5 Stocks\u00e4tter&#8211;skolan och Elin Kullman, svenskl\u00e4rare p\u00e5 Transtensskolan. Foto: Richard Str\u00f6m<\/figcaption><\/figure>\n\n\n\n<p><strong>I Hallsberg finns sju olika grundskolor d\u00e4r st\u00e4ndig f\u00f6rb\u00e4ttring l\u00f6per som en r\u00f6d tr\u00e5d genom verksamheten, och utmaningar blir till spr\u00e5ngbr\u00e4dor f\u00f6r utveckling. I botten finns en gemensam uppfattning om att uth\u00e5lligt och m\u00e5lmedvetet utvecklingsarbete l\u00f6nar sig i l\u00e4ngden.<\/strong><\/p>\n\n\n\n<p>Elin Kullman har haft en rad olika uppdrag under sina 15 \u00e5r som l\u00e4rare p\u00e5 Transtensskolan, en h\u00f6gstadieskola i centrala Hallsberg. Idag undervisar hon i svenska och \u00e4r \u00e4ven utvecklingsledare f\u00f6r ett av skolans arbetslag.<br>\u2013 Det \u00e4r en fantastisk skola med brett upptagningsomr\u00e5de och m\u00e5nga nyanl\u00e4nda. Jag trivs b\u00e5de med variationen och de yrkesm\u00e4ssiga utmaningarna som f\u00f6ljer i dess sp\u00e5r.<br>Hon f\u00e5r medh\u00e5ll av Veronie Lejonord, textilssl\u00f6jdsl\u00e4rare p\u00e5 Stocks\u00e4tterskolan, en F\u20136-skola i norra Hallsberg.<br>\u2013 Jag har arbetat inom skola och barnomsorg sedan 1981. F\u00f6r 15 \u00e5r sedan s\u00f6kte jag mig till Stocks\u00e4tterskolan och blev kvar.<br>Veronie kan liksom Elin se tillbaka p\u00e5 en stadig yrkesm\u00e4ssig utveckling.<br>\u2013 Idag har jag vid sidan av arbetet som sl\u00f6jdl\u00e4rare \u00e4ven ett uppdrag som f\u00f6rstel\u00e4rare och IKT-ansvarig i verksamheten.<\/p>\n\n\n\n<p class=\"has-color-gray-01-background-color has-background\"><strong><a title=\"Hallsbergs kommun pres jobb ans\u00f6k\" href=\"https:\/\/www.hallsberg.se\/arbete-och-naringsliv\/jobb-och-praktik\/sok-lediga-jobb.html\" target=\"_blank\" rel=\"noopener noreferrer\">Jobba som l\u00e4rare i Hallsberg. Se v\u00e5ra lediga tj\u00e4nster h\u00e4r<\/a><\/strong><\/p>\n\n\n\n<p><strong>Likv\u00e4rdighet<\/strong><br>Stocks\u00e4tterskolan var tidigt ute med anv\u00e4ndning av digitala verktyg i undervisningen.<br>\u2013 Vi har arbetat m\u00e5linriktat sedan 2007 och l\u00e4nge legat i framkant av den digitala skolutvecklingen.<br>Ett kvitto p\u00e5 det \u00e4r att skolan f\u00e5tt en f\u00f6rfr\u00e5gan om att bli en s\u00e5 kallad ADS-skola (Apple Distinguished School) som \u00e4r en utm\u00e4rkelse f\u00f6r skolor som uppfyller kriterier f\u00f6r innovation, ledarskap och f\u00f6rstklassig utbildning.<br>\u2013 Jag ser f\u00f6rfr\u00e5gan som ett erk\u00e4nnande av att vi, en skola med brett upptagningsomr\u00e5de, \u00e4nd\u00e5 lyckas n\u00e5 likv\u00e4rdighet inom omr\u00e5det och d\u00e4r alla elever f\u00e5r med sig dessa kunskaper, oavsett bakgrund, s\u00e4ger Veronie.<\/p>\n\n\n\n<p><strong>R\u00e4tt val<\/strong><br>Filip Lindvall, fritids- och idrottsl\u00e4rare p\u00e5 L\u00e5ng\u00e4ngsskolan \u00e4r fortfarande relativt ny i yrket.<br>\u2013 Jag tog min l\u00e4rarexamen v\u00e5ren 2019 och s\u00f6kte mig hit eftersom det \u00e4r en stor F\u20136-skola med utmaningar p\u00e5 m\u00e5nga olika plan. Jag ville arbeta i en verksamhet d\u00e4r jag skulle kunna vara med och p\u00e5verka.<br>Med facit i hand vet Filip att valet av skola blev helt r\u00e4tt.<br>\u2013 H\u00e4r finns en bra och inspirerande mix av l\u00e4rare och elever d\u00e4r jag kan vara med och forma verksamheten.<br>Kollegan Anna Edman har liknande erfarenheter. Hon b\u00f6rjade p\u00e5 Fredriksbergsskolan 2012 och \u00e4r idag NO- och matematikl\u00e4rare p\u00e5 mellanstadiet.<br>\u2013 \u00c4ven min skola har ett brett upptagningsomr\u00e5de d\u00e4r en del av eleverna \u00e4r nyanl\u00e4nda.<br>Anna s\u00e4ger att det visst kan vara tufft att ha elever med annat modersm\u00e5l, men att sv\u00e5righeterna blir till utmaningar som i det l\u00e4ngre perspektivet berikar undervisningen.<br>\u2013 Att hela tiden bedriva undervisning med utg\u00e5ngspunkt fr\u00e5n spr\u00e5kperspektivet \u00e4r utvecklande b\u00e5de f\u00f6r mig som l\u00e4rare och f\u00f6r eleverna.<\/p>\n\n\n\n<p><strong>Fr\u00e5n ord till handling<\/strong><br>Fredriksbergsskolan har ocks\u00e5 f\u00f6rdelen av att vara en liten skola.<br>\u2013 Vi har idag 160 elever, d\u00e4r alla k\u00e4nner alla. Det lilla formatet g\u00f6r att man som l\u00e4rare har n\u00e4ra till skolledningen och att det g\u00e5r snabbt fr\u00e5n beslut till handling.<br>Som f\u00f6rstel\u00e4rare och utvecklingsledare tar Anna aktiv del i skolans utveckling.<br>\u2013 F\u00f6rstel\u00e4raruppdraget \u00e4gnar jag \u00e5t matematikutveckling. Som utvecklingsledare ligger mitt fokus p\u00e5 l\u00e4rmilj\u00f6erna och differentiering av undervisningen s\u00e5 att den planeras efter de elever man har. Under de g\u00e5ngna \u00e5ren har jag f\u00e5tt st\u00e4ndigt nya utmaningar som f\u00e5tt mig att v\u00e4xa i min yrkesroll samtidigt som jag har varit med och drivit skolans utveckling.<br>I Hallsberg finns \u00e4ven ett v\u00e4lutvecklat kollegialt l\u00e4rande som ligger likt ett paraply \u00f6ver kommunens olika skolor.<br>\u2013 H\u00e4r finns en l\u00e4rande kultur som bidrar b\u00e5de till individuell kunskap och gemensamma f\u00f6rh\u00e5llningss\u00e4tt. Tycker man om det s\u00e5 ska man s\u00f6ka ett l\u00e4rarjobb i Hallsberg, fastsl\u00e5r de fyra kollegorna.<\/p>\n\n\n\n<p class=\"has-color-gray-01-background-color has-background\"><strong><a title=\"Hallsbergs kommun pres jobb ans\u00f6k\" href=\"https:\/\/www.hallsberg.se\/arbete-och-naringsliv\/jobb-och-praktik\/sok-lediga-jobb.html\" target=\"_blank\" rel=\"noopener noreferrer\">Jobba som l\u00e4rare i Hallsberg. Se v\u00e5ra lediga tj\u00e4nster h\u00e4r<\/a><\/strong><\/p>\n\n\n\n<div class=\"wp-block-group faktaruta\"><div class=\"wp-block-group__inner-container is-layout-flow wp-block-group-is-layout-flow\">\n<h6 class=\"wp-block-heading\">Hallsbergs kommun<\/h6>\n\n\n\n<p>I Hallsbergs kommun \u00e4r alla v\u00e4lkomna, oavsett vem man \u00e4r, var man kommer ifr\u00e5n och vart man \u00e4r p\u00e5 v\u00e4g. Hallsberg har bra kommunikationer, naturn\u00e4ra boende, bra f\u00f6rskola och grundskola samt gymnasium. Hallsberg befinner sig i ett expansivt l\u00e4ge med nyproduktion av bost\u00e4der samt etablering av nya f\u00f6retag. I kommunen bor cirka 16000 inv\u00e5nare.<\/p>\n\n\n\n<p><strong><a title=\"Hallsbergs kommun textlink\" href=\"https:\/\/www.hallsberg.se\/\" target=\"_blank\" rel=\"noopener noreferrer\">www.hallsberg.se<\/a><\/strong><br><br><a href=\"https:\/\/www.hallsberg.se\/\" title=\"Hallsbergs kommun logotype\" target=\"_blank\" rel=\"noreferrer noopener\"><img loading=\"lazy\" decoding=\"async\" width=\"150\" height=\"53\" class=\"wp-image-6774\" style=\"width: 150px;\" src=\"https:\/\/lararkarriar.se\/grundskola\/wp-content\/uploads\/sites\/12\/2020\/02\/hallsbergs-kommun-logo.png\" alt=\"\" srcset=\"https:\/\/lararkarriar.se\/grundskola\/wp-content\/uploads\/sites\/12\/2020\/02\/hallsbergs-kommun-logo.png 500w, https:\/\/lararkarriar.se\/grundskola\/wp-content\/uploads\/sites\/12\/2020\/02\/hallsbergs-kommun-logo-300x105.png 300w, https:\/\/lararkarriar.se\/grundskola\/wp-content\/uploads\/sites\/12\/2020\/02\/hallsbergs-kommun-logo-457x160.png 457w\" sizes=\"auto, (max-width: 150px) 100vw, 150px\" \/><\/a><\/p>\n<\/div><\/div>\n","protected":false},"excerpt":{"rendered":"<p>H\u00e4r l\u00f6per st\u00e4ndig f\u00f6rb\u00e4ttring som en r\u00f6d tr\u00e5d genom verksamheten<\/p>\n","protected":false},"author":2,"featured_media":6770,"comment_status":"closed","ping_status":"open","sticky":false,"template":"","format":"standard","meta":{"_acf_changed":false,"_monsterinsights_skip_tracking":false,"_monsterinsights_sitenote_active":false,"_monsterinsights_sitenote_note":"","_monsterinsights_sitenote_category":0,"footnotes":""},"categories":[7],"tags":[452,107,121,124,125,198],"class_list":["post-6768","post","type-post","status-publish","format-standard","has-post-thumbnail","hentry","category-presentation","tag-forbattringsarbete","tag-fredriksbergsskolan","tag-grundskola","tag-hallsberg","tag-hallsbergs-kommun","tag-langangsskolan"],"acf":[],"yoast_head":"<!-- This site is optimized with the Yoast SEO plugin v27.3 - https:\/\/yoast.com\/product\/yoast-seo-wordpress\/ -->\n<title>Vi ser utmaningar som spr\u00e5ngbr\u00e4dor f\u00f6r utveckling - Framtidens Karri\u00e4r \u2013 Grundskolel\u00e4rare<\/title>\n<meta name=\"robots\" content=\"index, follow, max-snippet:-1, max-image-preview:large, max-video-preview:-1\" \/>\n<link rel=\"canonical\" href=\"https:\/\/lararkarriar.se\/grundskola\/2020\/02\/11\/vi-ser-utmaningar-som-sprangbrador-for-utveckling\/\" \/>\n<meta property=\"og:locale\" content=\"sv_SE\" \/>\n<meta property=\"og:type\" content=\"article\" \/>\n<meta property=\"og:title\" content=\"Vi ser utmaningar som spr\u00e5ngbr\u00e4dor f\u00f6r utveckling - Framtidens Karri\u00e4r \u2013 Grundskolel\u00e4rare\" \/>\n<meta property=\"og:description\" content=\"H\u00e4r l\u00f6per st\u00e4ndig f\u00f6rb\u00e4ttring som en r\u00f6d tr\u00e5d genom verksamheten\" \/>\n<meta property=\"og:url\" content=\"https:\/\/lararkarriar.se\/grundskola\/2020\/02\/11\/vi-ser-utmaningar-som-sprangbrador-for-utveckling\/\" \/>\n<meta property=\"og:site_name\" content=\"Framtidens Karri\u00e4r \u2013 Grundskolel\u00e4rare\" \/>\n<meta property=\"article:published_time\" content=\"2020-02-11T15:28:56+00:00\" \/>\n<meta property=\"article:modified_time\" content=\"2021-10-12T08:28:44+00:00\" \/>\n<meta property=\"og:image\" content=\"https:\/\/lararkarriar.se\/grundskola\/wp-content\/uploads\/sites\/12\/2020\/02\/hallsberg-framtidens-karriar-hallsberg-2.jpg\" \/>\n\t<meta property=\"og:image:width\" content=\"1000\" \/>\n\t<meta property=\"og:image:height\" content=\"659\" \/>\n\t<meta property=\"og:image:type\" content=\"image\/jpeg\" \/>\n<meta name=\"author\" content=\"viktorwallen\" \/>\n<meta name=\"twitter:card\" content=\"summary_large_image\" \/>\n<meta name=\"twitter:label1\" content=\"Skriven av\" \/>\n\t<meta name=\"twitter:data1\" content=\"viktorwallen\" \/>\n\t<meta name=\"twitter:label2\" content=\"Ber\u00e4knad l\u00e4stid\" \/>\n\t<meta name=\"twitter:data2\" content=\"4 minuter\" \/>\n<script type=\"application\/ld+json\" class=\"yoast-schema-graph\">{\"@context\":\"https:\\\/\\\/schema.org\",\"@graph\":[{\"@type\":\"Article\",\"@id\":\"https:\\\/\\\/lararkarriar.se\\\/grundskola\\\/2020\\\/02\\\/11\\\/vi-ser-utmaningar-som-sprangbrador-for-utveckling\\\/#article\",\"isPartOf\":{\"@id\":\"https:\\\/\\\/lararkarriar.se\\\/grundskola\\\/2020\\\/02\\\/11\\\/vi-ser-utmaningar-som-sprangbrador-for-utveckling\\\/\"},\"author\":{\"name\":\"viktorwallen\",\"@id\":\"https:\\\/\\\/lararkarriar.se\\\/grundskola\\\/#\\\/schema\\\/person\\\/2a13a849ec7646386c2211f59afe3083\"},\"headline\":\"Vi ser utmaningar som spr\u00e5ngbr\u00e4dor f\u00f6r utveckling\",\"datePublished\":\"2020-02-11T15:28:56+00:00\",\"dateModified\":\"2021-10-12T08:28:44+00:00\",\"mainEntityOfPage\":{\"@id\":\"https:\\\/\\\/lararkarriar.se\\\/grundskola\\\/2020\\\/02\\\/11\\\/vi-ser-utmaningar-som-sprangbrador-for-utveckling\\\/\"},\"wordCount\":831,\"image\":{\"@id\":\"https:\\\/\\\/lararkarriar.se\\\/grundskola\\\/2020\\\/02\\\/11\\\/vi-ser-utmaningar-som-sprangbrador-for-utveckling\\\/#primaryimage\"},\"thumbnailUrl\":\"https:\\\/\\\/lararkarriar.se\\\/grundskola\\\/wp-content\\\/uploads\\\/sites\\\/12\\\/2020\\\/02\\\/hallsberg-framtidens-karriar-hallsberg-2.jpg\",\"keywords\":[\"F\u00f6rb\u00e4ttringsarbete\",\"Fredriksbergsskolan\",\"Grundskola\",\"Hallsberg\",\"Hallsbergs kommun\",\"L\u00e5ng\u00e4ngsskolan\"],\"articleSection\":[\"Presentation\"],\"inLanguage\":\"sv-SE\"},{\"@type\":\"WebPage\",\"@id\":\"https:\\\/\\\/lararkarriar.se\\\/grundskola\\\/2020\\\/02\\\/11\\\/vi-ser-utmaningar-som-sprangbrador-for-utveckling\\\/\",\"url\":\"https:\\\/\\\/lararkarriar.se\\\/grundskola\\\/2020\\\/02\\\/11\\\/vi-ser-utmaningar-som-sprangbrador-for-utveckling\\\/\",\"name\":\"Vi ser utmaningar som spr\u00e5ngbr\u00e4dor f\u00f6r utveckling - Framtidens Karri\u00e4r \u2013 Grundskolel\u00e4rare\",\"isPartOf\":{\"@id\":\"https:\\\/\\\/lararkarriar.se\\\/grundskola\\\/#website\"},\"primaryImageOfPage\":{\"@id\":\"https:\\\/\\\/lararkarriar.se\\\/grundskola\\\/2020\\\/02\\\/11\\\/vi-ser-utmaningar-som-sprangbrador-for-utveckling\\\/#primaryimage\"},\"image\":{\"@id\":\"https:\\\/\\\/lararkarriar.se\\\/grundskola\\\/2020\\\/02\\\/11\\\/vi-ser-utmaningar-som-sprangbrador-for-utveckling\\\/#primaryimage\"},\"thumbnailUrl\":\"https:\\\/\\\/lararkarriar.se\\\/grundskola\\\/wp-content\\\/uploads\\\/sites\\\/12\\\/2020\\\/02\\\/hallsberg-framtidens-karriar-hallsberg-2.jpg\",\"datePublished\":\"2020-02-11T15:28:56+00:00\",\"dateModified\":\"2021-10-12T08:28:44+00:00\",\"author\":{\"@id\":\"https:\\\/\\\/lararkarriar.se\\\/grundskola\\\/#\\\/schema\\\/person\\\/2a13a849ec7646386c2211f59afe3083\"},\"breadcrumb\":{\"@id\":\"https:\\\/\\\/lararkarriar.se\\\/grundskola\\\/2020\\\/02\\\/11\\\/vi-ser-utmaningar-som-sprangbrador-for-utveckling\\\/#breadcrumb\"},\"inLanguage\":\"sv-SE\",\"potentialAction\":[{\"@type\":\"ReadAction\",\"target\":[\"https:\\\/\\\/lararkarriar.se\\\/grundskola\\\/2020\\\/02\\\/11\\\/vi-ser-utmaningar-som-sprangbrador-for-utveckling\\\/\"]}]},{\"@type\":\"ImageObject\",\"inLanguage\":\"sv-SE\",\"@id\":\"https:\\\/\\\/lararkarriar.se\\\/grundskola\\\/2020\\\/02\\\/11\\\/vi-ser-utmaningar-som-sprangbrador-for-utveckling\\\/#primaryimage\",\"url\":\"https:\\\/\\\/lararkarriar.se\\\/grundskola\\\/wp-content\\\/uploads\\\/sites\\\/12\\\/2020\\\/02\\\/hallsberg-framtidens-karriar-hallsberg-2.jpg\",\"contentUrl\":\"https:\\\/\\\/lararkarriar.se\\\/grundskola\\\/wp-content\\\/uploads\\\/sites\\\/12\\\/2020\\\/02\\\/hallsberg-framtidens-karriar-hallsberg-2.jpg\",\"width\":1000,\"height\":659,\"caption\":\"Filip Lindvall, fritids- och idrottsl\u00e4rare p\u00e5 L\u00e5ng\u00e4ngsskolan, Anna Edman, NO- och matematikl\u00e4rare p\u00e5 Fredriksbergsskolan, Veronie Lejonord, textilssl\u00f6jdsl\u00e4rare p\u00e5 Stocks\u00e4tter--skolan och Elin Kullman, svenskl\u00e4rare p\u00e5 Transtensskolan. Foto: Richard Str\u00f6m\"},{\"@type\":\"BreadcrumbList\",\"@id\":\"https:\\\/\\\/lararkarriar.se\\\/grundskola\\\/2020\\\/02\\\/11\\\/vi-ser-utmaningar-som-sprangbrador-for-utveckling\\\/#breadcrumb\",\"itemListElement\":[{\"@type\":\"ListItem\",\"position\":1,\"name\":\"Home\",\"item\":\"https:\\\/\\\/lararkarriar.se\\\/grundskola\\\/\"},{\"@type\":\"ListItem\",\"position\":2,\"name\":\"Vi ser utmaningar som spr\u00e5ngbr\u00e4dor f\u00f6r utveckling\"}]},{\"@type\":\"WebSite\",\"@id\":\"https:\\\/\\\/lararkarriar.se\\\/grundskola\\\/#website\",\"url\":\"https:\\\/\\\/lararkarriar.se\\\/grundskola\\\/\",\"name\":\"Framtidens Karri\u00e4r \u2013 Grundskolel\u00e4rare\",\"description\":\"Just another NMDashboard.se Sites site\",\"potentialAction\":[{\"@type\":\"SearchAction\",\"target\":{\"@type\":\"EntryPoint\",\"urlTemplate\":\"https:\\\/\\\/lararkarriar.se\\\/grundskola\\\/?s={search_term_string}\"},\"query-input\":{\"@type\":\"PropertyValueSpecification\",\"valueRequired\":true,\"valueName\":\"search_term_string\"}}],\"inLanguage\":\"sv-SE\"},{\"@type\":\"Person\",\"@id\":\"https:\\\/\\\/lararkarriar.se\\\/grundskola\\\/#\\\/schema\\\/person\\\/2a13a849ec7646386c2211f59afe3083\",\"name\":\"viktorwallen\",\"image\":{\"@type\":\"ImageObject\",\"inLanguage\":\"sv-SE\",\"@id\":\"https:\\\/\\\/secure.gravatar.com\\\/avatar\\\/701701bd36169636031933997c8c6b954f2f635bbb7cd4802e4a007f9c9f4e59?s=96&d=mm&r=g\",\"url\":\"https:\\\/\\\/secure.gravatar.com\\\/avatar\\\/701701bd36169636031933997c8c6b954f2f635bbb7cd4802e4a007f9c9f4e59?s=96&d=mm&r=g\",\"contentUrl\":\"https:\\\/\\\/secure.gravatar.com\\\/avatar\\\/701701bd36169636031933997c8c6b954f2f635bbb7cd4802e4a007f9c9f4e59?s=96&d=mm&r=g\",\"caption\":\"viktorwallen\"},\"url\":\"https:\\\/\\\/lararkarriar.se\\\/grundskola\\\/author\\\/viktorwallen\\\/\"}]}<\/script>\n<!-- \/ Yoast SEO plugin. -->","yoast_head_json":{"title":"Vi ser utmaningar som spr\u00e5ngbr\u00e4dor f\u00f6r utveckling - Framtidens Karri\u00e4r \u2013 Grundskolel\u00e4rare","robots":{"index":"index","follow":"follow","max-snippet":"max-snippet:-1","max-image-preview":"max-image-preview:large","max-video-preview":"max-video-preview:-1"},"canonical":"https:\/\/lararkarriar.se\/grundskola\/2020\/02\/11\/vi-ser-utmaningar-som-sprangbrador-for-utveckling\/","og_locale":"sv_SE","og_type":"article","og_title":"Vi ser utmaningar som spr\u00e5ngbr\u00e4dor f\u00f6r utveckling - Framtidens Karri\u00e4r \u2013 Grundskolel\u00e4rare","og_description":"H\u00e4r l\u00f6per st\u00e4ndig f\u00f6rb\u00e4ttring som en r\u00f6d tr\u00e5d genom verksamheten","og_url":"https:\/\/lararkarriar.se\/grundskola\/2020\/02\/11\/vi-ser-utmaningar-som-sprangbrador-for-utveckling\/","og_site_name":"Framtidens Karri\u00e4r \u2013 Grundskolel\u00e4rare","article_published_time":"2020-02-11T15:28:56+00:00","article_modified_time":"2021-10-12T08:28:44+00:00","og_image":[{"width":1000,"height":659,"url":"https:\/\/lararkarriar.se\/grundskola\/wp-content\/uploads\/sites\/12\/2020\/02\/hallsberg-framtidens-karriar-hallsberg-2.jpg","type":"image\/jpeg"}],"author":"viktorwallen","twitter_card":"summary_large_image","twitter_misc":{"Skriven av":"viktorwallen","Ber\u00e4knad l\u00e4stid":"4 minuter"},"schema":{"@context":"https:\/\/schema.org","@graph":[{"@type":"Article","@id":"https:\/\/lararkarriar.se\/grundskola\/2020\/02\/11\/vi-ser-utmaningar-som-sprangbrador-for-utveckling\/#article","isPartOf":{"@id":"https:\/\/lararkarriar.se\/grundskola\/2020\/02\/11\/vi-ser-utmaningar-som-sprangbrador-for-utveckling\/"},"author":{"name":"viktorwallen","@id":"https:\/\/lararkarriar.se\/grundskola\/#\/schema\/person\/2a13a849ec7646386c2211f59afe3083"},"headline":"Vi ser utmaningar som spr\u00e5ngbr\u00e4dor f\u00f6r utveckling","datePublished":"2020-02-11T15:28:56+00:00","dateModified":"2021-10-12T08:28:44+00:00","mainEntityOfPage":{"@id":"https:\/\/lararkarriar.se\/grundskola\/2020\/02\/11\/vi-ser-utmaningar-som-sprangbrador-for-utveckling\/"},"wordCount":831,"image":{"@id":"https:\/\/lararkarriar.se\/grundskola\/2020\/02\/11\/vi-ser-utmaningar-som-sprangbrador-for-utveckling\/#primaryimage"},"thumbnailUrl":"https:\/\/lararkarriar.se\/grundskola\/wp-content\/uploads\/sites\/12\/2020\/02\/hallsberg-framtidens-karriar-hallsberg-2.jpg","keywords":["F\u00f6rb\u00e4ttringsarbete","Fredriksbergsskolan","Grundskola","Hallsberg","Hallsbergs kommun","L\u00e5ng\u00e4ngsskolan"],"articleSection":["Presentation"],"inLanguage":"sv-SE"},{"@type":"WebPage","@id":"https:\/\/lararkarriar.se\/grundskola\/2020\/02\/11\/vi-ser-utmaningar-som-sprangbrador-for-utveckling\/","url":"https:\/\/lararkarriar.se\/grundskola\/2020\/02\/11\/vi-ser-utmaningar-som-sprangbrador-for-utveckling\/","name":"Vi ser utmaningar som spr\u00e5ngbr\u00e4dor f\u00f6r utveckling - Framtidens Karri\u00e4r \u2013 Grundskolel\u00e4rare","isPartOf":{"@id":"https:\/\/lararkarriar.se\/grundskola\/#website"},"primaryImageOfPage":{"@id":"https:\/\/lararkarriar.se\/grundskola\/2020\/02\/11\/vi-ser-utmaningar-som-sprangbrador-for-utveckling\/#primaryimage"},"image":{"@id":"https:\/\/lararkarriar.se\/grundskola\/2020\/02\/11\/vi-ser-utmaningar-som-sprangbrador-for-utveckling\/#primaryimage"},"thumbnailUrl":"https:\/\/lararkarriar.se\/grundskola\/wp-content\/uploads\/sites\/12\/2020\/02\/hallsberg-framtidens-karriar-hallsberg-2.jpg","datePublished":"2020-02-11T15:28:56+00:00","dateModified":"2021-10-12T08:28:44+00:00","author":{"@id":"https:\/\/lararkarriar.se\/grundskola\/#\/schema\/person\/2a13a849ec7646386c2211f59afe3083"},"breadcrumb":{"@id":"https:\/\/lararkarriar.se\/grundskola\/2020\/02\/11\/vi-ser-utmaningar-som-sprangbrador-for-utveckling\/#breadcrumb"},"inLanguage":"sv-SE","potentialAction":[{"@type":"ReadAction","target":["https:\/\/lararkarriar.se\/grundskola\/2020\/02\/11\/vi-ser-utmaningar-som-sprangbrador-for-utveckling\/"]}]},{"@type":"ImageObject","inLanguage":"sv-SE","@id":"https:\/\/lararkarriar.se\/grundskola\/2020\/02\/11\/vi-ser-utmaningar-som-sprangbrador-for-utveckling\/#primaryimage","url":"https:\/\/lararkarriar.se\/grundskola\/wp-content\/uploads\/sites\/12\/2020\/02\/hallsberg-framtidens-karriar-hallsberg-2.jpg","contentUrl":"https:\/\/lararkarriar.se\/grundskola\/wp-content\/uploads\/sites\/12\/2020\/02\/hallsberg-framtidens-karriar-hallsberg-2.jpg","width":1000,"height":659,"caption":"Filip Lindvall, fritids- och idrottsl\u00e4rare p\u00e5 L\u00e5ng\u00e4ngsskolan, Anna Edman, NO- och matematikl\u00e4rare p\u00e5 Fredriksbergsskolan, Veronie Lejonord, textilssl\u00f6jdsl\u00e4rare p\u00e5 Stocks\u00e4tter--skolan och Elin Kullman, svenskl\u00e4rare p\u00e5 Transtensskolan. Foto: Richard Str\u00f6m"},{"@type":"BreadcrumbList","@id":"https:\/\/lararkarriar.se\/grundskola\/2020\/02\/11\/vi-ser-utmaningar-som-sprangbrador-for-utveckling\/#breadcrumb","itemListElement":[{"@type":"ListItem","position":1,"name":"Home","item":"https:\/\/lararkarriar.se\/grundskola\/"},{"@type":"ListItem","position":2,"name":"Vi ser utmaningar som spr\u00e5ngbr\u00e4dor f\u00f6r utveckling"}]},{"@type":"WebSite","@id":"https:\/\/lararkarriar.se\/grundskola\/#website","url":"https:\/\/lararkarriar.se\/grundskola\/","name":"Framtidens Karri\u00e4r \u2013 Grundskolel\u00e4rare","description":"Just another NMDashboard.se Sites site","potentialAction":[{"@type":"SearchAction","target":{"@type":"EntryPoint","urlTemplate":"https:\/\/lararkarriar.se\/grundskola\/?s={search_term_string}"},"query-input":{"@type":"PropertyValueSpecification","valueRequired":true,"valueName":"search_term_string"}}],"inLanguage":"sv-SE"},{"@type":"Person","@id":"https:\/\/lararkarriar.se\/grundskola\/#\/schema\/person\/2a13a849ec7646386c2211f59afe3083","name":"viktorwallen","image":{"@type":"ImageObject","inLanguage":"sv-SE","@id":"https:\/\/secure.gravatar.com\/avatar\/701701bd36169636031933997c8c6b954f2f635bbb7cd4802e4a007f9c9f4e59?s=96&d=mm&r=g","url":"https:\/\/secure.gravatar.com\/avatar\/701701bd36169636031933997c8c6b954f2f635bbb7cd4802e4a007f9c9f4e59?s=96&d=mm&r=g","contentUrl":"https:\/\/secure.gravatar.com\/avatar\/701701bd36169636031933997c8c6b954f2f635bbb7cd4802e4a007f9c9f4e59?s=96&d=mm&r=g","caption":"viktorwallen"},"url":"https:\/\/lararkarriar.se\/grundskola\/author\/viktorwallen\/"}]}},"_links":{"self":[{"href":"https:\/\/lararkarriar.se\/grundskola\/wp-json\/wp\/v2\/posts\/6768","targetHints":{"allow":["GET"]}}],"collection":[{"href":"https:\/\/lararkarriar.se\/grundskola\/wp-json\/wp\/v2\/posts"}],"about":[{"href":"https:\/\/lararkarriar.se\/grundskola\/wp-json\/wp\/v2\/types\/post"}],"author":[{"embeddable":true,"href":"https:\/\/lararkarriar.se\/grundskola\/wp-json\/wp\/v2\/users\/2"}],"replies":[{"embeddable":true,"href":"https:\/\/lararkarriar.se\/grundskola\/wp-json\/wp\/v2\/comments?post=6768"}],"version-history":[{"count":5,"href":"https:\/\/lararkarriar.se\/grundskola\/wp-json\/wp\/v2\/posts\/6768\/revisions"}],"predecessor-version":[{"id":7267,"href":"https:\/\/lararkarriar.se\/grundskola\/wp-json\/wp\/v2\/posts\/6768\/revisions\/7267"}],"wp:featuredmedia":[{"embeddable":true,"href":"https:\/\/lararkarriar.se\/grundskola\/wp-json\/wp\/v2\/media\/6770"}],"wp:attachment":[{"href":"https:\/\/lararkarriar.se\/grundskola\/wp-json\/wp\/v2\/media?parent=6768"}],"wp:term":[{"taxonomy":"category","embeddable":true,"href":"https:\/\/lararkarriar.se\/grundskola\/wp-json\/wp\/v2\/categories?post=6768"},{"taxonomy":"post_tag","embeddable":true,"href":"https:\/\/lararkarriar.se\/grundskola\/wp-json\/wp\/v2\/tags?post=6768"}],"curies":[{"name":"wp","href":"https:\/\/api.w.org\/{rel}","templated":true}]}}