{"id":6773,"date":"2020-02-11T15:16:17","date_gmt":"2020-02-11T15:16:17","guid":{"rendered":"https:\/\/lararkarriar.se\/grundskola\/?p=6773"},"modified":"2020-11-10T11:32:24","modified_gmt":"2020-11-10T11:32:24","slug":"grundskolans-digitaliseringsarbete-bor-baseras-pa-likvardighet","status":"publish","type":"post","link":"https:\/\/lararkarriar.se\/grundskola\/2020\/02\/11\/grundskolans-digitaliseringsarbete-bor-baseras-pa-likvardighet\/","title":{"rendered":"Grundskolans digitaliseringsarbete b\u00f6r baseras p\u00e5 likv\u00e4rdighet"},"content":{"rendered":"\n<figure class=\"wp-block-image alignnone size-full wp-image-6775\"><img loading=\"lazy\" decoding=\"async\" width=\"1000\" height=\"642\" src=\"https:\/\/lararkarriar.se\/grundskola\/wp-content\/uploads\/sites\/12\/2020\/02\/trollhattan-pressbild-per-hellmark-2020-farg.jpg\" alt=\"Per Hellmark, verksamhetschef f\u00f6r grundskolan i Trollh\u00e4ttans Stad.\" class=\"wp-image-6775\" srcset=\"https:\/\/lararkarriar.se\/grundskola\/wp-content\/uploads\/sites\/12\/2020\/02\/trollhattan-pressbild-per-hellmark-2020-farg.jpg 1000w, https:\/\/lararkarriar.se\/grundskola\/wp-content\/uploads\/sites\/12\/2020\/02\/trollhattan-pressbild-per-hellmark-2020-farg-300x193.jpg 300w, https:\/\/lararkarriar.se\/grundskola\/wp-content\/uploads\/sites\/12\/2020\/02\/trollhattan-pressbild-per-hellmark-2020-farg-768x493.jpg 768w, https:\/\/lararkarriar.se\/grundskola\/wp-content\/uploads\/sites\/12\/2020\/02\/trollhattan-pressbild-per-hellmark-2020-farg-249x160.jpg 249w, https:\/\/lararkarriar.se\/grundskola\/wp-content\/uploads\/sites\/12\/2020\/02\/trollhattan-pressbild-per-hellmark-2020-farg-526x338.jpg 526w, https:\/\/lararkarriar.se\/grundskola\/wp-content\/uploads\/sites\/12\/2020\/02\/trollhattan-pressbild-per-hellmark-2020-farg-720x462.jpg 720w, https:\/\/lararkarriar.se\/grundskola\/wp-content\/uploads\/sites\/12\/2020\/02\/trollhattan-pressbild-per-hellmark-2020-farg-960x616.jpg 960w\" sizes=\"auto, (max-width: 1000px) 100vw, 1000px\" \/><figcaption>Per Hellmark, verksamhetschef f\u00f6r grundskolan i Trollh\u00e4ttans Stad.<\/figcaption><\/figure>\n\n\n\n<p><strong>2019 vann Trollh\u00e4ttans Stad Guldtrappan, en utm\u00e4rkelse f\u00f6r kommuner som arbetar framg\u00e5ngsrikt och l\u00e5ngsiktigt med att utveckla elevers digitala kompetens. Digitaliseringsarbetet i kommunens grundskolor utg\u00e5r fr\u00e5n en tydlig strategi med v\u00e4ldefinierade m\u00e5l. <\/strong><\/p>\n\n\n\n<p>Guldtrappan tilldelas skolhuvudm\u00e4n som arbetar framg\u00e5ngsrikt och l\u00e5ngsiktigt utifr\u00e5n styrdokumenten f\u00f6r elevers goda kunskaper, digitala kompetens och personliga utveckling i skolan.<br>\u2013 Utg\u00e5ngspunkten f\u00f6r v\u00e5rt l\u00e5ngsiktiga digitaliseringsarbete \u00e4r att v\u00e5ra elevers framtid \u00e4r digital och att vi d\u00e4rf\u00f6r beh\u00f6ver rusta framtidens medborgare f\u00f6r en alltmer digitaliserad v\u00e4rld. Vi inledde v\u00e5rt arbete med att inventera det befintliga digitaliseringsarbetet p\u00e5 samtliga grundskolor i kommunen. Vi s\u00e5g stora variationer i hur l\u00e5ngt skolorna kommit i sitt arbete och best\u00e4mde oss d\u00e4rf\u00f6r f\u00f6r att skapa likv\u00e4rdiga digitaliseringsf\u00f6ruts\u00e4ttningar f\u00f6r samtliga elever, oavsett skola, s\u00e4ger Per Hellmark, verksamhetschef f\u00f6r grundskolan i Trollh\u00e4ttans Stad.<\/p>\n\n\n\n<p><strong>St\u00e4rker rektorernas kompetens<\/strong><br>\u2013 L\u00e4s\u00e5ret 2018\/2019 utvecklade och implementerade vi en l\u00e4rmodul med fokus p\u00e5 digital kompetens. L\u00e4rmodulen omfattar samtliga l\u00e4rare i kommunen. Vi har \u00e4ven utbildat samtliga matte- och NO-l\u00e4rare samt de flesta F\u20136-l\u00e4rare i programmering, och satsar nu p\u00e5 att st\u00e4rka rektorernas digitaliseringskompetens. Det ser vi som avg\u00f6rande f\u00f6r att de ska kunna leda framtidens digitaliseringssatsningar. Under f\u00f6reg\u00e5ende l\u00e4s\u00e5r ledde samtliga rektorer arbetet med att kompetensutveckla sin personal utifr\u00e5n en omarbetad modell fr\u00e5n Skolverket, s\u00e4ger Per Hellmark.<br>En av Trollh\u00e4ttans fr\u00e4msta framg\u00e5ngsfaktorer \u00e4r, enligt Per Hellmark, att rektorerna tidigt engagerades som pedagogiska ledare i arbetet med att utveckla digital kompetens.<\/p>\n\n\n\n<blockquote class=\"wp-block-quote is-layout-flow wp-block-quote-is-layout-flow\"><p>&#8221;Satsa p\u00e5 en tydlig och enkel m\u00e5lformulering som alla kommer ih\u00e5g&#8221;<\/p><\/blockquote>\n\n\n\n<p><strong>Vinner i l\u00e4ngden<\/strong><br>Hans r\u00e5d till andra kommuner \u00e4r att genomf\u00f6ra en ordentlig nul\u00e4gesanalys f\u00f6r att kunna identifiera var kommunens skolor befinner sig i sitt digitaliseringsarbete. Det g\u00e4ller att t\u00e4nka strategiskt fr\u00e5n dag ett och v\u00e5ga formulera en tydlig m\u00e5lbild som kommuniceras brett.<br>\u2013 Satsa p\u00e5 en tydlig och enkel m\u00e5lformulering som alla kommer ih\u00e5g och som l\u00e4rarna har med sig i sitt dagliga arbete. Ytterligare ett r\u00e5d \u00e4r att inte dra ner p\u00e5 digitaliseringssatsningar om kommunens ekonomiska f\u00f6ruts\u00e4ttningar f\u00f6r\u00e4ndras. Satsa ist\u00e4llet p\u00e5 att anpassa satsningen utifr\u00e5n kommunens aktuella ekonomiska f\u00f6ruts\u00e4ttningar, s\u00e4ger Per Hellmark.<\/p>\n","protected":false},"excerpt":{"rendered":"<p>2019 vann Trollh\u00e4ttans Stad Guldtrappan.<\/p>\n","protected":false},"author":2,"featured_media":6775,"comment_status":"closed","ping_status":"open","sticky":false,"template":"","format":"standard","meta":{"_acf_changed":false,"_monsterinsights_skip_tracking":false,"_monsterinsights_sitenote_active":false,"_monsterinsights_sitenote_note":"","_monsterinsights_sitenote_category":0,"footnotes":""},"categories":[1],"tags":[68,69,453,452,123,172,221,403],"class_list":["post-6773","post","type-post","status-publish","format-standard","has-post-thumbnail","hentry","category-artikel","tag-digitalisering","tag-digitaliseringsarbete","tag-digitalt","tag-forbattringsarbete","tag-guldtrappan","tag-kompetens","tag-likvardighet","tag-trollhattans-stad"],"acf":[],"yoast_head":"<!-- This site is optimized with the Yoast SEO plugin v27.3 - https:\/\/yoast.com\/product\/yoast-seo-wordpress\/ -->\n<title>Grundskolans digitaliseringsarbete b\u00f6r baseras p\u00e5 likv\u00e4rdighet - Framtidens Karri\u00e4r \u2013 Grundskolel\u00e4rare<\/title>\n<meta name=\"robots\" content=\"index, follow, max-snippet:-1, max-image-preview:large, max-video-preview:-1\" \/>\n<link rel=\"canonical\" href=\"https:\/\/lararkarriar.se\/grundskola\/2020\/02\/11\/grundskolans-digitaliseringsarbete-bor-baseras-pa-likvardighet\/\" \/>\n<meta property=\"og:locale\" content=\"sv_SE\" \/>\n<meta property=\"og:type\" content=\"article\" \/>\n<meta property=\"og:title\" content=\"Grundskolans digitaliseringsarbete b\u00f6r baseras p\u00e5 likv\u00e4rdighet - Framtidens Karri\u00e4r \u2013 Grundskolel\u00e4rare\" \/>\n<meta property=\"og:description\" content=\"2019 vann Trollh\u00e4ttans Stad Guldtrappan.\" \/>\n<meta property=\"og:url\" content=\"https:\/\/lararkarriar.se\/grundskola\/2020\/02\/11\/grundskolans-digitaliseringsarbete-bor-baseras-pa-likvardighet\/\" \/>\n<meta property=\"og:site_name\" content=\"Framtidens Karri\u00e4r \u2013 Grundskolel\u00e4rare\" \/>\n<meta property=\"article:published_time\" content=\"2020-02-11T15:16:17+00:00\" \/>\n<meta property=\"article:modified_time\" content=\"2020-11-10T11:32:24+00:00\" \/>\n<meta property=\"og:image\" content=\"https:\/\/lararkarriar.se\/grundskola\/wp-content\/uploads\/sites\/12\/2020\/02\/trollhattan-pressbild-per-hellmark-2020-farg.jpg\" \/>\n\t<meta property=\"og:image:width\" content=\"1000\" \/>\n\t<meta property=\"og:image:height\" content=\"642\" \/>\n\t<meta property=\"og:image:type\" content=\"image\/jpeg\" \/>\n<meta name=\"author\" content=\"viktorwallen\" \/>\n<meta name=\"twitter:card\" content=\"summary_large_image\" \/>\n<meta name=\"twitter:label1\" content=\"Skriven av\" \/>\n\t<meta name=\"twitter:data1\" content=\"viktorwallen\" \/>\n\t<meta name=\"twitter:label2\" content=\"Ber\u00e4knad l\u00e4stid\" \/>\n\t<meta name=\"twitter:data2\" content=\"2 minuter\" \/>\n<script type=\"application\/ld+json\" class=\"yoast-schema-graph\">{\"@context\":\"https:\\\/\\\/schema.org\",\"@graph\":[{\"@type\":\"Article\",\"@id\":\"https:\\\/\\\/lararkarriar.se\\\/grundskola\\\/2020\\\/02\\\/11\\\/grundskolans-digitaliseringsarbete-bor-baseras-pa-likvardighet\\\/#article\",\"isPartOf\":{\"@id\":\"https:\\\/\\\/lararkarriar.se\\\/grundskola\\\/2020\\\/02\\\/11\\\/grundskolans-digitaliseringsarbete-bor-baseras-pa-likvardighet\\\/\"},\"author\":{\"name\":\"viktorwallen\",\"@id\":\"https:\\\/\\\/lararkarriar.se\\\/grundskola\\\/#\\\/schema\\\/person\\\/2a13a849ec7646386c2211f59afe3083\"},\"headline\":\"Grundskolans digitaliseringsarbete b\u00f6r baseras p\u00e5 likv\u00e4rdighet\",\"datePublished\":\"2020-02-11T15:16:17+00:00\",\"dateModified\":\"2020-11-10T11:32:24+00:00\",\"mainEntityOfPage\":{\"@id\":\"https:\\\/\\\/lararkarriar.se\\\/grundskola\\\/2020\\\/02\\\/11\\\/grundskolans-digitaliseringsarbete-bor-baseras-pa-likvardighet\\\/\"},\"wordCount\":434,\"image\":{\"@id\":\"https:\\\/\\\/lararkarriar.se\\\/grundskola\\\/2020\\\/02\\\/11\\\/grundskolans-digitaliseringsarbete-bor-baseras-pa-likvardighet\\\/#primaryimage\"},\"thumbnailUrl\":\"https:\\\/\\\/lararkarriar.se\\\/grundskola\\\/wp-content\\\/uploads\\\/sites\\\/12\\\/2020\\\/02\\\/trollhattan-pressbild-per-hellmark-2020-farg.jpg\",\"keywords\":[\"Digitalisering\",\"Digitaliseringsarbete\",\"Digitalt\",\"F\u00f6rb\u00e4ttringsarbete\",\"Guldtrappan\",\"Kompetens\",\"Likv\u00e4rdighet\",\"Trollh\u00e4ttans Stad\"],\"articleSection\":[\"Artikel\"],\"inLanguage\":\"sv-SE\"},{\"@type\":\"WebPage\",\"@id\":\"https:\\\/\\\/lararkarriar.se\\\/grundskola\\\/2020\\\/02\\\/11\\\/grundskolans-digitaliseringsarbete-bor-baseras-pa-likvardighet\\\/\",\"url\":\"https:\\\/\\\/lararkarriar.se\\\/grundskola\\\/2020\\\/02\\\/11\\\/grundskolans-digitaliseringsarbete-bor-baseras-pa-likvardighet\\\/\",\"name\":\"Grundskolans digitaliseringsarbete b\u00f6r baseras p\u00e5 likv\u00e4rdighet - Framtidens Karri\u00e4r \u2013 Grundskolel\u00e4rare\",\"isPartOf\":{\"@id\":\"https:\\\/\\\/lararkarriar.se\\\/grundskola\\\/#website\"},\"primaryImageOfPage\":{\"@id\":\"https:\\\/\\\/lararkarriar.se\\\/grundskola\\\/2020\\\/02\\\/11\\\/grundskolans-digitaliseringsarbete-bor-baseras-pa-likvardighet\\\/#primaryimage\"},\"image\":{\"@id\":\"https:\\\/\\\/lararkarriar.se\\\/grundskola\\\/2020\\\/02\\\/11\\\/grundskolans-digitaliseringsarbete-bor-baseras-pa-likvardighet\\\/#primaryimage\"},\"thumbnailUrl\":\"https:\\\/\\\/lararkarriar.se\\\/grundskola\\\/wp-content\\\/uploads\\\/sites\\\/12\\\/2020\\\/02\\\/trollhattan-pressbild-per-hellmark-2020-farg.jpg\",\"datePublished\":\"2020-02-11T15:16:17+00:00\",\"dateModified\":\"2020-11-10T11:32:24+00:00\",\"author\":{\"@id\":\"https:\\\/\\\/lararkarriar.se\\\/grundskola\\\/#\\\/schema\\\/person\\\/2a13a849ec7646386c2211f59afe3083\"},\"breadcrumb\":{\"@id\":\"https:\\\/\\\/lararkarriar.se\\\/grundskola\\\/2020\\\/02\\\/11\\\/grundskolans-digitaliseringsarbete-bor-baseras-pa-likvardighet\\\/#breadcrumb\"},\"inLanguage\":\"sv-SE\",\"potentialAction\":[{\"@type\":\"ReadAction\",\"target\":[\"https:\\\/\\\/lararkarriar.se\\\/grundskola\\\/2020\\\/02\\\/11\\\/grundskolans-digitaliseringsarbete-bor-baseras-pa-likvardighet\\\/\"]}]},{\"@type\":\"ImageObject\",\"inLanguage\":\"sv-SE\",\"@id\":\"https:\\\/\\\/lararkarriar.se\\\/grundskola\\\/2020\\\/02\\\/11\\\/grundskolans-digitaliseringsarbete-bor-baseras-pa-likvardighet\\\/#primaryimage\",\"url\":\"https:\\\/\\\/lararkarriar.se\\\/grundskola\\\/wp-content\\\/uploads\\\/sites\\\/12\\\/2020\\\/02\\\/trollhattan-pressbild-per-hellmark-2020-farg.jpg\",\"contentUrl\":\"https:\\\/\\\/lararkarriar.se\\\/grundskola\\\/wp-content\\\/uploads\\\/sites\\\/12\\\/2020\\\/02\\\/trollhattan-pressbild-per-hellmark-2020-farg.jpg\",\"width\":1000,\"height\":642,\"caption\":\"Per Hellmark, verksamhetschef f\u00f6r grundskolan i Trollh\u00e4ttans Stad.\"},{\"@type\":\"BreadcrumbList\",\"@id\":\"https:\\\/\\\/lararkarriar.se\\\/grundskola\\\/2020\\\/02\\\/11\\\/grundskolans-digitaliseringsarbete-bor-baseras-pa-likvardighet\\\/#breadcrumb\",\"itemListElement\":[{\"@type\":\"ListItem\",\"position\":1,\"name\":\"Home\",\"item\":\"https:\\\/\\\/lararkarriar.se\\\/grundskola\\\/\"},{\"@type\":\"ListItem\",\"position\":2,\"name\":\"Grundskolans digitaliseringsarbete b\u00f6r baseras p\u00e5 likv\u00e4rdighet\"}]},{\"@type\":\"WebSite\",\"@id\":\"https:\\\/\\\/lararkarriar.se\\\/grundskola\\\/#website\",\"url\":\"https:\\\/\\\/lararkarriar.se\\\/grundskola\\\/\",\"name\":\"Framtidens Karri\u00e4r \u2013 Grundskolel\u00e4rare\",\"description\":\"Just another NMDashboard.se Sites site\",\"potentialAction\":[{\"@type\":\"SearchAction\",\"target\":{\"@type\":\"EntryPoint\",\"urlTemplate\":\"https:\\\/\\\/lararkarriar.se\\\/grundskola\\\/?s={search_term_string}\"},\"query-input\":{\"@type\":\"PropertyValueSpecification\",\"valueRequired\":true,\"valueName\":\"search_term_string\"}}],\"inLanguage\":\"sv-SE\"},{\"@type\":\"Person\",\"@id\":\"https:\\\/\\\/lararkarriar.se\\\/grundskola\\\/#\\\/schema\\\/person\\\/2a13a849ec7646386c2211f59afe3083\",\"name\":\"viktorwallen\",\"image\":{\"@type\":\"ImageObject\",\"inLanguage\":\"sv-SE\",\"@id\":\"https:\\\/\\\/secure.gravatar.com\\\/avatar\\\/701701bd36169636031933997c8c6b954f2f635bbb7cd4802e4a007f9c9f4e59?s=96&d=mm&r=g\",\"url\":\"https:\\\/\\\/secure.gravatar.com\\\/avatar\\\/701701bd36169636031933997c8c6b954f2f635bbb7cd4802e4a007f9c9f4e59?s=96&d=mm&r=g\",\"contentUrl\":\"https:\\\/\\\/secure.gravatar.com\\\/avatar\\\/701701bd36169636031933997c8c6b954f2f635bbb7cd4802e4a007f9c9f4e59?s=96&d=mm&r=g\",\"caption\":\"viktorwallen\"},\"url\":\"https:\\\/\\\/lararkarriar.se\\\/grundskola\\\/author\\\/viktorwallen\\\/\"}]}<\/script>\n<!-- \/ Yoast SEO plugin. -->","yoast_head_json":{"title":"Grundskolans digitaliseringsarbete b\u00f6r baseras p\u00e5 likv\u00e4rdighet - Framtidens Karri\u00e4r \u2013 Grundskolel\u00e4rare","robots":{"index":"index","follow":"follow","max-snippet":"max-snippet:-1","max-image-preview":"max-image-preview:large","max-video-preview":"max-video-preview:-1"},"canonical":"https:\/\/lararkarriar.se\/grundskola\/2020\/02\/11\/grundskolans-digitaliseringsarbete-bor-baseras-pa-likvardighet\/","og_locale":"sv_SE","og_type":"article","og_title":"Grundskolans digitaliseringsarbete b\u00f6r baseras p\u00e5 likv\u00e4rdighet - Framtidens Karri\u00e4r \u2013 Grundskolel\u00e4rare","og_description":"2019 vann Trollh\u00e4ttans Stad Guldtrappan.","og_url":"https:\/\/lararkarriar.se\/grundskola\/2020\/02\/11\/grundskolans-digitaliseringsarbete-bor-baseras-pa-likvardighet\/","og_site_name":"Framtidens Karri\u00e4r \u2013 Grundskolel\u00e4rare","article_published_time":"2020-02-11T15:16:17+00:00","article_modified_time":"2020-11-10T11:32:24+00:00","og_image":[{"width":1000,"height":642,"url":"https:\/\/lararkarriar.se\/grundskola\/wp-content\/uploads\/sites\/12\/2020\/02\/trollhattan-pressbild-per-hellmark-2020-farg.jpg","type":"image\/jpeg"}],"author":"viktorwallen","twitter_card":"summary_large_image","twitter_misc":{"Skriven av":"viktorwallen","Ber\u00e4knad l\u00e4stid":"2 minuter"},"schema":{"@context":"https:\/\/schema.org","@graph":[{"@type":"Article","@id":"https:\/\/lararkarriar.se\/grundskola\/2020\/02\/11\/grundskolans-digitaliseringsarbete-bor-baseras-pa-likvardighet\/#article","isPartOf":{"@id":"https:\/\/lararkarriar.se\/grundskola\/2020\/02\/11\/grundskolans-digitaliseringsarbete-bor-baseras-pa-likvardighet\/"},"author":{"name":"viktorwallen","@id":"https:\/\/lararkarriar.se\/grundskola\/#\/schema\/person\/2a13a849ec7646386c2211f59afe3083"},"headline":"Grundskolans digitaliseringsarbete b\u00f6r baseras p\u00e5 likv\u00e4rdighet","datePublished":"2020-02-11T15:16:17+00:00","dateModified":"2020-11-10T11:32:24+00:00","mainEntityOfPage":{"@id":"https:\/\/lararkarriar.se\/grundskola\/2020\/02\/11\/grundskolans-digitaliseringsarbete-bor-baseras-pa-likvardighet\/"},"wordCount":434,"image":{"@id":"https:\/\/lararkarriar.se\/grundskola\/2020\/02\/11\/grundskolans-digitaliseringsarbete-bor-baseras-pa-likvardighet\/#primaryimage"},"thumbnailUrl":"https:\/\/lararkarriar.se\/grundskola\/wp-content\/uploads\/sites\/12\/2020\/02\/trollhattan-pressbild-per-hellmark-2020-farg.jpg","keywords":["Digitalisering","Digitaliseringsarbete","Digitalt","F\u00f6rb\u00e4ttringsarbete","Guldtrappan","Kompetens","Likv\u00e4rdighet","Trollh\u00e4ttans Stad"],"articleSection":["Artikel"],"inLanguage":"sv-SE"},{"@type":"WebPage","@id":"https:\/\/lararkarriar.se\/grundskola\/2020\/02\/11\/grundskolans-digitaliseringsarbete-bor-baseras-pa-likvardighet\/","url":"https:\/\/lararkarriar.se\/grundskola\/2020\/02\/11\/grundskolans-digitaliseringsarbete-bor-baseras-pa-likvardighet\/","name":"Grundskolans digitaliseringsarbete b\u00f6r baseras p\u00e5 likv\u00e4rdighet - Framtidens Karri\u00e4r \u2013 Grundskolel\u00e4rare","isPartOf":{"@id":"https:\/\/lararkarriar.se\/grundskola\/#website"},"primaryImageOfPage":{"@id":"https:\/\/lararkarriar.se\/grundskola\/2020\/02\/11\/grundskolans-digitaliseringsarbete-bor-baseras-pa-likvardighet\/#primaryimage"},"image":{"@id":"https:\/\/lararkarriar.se\/grundskola\/2020\/02\/11\/grundskolans-digitaliseringsarbete-bor-baseras-pa-likvardighet\/#primaryimage"},"thumbnailUrl":"https:\/\/lararkarriar.se\/grundskola\/wp-content\/uploads\/sites\/12\/2020\/02\/trollhattan-pressbild-per-hellmark-2020-farg.jpg","datePublished":"2020-02-11T15:16:17+00:00","dateModified":"2020-11-10T11:32:24+00:00","author":{"@id":"https:\/\/lararkarriar.se\/grundskola\/#\/schema\/person\/2a13a849ec7646386c2211f59afe3083"},"breadcrumb":{"@id":"https:\/\/lararkarriar.se\/grundskola\/2020\/02\/11\/grundskolans-digitaliseringsarbete-bor-baseras-pa-likvardighet\/#breadcrumb"},"inLanguage":"sv-SE","potentialAction":[{"@type":"ReadAction","target":["https:\/\/lararkarriar.se\/grundskola\/2020\/02\/11\/grundskolans-digitaliseringsarbete-bor-baseras-pa-likvardighet\/"]}]},{"@type":"ImageObject","inLanguage":"sv-SE","@id":"https:\/\/lararkarriar.se\/grundskola\/2020\/02\/11\/grundskolans-digitaliseringsarbete-bor-baseras-pa-likvardighet\/#primaryimage","url":"https:\/\/lararkarriar.se\/grundskola\/wp-content\/uploads\/sites\/12\/2020\/02\/trollhattan-pressbild-per-hellmark-2020-farg.jpg","contentUrl":"https:\/\/lararkarriar.se\/grundskola\/wp-content\/uploads\/sites\/12\/2020\/02\/trollhattan-pressbild-per-hellmark-2020-farg.jpg","width":1000,"height":642,"caption":"Per Hellmark, verksamhetschef f\u00f6r grundskolan i Trollh\u00e4ttans Stad."},{"@type":"BreadcrumbList","@id":"https:\/\/lararkarriar.se\/grundskola\/2020\/02\/11\/grundskolans-digitaliseringsarbete-bor-baseras-pa-likvardighet\/#breadcrumb","itemListElement":[{"@type":"ListItem","position":1,"name":"Home","item":"https:\/\/lararkarriar.se\/grundskola\/"},{"@type":"ListItem","position":2,"name":"Grundskolans digitaliseringsarbete b\u00f6r baseras p\u00e5 likv\u00e4rdighet"}]},{"@type":"WebSite","@id":"https:\/\/lararkarriar.se\/grundskola\/#website","url":"https:\/\/lararkarriar.se\/grundskola\/","name":"Framtidens Karri\u00e4r \u2013 Grundskolel\u00e4rare","description":"Just another NMDashboard.se Sites site","potentialAction":[{"@type":"SearchAction","target":{"@type":"EntryPoint","urlTemplate":"https:\/\/lararkarriar.se\/grundskola\/?s={search_term_string}"},"query-input":{"@type":"PropertyValueSpecification","valueRequired":true,"valueName":"search_term_string"}}],"inLanguage":"sv-SE"},{"@type":"Person","@id":"https:\/\/lararkarriar.se\/grundskola\/#\/schema\/person\/2a13a849ec7646386c2211f59afe3083","name":"viktorwallen","image":{"@type":"ImageObject","inLanguage":"sv-SE","@id":"https:\/\/secure.gravatar.com\/avatar\/701701bd36169636031933997c8c6b954f2f635bbb7cd4802e4a007f9c9f4e59?s=96&d=mm&r=g","url":"https:\/\/secure.gravatar.com\/avatar\/701701bd36169636031933997c8c6b954f2f635bbb7cd4802e4a007f9c9f4e59?s=96&d=mm&r=g","contentUrl":"https:\/\/secure.gravatar.com\/avatar\/701701bd36169636031933997c8c6b954f2f635bbb7cd4802e4a007f9c9f4e59?s=96&d=mm&r=g","caption":"viktorwallen"},"url":"https:\/\/lararkarriar.se\/grundskola\/author\/viktorwallen\/"}]}},"_links":{"self":[{"href":"https:\/\/lararkarriar.se\/grundskola\/wp-json\/wp\/v2\/posts\/6773","targetHints":{"allow":["GET"]}}],"collection":[{"href":"https:\/\/lararkarriar.se\/grundskola\/wp-json\/wp\/v2\/posts"}],"about":[{"href":"https:\/\/lararkarriar.se\/grundskola\/wp-json\/wp\/v2\/types\/post"}],"author":[{"embeddable":true,"href":"https:\/\/lararkarriar.se\/grundskola\/wp-json\/wp\/v2\/users\/2"}],"replies":[{"embeddable":true,"href":"https:\/\/lararkarriar.se\/grundskola\/wp-json\/wp\/v2\/comments?post=6773"}],"version-history":[{"count":3,"href":"https:\/\/lararkarriar.se\/grundskola\/wp-json\/wp\/v2\/posts\/6773\/revisions"}],"predecessor-version":[{"id":7135,"href":"https:\/\/lararkarriar.se\/grundskola\/wp-json\/wp\/v2\/posts\/6773\/revisions\/7135"}],"wp:featuredmedia":[{"embeddable":true,"href":"https:\/\/lararkarriar.se\/grundskola\/wp-json\/wp\/v2\/media\/6775"}],"wp:attachment":[{"href":"https:\/\/lararkarriar.se\/grundskola\/wp-json\/wp\/v2\/media?parent=6773"}],"wp:term":[{"taxonomy":"category","embeddable":true,"href":"https:\/\/lararkarriar.se\/grundskola\/wp-json\/wp\/v2\/categories?post=6773"},{"taxonomy":"post_tag","embeddable":true,"href":"https:\/\/lararkarriar.se\/grundskola\/wp-json\/wp\/v2\/tags?post=6773"}],"curies":[{"name":"wp","href":"https:\/\/api.w.org\/{rel}","templated":true}]}}