{"id":6784,"date":"2020-02-11T15:30:42","date_gmt":"2020-02-11T15:30:42","guid":{"rendered":"https:\/\/lararkarriar.se\/grundskola\/?p=6784"},"modified":"2020-11-10T11:27:29","modified_gmt":"2020-11-10T11:27:29","slug":"lararen-som-vill-beratta","status":"publish","type":"post","link":"https:\/\/lararkarriar.se\/grundskola\/2020\/02\/11\/lararen-som-vill-beratta\/","title":{"rendered":"L\u00e4raren som vill ber\u00e4tta"},"content":{"rendered":"\n<figure class=\"wp-block-image alignnone size-full wp-image-6785\"><img loading=\"lazy\" decoding=\"async\" width=\"1000\" height=\"639\" src=\"https:\/\/lararkarriar.se\/grundskola\/wp-content\/uploads\/sites\/12\/2020\/02\/mellanstadie-kerstindahlin.jpg\" alt=\"Kerstin Dahlin prisades som \u00c5rets mellanstadiel\u00e4rare p\u00e5 L\u00e4rargalan. Foto: L\u00e4rargalan\" class=\"wp-image-6785\" srcset=\"https:\/\/lararkarriar.se\/grundskola\/wp-content\/uploads\/sites\/12\/2020\/02\/mellanstadie-kerstindahlin.jpg 1000w, https:\/\/lararkarriar.se\/grundskola\/wp-content\/uploads\/sites\/12\/2020\/02\/mellanstadie-kerstindahlin-300x192.jpg 300w, https:\/\/lararkarriar.se\/grundskola\/wp-content\/uploads\/sites\/12\/2020\/02\/mellanstadie-kerstindahlin-768x491.jpg 768w, https:\/\/lararkarriar.se\/grundskola\/wp-content\/uploads\/sites\/12\/2020\/02\/mellanstadie-kerstindahlin-250x160.jpg 250w, https:\/\/lararkarriar.se\/grundskola\/wp-content\/uploads\/sites\/12\/2020\/02\/mellanstadie-kerstindahlin-526x336.jpg 526w, https:\/\/lararkarriar.se\/grundskola\/wp-content\/uploads\/sites\/12\/2020\/02\/mellanstadie-kerstindahlin-720x460.jpg 720w, https:\/\/lararkarriar.se\/grundskola\/wp-content\/uploads\/sites\/12\/2020\/02\/mellanstadie-kerstindahlin-960x613.jpg 960w\" sizes=\"auto, (max-width: 1000px) 100vw, 1000px\" \/><figcaption>Kerstin Dahlin prisades som \u00c5rets mellanstadiel\u00e4rare p\u00e5 L\u00e4rargalan. Foto: L\u00e4rargalan<\/figcaption><\/figure>\n\n\n\n<p><strong>Mellanstadiel\u00e4raren Kerstin Dahlin prisades p\u00e5 L\u00e4rargalan f\u00f6r sin passionerade stil i klassrummet.<br>\u2013 Jag tycker ju att det \u00e4r s\u00e5 hejdl\u00f6st roligt att undervisa, s\u00e4ger hon.<\/strong><\/p>\n\n\n\n<p>Kerstin Dahlin har arbetat som mellanstadiel\u00e4rare i 20 \u00e5r. Numera undervisar hon p\u00e5 \u00c4rla skola i Eskilstuna.<br>\u2013 Man kan s\u00e4ga att jag inte valde l\u00e4raryrket, utan l\u00e4raryrket valde mig. Jag hamnade alltid d\u00e4r till slut, jag ins\u00e5g att jag passade f\u00f6r att vara l\u00e4rare och jag har aldrig \u00e5ngrat mitt val, bara blivit s\u00e4krare, s\u00e4ger hon.<br>Just mellanstadie\u00e5ldern tycker Kerstin Dahlin \u00e4r optimal.<br>\u2013 Det \u00e4r den roligaste \u00e5ldern att jobba med, d\u00e5 eleverna \u00e4r lagom sm\u00e5 f\u00f6r att kunna vara lekfulla men tillr\u00e4ckligt stora att diskutera med. P\u00e5 mellanstadiet finns m\u00f6jligheten att jobba med m\u00e5nga \u00e4mnen som klassl\u00e4rare vilket jag tycker \u00e4r roligt. Dessutom f\u00e5r man p\u00e5 n\u00e4ra h\u00e5ll f\u00f6lja elevernas utvecklingsresa under tre \u00e5r.<\/p>\n\n\n\n<blockquote class=\"wp-block-quote is-layout-flow wp-block-quote-is-layout-flow\"><p>&#8221;Det \u00e4r f\u00f6rst\u00e5s fantastiskt roligt med priset, och lite chockartat&#8221;<\/p><\/blockquote>\n\n\n\n<p><strong>Passionerad och hj\u00e4lpsam<\/strong><br>Kerstin Dahlins elever nominerade henne till priset som \u00c5rets mellanstadiel\u00e4rare, och p\u00e5 L\u00e4rargalan i november tog hon emot priset. I motiveringen beskrivs Kerstin Dahlin som bland annat inspirerande, hj\u00e4lpsam och passionerad.<br>\u2013 Det \u00e4r f\u00f6rst\u00e5s fantastiskt roligt med priset, och lite chockartat. Det \u00e4r roligt att det \u00e4r eleverna som nominerat mig och att de uppskattar det jag g\u00f6r. Det \u00e4r p\u00e5 s\u00e4tt och vis eleverna som har vunnit priset f\u00f6r tillsammans g\u00f6r vi ett j\u00e4ttejobb. Det \u00e4r eleverna som g\u00f6r en l\u00e4rare, s\u00e4ger hon.<br>Hennes passionerade stil i klassrummet har sin f\u00f6rklaring.<br>\u2013 Eftersom jag \u00e4r s\u00e5 l\u00f6jligt intresserad av allting omkring mig m\u00e4rks det verkligen p\u00e5 mig att det \u00e4r roligt att f\u00e5 ber\u00e4tta saker f\u00f6r eleverna. Det bara pyser ut \u00f6nskan om att f\u00e5 ber\u00e4tta, jag blir v\u00e4ldigt entusiastisk och det syns p\u00e5 mig att jag tycker att kunskaper \u00e4r intressanta. Jag f\u00f6rs\u00f6ker att trycka p\u00e5 det i klassrummet, att inget \u00e4r tr\u00e5kigt. Jag tror att eleverna tar intryck av det, s\u00e4ger Kerstin Dahlin.<\/p>\n\n\n\n<p><strong>Delar med sig<\/strong><br>Hon har ocks\u00e5 grundat Facebook-gruppen \u201dUtmanande undervisning\u201d med n\u00e4rmare 26&nbsp;000 medlemmar.<br>\u2013 D\u00e4r delar jag med mig av id\u00e9er, tips, inspiration och tankar, s\u00e5 en del av passionen finns d\u00e4r s\u00e5 att ocks\u00e5 andra l\u00e4rare kan ta del av den.<\/p>\n","protected":false},"excerpt":{"rendered":"<p>Mellanstadiel\u00e4raren Kerstin Dahlin prisades p\u00e5 L\u00e4rargalan f\u00f6r sin passionerade stil i klassrummet.<\/p>\n","protected":false},"author":2,"featured_media":6785,"comment_status":"closed","ping_status":"open","sticky":false,"template":"","format":"standard","meta":{"_acf_changed":false,"_monsterinsights_skip_tracking":false,"_monsterinsights_sitenote_active":false,"_monsterinsights_sitenote_note":"","_monsterinsights_sitenote_category":0,"footnotes":""},"categories":[1],"tags":[28,83,85,88,154,207,273,451],"class_list":["post-6784","post","type-post","status-publish","format-standard","has-post-thumbnail","hentry","category-artikel","tag-arets-mellanstadielarare","tag-entusiasm","tag-eskilstuna","tag-facebook","tag-intresse","tag-larargalan","tag-passion","tag-utmarkelser"],"acf":[],"yoast_head":"<!-- This site is optimized with the Yoast SEO plugin v27.3 - https:\/\/yoast.com\/product\/yoast-seo-wordpress\/ -->\n<title>L\u00e4raren som vill ber\u00e4tta - Framtidens Karri\u00e4r \u2013 Grundskolel\u00e4rare<\/title>\n<meta name=\"robots\" content=\"index, follow, max-snippet:-1, max-image-preview:large, max-video-preview:-1\" \/>\n<link rel=\"canonical\" href=\"https:\/\/lararkarriar.se\/grundskola\/2020\/02\/11\/lararen-som-vill-beratta\/\" \/>\n<meta property=\"og:locale\" content=\"sv_SE\" \/>\n<meta property=\"og:type\" content=\"article\" \/>\n<meta property=\"og:title\" content=\"L\u00e4raren som vill ber\u00e4tta - Framtidens Karri\u00e4r \u2013 Grundskolel\u00e4rare\" \/>\n<meta property=\"og:description\" content=\"Mellanstadiel\u00e4raren Kerstin Dahlin prisades p\u00e5 L\u00e4rargalan f\u00f6r sin passionerade stil i klassrummet.\" \/>\n<meta property=\"og:url\" content=\"https:\/\/lararkarriar.se\/grundskola\/2020\/02\/11\/lararen-som-vill-beratta\/\" \/>\n<meta property=\"og:site_name\" content=\"Framtidens Karri\u00e4r \u2013 Grundskolel\u00e4rare\" \/>\n<meta property=\"article:published_time\" content=\"2020-02-11T15:30:42+00:00\" \/>\n<meta property=\"article:modified_time\" content=\"2020-11-10T11:27:29+00:00\" \/>\n<meta property=\"og:image\" content=\"https:\/\/lararkarriar.se\/grundskola\/wp-content\/uploads\/sites\/12\/2020\/02\/mellanstadie-kerstindahlin.jpg\" \/>\n\t<meta property=\"og:image:width\" content=\"1000\" \/>\n\t<meta property=\"og:image:height\" content=\"639\" \/>\n\t<meta property=\"og:image:type\" content=\"image\/jpeg\" \/>\n<meta name=\"author\" content=\"viktorwallen\" \/>\n<meta name=\"twitter:card\" content=\"summary_large_image\" \/>\n<meta name=\"twitter:label1\" content=\"Skriven av\" \/>\n\t<meta name=\"twitter:data1\" content=\"viktorwallen\" \/>\n\t<meta name=\"twitter:label2\" content=\"Ber\u00e4knad l\u00e4stid\" \/>\n\t<meta name=\"twitter:data2\" content=\"2 minuter\" \/>\n<script type=\"application\/ld+json\" class=\"yoast-schema-graph\">{\"@context\":\"https:\\\/\\\/schema.org\",\"@graph\":[{\"@type\":\"Article\",\"@id\":\"https:\\\/\\\/lararkarriar.se\\\/grundskola\\\/2020\\\/02\\\/11\\\/lararen-som-vill-beratta\\\/#article\",\"isPartOf\":{\"@id\":\"https:\\\/\\\/lararkarriar.se\\\/grundskola\\\/2020\\\/02\\\/11\\\/lararen-som-vill-beratta\\\/\"},\"author\":{\"name\":\"viktorwallen\",\"@id\":\"https:\\\/\\\/lararkarriar.se\\\/grundskola\\\/#\\\/schema\\\/person\\\/2a13a849ec7646386c2211f59afe3083\"},\"headline\":\"L\u00e4raren som vill ber\u00e4tta\",\"datePublished\":\"2020-02-11T15:30:42+00:00\",\"dateModified\":\"2020-11-10T11:27:29+00:00\",\"mainEntityOfPage\":{\"@id\":\"https:\\\/\\\/lararkarriar.se\\\/grundskola\\\/2020\\\/02\\\/11\\\/lararen-som-vill-beratta\\\/\"},\"wordCount\":435,\"image\":{\"@id\":\"https:\\\/\\\/lararkarriar.se\\\/grundskola\\\/2020\\\/02\\\/11\\\/lararen-som-vill-beratta\\\/#primaryimage\"},\"thumbnailUrl\":\"https:\\\/\\\/lararkarriar.se\\\/grundskola\\\/wp-content\\\/uploads\\\/sites\\\/12\\\/2020\\\/02\\\/mellanstadie-kerstindahlin.jpg\",\"keywords\":[\"\u00c5rets mellanstadiel\u00e4rare\",\"Entusiasm\",\"Eskilstuna\",\"Facebook\",\"Intresse\",\"L\u00e4rargalan\",\"Passion\",\"Utm\u00e4rkelser\"],\"articleSection\":[\"Artikel\"],\"inLanguage\":\"sv-SE\"},{\"@type\":\"WebPage\",\"@id\":\"https:\\\/\\\/lararkarriar.se\\\/grundskola\\\/2020\\\/02\\\/11\\\/lararen-som-vill-beratta\\\/\",\"url\":\"https:\\\/\\\/lararkarriar.se\\\/grundskola\\\/2020\\\/02\\\/11\\\/lararen-som-vill-beratta\\\/\",\"name\":\"L\u00e4raren som vill ber\u00e4tta - Framtidens Karri\u00e4r \u2013 Grundskolel\u00e4rare\",\"isPartOf\":{\"@id\":\"https:\\\/\\\/lararkarriar.se\\\/grundskola\\\/#website\"},\"primaryImageOfPage\":{\"@id\":\"https:\\\/\\\/lararkarriar.se\\\/grundskola\\\/2020\\\/02\\\/11\\\/lararen-som-vill-beratta\\\/#primaryimage\"},\"image\":{\"@id\":\"https:\\\/\\\/lararkarriar.se\\\/grundskola\\\/2020\\\/02\\\/11\\\/lararen-som-vill-beratta\\\/#primaryimage\"},\"thumbnailUrl\":\"https:\\\/\\\/lararkarriar.se\\\/grundskola\\\/wp-content\\\/uploads\\\/sites\\\/12\\\/2020\\\/02\\\/mellanstadie-kerstindahlin.jpg\",\"datePublished\":\"2020-02-11T15:30:42+00:00\",\"dateModified\":\"2020-11-10T11:27:29+00:00\",\"author\":{\"@id\":\"https:\\\/\\\/lararkarriar.se\\\/grundskola\\\/#\\\/schema\\\/person\\\/2a13a849ec7646386c2211f59afe3083\"},\"breadcrumb\":{\"@id\":\"https:\\\/\\\/lararkarriar.se\\\/grundskola\\\/2020\\\/02\\\/11\\\/lararen-som-vill-beratta\\\/#breadcrumb\"},\"inLanguage\":\"sv-SE\",\"potentialAction\":[{\"@type\":\"ReadAction\",\"target\":[\"https:\\\/\\\/lararkarriar.se\\\/grundskola\\\/2020\\\/02\\\/11\\\/lararen-som-vill-beratta\\\/\"]}]},{\"@type\":\"ImageObject\",\"inLanguage\":\"sv-SE\",\"@id\":\"https:\\\/\\\/lararkarriar.se\\\/grundskola\\\/2020\\\/02\\\/11\\\/lararen-som-vill-beratta\\\/#primaryimage\",\"url\":\"https:\\\/\\\/lararkarriar.se\\\/grundskola\\\/wp-content\\\/uploads\\\/sites\\\/12\\\/2020\\\/02\\\/mellanstadie-kerstindahlin.jpg\",\"contentUrl\":\"https:\\\/\\\/lararkarriar.se\\\/grundskola\\\/wp-content\\\/uploads\\\/sites\\\/12\\\/2020\\\/02\\\/mellanstadie-kerstindahlin.jpg\",\"width\":1000,\"height\":639,\"caption\":\"Kerstin Dahlin prisades som \u00c5rets mellanstadiel\u00e4rare p\u00e5 L\u00e4rargalan. Foto: L\u00e4rargalan\"},{\"@type\":\"BreadcrumbList\",\"@id\":\"https:\\\/\\\/lararkarriar.se\\\/grundskola\\\/2020\\\/02\\\/11\\\/lararen-som-vill-beratta\\\/#breadcrumb\",\"itemListElement\":[{\"@type\":\"ListItem\",\"position\":1,\"name\":\"Home\",\"item\":\"https:\\\/\\\/lararkarriar.se\\\/grundskola\\\/\"},{\"@type\":\"ListItem\",\"position\":2,\"name\":\"L\u00e4raren som vill ber\u00e4tta\"}]},{\"@type\":\"WebSite\",\"@id\":\"https:\\\/\\\/lararkarriar.se\\\/grundskola\\\/#website\",\"url\":\"https:\\\/\\\/lararkarriar.se\\\/grundskola\\\/\",\"name\":\"Framtidens Karri\u00e4r \u2013 Grundskolel\u00e4rare\",\"description\":\"Just another NMDashboard.se Sites site\",\"potentialAction\":[{\"@type\":\"SearchAction\",\"target\":{\"@type\":\"EntryPoint\",\"urlTemplate\":\"https:\\\/\\\/lararkarriar.se\\\/grundskola\\\/?s={search_term_string}\"},\"query-input\":{\"@type\":\"PropertyValueSpecification\",\"valueRequired\":true,\"valueName\":\"search_term_string\"}}],\"inLanguage\":\"sv-SE\"},{\"@type\":\"Person\",\"@id\":\"https:\\\/\\\/lararkarriar.se\\\/grundskola\\\/#\\\/schema\\\/person\\\/2a13a849ec7646386c2211f59afe3083\",\"name\":\"viktorwallen\",\"image\":{\"@type\":\"ImageObject\",\"inLanguage\":\"sv-SE\",\"@id\":\"https:\\\/\\\/secure.gravatar.com\\\/avatar\\\/701701bd36169636031933997c8c6b954f2f635bbb7cd4802e4a007f9c9f4e59?s=96&d=mm&r=g\",\"url\":\"https:\\\/\\\/secure.gravatar.com\\\/avatar\\\/701701bd36169636031933997c8c6b954f2f635bbb7cd4802e4a007f9c9f4e59?s=96&d=mm&r=g\",\"contentUrl\":\"https:\\\/\\\/secure.gravatar.com\\\/avatar\\\/701701bd36169636031933997c8c6b954f2f635bbb7cd4802e4a007f9c9f4e59?s=96&d=mm&r=g\",\"caption\":\"viktorwallen\"},\"url\":\"https:\\\/\\\/lararkarriar.se\\\/grundskola\\\/author\\\/viktorwallen\\\/\"}]}<\/script>\n<!-- \/ Yoast SEO plugin. -->","yoast_head_json":{"title":"L\u00e4raren som vill ber\u00e4tta - Framtidens Karri\u00e4r \u2013 Grundskolel\u00e4rare","robots":{"index":"index","follow":"follow","max-snippet":"max-snippet:-1","max-image-preview":"max-image-preview:large","max-video-preview":"max-video-preview:-1"},"canonical":"https:\/\/lararkarriar.se\/grundskola\/2020\/02\/11\/lararen-som-vill-beratta\/","og_locale":"sv_SE","og_type":"article","og_title":"L\u00e4raren som vill ber\u00e4tta - Framtidens Karri\u00e4r \u2013 Grundskolel\u00e4rare","og_description":"Mellanstadiel\u00e4raren Kerstin Dahlin prisades p\u00e5 L\u00e4rargalan f\u00f6r sin passionerade stil i klassrummet.","og_url":"https:\/\/lararkarriar.se\/grundskola\/2020\/02\/11\/lararen-som-vill-beratta\/","og_site_name":"Framtidens Karri\u00e4r \u2013 Grundskolel\u00e4rare","article_published_time":"2020-02-11T15:30:42+00:00","article_modified_time":"2020-11-10T11:27:29+00:00","og_image":[{"width":1000,"height":639,"url":"https:\/\/lararkarriar.se\/grundskola\/wp-content\/uploads\/sites\/12\/2020\/02\/mellanstadie-kerstindahlin.jpg","type":"image\/jpeg"}],"author":"viktorwallen","twitter_card":"summary_large_image","twitter_misc":{"Skriven av":"viktorwallen","Ber\u00e4knad l\u00e4stid":"2 minuter"},"schema":{"@context":"https:\/\/schema.org","@graph":[{"@type":"Article","@id":"https:\/\/lararkarriar.se\/grundskola\/2020\/02\/11\/lararen-som-vill-beratta\/#article","isPartOf":{"@id":"https:\/\/lararkarriar.se\/grundskola\/2020\/02\/11\/lararen-som-vill-beratta\/"},"author":{"name":"viktorwallen","@id":"https:\/\/lararkarriar.se\/grundskola\/#\/schema\/person\/2a13a849ec7646386c2211f59afe3083"},"headline":"L\u00e4raren som vill ber\u00e4tta","datePublished":"2020-02-11T15:30:42+00:00","dateModified":"2020-11-10T11:27:29+00:00","mainEntityOfPage":{"@id":"https:\/\/lararkarriar.se\/grundskola\/2020\/02\/11\/lararen-som-vill-beratta\/"},"wordCount":435,"image":{"@id":"https:\/\/lararkarriar.se\/grundskola\/2020\/02\/11\/lararen-som-vill-beratta\/#primaryimage"},"thumbnailUrl":"https:\/\/lararkarriar.se\/grundskola\/wp-content\/uploads\/sites\/12\/2020\/02\/mellanstadie-kerstindahlin.jpg","keywords":["\u00c5rets mellanstadiel\u00e4rare","Entusiasm","Eskilstuna","Facebook","Intresse","L\u00e4rargalan","Passion","Utm\u00e4rkelser"],"articleSection":["Artikel"],"inLanguage":"sv-SE"},{"@type":"WebPage","@id":"https:\/\/lararkarriar.se\/grundskola\/2020\/02\/11\/lararen-som-vill-beratta\/","url":"https:\/\/lararkarriar.se\/grundskola\/2020\/02\/11\/lararen-som-vill-beratta\/","name":"L\u00e4raren som vill ber\u00e4tta - Framtidens Karri\u00e4r \u2013 Grundskolel\u00e4rare","isPartOf":{"@id":"https:\/\/lararkarriar.se\/grundskola\/#website"},"primaryImageOfPage":{"@id":"https:\/\/lararkarriar.se\/grundskola\/2020\/02\/11\/lararen-som-vill-beratta\/#primaryimage"},"image":{"@id":"https:\/\/lararkarriar.se\/grundskola\/2020\/02\/11\/lararen-som-vill-beratta\/#primaryimage"},"thumbnailUrl":"https:\/\/lararkarriar.se\/grundskola\/wp-content\/uploads\/sites\/12\/2020\/02\/mellanstadie-kerstindahlin.jpg","datePublished":"2020-02-11T15:30:42+00:00","dateModified":"2020-11-10T11:27:29+00:00","author":{"@id":"https:\/\/lararkarriar.se\/grundskola\/#\/schema\/person\/2a13a849ec7646386c2211f59afe3083"},"breadcrumb":{"@id":"https:\/\/lararkarriar.se\/grundskola\/2020\/02\/11\/lararen-som-vill-beratta\/#breadcrumb"},"inLanguage":"sv-SE","potentialAction":[{"@type":"ReadAction","target":["https:\/\/lararkarriar.se\/grundskola\/2020\/02\/11\/lararen-som-vill-beratta\/"]}]},{"@type":"ImageObject","inLanguage":"sv-SE","@id":"https:\/\/lararkarriar.se\/grundskola\/2020\/02\/11\/lararen-som-vill-beratta\/#primaryimage","url":"https:\/\/lararkarriar.se\/grundskola\/wp-content\/uploads\/sites\/12\/2020\/02\/mellanstadie-kerstindahlin.jpg","contentUrl":"https:\/\/lararkarriar.se\/grundskola\/wp-content\/uploads\/sites\/12\/2020\/02\/mellanstadie-kerstindahlin.jpg","width":1000,"height":639,"caption":"Kerstin Dahlin prisades som \u00c5rets mellanstadiel\u00e4rare p\u00e5 L\u00e4rargalan. Foto: L\u00e4rargalan"},{"@type":"BreadcrumbList","@id":"https:\/\/lararkarriar.se\/grundskola\/2020\/02\/11\/lararen-som-vill-beratta\/#breadcrumb","itemListElement":[{"@type":"ListItem","position":1,"name":"Home","item":"https:\/\/lararkarriar.se\/grundskola\/"},{"@type":"ListItem","position":2,"name":"L\u00e4raren som vill ber\u00e4tta"}]},{"@type":"WebSite","@id":"https:\/\/lararkarriar.se\/grundskola\/#website","url":"https:\/\/lararkarriar.se\/grundskola\/","name":"Framtidens Karri\u00e4r \u2013 Grundskolel\u00e4rare","description":"Just another NMDashboard.se Sites site","potentialAction":[{"@type":"SearchAction","target":{"@type":"EntryPoint","urlTemplate":"https:\/\/lararkarriar.se\/grundskola\/?s={search_term_string}"},"query-input":{"@type":"PropertyValueSpecification","valueRequired":true,"valueName":"search_term_string"}}],"inLanguage":"sv-SE"},{"@type":"Person","@id":"https:\/\/lararkarriar.se\/grundskola\/#\/schema\/person\/2a13a849ec7646386c2211f59afe3083","name":"viktorwallen","image":{"@type":"ImageObject","inLanguage":"sv-SE","@id":"https:\/\/secure.gravatar.com\/avatar\/701701bd36169636031933997c8c6b954f2f635bbb7cd4802e4a007f9c9f4e59?s=96&d=mm&r=g","url":"https:\/\/secure.gravatar.com\/avatar\/701701bd36169636031933997c8c6b954f2f635bbb7cd4802e4a007f9c9f4e59?s=96&d=mm&r=g","contentUrl":"https:\/\/secure.gravatar.com\/avatar\/701701bd36169636031933997c8c6b954f2f635bbb7cd4802e4a007f9c9f4e59?s=96&d=mm&r=g","caption":"viktorwallen"},"url":"https:\/\/lararkarriar.se\/grundskola\/author\/viktorwallen\/"}]}},"_links":{"self":[{"href":"https:\/\/lararkarriar.se\/grundskola\/wp-json\/wp\/v2\/posts\/6784","targetHints":{"allow":["GET"]}}],"collection":[{"href":"https:\/\/lararkarriar.se\/grundskola\/wp-json\/wp\/v2\/posts"}],"about":[{"href":"https:\/\/lararkarriar.se\/grundskola\/wp-json\/wp\/v2\/types\/post"}],"author":[{"embeddable":true,"href":"https:\/\/lararkarriar.se\/grundskola\/wp-json\/wp\/v2\/users\/2"}],"replies":[{"embeddable":true,"href":"https:\/\/lararkarriar.se\/grundskola\/wp-json\/wp\/v2\/comments?post=6784"}],"version-history":[{"count":4,"href":"https:\/\/lararkarriar.se\/grundskola\/wp-json\/wp\/v2\/posts\/6784\/revisions"}],"predecessor-version":[{"id":7203,"href":"https:\/\/lararkarriar.se\/grundskola\/wp-json\/wp\/v2\/posts\/6784\/revisions\/7203"}],"wp:featuredmedia":[{"embeddable":true,"href":"https:\/\/lararkarriar.se\/grundskola\/wp-json\/wp\/v2\/media\/6785"}],"wp:attachment":[{"href":"https:\/\/lararkarriar.se\/grundskola\/wp-json\/wp\/v2\/media?parent=6784"}],"wp:term":[{"taxonomy":"category","embeddable":true,"href":"https:\/\/lararkarriar.se\/grundskola\/wp-json\/wp\/v2\/categories?post=6784"},{"taxonomy":"post_tag","embeddable":true,"href":"https:\/\/lararkarriar.se\/grundskola\/wp-json\/wp\/v2\/tags?post=6784"}],"curies":[{"name":"wp","href":"https:\/\/api.w.org\/{rel}","templated":true}]}}