{"id":6792,"date":"2020-02-11T15:24:48","date_gmt":"2020-02-11T15:24:48","guid":{"rendered":"https:\/\/lararkarriar.se\/grundskola\/?p=6792"},"modified":"2020-11-10T11:28:54","modified_gmt":"2020-11-10T11:28:54","slug":"friskolornas-sjalvstyre-bidrar-till-engagerade-larare","status":"publish","type":"post","link":"https:\/\/lararkarriar.se\/grundskola\/2020\/02\/11\/friskolornas-sjalvstyre-bidrar-till-engagerade-larare\/","title":{"rendered":"Friskolornas sj\u00e4lvstyre bidrar till engagerade l\u00e4rare"},"content":{"rendered":"\n<figure class=\"wp-block-image alignnone size-full wp-image-6793\"><img loading=\"lazy\" decoding=\"async\" width=\"1000\" height=\"638\" src=\"https:\/\/lararkarriar.se\/grundskola\/wp-content\/uploads\/sites\/12\/2020\/02\/taby-r9q2915.jpg\" alt=\"Karin J\u00e4rleby, rektor p\u00e5 T\u00e4by Friskola. Foto: Jakob Fridholm\" class=\"wp-image-6793\" srcset=\"https:\/\/lararkarriar.se\/grundskola\/wp-content\/uploads\/sites\/12\/2020\/02\/taby-r9q2915.jpg 1000w, https:\/\/lararkarriar.se\/grundskola\/wp-content\/uploads\/sites\/12\/2020\/02\/taby-r9q2915-300x191.jpg 300w, https:\/\/lararkarriar.se\/grundskola\/wp-content\/uploads\/sites\/12\/2020\/02\/taby-r9q2915-768x490.jpg 768w, https:\/\/lararkarriar.se\/grundskola\/wp-content\/uploads\/sites\/12\/2020\/02\/taby-r9q2915-251x160.jpg 251w, https:\/\/lararkarriar.se\/grundskola\/wp-content\/uploads\/sites\/12\/2020\/02\/taby-r9q2915-526x336.jpg 526w, https:\/\/lararkarriar.se\/grundskola\/wp-content\/uploads\/sites\/12\/2020\/02\/taby-r9q2915-720x459.jpg 720w, https:\/\/lararkarriar.se\/grundskola\/wp-content\/uploads\/sites\/12\/2020\/02\/taby-r9q2915-960x612.jpg 960w\" sizes=\"auto, (max-width: 1000px) 100vw, 1000px\" \/><figcaption>Karin J\u00e4rleby, rektor p\u00e5 T\u00e4by Friskola. Foto: Jakob Fridholm<\/figcaption><\/figure>\n\n\n\n<p><strong>Friskolornas fr\u00e4msta styrka \u00e4r det korta avst\u00e5ndet fr\u00e5n tanke till handling samt en h\u00f6g grad av sj\u00e4lvbest\u00e4mmande. Det g\u00f6r att varje skola kan prioritera och sj\u00f6s\u00e4tta id\u00e9er utifr\u00e5n den egna verksamhetens behov. Samtidigt \u00e4r en ansvarsfull \u00e4gare och en tydlig v\u00e4rdegrund avg\u00f6rande f\u00f6ruts\u00e4ttningar f\u00f6r framg\u00e5ng. Det anser Karin J\u00e4rleby, rektor p\u00e5 T\u00e4by Friskola.<\/strong><\/p>\n\n\n\n<p>\u2013 Friskolor pr\u00e4glas i allm\u00e4nhet av korta beslutsv\u00e4gar. N\u00e4r avst\u00e5nden mellan tanke, handling och beslut \u00e4r korta \u00e4r det l\u00e4ttare att f\u00f6rverkliga medarbetarnas utvecklingsid\u00e9er och testa olika f\u00f6rb\u00e4ttringsf\u00f6rslag. Vi har exempelvis lanserat ett traineeprogram f\u00f6r nyutexaminerade l\u00e4rare. V\u00e5ra traineer undervisar \u00e5ttiofem procent av sin arbetstid, \u00f6vrig tid g\u00e5r de ledarskapsutbildningar och auskulterar p\u00e5 andra l\u00e4rares lektioner, s\u00e4ger Karin J\u00e4rleby.<\/p>\n\n\n\n<blockquote class=\"wp-block-quote is-layout-flow wp-block-quote-is-layout-flow\"><p>&#8221;P\u00e5 friskolor som har ett stort eget beslutsmandat \u00e4r det ofta l\u00e4ttare att f\u00e5 l\u00e4rarna att k\u00e4nna engagemang och ansvar f\u00f6r sin insats&#8221;<\/p><\/blockquote>\n\n\n\n<p><strong>Stort eget beslutsmandat<\/strong><br>En h\u00f6g grad av sj\u00e4lvstyre p\u00e5 varje enskild skola \u00e4r ytterligare en faktor som utm\u00e4rker frist\u00e5ende skolor. Det g\u00f6r, enligt Karin J\u00e4rleby, att friskolorna kan forma sin verksamhet utifr\u00e5n elevernas aktuella behov. De kan genomf\u00f6ra f\u00f6r\u00e4ndringar och introducera olika f\u00f6re\u00adbyggande satsningar i r\u00e4tt tid.<br>Hon betonar vikten av att eleverna har s\u00e5v\u00e4l kommunala som frist\u00e5ende skolor att v\u00e4lja mellan i en kommun. De b\u00e5da skolformerna kompletterar och sporrar varandra till att st\u00e4ndigt utvecklas och erbjuda en h\u00f6gre kvalitet p\u00e5 sin verksamhet. Det g\u00f6r att s\u00e5v\u00e4l de kommunala som frist\u00e5ende skolorna kontinuerligt utvecklas.<br>\u2013 P\u00e5 friskolor som har ett stort eget beslutsmandat \u00e4r det ofta l\u00e4ttare att f\u00e5 l\u00e4rarna att k\u00e4nna engagemang och ansvar f\u00f6r sin insats. Frist\u00e5ende skolor kan f\u00e5 sina medarbetare att k\u00e4nna sig uppskattade och att n\u00e5gon verkligen lyssnar och tar till sig deras id\u00e9er, s\u00e4ger hon.<\/p>\n\n\n\n<p><strong>Tydlig v\u00e4rdegrund kr\u00e4vs<\/strong><br>En engagerad och skolkunnig huvudman i kombination med en tydlig och transparent v\u00e4rdegrund \u00e4r, enligt Karin J\u00e4rleby, n\u00e5gra av de frist\u00e5ende skolornas viktigaste framg\u00e5ngsfaktorer. I en organisation d\u00e4r det \u00e4r tydligt vart man \u00e4r p\u00e5 v\u00e4g trivs i allm\u00e4nhet s\u00e5v\u00e4l l\u00e4rare som elever.<br>\u2013 Jag upplever att friskolor generellt sett \u00e4r bra p\u00e5 att verkligen fokusera p\u00e5 att st\u00e4ndigt f\u00f6rb\u00e4ttra och utveckla k\u00e4rnverksamheten. Det hj\u00e4lper f\u00f6rst\u00e5s att de slipper \u00e4gna tid \u00e5t satsningar och projekt som initierats av huvudmannen och som inte n\u00f6dv\u00e4ndigtvis \u00e4r relevanta f\u00f6r varje enskild skola, s\u00e4ger Karin J\u00e4rleby.<\/p>\n","protected":false},"excerpt":{"rendered":"<p>Friskolornas fr\u00e4msta styrka \u00e4r det korta avst\u00e5ndet fr\u00e5n tanke till handling<\/p>\n","protected":false},"author":2,"featured_media":6793,"comment_status":"closed","ping_status":"open","sticky":false,"template":"","format":"standard","meta":{"_acf_changed":false,"_monsterinsights_skip_tracking":false,"_monsterinsights_sitenote_active":false,"_monsterinsights_sitenote_note":"","_monsterinsights_sitenote_category":0,"footnotes":""},"categories":[1],"tags":[46,80,91,452,110,178,328,385],"class_list":["post-6792","post","type-post","status-publish","format-standard","has-post-thumbnail","hentry","category-artikel","tag-beslutsmandat","tag-engagemang","tag-forbattring","tag-forbattringsarbete","tag-friskolor","tag-korta-beslutsvagar","tag-sjalvstyre","tag-taby-friskola"],"acf":[],"yoast_head":"<!-- This site is optimized with the Yoast SEO plugin v27.3 - https:\/\/yoast.com\/product\/yoast-seo-wordpress\/ -->\n<title>Friskolornas sj\u00e4lvstyre bidrar till engagerade l\u00e4rare - Framtidens Karri\u00e4r \u2013 Grundskolel\u00e4rare<\/title>\n<meta name=\"robots\" content=\"index, follow, max-snippet:-1, max-image-preview:large, max-video-preview:-1\" \/>\n<link rel=\"canonical\" href=\"https:\/\/lararkarriar.se\/grundskola\/2020\/02\/11\/friskolornas-sjalvstyre-bidrar-till-engagerade-larare\/\" \/>\n<meta property=\"og:locale\" content=\"sv_SE\" \/>\n<meta property=\"og:type\" content=\"article\" \/>\n<meta property=\"og:title\" content=\"Friskolornas sj\u00e4lvstyre bidrar till engagerade l\u00e4rare - Framtidens Karri\u00e4r \u2013 Grundskolel\u00e4rare\" \/>\n<meta property=\"og:description\" content=\"Friskolornas fr\u00e4msta styrka \u00e4r det korta avst\u00e5ndet fr\u00e5n tanke till handling\" \/>\n<meta property=\"og:url\" content=\"https:\/\/lararkarriar.se\/grundskola\/2020\/02\/11\/friskolornas-sjalvstyre-bidrar-till-engagerade-larare\/\" \/>\n<meta property=\"og:site_name\" content=\"Framtidens Karri\u00e4r \u2013 Grundskolel\u00e4rare\" \/>\n<meta property=\"article:published_time\" content=\"2020-02-11T15:24:48+00:00\" \/>\n<meta property=\"article:modified_time\" content=\"2020-11-10T11:28:54+00:00\" \/>\n<meta property=\"og:image\" content=\"https:\/\/lararkarriar.se\/grundskola\/wp-content\/uploads\/sites\/12\/2020\/02\/taby-r9q2915.jpg\" \/>\n\t<meta property=\"og:image:width\" content=\"1000\" \/>\n\t<meta property=\"og:image:height\" content=\"638\" \/>\n\t<meta property=\"og:image:type\" content=\"image\/jpeg\" \/>\n<meta name=\"author\" content=\"viktorwallen\" \/>\n<meta name=\"twitter:card\" content=\"summary_large_image\" \/>\n<meta name=\"twitter:label1\" content=\"Skriven av\" \/>\n\t<meta name=\"twitter:data1\" content=\"viktorwallen\" \/>\n\t<meta name=\"twitter:label2\" content=\"Ber\u00e4knad l\u00e4stid\" \/>\n\t<meta name=\"twitter:data2\" content=\"2 minuter\" \/>\n<script type=\"application\/ld+json\" class=\"yoast-schema-graph\">{\"@context\":\"https:\\\/\\\/schema.org\",\"@graph\":[{\"@type\":\"Article\",\"@id\":\"https:\\\/\\\/lararkarriar.se\\\/grundskola\\\/2020\\\/02\\\/11\\\/friskolornas-sjalvstyre-bidrar-till-engagerade-larare\\\/#article\",\"isPartOf\":{\"@id\":\"https:\\\/\\\/lararkarriar.se\\\/grundskola\\\/2020\\\/02\\\/11\\\/friskolornas-sjalvstyre-bidrar-till-engagerade-larare\\\/\"},\"author\":{\"name\":\"viktorwallen\",\"@id\":\"https:\\\/\\\/lararkarriar.se\\\/grundskola\\\/#\\\/schema\\\/person\\\/2a13a849ec7646386c2211f59afe3083\"},\"headline\":\"Friskolornas sj\u00e4lvstyre bidrar till engagerade l\u00e4rare\",\"datePublished\":\"2020-02-11T15:24:48+00:00\",\"dateModified\":\"2020-11-10T11:28:54+00:00\",\"mainEntityOfPage\":{\"@id\":\"https:\\\/\\\/lararkarriar.se\\\/grundskola\\\/2020\\\/02\\\/11\\\/friskolornas-sjalvstyre-bidrar-till-engagerade-larare\\\/\"},\"wordCount\":487,\"image\":{\"@id\":\"https:\\\/\\\/lararkarriar.se\\\/grundskola\\\/2020\\\/02\\\/11\\\/friskolornas-sjalvstyre-bidrar-till-engagerade-larare\\\/#primaryimage\"},\"thumbnailUrl\":\"https:\\\/\\\/lararkarriar.se\\\/grundskola\\\/wp-content\\\/uploads\\\/sites\\\/12\\\/2020\\\/02\\\/taby-r9q2915.jpg\",\"keywords\":[\"Beslutsmandat\",\"Engagemang\",\"F\u00f6rb\u00e4ttring\",\"F\u00f6rb\u00e4ttringsarbete\",\"Friskolor\",\"Korta beslutsv\u00e4gar\",\"Sj\u00e4lvstyre\",\"T\u00e4by Friskola\"],\"articleSection\":[\"Artikel\"],\"inLanguage\":\"sv-SE\"},{\"@type\":\"WebPage\",\"@id\":\"https:\\\/\\\/lararkarriar.se\\\/grundskola\\\/2020\\\/02\\\/11\\\/friskolornas-sjalvstyre-bidrar-till-engagerade-larare\\\/\",\"url\":\"https:\\\/\\\/lararkarriar.se\\\/grundskola\\\/2020\\\/02\\\/11\\\/friskolornas-sjalvstyre-bidrar-till-engagerade-larare\\\/\",\"name\":\"Friskolornas sj\u00e4lvstyre bidrar till engagerade l\u00e4rare - Framtidens Karri\u00e4r \u2013 Grundskolel\u00e4rare\",\"isPartOf\":{\"@id\":\"https:\\\/\\\/lararkarriar.se\\\/grundskola\\\/#website\"},\"primaryImageOfPage\":{\"@id\":\"https:\\\/\\\/lararkarriar.se\\\/grundskola\\\/2020\\\/02\\\/11\\\/friskolornas-sjalvstyre-bidrar-till-engagerade-larare\\\/#primaryimage\"},\"image\":{\"@id\":\"https:\\\/\\\/lararkarriar.se\\\/grundskola\\\/2020\\\/02\\\/11\\\/friskolornas-sjalvstyre-bidrar-till-engagerade-larare\\\/#primaryimage\"},\"thumbnailUrl\":\"https:\\\/\\\/lararkarriar.se\\\/grundskola\\\/wp-content\\\/uploads\\\/sites\\\/12\\\/2020\\\/02\\\/taby-r9q2915.jpg\",\"datePublished\":\"2020-02-11T15:24:48+00:00\",\"dateModified\":\"2020-11-10T11:28:54+00:00\",\"author\":{\"@id\":\"https:\\\/\\\/lararkarriar.se\\\/grundskola\\\/#\\\/schema\\\/person\\\/2a13a849ec7646386c2211f59afe3083\"},\"breadcrumb\":{\"@id\":\"https:\\\/\\\/lararkarriar.se\\\/grundskola\\\/2020\\\/02\\\/11\\\/friskolornas-sjalvstyre-bidrar-till-engagerade-larare\\\/#breadcrumb\"},\"inLanguage\":\"sv-SE\",\"potentialAction\":[{\"@type\":\"ReadAction\",\"target\":[\"https:\\\/\\\/lararkarriar.se\\\/grundskola\\\/2020\\\/02\\\/11\\\/friskolornas-sjalvstyre-bidrar-till-engagerade-larare\\\/\"]}]},{\"@type\":\"ImageObject\",\"inLanguage\":\"sv-SE\",\"@id\":\"https:\\\/\\\/lararkarriar.se\\\/grundskola\\\/2020\\\/02\\\/11\\\/friskolornas-sjalvstyre-bidrar-till-engagerade-larare\\\/#primaryimage\",\"url\":\"https:\\\/\\\/lararkarriar.se\\\/grundskola\\\/wp-content\\\/uploads\\\/sites\\\/12\\\/2020\\\/02\\\/taby-r9q2915.jpg\",\"contentUrl\":\"https:\\\/\\\/lararkarriar.se\\\/grundskola\\\/wp-content\\\/uploads\\\/sites\\\/12\\\/2020\\\/02\\\/taby-r9q2915.jpg\",\"width\":1000,\"height\":638,\"caption\":\"Karin J\u00e4rleby, rektor p\u00e5 T\u00e4by Friskola. Foto: Jakob Fridholm\"},{\"@type\":\"BreadcrumbList\",\"@id\":\"https:\\\/\\\/lararkarriar.se\\\/grundskola\\\/2020\\\/02\\\/11\\\/friskolornas-sjalvstyre-bidrar-till-engagerade-larare\\\/#breadcrumb\",\"itemListElement\":[{\"@type\":\"ListItem\",\"position\":1,\"name\":\"Home\",\"item\":\"https:\\\/\\\/lararkarriar.se\\\/grundskola\\\/\"},{\"@type\":\"ListItem\",\"position\":2,\"name\":\"Friskolornas sj\u00e4lvstyre bidrar till engagerade l\u00e4rare\"}]},{\"@type\":\"WebSite\",\"@id\":\"https:\\\/\\\/lararkarriar.se\\\/grundskola\\\/#website\",\"url\":\"https:\\\/\\\/lararkarriar.se\\\/grundskola\\\/\",\"name\":\"Framtidens Karri\u00e4r \u2013 Grundskolel\u00e4rare\",\"description\":\"Just another NMDashboard.se Sites site\",\"potentialAction\":[{\"@type\":\"SearchAction\",\"target\":{\"@type\":\"EntryPoint\",\"urlTemplate\":\"https:\\\/\\\/lararkarriar.se\\\/grundskola\\\/?s={search_term_string}\"},\"query-input\":{\"@type\":\"PropertyValueSpecification\",\"valueRequired\":true,\"valueName\":\"search_term_string\"}}],\"inLanguage\":\"sv-SE\"},{\"@type\":\"Person\",\"@id\":\"https:\\\/\\\/lararkarriar.se\\\/grundskola\\\/#\\\/schema\\\/person\\\/2a13a849ec7646386c2211f59afe3083\",\"name\":\"viktorwallen\",\"image\":{\"@type\":\"ImageObject\",\"inLanguage\":\"sv-SE\",\"@id\":\"https:\\\/\\\/secure.gravatar.com\\\/avatar\\\/701701bd36169636031933997c8c6b954f2f635bbb7cd4802e4a007f9c9f4e59?s=96&d=mm&r=g\",\"url\":\"https:\\\/\\\/secure.gravatar.com\\\/avatar\\\/701701bd36169636031933997c8c6b954f2f635bbb7cd4802e4a007f9c9f4e59?s=96&d=mm&r=g\",\"contentUrl\":\"https:\\\/\\\/secure.gravatar.com\\\/avatar\\\/701701bd36169636031933997c8c6b954f2f635bbb7cd4802e4a007f9c9f4e59?s=96&d=mm&r=g\",\"caption\":\"viktorwallen\"},\"url\":\"https:\\\/\\\/lararkarriar.se\\\/grundskola\\\/author\\\/viktorwallen\\\/\"}]}<\/script>\n<!-- \/ Yoast SEO plugin. -->","yoast_head_json":{"title":"Friskolornas sj\u00e4lvstyre bidrar till engagerade l\u00e4rare - Framtidens Karri\u00e4r \u2013 Grundskolel\u00e4rare","robots":{"index":"index","follow":"follow","max-snippet":"max-snippet:-1","max-image-preview":"max-image-preview:large","max-video-preview":"max-video-preview:-1"},"canonical":"https:\/\/lararkarriar.se\/grundskola\/2020\/02\/11\/friskolornas-sjalvstyre-bidrar-till-engagerade-larare\/","og_locale":"sv_SE","og_type":"article","og_title":"Friskolornas sj\u00e4lvstyre bidrar till engagerade l\u00e4rare - Framtidens Karri\u00e4r \u2013 Grundskolel\u00e4rare","og_description":"Friskolornas fr\u00e4msta styrka \u00e4r det korta avst\u00e5ndet fr\u00e5n tanke till handling","og_url":"https:\/\/lararkarriar.se\/grundskola\/2020\/02\/11\/friskolornas-sjalvstyre-bidrar-till-engagerade-larare\/","og_site_name":"Framtidens Karri\u00e4r \u2013 Grundskolel\u00e4rare","article_published_time":"2020-02-11T15:24:48+00:00","article_modified_time":"2020-11-10T11:28:54+00:00","og_image":[{"width":1000,"height":638,"url":"https:\/\/lararkarriar.se\/grundskola\/wp-content\/uploads\/sites\/12\/2020\/02\/taby-r9q2915.jpg","type":"image\/jpeg"}],"author":"viktorwallen","twitter_card":"summary_large_image","twitter_misc":{"Skriven av":"viktorwallen","Ber\u00e4knad l\u00e4stid":"2 minuter"},"schema":{"@context":"https:\/\/schema.org","@graph":[{"@type":"Article","@id":"https:\/\/lararkarriar.se\/grundskola\/2020\/02\/11\/friskolornas-sjalvstyre-bidrar-till-engagerade-larare\/#article","isPartOf":{"@id":"https:\/\/lararkarriar.se\/grundskola\/2020\/02\/11\/friskolornas-sjalvstyre-bidrar-till-engagerade-larare\/"},"author":{"name":"viktorwallen","@id":"https:\/\/lararkarriar.se\/grundskola\/#\/schema\/person\/2a13a849ec7646386c2211f59afe3083"},"headline":"Friskolornas sj\u00e4lvstyre bidrar till engagerade l\u00e4rare","datePublished":"2020-02-11T15:24:48+00:00","dateModified":"2020-11-10T11:28:54+00:00","mainEntityOfPage":{"@id":"https:\/\/lararkarriar.se\/grundskola\/2020\/02\/11\/friskolornas-sjalvstyre-bidrar-till-engagerade-larare\/"},"wordCount":487,"image":{"@id":"https:\/\/lararkarriar.se\/grundskola\/2020\/02\/11\/friskolornas-sjalvstyre-bidrar-till-engagerade-larare\/#primaryimage"},"thumbnailUrl":"https:\/\/lararkarriar.se\/grundskola\/wp-content\/uploads\/sites\/12\/2020\/02\/taby-r9q2915.jpg","keywords":["Beslutsmandat","Engagemang","F\u00f6rb\u00e4ttring","F\u00f6rb\u00e4ttringsarbete","Friskolor","Korta beslutsv\u00e4gar","Sj\u00e4lvstyre","T\u00e4by Friskola"],"articleSection":["Artikel"],"inLanguage":"sv-SE"},{"@type":"WebPage","@id":"https:\/\/lararkarriar.se\/grundskola\/2020\/02\/11\/friskolornas-sjalvstyre-bidrar-till-engagerade-larare\/","url":"https:\/\/lararkarriar.se\/grundskola\/2020\/02\/11\/friskolornas-sjalvstyre-bidrar-till-engagerade-larare\/","name":"Friskolornas sj\u00e4lvstyre bidrar till engagerade l\u00e4rare - Framtidens Karri\u00e4r \u2013 Grundskolel\u00e4rare","isPartOf":{"@id":"https:\/\/lararkarriar.se\/grundskola\/#website"},"primaryImageOfPage":{"@id":"https:\/\/lararkarriar.se\/grundskola\/2020\/02\/11\/friskolornas-sjalvstyre-bidrar-till-engagerade-larare\/#primaryimage"},"image":{"@id":"https:\/\/lararkarriar.se\/grundskola\/2020\/02\/11\/friskolornas-sjalvstyre-bidrar-till-engagerade-larare\/#primaryimage"},"thumbnailUrl":"https:\/\/lararkarriar.se\/grundskola\/wp-content\/uploads\/sites\/12\/2020\/02\/taby-r9q2915.jpg","datePublished":"2020-02-11T15:24:48+00:00","dateModified":"2020-11-10T11:28:54+00:00","author":{"@id":"https:\/\/lararkarriar.se\/grundskola\/#\/schema\/person\/2a13a849ec7646386c2211f59afe3083"},"breadcrumb":{"@id":"https:\/\/lararkarriar.se\/grundskola\/2020\/02\/11\/friskolornas-sjalvstyre-bidrar-till-engagerade-larare\/#breadcrumb"},"inLanguage":"sv-SE","potentialAction":[{"@type":"ReadAction","target":["https:\/\/lararkarriar.se\/grundskola\/2020\/02\/11\/friskolornas-sjalvstyre-bidrar-till-engagerade-larare\/"]}]},{"@type":"ImageObject","inLanguage":"sv-SE","@id":"https:\/\/lararkarriar.se\/grundskola\/2020\/02\/11\/friskolornas-sjalvstyre-bidrar-till-engagerade-larare\/#primaryimage","url":"https:\/\/lararkarriar.se\/grundskola\/wp-content\/uploads\/sites\/12\/2020\/02\/taby-r9q2915.jpg","contentUrl":"https:\/\/lararkarriar.se\/grundskola\/wp-content\/uploads\/sites\/12\/2020\/02\/taby-r9q2915.jpg","width":1000,"height":638,"caption":"Karin J\u00e4rleby, rektor p\u00e5 T\u00e4by Friskola. Foto: Jakob Fridholm"},{"@type":"BreadcrumbList","@id":"https:\/\/lararkarriar.se\/grundskola\/2020\/02\/11\/friskolornas-sjalvstyre-bidrar-till-engagerade-larare\/#breadcrumb","itemListElement":[{"@type":"ListItem","position":1,"name":"Home","item":"https:\/\/lararkarriar.se\/grundskola\/"},{"@type":"ListItem","position":2,"name":"Friskolornas sj\u00e4lvstyre bidrar till engagerade l\u00e4rare"}]},{"@type":"WebSite","@id":"https:\/\/lararkarriar.se\/grundskola\/#website","url":"https:\/\/lararkarriar.se\/grundskola\/","name":"Framtidens Karri\u00e4r \u2013 Grundskolel\u00e4rare","description":"Just another NMDashboard.se Sites site","potentialAction":[{"@type":"SearchAction","target":{"@type":"EntryPoint","urlTemplate":"https:\/\/lararkarriar.se\/grundskola\/?s={search_term_string}"},"query-input":{"@type":"PropertyValueSpecification","valueRequired":true,"valueName":"search_term_string"}}],"inLanguage":"sv-SE"},{"@type":"Person","@id":"https:\/\/lararkarriar.se\/grundskola\/#\/schema\/person\/2a13a849ec7646386c2211f59afe3083","name":"viktorwallen","image":{"@type":"ImageObject","inLanguage":"sv-SE","@id":"https:\/\/secure.gravatar.com\/avatar\/701701bd36169636031933997c8c6b954f2f635bbb7cd4802e4a007f9c9f4e59?s=96&d=mm&r=g","url":"https:\/\/secure.gravatar.com\/avatar\/701701bd36169636031933997c8c6b954f2f635bbb7cd4802e4a007f9c9f4e59?s=96&d=mm&r=g","contentUrl":"https:\/\/secure.gravatar.com\/avatar\/701701bd36169636031933997c8c6b954f2f635bbb7cd4802e4a007f9c9f4e59?s=96&d=mm&r=g","caption":"viktorwallen"},"url":"https:\/\/lararkarriar.se\/grundskola\/author\/viktorwallen\/"}]}},"_links":{"self":[{"href":"https:\/\/lararkarriar.se\/grundskola\/wp-json\/wp\/v2\/posts\/6792","targetHints":{"allow":["GET"]}}],"collection":[{"href":"https:\/\/lararkarriar.se\/grundskola\/wp-json\/wp\/v2\/posts"}],"about":[{"href":"https:\/\/lararkarriar.se\/grundskola\/wp-json\/wp\/v2\/types\/post"}],"author":[{"embeddable":true,"href":"https:\/\/lararkarriar.se\/grundskola\/wp-json\/wp\/v2\/users\/2"}],"replies":[{"embeddable":true,"href":"https:\/\/lararkarriar.se\/grundskola\/wp-json\/wp\/v2\/comments?post=6792"}],"version-history":[{"count":3,"href":"https:\/\/lararkarriar.se\/grundskola\/wp-json\/wp\/v2\/posts\/6792\/revisions"}],"predecessor-version":[{"id":7114,"href":"https:\/\/lararkarriar.se\/grundskola\/wp-json\/wp\/v2\/posts\/6792\/revisions\/7114"}],"wp:featuredmedia":[{"embeddable":true,"href":"https:\/\/lararkarriar.se\/grundskola\/wp-json\/wp\/v2\/media\/6793"}],"wp:attachment":[{"href":"https:\/\/lararkarriar.se\/grundskola\/wp-json\/wp\/v2\/media?parent=6792"}],"wp:term":[{"taxonomy":"category","embeddable":true,"href":"https:\/\/lararkarriar.se\/grundskola\/wp-json\/wp\/v2\/categories?post=6792"},{"taxonomy":"post_tag","embeddable":true,"href":"https:\/\/lararkarriar.se\/grundskola\/wp-json\/wp\/v2\/tags?post=6792"}],"curies":[{"name":"wp","href":"https:\/\/api.w.org\/{rel}","templated":true}]}}