{"id":6797,"date":"2020-02-11T15:38:41","date_gmt":"2020-02-11T15:38:41","guid":{"rendered":"https:\/\/lararkarriar.se\/grundskola\/?p=6797"},"modified":"2020-11-10T11:23:46","modified_gmt":"2020-11-10T11:23:46","slug":"kalix-i-topp-bland-sveriges-skolkommuner","status":"publish","type":"post","link":"https:\/\/lararkarriar.se\/grundskola\/2020\/02\/11\/kalix-i-topp-bland-sveriges-skolkommuner\/","title":{"rendered":"Kalix i topp bland Sveriges skolkommuner"},"content":{"rendered":"\n<figure class=\"wp-block-image alignnone size-full wp-image-6798\"><img loading=\"lazy\" decoding=\"async\" width=\"1000\" height=\"618\" src=\"https:\/\/lararkarriar.se\/grundskola\/wp-content\/uploads\/sites\/12\/2020\/02\/kalix-img-0120-redigera.jpg\" alt=\"Charlotte Sundqvist \u00e4r skolchef i Kalix som hamnade p\u00e5 en hedrande tredje plats i L\u00e4rarf\u00f6rbundets ranking av landets 290 kommuner.\" class=\"wp-image-6798\" srcset=\"https:\/\/lararkarriar.se\/grundskola\/wp-content\/uploads\/sites\/12\/2020\/02\/kalix-img-0120-redigera.jpg 1000w, https:\/\/lararkarriar.se\/grundskola\/wp-content\/uploads\/sites\/12\/2020\/02\/kalix-img-0120-redigera-300x185.jpg 300w, https:\/\/lararkarriar.se\/grundskola\/wp-content\/uploads\/sites\/12\/2020\/02\/kalix-img-0120-redigera-768x475.jpg 768w, https:\/\/lararkarriar.se\/grundskola\/wp-content\/uploads\/sites\/12\/2020\/02\/kalix-img-0120-redigera-259x160.jpg 259w, https:\/\/lararkarriar.se\/grundskola\/wp-content\/uploads\/sites\/12\/2020\/02\/kalix-img-0120-redigera-526x325.jpg 526w, https:\/\/lararkarriar.se\/grundskola\/wp-content\/uploads\/sites\/12\/2020\/02\/kalix-img-0120-redigera-720x445.jpg 720w, https:\/\/lararkarriar.se\/grundskola\/wp-content\/uploads\/sites\/12\/2020\/02\/kalix-img-0120-redigera-960x593.jpg 960w\" sizes=\"auto, (max-width: 1000px) 100vw, 1000px\" \/><figcaption>Charlotte Sundqvist \u00e4r skolchef i Kalix som hamnade p\u00e5 en hedrande tredje plats i L\u00e4rarf\u00f6rbundets ranking av landets 290 kommuner.<\/figcaption><\/figure>\n\n\n\n<p><strong>Kalix hamnade p\u00e5 en hedrande tredje plats i L\u00e4rarf\u00f6rbundets ranking av landets 290 kommuner. Samtidigt uts\u00e5gs Kalix till Norrbottens b\u00e4sta skolkommun. Bakom framg\u00e5ngen finns en m\u00e5lmedveten satsning p\u00e5 att utveckla kvaliteten i undervisningen.<\/strong><\/p>\n\n\n\n<p>Skolchef Charlotte Sundqvist \u00e4r f\u00f6rst\u00e5s glad \u00f6ver utm\u00e4rkelsen men betonar samtidigt att det viktigaste inte \u00e4r den fina placeringen utan att allt fler elever n\u00e5r m\u00e5len.<br>\u2013 Det \u00e4r naturligtvis roligt att det vi g\u00f6r nu ger resultat i en ranking, men jag har hela tiden haft ett lugn i att vi har en bra skola och duktig personal.<br>Kalix kommun har under de senaste tio \u00e5ren arbetat mycket strukturerat med att utveckla kvaliteten i undervisningen.<br>\u2013 Vi har minskat p\u00e5 centrala resurser till f\u00f6rm\u00e5n f\u00f6r det som sker i klassrummen. Till exempel \u00e4r verksamhetsutvecklarna ett verktyg f\u00f6r rektorer och l\u00e4rare, d\u00e5 de idag fungerar som rektors f\u00f6rl\u00e4ngda arm ute i klassrummen d\u00e4r de st\u00f6ttar l\u00e4rarna efter behov.<br>Verksamhetsutvecklarna har ocks\u00e5 ansvar f\u00f6r att underh\u00e5lla ig\u00e5ngsatta projekt och arbetss\u00e4tt.<br>\u2013 Ett exempel \u00e4r l\u00e4slyftet och matematiklyftet som kom f\u00f6r ett par \u00e5r sedan. M\u00e5nga l\u00e4rare har g\u00e5tt utbildningen, men f\u00f6r att det ska ge effekt i klassrummet kr\u00e4vs ocks\u00e5 att man jobbar efter principen, s\u00e4ger Charlotte.<\/p>\n\n\n\n<blockquote class=\"wp-block-quote is-layout-flow wp-block-quote-is-layout-flow\"><p>&#8221;V\u00e5rt m\u00e5l \u00e4r att tillhandah\u00e5lla en s\u00e5 bra skola som m\u00f6jligt f\u00f6r v\u00e5ra barn och elever&#8221;<\/p><\/blockquote>\n\n\n\n<p><strong>M\u00e5nga pusselbitar<\/strong><br>Kommunens skolor har \u00e4ven arbetat aktivt med Specialpedagogiska skolmyndigheten, SPSM, kring elever med s\u00e4rskilda behov.<br>\u2013 Vi har f\u00f6rs\u00f6kt skapa milj\u00f6er och lokaler som \u00e4r anpassade f\u00f6r alla elever, ber\u00e4ttar Charlotte.<br>Tv\u00e5 andra viktiga pusselbitar i arbetet med att \u00f6ka kvaliteten i undervisningen har varit tidig uppt\u00e4ckt samt \u00f6verg\u00e5ngen mellan stadier.<br>\u2013 Vi \u00e4r ute och m\u00f6ter f\u00f6r\u00e4ldrarna, ber\u00e4ttar att vi finns och att de kan v\u00e4nda sig till oss n\u00e4r de m\u00f6ter utmaningar med barnen. Vi pratar \u00e4ven om kost och h\u00e4lsa, sk\u00e4rmtid och anknytning och om hur viktiga f\u00f6r\u00e4ldrarna \u00e4r f\u00f6r sina barn.<br>Framg\u00e5ngsreceptet f\u00f6r Kalix skolor \u00e4r allts\u00e5 en strukturerad organisation, tydlighet samt ett fokus p\u00e5 l\u00e4rande, inte administration.<br>\u2013 Vi ser ocks\u00e5 till att driva igenom det vi p\u00e5b\u00f6rjat, inget ska rinna ut i sanden. V\u00e5rt m\u00e5l \u00e4r att tillhandah\u00e5lla en s\u00e5 bra skola som m\u00f6jligt f\u00f6r v\u00e5ra barn och elever. Om det leder till att vi hamnar h\u00f6gt i rankingar s\u00e5 \u00e4r det bara en bonus, avslutar Charlotte Sundqvist.<\/p>\n","protected":false},"excerpt":{"rendered":"<p>Bakom framg\u00e5ngen finns en m\u00e5lmedveten satsning p\u00e5 att utveckla kvaliteten i undervisningen.<\/p>\n","protected":false},"author":2,"featured_media":6798,"comment_status":"closed","ping_status":"open","sticky":false,"template":"","format":"standard","meta":{"_acf_changed":false,"_monsterinsights_skip_tracking":false,"_monsterinsights_sitenote_active":false,"_monsterinsights_sitenote_note":"","_monsterinsights_sitenote_category":0,"footnotes":""},"categories":[1],"tags":[162,204,206,300,356,358,451],"class_list":["post-6797","post","type-post","status-publish","format-standard","has-post-thumbnail","hentry","category-artikel","tag-kalix-kommun","tag-lararforbundet","tag-lararforbundets-ranking","tag-ranking","tag-specialpedagogiska-skolmyndigheten","tag-spsm","tag-utmarkelser"],"acf":[],"yoast_head":"<!-- This site is optimized with the Yoast SEO plugin v27.3 - https:\/\/yoast.com\/product\/yoast-seo-wordpress\/ -->\n<title>Kalix i topp bland Sveriges skolkommuner - Framtidens Karri\u00e4r \u2013 Grundskolel\u00e4rare<\/title>\n<meta name=\"robots\" content=\"index, follow, max-snippet:-1, max-image-preview:large, max-video-preview:-1\" \/>\n<link rel=\"canonical\" href=\"https:\/\/lararkarriar.se\/grundskola\/2020\/02\/11\/kalix-i-topp-bland-sveriges-skolkommuner\/\" \/>\n<meta property=\"og:locale\" content=\"sv_SE\" \/>\n<meta property=\"og:type\" content=\"article\" \/>\n<meta property=\"og:title\" content=\"Kalix i topp bland Sveriges skolkommuner - Framtidens Karri\u00e4r \u2013 Grundskolel\u00e4rare\" \/>\n<meta property=\"og:description\" content=\"Bakom framg\u00e5ngen finns en m\u00e5lmedveten satsning p\u00e5 att utveckla kvaliteten i undervisningen.\" \/>\n<meta property=\"og:url\" content=\"https:\/\/lararkarriar.se\/grundskola\/2020\/02\/11\/kalix-i-topp-bland-sveriges-skolkommuner\/\" \/>\n<meta property=\"og:site_name\" content=\"Framtidens Karri\u00e4r \u2013 Grundskolel\u00e4rare\" \/>\n<meta property=\"article:published_time\" content=\"2020-02-11T15:38:41+00:00\" \/>\n<meta property=\"article:modified_time\" content=\"2020-11-10T11:23:46+00:00\" \/>\n<meta property=\"og:image\" content=\"https:\/\/lararkarriar.se\/grundskola\/wp-content\/uploads\/sites\/12\/2020\/02\/kalix-img-0120-redigera.jpg\" \/>\n\t<meta property=\"og:image:width\" content=\"1000\" \/>\n\t<meta property=\"og:image:height\" content=\"618\" \/>\n\t<meta property=\"og:image:type\" content=\"image\/jpeg\" \/>\n<meta name=\"author\" content=\"viktorwallen\" \/>\n<meta name=\"twitter:card\" content=\"summary_large_image\" \/>\n<meta name=\"twitter:label1\" content=\"Skriven av\" \/>\n\t<meta name=\"twitter:data1\" content=\"viktorwallen\" \/>\n\t<meta name=\"twitter:label2\" content=\"Ber\u00e4knad l\u00e4stid\" \/>\n\t<meta name=\"twitter:data2\" content=\"2 minuter\" \/>\n<script type=\"application\/ld+json\" class=\"yoast-schema-graph\">{\"@context\":\"https:\\\/\\\/schema.org\",\"@graph\":[{\"@type\":\"Article\",\"@id\":\"https:\\\/\\\/lararkarriar.se\\\/grundskola\\\/2020\\\/02\\\/11\\\/kalix-i-topp-bland-sveriges-skolkommuner\\\/#article\",\"isPartOf\":{\"@id\":\"https:\\\/\\\/lararkarriar.se\\\/grundskola\\\/2020\\\/02\\\/11\\\/kalix-i-topp-bland-sveriges-skolkommuner\\\/\"},\"author\":{\"name\":\"viktorwallen\",\"@id\":\"https:\\\/\\\/lararkarriar.se\\\/grundskola\\\/#\\\/schema\\\/person\\\/2a13a849ec7646386c2211f59afe3083\"},\"headline\":\"Kalix i topp bland Sveriges skolkommuner\",\"datePublished\":\"2020-02-11T15:38:41+00:00\",\"dateModified\":\"2020-11-10T11:23:46+00:00\",\"mainEntityOfPage\":{\"@id\":\"https:\\\/\\\/lararkarriar.se\\\/grundskola\\\/2020\\\/02\\\/11\\\/kalix-i-topp-bland-sveriges-skolkommuner\\\/\"},\"wordCount\":474,\"image\":{\"@id\":\"https:\\\/\\\/lararkarriar.se\\\/grundskola\\\/2020\\\/02\\\/11\\\/kalix-i-topp-bland-sveriges-skolkommuner\\\/#primaryimage\"},\"thumbnailUrl\":\"https:\\\/\\\/lararkarriar.se\\\/grundskola\\\/wp-content\\\/uploads\\\/sites\\\/12\\\/2020\\\/02\\\/kalix-img-0120-redigera.jpg\",\"keywords\":[\"Kalix kommun\",\"L\u00e4rarf\u00f6rbundet\",\"L\u00e4rarf\u00f6rbundets ranking\",\"Ranking\",\"Specialpedagogiska skolmyndigheten\",\"SPSM\",\"Utm\u00e4rkelser\"],\"articleSection\":[\"Artikel\"],\"inLanguage\":\"sv-SE\"},{\"@type\":\"WebPage\",\"@id\":\"https:\\\/\\\/lararkarriar.se\\\/grundskola\\\/2020\\\/02\\\/11\\\/kalix-i-topp-bland-sveriges-skolkommuner\\\/\",\"url\":\"https:\\\/\\\/lararkarriar.se\\\/grundskola\\\/2020\\\/02\\\/11\\\/kalix-i-topp-bland-sveriges-skolkommuner\\\/\",\"name\":\"Kalix i topp bland Sveriges skolkommuner - Framtidens Karri\u00e4r \u2013 Grundskolel\u00e4rare\",\"isPartOf\":{\"@id\":\"https:\\\/\\\/lararkarriar.se\\\/grundskola\\\/#website\"},\"primaryImageOfPage\":{\"@id\":\"https:\\\/\\\/lararkarriar.se\\\/grundskola\\\/2020\\\/02\\\/11\\\/kalix-i-topp-bland-sveriges-skolkommuner\\\/#primaryimage\"},\"image\":{\"@id\":\"https:\\\/\\\/lararkarriar.se\\\/grundskola\\\/2020\\\/02\\\/11\\\/kalix-i-topp-bland-sveriges-skolkommuner\\\/#primaryimage\"},\"thumbnailUrl\":\"https:\\\/\\\/lararkarriar.se\\\/grundskola\\\/wp-content\\\/uploads\\\/sites\\\/12\\\/2020\\\/02\\\/kalix-img-0120-redigera.jpg\",\"datePublished\":\"2020-02-11T15:38:41+00:00\",\"dateModified\":\"2020-11-10T11:23:46+00:00\",\"author\":{\"@id\":\"https:\\\/\\\/lararkarriar.se\\\/grundskola\\\/#\\\/schema\\\/person\\\/2a13a849ec7646386c2211f59afe3083\"},\"breadcrumb\":{\"@id\":\"https:\\\/\\\/lararkarriar.se\\\/grundskola\\\/2020\\\/02\\\/11\\\/kalix-i-topp-bland-sveriges-skolkommuner\\\/#breadcrumb\"},\"inLanguage\":\"sv-SE\",\"potentialAction\":[{\"@type\":\"ReadAction\",\"target\":[\"https:\\\/\\\/lararkarriar.se\\\/grundskola\\\/2020\\\/02\\\/11\\\/kalix-i-topp-bland-sveriges-skolkommuner\\\/\"]}]},{\"@type\":\"ImageObject\",\"inLanguage\":\"sv-SE\",\"@id\":\"https:\\\/\\\/lararkarriar.se\\\/grundskola\\\/2020\\\/02\\\/11\\\/kalix-i-topp-bland-sveriges-skolkommuner\\\/#primaryimage\",\"url\":\"https:\\\/\\\/lararkarriar.se\\\/grundskola\\\/wp-content\\\/uploads\\\/sites\\\/12\\\/2020\\\/02\\\/kalix-img-0120-redigera.jpg\",\"contentUrl\":\"https:\\\/\\\/lararkarriar.se\\\/grundskola\\\/wp-content\\\/uploads\\\/sites\\\/12\\\/2020\\\/02\\\/kalix-img-0120-redigera.jpg\",\"width\":1000,\"height\":618,\"caption\":\"Charlotte Sundqvist \u00e4r skolchef i Kalix som hamnade p\u00e5 en hedrande tredje plats i L\u00e4rarf\u00f6rbundets ranking av landets 290 kommuner.\"},{\"@type\":\"BreadcrumbList\",\"@id\":\"https:\\\/\\\/lararkarriar.se\\\/grundskola\\\/2020\\\/02\\\/11\\\/kalix-i-topp-bland-sveriges-skolkommuner\\\/#breadcrumb\",\"itemListElement\":[{\"@type\":\"ListItem\",\"position\":1,\"name\":\"Home\",\"item\":\"https:\\\/\\\/lararkarriar.se\\\/grundskola\\\/\"},{\"@type\":\"ListItem\",\"position\":2,\"name\":\"Kalix i topp bland Sveriges skolkommuner\"}]},{\"@type\":\"WebSite\",\"@id\":\"https:\\\/\\\/lararkarriar.se\\\/grundskola\\\/#website\",\"url\":\"https:\\\/\\\/lararkarriar.se\\\/grundskola\\\/\",\"name\":\"Framtidens Karri\u00e4r \u2013 Grundskolel\u00e4rare\",\"description\":\"Just another NMDashboard.se Sites site\",\"potentialAction\":[{\"@type\":\"SearchAction\",\"target\":{\"@type\":\"EntryPoint\",\"urlTemplate\":\"https:\\\/\\\/lararkarriar.se\\\/grundskola\\\/?s={search_term_string}\"},\"query-input\":{\"@type\":\"PropertyValueSpecification\",\"valueRequired\":true,\"valueName\":\"search_term_string\"}}],\"inLanguage\":\"sv-SE\"},{\"@type\":\"Person\",\"@id\":\"https:\\\/\\\/lararkarriar.se\\\/grundskola\\\/#\\\/schema\\\/person\\\/2a13a849ec7646386c2211f59afe3083\",\"name\":\"viktorwallen\",\"image\":{\"@type\":\"ImageObject\",\"inLanguage\":\"sv-SE\",\"@id\":\"https:\\\/\\\/secure.gravatar.com\\\/avatar\\\/701701bd36169636031933997c8c6b954f2f635bbb7cd4802e4a007f9c9f4e59?s=96&d=mm&r=g\",\"url\":\"https:\\\/\\\/secure.gravatar.com\\\/avatar\\\/701701bd36169636031933997c8c6b954f2f635bbb7cd4802e4a007f9c9f4e59?s=96&d=mm&r=g\",\"contentUrl\":\"https:\\\/\\\/secure.gravatar.com\\\/avatar\\\/701701bd36169636031933997c8c6b954f2f635bbb7cd4802e4a007f9c9f4e59?s=96&d=mm&r=g\",\"caption\":\"viktorwallen\"},\"url\":\"https:\\\/\\\/lararkarriar.se\\\/grundskola\\\/author\\\/viktorwallen\\\/\"}]}<\/script>\n<!-- \/ Yoast SEO plugin. -->","yoast_head_json":{"title":"Kalix i topp bland Sveriges skolkommuner - Framtidens Karri\u00e4r \u2013 Grundskolel\u00e4rare","robots":{"index":"index","follow":"follow","max-snippet":"max-snippet:-1","max-image-preview":"max-image-preview:large","max-video-preview":"max-video-preview:-1"},"canonical":"https:\/\/lararkarriar.se\/grundskola\/2020\/02\/11\/kalix-i-topp-bland-sveriges-skolkommuner\/","og_locale":"sv_SE","og_type":"article","og_title":"Kalix i topp bland Sveriges skolkommuner - Framtidens Karri\u00e4r \u2013 Grundskolel\u00e4rare","og_description":"Bakom framg\u00e5ngen finns en m\u00e5lmedveten satsning p\u00e5 att utveckla kvaliteten i undervisningen.","og_url":"https:\/\/lararkarriar.se\/grundskola\/2020\/02\/11\/kalix-i-topp-bland-sveriges-skolkommuner\/","og_site_name":"Framtidens Karri\u00e4r \u2013 Grundskolel\u00e4rare","article_published_time":"2020-02-11T15:38:41+00:00","article_modified_time":"2020-11-10T11:23:46+00:00","og_image":[{"width":1000,"height":618,"url":"https:\/\/lararkarriar.se\/grundskola\/wp-content\/uploads\/sites\/12\/2020\/02\/kalix-img-0120-redigera.jpg","type":"image\/jpeg"}],"author":"viktorwallen","twitter_card":"summary_large_image","twitter_misc":{"Skriven av":"viktorwallen","Ber\u00e4knad l\u00e4stid":"2 minuter"},"schema":{"@context":"https:\/\/schema.org","@graph":[{"@type":"Article","@id":"https:\/\/lararkarriar.se\/grundskola\/2020\/02\/11\/kalix-i-topp-bland-sveriges-skolkommuner\/#article","isPartOf":{"@id":"https:\/\/lararkarriar.se\/grundskola\/2020\/02\/11\/kalix-i-topp-bland-sveriges-skolkommuner\/"},"author":{"name":"viktorwallen","@id":"https:\/\/lararkarriar.se\/grundskola\/#\/schema\/person\/2a13a849ec7646386c2211f59afe3083"},"headline":"Kalix i topp bland Sveriges skolkommuner","datePublished":"2020-02-11T15:38:41+00:00","dateModified":"2020-11-10T11:23:46+00:00","mainEntityOfPage":{"@id":"https:\/\/lararkarriar.se\/grundskola\/2020\/02\/11\/kalix-i-topp-bland-sveriges-skolkommuner\/"},"wordCount":474,"image":{"@id":"https:\/\/lararkarriar.se\/grundskola\/2020\/02\/11\/kalix-i-topp-bland-sveriges-skolkommuner\/#primaryimage"},"thumbnailUrl":"https:\/\/lararkarriar.se\/grundskola\/wp-content\/uploads\/sites\/12\/2020\/02\/kalix-img-0120-redigera.jpg","keywords":["Kalix kommun","L\u00e4rarf\u00f6rbundet","L\u00e4rarf\u00f6rbundets ranking","Ranking","Specialpedagogiska skolmyndigheten","SPSM","Utm\u00e4rkelser"],"articleSection":["Artikel"],"inLanguage":"sv-SE"},{"@type":"WebPage","@id":"https:\/\/lararkarriar.se\/grundskola\/2020\/02\/11\/kalix-i-topp-bland-sveriges-skolkommuner\/","url":"https:\/\/lararkarriar.se\/grundskola\/2020\/02\/11\/kalix-i-topp-bland-sveriges-skolkommuner\/","name":"Kalix i topp bland Sveriges skolkommuner - Framtidens Karri\u00e4r \u2013 Grundskolel\u00e4rare","isPartOf":{"@id":"https:\/\/lararkarriar.se\/grundskola\/#website"},"primaryImageOfPage":{"@id":"https:\/\/lararkarriar.se\/grundskola\/2020\/02\/11\/kalix-i-topp-bland-sveriges-skolkommuner\/#primaryimage"},"image":{"@id":"https:\/\/lararkarriar.se\/grundskola\/2020\/02\/11\/kalix-i-topp-bland-sveriges-skolkommuner\/#primaryimage"},"thumbnailUrl":"https:\/\/lararkarriar.se\/grundskola\/wp-content\/uploads\/sites\/12\/2020\/02\/kalix-img-0120-redigera.jpg","datePublished":"2020-02-11T15:38:41+00:00","dateModified":"2020-11-10T11:23:46+00:00","author":{"@id":"https:\/\/lararkarriar.se\/grundskola\/#\/schema\/person\/2a13a849ec7646386c2211f59afe3083"},"breadcrumb":{"@id":"https:\/\/lararkarriar.se\/grundskola\/2020\/02\/11\/kalix-i-topp-bland-sveriges-skolkommuner\/#breadcrumb"},"inLanguage":"sv-SE","potentialAction":[{"@type":"ReadAction","target":["https:\/\/lararkarriar.se\/grundskola\/2020\/02\/11\/kalix-i-topp-bland-sveriges-skolkommuner\/"]}]},{"@type":"ImageObject","inLanguage":"sv-SE","@id":"https:\/\/lararkarriar.se\/grundskola\/2020\/02\/11\/kalix-i-topp-bland-sveriges-skolkommuner\/#primaryimage","url":"https:\/\/lararkarriar.se\/grundskola\/wp-content\/uploads\/sites\/12\/2020\/02\/kalix-img-0120-redigera.jpg","contentUrl":"https:\/\/lararkarriar.se\/grundskola\/wp-content\/uploads\/sites\/12\/2020\/02\/kalix-img-0120-redigera.jpg","width":1000,"height":618,"caption":"Charlotte Sundqvist \u00e4r skolchef i Kalix som hamnade p\u00e5 en hedrande tredje plats i L\u00e4rarf\u00f6rbundets ranking av landets 290 kommuner."},{"@type":"BreadcrumbList","@id":"https:\/\/lararkarriar.se\/grundskola\/2020\/02\/11\/kalix-i-topp-bland-sveriges-skolkommuner\/#breadcrumb","itemListElement":[{"@type":"ListItem","position":1,"name":"Home","item":"https:\/\/lararkarriar.se\/grundskola\/"},{"@type":"ListItem","position":2,"name":"Kalix i topp bland Sveriges skolkommuner"}]},{"@type":"WebSite","@id":"https:\/\/lararkarriar.se\/grundskola\/#website","url":"https:\/\/lararkarriar.se\/grundskola\/","name":"Framtidens Karri\u00e4r \u2013 Grundskolel\u00e4rare","description":"Just another NMDashboard.se Sites site","potentialAction":[{"@type":"SearchAction","target":{"@type":"EntryPoint","urlTemplate":"https:\/\/lararkarriar.se\/grundskola\/?s={search_term_string}"},"query-input":{"@type":"PropertyValueSpecification","valueRequired":true,"valueName":"search_term_string"}}],"inLanguage":"sv-SE"},{"@type":"Person","@id":"https:\/\/lararkarriar.se\/grundskola\/#\/schema\/person\/2a13a849ec7646386c2211f59afe3083","name":"viktorwallen","image":{"@type":"ImageObject","inLanguage":"sv-SE","@id":"https:\/\/secure.gravatar.com\/avatar\/701701bd36169636031933997c8c6b954f2f635bbb7cd4802e4a007f9c9f4e59?s=96&d=mm&r=g","url":"https:\/\/secure.gravatar.com\/avatar\/701701bd36169636031933997c8c6b954f2f635bbb7cd4802e4a007f9c9f4e59?s=96&d=mm&r=g","contentUrl":"https:\/\/secure.gravatar.com\/avatar\/701701bd36169636031933997c8c6b954f2f635bbb7cd4802e4a007f9c9f4e59?s=96&d=mm&r=g","caption":"viktorwallen"},"url":"https:\/\/lararkarriar.se\/grundskola\/author\/viktorwallen\/"}]}},"_links":{"self":[{"href":"https:\/\/lararkarriar.se\/grundskola\/wp-json\/wp\/v2\/posts\/6797","targetHints":{"allow":["GET"]}}],"collection":[{"href":"https:\/\/lararkarriar.se\/grundskola\/wp-json\/wp\/v2\/posts"}],"about":[{"href":"https:\/\/lararkarriar.se\/grundskola\/wp-json\/wp\/v2\/types\/post"}],"author":[{"embeddable":true,"href":"https:\/\/lararkarriar.se\/grundskola\/wp-json\/wp\/v2\/users\/2"}],"replies":[{"embeddable":true,"href":"https:\/\/lararkarriar.se\/grundskola\/wp-json\/wp\/v2\/comments?post=6797"}],"version-history":[{"count":6,"href":"https:\/\/lararkarriar.se\/grundskola\/wp-json\/wp\/v2\/posts\/6797\/revisions"}],"predecessor-version":[{"id":7195,"href":"https:\/\/lararkarriar.se\/grundskola\/wp-json\/wp\/v2\/posts\/6797\/revisions\/7195"}],"wp:featuredmedia":[{"embeddable":true,"href":"https:\/\/lararkarriar.se\/grundskola\/wp-json\/wp\/v2\/media\/6798"}],"wp:attachment":[{"href":"https:\/\/lararkarriar.se\/grundskola\/wp-json\/wp\/v2\/media?parent=6797"}],"wp:term":[{"taxonomy":"category","embeddable":true,"href":"https:\/\/lararkarriar.se\/grundskola\/wp-json\/wp\/v2\/categories?post=6797"},{"taxonomy":"post_tag","embeddable":true,"href":"https:\/\/lararkarriar.se\/grundskola\/wp-json\/wp\/v2\/tags?post=6797"}],"curies":[{"name":"wp","href":"https:\/\/api.w.org\/{rel}","templated":true}]}}