{"id":6811,"date":"2020-02-11T15:18:47","date_gmt":"2020-02-11T15:18:47","guid":{"rendered":"https:\/\/lararkarriar.se\/grundskola\/?p=6811"},"modified":"2021-10-12T08:28:25","modified_gmt":"2021-10-12T08:28:25","slug":"i-upplands-bro-satter-skolorna-laget-framfor-jaget","status":"publish","type":"post","link":"https:\/\/lararkarriar.se\/grundskola\/2020\/02\/11\/i-upplands-bro-satter-skolorna-laget-framfor-jaget\/","title":{"rendered":"I Upplands-Bro s\u00e4tter skolorna laget framf\u00f6r jaget"},"content":{"rendered":"\n<figure class=\"wp-block-image alignnone size-full wp-image-6816\"><img loading=\"lazy\" decoding=\"async\" width=\"1000\" height=\"625\" src=\"https:\/\/lararkarriar.se\/grundskola\/wp-content\/uploads\/sites\/12\/2020\/02\/upplandsbro-74a3660.jpg\" alt=\"Lotta Krohn, bitr\u00e4dande rektor p\u00e5 R\u00e5byskolan i Bro, Sabrina Sarri Arrighetti, l\u00e4rare p\u00e5 R\u00e5byskolan i Bro och Maria Ohlin, klassl\u00e4rare p\u00e5 Bergaskolan i Kungs\u00e4ngen. Foto: Gonzalo Irigoyen\" class=\"wp-image-6816\" srcset=\"https:\/\/lararkarriar.se\/grundskola\/wp-content\/uploads\/sites\/12\/2020\/02\/upplandsbro-74a3660.jpg 1000w, https:\/\/lararkarriar.se\/grundskola\/wp-content\/uploads\/sites\/12\/2020\/02\/upplandsbro-74a3660-300x188.jpg 300w, https:\/\/lararkarriar.se\/grundskola\/wp-content\/uploads\/sites\/12\/2020\/02\/upplandsbro-74a3660-768x480.jpg 768w, https:\/\/lararkarriar.se\/grundskola\/wp-content\/uploads\/sites\/12\/2020\/02\/upplandsbro-74a3660-256x160.jpg 256w, https:\/\/lararkarriar.se\/grundskola\/wp-content\/uploads\/sites\/12\/2020\/02\/upplandsbro-74a3660-526x329.jpg 526w, https:\/\/lararkarriar.se\/grundskola\/wp-content\/uploads\/sites\/12\/2020\/02\/upplandsbro-74a3660-720x450.jpg 720w, https:\/\/lararkarriar.se\/grundskola\/wp-content\/uploads\/sites\/12\/2020\/02\/upplandsbro-74a3660-960x600.jpg 960w\" sizes=\"auto, (max-width: 1000px) 100vw, 1000px\" \/><figcaption>Lotta Krohn, bitr\u00e4dande rektor p\u00e5 R\u00e5byskolan i Bro, Sabrina Sarri Arrighetti, l\u00e4rare p\u00e5 R\u00e5byskolan i Bro och Maria Ohlin, klassl\u00e4rare p\u00e5 Bergaskolan i Kungs\u00e4ngen. Foto: Gonzalo Irigoyen<\/figcaption><\/figure>\n\n\n\n<p><strong>\u2013 I Upplands-Bro kommun s\u00e4tter skolorna laget framf\u00f6r jaget. H\u00e4r hj\u00e4lps vi \u00e5t, utvecklas och str\u00e4var fram\u00e5t tillsammans utan prestige. Siktet \u00e4r inst\u00e4llt p\u00e5 att bli Sveriges b\u00e4sta skolkommun, s\u00e4ger Maria Ohlin, klassl\u00e4rare p\u00e5 Bergaskolan i Kungs\u00e4ngen.<\/strong><\/p>\n\n\n\n<p>Skolorna i Upplands-Bro forts\u00e4tter att bli allt b\u00e4ttre. Senare \u00e5rs unders\u00f6kningar visar en upp\u00e5tg\u00e5ende trend och L\u00e4rarf\u00f6rbundets senaste rankning placerar Upplands-Bro som nummer 9 av 26 kommuner i Stockholms l\u00e4n. Anledningarna \u00e4r flera.<br>\u2013 Mycket handlar om ledarskap och kommunens insatser i form av rekrytering av kompetenta rektorer som kan leda sin skola och ta vara p\u00e5 sin personal. Med r\u00e4tt ledare p\u00e5 alla niv\u00e5er, inklusive huvudmannaniv\u00e5, g\u00e5r det ocks\u00e5 att utveckla \u00e5t r\u00e4tt h\u00e5ll, s\u00e4ger Sabrina Sarri Arrighetti, l\u00e4rare p\u00e5 R\u00e5byskolan i Bro.<br>En grundsten i det arbetet, menar hon, \u00e4r att kommunen har en lyh\u00f6rd ledning som ger skolor och dess medarbetare r\u00e4tt f\u00f6ruts\u00e4ttningar att utvecklas.<\/p>\n\n\n\n<p><strong>Lyh\u00f6rdhet<\/strong><br>Maria Ohlin inst\u00e4mmer och s\u00e4ger att hon upplever att skolorna idag leds av en transparent f\u00f6rvaltning.<br>\u2013 Pratar vi s\u00e5 lyssnar utbildningskontoret, vilket g\u00f6r att vi kan jobba fram\u00e5t tillsammans.<br>Sj\u00e4lv b\u00f6rjade hon arbeta i kommunen f\u00f6r tre \u00e5r sedan d\u00e5 hon fick tips om att Bergaskolan s\u00f6kte en l\u00e4rare. Hon s\u00e5g utmaningen och m\u00f6jligheterna att utvecklas p\u00e5 skolan och i kommunen. Sedan dess har det h\u00e4nt mycket p\u00e5 kort tid. 2018 tilldelades Maria kommunens pedagogiska pris med motiveringen att hon p\u00e5 kort tid lyckats skapa en trygg och lustfylld klassrumsmilj\u00f6 som utvecklar och st\u00f6djer alla elevers l\u00e4rande.<br>\u2013 Det var f\u00f6rst\u00e5s v\u00e4ldigt gl\u00e4djande. Prispengarna har jag anv\u00e4nt till driva en fortbildning om kooperativt l\u00e4rande i kollegiet p\u00e5 skolan. N\u00e5got som \u00e4ven sprids i kommunen.<\/p>\n\n\n\n<p class=\"has-color-gray-01-background-color has-background\"><strong><a title=\"Upplands-Bro pres jobb ans\u00f6k\" href=\"https:\/\/www.upplands-bro.se\/kommun--politik\/jobba-hos-oss\/lediga-jobb.html\" target=\"_blank\" rel=\"noopener noreferrer\">Jobba som l\u00e4rare i Upplands-Bro. Se v\u00e5ra lediga tj\u00e4nster h\u00e4r<\/a><\/strong><\/p>\n\n\n\n<p><strong>Utvecklande milj\u00f6<\/strong><br>De goda utvecklingsm\u00f6jligheterna \u00e4r en av faktorerna bakom de senaste \u00e5rens skolframg\u00e5ngar i Upplands-Bro. Lotta Krohn b\u00f6rjade som l\u00e4rare p\u00e5 R\u00e5byskolan 2015 med f\u00f6rv\u00e4ntningar om att komma till en arbetsplats som kunde erbjuda utvecklande yrkesutmaningar, vilka har infriats med r\u00e5ge.<br>\u2013 Under de g\u00e5ngna \u00e5ren har jag varit b\u00e5de klassl\u00e4rare, arbetslagsledare och f\u00f6rstel\u00e4rare. Sedan en tid tillbaka \u00e4r jag bitr\u00e4dande rektor med ansvar f\u00f6r utvecklingen av f\u00f6rskoleklass och fritidshemsverksamheten. Att bli bitr\u00e4dande rektor var ingen plan fr\u00e5n b\u00f6rjan, men det \u00f6ppnades en d\u00f6rr och m\u00f6jligheten gavs att f\u00e5 v\u00e4xa och utvecklas i min ledarroll med m\u00f6jligheten att utveckla och f\u00f6r\u00e4ndra den verksamheten som jag idag leder.<br>\u00c4ven Sabrina, som \u00e4r inne p\u00e5 sitt femtonde \u00e5r som l\u00e4rare p\u00e5 R\u00e5byskolan, kan se tillbaka p\u00e5 en st\u00e4ndig utveckling i sin yrkesroll.<br>\u2013 Jag kom hit som nyutexaminerad l\u00e4rare efter att ha gjort flera praktikperioder p\u00e5 skolan och trivts enormt bra. Att jag valde R\u00e5byskolan och Upplands-Bro kommun beror p\u00e5 att jag s\u00e5g m\u00f6jligheten att v\u00e4xa som l\u00e4rare. Jag k\u00e4nde redan d\u00e5 att jag fick utrymme f\u00f6r att utveckla min pedagogiska f\u00f6rm\u00e5ga och hitta nya v\u00e4gar i l\u00e4randet. Det \u00e4r samma anledningar som f\u00e5tt mig att stanna kvar. Under de g\u00e5ngna \u00e5ren har jag f\u00f6rutom klassl\u00e4rare varit arbetslagsledare och \u00e4r nu f\u00f6rstel\u00e4rare med svenska och spr\u00e5kutvecklande arbetss\u00e4tt som fokusomr\u00e5den.<br>\u00c4ven Maria Ohlin beskriver utvecklingsm\u00f6jligheterna i kommunen. Hon \u00e4r idag f\u00f6rstel\u00e4rare med inriktning allm\u00e4n didaktik d\u00e4r kooperativt l\u00e4rande i syfte att skapa strukturer och en mer likv\u00e4rdig undervisning f\u00e5r stor roll, och g\u00e5r dessutom g\u00e5r Aspirantprogrammet, en ledarskapsutbildning i kommunal regi.<\/p>\n\n\n\n<blockquote class=\"wp-block-quote is-layout-flow wp-block-quote-is-layout-flow\"><p>&#8221;H\u00e4r finns verkligen utrymme att v\u00e4xa i sin yrkesroll vilket gynnar b\u00e5de medarbetare, elever och skolan som helhet&#8221;<\/p><\/blockquote>\n\n\n\n<p><strong>Kreativitet<\/strong><br>Ledorden i Upplands-Bro kommun \u00e4r att skapa en helhetssyn d\u00e4r den r\u00f6da tr\u00e5den ska f\u00f6lja barnen fr\u00e5n f\u00f6rskola till gymnasiet. Det g\u00f6rs bland annat genom n\u00e4tverkstr\u00e4ffar d\u00e4r olika yrkeskategorier m\u00f6ts, och tillsammans med representanter fr\u00e5n utbildningskontoret utbyter erfarenheter och kunskaper med varandra. Dessa tas sedan tillbaka till respektive skolor och till utbildningskontoret. Det \u00e4r n\u00e4tverk s\u00e5 som \u00e4mnesl\u00e4rare, f\u00f6rstel\u00e4rare, IKT, fritids, rektorer m.fl. Satsningarna och arbetet med den r\u00f6da tr\u00e5den visar sig bland annat i kommunens IKT-arbete.<br>De tre kollegorna kan varmt rekommendera skolorna i Upplands-Bro till andra l\u00e4rare som vill arbeta i en utvecklingsv\u00e4nlig kommun med h\u00f6gt l\u00f6nel\u00e4ge.<br>\u2013 Definitivt, h\u00e4r finns verkligen utrymme att v\u00e4xa i sin yrkesroll vilket gynnar b\u00e5de medarbetare, elever och skolan som helhet, fastsl\u00e5r Lotta.<\/p>\n\n\n\n<p class=\"has-color-gray-01-background-color has-background\"><strong><a title=\"Upplands-Bro pres jobb ans\u00f6k\" href=\"https:\/\/www.upplands-bro.se\/kommun--politik\/jobba-hos-oss\/lediga-jobb.html\" target=\"_blank\" rel=\"noopener noreferrer\">Jobba som l\u00e4rare i Upplands-Bro. Se v\u00e5ra lediga tj\u00e4nster h\u00e4r<\/a><\/strong><\/p>\n\n\n\n<div class=\"wp-block-group faktaruta\"><div class=\"wp-block-group__inner-container is-layout-flow wp-block-group-is-layout-flow\">\n<h6 class=\"wp-block-heading\">Upplands-Bro kommun<\/h6>\n\n\n\n<p>I Upplands-Bro, en av Sveriges mest expansiva kommuner, finns tio kommunala grundskolor d\u00e4r utveckling st\u00e5r i centrum. Vi v\u00e4lkomnar dig till en arbetsplats d\u00e4r ledorden i v\u00e5rt arbete och f\u00f6rh\u00e5llningss\u00e4tt \u00e4r helhetssyn, engagemang och professionalitet.<\/p>\n\n\n\n<p><strong><a title=\"Upplands-Bro textlink\" href=\"https:\/\/www.upplands-bro.se\/\" target=\"_blank\" rel=\"noopener noreferrer\">www.upplands-bro.se<\/a><\/strong><br><br><a href=\"https:\/\/www.upplands-bro.se\/\" title=\"Upplands-Bro logotype\" target=\"_blank\" rel=\"noreferrer noopener\"><img loading=\"lazy\" decoding=\"async\" width=\"200\" height=\"38\" class=\"wp-image-6814\" style=\"width: 200px;\" src=\"https:\/\/lararkarriar.se\/grundskola\/wp-content\/uploads\/sites\/12\/2020\/02\/upplandsbro-ubk-logo-1plan-cmyk-x.png\" alt=\"\" srcset=\"https:\/\/lararkarriar.se\/grundskola\/wp-content\/uploads\/sites\/12\/2020\/02\/upplandsbro-ubk-logo-1plan-cmyk-x.png 750w, https:\/\/lararkarriar.se\/grundskola\/wp-content\/uploads\/sites\/12\/2020\/02\/upplandsbro-ubk-logo-1plan-cmyk-x-300x56.png 300w, https:\/\/lararkarriar.se\/grundskola\/wp-content\/uploads\/sites\/12\/2020\/02\/upplandsbro-ubk-logo-1plan-cmyk-x-720x141.png 720w, https:\/\/lararkarriar.se\/grundskola\/wp-content\/uploads\/sites\/12\/2020\/02\/upplandsbro-ubk-logo-1plan-cmyk-x-526x99.png 526w\" sizes=\"auto, (max-width: 200px) 100vw, 200px\" \/><\/a><\/p>\n<\/div><\/div>\n","protected":false},"excerpt":{"rendered":"<p>H\u00e4r s\u00e4tter skolorna laget framf\u00f6r jaget.<\/p>\n","protected":false},"author":2,"featured_media":6816,"comment_status":"closed","ping_status":"open","sticky":false,"template":"","format":"standard","meta":{"_acf_changed":false,"_monsterinsights_skip_tracking":false,"_monsterinsights_sitenote_active":false,"_monsterinsights_sitenote_note":"","_monsterinsights_sitenote_category":0,"footnotes":""},"categories":[7],"tags":[44,452,121,183,330,338,419],"class_list":["post-6811","post","type-post","status-publish","format-standard","has-post-thumbnail","hentry","category-presentation","tag-bergaskolan","tag-forbattringsarbete","tag-grundskola","tag-kungsangen","tag-skola","tag-skolkommun","tag-upplands-bro"],"acf":[],"yoast_head":"<!-- This site is optimized with the Yoast SEO plugin v27.3 - https:\/\/yoast.com\/product\/yoast-seo-wordpress\/ -->\n<title>I Upplands-Bro s\u00e4tter skolorna laget framf\u00f6r jaget - Framtidens Karri\u00e4r \u2013 Grundskolel\u00e4rare<\/title>\n<meta name=\"robots\" content=\"index, follow, max-snippet:-1, max-image-preview:large, max-video-preview:-1\" \/>\n<link rel=\"canonical\" href=\"https:\/\/lararkarriar.se\/grundskola\/2020\/02\/11\/i-upplands-bro-satter-skolorna-laget-framfor-jaget\/\" \/>\n<meta property=\"og:locale\" content=\"sv_SE\" \/>\n<meta property=\"og:type\" content=\"article\" \/>\n<meta property=\"og:title\" content=\"I Upplands-Bro s\u00e4tter skolorna laget framf\u00f6r jaget - Framtidens Karri\u00e4r \u2013 Grundskolel\u00e4rare\" \/>\n<meta property=\"og:description\" content=\"H\u00e4r s\u00e4tter skolorna laget framf\u00f6r jaget.\" \/>\n<meta property=\"og:url\" content=\"https:\/\/lararkarriar.se\/grundskola\/2020\/02\/11\/i-upplands-bro-satter-skolorna-laget-framfor-jaget\/\" \/>\n<meta property=\"og:site_name\" content=\"Framtidens Karri\u00e4r \u2013 Grundskolel\u00e4rare\" \/>\n<meta property=\"article:published_time\" content=\"2020-02-11T15:18:47+00:00\" \/>\n<meta property=\"article:modified_time\" content=\"2021-10-12T08:28:25+00:00\" \/>\n<meta property=\"og:image\" content=\"https:\/\/lararkarriar.se\/grundskola\/wp-content\/uploads\/sites\/12\/2020\/02\/upplandsbro-74a3660.jpg\" \/>\n\t<meta property=\"og:image:width\" content=\"1000\" \/>\n\t<meta property=\"og:image:height\" content=\"625\" \/>\n\t<meta property=\"og:image:type\" content=\"image\/jpeg\" \/>\n<meta name=\"author\" content=\"viktorwallen\" \/>\n<meta name=\"twitter:card\" content=\"summary_large_image\" \/>\n<meta name=\"twitter:label1\" content=\"Skriven av\" \/>\n\t<meta name=\"twitter:data1\" content=\"viktorwallen\" \/>\n\t<meta name=\"twitter:label2\" content=\"Ber\u00e4knad l\u00e4stid\" \/>\n\t<meta name=\"twitter:data2\" content=\"4 minuter\" \/>\n<script type=\"application\/ld+json\" class=\"yoast-schema-graph\">{\"@context\":\"https:\\\/\\\/schema.org\",\"@graph\":[{\"@type\":\"Article\",\"@id\":\"https:\\\/\\\/lararkarriar.se\\\/grundskola\\\/2020\\\/02\\\/11\\\/i-upplands-bro-satter-skolorna-laget-framfor-jaget\\\/#article\",\"isPartOf\":{\"@id\":\"https:\\\/\\\/lararkarriar.se\\\/grundskola\\\/2020\\\/02\\\/11\\\/i-upplands-bro-satter-skolorna-laget-framfor-jaget\\\/\"},\"author\":{\"name\":\"viktorwallen\",\"@id\":\"https:\\\/\\\/lararkarriar.se\\\/grundskola\\\/#\\\/schema\\\/person\\\/2a13a849ec7646386c2211f59afe3083\"},\"headline\":\"I Upplands-Bro s\u00e4tter skolorna laget framf\u00f6r jaget\",\"datePublished\":\"2020-02-11T15:18:47+00:00\",\"dateModified\":\"2021-10-12T08:28:25+00:00\",\"mainEntityOfPage\":{\"@id\":\"https:\\\/\\\/lararkarriar.se\\\/grundskola\\\/2020\\\/02\\\/11\\\/i-upplands-bro-satter-skolorna-laget-framfor-jaget\\\/\"},\"wordCount\":921,\"image\":{\"@id\":\"https:\\\/\\\/lararkarriar.se\\\/grundskola\\\/2020\\\/02\\\/11\\\/i-upplands-bro-satter-skolorna-laget-framfor-jaget\\\/#primaryimage\"},\"thumbnailUrl\":\"https:\\\/\\\/lararkarriar.se\\\/grundskola\\\/wp-content\\\/uploads\\\/sites\\\/12\\\/2020\\\/02\\\/upplandsbro-74a3660.jpg\",\"keywords\":[\"Bergaskolan\",\"F\u00f6rb\u00e4ttringsarbete\",\"Grundskola\",\"Kungs\u00e4ngen\",\"Skola\",\"Skolkommun\",\"Upplands-Bro\"],\"articleSection\":[\"Presentation\"],\"inLanguage\":\"sv-SE\"},{\"@type\":\"WebPage\",\"@id\":\"https:\\\/\\\/lararkarriar.se\\\/grundskola\\\/2020\\\/02\\\/11\\\/i-upplands-bro-satter-skolorna-laget-framfor-jaget\\\/\",\"url\":\"https:\\\/\\\/lararkarriar.se\\\/grundskola\\\/2020\\\/02\\\/11\\\/i-upplands-bro-satter-skolorna-laget-framfor-jaget\\\/\",\"name\":\"I Upplands-Bro s\u00e4tter skolorna laget framf\u00f6r jaget - Framtidens Karri\u00e4r \u2013 Grundskolel\u00e4rare\",\"isPartOf\":{\"@id\":\"https:\\\/\\\/lararkarriar.se\\\/grundskola\\\/#website\"},\"primaryImageOfPage\":{\"@id\":\"https:\\\/\\\/lararkarriar.se\\\/grundskola\\\/2020\\\/02\\\/11\\\/i-upplands-bro-satter-skolorna-laget-framfor-jaget\\\/#primaryimage\"},\"image\":{\"@id\":\"https:\\\/\\\/lararkarriar.se\\\/grundskola\\\/2020\\\/02\\\/11\\\/i-upplands-bro-satter-skolorna-laget-framfor-jaget\\\/#primaryimage\"},\"thumbnailUrl\":\"https:\\\/\\\/lararkarriar.se\\\/grundskola\\\/wp-content\\\/uploads\\\/sites\\\/12\\\/2020\\\/02\\\/upplandsbro-74a3660.jpg\",\"datePublished\":\"2020-02-11T15:18:47+00:00\",\"dateModified\":\"2021-10-12T08:28:25+00:00\",\"author\":{\"@id\":\"https:\\\/\\\/lararkarriar.se\\\/grundskola\\\/#\\\/schema\\\/person\\\/2a13a849ec7646386c2211f59afe3083\"},\"breadcrumb\":{\"@id\":\"https:\\\/\\\/lararkarriar.se\\\/grundskola\\\/2020\\\/02\\\/11\\\/i-upplands-bro-satter-skolorna-laget-framfor-jaget\\\/#breadcrumb\"},\"inLanguage\":\"sv-SE\",\"potentialAction\":[{\"@type\":\"ReadAction\",\"target\":[\"https:\\\/\\\/lararkarriar.se\\\/grundskola\\\/2020\\\/02\\\/11\\\/i-upplands-bro-satter-skolorna-laget-framfor-jaget\\\/\"]}]},{\"@type\":\"ImageObject\",\"inLanguage\":\"sv-SE\",\"@id\":\"https:\\\/\\\/lararkarriar.se\\\/grundskola\\\/2020\\\/02\\\/11\\\/i-upplands-bro-satter-skolorna-laget-framfor-jaget\\\/#primaryimage\",\"url\":\"https:\\\/\\\/lararkarriar.se\\\/grundskola\\\/wp-content\\\/uploads\\\/sites\\\/12\\\/2020\\\/02\\\/upplandsbro-74a3660.jpg\",\"contentUrl\":\"https:\\\/\\\/lararkarriar.se\\\/grundskola\\\/wp-content\\\/uploads\\\/sites\\\/12\\\/2020\\\/02\\\/upplandsbro-74a3660.jpg\",\"width\":1000,\"height\":625,\"caption\":\"Lotta Krohn, bitr\u00e4dande rektor p\u00e5 R\u00e5byskolan i Bro, Sabrina Sarri Arrighetti, l\u00e4rare p\u00e5 R\u00e5byskolan i Bro och Maria Ohlin, klassl\u00e4rare p\u00e5 Bergaskolan i Kungs\u00e4ngen. Foto: Gonzalo Irigoyen\"},{\"@type\":\"BreadcrumbList\",\"@id\":\"https:\\\/\\\/lararkarriar.se\\\/grundskola\\\/2020\\\/02\\\/11\\\/i-upplands-bro-satter-skolorna-laget-framfor-jaget\\\/#breadcrumb\",\"itemListElement\":[{\"@type\":\"ListItem\",\"position\":1,\"name\":\"Home\",\"item\":\"https:\\\/\\\/lararkarriar.se\\\/grundskola\\\/\"},{\"@type\":\"ListItem\",\"position\":2,\"name\":\"I Upplands-Bro s\u00e4tter skolorna laget framf\u00f6r jaget\"}]},{\"@type\":\"WebSite\",\"@id\":\"https:\\\/\\\/lararkarriar.se\\\/grundskola\\\/#website\",\"url\":\"https:\\\/\\\/lararkarriar.se\\\/grundskola\\\/\",\"name\":\"Framtidens Karri\u00e4r \u2013 Grundskolel\u00e4rare\",\"description\":\"Just another NMDashboard.se Sites site\",\"potentialAction\":[{\"@type\":\"SearchAction\",\"target\":{\"@type\":\"EntryPoint\",\"urlTemplate\":\"https:\\\/\\\/lararkarriar.se\\\/grundskola\\\/?s={search_term_string}\"},\"query-input\":{\"@type\":\"PropertyValueSpecification\",\"valueRequired\":true,\"valueName\":\"search_term_string\"}}],\"inLanguage\":\"sv-SE\"},{\"@type\":\"Person\",\"@id\":\"https:\\\/\\\/lararkarriar.se\\\/grundskola\\\/#\\\/schema\\\/person\\\/2a13a849ec7646386c2211f59afe3083\",\"name\":\"viktorwallen\",\"image\":{\"@type\":\"ImageObject\",\"inLanguage\":\"sv-SE\",\"@id\":\"https:\\\/\\\/secure.gravatar.com\\\/avatar\\\/701701bd36169636031933997c8c6b954f2f635bbb7cd4802e4a007f9c9f4e59?s=96&d=mm&r=g\",\"url\":\"https:\\\/\\\/secure.gravatar.com\\\/avatar\\\/701701bd36169636031933997c8c6b954f2f635bbb7cd4802e4a007f9c9f4e59?s=96&d=mm&r=g\",\"contentUrl\":\"https:\\\/\\\/secure.gravatar.com\\\/avatar\\\/701701bd36169636031933997c8c6b954f2f635bbb7cd4802e4a007f9c9f4e59?s=96&d=mm&r=g\",\"caption\":\"viktorwallen\"},\"url\":\"https:\\\/\\\/lararkarriar.se\\\/grundskola\\\/author\\\/viktorwallen\\\/\"}]}<\/script>\n<!-- \/ Yoast SEO plugin. -->","yoast_head_json":{"title":"I Upplands-Bro s\u00e4tter skolorna laget framf\u00f6r jaget - Framtidens Karri\u00e4r \u2013 Grundskolel\u00e4rare","robots":{"index":"index","follow":"follow","max-snippet":"max-snippet:-1","max-image-preview":"max-image-preview:large","max-video-preview":"max-video-preview:-1"},"canonical":"https:\/\/lararkarriar.se\/grundskola\/2020\/02\/11\/i-upplands-bro-satter-skolorna-laget-framfor-jaget\/","og_locale":"sv_SE","og_type":"article","og_title":"I Upplands-Bro s\u00e4tter skolorna laget framf\u00f6r jaget - Framtidens Karri\u00e4r \u2013 Grundskolel\u00e4rare","og_description":"H\u00e4r s\u00e4tter skolorna laget framf\u00f6r jaget.","og_url":"https:\/\/lararkarriar.se\/grundskola\/2020\/02\/11\/i-upplands-bro-satter-skolorna-laget-framfor-jaget\/","og_site_name":"Framtidens Karri\u00e4r \u2013 Grundskolel\u00e4rare","article_published_time":"2020-02-11T15:18:47+00:00","article_modified_time":"2021-10-12T08:28:25+00:00","og_image":[{"width":1000,"height":625,"url":"https:\/\/lararkarriar.se\/grundskola\/wp-content\/uploads\/sites\/12\/2020\/02\/upplandsbro-74a3660.jpg","type":"image\/jpeg"}],"author":"viktorwallen","twitter_card":"summary_large_image","twitter_misc":{"Skriven av":"viktorwallen","Ber\u00e4knad l\u00e4stid":"4 minuter"},"schema":{"@context":"https:\/\/schema.org","@graph":[{"@type":"Article","@id":"https:\/\/lararkarriar.se\/grundskola\/2020\/02\/11\/i-upplands-bro-satter-skolorna-laget-framfor-jaget\/#article","isPartOf":{"@id":"https:\/\/lararkarriar.se\/grundskola\/2020\/02\/11\/i-upplands-bro-satter-skolorna-laget-framfor-jaget\/"},"author":{"name":"viktorwallen","@id":"https:\/\/lararkarriar.se\/grundskola\/#\/schema\/person\/2a13a849ec7646386c2211f59afe3083"},"headline":"I Upplands-Bro s\u00e4tter skolorna laget framf\u00f6r jaget","datePublished":"2020-02-11T15:18:47+00:00","dateModified":"2021-10-12T08:28:25+00:00","mainEntityOfPage":{"@id":"https:\/\/lararkarriar.se\/grundskola\/2020\/02\/11\/i-upplands-bro-satter-skolorna-laget-framfor-jaget\/"},"wordCount":921,"image":{"@id":"https:\/\/lararkarriar.se\/grundskola\/2020\/02\/11\/i-upplands-bro-satter-skolorna-laget-framfor-jaget\/#primaryimage"},"thumbnailUrl":"https:\/\/lararkarriar.se\/grundskola\/wp-content\/uploads\/sites\/12\/2020\/02\/upplandsbro-74a3660.jpg","keywords":["Bergaskolan","F\u00f6rb\u00e4ttringsarbete","Grundskola","Kungs\u00e4ngen","Skola","Skolkommun","Upplands-Bro"],"articleSection":["Presentation"],"inLanguage":"sv-SE"},{"@type":"WebPage","@id":"https:\/\/lararkarriar.se\/grundskola\/2020\/02\/11\/i-upplands-bro-satter-skolorna-laget-framfor-jaget\/","url":"https:\/\/lararkarriar.se\/grundskola\/2020\/02\/11\/i-upplands-bro-satter-skolorna-laget-framfor-jaget\/","name":"I Upplands-Bro s\u00e4tter skolorna laget framf\u00f6r jaget - Framtidens Karri\u00e4r \u2013 Grundskolel\u00e4rare","isPartOf":{"@id":"https:\/\/lararkarriar.se\/grundskola\/#website"},"primaryImageOfPage":{"@id":"https:\/\/lararkarriar.se\/grundskola\/2020\/02\/11\/i-upplands-bro-satter-skolorna-laget-framfor-jaget\/#primaryimage"},"image":{"@id":"https:\/\/lararkarriar.se\/grundskola\/2020\/02\/11\/i-upplands-bro-satter-skolorna-laget-framfor-jaget\/#primaryimage"},"thumbnailUrl":"https:\/\/lararkarriar.se\/grundskola\/wp-content\/uploads\/sites\/12\/2020\/02\/upplandsbro-74a3660.jpg","datePublished":"2020-02-11T15:18:47+00:00","dateModified":"2021-10-12T08:28:25+00:00","author":{"@id":"https:\/\/lararkarriar.se\/grundskola\/#\/schema\/person\/2a13a849ec7646386c2211f59afe3083"},"breadcrumb":{"@id":"https:\/\/lararkarriar.se\/grundskola\/2020\/02\/11\/i-upplands-bro-satter-skolorna-laget-framfor-jaget\/#breadcrumb"},"inLanguage":"sv-SE","potentialAction":[{"@type":"ReadAction","target":["https:\/\/lararkarriar.se\/grundskola\/2020\/02\/11\/i-upplands-bro-satter-skolorna-laget-framfor-jaget\/"]}]},{"@type":"ImageObject","inLanguage":"sv-SE","@id":"https:\/\/lararkarriar.se\/grundskola\/2020\/02\/11\/i-upplands-bro-satter-skolorna-laget-framfor-jaget\/#primaryimage","url":"https:\/\/lararkarriar.se\/grundskola\/wp-content\/uploads\/sites\/12\/2020\/02\/upplandsbro-74a3660.jpg","contentUrl":"https:\/\/lararkarriar.se\/grundskola\/wp-content\/uploads\/sites\/12\/2020\/02\/upplandsbro-74a3660.jpg","width":1000,"height":625,"caption":"Lotta Krohn, bitr\u00e4dande rektor p\u00e5 R\u00e5byskolan i Bro, Sabrina Sarri Arrighetti, l\u00e4rare p\u00e5 R\u00e5byskolan i Bro och Maria Ohlin, klassl\u00e4rare p\u00e5 Bergaskolan i Kungs\u00e4ngen. Foto: Gonzalo Irigoyen"},{"@type":"BreadcrumbList","@id":"https:\/\/lararkarriar.se\/grundskola\/2020\/02\/11\/i-upplands-bro-satter-skolorna-laget-framfor-jaget\/#breadcrumb","itemListElement":[{"@type":"ListItem","position":1,"name":"Home","item":"https:\/\/lararkarriar.se\/grundskola\/"},{"@type":"ListItem","position":2,"name":"I Upplands-Bro s\u00e4tter skolorna laget framf\u00f6r jaget"}]},{"@type":"WebSite","@id":"https:\/\/lararkarriar.se\/grundskola\/#website","url":"https:\/\/lararkarriar.se\/grundskola\/","name":"Framtidens Karri\u00e4r \u2013 Grundskolel\u00e4rare","description":"Just another NMDashboard.se Sites site","potentialAction":[{"@type":"SearchAction","target":{"@type":"EntryPoint","urlTemplate":"https:\/\/lararkarriar.se\/grundskola\/?s={search_term_string}"},"query-input":{"@type":"PropertyValueSpecification","valueRequired":true,"valueName":"search_term_string"}}],"inLanguage":"sv-SE"},{"@type":"Person","@id":"https:\/\/lararkarriar.se\/grundskola\/#\/schema\/person\/2a13a849ec7646386c2211f59afe3083","name":"viktorwallen","image":{"@type":"ImageObject","inLanguage":"sv-SE","@id":"https:\/\/secure.gravatar.com\/avatar\/701701bd36169636031933997c8c6b954f2f635bbb7cd4802e4a007f9c9f4e59?s=96&d=mm&r=g","url":"https:\/\/secure.gravatar.com\/avatar\/701701bd36169636031933997c8c6b954f2f635bbb7cd4802e4a007f9c9f4e59?s=96&d=mm&r=g","contentUrl":"https:\/\/secure.gravatar.com\/avatar\/701701bd36169636031933997c8c6b954f2f635bbb7cd4802e4a007f9c9f4e59?s=96&d=mm&r=g","caption":"viktorwallen"},"url":"https:\/\/lararkarriar.se\/grundskola\/author\/viktorwallen\/"}]}},"_links":{"self":[{"href":"https:\/\/lararkarriar.se\/grundskola\/wp-json\/wp\/v2\/posts\/6811","targetHints":{"allow":["GET"]}}],"collection":[{"href":"https:\/\/lararkarriar.se\/grundskola\/wp-json\/wp\/v2\/posts"}],"about":[{"href":"https:\/\/lararkarriar.se\/grundskola\/wp-json\/wp\/v2\/types\/post"}],"author":[{"embeddable":true,"href":"https:\/\/lararkarriar.se\/grundskola\/wp-json\/wp\/v2\/users\/2"}],"replies":[{"embeddable":true,"href":"https:\/\/lararkarriar.se\/grundskola\/wp-json\/wp\/v2\/comments?post=6811"}],"version-history":[{"count":6,"href":"https:\/\/lararkarriar.se\/grundskola\/wp-json\/wp\/v2\/posts\/6811\/revisions"}],"predecessor-version":[{"id":7259,"href":"https:\/\/lararkarriar.se\/grundskola\/wp-json\/wp\/v2\/posts\/6811\/revisions\/7259"}],"wp:featuredmedia":[{"embeddable":true,"href":"https:\/\/lararkarriar.se\/grundskola\/wp-json\/wp\/v2\/media\/6816"}],"wp:attachment":[{"href":"https:\/\/lararkarriar.se\/grundskola\/wp-json\/wp\/v2\/media?parent=6811"}],"wp:term":[{"taxonomy":"category","embeddable":true,"href":"https:\/\/lararkarriar.se\/grundskola\/wp-json\/wp\/v2\/categories?post=6811"},{"taxonomy":"post_tag","embeddable":true,"href":"https:\/\/lararkarriar.se\/grundskola\/wp-json\/wp\/v2\/tags?post=6811"}],"curies":[{"name":"wp","href":"https:\/\/api.w.org\/{rel}","templated":true}]}}