{"id":6834,"date":"2020-02-11T15:26:10","date_gmt":"2020-02-11T15:26:10","guid":{"rendered":"https:\/\/lararkarriar.se\/grundskola\/?p=6834"},"modified":"2021-10-12T08:28:37","modified_gmt":"2021-10-12T08:28:37","slug":"jobba-i-en-av-sveriges-basta-skolkommuner","status":"publish","type":"post","link":"https:\/\/lararkarriar.se\/grundskola\/2020\/02\/11\/jobba-i-en-av-sveriges-basta-skolkommuner\/","title":{"rendered":"Jobba i en av Sveriges b\u00e4sta skolkommuner"},"content":{"rendered":"\n<figure class=\"wp-block-image alignnone size-full wp-image-6837\"><img loading=\"lazy\" decoding=\"async\" width=\"1000\" height=\"602\" src=\"https:\/\/lararkarriar.se\/grundskola\/wp-content\/uploads\/sites\/12\/2020\/02\/kalix-larare-5.jpg\" alt=\"Maria Nor\u00e9n och Dirk Fischer, l\u00e4rare i Kalix. Foto: Elisabeth Gustavsson \/ STARK fotografi &amp; design\" class=\"wp-image-6837\" srcset=\"https:\/\/lararkarriar.se\/grundskola\/wp-content\/uploads\/sites\/12\/2020\/02\/kalix-larare-5.jpg 1000w, https:\/\/lararkarriar.se\/grundskola\/wp-content\/uploads\/sites\/12\/2020\/02\/kalix-larare-5-300x181.jpg 300w, https:\/\/lararkarriar.se\/grundskola\/wp-content\/uploads\/sites\/12\/2020\/02\/kalix-larare-5-768x462.jpg 768w, https:\/\/lararkarriar.se\/grundskola\/wp-content\/uploads\/sites\/12\/2020\/02\/kalix-larare-5-266x160.jpg 266w, https:\/\/lararkarriar.se\/grundskola\/wp-content\/uploads\/sites\/12\/2020\/02\/kalix-larare-5-526x317.jpg 526w, https:\/\/lararkarriar.se\/grundskola\/wp-content\/uploads\/sites\/12\/2020\/02\/kalix-larare-5-720x433.jpg 720w, https:\/\/lararkarriar.se\/grundskola\/wp-content\/uploads\/sites\/12\/2020\/02\/kalix-larare-5-960x578.jpg 960w\" sizes=\"auto, (max-width: 1000px) 100vw, 1000px\" \/><figcaption>Maria Nor\u00e9n och Dirk Fischer, l\u00e4rare i Kalix. Foto: Elisabeth Gustavsson \/ STARK fotografi &amp; design<\/figcaption><\/figure>\n\n\n\n<p><strong>Vill du jobba en av Sveriges b\u00e4sta skolkommuner, d\u00e4r kollegialt l\u00e4rande, goda elevresultat och fram\u00e5tanda l\u00f6per som en r\u00f6d tr\u00e5d? V\u00e4lkommen till Kalix, d\u00e4r du som l\u00e4rare kan p\u00e5verka och utvecklas!<\/strong><\/p>\n\n\n\n<p>I L\u00e4rarf\u00f6rbundets senaste unders\u00f6kning om B\u00e4sta skolkommun hamnar Kalix p\u00e5 tredje plats av landets 290 kommuner och p\u00e5 f\u00f6rsta plats i Norrbotten. L\u00e4rarna Maria Nor\u00e9n och Dirk Fischer \u00e4r inte f\u00f6rv\u00e5nade och ser det som ett kvitto p\u00e5 den l\u00e5ngsiktighet och laganda som pr\u00e4glar skolverksamheten i kommunen.<br>\u2013 Det finns ett v\u00e4ldigt starkt driv h\u00e4r att hela tiden utveckla och f\u00f6rb\u00e4ttra. Vi jobbar n\u00e4ra varandra, med en gemensamt utformad vision, s\u00e4ger Maria, som \u00e4r grundskoll\u00e4rare och undervisar i svenska och samh\u00e4llskunskap.<\/p>\n\n\n\n<p class=\"has-color-gray-01-background-color has-background\"><strong><a title=\"Kalix kommun pres jobb ans\u00f6k\" href=\"https:\/\/www.kalix.se\/Utveckling\/Arbetsmarknad\/Lediga-Jobb\/\" target=\"_blank\" rel=\"noopener noreferrer\">Jobba som l\u00e4rare i Kalix. Se v\u00e5ra lediga tj\u00e4nster h\u00e4r<\/a><\/strong><\/p>\n\n\n\n<p><strong>Bra rutiner<\/strong><br>Hon f\u00e5r medh\u00e5ll av sin kollega Dirk, som undervisar i tyska samt idrott och h\u00e4lsa p\u00e5 h\u00f6gstadiet. Han kom till Kalix fr\u00e5n Tyskland f\u00f6r 15 \u00e5r sedan och har inga planer p\u00e5 att flytta.<br>\u2013 Kommunen och skolorna h\u00e4r \u00e4r inte st\u00f6rre \u00e4n att man l\u00e4r k\u00e4nna stora delar av b\u00e5de l\u00e4rarkollegiet och eleverna. Det finns v\u00e4ldigt bra rutiner och vi f\u00f6ljer eleverna genom de olika stadierna, med trygga \u00f6verl\u00e4mningar. Det skapar en bra grogrund f\u00f6r att eleverna ska kunna utvecklas och l\u00e4rarjobbet blir v\u00e4ldigt kul, s\u00e4ger Dirk.<br>I l\u00e4rarf\u00f6rbundets unders\u00f6kning j\u00e4mf\u00f6rs en rad olika kriterier. N\u00e5gra av Kalix styrkor \u00e4r den h\u00f6ga andelen elever som fullf\u00f6ljer gymnasiet och l\u00e4rarnas goda utbildningsniv\u00e5. Maria och Dirk lyfter fram att det sker stora satsningar p\u00e5 kompetensutveckling och fortbildning, med bland annat \u00e4mnes-gemensamma dagar varje \u00e5r och stadie-\u00f6vergripande fortbildningar, d\u00e4r pedagoger och l\u00e4rare fr\u00e5n f\u00f6rskolan till vuxenutbildningen deltar tillsammans.<\/p>\n\n\n\n<p><strong>Lyssnar p\u00e5 l\u00e4rare<\/strong><br>En annan f\u00f6rdel \u00e4r det n\u00e4ra samarbetet mellan l\u00e4rarfacken och utbildningsf\u00f6rvaltningen och det faktum att l\u00e4rarna lyssnas p\u00e5 och kan f\u00e5 geh\u00f6r f\u00f6r sina \u00f6nskem\u00e5l och id\u00e9er.<br>\u2013 L\u00e4rarna har inflytande och f\u00e5r st\u00f6d. Samspelet mellan facket och skolledningen \u00e4r bra och det har stor betydelse f\u00f6r arbetsmilj\u00f6n och trivseln f\u00f6r b\u00e5de l\u00e4rare och elever, menar Dirk.<br>Topplaceringen till trots t\u00e4nker inte l\u00e4rarna i Kalix vila p\u00e5 sina lagrar.<br>\u2013Det \u00e4r enormt roligt att Kalix lyckas s\u00e5 v\u00e4l, s\u00e4ger Maria och Dirk. Men vi forts\u00e4tter att satsa p\u00e5 att utvecklas och bli \u00e4nnu b\u00e4ttre. Som l\u00e4rare kan du vara en del av den h\u00e4r processen och verkligen g\u00f6ra avtryck.<\/p>\n\n\n\n<p class=\"has-color-gray-01-background-color has-background\"><strong><a title=\"Kalix kommun pres jobb ans\u00f6k\" href=\"https:\/\/www.kalix.se\/Utveckling\/Arbetsmarknad\/Lediga-Jobb\/\" target=\"_blank\" rel=\"noopener noreferrer\">Jobba som l\u00e4rare i Kalix. Se v\u00e5ra lediga tj\u00e4nster h\u00e4r<\/a><\/strong><\/p>\n\n\n\n<div class=\"wp-block-group faktaruta\"><div class=\"wp-block-group__inner-container is-layout-flow wp-block-group-is-layout-flow\">\n<h6 class=\"wp-block-heading\">Kalix kommun<\/h6>\n\n\n\n<p>Ett gediget och l\u00e5ngsiktigt utvecklingsarbete ligger bakom tredjeplatsen i L\u00e4rarf\u00f6rbundets skolrankning. Kalix har sju kommunala grundskolor och en gymnasieskola. Kommunen arbetar strukturerat med kompetensutveckling och med f\u00f6rb\u00e4ttringsarbete, s\u00e5 att b\u00e5de elever och l\u00e4rare ska trivas. H\u00e4r finns goda karri\u00e4rm\u00f6jligheter f\u00f6r l\u00e4rare som vill vara med och driva utvecklingen mot en \u00e4nnu mer framg\u00e5ngsrik skola.<\/p>\n\n\n\n<p><strong><a title=\"Kalix kommun textlink\" href=\"https:\/\/www.kalix.se\/\" target=\"_blank\" rel=\"noopener noreferrer\">www.kalix.se<\/a><\/strong><br><br><a href=\"https:\/\/www.kalix.se\/\" title=\"Kalix kommun logotype\" target=\"_blank\" rel=\"noreferrer noopener\"><img loading=\"lazy\" decoding=\"async\" width=\"150\" height=\"94\" class=\"wp-image-6839\" style=\"width: 150px;\" src=\"https:\/\/lararkarriar.se\/grundskola\/wp-content\/uploads\/sites\/12\/2020\/02\/kalix-kommun-logo-cmyk.png\" alt=\"\" srcset=\"https:\/\/lararkarriar.se\/grundskola\/wp-content\/uploads\/sites\/12\/2020\/02\/kalix-kommun-logo-cmyk.png 500w, https:\/\/lararkarriar.se\/grundskola\/wp-content\/uploads\/sites\/12\/2020\/02\/kalix-kommun-logo-cmyk-300x187.png 300w, https:\/\/lararkarriar.se\/grundskola\/wp-content\/uploads\/sites\/12\/2020\/02\/kalix-kommun-logo-cmyk-256x160.png 256w\" sizes=\"auto, (max-width: 150px) 100vw, 150px\" \/><\/a><\/p>\n<\/div><\/div>\n","protected":false},"excerpt":{"rendered":"<p>Vill du jobba en av Sveriges b\u00e4sta skolkommuner?<\/p>\n","protected":false},"author":2,"featured_media":6837,"comment_status":"closed","ping_status":"open","sticky":false,"template":"","format":"standard","meta":{"_acf_changed":false,"_monsterinsights_skip_tracking":false,"_monsterinsights_sitenote_active":false,"_monsterinsights_sitenote_note":"","_monsterinsights_sitenote_category":0,"footnotes":""},"categories":[7],"tags":[161,162,451],"class_list":["post-6834","post","type-post","status-publish","format-standard","has-post-thumbnail","hentry","category-presentation","tag-kalix","tag-kalix-kommun","tag-utmarkelser"],"acf":[],"yoast_head":"<!-- This site is optimized with the Yoast SEO plugin v27.3 - https:\/\/yoast.com\/product\/yoast-seo-wordpress\/ -->\n<title>Jobba i en av Sveriges b\u00e4sta skolkommuner - Framtidens Karri\u00e4r \u2013 Grundskolel\u00e4rare<\/title>\n<meta name=\"robots\" content=\"index, follow, max-snippet:-1, max-image-preview:large, max-video-preview:-1\" \/>\n<link rel=\"canonical\" href=\"https:\/\/lararkarriar.se\/grundskola\/2020\/02\/11\/jobba-i-en-av-sveriges-basta-skolkommuner\/\" \/>\n<meta property=\"og:locale\" content=\"sv_SE\" \/>\n<meta property=\"og:type\" content=\"article\" \/>\n<meta property=\"og:title\" content=\"Jobba i en av Sveriges b\u00e4sta skolkommuner - Framtidens Karri\u00e4r \u2013 Grundskolel\u00e4rare\" \/>\n<meta property=\"og:description\" content=\"Vill du jobba en av Sveriges b\u00e4sta skolkommuner?\" \/>\n<meta property=\"og:url\" content=\"https:\/\/lararkarriar.se\/grundskola\/2020\/02\/11\/jobba-i-en-av-sveriges-basta-skolkommuner\/\" \/>\n<meta property=\"og:site_name\" content=\"Framtidens Karri\u00e4r \u2013 Grundskolel\u00e4rare\" \/>\n<meta property=\"article:published_time\" content=\"2020-02-11T15:26:10+00:00\" \/>\n<meta property=\"article:modified_time\" content=\"2021-10-12T08:28:37+00:00\" \/>\n<meta property=\"og:image\" content=\"https:\/\/lararkarriar.se\/grundskola\/wp-content\/uploads\/sites\/12\/2020\/02\/kalix-larare-5.jpg\" \/>\n\t<meta property=\"og:image:width\" content=\"1000\" \/>\n\t<meta property=\"og:image:height\" content=\"602\" \/>\n\t<meta property=\"og:image:type\" content=\"image\/jpeg\" \/>\n<meta name=\"author\" content=\"viktorwallen\" \/>\n<meta name=\"twitter:card\" content=\"summary_large_image\" \/>\n<meta name=\"twitter:label1\" content=\"Skriven av\" \/>\n\t<meta name=\"twitter:data1\" content=\"viktorwallen\" \/>\n\t<meta name=\"twitter:label2\" content=\"Ber\u00e4knad l\u00e4stid\" \/>\n\t<meta name=\"twitter:data2\" content=\"3 minuter\" \/>\n<script type=\"application\/ld+json\" class=\"yoast-schema-graph\">{\"@context\":\"https:\\\/\\\/schema.org\",\"@graph\":[{\"@type\":\"Article\",\"@id\":\"https:\\\/\\\/lararkarriar.se\\\/grundskola\\\/2020\\\/02\\\/11\\\/jobba-i-en-av-sveriges-basta-skolkommuner\\\/#article\",\"isPartOf\":{\"@id\":\"https:\\\/\\\/lararkarriar.se\\\/grundskola\\\/2020\\\/02\\\/11\\\/jobba-i-en-av-sveriges-basta-skolkommuner\\\/\"},\"author\":{\"name\":\"viktorwallen\",\"@id\":\"https:\\\/\\\/lararkarriar.se\\\/grundskola\\\/#\\\/schema\\\/person\\\/2a13a849ec7646386c2211f59afe3083\"},\"headline\":\"Jobba i en av Sveriges b\u00e4sta skolkommuner\",\"datePublished\":\"2020-02-11T15:26:10+00:00\",\"dateModified\":\"2021-10-12T08:28:37+00:00\",\"mainEntityOfPage\":{\"@id\":\"https:\\\/\\\/lararkarriar.se\\\/grundskola\\\/2020\\\/02\\\/11\\\/jobba-i-en-av-sveriges-basta-skolkommuner\\\/\"},\"wordCount\":582,\"image\":{\"@id\":\"https:\\\/\\\/lararkarriar.se\\\/grundskola\\\/2020\\\/02\\\/11\\\/jobba-i-en-av-sveriges-basta-skolkommuner\\\/#primaryimage\"},\"thumbnailUrl\":\"https:\\\/\\\/lararkarriar.se\\\/grundskola\\\/wp-content\\\/uploads\\\/sites\\\/12\\\/2020\\\/02\\\/kalix-larare-5.jpg\",\"keywords\":[\"Kalix\",\"Kalix kommun\",\"Utm\u00e4rkelser\"],\"articleSection\":[\"Presentation\"],\"inLanguage\":\"sv-SE\"},{\"@type\":\"WebPage\",\"@id\":\"https:\\\/\\\/lararkarriar.se\\\/grundskola\\\/2020\\\/02\\\/11\\\/jobba-i-en-av-sveriges-basta-skolkommuner\\\/\",\"url\":\"https:\\\/\\\/lararkarriar.se\\\/grundskola\\\/2020\\\/02\\\/11\\\/jobba-i-en-av-sveriges-basta-skolkommuner\\\/\",\"name\":\"Jobba i en av Sveriges b\u00e4sta skolkommuner - Framtidens Karri\u00e4r \u2013 Grundskolel\u00e4rare\",\"isPartOf\":{\"@id\":\"https:\\\/\\\/lararkarriar.se\\\/grundskola\\\/#website\"},\"primaryImageOfPage\":{\"@id\":\"https:\\\/\\\/lararkarriar.se\\\/grundskola\\\/2020\\\/02\\\/11\\\/jobba-i-en-av-sveriges-basta-skolkommuner\\\/#primaryimage\"},\"image\":{\"@id\":\"https:\\\/\\\/lararkarriar.se\\\/grundskola\\\/2020\\\/02\\\/11\\\/jobba-i-en-av-sveriges-basta-skolkommuner\\\/#primaryimage\"},\"thumbnailUrl\":\"https:\\\/\\\/lararkarriar.se\\\/grundskola\\\/wp-content\\\/uploads\\\/sites\\\/12\\\/2020\\\/02\\\/kalix-larare-5.jpg\",\"datePublished\":\"2020-02-11T15:26:10+00:00\",\"dateModified\":\"2021-10-12T08:28:37+00:00\",\"author\":{\"@id\":\"https:\\\/\\\/lararkarriar.se\\\/grundskola\\\/#\\\/schema\\\/person\\\/2a13a849ec7646386c2211f59afe3083\"},\"breadcrumb\":{\"@id\":\"https:\\\/\\\/lararkarriar.se\\\/grundskola\\\/2020\\\/02\\\/11\\\/jobba-i-en-av-sveriges-basta-skolkommuner\\\/#breadcrumb\"},\"inLanguage\":\"sv-SE\",\"potentialAction\":[{\"@type\":\"ReadAction\",\"target\":[\"https:\\\/\\\/lararkarriar.se\\\/grundskola\\\/2020\\\/02\\\/11\\\/jobba-i-en-av-sveriges-basta-skolkommuner\\\/\"]}]},{\"@type\":\"ImageObject\",\"inLanguage\":\"sv-SE\",\"@id\":\"https:\\\/\\\/lararkarriar.se\\\/grundskola\\\/2020\\\/02\\\/11\\\/jobba-i-en-av-sveriges-basta-skolkommuner\\\/#primaryimage\",\"url\":\"https:\\\/\\\/lararkarriar.se\\\/grundskola\\\/wp-content\\\/uploads\\\/sites\\\/12\\\/2020\\\/02\\\/kalix-larare-5.jpg\",\"contentUrl\":\"https:\\\/\\\/lararkarriar.se\\\/grundskola\\\/wp-content\\\/uploads\\\/sites\\\/12\\\/2020\\\/02\\\/kalix-larare-5.jpg\",\"width\":1000,\"height\":602,\"caption\":\"Maria Nor\u00e9n och Dirk Fischer, l\u00e4rare i Kalix. Foto: Elisabeth Gustavsson \\\/ STARK fotografi &amp; design\"},{\"@type\":\"BreadcrumbList\",\"@id\":\"https:\\\/\\\/lararkarriar.se\\\/grundskola\\\/2020\\\/02\\\/11\\\/jobba-i-en-av-sveriges-basta-skolkommuner\\\/#breadcrumb\",\"itemListElement\":[{\"@type\":\"ListItem\",\"position\":1,\"name\":\"Home\",\"item\":\"https:\\\/\\\/lararkarriar.se\\\/grundskola\\\/\"},{\"@type\":\"ListItem\",\"position\":2,\"name\":\"Jobba i en av Sveriges b\u00e4sta skolkommuner\"}]},{\"@type\":\"WebSite\",\"@id\":\"https:\\\/\\\/lararkarriar.se\\\/grundskola\\\/#website\",\"url\":\"https:\\\/\\\/lararkarriar.se\\\/grundskola\\\/\",\"name\":\"Framtidens Karri\u00e4r \u2013 Grundskolel\u00e4rare\",\"description\":\"Just another NMDashboard.se Sites site\",\"potentialAction\":[{\"@type\":\"SearchAction\",\"target\":{\"@type\":\"EntryPoint\",\"urlTemplate\":\"https:\\\/\\\/lararkarriar.se\\\/grundskola\\\/?s={search_term_string}\"},\"query-input\":{\"@type\":\"PropertyValueSpecification\",\"valueRequired\":true,\"valueName\":\"search_term_string\"}}],\"inLanguage\":\"sv-SE\"},{\"@type\":\"Person\",\"@id\":\"https:\\\/\\\/lararkarriar.se\\\/grundskola\\\/#\\\/schema\\\/person\\\/2a13a849ec7646386c2211f59afe3083\",\"name\":\"viktorwallen\",\"image\":{\"@type\":\"ImageObject\",\"inLanguage\":\"sv-SE\",\"@id\":\"https:\\\/\\\/secure.gravatar.com\\\/avatar\\\/701701bd36169636031933997c8c6b954f2f635bbb7cd4802e4a007f9c9f4e59?s=96&d=mm&r=g\",\"url\":\"https:\\\/\\\/secure.gravatar.com\\\/avatar\\\/701701bd36169636031933997c8c6b954f2f635bbb7cd4802e4a007f9c9f4e59?s=96&d=mm&r=g\",\"contentUrl\":\"https:\\\/\\\/secure.gravatar.com\\\/avatar\\\/701701bd36169636031933997c8c6b954f2f635bbb7cd4802e4a007f9c9f4e59?s=96&d=mm&r=g\",\"caption\":\"viktorwallen\"},\"url\":\"https:\\\/\\\/lararkarriar.se\\\/grundskola\\\/author\\\/viktorwallen\\\/\"}]}<\/script>\n<!-- \/ Yoast SEO plugin. -->","yoast_head_json":{"title":"Jobba i en av Sveriges b\u00e4sta skolkommuner - Framtidens Karri\u00e4r \u2013 Grundskolel\u00e4rare","robots":{"index":"index","follow":"follow","max-snippet":"max-snippet:-1","max-image-preview":"max-image-preview:large","max-video-preview":"max-video-preview:-1"},"canonical":"https:\/\/lararkarriar.se\/grundskola\/2020\/02\/11\/jobba-i-en-av-sveriges-basta-skolkommuner\/","og_locale":"sv_SE","og_type":"article","og_title":"Jobba i en av Sveriges b\u00e4sta skolkommuner - Framtidens Karri\u00e4r \u2013 Grundskolel\u00e4rare","og_description":"Vill du jobba en av Sveriges b\u00e4sta skolkommuner?","og_url":"https:\/\/lararkarriar.se\/grundskola\/2020\/02\/11\/jobba-i-en-av-sveriges-basta-skolkommuner\/","og_site_name":"Framtidens Karri\u00e4r \u2013 Grundskolel\u00e4rare","article_published_time":"2020-02-11T15:26:10+00:00","article_modified_time":"2021-10-12T08:28:37+00:00","og_image":[{"width":1000,"height":602,"url":"https:\/\/lararkarriar.se\/grundskola\/wp-content\/uploads\/sites\/12\/2020\/02\/kalix-larare-5.jpg","type":"image\/jpeg"}],"author":"viktorwallen","twitter_card":"summary_large_image","twitter_misc":{"Skriven av":"viktorwallen","Ber\u00e4knad l\u00e4stid":"3 minuter"},"schema":{"@context":"https:\/\/schema.org","@graph":[{"@type":"Article","@id":"https:\/\/lararkarriar.se\/grundskola\/2020\/02\/11\/jobba-i-en-av-sveriges-basta-skolkommuner\/#article","isPartOf":{"@id":"https:\/\/lararkarriar.se\/grundskola\/2020\/02\/11\/jobba-i-en-av-sveriges-basta-skolkommuner\/"},"author":{"name":"viktorwallen","@id":"https:\/\/lararkarriar.se\/grundskola\/#\/schema\/person\/2a13a849ec7646386c2211f59afe3083"},"headline":"Jobba i en av Sveriges b\u00e4sta skolkommuner","datePublished":"2020-02-11T15:26:10+00:00","dateModified":"2021-10-12T08:28:37+00:00","mainEntityOfPage":{"@id":"https:\/\/lararkarriar.se\/grundskola\/2020\/02\/11\/jobba-i-en-av-sveriges-basta-skolkommuner\/"},"wordCount":582,"image":{"@id":"https:\/\/lararkarriar.se\/grundskola\/2020\/02\/11\/jobba-i-en-av-sveriges-basta-skolkommuner\/#primaryimage"},"thumbnailUrl":"https:\/\/lararkarriar.se\/grundskola\/wp-content\/uploads\/sites\/12\/2020\/02\/kalix-larare-5.jpg","keywords":["Kalix","Kalix kommun","Utm\u00e4rkelser"],"articleSection":["Presentation"],"inLanguage":"sv-SE"},{"@type":"WebPage","@id":"https:\/\/lararkarriar.se\/grundskola\/2020\/02\/11\/jobba-i-en-av-sveriges-basta-skolkommuner\/","url":"https:\/\/lararkarriar.se\/grundskola\/2020\/02\/11\/jobba-i-en-av-sveriges-basta-skolkommuner\/","name":"Jobba i en av Sveriges b\u00e4sta skolkommuner - Framtidens Karri\u00e4r \u2013 Grundskolel\u00e4rare","isPartOf":{"@id":"https:\/\/lararkarriar.se\/grundskola\/#website"},"primaryImageOfPage":{"@id":"https:\/\/lararkarriar.se\/grundskola\/2020\/02\/11\/jobba-i-en-av-sveriges-basta-skolkommuner\/#primaryimage"},"image":{"@id":"https:\/\/lararkarriar.se\/grundskola\/2020\/02\/11\/jobba-i-en-av-sveriges-basta-skolkommuner\/#primaryimage"},"thumbnailUrl":"https:\/\/lararkarriar.se\/grundskola\/wp-content\/uploads\/sites\/12\/2020\/02\/kalix-larare-5.jpg","datePublished":"2020-02-11T15:26:10+00:00","dateModified":"2021-10-12T08:28:37+00:00","author":{"@id":"https:\/\/lararkarriar.se\/grundskola\/#\/schema\/person\/2a13a849ec7646386c2211f59afe3083"},"breadcrumb":{"@id":"https:\/\/lararkarriar.se\/grundskola\/2020\/02\/11\/jobba-i-en-av-sveriges-basta-skolkommuner\/#breadcrumb"},"inLanguage":"sv-SE","potentialAction":[{"@type":"ReadAction","target":["https:\/\/lararkarriar.se\/grundskola\/2020\/02\/11\/jobba-i-en-av-sveriges-basta-skolkommuner\/"]}]},{"@type":"ImageObject","inLanguage":"sv-SE","@id":"https:\/\/lararkarriar.se\/grundskola\/2020\/02\/11\/jobba-i-en-av-sveriges-basta-skolkommuner\/#primaryimage","url":"https:\/\/lararkarriar.se\/grundskola\/wp-content\/uploads\/sites\/12\/2020\/02\/kalix-larare-5.jpg","contentUrl":"https:\/\/lararkarriar.se\/grundskola\/wp-content\/uploads\/sites\/12\/2020\/02\/kalix-larare-5.jpg","width":1000,"height":602,"caption":"Maria Nor\u00e9n och Dirk Fischer, l\u00e4rare i Kalix. Foto: Elisabeth Gustavsson \/ STARK fotografi &amp; design"},{"@type":"BreadcrumbList","@id":"https:\/\/lararkarriar.se\/grundskola\/2020\/02\/11\/jobba-i-en-av-sveriges-basta-skolkommuner\/#breadcrumb","itemListElement":[{"@type":"ListItem","position":1,"name":"Home","item":"https:\/\/lararkarriar.se\/grundskola\/"},{"@type":"ListItem","position":2,"name":"Jobba i en av Sveriges b\u00e4sta skolkommuner"}]},{"@type":"WebSite","@id":"https:\/\/lararkarriar.se\/grundskola\/#website","url":"https:\/\/lararkarriar.se\/grundskola\/","name":"Framtidens Karri\u00e4r \u2013 Grundskolel\u00e4rare","description":"Just another NMDashboard.se Sites site","potentialAction":[{"@type":"SearchAction","target":{"@type":"EntryPoint","urlTemplate":"https:\/\/lararkarriar.se\/grundskola\/?s={search_term_string}"},"query-input":{"@type":"PropertyValueSpecification","valueRequired":true,"valueName":"search_term_string"}}],"inLanguage":"sv-SE"},{"@type":"Person","@id":"https:\/\/lararkarriar.se\/grundskola\/#\/schema\/person\/2a13a849ec7646386c2211f59afe3083","name":"viktorwallen","image":{"@type":"ImageObject","inLanguage":"sv-SE","@id":"https:\/\/secure.gravatar.com\/avatar\/701701bd36169636031933997c8c6b954f2f635bbb7cd4802e4a007f9c9f4e59?s=96&d=mm&r=g","url":"https:\/\/secure.gravatar.com\/avatar\/701701bd36169636031933997c8c6b954f2f635bbb7cd4802e4a007f9c9f4e59?s=96&d=mm&r=g","contentUrl":"https:\/\/secure.gravatar.com\/avatar\/701701bd36169636031933997c8c6b954f2f635bbb7cd4802e4a007f9c9f4e59?s=96&d=mm&r=g","caption":"viktorwallen"},"url":"https:\/\/lararkarriar.se\/grundskola\/author\/viktorwallen\/"}]}},"_links":{"self":[{"href":"https:\/\/lararkarriar.se\/grundskola\/wp-json\/wp\/v2\/posts\/6834","targetHints":{"allow":["GET"]}}],"collection":[{"href":"https:\/\/lararkarriar.se\/grundskola\/wp-json\/wp\/v2\/posts"}],"about":[{"href":"https:\/\/lararkarriar.se\/grundskola\/wp-json\/wp\/v2\/types\/post"}],"author":[{"embeddable":true,"href":"https:\/\/lararkarriar.se\/grundskola\/wp-json\/wp\/v2\/users\/2"}],"replies":[{"embeddable":true,"href":"https:\/\/lararkarriar.se\/grundskola\/wp-json\/wp\/v2\/comments?post=6834"}],"version-history":[{"count":6,"href":"https:\/\/lararkarriar.se\/grundskola\/wp-json\/wp\/v2\/posts\/6834\/revisions"}],"predecessor-version":[{"id":7265,"href":"https:\/\/lararkarriar.se\/grundskola\/wp-json\/wp\/v2\/posts\/6834\/revisions\/7265"}],"wp:featuredmedia":[{"embeddable":true,"href":"https:\/\/lararkarriar.se\/grundskola\/wp-json\/wp\/v2\/media\/6837"}],"wp:attachment":[{"href":"https:\/\/lararkarriar.se\/grundskola\/wp-json\/wp\/v2\/media?parent=6834"}],"wp:term":[{"taxonomy":"category","embeddable":true,"href":"https:\/\/lararkarriar.se\/grundskola\/wp-json\/wp\/v2\/categories?post=6834"},{"taxonomy":"post_tag","embeddable":true,"href":"https:\/\/lararkarriar.se\/grundskola\/wp-json\/wp\/v2\/tags?post=6834"}],"curies":[{"name":"wp","href":"https:\/\/api.w.org\/{rel}","templated":true}]}}