{"id":6848,"date":"2020-02-11T15:46:28","date_gmt":"2020-02-11T15:46:28","guid":{"rendered":"https:\/\/lararkarriar.se\/grundskola\/?p=6848"},"modified":"2021-10-12T08:29:09","modified_gmt":"2021-10-12T08:29:09","slug":"fran-siffror-till-undervisningspraktik-i-staffanstorp","status":"publish","type":"post","link":"https:\/\/lararkarriar.se\/grundskola\/2020\/02\/11\/fran-siffror-till-undervisningspraktik-i-staffanstorp\/","title":{"rendered":"Fr\u00e5n siffror till undervisningspraktik"},"content":{"rendered":"\n<figure class=\"wp-block-image alignnone size-full wp-image-6849\"><img loading=\"lazy\" decoding=\"async\" width=\"827\" height=\"527\" src=\"https:\/\/lararkarriar.se\/grundskola\/wp-content\/uploads\/sites\/12\/2020\/02\/staffanstorpskommun200114-5080.jpg\" alt=\"Karin Servin Karlsson, rektor p\u00e5 Hj\u00e4rups och Tottarps skola, Anna Nord\u00e9n, l\u00e4rare p\u00e5 Stanstorpsskolan och Ann Edvik, bitr\u00e4dande utbildningschef i Staffanstorp. Foto: Jan Nord\u00e9n\" class=\"wp-image-6849\" srcset=\"https:\/\/lararkarriar.se\/grundskola\/wp-content\/uploads\/sites\/12\/2020\/02\/staffanstorpskommun200114-5080.jpg 827w, https:\/\/lararkarriar.se\/grundskola\/wp-content\/uploads\/sites\/12\/2020\/02\/staffanstorpskommun200114-5080-300x191.jpg 300w, https:\/\/lararkarriar.se\/grundskola\/wp-content\/uploads\/sites\/12\/2020\/02\/staffanstorpskommun200114-5080-768x489.jpg 768w, https:\/\/lararkarriar.se\/grundskola\/wp-content\/uploads\/sites\/12\/2020\/02\/staffanstorpskommun200114-5080-251x160.jpg 251w, https:\/\/lararkarriar.se\/grundskola\/wp-content\/uploads\/sites\/12\/2020\/02\/staffanstorpskommun200114-5080-526x335.jpg 526w, https:\/\/lararkarriar.se\/grundskola\/wp-content\/uploads\/sites\/12\/2020\/02\/staffanstorpskommun200114-5080-720x459.jpg 720w\" sizes=\"auto, (max-width: 827px) 100vw, 827px\" \/><figcaption>Karin Servin Karlsson, rektor p\u00e5 Hj\u00e4rups och Tottarps skola, Anna Nord\u00e9n, l\u00e4rare p\u00e5 Stanstorpsskolan och Ann Edvik, bitr\u00e4dande utbildningschef i Staffanstorp. Foto: Jan Nord\u00e9n<\/figcaption><\/figure>\n\n\n\n<p><strong>I Staffanstorp \u00e4r det systematiska kvalitetsarbetet inte abstrakta siffror och diffusa ord. H\u00e4r \u00e4r alla, fr\u00e5n elever till politiker, delaktiga i det systematiska kvalitetsarbetet och genom hela kedjan st\u00e5r undervisningen i tydligt fokus.<\/strong><\/p>\n\n\n\n<p>Det systematiska kvalitetsarbetet \u00e4r en grundstomme i skapandet av en bra skola. Men allt f\u00f6r ofta blir det viktiga kvalitetsarbetet en samling siffror och tabeller, som inte f\u00e5r direkt b\u00e4ring p\u00e5 undervisningen. Det ville man \u00e4ndra p\u00e5 i Staffanstorp.<br>\u2013 Det \u00e4r arbetet bakom siffrorna som \u00e4r det viktiga, att det kan \u00f6vers\u00e4ttas i praktiken. Vi har lyckats skapa en process som \u00e4r konkret, tydlig och anv\u00e4ndbar, med gemensamma strukturer, d\u00e4r det \u00e4r l\u00e4tt att g\u00f6ra r\u00e4tt, ber\u00e4ttar Ann Edvik, bitr\u00e4dande utbildningschef.<\/p>\n\n\n\n<p><strong><a title=\"Staffanstorps kommun pres jobb ans\u00f6k\" href=\"https:\/\/staffanstorp.se\/arbete-och-naringsliv\/kommunen-som-arbetsplats\/lediga-tjanster\/\" target=\"_blank\" rel=\"noopener noreferrer\">Jobba som l\u00e4rare i Staffanstorp. Klicka h\u00e4r f\u00f6r mer information<\/a><\/strong><\/p>\n\n\n\n<p><strong>Positiv delaktighet<\/strong><br>Hela kedjan, fr\u00e5n elever till huvudman, \u00e4r delaktig och tillsammans har man skapat ett tydligt presentationsmaterial f\u00f6r arbetet, som rektorer och l\u00e4rare implementerar i undervisningen.<br>\u2013 Vi har frihet p\u00e5 de olika enheterna att genomf\u00f6ra det p\u00e5 det s\u00e4tt som passar den egna skolan. Detta har mottagits v\u00e4ldigt positivt av personalen. Vi rektorer har n\u00e4ra kontakt med varandra och med f\u00f6rvaltningen och allt sker i dialog och samverkan, s\u00e4ger Karin Servin Karlsson, rektor p\u00e5 Hj\u00e4rups och Tottarps skolor.<br>Anna Nord\u00e9n, l\u00e4rare p\u00e5 Stanstorpsskolan, ber\u00e4ttar att eleverna i h\u00f6gsta grad \u00e4r delaktiga i genomf\u00f6randet av det systematiska kvalitetsarbetet.<br>\u2013 Eleverna \u00e4r med fr\u00e5n b\u00f6rjan, med id\u00e9er och l\u00f6sningar och tycker att det \u00e4r v\u00e4ldigt sp\u00e4nnande. Det g\u00f6r v\u00e5rt jobb som l\u00e4rare extra roligt. Alla brinner f\u00f6r det h\u00e4r och \u00e4r otroligt engagerade. Tack vare att det \u00e4r s\u00e5 strukturerat ger det systematiska kvalitetsarbetet ocks\u00e5 l\u00e5ngsiktighet och likv\u00e4rdighet i undervisningen, s\u00e4ger hon.<\/p>\n\n\n\n<p><strong>Korrekt underlag<\/strong><br>En viktig aspekt av det nya arbetss\u00e4ttet \u00e4r att man str\u00e4var efter att minska den administrativa b\u00f6rdan i kvalitetsarbetet s\u00e5 mycket som m\u00f6jligt. Kunskapsresultat sammanst\u00e4lls p\u00e5 f\u00f6rvaltningen och \u201dserveras\u201d till de enskilda skolorna. Dialog anv\u00e4nds framf\u00f6r l\u00e5nga skriftliga redovisningar. Samtidigt f\u00e5r den politiska ledningen ett tydligt och korrekt underlag f\u00f6r att fatta beslut. Utv\u00e4rderingar och nul\u00e4gesbeskrivningar g\u00f6rs regelbundet f\u00f6r att skapa underlag f\u00f6r olika beslut och insatser.<br>\u2013 Detta \u00e4r ett pr\u00f6vo\u00e5r, f\u00f6rklarar de. Men hittills har vi bara positiva erfarenheter, p\u00e5 alla niv\u00e5er. Undervisningen \u00e4r ju k\u00e4rnan i det vi g\u00f6r, och med v\u00e5rt nya arbetss\u00e4tt skapar vi fokus p\u00e5 k\u00e4rnverksamheten i skolan.<\/p>\n\n\n\n<p><strong><a title=\"Staffanstorps kommun pres jobb ans\u00f6k\" href=\"https:\/\/staffanstorp.se\/arbete-och-naringsliv\/kommunen-som-arbetsplats\/lediga-tjanster\/\" target=\"_blank\" rel=\"noopener noreferrer\">Jobba som l\u00e4rare i Staffanstorp. Klicka h\u00e4r f\u00f6r mer information<\/a><\/strong><\/p>\n\n\n\n<div class=\"wp-block-group faktaruta\"><div class=\"wp-block-group__inner-container is-layout-flow wp-block-group-is-layout-flow\">\n<h6 class=\"wp-block-heading\">Staffanstorps kommun<\/h6>\n\n\n\n<p>Staffanstorps kommun har tio kommunala grundskolor med totalt cirka 3400 elever. I sitt systematiska kvalitetsarbete fokuserar kommunen p\u00e5 undervisningen och p\u00e5 att vara konkret, tydlig och skapa delaktighet genom hela kedjan, fr\u00e5n elever till huvudm\u00e4n. Kommunen ligger minuter fr\u00e5n s\u00e5v\u00e4l Lund och Malm\u00f6 som K\u00f6penhamn och det finns ett rikt utbud av kultur- och fritidsaktiviteter.<\/p>\n\n\n\n<p><strong><a title=\"Staffanstorps kommun textlink\" href=\"https:\/\/staffanstorp.se\/\" target=\"_blank\" rel=\"noopener noreferrer\">www.staffanstorp.se<\/a><\/strong><br><br><a href=\"https:\/\/staffanstorp.se\/\" title=\"Staffanstorps kommun logotype\" target=\"_blank\" rel=\"noreferrer noopener\"><img loading=\"lazy\" decoding=\"async\" width=\"100\" height=\"125\" class=\"wp-image-6850\" style=\"width: 100px;\" src=\"https:\/\/lararkarriar.se\/grundskola\/wp-content\/uploads\/sites\/12\/2020\/02\/staffanstorp-logotyp.png\" alt=\"\" srcset=\"https:\/\/lararkarriar.se\/grundskola\/wp-content\/uploads\/sites\/12\/2020\/02\/staffanstorp-logotyp.png 500w, https:\/\/lararkarriar.se\/grundskola\/wp-content\/uploads\/sites\/12\/2020\/02\/staffanstorp-logotyp-240x300.png 240w, https:\/\/lararkarriar.se\/grundskola\/wp-content\/uploads\/sites\/12\/2020\/02\/staffanstorp-logotyp-128x160.png 128w\" sizes=\"auto, (max-width: 100px) 100vw, 100px\" \/><\/a><\/p>\n<\/div><\/div>\n","protected":false},"excerpt":{"rendered":"<p>I Staffanstorp \u00e4r det systematiska kvalitetsarbetet inte abstrakta siffror och diffusa ord.<\/p>\n","protected":false},"author":2,"featured_media":6849,"comment_status":"closed","ping_status":"open","sticky":false,"template":"","format":"standard","meta":{"_acf_changed":false,"_monsterinsights_skip_tracking":false,"_monsterinsights_sitenote_active":false,"_monsterinsights_sitenote_note":"","_monsterinsights_sitenote_category":0,"footnotes":""},"categories":[7],"tags":[452,121,194,359],"class_list":["post-6848","post","type-post","status-publish","format-standard","has-post-thumbnail","hentry","category-presentation","tag-forbattringsarbete","tag-grundskola","tag-kvalitetsarbete","tag-staffanstorps-kommun"],"acf":[],"yoast_head":"<!-- This site is optimized with the Yoast SEO plugin v27.3 - https:\/\/yoast.com\/product\/yoast-seo-wordpress\/ -->\n<title>Fr\u00e5n siffror till undervisningspraktik - Framtidens Karri\u00e4r \u2013 Grundskolel\u00e4rare<\/title>\n<meta name=\"robots\" content=\"index, follow, max-snippet:-1, max-image-preview:large, max-video-preview:-1\" \/>\n<link rel=\"canonical\" href=\"https:\/\/lararkarriar.se\/grundskola\/2020\/02\/11\/fran-siffror-till-undervisningspraktik-i-staffanstorp\/\" \/>\n<meta property=\"og:locale\" content=\"sv_SE\" \/>\n<meta property=\"og:type\" content=\"article\" \/>\n<meta property=\"og:title\" content=\"Fr\u00e5n siffror till undervisningspraktik - Framtidens Karri\u00e4r \u2013 Grundskolel\u00e4rare\" \/>\n<meta property=\"og:description\" content=\"I Staffanstorp \u00e4r det systematiska kvalitetsarbetet inte abstrakta siffror och diffusa ord.\" \/>\n<meta property=\"og:url\" content=\"https:\/\/lararkarriar.se\/grundskola\/2020\/02\/11\/fran-siffror-till-undervisningspraktik-i-staffanstorp\/\" \/>\n<meta property=\"og:site_name\" content=\"Framtidens Karri\u00e4r \u2013 Grundskolel\u00e4rare\" \/>\n<meta property=\"article:published_time\" content=\"2020-02-11T15:46:28+00:00\" \/>\n<meta property=\"article:modified_time\" content=\"2021-10-12T08:29:09+00:00\" \/>\n<meta property=\"og:image\" content=\"https:\/\/lararkarriar.se\/grundskola\/wp-content\/uploads\/sites\/12\/2020\/02\/staffanstorpskommun200114-5080.jpg\" \/>\n\t<meta property=\"og:image:width\" content=\"827\" \/>\n\t<meta property=\"og:image:height\" content=\"527\" \/>\n\t<meta property=\"og:image:type\" content=\"image\/jpeg\" \/>\n<meta name=\"author\" content=\"viktorwallen\" \/>\n<meta name=\"twitter:card\" content=\"summary_large_image\" \/>\n<meta name=\"twitter:label1\" content=\"Skriven av\" \/>\n\t<meta name=\"twitter:data1\" content=\"viktorwallen\" \/>\n\t<meta name=\"twitter:label2\" content=\"Ber\u00e4knad l\u00e4stid\" \/>\n\t<meta name=\"twitter:data2\" content=\"3 minuter\" \/>\n<script type=\"application\/ld+json\" class=\"yoast-schema-graph\">{\"@context\":\"https:\\\/\\\/schema.org\",\"@graph\":[{\"@type\":\"Article\",\"@id\":\"https:\\\/\\\/lararkarriar.se\\\/grundskola\\\/2020\\\/02\\\/11\\\/fran-siffror-till-undervisningspraktik-i-staffanstorp\\\/#article\",\"isPartOf\":{\"@id\":\"https:\\\/\\\/lararkarriar.se\\\/grundskola\\\/2020\\\/02\\\/11\\\/fran-siffror-till-undervisningspraktik-i-staffanstorp\\\/\"},\"author\":{\"name\":\"viktorwallen\",\"@id\":\"https:\\\/\\\/lararkarriar.se\\\/grundskola\\\/#\\\/schema\\\/person\\\/2a13a849ec7646386c2211f59afe3083\"},\"headline\":\"Fr\u00e5n siffror till undervisningspraktik\",\"datePublished\":\"2020-02-11T15:46:28+00:00\",\"dateModified\":\"2021-10-12T08:29:09+00:00\",\"mainEntityOfPage\":{\"@id\":\"https:\\\/\\\/lararkarriar.se\\\/grundskola\\\/2020\\\/02\\\/11\\\/fran-siffror-till-undervisningspraktik-i-staffanstorp\\\/\"},\"wordCount\":562,\"image\":{\"@id\":\"https:\\\/\\\/lararkarriar.se\\\/grundskola\\\/2020\\\/02\\\/11\\\/fran-siffror-till-undervisningspraktik-i-staffanstorp\\\/#primaryimage\"},\"thumbnailUrl\":\"https:\\\/\\\/lararkarriar.se\\\/grundskola\\\/wp-content\\\/uploads\\\/sites\\\/12\\\/2020\\\/02\\\/staffanstorpskommun200114-5080.jpg\",\"keywords\":[\"F\u00f6rb\u00e4ttringsarbete\",\"Grundskola\",\"Kvalitetsarbete\",\"Staffanstorps kommun\"],\"articleSection\":[\"Presentation\"],\"inLanguage\":\"sv-SE\"},{\"@type\":\"WebPage\",\"@id\":\"https:\\\/\\\/lararkarriar.se\\\/grundskola\\\/2020\\\/02\\\/11\\\/fran-siffror-till-undervisningspraktik-i-staffanstorp\\\/\",\"url\":\"https:\\\/\\\/lararkarriar.se\\\/grundskola\\\/2020\\\/02\\\/11\\\/fran-siffror-till-undervisningspraktik-i-staffanstorp\\\/\",\"name\":\"Fr\u00e5n siffror till undervisningspraktik - Framtidens Karri\u00e4r \u2013 Grundskolel\u00e4rare\",\"isPartOf\":{\"@id\":\"https:\\\/\\\/lararkarriar.se\\\/grundskola\\\/#website\"},\"primaryImageOfPage\":{\"@id\":\"https:\\\/\\\/lararkarriar.se\\\/grundskola\\\/2020\\\/02\\\/11\\\/fran-siffror-till-undervisningspraktik-i-staffanstorp\\\/#primaryimage\"},\"image\":{\"@id\":\"https:\\\/\\\/lararkarriar.se\\\/grundskola\\\/2020\\\/02\\\/11\\\/fran-siffror-till-undervisningspraktik-i-staffanstorp\\\/#primaryimage\"},\"thumbnailUrl\":\"https:\\\/\\\/lararkarriar.se\\\/grundskola\\\/wp-content\\\/uploads\\\/sites\\\/12\\\/2020\\\/02\\\/staffanstorpskommun200114-5080.jpg\",\"datePublished\":\"2020-02-11T15:46:28+00:00\",\"dateModified\":\"2021-10-12T08:29:09+00:00\",\"author\":{\"@id\":\"https:\\\/\\\/lararkarriar.se\\\/grundskola\\\/#\\\/schema\\\/person\\\/2a13a849ec7646386c2211f59afe3083\"},\"breadcrumb\":{\"@id\":\"https:\\\/\\\/lararkarriar.se\\\/grundskola\\\/2020\\\/02\\\/11\\\/fran-siffror-till-undervisningspraktik-i-staffanstorp\\\/#breadcrumb\"},\"inLanguage\":\"sv-SE\",\"potentialAction\":[{\"@type\":\"ReadAction\",\"target\":[\"https:\\\/\\\/lararkarriar.se\\\/grundskola\\\/2020\\\/02\\\/11\\\/fran-siffror-till-undervisningspraktik-i-staffanstorp\\\/\"]}]},{\"@type\":\"ImageObject\",\"inLanguage\":\"sv-SE\",\"@id\":\"https:\\\/\\\/lararkarriar.se\\\/grundskola\\\/2020\\\/02\\\/11\\\/fran-siffror-till-undervisningspraktik-i-staffanstorp\\\/#primaryimage\",\"url\":\"https:\\\/\\\/lararkarriar.se\\\/grundskola\\\/wp-content\\\/uploads\\\/sites\\\/12\\\/2020\\\/02\\\/staffanstorpskommun200114-5080.jpg\",\"contentUrl\":\"https:\\\/\\\/lararkarriar.se\\\/grundskola\\\/wp-content\\\/uploads\\\/sites\\\/12\\\/2020\\\/02\\\/staffanstorpskommun200114-5080.jpg\",\"width\":827,\"height\":527,\"caption\":\"Karin Servin Karlsson, rektor p\u00e5 Hj\u00e4rups och Tottarps skola, Anna Nord\u00e9n, l\u00e4rare p\u00e5 Stanstorpsskolan och Ann Edvik, bitr\u00e4dande utbildningschef i Staffanstorp. Foto: Jan Nord\u00e9n\"},{\"@type\":\"BreadcrumbList\",\"@id\":\"https:\\\/\\\/lararkarriar.se\\\/grundskola\\\/2020\\\/02\\\/11\\\/fran-siffror-till-undervisningspraktik-i-staffanstorp\\\/#breadcrumb\",\"itemListElement\":[{\"@type\":\"ListItem\",\"position\":1,\"name\":\"Home\",\"item\":\"https:\\\/\\\/lararkarriar.se\\\/grundskola\\\/\"},{\"@type\":\"ListItem\",\"position\":2,\"name\":\"Fr\u00e5n siffror till undervisningspraktik\"}]},{\"@type\":\"WebSite\",\"@id\":\"https:\\\/\\\/lararkarriar.se\\\/grundskola\\\/#website\",\"url\":\"https:\\\/\\\/lararkarriar.se\\\/grundskola\\\/\",\"name\":\"Framtidens Karri\u00e4r \u2013 Grundskolel\u00e4rare\",\"description\":\"Just another NMDashboard.se Sites site\",\"potentialAction\":[{\"@type\":\"SearchAction\",\"target\":{\"@type\":\"EntryPoint\",\"urlTemplate\":\"https:\\\/\\\/lararkarriar.se\\\/grundskola\\\/?s={search_term_string}\"},\"query-input\":{\"@type\":\"PropertyValueSpecification\",\"valueRequired\":true,\"valueName\":\"search_term_string\"}}],\"inLanguage\":\"sv-SE\"},{\"@type\":\"Person\",\"@id\":\"https:\\\/\\\/lararkarriar.se\\\/grundskola\\\/#\\\/schema\\\/person\\\/2a13a849ec7646386c2211f59afe3083\",\"name\":\"viktorwallen\",\"image\":{\"@type\":\"ImageObject\",\"inLanguage\":\"sv-SE\",\"@id\":\"https:\\\/\\\/secure.gravatar.com\\\/avatar\\\/701701bd36169636031933997c8c6b954f2f635bbb7cd4802e4a007f9c9f4e59?s=96&d=mm&r=g\",\"url\":\"https:\\\/\\\/secure.gravatar.com\\\/avatar\\\/701701bd36169636031933997c8c6b954f2f635bbb7cd4802e4a007f9c9f4e59?s=96&d=mm&r=g\",\"contentUrl\":\"https:\\\/\\\/secure.gravatar.com\\\/avatar\\\/701701bd36169636031933997c8c6b954f2f635bbb7cd4802e4a007f9c9f4e59?s=96&d=mm&r=g\",\"caption\":\"viktorwallen\"},\"url\":\"https:\\\/\\\/lararkarriar.se\\\/grundskola\\\/author\\\/viktorwallen\\\/\"}]}<\/script>\n<!-- \/ Yoast SEO plugin. -->","yoast_head_json":{"title":"Fr\u00e5n siffror till undervisningspraktik - Framtidens Karri\u00e4r \u2013 Grundskolel\u00e4rare","robots":{"index":"index","follow":"follow","max-snippet":"max-snippet:-1","max-image-preview":"max-image-preview:large","max-video-preview":"max-video-preview:-1"},"canonical":"https:\/\/lararkarriar.se\/grundskola\/2020\/02\/11\/fran-siffror-till-undervisningspraktik-i-staffanstorp\/","og_locale":"sv_SE","og_type":"article","og_title":"Fr\u00e5n siffror till undervisningspraktik - Framtidens Karri\u00e4r \u2013 Grundskolel\u00e4rare","og_description":"I Staffanstorp \u00e4r det systematiska kvalitetsarbetet inte abstrakta siffror och diffusa ord.","og_url":"https:\/\/lararkarriar.se\/grundskola\/2020\/02\/11\/fran-siffror-till-undervisningspraktik-i-staffanstorp\/","og_site_name":"Framtidens Karri\u00e4r \u2013 Grundskolel\u00e4rare","article_published_time":"2020-02-11T15:46:28+00:00","article_modified_time":"2021-10-12T08:29:09+00:00","og_image":[{"width":827,"height":527,"url":"https:\/\/lararkarriar.se\/grundskola\/wp-content\/uploads\/sites\/12\/2020\/02\/staffanstorpskommun200114-5080.jpg","type":"image\/jpeg"}],"author":"viktorwallen","twitter_card":"summary_large_image","twitter_misc":{"Skriven av":"viktorwallen","Ber\u00e4knad l\u00e4stid":"3 minuter"},"schema":{"@context":"https:\/\/schema.org","@graph":[{"@type":"Article","@id":"https:\/\/lararkarriar.se\/grundskola\/2020\/02\/11\/fran-siffror-till-undervisningspraktik-i-staffanstorp\/#article","isPartOf":{"@id":"https:\/\/lararkarriar.se\/grundskola\/2020\/02\/11\/fran-siffror-till-undervisningspraktik-i-staffanstorp\/"},"author":{"name":"viktorwallen","@id":"https:\/\/lararkarriar.se\/grundskola\/#\/schema\/person\/2a13a849ec7646386c2211f59afe3083"},"headline":"Fr\u00e5n siffror till undervisningspraktik","datePublished":"2020-02-11T15:46:28+00:00","dateModified":"2021-10-12T08:29:09+00:00","mainEntityOfPage":{"@id":"https:\/\/lararkarriar.se\/grundskola\/2020\/02\/11\/fran-siffror-till-undervisningspraktik-i-staffanstorp\/"},"wordCount":562,"image":{"@id":"https:\/\/lararkarriar.se\/grundskola\/2020\/02\/11\/fran-siffror-till-undervisningspraktik-i-staffanstorp\/#primaryimage"},"thumbnailUrl":"https:\/\/lararkarriar.se\/grundskola\/wp-content\/uploads\/sites\/12\/2020\/02\/staffanstorpskommun200114-5080.jpg","keywords":["F\u00f6rb\u00e4ttringsarbete","Grundskola","Kvalitetsarbete","Staffanstorps kommun"],"articleSection":["Presentation"],"inLanguage":"sv-SE"},{"@type":"WebPage","@id":"https:\/\/lararkarriar.se\/grundskola\/2020\/02\/11\/fran-siffror-till-undervisningspraktik-i-staffanstorp\/","url":"https:\/\/lararkarriar.se\/grundskola\/2020\/02\/11\/fran-siffror-till-undervisningspraktik-i-staffanstorp\/","name":"Fr\u00e5n siffror till undervisningspraktik - Framtidens Karri\u00e4r \u2013 Grundskolel\u00e4rare","isPartOf":{"@id":"https:\/\/lararkarriar.se\/grundskola\/#website"},"primaryImageOfPage":{"@id":"https:\/\/lararkarriar.se\/grundskola\/2020\/02\/11\/fran-siffror-till-undervisningspraktik-i-staffanstorp\/#primaryimage"},"image":{"@id":"https:\/\/lararkarriar.se\/grundskola\/2020\/02\/11\/fran-siffror-till-undervisningspraktik-i-staffanstorp\/#primaryimage"},"thumbnailUrl":"https:\/\/lararkarriar.se\/grundskola\/wp-content\/uploads\/sites\/12\/2020\/02\/staffanstorpskommun200114-5080.jpg","datePublished":"2020-02-11T15:46:28+00:00","dateModified":"2021-10-12T08:29:09+00:00","author":{"@id":"https:\/\/lararkarriar.se\/grundskola\/#\/schema\/person\/2a13a849ec7646386c2211f59afe3083"},"breadcrumb":{"@id":"https:\/\/lararkarriar.se\/grundskola\/2020\/02\/11\/fran-siffror-till-undervisningspraktik-i-staffanstorp\/#breadcrumb"},"inLanguage":"sv-SE","potentialAction":[{"@type":"ReadAction","target":["https:\/\/lararkarriar.se\/grundskola\/2020\/02\/11\/fran-siffror-till-undervisningspraktik-i-staffanstorp\/"]}]},{"@type":"ImageObject","inLanguage":"sv-SE","@id":"https:\/\/lararkarriar.se\/grundskola\/2020\/02\/11\/fran-siffror-till-undervisningspraktik-i-staffanstorp\/#primaryimage","url":"https:\/\/lararkarriar.se\/grundskola\/wp-content\/uploads\/sites\/12\/2020\/02\/staffanstorpskommun200114-5080.jpg","contentUrl":"https:\/\/lararkarriar.se\/grundskola\/wp-content\/uploads\/sites\/12\/2020\/02\/staffanstorpskommun200114-5080.jpg","width":827,"height":527,"caption":"Karin Servin Karlsson, rektor p\u00e5 Hj\u00e4rups och Tottarps skola, Anna Nord\u00e9n, l\u00e4rare p\u00e5 Stanstorpsskolan och Ann Edvik, bitr\u00e4dande utbildningschef i Staffanstorp. Foto: Jan Nord\u00e9n"},{"@type":"BreadcrumbList","@id":"https:\/\/lararkarriar.se\/grundskola\/2020\/02\/11\/fran-siffror-till-undervisningspraktik-i-staffanstorp\/#breadcrumb","itemListElement":[{"@type":"ListItem","position":1,"name":"Home","item":"https:\/\/lararkarriar.se\/grundskola\/"},{"@type":"ListItem","position":2,"name":"Fr\u00e5n siffror till undervisningspraktik"}]},{"@type":"WebSite","@id":"https:\/\/lararkarriar.se\/grundskola\/#website","url":"https:\/\/lararkarriar.se\/grundskola\/","name":"Framtidens Karri\u00e4r \u2013 Grundskolel\u00e4rare","description":"Just another NMDashboard.se Sites site","potentialAction":[{"@type":"SearchAction","target":{"@type":"EntryPoint","urlTemplate":"https:\/\/lararkarriar.se\/grundskola\/?s={search_term_string}"},"query-input":{"@type":"PropertyValueSpecification","valueRequired":true,"valueName":"search_term_string"}}],"inLanguage":"sv-SE"},{"@type":"Person","@id":"https:\/\/lararkarriar.se\/grundskola\/#\/schema\/person\/2a13a849ec7646386c2211f59afe3083","name":"viktorwallen","image":{"@type":"ImageObject","inLanguage":"sv-SE","@id":"https:\/\/secure.gravatar.com\/avatar\/701701bd36169636031933997c8c6b954f2f635bbb7cd4802e4a007f9c9f4e59?s=96&d=mm&r=g","url":"https:\/\/secure.gravatar.com\/avatar\/701701bd36169636031933997c8c6b954f2f635bbb7cd4802e4a007f9c9f4e59?s=96&d=mm&r=g","contentUrl":"https:\/\/secure.gravatar.com\/avatar\/701701bd36169636031933997c8c6b954f2f635bbb7cd4802e4a007f9c9f4e59?s=96&d=mm&r=g","caption":"viktorwallen"},"url":"https:\/\/lararkarriar.se\/grundskola\/author\/viktorwallen\/"}]}},"_links":{"self":[{"href":"https:\/\/lararkarriar.se\/grundskola\/wp-json\/wp\/v2\/posts\/6848","targetHints":{"allow":["GET"]}}],"collection":[{"href":"https:\/\/lararkarriar.se\/grundskola\/wp-json\/wp\/v2\/posts"}],"about":[{"href":"https:\/\/lararkarriar.se\/grundskola\/wp-json\/wp\/v2\/types\/post"}],"author":[{"embeddable":true,"href":"https:\/\/lararkarriar.se\/grundskola\/wp-json\/wp\/v2\/users\/2"}],"replies":[{"embeddable":true,"href":"https:\/\/lararkarriar.se\/grundskola\/wp-json\/wp\/v2\/comments?post=6848"}],"version-history":[{"count":11,"href":"https:\/\/lararkarriar.se\/grundskola\/wp-json\/wp\/v2\/posts\/6848\/revisions"}],"predecessor-version":[{"id":7279,"href":"https:\/\/lararkarriar.se\/grundskola\/wp-json\/wp\/v2\/posts\/6848\/revisions\/7279"}],"wp:featuredmedia":[{"embeddable":true,"href":"https:\/\/lararkarriar.se\/grundskola\/wp-json\/wp\/v2\/media\/6849"}],"wp:attachment":[{"href":"https:\/\/lararkarriar.se\/grundskola\/wp-json\/wp\/v2\/media?parent=6848"}],"wp:term":[{"taxonomy":"category","embeddable":true,"href":"https:\/\/lararkarriar.se\/grundskola\/wp-json\/wp\/v2\/categories?post=6848"},{"taxonomy":"post_tag","embeddable":true,"href":"https:\/\/lararkarriar.se\/grundskola\/wp-json\/wp\/v2\/tags?post=6848"}],"curies":[{"name":"wp","href":"https:\/\/api.w.org\/{rel}","templated":true}]}}