{"id":6871,"date":"2020-02-11T14:42:48","date_gmt":"2020-02-11T14:42:48","guid":{"rendered":"https:\/\/lararkarriar.se\/grundskola\/?p=6871"},"modified":"2020-11-05T12:01:37","modified_gmt":"2020-11-05T12:01:37","slug":"ny-larare-med-hoga-ambitioner","status":"publish","type":"post","link":"https:\/\/lararkarriar.se\/grundskola\/2020\/02\/11\/ny-larare-med-hoga-ambitioner\/","title":{"rendered":"Ny l\u00e4rare med h\u00f6ga ambitioner?"},"content":{"rendered":"\n<figure class=\"wp-block-image\"><img loading=\"lazy\" decoding=\"async\" width=\"1000\" height=\"556\" src=\"https:\/\/lararkarriar.se\/grundskola\/wp-content\/uploads\/sites\/12\/2020\/02\/annons-karriar-grundskolelarare-test-utan-utfall.png\" alt=\"\" class=\"wp-image-6872\" srcset=\"https:\/\/lararkarriar.se\/grundskola\/wp-content\/uploads\/sites\/12\/2020\/02\/annons-karriar-grundskolelarare-test-utan-utfall.png 1000w, https:\/\/lararkarriar.se\/grundskola\/wp-content\/uploads\/sites\/12\/2020\/02\/annons-karriar-grundskolelarare-test-utan-utfall-300x167.png 300w, https:\/\/lararkarriar.se\/grundskola\/wp-content\/uploads\/sites\/12\/2020\/02\/annons-karriar-grundskolelarare-test-utan-utfall-768x427.png 768w, https:\/\/lararkarriar.se\/grundskola\/wp-content\/uploads\/sites\/12\/2020\/02\/annons-karriar-grundskolelarare-test-utan-utfall-288x160.png 288w, https:\/\/lararkarriar.se\/grundskola\/wp-content\/uploads\/sites\/12\/2020\/02\/annons-karriar-grundskolelarare-test-utan-utfall-80x45.png 80w, https:\/\/lararkarriar.se\/grundskola\/wp-content\/uploads\/sites\/12\/2020\/02\/annons-karriar-grundskolelarare-test-utan-utfall-526x292.png 526w, https:\/\/lararkarriar.se\/grundskola\/wp-content\/uploads\/sites\/12\/2020\/02\/annons-karriar-grundskolelarare-test-utan-utfall-720x400.png 720w, https:\/\/lararkarriar.se\/grundskola\/wp-content\/uploads\/sites\/12\/2020\/02\/annons-karriar-grundskolelarare-test-utan-utfall-960x534.png 960w\" sizes=\"auto, (max-width: 1000px) 100vw, 1000px\" \/><\/figure>\n\n\n\n<p><strong>Vi har skapat Sveriges f\u00f6rsta traineeprogram f\u00f6r nya l\u00e4rare. Programmet riktar sig till dig som har h\u00f6ga ambitioner och som vill ha den b\u00e4sta starten p\u00e5 din karri\u00e4r inom skola.<\/strong><\/p>\n\n\n\n<p><strong>Som trainee f\u00e5r du:<\/strong><br>&#8211; En mentor<br>&#8211; Ledarskapsutbildning<br>&#8211; L\u00e4ra k\u00e4nna koncernen<br>&#8211; Auskultera erfarna l\u00e4rare<br>&#8211; Driva eget skolutvecklingsprojekt<br>&#8211; Extra tid f\u00f6r lektionsplanering<br>&#8211; Tillsvidare anst\u00e4llning p\u00e5 heltid<br>&#8211; Konkurrenskraftig m\u00e5nadsl\u00f6n<\/p>\n\n\n\n<p><strong><a title=\"Tibble annons l\u00e4s mer\" href=\"https:\/\/tibble.nu\/campus-taby\/arbeta-pa-tibble\/traineeprogrammet\/\" target=\"_blank\" rel=\"noopener noreferrer\">Klicka h\u00e4r f\u00f6r att l\u00e4sa mer<\/a><\/strong><\/p>\n\n\n\n<div class=\"wp-block-group has-color-gray-01-background-color has-background\"><div class=\"wp-block-group__inner-container is-layout-flow wp-block-group-is-layout-flow\">\n<h3 class=\"wp-block-heading\">Vem kan ans\u00f6ka?<\/h3>\n\n\n\n<p>Traineeprogrammet riktar sig till dig som tar din l\u00e4rarexamen under v\u00e5rterminen 2020 eller till dig som jobbar som l\u00e4rare dina f\u00f6rsta terminer under det nu p\u00e5g\u00e5ende l\u00e4s\u00e5ret.<br><br>Vi s\u00f6ker l\u00e4rare med olika \u00e4mneskompetenser och med beh\u00f6righet att undervisa i \u00e5rskurser fr\u00e5n f\u00f6rskola upp till gymnasiet samt fritidshemspedagoger.<br><br><strong>Ans\u00f6kan<\/strong> N\u00e4sta traineeprogram startar i augusti 2020. Ans\u00f6k senast 31 mars. Din ans\u00f6kan b\u00f6r inneh\u00e5lla CV samt personligt brev. Skicka din ans\u00f6kan till <em><a title=\"Tibble annons mail ans\u00f6kan\" href=\"mailto:trainee@tibble.nu\">trainee@tibble.nu<\/a><\/em>.<\/p>\n<\/div><\/div>\n","protected":false},"excerpt":{"rendered":"<p>Vi har skapat Sveriges f\u00f6rsta traineeprogram f\u00f6r nya l\u00e4rare<\/p>\n","protected":false},"author":2,"featured_media":6872,"comment_status":"closed","ping_status":"open","sticky":false,"template":"","format":"standard","meta":{"_acf_changed":false,"_monsterinsights_skip_tracking":false,"_monsterinsights_sitenote_active":false,"_monsterinsights_sitenote_note":"","_monsterinsights_sitenote_category":0,"footnotes":""},"categories":[448],"tags":[15,16,388,397],"class_list":["post-6871","post","type-post","status-publish","format-standard","has-post-thumbnail","hentry","category-annons","tag-annons","tag-ansok","tag-tibble","tag-trainee"],"acf":[],"yoast_head":"<!-- This site is optimized with the Yoast SEO plugin v27.3 - https:\/\/yoast.com\/product\/yoast-seo-wordpress\/ -->\n<title>Ny l\u00e4rare med h\u00f6ga ambitioner? - Framtidens Karri\u00e4r \u2013 Grundskolel\u00e4rare<\/title>\n<meta name=\"robots\" content=\"index, follow, max-snippet:-1, max-image-preview:large, max-video-preview:-1\" \/>\n<link rel=\"canonical\" href=\"https:\/\/lararkarriar.se\/grundskola\/2020\/02\/11\/ny-larare-med-hoga-ambitioner\/\" \/>\n<meta property=\"og:locale\" content=\"sv_SE\" \/>\n<meta property=\"og:type\" content=\"article\" \/>\n<meta property=\"og:title\" content=\"Ny l\u00e4rare med h\u00f6ga ambitioner? - Framtidens Karri\u00e4r \u2013 Grundskolel\u00e4rare\" \/>\n<meta property=\"og:description\" content=\"Vi har skapat Sveriges f\u00f6rsta traineeprogram f\u00f6r nya l\u00e4rare\" \/>\n<meta property=\"og:url\" content=\"https:\/\/lararkarriar.se\/grundskola\/2020\/02\/11\/ny-larare-med-hoga-ambitioner\/\" \/>\n<meta property=\"og:site_name\" content=\"Framtidens Karri\u00e4r \u2013 Grundskolel\u00e4rare\" \/>\n<meta property=\"article:published_time\" content=\"2020-02-11T14:42:48+00:00\" \/>\n<meta property=\"article:modified_time\" content=\"2020-11-05T12:01:37+00:00\" \/>\n<meta property=\"og:image\" content=\"https:\/\/lararkarriar.se\/grundskola\/wp-content\/uploads\/sites\/12\/2020\/02\/annons-karriar-grundskolelarare-test-utan-utfall.png\" \/>\n\t<meta property=\"og:image:width\" content=\"1000\" \/>\n\t<meta property=\"og:image:height\" content=\"556\" \/>\n\t<meta property=\"og:image:type\" content=\"image\/png\" \/>\n<meta name=\"author\" content=\"viktorwallen\" \/>\n<meta name=\"twitter:card\" content=\"summary_large_image\" \/>\n<meta name=\"twitter:label1\" content=\"Skriven av\" \/>\n\t<meta name=\"twitter:data1\" content=\"viktorwallen\" \/>\n\t<meta name=\"twitter:label2\" content=\"Ber\u00e4knad l\u00e4stid\" \/>\n\t<meta name=\"twitter:data2\" content=\"1 minut\" \/>\n<script type=\"application\/ld+json\" class=\"yoast-schema-graph\">{\"@context\":\"https:\\\/\\\/schema.org\",\"@graph\":[{\"@type\":\"Article\",\"@id\":\"https:\\\/\\\/lararkarriar.se\\\/grundskola\\\/2020\\\/02\\\/11\\\/ny-larare-med-hoga-ambitioner\\\/#article\",\"isPartOf\":{\"@id\":\"https:\\\/\\\/lararkarriar.se\\\/grundskola\\\/2020\\\/02\\\/11\\\/ny-larare-med-hoga-ambitioner\\\/\"},\"author\":{\"name\":\"viktorwallen\",\"@id\":\"https:\\\/\\\/lararkarriar.se\\\/grundskola\\\/#\\\/schema\\\/person\\\/2a13a849ec7646386c2211f59afe3083\"},\"headline\":\"Ny l\u00e4rare med h\u00f6ga ambitioner?\",\"datePublished\":\"2020-02-11T14:42:48+00:00\",\"dateModified\":\"2020-11-05T12:01:37+00:00\",\"mainEntityOfPage\":{\"@id\":\"https:\\\/\\\/lararkarriar.se\\\/grundskola\\\/2020\\\/02\\\/11\\\/ny-larare-med-hoga-ambitioner\\\/\"},\"wordCount\":181,\"image\":{\"@id\":\"https:\\\/\\\/lararkarriar.se\\\/grundskola\\\/2020\\\/02\\\/11\\\/ny-larare-med-hoga-ambitioner\\\/#primaryimage\"},\"thumbnailUrl\":\"https:\\\/\\\/lararkarriar.se\\\/grundskola\\\/wp-content\\\/uploads\\\/sites\\\/12\\\/2020\\\/02\\\/annons-karriar-grundskolelarare-test-utan-utfall.png\",\"keywords\":[\"Annons\",\"ans\u00f6k\",\"Tibble\",\"Trainee\"],\"articleSection\":[\"Annons\"],\"inLanguage\":\"sv-SE\"},{\"@type\":\"WebPage\",\"@id\":\"https:\\\/\\\/lararkarriar.se\\\/grundskola\\\/2020\\\/02\\\/11\\\/ny-larare-med-hoga-ambitioner\\\/\",\"url\":\"https:\\\/\\\/lararkarriar.se\\\/grundskola\\\/2020\\\/02\\\/11\\\/ny-larare-med-hoga-ambitioner\\\/\",\"name\":\"Ny l\u00e4rare med h\u00f6ga ambitioner? - Framtidens Karri\u00e4r \u2013 Grundskolel\u00e4rare\",\"isPartOf\":{\"@id\":\"https:\\\/\\\/lararkarriar.se\\\/grundskola\\\/#website\"},\"primaryImageOfPage\":{\"@id\":\"https:\\\/\\\/lararkarriar.se\\\/grundskola\\\/2020\\\/02\\\/11\\\/ny-larare-med-hoga-ambitioner\\\/#primaryimage\"},\"image\":{\"@id\":\"https:\\\/\\\/lararkarriar.se\\\/grundskola\\\/2020\\\/02\\\/11\\\/ny-larare-med-hoga-ambitioner\\\/#primaryimage\"},\"thumbnailUrl\":\"https:\\\/\\\/lararkarriar.se\\\/grundskola\\\/wp-content\\\/uploads\\\/sites\\\/12\\\/2020\\\/02\\\/annons-karriar-grundskolelarare-test-utan-utfall.png\",\"datePublished\":\"2020-02-11T14:42:48+00:00\",\"dateModified\":\"2020-11-05T12:01:37+00:00\",\"author\":{\"@id\":\"https:\\\/\\\/lararkarriar.se\\\/grundskola\\\/#\\\/schema\\\/person\\\/2a13a849ec7646386c2211f59afe3083\"},\"breadcrumb\":{\"@id\":\"https:\\\/\\\/lararkarriar.se\\\/grundskola\\\/2020\\\/02\\\/11\\\/ny-larare-med-hoga-ambitioner\\\/#breadcrumb\"},\"inLanguage\":\"sv-SE\",\"potentialAction\":[{\"@type\":\"ReadAction\",\"target\":[\"https:\\\/\\\/lararkarriar.se\\\/grundskola\\\/2020\\\/02\\\/11\\\/ny-larare-med-hoga-ambitioner\\\/\"]}]},{\"@type\":\"ImageObject\",\"inLanguage\":\"sv-SE\",\"@id\":\"https:\\\/\\\/lararkarriar.se\\\/grundskola\\\/2020\\\/02\\\/11\\\/ny-larare-med-hoga-ambitioner\\\/#primaryimage\",\"url\":\"https:\\\/\\\/lararkarriar.se\\\/grundskola\\\/wp-content\\\/uploads\\\/sites\\\/12\\\/2020\\\/02\\\/annons-karriar-grundskolelarare-test-utan-utfall.png\",\"contentUrl\":\"https:\\\/\\\/lararkarriar.se\\\/grundskola\\\/wp-content\\\/uploads\\\/sites\\\/12\\\/2020\\\/02\\\/annons-karriar-grundskolelarare-test-utan-utfall.png\",\"width\":1000,\"height\":556},{\"@type\":\"BreadcrumbList\",\"@id\":\"https:\\\/\\\/lararkarriar.se\\\/grundskola\\\/2020\\\/02\\\/11\\\/ny-larare-med-hoga-ambitioner\\\/#breadcrumb\",\"itemListElement\":[{\"@type\":\"ListItem\",\"position\":1,\"name\":\"Home\",\"item\":\"https:\\\/\\\/lararkarriar.se\\\/grundskola\\\/\"},{\"@type\":\"ListItem\",\"position\":2,\"name\":\"Ny l\u00e4rare med h\u00f6ga ambitioner?\"}]},{\"@type\":\"WebSite\",\"@id\":\"https:\\\/\\\/lararkarriar.se\\\/grundskola\\\/#website\",\"url\":\"https:\\\/\\\/lararkarriar.se\\\/grundskola\\\/\",\"name\":\"Framtidens Karri\u00e4r \u2013 Grundskolel\u00e4rare\",\"description\":\"Just another NMDashboard.se Sites site\",\"potentialAction\":[{\"@type\":\"SearchAction\",\"target\":{\"@type\":\"EntryPoint\",\"urlTemplate\":\"https:\\\/\\\/lararkarriar.se\\\/grundskola\\\/?s={search_term_string}\"},\"query-input\":{\"@type\":\"PropertyValueSpecification\",\"valueRequired\":true,\"valueName\":\"search_term_string\"}}],\"inLanguage\":\"sv-SE\"},{\"@type\":\"Person\",\"@id\":\"https:\\\/\\\/lararkarriar.se\\\/grundskola\\\/#\\\/schema\\\/person\\\/2a13a849ec7646386c2211f59afe3083\",\"name\":\"viktorwallen\",\"image\":{\"@type\":\"ImageObject\",\"inLanguage\":\"sv-SE\",\"@id\":\"https:\\\/\\\/secure.gravatar.com\\\/avatar\\\/701701bd36169636031933997c8c6b954f2f635bbb7cd4802e4a007f9c9f4e59?s=96&d=mm&r=g\",\"url\":\"https:\\\/\\\/secure.gravatar.com\\\/avatar\\\/701701bd36169636031933997c8c6b954f2f635bbb7cd4802e4a007f9c9f4e59?s=96&d=mm&r=g\",\"contentUrl\":\"https:\\\/\\\/secure.gravatar.com\\\/avatar\\\/701701bd36169636031933997c8c6b954f2f635bbb7cd4802e4a007f9c9f4e59?s=96&d=mm&r=g\",\"caption\":\"viktorwallen\"},\"url\":\"https:\\\/\\\/lararkarriar.se\\\/grundskola\\\/author\\\/viktorwallen\\\/\"}]}<\/script>\n<!-- \/ Yoast SEO plugin. -->","yoast_head_json":{"title":"Ny l\u00e4rare med h\u00f6ga ambitioner? - Framtidens Karri\u00e4r \u2013 Grundskolel\u00e4rare","robots":{"index":"index","follow":"follow","max-snippet":"max-snippet:-1","max-image-preview":"max-image-preview:large","max-video-preview":"max-video-preview:-1"},"canonical":"https:\/\/lararkarriar.se\/grundskola\/2020\/02\/11\/ny-larare-med-hoga-ambitioner\/","og_locale":"sv_SE","og_type":"article","og_title":"Ny l\u00e4rare med h\u00f6ga ambitioner? - Framtidens Karri\u00e4r \u2013 Grundskolel\u00e4rare","og_description":"Vi har skapat Sveriges f\u00f6rsta traineeprogram f\u00f6r nya l\u00e4rare","og_url":"https:\/\/lararkarriar.se\/grundskola\/2020\/02\/11\/ny-larare-med-hoga-ambitioner\/","og_site_name":"Framtidens Karri\u00e4r \u2013 Grundskolel\u00e4rare","article_published_time":"2020-02-11T14:42:48+00:00","article_modified_time":"2020-11-05T12:01:37+00:00","og_image":[{"width":1000,"height":556,"url":"https:\/\/lararkarriar.se\/grundskola\/wp-content\/uploads\/sites\/12\/2020\/02\/annons-karriar-grundskolelarare-test-utan-utfall.png","type":"image\/png"}],"author":"viktorwallen","twitter_card":"summary_large_image","twitter_misc":{"Skriven av":"viktorwallen","Ber\u00e4knad l\u00e4stid":"1 minut"},"schema":{"@context":"https:\/\/schema.org","@graph":[{"@type":"Article","@id":"https:\/\/lararkarriar.se\/grundskola\/2020\/02\/11\/ny-larare-med-hoga-ambitioner\/#article","isPartOf":{"@id":"https:\/\/lararkarriar.se\/grundskola\/2020\/02\/11\/ny-larare-med-hoga-ambitioner\/"},"author":{"name":"viktorwallen","@id":"https:\/\/lararkarriar.se\/grundskola\/#\/schema\/person\/2a13a849ec7646386c2211f59afe3083"},"headline":"Ny l\u00e4rare med h\u00f6ga ambitioner?","datePublished":"2020-02-11T14:42:48+00:00","dateModified":"2020-11-05T12:01:37+00:00","mainEntityOfPage":{"@id":"https:\/\/lararkarriar.se\/grundskola\/2020\/02\/11\/ny-larare-med-hoga-ambitioner\/"},"wordCount":181,"image":{"@id":"https:\/\/lararkarriar.se\/grundskola\/2020\/02\/11\/ny-larare-med-hoga-ambitioner\/#primaryimage"},"thumbnailUrl":"https:\/\/lararkarriar.se\/grundskola\/wp-content\/uploads\/sites\/12\/2020\/02\/annons-karriar-grundskolelarare-test-utan-utfall.png","keywords":["Annons","ans\u00f6k","Tibble","Trainee"],"articleSection":["Annons"],"inLanguage":"sv-SE"},{"@type":"WebPage","@id":"https:\/\/lararkarriar.se\/grundskola\/2020\/02\/11\/ny-larare-med-hoga-ambitioner\/","url":"https:\/\/lararkarriar.se\/grundskola\/2020\/02\/11\/ny-larare-med-hoga-ambitioner\/","name":"Ny l\u00e4rare med h\u00f6ga ambitioner? - Framtidens Karri\u00e4r \u2013 Grundskolel\u00e4rare","isPartOf":{"@id":"https:\/\/lararkarriar.se\/grundskola\/#website"},"primaryImageOfPage":{"@id":"https:\/\/lararkarriar.se\/grundskola\/2020\/02\/11\/ny-larare-med-hoga-ambitioner\/#primaryimage"},"image":{"@id":"https:\/\/lararkarriar.se\/grundskola\/2020\/02\/11\/ny-larare-med-hoga-ambitioner\/#primaryimage"},"thumbnailUrl":"https:\/\/lararkarriar.se\/grundskola\/wp-content\/uploads\/sites\/12\/2020\/02\/annons-karriar-grundskolelarare-test-utan-utfall.png","datePublished":"2020-02-11T14:42:48+00:00","dateModified":"2020-11-05T12:01:37+00:00","author":{"@id":"https:\/\/lararkarriar.se\/grundskola\/#\/schema\/person\/2a13a849ec7646386c2211f59afe3083"},"breadcrumb":{"@id":"https:\/\/lararkarriar.se\/grundskola\/2020\/02\/11\/ny-larare-med-hoga-ambitioner\/#breadcrumb"},"inLanguage":"sv-SE","potentialAction":[{"@type":"ReadAction","target":["https:\/\/lararkarriar.se\/grundskola\/2020\/02\/11\/ny-larare-med-hoga-ambitioner\/"]}]},{"@type":"ImageObject","inLanguage":"sv-SE","@id":"https:\/\/lararkarriar.se\/grundskola\/2020\/02\/11\/ny-larare-med-hoga-ambitioner\/#primaryimage","url":"https:\/\/lararkarriar.se\/grundskola\/wp-content\/uploads\/sites\/12\/2020\/02\/annons-karriar-grundskolelarare-test-utan-utfall.png","contentUrl":"https:\/\/lararkarriar.se\/grundskola\/wp-content\/uploads\/sites\/12\/2020\/02\/annons-karriar-grundskolelarare-test-utan-utfall.png","width":1000,"height":556},{"@type":"BreadcrumbList","@id":"https:\/\/lararkarriar.se\/grundskola\/2020\/02\/11\/ny-larare-med-hoga-ambitioner\/#breadcrumb","itemListElement":[{"@type":"ListItem","position":1,"name":"Home","item":"https:\/\/lararkarriar.se\/grundskola\/"},{"@type":"ListItem","position":2,"name":"Ny l\u00e4rare med h\u00f6ga ambitioner?"}]},{"@type":"WebSite","@id":"https:\/\/lararkarriar.se\/grundskola\/#website","url":"https:\/\/lararkarriar.se\/grundskola\/","name":"Framtidens Karri\u00e4r \u2013 Grundskolel\u00e4rare","description":"Just another NMDashboard.se Sites site","potentialAction":[{"@type":"SearchAction","target":{"@type":"EntryPoint","urlTemplate":"https:\/\/lararkarriar.se\/grundskola\/?s={search_term_string}"},"query-input":{"@type":"PropertyValueSpecification","valueRequired":true,"valueName":"search_term_string"}}],"inLanguage":"sv-SE"},{"@type":"Person","@id":"https:\/\/lararkarriar.se\/grundskola\/#\/schema\/person\/2a13a849ec7646386c2211f59afe3083","name":"viktorwallen","image":{"@type":"ImageObject","inLanguage":"sv-SE","@id":"https:\/\/secure.gravatar.com\/avatar\/701701bd36169636031933997c8c6b954f2f635bbb7cd4802e4a007f9c9f4e59?s=96&d=mm&r=g","url":"https:\/\/secure.gravatar.com\/avatar\/701701bd36169636031933997c8c6b954f2f635bbb7cd4802e4a007f9c9f4e59?s=96&d=mm&r=g","contentUrl":"https:\/\/secure.gravatar.com\/avatar\/701701bd36169636031933997c8c6b954f2f635bbb7cd4802e4a007f9c9f4e59?s=96&d=mm&r=g","caption":"viktorwallen"},"url":"https:\/\/lararkarriar.se\/grundskola\/author\/viktorwallen\/"}]}},"_links":{"self":[{"href":"https:\/\/lararkarriar.se\/grundskola\/wp-json\/wp\/v2\/posts\/6871","targetHints":{"allow":["GET"]}}],"collection":[{"href":"https:\/\/lararkarriar.se\/grundskola\/wp-json\/wp\/v2\/posts"}],"about":[{"href":"https:\/\/lararkarriar.se\/grundskola\/wp-json\/wp\/v2\/types\/post"}],"author":[{"embeddable":true,"href":"https:\/\/lararkarriar.se\/grundskola\/wp-json\/wp\/v2\/users\/2"}],"replies":[{"embeddable":true,"href":"https:\/\/lararkarriar.se\/grundskola\/wp-json\/wp\/v2\/comments?post=6871"}],"version-history":[{"count":4,"href":"https:\/\/lararkarriar.se\/grundskola\/wp-json\/wp\/v2\/posts\/6871\/revisions"}],"predecessor-version":[{"id":7150,"href":"https:\/\/lararkarriar.se\/grundskola\/wp-json\/wp\/v2\/posts\/6871\/revisions\/7150"}],"wp:featuredmedia":[{"embeddable":true,"href":"https:\/\/lararkarriar.se\/grundskola\/wp-json\/wp\/v2\/media\/6872"}],"wp:attachment":[{"href":"https:\/\/lararkarriar.se\/grundskola\/wp-json\/wp\/v2\/media?parent=6871"}],"wp:term":[{"taxonomy":"category","embeddable":true,"href":"https:\/\/lararkarriar.se\/grundskola\/wp-json\/wp\/v2\/categories?post=6871"},{"taxonomy":"post_tag","embeddable":true,"href":"https:\/\/lararkarriar.se\/grundskola\/wp-json\/wp\/v2\/tags?post=6871"}],"curies":[{"name":"wp","href":"https:\/\/api.w.org\/{rel}","templated":true}]}}