{"id":6893,"date":"2020-02-11T15:42:35","date_gmt":"2020-02-11T15:42:35","guid":{"rendered":"https:\/\/lararkarriar.se\/grundskola\/?p=6893"},"modified":"2020-11-10T11:23:23","modified_gmt":"2020-11-10T11:23:23","slug":"skolan-maste-bli-mer-jamlik","status":"publish","type":"post","link":"https:\/\/lararkarriar.se\/grundskola\/2020\/02\/11\/skolan-maste-bli-mer-jamlik\/","title":{"rendered":"Skolan m\u00e5ste bli mer j\u00e4mlik"},"content":{"rendered":"\n<figure class=\"wp-block-image alignnone size-full wp-image-6894\"><img loading=\"lazy\" decoding=\"async\" width=\"1000\" height=\"661\" src=\"https:\/\/lararkarriar.se\/grundskola\/wp-content\/uploads\/sites\/12\/2020\/02\/regeringen-annaekstrom-2.jpg\" alt=\"Anna Ekstr\u00f6m (S), utbildningsminister. Foto: Kristian Pohl \/ Regeringskansliet\" class=\"wp-image-6894\" srcset=\"https:\/\/lararkarriar.se\/grundskola\/wp-content\/uploads\/sites\/12\/2020\/02\/regeringen-annaekstrom-2.jpg 1000w, https:\/\/lararkarriar.se\/grundskola\/wp-content\/uploads\/sites\/12\/2020\/02\/regeringen-annaekstrom-2-300x198.jpg 300w, https:\/\/lararkarriar.se\/grundskola\/wp-content\/uploads\/sites\/12\/2020\/02\/regeringen-annaekstrom-2-768x508.jpg 768w, https:\/\/lararkarriar.se\/grundskola\/wp-content\/uploads\/sites\/12\/2020\/02\/regeringen-annaekstrom-2-242x160.jpg 242w, https:\/\/lararkarriar.se\/grundskola\/wp-content\/uploads\/sites\/12\/2020\/02\/regeringen-annaekstrom-2-526x348.jpg 526w, https:\/\/lararkarriar.se\/grundskola\/wp-content\/uploads\/sites\/12\/2020\/02\/regeringen-annaekstrom-2-720x476.jpg 720w, https:\/\/lararkarriar.se\/grundskola\/wp-content\/uploads\/sites\/12\/2020\/02\/regeringen-annaekstrom-2-960x635.jpg 960w\" sizes=\"auto, (max-width: 1000px) 100vw, 1000px\" \/><figcaption>Anna Ekstr\u00f6m (S), utbildningsminister. Foto: Kristian Pohl \/ Regeringskansliet<\/figcaption><\/figure>\n\n\n\n<p><strong>\u2013 Om tio \u00e5r ska det inte spela n\u00e5gon roll var du bor, vilka f\u00f6r\u00e4ldrar du har eller vilken skola du g\u00e5r p\u00e5. Alla skolor ska vara bra skolor och den elev som g\u00f6r sitt b\u00e4sta ska ha alla m\u00f6jligheter att lyckas, s\u00e4ger utbildningsminister Anna Ekstr\u00f6m (S).<\/strong><\/p>\n\n\n\n<p>Senaste Pisa-unders\u00f6kningen visar att svenska elever presterar allt b\u00e4ttre samtidigt som klyftorna \u00f6kar; Sverige \u00e4r s\u00e4mst i Norden p\u00e5 likv\u00e4rdighet.<br>\u2013 Sverige beh\u00f6ver g\u00f6ra upp med den marknadsstyrning som pr\u00e4glat skolan och \u00e5teruppr\u00e4tta skolan som gemensam bildningsinstitution. F\u00f6r att lyckas med det beh\u00f6ver samh\u00e4llet st\u00e4rka kontrollen \u00f6ver skolans utveckling, och se till att den \u00e4r en m\u00f6tesplats f\u00f6r elever med olika bakgrund. Det r\u00e4cker inte med att bara satsa mer p\u00e5 skolor med st\u00f6rst behov, vi beh\u00f6ver ocks\u00e5 se \u00f6ver dagens regler f\u00f6r antagning och urval till skolor s\u00e5 att de \u00e4r r\u00e4ttvisa f\u00f6r alla elever, s\u00e4ger Anna Ekstr\u00f6m.<br>En annan viktig utmaning f\u00f6r dagens grundskola \u00e4r kunskapsresultaten som beh\u00f6ver forts\u00e4tta att h\u00f6jas.<br>\u2013 F\u00f6r det kr\u00e4vs att skolan blir mer j\u00e4mlik och att alla elever, oavsett var i landet de bor, f\u00e5r m\u00f6ta utbildade och skickliga l\u00e4rare samt att det \u00e4r fokus p\u00e5 kunskap och studiero i alla klassrum.<\/p>\n\n\n\n<blockquote class=\"wp-block-quote is-layout-flow wp-block-quote-is-layout-flow\"><p>&#8221;L\u00e4rarbristen g\u00f6r att vi m\u00e5ste se till att l\u00e4rare f\u00e5r avlastning fr\u00e5n andra yrkesgrupper, exempelvis socionomer.&#8221;<\/p><\/blockquote>\n\n\n\n<p><strong>Fler l\u00e4rarassistenter<\/strong><br>Assistenter i klassrummen \u00e4r ett s\u00e4tt att avlasta l\u00e4raren, men s\u00f6ktrycket p\u00e5 regeringens l\u00e4rarassistentbidrag har hittills inte varit s\u00e4rskilt h\u00f6gt. Det hoppas utbildningsministern ska \u00e4ndras inte minst i kraft av b\u00e4ttre k\u00e4nnedom om bidraget.<br>\u2013 L\u00e4rarbristen g\u00f6r att vi m\u00e5ste se till att l\u00e4rare f\u00e5r avlastning fr\u00e5n andra yrkesgrupper, exempelvis socionomer. En av anledningarna till att s\u00e5 m\u00e5nga kommuner inte s\u00f6kte tidigare var en ovanligt kr\u00e5nglig och l\u00e5ng regeringsbildning och budgetprocess. Tiden f\u00f6r huvudm\u00e4nnen att s\u00e4tta sig in i villkoren f\u00f6r statsbidraget och att rekrytera l\u00e4rarassistenter var v\u00e4ldigt kort. Om regeringens f\u00f6rdubblade satsning f\u00f6r \u00e5r 2020 betalas ut till kommunerna finns b\u00e4ttre f\u00f6ruts\u00e4ttningar f\u00f6r skolorna att hinna anst\u00e4lla fler l\u00e4rarassistenter.<\/p>\n\n\n\n<p><strong>Nytt betygssystem<\/strong><br>Det nuvarande betygssystemet har f\u00e5tt utst\u00e5 mycket kritik och ska nu g\u00f6ras om \u2013 igen.<br>\u2013 Skolan ska ha ett betygssystem som speglar faktiska kunskaper, fr\u00e4mjar l\u00e4rande och uppmuntrar elever att anstr\u00e4nga sig i sina studier. Flera utv\u00e4rderingar pekar p\u00e5 att s\u00e5 inte \u00e4r fallet. Enstaka tillkortakommanden har stor p\u00e5verkan p\u00e5 elevernas slutgiltiga betyg. En del av de problem som finns med nuvarande betygssystem ses d\u00e4rf\u00f6r \u00f6ver. L\u00e4roplanerna ska bli tydligare och faktakunskaper lyftas fram. Samtidigt tittar en utredning p\u00e5 om vi ska \u00f6verg\u00e5 fr\u00e5n kurs- till \u00e4mnesbetyg p\u00e5 gymnasiet. Dessa f\u00f6r\u00e4ndringar g\u00f6r vi noggrant och systematiskt, och jag tror det blir v\u00e4ldigt bra n\u00e4r det \u00e4r klart.<br>Hur ser svensk grundskola ut om tio \u00e5r, om allt g\u00e5r som du vill och hoppas p\u00e5?<br>\u2013 Sverige har haft ett av de mest h\u00f6gpresterande och j\u00e4mlika skolsystemen i v\u00e4rlden, dit ska vi n\u00e5 igen. Alla skolor ska vara bra skolor \u2013 med fokus p\u00e5 kunskap och bildning. I framtidens skola \u00e4r det din egen anstr\u00e4ngning som avg\u00f6r hur l\u00e5ngt du n\u00e5r. Den elev som g\u00f6r sitt b\u00e4sta ska ocks\u00e5 ha alla m\u00f6jligheter att lyckas.<\/p>\n","protected":false},"excerpt":{"rendered":"<p>Alla skolor ska vara bra skolor och den elev som g\u00f6r sitt b\u00e4sta ska ha alla m\u00f6jligheter att lyckas.<\/p>\n","protected":false},"author":2,"featured_media":6894,"comment_status":"closed","ping_status":"open","sticky":false,"template":"","format":"standard","meta":{"_acf_changed":false,"_monsterinsights_skip_tracking":false,"_monsterinsights_sitenote_active":false,"_monsterinsights_sitenote_note":"","_monsterinsights_sitenote_category":0,"footnotes":""},"categories":[1],"tags":[49,452,157,201,221,284,303],"class_list":["post-6893","post","type-post","status-publish","format-standard","has-post-thumbnail","hentry","category-artikel","tag-betygssystem","tag-forbattringsarbete","tag-jamlikhet","tag-lararassistenter","tag-likvardighet","tag-pisa","tag-regeringen"],"acf":[],"yoast_head":"<!-- This site is optimized with the Yoast SEO plugin v27.3 - https:\/\/yoast.com\/product\/yoast-seo-wordpress\/ -->\n<title>Skolan m\u00e5ste bli mer j\u00e4mlik - Framtidens Karri\u00e4r \u2013 Grundskolel\u00e4rare<\/title>\n<meta name=\"robots\" content=\"index, follow, max-snippet:-1, max-image-preview:large, max-video-preview:-1\" \/>\n<link rel=\"canonical\" href=\"https:\/\/lararkarriar.se\/grundskola\/2020\/02\/11\/skolan-maste-bli-mer-jamlik\/\" \/>\n<meta property=\"og:locale\" content=\"sv_SE\" \/>\n<meta property=\"og:type\" content=\"article\" \/>\n<meta property=\"og:title\" content=\"Skolan m\u00e5ste bli mer j\u00e4mlik - Framtidens Karri\u00e4r \u2013 Grundskolel\u00e4rare\" \/>\n<meta property=\"og:description\" content=\"Alla skolor ska vara bra skolor och den elev som g\u00f6r sitt b\u00e4sta ska ha alla m\u00f6jligheter att lyckas.\" \/>\n<meta property=\"og:url\" content=\"https:\/\/lararkarriar.se\/grundskola\/2020\/02\/11\/skolan-maste-bli-mer-jamlik\/\" \/>\n<meta property=\"og:site_name\" content=\"Framtidens Karri\u00e4r \u2013 Grundskolel\u00e4rare\" \/>\n<meta property=\"article:published_time\" content=\"2020-02-11T15:42:35+00:00\" \/>\n<meta property=\"article:modified_time\" content=\"2020-11-10T11:23:23+00:00\" \/>\n<meta property=\"og:image\" content=\"https:\/\/lararkarriar.se\/grundskola\/wp-content\/uploads\/sites\/12\/2020\/02\/regeringen-annaekstrom-2.jpg\" \/>\n\t<meta property=\"og:image:width\" content=\"1000\" \/>\n\t<meta property=\"og:image:height\" content=\"661\" \/>\n\t<meta property=\"og:image:type\" content=\"image\/jpeg\" \/>\n<meta name=\"author\" content=\"viktorwallen\" \/>\n<meta name=\"twitter:card\" content=\"summary_large_image\" \/>\n<meta name=\"twitter:label1\" content=\"Skriven av\" \/>\n\t<meta name=\"twitter:data1\" content=\"viktorwallen\" \/>\n\t<meta name=\"twitter:label2\" content=\"Ber\u00e4knad l\u00e4stid\" \/>\n\t<meta name=\"twitter:data2\" content=\"3 minuter\" \/>\n<script type=\"application\/ld+json\" class=\"yoast-schema-graph\">{\"@context\":\"https:\\\/\\\/schema.org\",\"@graph\":[{\"@type\":\"Article\",\"@id\":\"https:\\\/\\\/lararkarriar.se\\\/grundskola\\\/2020\\\/02\\\/11\\\/skolan-maste-bli-mer-jamlik\\\/#article\",\"isPartOf\":{\"@id\":\"https:\\\/\\\/lararkarriar.se\\\/grundskola\\\/2020\\\/02\\\/11\\\/skolan-maste-bli-mer-jamlik\\\/\"},\"author\":{\"name\":\"viktorwallen\",\"@id\":\"https:\\\/\\\/lararkarriar.se\\\/grundskola\\\/#\\\/schema\\\/person\\\/2a13a849ec7646386c2211f59afe3083\"},\"headline\":\"Skolan m\u00e5ste bli mer j\u00e4mlik\",\"datePublished\":\"2020-02-11T15:42:35+00:00\",\"dateModified\":\"2020-11-10T11:23:23+00:00\",\"mainEntityOfPage\":{\"@id\":\"https:\\\/\\\/lararkarriar.se\\\/grundskola\\\/2020\\\/02\\\/11\\\/skolan-maste-bli-mer-jamlik\\\/\"},\"wordCount\":625,\"image\":{\"@id\":\"https:\\\/\\\/lararkarriar.se\\\/grundskola\\\/2020\\\/02\\\/11\\\/skolan-maste-bli-mer-jamlik\\\/#primaryimage\"},\"thumbnailUrl\":\"https:\\\/\\\/lararkarriar.se\\\/grundskola\\\/wp-content\\\/uploads\\\/sites\\\/12\\\/2020\\\/02\\\/regeringen-annaekstrom-2.jpg\",\"keywords\":[\"Betygssystem\",\"F\u00f6rb\u00e4ttringsarbete\",\"J\u00e4mlikhet\",\"L\u00e4rarassistenter\",\"Likv\u00e4rdighet\",\"PISA\",\"Regeringen\"],\"articleSection\":[\"Artikel\"],\"inLanguage\":\"sv-SE\"},{\"@type\":\"WebPage\",\"@id\":\"https:\\\/\\\/lararkarriar.se\\\/grundskola\\\/2020\\\/02\\\/11\\\/skolan-maste-bli-mer-jamlik\\\/\",\"url\":\"https:\\\/\\\/lararkarriar.se\\\/grundskola\\\/2020\\\/02\\\/11\\\/skolan-maste-bli-mer-jamlik\\\/\",\"name\":\"Skolan m\u00e5ste bli mer j\u00e4mlik - Framtidens Karri\u00e4r \u2013 Grundskolel\u00e4rare\",\"isPartOf\":{\"@id\":\"https:\\\/\\\/lararkarriar.se\\\/grundskola\\\/#website\"},\"primaryImageOfPage\":{\"@id\":\"https:\\\/\\\/lararkarriar.se\\\/grundskola\\\/2020\\\/02\\\/11\\\/skolan-maste-bli-mer-jamlik\\\/#primaryimage\"},\"image\":{\"@id\":\"https:\\\/\\\/lararkarriar.se\\\/grundskola\\\/2020\\\/02\\\/11\\\/skolan-maste-bli-mer-jamlik\\\/#primaryimage\"},\"thumbnailUrl\":\"https:\\\/\\\/lararkarriar.se\\\/grundskola\\\/wp-content\\\/uploads\\\/sites\\\/12\\\/2020\\\/02\\\/regeringen-annaekstrom-2.jpg\",\"datePublished\":\"2020-02-11T15:42:35+00:00\",\"dateModified\":\"2020-11-10T11:23:23+00:00\",\"author\":{\"@id\":\"https:\\\/\\\/lararkarriar.se\\\/grundskola\\\/#\\\/schema\\\/person\\\/2a13a849ec7646386c2211f59afe3083\"},\"breadcrumb\":{\"@id\":\"https:\\\/\\\/lararkarriar.se\\\/grundskola\\\/2020\\\/02\\\/11\\\/skolan-maste-bli-mer-jamlik\\\/#breadcrumb\"},\"inLanguage\":\"sv-SE\",\"potentialAction\":[{\"@type\":\"ReadAction\",\"target\":[\"https:\\\/\\\/lararkarriar.se\\\/grundskola\\\/2020\\\/02\\\/11\\\/skolan-maste-bli-mer-jamlik\\\/\"]}]},{\"@type\":\"ImageObject\",\"inLanguage\":\"sv-SE\",\"@id\":\"https:\\\/\\\/lararkarriar.se\\\/grundskola\\\/2020\\\/02\\\/11\\\/skolan-maste-bli-mer-jamlik\\\/#primaryimage\",\"url\":\"https:\\\/\\\/lararkarriar.se\\\/grundskola\\\/wp-content\\\/uploads\\\/sites\\\/12\\\/2020\\\/02\\\/regeringen-annaekstrom-2.jpg\",\"contentUrl\":\"https:\\\/\\\/lararkarriar.se\\\/grundskola\\\/wp-content\\\/uploads\\\/sites\\\/12\\\/2020\\\/02\\\/regeringen-annaekstrom-2.jpg\",\"width\":1000,\"height\":661,\"caption\":\"Anna Ekstr\u00f6m (S), utbildningsminister. Foto: Kristian Pohl\\\/ Regeringskansliet\"},{\"@type\":\"BreadcrumbList\",\"@id\":\"https:\\\/\\\/lararkarriar.se\\\/grundskola\\\/2020\\\/02\\\/11\\\/skolan-maste-bli-mer-jamlik\\\/#breadcrumb\",\"itemListElement\":[{\"@type\":\"ListItem\",\"position\":1,\"name\":\"Home\",\"item\":\"https:\\\/\\\/lararkarriar.se\\\/grundskola\\\/\"},{\"@type\":\"ListItem\",\"position\":2,\"name\":\"Skolan m\u00e5ste bli mer j\u00e4mlik\"}]},{\"@type\":\"WebSite\",\"@id\":\"https:\\\/\\\/lararkarriar.se\\\/grundskola\\\/#website\",\"url\":\"https:\\\/\\\/lararkarriar.se\\\/grundskola\\\/\",\"name\":\"Framtidens Karri\u00e4r \u2013 Grundskolel\u00e4rare\",\"description\":\"Just another NMDashboard.se Sites site\",\"potentialAction\":[{\"@type\":\"SearchAction\",\"target\":{\"@type\":\"EntryPoint\",\"urlTemplate\":\"https:\\\/\\\/lararkarriar.se\\\/grundskola\\\/?s={search_term_string}\"},\"query-input\":{\"@type\":\"PropertyValueSpecification\",\"valueRequired\":true,\"valueName\":\"search_term_string\"}}],\"inLanguage\":\"sv-SE\"},{\"@type\":\"Person\",\"@id\":\"https:\\\/\\\/lararkarriar.se\\\/grundskola\\\/#\\\/schema\\\/person\\\/2a13a849ec7646386c2211f59afe3083\",\"name\":\"viktorwallen\",\"image\":{\"@type\":\"ImageObject\",\"inLanguage\":\"sv-SE\",\"@id\":\"https:\\\/\\\/secure.gravatar.com\\\/avatar\\\/701701bd36169636031933997c8c6b954f2f635bbb7cd4802e4a007f9c9f4e59?s=96&d=mm&r=g\",\"url\":\"https:\\\/\\\/secure.gravatar.com\\\/avatar\\\/701701bd36169636031933997c8c6b954f2f635bbb7cd4802e4a007f9c9f4e59?s=96&d=mm&r=g\",\"contentUrl\":\"https:\\\/\\\/secure.gravatar.com\\\/avatar\\\/701701bd36169636031933997c8c6b954f2f635bbb7cd4802e4a007f9c9f4e59?s=96&d=mm&r=g\",\"caption\":\"viktorwallen\"},\"url\":\"https:\\\/\\\/lararkarriar.se\\\/grundskola\\\/author\\\/viktorwallen\\\/\"}]}<\/script>\n<!-- \/ Yoast SEO plugin. -->","yoast_head_json":{"title":"Skolan m\u00e5ste bli mer j\u00e4mlik - Framtidens Karri\u00e4r \u2013 Grundskolel\u00e4rare","robots":{"index":"index","follow":"follow","max-snippet":"max-snippet:-1","max-image-preview":"max-image-preview:large","max-video-preview":"max-video-preview:-1"},"canonical":"https:\/\/lararkarriar.se\/grundskola\/2020\/02\/11\/skolan-maste-bli-mer-jamlik\/","og_locale":"sv_SE","og_type":"article","og_title":"Skolan m\u00e5ste bli mer j\u00e4mlik - Framtidens Karri\u00e4r \u2013 Grundskolel\u00e4rare","og_description":"Alla skolor ska vara bra skolor och den elev som g\u00f6r sitt b\u00e4sta ska ha alla m\u00f6jligheter att lyckas.","og_url":"https:\/\/lararkarriar.se\/grundskola\/2020\/02\/11\/skolan-maste-bli-mer-jamlik\/","og_site_name":"Framtidens Karri\u00e4r \u2013 Grundskolel\u00e4rare","article_published_time":"2020-02-11T15:42:35+00:00","article_modified_time":"2020-11-10T11:23:23+00:00","og_image":[{"width":1000,"height":661,"url":"https:\/\/lararkarriar.se\/grundskola\/wp-content\/uploads\/sites\/12\/2020\/02\/regeringen-annaekstrom-2.jpg","type":"image\/jpeg"}],"author":"viktorwallen","twitter_card":"summary_large_image","twitter_misc":{"Skriven av":"viktorwallen","Ber\u00e4knad l\u00e4stid":"3 minuter"},"schema":{"@context":"https:\/\/schema.org","@graph":[{"@type":"Article","@id":"https:\/\/lararkarriar.se\/grundskola\/2020\/02\/11\/skolan-maste-bli-mer-jamlik\/#article","isPartOf":{"@id":"https:\/\/lararkarriar.se\/grundskola\/2020\/02\/11\/skolan-maste-bli-mer-jamlik\/"},"author":{"name":"viktorwallen","@id":"https:\/\/lararkarriar.se\/grundskola\/#\/schema\/person\/2a13a849ec7646386c2211f59afe3083"},"headline":"Skolan m\u00e5ste bli mer j\u00e4mlik","datePublished":"2020-02-11T15:42:35+00:00","dateModified":"2020-11-10T11:23:23+00:00","mainEntityOfPage":{"@id":"https:\/\/lararkarriar.se\/grundskola\/2020\/02\/11\/skolan-maste-bli-mer-jamlik\/"},"wordCount":625,"image":{"@id":"https:\/\/lararkarriar.se\/grundskola\/2020\/02\/11\/skolan-maste-bli-mer-jamlik\/#primaryimage"},"thumbnailUrl":"https:\/\/lararkarriar.se\/grundskola\/wp-content\/uploads\/sites\/12\/2020\/02\/regeringen-annaekstrom-2.jpg","keywords":["Betygssystem","F\u00f6rb\u00e4ttringsarbete","J\u00e4mlikhet","L\u00e4rarassistenter","Likv\u00e4rdighet","PISA","Regeringen"],"articleSection":["Artikel"],"inLanguage":"sv-SE"},{"@type":"WebPage","@id":"https:\/\/lararkarriar.se\/grundskola\/2020\/02\/11\/skolan-maste-bli-mer-jamlik\/","url":"https:\/\/lararkarriar.se\/grundskola\/2020\/02\/11\/skolan-maste-bli-mer-jamlik\/","name":"Skolan m\u00e5ste bli mer j\u00e4mlik - Framtidens Karri\u00e4r \u2013 Grundskolel\u00e4rare","isPartOf":{"@id":"https:\/\/lararkarriar.se\/grundskola\/#website"},"primaryImageOfPage":{"@id":"https:\/\/lararkarriar.se\/grundskola\/2020\/02\/11\/skolan-maste-bli-mer-jamlik\/#primaryimage"},"image":{"@id":"https:\/\/lararkarriar.se\/grundskola\/2020\/02\/11\/skolan-maste-bli-mer-jamlik\/#primaryimage"},"thumbnailUrl":"https:\/\/lararkarriar.se\/grundskola\/wp-content\/uploads\/sites\/12\/2020\/02\/regeringen-annaekstrom-2.jpg","datePublished":"2020-02-11T15:42:35+00:00","dateModified":"2020-11-10T11:23:23+00:00","author":{"@id":"https:\/\/lararkarriar.se\/grundskola\/#\/schema\/person\/2a13a849ec7646386c2211f59afe3083"},"breadcrumb":{"@id":"https:\/\/lararkarriar.se\/grundskola\/2020\/02\/11\/skolan-maste-bli-mer-jamlik\/#breadcrumb"},"inLanguage":"sv-SE","potentialAction":[{"@type":"ReadAction","target":["https:\/\/lararkarriar.se\/grundskola\/2020\/02\/11\/skolan-maste-bli-mer-jamlik\/"]}]},{"@type":"ImageObject","inLanguage":"sv-SE","@id":"https:\/\/lararkarriar.se\/grundskola\/2020\/02\/11\/skolan-maste-bli-mer-jamlik\/#primaryimage","url":"https:\/\/lararkarriar.se\/grundskola\/wp-content\/uploads\/sites\/12\/2020\/02\/regeringen-annaekstrom-2.jpg","contentUrl":"https:\/\/lararkarriar.se\/grundskola\/wp-content\/uploads\/sites\/12\/2020\/02\/regeringen-annaekstrom-2.jpg","width":1000,"height":661,"caption":"Anna Ekstr\u00f6m (S), utbildningsminister. Foto: Kristian Pohl\/ Regeringskansliet"},{"@type":"BreadcrumbList","@id":"https:\/\/lararkarriar.se\/grundskola\/2020\/02\/11\/skolan-maste-bli-mer-jamlik\/#breadcrumb","itemListElement":[{"@type":"ListItem","position":1,"name":"Home","item":"https:\/\/lararkarriar.se\/grundskola\/"},{"@type":"ListItem","position":2,"name":"Skolan m\u00e5ste bli mer j\u00e4mlik"}]},{"@type":"WebSite","@id":"https:\/\/lararkarriar.se\/grundskola\/#website","url":"https:\/\/lararkarriar.se\/grundskola\/","name":"Framtidens Karri\u00e4r \u2013 Grundskolel\u00e4rare","description":"Just another NMDashboard.se Sites site","potentialAction":[{"@type":"SearchAction","target":{"@type":"EntryPoint","urlTemplate":"https:\/\/lararkarriar.se\/grundskola\/?s={search_term_string}"},"query-input":{"@type":"PropertyValueSpecification","valueRequired":true,"valueName":"search_term_string"}}],"inLanguage":"sv-SE"},{"@type":"Person","@id":"https:\/\/lararkarriar.se\/grundskola\/#\/schema\/person\/2a13a849ec7646386c2211f59afe3083","name":"viktorwallen","image":{"@type":"ImageObject","inLanguage":"sv-SE","@id":"https:\/\/secure.gravatar.com\/avatar\/701701bd36169636031933997c8c6b954f2f635bbb7cd4802e4a007f9c9f4e59?s=96&d=mm&r=g","url":"https:\/\/secure.gravatar.com\/avatar\/701701bd36169636031933997c8c6b954f2f635bbb7cd4802e4a007f9c9f4e59?s=96&d=mm&r=g","contentUrl":"https:\/\/secure.gravatar.com\/avatar\/701701bd36169636031933997c8c6b954f2f635bbb7cd4802e4a007f9c9f4e59?s=96&d=mm&r=g","caption":"viktorwallen"},"url":"https:\/\/lararkarriar.se\/grundskola\/author\/viktorwallen\/"}]}},"_links":{"self":[{"href":"https:\/\/lararkarriar.se\/grundskola\/wp-json\/wp\/v2\/posts\/6893","targetHints":{"allow":["GET"]}}],"collection":[{"href":"https:\/\/lararkarriar.se\/grundskola\/wp-json\/wp\/v2\/posts"}],"about":[{"href":"https:\/\/lararkarriar.se\/grundskola\/wp-json\/wp\/v2\/types\/post"}],"author":[{"embeddable":true,"href":"https:\/\/lararkarriar.se\/grundskola\/wp-json\/wp\/v2\/users\/2"}],"replies":[{"embeddable":true,"href":"https:\/\/lararkarriar.se\/grundskola\/wp-json\/wp\/v2\/comments?post=6893"}],"version-history":[{"count":3,"href":"https:\/\/lararkarriar.se\/grundskola\/wp-json\/wp\/v2\/posts\/6893\/revisions"}],"predecessor-version":[{"id":7069,"href":"https:\/\/lararkarriar.se\/grundskola\/wp-json\/wp\/v2\/posts\/6893\/revisions\/7069"}],"wp:featuredmedia":[{"embeddable":true,"href":"https:\/\/lararkarriar.se\/grundskola\/wp-json\/wp\/v2\/media\/6894"}],"wp:attachment":[{"href":"https:\/\/lararkarriar.se\/grundskola\/wp-json\/wp\/v2\/media?parent=6893"}],"wp:term":[{"taxonomy":"category","embeddable":true,"href":"https:\/\/lararkarriar.se\/grundskola\/wp-json\/wp\/v2\/categories?post=6893"},{"taxonomy":"post_tag","embeddable":true,"href":"https:\/\/lararkarriar.se\/grundskola\/wp-json\/wp\/v2\/tags?post=6893"}],"curies":[{"name":"wp","href":"https:\/\/api.w.org\/{rel}","templated":true}]}}