{"id":6895,"date":"2020-02-11T15:14:14","date_gmt":"2020-02-11T15:14:14","guid":{"rendered":"https:\/\/lararkarriar.se\/grundskola\/?p=6895"},"modified":"2020-11-05T11:50:58","modified_gmt":"2020-11-05T11:50:58","slug":"vi-samlar-kraften-fran-hela-lararprofessionen","status":"publish","type":"post","link":"https:\/\/lararkarriar.se\/grundskola\/2020\/02\/11\/vi-samlar-kraften-fran-hela-lararprofessionen\/","title":{"rendered":"Vi samlar kraften fr\u00e5n hela l\u00e4rarprofessionen"},"content":{"rendered":"\n<figure class=\"wp-block-image\"><img loading=\"lazy\" decoding=\"async\" width=\"1000\" height=\"613\" src=\"https:\/\/lararkarriar.se\/grundskola\/wp-content\/uploads\/sites\/12\/2020\/02\/1848-11-annons-framtidens-karriar-250x1675-200130.png\" alt=\"\" class=\"wp-image-6896\" srcset=\"https:\/\/lararkarriar.se\/grundskola\/wp-content\/uploads\/sites\/12\/2020\/02\/1848-11-annons-framtidens-karriar-250x1675-200130.png 1000w, https:\/\/lararkarriar.se\/grundskola\/wp-content\/uploads\/sites\/12\/2020\/02\/1848-11-annons-framtidens-karriar-250x1675-200130-300x184.png 300w, https:\/\/lararkarriar.se\/grundskola\/wp-content\/uploads\/sites\/12\/2020\/02\/1848-11-annons-framtidens-karriar-250x1675-200130-768x471.png 768w, https:\/\/lararkarriar.se\/grundskola\/wp-content\/uploads\/sites\/12\/2020\/02\/1848-11-annons-framtidens-karriar-250x1675-200130-261x160.png 261w, https:\/\/lararkarriar.se\/grundskola\/wp-content\/uploads\/sites\/12\/2020\/02\/1848-11-annons-framtidens-karriar-250x1675-200130-526x322.png 526w, https:\/\/lararkarriar.se\/grundskola\/wp-content\/uploads\/sites\/12\/2020\/02\/1848-11-annons-framtidens-karriar-250x1675-200130-720x441.png 720w, https:\/\/lararkarriar.se\/grundskola\/wp-content\/uploads\/sites\/12\/2020\/02\/1848-11-annons-framtidens-karriar-250x1675-200130-960x588.png 960w\" sizes=\"auto, (max-width: 1000px) 100vw, 1000px\" \/><\/figure>\n\n\n\n<p><strong>L\u00e4rarf\u00f6rbundet \u00e4r den enda organisation som samlar kraften fr\u00e5n hela l\u00e4rarprofessionen. Vi vet att det \u00e4r tillsammans som vi f\u00e5r b\u00e4st f\u00f6ruts\u00e4ttningar att vara bra l\u00e4rare och skolledare.<\/strong><\/p>\n\n\n\n<p>Som ny medlem i L\u00e4rarf\u00f6rbundet s\u00e5 f\u00e5r du f\u00f6rsta tre m\u00e5naderna helt gratis. D\u00e4refter f\u00e5r du det mest prisv\u00e4rda medlemskapet i j\u00e4mf\u00f6relse med andra fackf\u00f6rbund inom skolomr\u00e5det. Du betalar som mest 290 kronor i medlemsavgift. F\u00f6r dig som \u00e4r student \u00e4r medlemskapet kostnadsfritt under hela studietiden.<\/p>\n\n\n\n<p class=\"has-color-gray-01-background-color has-background\"><strong><a title=\"L\u00e4rarf\u00f6rbundet annons l\u00e4s mer\" href=\"https:\/\/www.lararforbundet.se\/artikelsidor\/bli-medlem-i-lararforbundet\" target=\"_blank\" rel=\"noopener noreferrer\">Bli medlem och bli en del av den starkaste organisationen f\u00f6r l\u00e4rare och skolledare.<\/a><\/strong><\/p>\n","protected":false},"excerpt":{"rendered":"<p>Vi vet att det \u00e4r tillsammans som vi f\u00e5r b\u00e4st f\u00f6ruts\u00e4ttningar att vara bra l\u00e4rare och skolledare.<\/p>\n","protected":false},"author":2,"featured_media":6896,"comment_status":"closed","ping_status":"open","sticky":false,"template":"","format":"standard","meta":{"_acf_changed":false,"_monsterinsights_skip_tracking":false,"_monsterinsights_sitenote_active":false,"_monsterinsights_sitenote_note":"","_monsterinsights_sitenote_category":0,"footnotes":""},"categories":[448],"tags":[15,204],"class_list":["post-6895","post","type-post","status-publish","format-standard","has-post-thumbnail","hentry","category-annons","tag-annons","tag-lararforbundet"],"acf":[],"yoast_head":"<!-- This site is optimized with the Yoast SEO plugin v27.3 - https:\/\/yoast.com\/product\/yoast-seo-wordpress\/ -->\n<title>Vi samlar kraften fr\u00e5n hela l\u00e4rarprofessionen - Framtidens Karri\u00e4r \u2013 Grundskolel\u00e4rare<\/title>\n<meta name=\"robots\" content=\"index, follow, max-snippet:-1, max-image-preview:large, max-video-preview:-1\" \/>\n<link rel=\"canonical\" href=\"https:\/\/lararkarriar.se\/grundskola\/2020\/02\/11\/vi-samlar-kraften-fran-hela-lararprofessionen\/\" \/>\n<meta property=\"og:locale\" content=\"sv_SE\" \/>\n<meta property=\"og:type\" content=\"article\" \/>\n<meta property=\"og:title\" content=\"Vi samlar kraften fr\u00e5n hela l\u00e4rarprofessionen - Framtidens Karri\u00e4r \u2013 Grundskolel\u00e4rare\" \/>\n<meta property=\"og:description\" content=\"Vi vet att det \u00e4r tillsammans som vi f\u00e5r b\u00e4st f\u00f6ruts\u00e4ttningar att vara bra l\u00e4rare och skolledare.\" \/>\n<meta property=\"og:url\" content=\"https:\/\/lararkarriar.se\/grundskola\/2020\/02\/11\/vi-samlar-kraften-fran-hela-lararprofessionen\/\" \/>\n<meta property=\"og:site_name\" content=\"Framtidens Karri\u00e4r \u2013 Grundskolel\u00e4rare\" \/>\n<meta property=\"article:published_time\" content=\"2020-02-11T15:14:14+00:00\" \/>\n<meta property=\"article:modified_time\" content=\"2020-11-05T11:50:58+00:00\" \/>\n<meta property=\"og:image\" content=\"https:\/\/lararkarriar.se\/grundskola\/wp-content\/uploads\/sites\/12\/2020\/02\/1848-11-annons-framtidens-karriar-250x1675-200130.png\" \/>\n\t<meta property=\"og:image:width\" content=\"1000\" \/>\n\t<meta property=\"og:image:height\" content=\"613\" \/>\n\t<meta property=\"og:image:type\" content=\"image\/png\" \/>\n<meta name=\"author\" content=\"viktorwallen\" \/>\n<meta name=\"twitter:card\" content=\"summary_large_image\" \/>\n<meta name=\"twitter:label1\" content=\"Skriven av\" \/>\n\t<meta name=\"twitter:data1\" content=\"viktorwallen\" \/>\n\t<meta name=\"twitter:label2\" content=\"Ber\u00e4knad l\u00e4stid\" \/>\n\t<meta name=\"twitter:data2\" content=\"1 minut\" \/>\n<script type=\"application\/ld+json\" class=\"yoast-schema-graph\">{\"@context\":\"https:\\\/\\\/schema.org\",\"@graph\":[{\"@type\":\"Article\",\"@id\":\"https:\\\/\\\/lararkarriar.se\\\/grundskola\\\/2020\\\/02\\\/11\\\/vi-samlar-kraften-fran-hela-lararprofessionen\\\/#article\",\"isPartOf\":{\"@id\":\"https:\\\/\\\/lararkarriar.se\\\/grundskola\\\/2020\\\/02\\\/11\\\/vi-samlar-kraften-fran-hela-lararprofessionen\\\/\"},\"author\":{\"name\":\"viktorwallen\",\"@id\":\"https:\\\/\\\/lararkarriar.se\\\/grundskola\\\/#\\\/schema\\\/person\\\/2a13a849ec7646386c2211f59afe3083\"},\"headline\":\"Vi samlar kraften fr\u00e5n hela l\u00e4rarprofessionen\",\"datePublished\":\"2020-02-11T15:14:14+00:00\",\"dateModified\":\"2020-11-05T11:50:58+00:00\",\"mainEntityOfPage\":{\"@id\":\"https:\\\/\\\/lararkarriar.se\\\/grundskola\\\/2020\\\/02\\\/11\\\/vi-samlar-kraften-fran-hela-lararprofessionen\\\/\"},\"wordCount\":119,\"image\":{\"@id\":\"https:\\\/\\\/lararkarriar.se\\\/grundskola\\\/2020\\\/02\\\/11\\\/vi-samlar-kraften-fran-hela-lararprofessionen\\\/#primaryimage\"},\"thumbnailUrl\":\"https:\\\/\\\/lararkarriar.se\\\/grundskola\\\/wp-content\\\/uploads\\\/sites\\\/12\\\/2020\\\/02\\\/1848-11-annons-framtidens-karriar-250x1675-200130.png\",\"keywords\":[\"Annons\",\"L\u00e4rarf\u00f6rbundet\"],\"articleSection\":[\"Annons\"],\"inLanguage\":\"sv-SE\"},{\"@type\":\"WebPage\",\"@id\":\"https:\\\/\\\/lararkarriar.se\\\/grundskola\\\/2020\\\/02\\\/11\\\/vi-samlar-kraften-fran-hela-lararprofessionen\\\/\",\"url\":\"https:\\\/\\\/lararkarriar.se\\\/grundskola\\\/2020\\\/02\\\/11\\\/vi-samlar-kraften-fran-hela-lararprofessionen\\\/\",\"name\":\"Vi samlar kraften fr\u00e5n hela l\u00e4rarprofessionen - Framtidens Karri\u00e4r \u2013 Grundskolel\u00e4rare\",\"isPartOf\":{\"@id\":\"https:\\\/\\\/lararkarriar.se\\\/grundskola\\\/#website\"},\"primaryImageOfPage\":{\"@id\":\"https:\\\/\\\/lararkarriar.se\\\/grundskola\\\/2020\\\/02\\\/11\\\/vi-samlar-kraften-fran-hela-lararprofessionen\\\/#primaryimage\"},\"image\":{\"@id\":\"https:\\\/\\\/lararkarriar.se\\\/grundskola\\\/2020\\\/02\\\/11\\\/vi-samlar-kraften-fran-hela-lararprofessionen\\\/#primaryimage\"},\"thumbnailUrl\":\"https:\\\/\\\/lararkarriar.se\\\/grundskola\\\/wp-content\\\/uploads\\\/sites\\\/12\\\/2020\\\/02\\\/1848-11-annons-framtidens-karriar-250x1675-200130.png\",\"datePublished\":\"2020-02-11T15:14:14+00:00\",\"dateModified\":\"2020-11-05T11:50:58+00:00\",\"author\":{\"@id\":\"https:\\\/\\\/lararkarriar.se\\\/grundskola\\\/#\\\/schema\\\/person\\\/2a13a849ec7646386c2211f59afe3083\"},\"breadcrumb\":{\"@id\":\"https:\\\/\\\/lararkarriar.se\\\/grundskola\\\/2020\\\/02\\\/11\\\/vi-samlar-kraften-fran-hela-lararprofessionen\\\/#breadcrumb\"},\"inLanguage\":\"sv-SE\",\"potentialAction\":[{\"@type\":\"ReadAction\",\"target\":[\"https:\\\/\\\/lararkarriar.se\\\/grundskola\\\/2020\\\/02\\\/11\\\/vi-samlar-kraften-fran-hela-lararprofessionen\\\/\"]}]},{\"@type\":\"ImageObject\",\"inLanguage\":\"sv-SE\",\"@id\":\"https:\\\/\\\/lararkarriar.se\\\/grundskola\\\/2020\\\/02\\\/11\\\/vi-samlar-kraften-fran-hela-lararprofessionen\\\/#primaryimage\",\"url\":\"https:\\\/\\\/lararkarriar.se\\\/grundskola\\\/wp-content\\\/uploads\\\/sites\\\/12\\\/2020\\\/02\\\/1848-11-annons-framtidens-karriar-250x1675-200130.png\",\"contentUrl\":\"https:\\\/\\\/lararkarriar.se\\\/grundskola\\\/wp-content\\\/uploads\\\/sites\\\/12\\\/2020\\\/02\\\/1848-11-annons-framtidens-karriar-250x1675-200130.png\",\"width\":1000,\"height\":613},{\"@type\":\"BreadcrumbList\",\"@id\":\"https:\\\/\\\/lararkarriar.se\\\/grundskola\\\/2020\\\/02\\\/11\\\/vi-samlar-kraften-fran-hela-lararprofessionen\\\/#breadcrumb\",\"itemListElement\":[{\"@type\":\"ListItem\",\"position\":1,\"name\":\"Home\",\"item\":\"https:\\\/\\\/lararkarriar.se\\\/grundskola\\\/\"},{\"@type\":\"ListItem\",\"position\":2,\"name\":\"Vi samlar kraften fr\u00e5n hela l\u00e4rarprofessionen\"}]},{\"@type\":\"WebSite\",\"@id\":\"https:\\\/\\\/lararkarriar.se\\\/grundskola\\\/#website\",\"url\":\"https:\\\/\\\/lararkarriar.se\\\/grundskola\\\/\",\"name\":\"Framtidens Karri\u00e4r \u2013 Grundskolel\u00e4rare\",\"description\":\"Just another NMDashboard.se Sites site\",\"potentialAction\":[{\"@type\":\"SearchAction\",\"target\":{\"@type\":\"EntryPoint\",\"urlTemplate\":\"https:\\\/\\\/lararkarriar.se\\\/grundskola\\\/?s={search_term_string}\"},\"query-input\":{\"@type\":\"PropertyValueSpecification\",\"valueRequired\":true,\"valueName\":\"search_term_string\"}}],\"inLanguage\":\"sv-SE\"},{\"@type\":\"Person\",\"@id\":\"https:\\\/\\\/lararkarriar.se\\\/grundskola\\\/#\\\/schema\\\/person\\\/2a13a849ec7646386c2211f59afe3083\",\"name\":\"viktorwallen\",\"image\":{\"@type\":\"ImageObject\",\"inLanguage\":\"sv-SE\",\"@id\":\"https:\\\/\\\/secure.gravatar.com\\\/avatar\\\/701701bd36169636031933997c8c6b954f2f635bbb7cd4802e4a007f9c9f4e59?s=96&d=mm&r=g\",\"url\":\"https:\\\/\\\/secure.gravatar.com\\\/avatar\\\/701701bd36169636031933997c8c6b954f2f635bbb7cd4802e4a007f9c9f4e59?s=96&d=mm&r=g\",\"contentUrl\":\"https:\\\/\\\/secure.gravatar.com\\\/avatar\\\/701701bd36169636031933997c8c6b954f2f635bbb7cd4802e4a007f9c9f4e59?s=96&d=mm&r=g\",\"caption\":\"viktorwallen\"},\"url\":\"https:\\\/\\\/lararkarriar.se\\\/grundskola\\\/author\\\/viktorwallen\\\/\"}]}<\/script>\n<!-- \/ Yoast SEO plugin. -->","yoast_head_json":{"title":"Vi samlar kraften fr\u00e5n hela l\u00e4rarprofessionen - Framtidens Karri\u00e4r \u2013 Grundskolel\u00e4rare","robots":{"index":"index","follow":"follow","max-snippet":"max-snippet:-1","max-image-preview":"max-image-preview:large","max-video-preview":"max-video-preview:-1"},"canonical":"https:\/\/lararkarriar.se\/grundskola\/2020\/02\/11\/vi-samlar-kraften-fran-hela-lararprofessionen\/","og_locale":"sv_SE","og_type":"article","og_title":"Vi samlar kraften fr\u00e5n hela l\u00e4rarprofessionen - Framtidens Karri\u00e4r \u2013 Grundskolel\u00e4rare","og_description":"Vi vet att det \u00e4r tillsammans som vi f\u00e5r b\u00e4st f\u00f6ruts\u00e4ttningar att vara bra l\u00e4rare och skolledare.","og_url":"https:\/\/lararkarriar.se\/grundskola\/2020\/02\/11\/vi-samlar-kraften-fran-hela-lararprofessionen\/","og_site_name":"Framtidens Karri\u00e4r \u2013 Grundskolel\u00e4rare","article_published_time":"2020-02-11T15:14:14+00:00","article_modified_time":"2020-11-05T11:50:58+00:00","og_image":[{"width":1000,"height":613,"url":"https:\/\/lararkarriar.se\/grundskola\/wp-content\/uploads\/sites\/12\/2020\/02\/1848-11-annons-framtidens-karriar-250x1675-200130.png","type":"image\/png"}],"author":"viktorwallen","twitter_card":"summary_large_image","twitter_misc":{"Skriven av":"viktorwallen","Ber\u00e4knad l\u00e4stid":"1 minut"},"schema":{"@context":"https:\/\/schema.org","@graph":[{"@type":"Article","@id":"https:\/\/lararkarriar.se\/grundskola\/2020\/02\/11\/vi-samlar-kraften-fran-hela-lararprofessionen\/#article","isPartOf":{"@id":"https:\/\/lararkarriar.se\/grundskola\/2020\/02\/11\/vi-samlar-kraften-fran-hela-lararprofessionen\/"},"author":{"name":"viktorwallen","@id":"https:\/\/lararkarriar.se\/grundskola\/#\/schema\/person\/2a13a849ec7646386c2211f59afe3083"},"headline":"Vi samlar kraften fr\u00e5n hela l\u00e4rarprofessionen","datePublished":"2020-02-11T15:14:14+00:00","dateModified":"2020-11-05T11:50:58+00:00","mainEntityOfPage":{"@id":"https:\/\/lararkarriar.se\/grundskola\/2020\/02\/11\/vi-samlar-kraften-fran-hela-lararprofessionen\/"},"wordCount":119,"image":{"@id":"https:\/\/lararkarriar.se\/grundskola\/2020\/02\/11\/vi-samlar-kraften-fran-hela-lararprofessionen\/#primaryimage"},"thumbnailUrl":"https:\/\/lararkarriar.se\/grundskola\/wp-content\/uploads\/sites\/12\/2020\/02\/1848-11-annons-framtidens-karriar-250x1675-200130.png","keywords":["Annons","L\u00e4rarf\u00f6rbundet"],"articleSection":["Annons"],"inLanguage":"sv-SE"},{"@type":"WebPage","@id":"https:\/\/lararkarriar.se\/grundskola\/2020\/02\/11\/vi-samlar-kraften-fran-hela-lararprofessionen\/","url":"https:\/\/lararkarriar.se\/grundskola\/2020\/02\/11\/vi-samlar-kraften-fran-hela-lararprofessionen\/","name":"Vi samlar kraften fr\u00e5n hela l\u00e4rarprofessionen - Framtidens Karri\u00e4r \u2013 Grundskolel\u00e4rare","isPartOf":{"@id":"https:\/\/lararkarriar.se\/grundskola\/#website"},"primaryImageOfPage":{"@id":"https:\/\/lararkarriar.se\/grundskola\/2020\/02\/11\/vi-samlar-kraften-fran-hela-lararprofessionen\/#primaryimage"},"image":{"@id":"https:\/\/lararkarriar.se\/grundskola\/2020\/02\/11\/vi-samlar-kraften-fran-hela-lararprofessionen\/#primaryimage"},"thumbnailUrl":"https:\/\/lararkarriar.se\/grundskola\/wp-content\/uploads\/sites\/12\/2020\/02\/1848-11-annons-framtidens-karriar-250x1675-200130.png","datePublished":"2020-02-11T15:14:14+00:00","dateModified":"2020-11-05T11:50:58+00:00","author":{"@id":"https:\/\/lararkarriar.se\/grundskola\/#\/schema\/person\/2a13a849ec7646386c2211f59afe3083"},"breadcrumb":{"@id":"https:\/\/lararkarriar.se\/grundskola\/2020\/02\/11\/vi-samlar-kraften-fran-hela-lararprofessionen\/#breadcrumb"},"inLanguage":"sv-SE","potentialAction":[{"@type":"ReadAction","target":["https:\/\/lararkarriar.se\/grundskola\/2020\/02\/11\/vi-samlar-kraften-fran-hela-lararprofessionen\/"]}]},{"@type":"ImageObject","inLanguage":"sv-SE","@id":"https:\/\/lararkarriar.se\/grundskola\/2020\/02\/11\/vi-samlar-kraften-fran-hela-lararprofessionen\/#primaryimage","url":"https:\/\/lararkarriar.se\/grundskola\/wp-content\/uploads\/sites\/12\/2020\/02\/1848-11-annons-framtidens-karriar-250x1675-200130.png","contentUrl":"https:\/\/lararkarriar.se\/grundskola\/wp-content\/uploads\/sites\/12\/2020\/02\/1848-11-annons-framtidens-karriar-250x1675-200130.png","width":1000,"height":613},{"@type":"BreadcrumbList","@id":"https:\/\/lararkarriar.se\/grundskola\/2020\/02\/11\/vi-samlar-kraften-fran-hela-lararprofessionen\/#breadcrumb","itemListElement":[{"@type":"ListItem","position":1,"name":"Home","item":"https:\/\/lararkarriar.se\/grundskola\/"},{"@type":"ListItem","position":2,"name":"Vi samlar kraften fr\u00e5n hela l\u00e4rarprofessionen"}]},{"@type":"WebSite","@id":"https:\/\/lararkarriar.se\/grundskola\/#website","url":"https:\/\/lararkarriar.se\/grundskola\/","name":"Framtidens Karri\u00e4r \u2013 Grundskolel\u00e4rare","description":"Just another NMDashboard.se Sites site","potentialAction":[{"@type":"SearchAction","target":{"@type":"EntryPoint","urlTemplate":"https:\/\/lararkarriar.se\/grundskola\/?s={search_term_string}"},"query-input":{"@type":"PropertyValueSpecification","valueRequired":true,"valueName":"search_term_string"}}],"inLanguage":"sv-SE"},{"@type":"Person","@id":"https:\/\/lararkarriar.se\/grundskola\/#\/schema\/person\/2a13a849ec7646386c2211f59afe3083","name":"viktorwallen","image":{"@type":"ImageObject","inLanguage":"sv-SE","@id":"https:\/\/secure.gravatar.com\/avatar\/701701bd36169636031933997c8c6b954f2f635bbb7cd4802e4a007f9c9f4e59?s=96&d=mm&r=g","url":"https:\/\/secure.gravatar.com\/avatar\/701701bd36169636031933997c8c6b954f2f635bbb7cd4802e4a007f9c9f4e59?s=96&d=mm&r=g","contentUrl":"https:\/\/secure.gravatar.com\/avatar\/701701bd36169636031933997c8c6b954f2f635bbb7cd4802e4a007f9c9f4e59?s=96&d=mm&r=g","caption":"viktorwallen"},"url":"https:\/\/lararkarriar.se\/grundskola\/author\/viktorwallen\/"}]}},"_links":{"self":[{"href":"https:\/\/lararkarriar.se\/grundskola\/wp-json\/wp\/v2\/posts\/6895","targetHints":{"allow":["GET"]}}],"collection":[{"href":"https:\/\/lararkarriar.se\/grundskola\/wp-json\/wp\/v2\/posts"}],"about":[{"href":"https:\/\/lararkarriar.se\/grundskola\/wp-json\/wp\/v2\/types\/post"}],"author":[{"embeddable":true,"href":"https:\/\/lararkarriar.se\/grundskola\/wp-json\/wp\/v2\/users\/2"}],"replies":[{"embeddable":true,"href":"https:\/\/lararkarriar.se\/grundskola\/wp-json\/wp\/v2\/comments?post=6895"}],"version-history":[{"count":4,"href":"https:\/\/lararkarriar.se\/grundskola\/wp-json\/wp\/v2\/posts\/6895\/revisions"}],"predecessor-version":[{"id":7139,"href":"https:\/\/lararkarriar.se\/grundskola\/wp-json\/wp\/v2\/posts\/6895\/revisions\/7139"}],"wp:featuredmedia":[{"embeddable":true,"href":"https:\/\/lararkarriar.se\/grundskola\/wp-json\/wp\/v2\/media\/6896"}],"wp:attachment":[{"href":"https:\/\/lararkarriar.se\/grundskola\/wp-json\/wp\/v2\/media?parent=6895"}],"wp:term":[{"taxonomy":"category","embeddable":true,"href":"https:\/\/lararkarriar.se\/grundskola\/wp-json\/wp\/v2\/categories?post=6895"},{"taxonomy":"post_tag","embeddable":true,"href":"https:\/\/lararkarriar.se\/grundskola\/wp-json\/wp\/v2\/tags?post=6895"}],"curies":[{"name":"wp","href":"https:\/\/api.w.org\/{rel}","templated":true}]}}