{"id":6903,"date":"2020-02-11T15:32:49","date_gmt":"2020-02-11T15:32:49","guid":{"rendered":"https:\/\/lararkarriar.se\/grundskola\/?p=6903"},"modified":"2020-11-10T11:26:35","modified_gmt":"2020-11-10T11:26:35","slug":"digitala-verktyg-ger-likvardighet","status":"publish","type":"post","link":"https:\/\/lararkarriar.se\/grundskola\/2020\/02\/11\/digitala-verktyg-ger-likvardighet\/","title":{"rendered":"Digitala verktyg ger likv\u00e4rdighet"},"content":{"rendered":"\n<p><strong>I G\u00f6teborgs skolor utnyttjar man de m\u00f6jligheter digitaliseringen medf\u00f6r. Det inneb\u00e4r st\u00f6rre variation p\u00e5 lektionerna. Samtidigt underl\u00e4ttas b\u00e5de likv\u00e4rdigheten och det kompensatoriska uppdraget. <\/strong><\/p>\n\n\n\n<div class=\"wp-block-image\"><figure class=\"alignright size-large is-resized\"><img loading=\"lazy\" decoding=\"async\" src=\"https:\/\/lararkarriar.se\/grundskola\/wp-content\/uploads\/sites\/12\/2020\/02\/gbg-rektor-hovsaskolan-digitalisering02.jpg\" alt=\"Carolin Juneberg, rektor p\u00e5 Hov\u00e5sskolan 7\u20139 samt f\u00f6r grunds\u00e4rskolan L\u00e4s\u00f6. Foto: Patrik Bergenstav\" class=\"wp-image-6905\" width=\"125\" height=\"174\" srcset=\"https:\/\/lararkarriar.se\/grundskola\/wp-content\/uploads\/sites\/12\/2020\/02\/gbg-rektor-hovsaskolan-digitalisering02.jpg 500w, https:\/\/lararkarriar.se\/grundskola\/wp-content\/uploads\/sites\/12\/2020\/02\/gbg-rektor-hovsaskolan-digitalisering02-216x300.jpg 216w, https:\/\/lararkarriar.se\/grundskola\/wp-content\/uploads\/sites\/12\/2020\/02\/gbg-rektor-hovsaskolan-digitalisering02-115x160.jpg 115w\" sizes=\"auto, (max-width: 125px) 100vw, 125px\" \/><figcaption>Carolin Juneberg, rektor p\u00e5 Hov\u00e5sskolan 7\u20139 samt f\u00f6r grunds\u00e4rskolan L\u00e4s\u00f6. Foto: Patrik Bergenstav<\/figcaption><\/figure><\/div>\n\n\n\n<p>Carolin Juneberg \u00e4r rektor p\u00e5 Hov\u00e5sskolan 7\u20139 samt f\u00f6r grunds\u00e4rskolan L\u00e4s\u00f6. Hon tycker att digitaliseringen medf\u00f6rt mycket positivt, bland annat mer varierade lektioner.<br>\u2013 F\u00f6rr hade vi en l\u00e4robok och ett \u00f6vningsh\u00e4fte att utg\u00e5 ifr\u00e5n. Nu kan eleverna g\u00f6ra poddar, spela in filmer, programmera eller skapa olika presentationer.<br>Carolin menar att det har blivit l\u00e4ttare att hitta uppgifter p\u00e5 alla niv\u00e5er vilket g\u00f6r att samtliga elever kan delta utifr\u00e5n sina f\u00f6ruts\u00e4ttningar. Det leder till b\u00e4ttre studiero i klassrummen. Utvecklingen har ocks\u00e5 gjort elevernas f\u00f6ruts\u00e4ttningar mer likv\u00e4rdiga, oavsett vem de \u00e4r, var de bor eller vad de f\u00e5r f\u00f6r st\u00f6d hemma.<\/p>\n\n\n\n<p><strong>Alla elever g\u00f6rs delaktiga<\/strong><br>Via datorn kan l\u00e4raren numera ta del av alla elevers svar, och inte bara de som \u00e4r snabba med att r\u00e4cka upp handen. \u00c4ven svar fr\u00e5n den blyga eleven, eller eleven som tycker annorlunda, n\u00e5r fram.<br>De digitala verktygen \u00e4r mycket anv\u00e4ndbara f\u00f6r elever med behov av st\u00f6d.<br>\u2013 Om n\u00e5gon har f\u00e5tt en anpassad uppgift s\u00e5 blir det inte lika uppenbart n\u00e4r alla sitter och jobbar p\u00e5 sin dator. Det upplevs ofta som tryggare.<br>I s\u00e4rskolan \u00e4r bildst\u00f6d en del av vardagen. De digitala verktygen underl\u00e4ttar ocks\u00e5 kommunikation mellan hem och skola.<br>\u2013 Om eleven inte har f\u00f6rm\u00e5ga att ber\u00e4tta hur skoldagen varit, s\u00e5 \u00e4r det enkelt att dela information om det digitalt. D\u00e5 kan barnet bli bem\u00f6tt utifr\u00e5n sin dagsform.<\/p>\n\n\n\n<p><strong>Filmer underl\u00e4ttar inl\u00e4rning<\/strong><br>P\u00e5 studi.se finns animerade filmer som f\u00f6rklarar grundl\u00e4ggande begrepp, alltifr\u00e5n fotosyntes till m\u00e4nniskokroppen eller hur en demokrati fungerar.<br>\u2013 Filmerna underl\u00e4ttar inl\u00e4rningen f\u00f6r nyanl\u00e4nda elever. De kan v\u00e4lja att lyssna p\u00e5 filmerna med svenskt tal och arabisk text, eller tv\u00e4rtom. Men \u00e4ven elever utan behov av spr\u00e5kst\u00f6d anv\u00e4nder dem.<br>I den nya grundskolef\u00f6rvaltningen finns en organisation som erbjuder kurser i digital kompetens f\u00f6r pedagoger.<br>\u2013 D\u00e4r kan man be om hj\u00e4lp och v\u00e4lja de verktyg som passar just mina elever. Det kan vara alltifr\u00e5n Skype till k\u00e4llkritik eller digitalt ber\u00e4ttande.<\/p>\n","protected":false},"excerpt":{"rendered":"<p>I G\u00f6teborgs skolor utnyttjar man de m\u00f6jligheter digitaliseringen medf\u00f6r.<\/p>\n","protected":false},"author":2,"featured_media":6905,"comment_status":"closed","ping_status":"open","sticky":false,"template":"","format":"standard","meta":{"_acf_changed":false,"_monsterinsights_skip_tracking":false,"_monsterinsights_sitenote_active":false,"_monsterinsights_sitenote_note":"","_monsterinsights_sitenote_category":0,"footnotes":""},"categories":[1],"tags":[59,67,68,453,120,221],"class_list":["post-6903","post","type-post","status-publish","format-standard","has-post-thumbnail","hentry","category-artikel","tag-delaktighet","tag-digitala-verktyg","tag-digitalisering","tag-digitalt","tag-goteborgs-stad","tag-likvardighet"],"acf":[],"yoast_head":"<!-- This site is optimized with the Yoast SEO plugin v27.3 - https:\/\/yoast.com\/product\/yoast-seo-wordpress\/ -->\n<title>Digitala verktyg ger likv\u00e4rdighet - Framtidens Karri\u00e4r \u2013 Grundskolel\u00e4rare<\/title>\n<meta name=\"robots\" content=\"index, follow, max-snippet:-1, max-image-preview:large, max-video-preview:-1\" \/>\n<link rel=\"canonical\" href=\"https:\/\/lararkarriar.se\/grundskola\/2020\/02\/11\/digitala-verktyg-ger-likvardighet\/\" \/>\n<meta property=\"og:locale\" content=\"sv_SE\" \/>\n<meta property=\"og:type\" content=\"article\" \/>\n<meta property=\"og:title\" content=\"Digitala verktyg ger likv\u00e4rdighet - Framtidens Karri\u00e4r \u2013 Grundskolel\u00e4rare\" \/>\n<meta property=\"og:description\" content=\"I G\u00f6teborgs skolor utnyttjar man de m\u00f6jligheter digitaliseringen medf\u00f6r.\" \/>\n<meta property=\"og:url\" content=\"https:\/\/lararkarriar.se\/grundskola\/2020\/02\/11\/digitala-verktyg-ger-likvardighet\/\" \/>\n<meta property=\"og:site_name\" content=\"Framtidens Karri\u00e4r \u2013 Grundskolel\u00e4rare\" \/>\n<meta property=\"article:published_time\" content=\"2020-02-11T15:32:49+00:00\" \/>\n<meta property=\"article:modified_time\" content=\"2020-11-10T11:26:35+00:00\" \/>\n<meta property=\"og:image\" content=\"https:\/\/lararkarriar.se\/grundskola\/wp-content\/uploads\/sites\/12\/2020\/02\/gbg-rektor-hovsaskolan-digitalisering02.jpg\" \/>\n\t<meta property=\"og:image:width\" content=\"500\" \/>\n\t<meta property=\"og:image:height\" content=\"694\" \/>\n\t<meta property=\"og:image:type\" content=\"image\/jpeg\" \/>\n<meta name=\"author\" content=\"viktorwallen\" \/>\n<meta name=\"twitter:card\" content=\"summary_large_image\" \/>\n<meta name=\"twitter:label1\" content=\"Skriven av\" \/>\n\t<meta name=\"twitter:data1\" content=\"viktorwallen\" \/>\n\t<meta name=\"twitter:label2\" content=\"Ber\u00e4knad l\u00e4stid\" \/>\n\t<meta name=\"twitter:data2\" content=\"2 minuter\" \/>\n<script type=\"application\/ld+json\" class=\"yoast-schema-graph\">{\"@context\":\"https:\\\/\\\/schema.org\",\"@graph\":[{\"@type\":\"Article\",\"@id\":\"https:\\\/\\\/lararkarriar.se\\\/grundskola\\\/2020\\\/02\\\/11\\\/digitala-verktyg-ger-likvardighet\\\/#article\",\"isPartOf\":{\"@id\":\"https:\\\/\\\/lararkarriar.se\\\/grundskola\\\/2020\\\/02\\\/11\\\/digitala-verktyg-ger-likvardighet\\\/\"},\"author\":{\"name\":\"viktorwallen\",\"@id\":\"https:\\\/\\\/lararkarriar.se\\\/grundskola\\\/#\\\/schema\\\/person\\\/2a13a849ec7646386c2211f59afe3083\"},\"headline\":\"Digitala verktyg ger likv\u00e4rdighet\",\"datePublished\":\"2020-02-11T15:32:49+00:00\",\"dateModified\":\"2020-11-10T11:26:35+00:00\",\"mainEntityOfPage\":{\"@id\":\"https:\\\/\\\/lararkarriar.se\\\/grundskola\\\/2020\\\/02\\\/11\\\/digitala-verktyg-ger-likvardighet\\\/\"},\"wordCount\":431,\"image\":{\"@id\":\"https:\\\/\\\/lararkarriar.se\\\/grundskola\\\/2020\\\/02\\\/11\\\/digitala-verktyg-ger-likvardighet\\\/#primaryimage\"},\"thumbnailUrl\":\"https:\\\/\\\/lararkarriar.se\\\/grundskola\\\/wp-content\\\/uploads\\\/sites\\\/12\\\/2020\\\/02\\\/gbg-rektor-hovsaskolan-digitalisering02.jpg\",\"keywords\":[\"Delaktighet\",\"Digitala verktyg\",\"Digitalisering\",\"Digitalt\",\"G\u00f6teborgs stad\",\"Likv\u00e4rdighet\"],\"articleSection\":[\"Artikel\"],\"inLanguage\":\"sv-SE\"},{\"@type\":\"WebPage\",\"@id\":\"https:\\\/\\\/lararkarriar.se\\\/grundskola\\\/2020\\\/02\\\/11\\\/digitala-verktyg-ger-likvardighet\\\/\",\"url\":\"https:\\\/\\\/lararkarriar.se\\\/grundskola\\\/2020\\\/02\\\/11\\\/digitala-verktyg-ger-likvardighet\\\/\",\"name\":\"Digitala verktyg ger likv\u00e4rdighet - Framtidens Karri\u00e4r \u2013 Grundskolel\u00e4rare\",\"isPartOf\":{\"@id\":\"https:\\\/\\\/lararkarriar.se\\\/grundskola\\\/#website\"},\"primaryImageOfPage\":{\"@id\":\"https:\\\/\\\/lararkarriar.se\\\/grundskola\\\/2020\\\/02\\\/11\\\/digitala-verktyg-ger-likvardighet\\\/#primaryimage\"},\"image\":{\"@id\":\"https:\\\/\\\/lararkarriar.se\\\/grundskola\\\/2020\\\/02\\\/11\\\/digitala-verktyg-ger-likvardighet\\\/#primaryimage\"},\"thumbnailUrl\":\"https:\\\/\\\/lararkarriar.se\\\/grundskola\\\/wp-content\\\/uploads\\\/sites\\\/12\\\/2020\\\/02\\\/gbg-rektor-hovsaskolan-digitalisering02.jpg\",\"datePublished\":\"2020-02-11T15:32:49+00:00\",\"dateModified\":\"2020-11-10T11:26:35+00:00\",\"author\":{\"@id\":\"https:\\\/\\\/lararkarriar.se\\\/grundskola\\\/#\\\/schema\\\/person\\\/2a13a849ec7646386c2211f59afe3083\"},\"breadcrumb\":{\"@id\":\"https:\\\/\\\/lararkarriar.se\\\/grundskola\\\/2020\\\/02\\\/11\\\/digitala-verktyg-ger-likvardighet\\\/#breadcrumb\"},\"inLanguage\":\"sv-SE\",\"potentialAction\":[{\"@type\":\"ReadAction\",\"target\":[\"https:\\\/\\\/lararkarriar.se\\\/grundskola\\\/2020\\\/02\\\/11\\\/digitala-verktyg-ger-likvardighet\\\/\"]}]},{\"@type\":\"ImageObject\",\"inLanguage\":\"sv-SE\",\"@id\":\"https:\\\/\\\/lararkarriar.se\\\/grundskola\\\/2020\\\/02\\\/11\\\/digitala-verktyg-ger-likvardighet\\\/#primaryimage\",\"url\":\"https:\\\/\\\/lararkarriar.se\\\/grundskola\\\/wp-content\\\/uploads\\\/sites\\\/12\\\/2020\\\/02\\\/gbg-rektor-hovsaskolan-digitalisering02.jpg\",\"contentUrl\":\"https:\\\/\\\/lararkarriar.se\\\/grundskola\\\/wp-content\\\/uploads\\\/sites\\\/12\\\/2020\\\/02\\\/gbg-rektor-hovsaskolan-digitalisering02.jpg\",\"width\":500,\"height\":694,\"caption\":\"Carolin Juneberg, rektor p\u00e5 Hov\u00e5sskolan 7\u20139 samt f\u00f6r grunds\u00e4rskolan L\u00e4s\u00f6. Foto: Patrik Bergenstav\"},{\"@type\":\"BreadcrumbList\",\"@id\":\"https:\\\/\\\/lararkarriar.se\\\/grundskola\\\/2020\\\/02\\\/11\\\/digitala-verktyg-ger-likvardighet\\\/#breadcrumb\",\"itemListElement\":[{\"@type\":\"ListItem\",\"position\":1,\"name\":\"Home\",\"item\":\"https:\\\/\\\/lararkarriar.se\\\/grundskola\\\/\"},{\"@type\":\"ListItem\",\"position\":2,\"name\":\"Digitala verktyg ger likv\u00e4rdighet\"}]},{\"@type\":\"WebSite\",\"@id\":\"https:\\\/\\\/lararkarriar.se\\\/grundskola\\\/#website\",\"url\":\"https:\\\/\\\/lararkarriar.se\\\/grundskola\\\/\",\"name\":\"Framtidens Karri\u00e4r \u2013 Grundskolel\u00e4rare\",\"description\":\"Just another NMDashboard.se Sites site\",\"potentialAction\":[{\"@type\":\"SearchAction\",\"target\":{\"@type\":\"EntryPoint\",\"urlTemplate\":\"https:\\\/\\\/lararkarriar.se\\\/grundskola\\\/?s={search_term_string}\"},\"query-input\":{\"@type\":\"PropertyValueSpecification\",\"valueRequired\":true,\"valueName\":\"search_term_string\"}}],\"inLanguage\":\"sv-SE\"},{\"@type\":\"Person\",\"@id\":\"https:\\\/\\\/lararkarriar.se\\\/grundskola\\\/#\\\/schema\\\/person\\\/2a13a849ec7646386c2211f59afe3083\",\"name\":\"viktorwallen\",\"image\":{\"@type\":\"ImageObject\",\"inLanguage\":\"sv-SE\",\"@id\":\"https:\\\/\\\/secure.gravatar.com\\\/avatar\\\/701701bd36169636031933997c8c6b954f2f635bbb7cd4802e4a007f9c9f4e59?s=96&d=mm&r=g\",\"url\":\"https:\\\/\\\/secure.gravatar.com\\\/avatar\\\/701701bd36169636031933997c8c6b954f2f635bbb7cd4802e4a007f9c9f4e59?s=96&d=mm&r=g\",\"contentUrl\":\"https:\\\/\\\/secure.gravatar.com\\\/avatar\\\/701701bd36169636031933997c8c6b954f2f635bbb7cd4802e4a007f9c9f4e59?s=96&d=mm&r=g\",\"caption\":\"viktorwallen\"},\"url\":\"https:\\\/\\\/lararkarriar.se\\\/grundskola\\\/author\\\/viktorwallen\\\/\"}]}<\/script>\n<!-- \/ Yoast SEO plugin. -->","yoast_head_json":{"title":"Digitala verktyg ger likv\u00e4rdighet - Framtidens Karri\u00e4r \u2013 Grundskolel\u00e4rare","robots":{"index":"index","follow":"follow","max-snippet":"max-snippet:-1","max-image-preview":"max-image-preview:large","max-video-preview":"max-video-preview:-1"},"canonical":"https:\/\/lararkarriar.se\/grundskola\/2020\/02\/11\/digitala-verktyg-ger-likvardighet\/","og_locale":"sv_SE","og_type":"article","og_title":"Digitala verktyg ger likv\u00e4rdighet - Framtidens Karri\u00e4r \u2013 Grundskolel\u00e4rare","og_description":"I G\u00f6teborgs skolor utnyttjar man de m\u00f6jligheter digitaliseringen medf\u00f6r.","og_url":"https:\/\/lararkarriar.se\/grundskola\/2020\/02\/11\/digitala-verktyg-ger-likvardighet\/","og_site_name":"Framtidens Karri\u00e4r \u2013 Grundskolel\u00e4rare","article_published_time":"2020-02-11T15:32:49+00:00","article_modified_time":"2020-11-10T11:26:35+00:00","og_image":[{"width":500,"height":694,"url":"https:\/\/lararkarriar.se\/grundskola\/wp-content\/uploads\/sites\/12\/2020\/02\/gbg-rektor-hovsaskolan-digitalisering02.jpg","type":"image\/jpeg"}],"author":"viktorwallen","twitter_card":"summary_large_image","twitter_misc":{"Skriven av":"viktorwallen","Ber\u00e4knad l\u00e4stid":"2 minuter"},"schema":{"@context":"https:\/\/schema.org","@graph":[{"@type":"Article","@id":"https:\/\/lararkarriar.se\/grundskola\/2020\/02\/11\/digitala-verktyg-ger-likvardighet\/#article","isPartOf":{"@id":"https:\/\/lararkarriar.se\/grundskola\/2020\/02\/11\/digitala-verktyg-ger-likvardighet\/"},"author":{"name":"viktorwallen","@id":"https:\/\/lararkarriar.se\/grundskola\/#\/schema\/person\/2a13a849ec7646386c2211f59afe3083"},"headline":"Digitala verktyg ger likv\u00e4rdighet","datePublished":"2020-02-11T15:32:49+00:00","dateModified":"2020-11-10T11:26:35+00:00","mainEntityOfPage":{"@id":"https:\/\/lararkarriar.se\/grundskola\/2020\/02\/11\/digitala-verktyg-ger-likvardighet\/"},"wordCount":431,"image":{"@id":"https:\/\/lararkarriar.se\/grundskola\/2020\/02\/11\/digitala-verktyg-ger-likvardighet\/#primaryimage"},"thumbnailUrl":"https:\/\/lararkarriar.se\/grundskola\/wp-content\/uploads\/sites\/12\/2020\/02\/gbg-rektor-hovsaskolan-digitalisering02.jpg","keywords":["Delaktighet","Digitala verktyg","Digitalisering","Digitalt","G\u00f6teborgs stad","Likv\u00e4rdighet"],"articleSection":["Artikel"],"inLanguage":"sv-SE"},{"@type":"WebPage","@id":"https:\/\/lararkarriar.se\/grundskola\/2020\/02\/11\/digitala-verktyg-ger-likvardighet\/","url":"https:\/\/lararkarriar.se\/grundskola\/2020\/02\/11\/digitala-verktyg-ger-likvardighet\/","name":"Digitala verktyg ger likv\u00e4rdighet - Framtidens Karri\u00e4r \u2013 Grundskolel\u00e4rare","isPartOf":{"@id":"https:\/\/lararkarriar.se\/grundskola\/#website"},"primaryImageOfPage":{"@id":"https:\/\/lararkarriar.se\/grundskola\/2020\/02\/11\/digitala-verktyg-ger-likvardighet\/#primaryimage"},"image":{"@id":"https:\/\/lararkarriar.se\/grundskola\/2020\/02\/11\/digitala-verktyg-ger-likvardighet\/#primaryimage"},"thumbnailUrl":"https:\/\/lararkarriar.se\/grundskola\/wp-content\/uploads\/sites\/12\/2020\/02\/gbg-rektor-hovsaskolan-digitalisering02.jpg","datePublished":"2020-02-11T15:32:49+00:00","dateModified":"2020-11-10T11:26:35+00:00","author":{"@id":"https:\/\/lararkarriar.se\/grundskola\/#\/schema\/person\/2a13a849ec7646386c2211f59afe3083"},"breadcrumb":{"@id":"https:\/\/lararkarriar.se\/grundskola\/2020\/02\/11\/digitala-verktyg-ger-likvardighet\/#breadcrumb"},"inLanguage":"sv-SE","potentialAction":[{"@type":"ReadAction","target":["https:\/\/lararkarriar.se\/grundskola\/2020\/02\/11\/digitala-verktyg-ger-likvardighet\/"]}]},{"@type":"ImageObject","inLanguage":"sv-SE","@id":"https:\/\/lararkarriar.se\/grundskola\/2020\/02\/11\/digitala-verktyg-ger-likvardighet\/#primaryimage","url":"https:\/\/lararkarriar.se\/grundskola\/wp-content\/uploads\/sites\/12\/2020\/02\/gbg-rektor-hovsaskolan-digitalisering02.jpg","contentUrl":"https:\/\/lararkarriar.se\/grundskola\/wp-content\/uploads\/sites\/12\/2020\/02\/gbg-rektor-hovsaskolan-digitalisering02.jpg","width":500,"height":694,"caption":"Carolin Juneberg, rektor p\u00e5 Hov\u00e5sskolan 7\u20139 samt f\u00f6r grunds\u00e4rskolan L\u00e4s\u00f6. Foto: Patrik Bergenstav"},{"@type":"BreadcrumbList","@id":"https:\/\/lararkarriar.se\/grundskola\/2020\/02\/11\/digitala-verktyg-ger-likvardighet\/#breadcrumb","itemListElement":[{"@type":"ListItem","position":1,"name":"Home","item":"https:\/\/lararkarriar.se\/grundskola\/"},{"@type":"ListItem","position":2,"name":"Digitala verktyg ger likv\u00e4rdighet"}]},{"@type":"WebSite","@id":"https:\/\/lararkarriar.se\/grundskola\/#website","url":"https:\/\/lararkarriar.se\/grundskola\/","name":"Framtidens Karri\u00e4r \u2013 Grundskolel\u00e4rare","description":"Just another NMDashboard.se Sites site","potentialAction":[{"@type":"SearchAction","target":{"@type":"EntryPoint","urlTemplate":"https:\/\/lararkarriar.se\/grundskola\/?s={search_term_string}"},"query-input":{"@type":"PropertyValueSpecification","valueRequired":true,"valueName":"search_term_string"}}],"inLanguage":"sv-SE"},{"@type":"Person","@id":"https:\/\/lararkarriar.se\/grundskola\/#\/schema\/person\/2a13a849ec7646386c2211f59afe3083","name":"viktorwallen","image":{"@type":"ImageObject","inLanguage":"sv-SE","@id":"https:\/\/secure.gravatar.com\/avatar\/701701bd36169636031933997c8c6b954f2f635bbb7cd4802e4a007f9c9f4e59?s=96&d=mm&r=g","url":"https:\/\/secure.gravatar.com\/avatar\/701701bd36169636031933997c8c6b954f2f635bbb7cd4802e4a007f9c9f4e59?s=96&d=mm&r=g","contentUrl":"https:\/\/secure.gravatar.com\/avatar\/701701bd36169636031933997c8c6b954f2f635bbb7cd4802e4a007f9c9f4e59?s=96&d=mm&r=g","caption":"viktorwallen"},"url":"https:\/\/lararkarriar.se\/grundskola\/author\/viktorwallen\/"}]}},"_links":{"self":[{"href":"https:\/\/lararkarriar.se\/grundskola\/wp-json\/wp\/v2\/posts\/6903","targetHints":{"allow":["GET"]}}],"collection":[{"href":"https:\/\/lararkarriar.se\/grundskola\/wp-json\/wp\/v2\/posts"}],"about":[{"href":"https:\/\/lararkarriar.se\/grundskola\/wp-json\/wp\/v2\/types\/post"}],"author":[{"embeddable":true,"href":"https:\/\/lararkarriar.se\/grundskola\/wp-json\/wp\/v2\/users\/2"}],"replies":[{"embeddable":true,"href":"https:\/\/lararkarriar.se\/grundskola\/wp-json\/wp\/v2\/comments?post=6903"}],"version-history":[{"count":3,"href":"https:\/\/lararkarriar.se\/grundskola\/wp-json\/wp\/v2\/posts\/6903\/revisions"}],"predecessor-version":[{"id":7091,"href":"https:\/\/lararkarriar.se\/grundskola\/wp-json\/wp\/v2\/posts\/6903\/revisions\/7091"}],"wp:featuredmedia":[{"embeddable":true,"href":"https:\/\/lararkarriar.se\/grundskola\/wp-json\/wp\/v2\/media\/6905"}],"wp:attachment":[{"href":"https:\/\/lararkarriar.se\/grundskola\/wp-json\/wp\/v2\/media?parent=6903"}],"wp:term":[{"taxonomy":"category","embeddable":true,"href":"https:\/\/lararkarriar.se\/grundskola\/wp-json\/wp\/v2\/categories?post=6903"},{"taxonomy":"post_tag","embeddable":true,"href":"https:\/\/lararkarriar.se\/grundskola\/wp-json\/wp\/v2\/tags?post=6903"}],"curies":[{"name":"wp","href":"https:\/\/api.w.org\/{rel}","templated":true}]}}