{"id":6984,"date":"2020-02-11T11:00:32","date_gmt":"2020-02-11T11:00:32","guid":{"rendered":"https:\/\/lararkarriar.se\/grundskola\/?p=6936"},"modified":"2020-11-10T11:34:43","modified_gmt":"2020-11-10T11:34:43","slug":"kompetensutveckling-for-dig-inom-forskola-och-skola","status":"publish","type":"post","link":"https:\/\/lararkarriar.se\/grundskola\/2020\/02\/11\/kompetensutveckling-for-dig-inom-forskola-och-skola\/","title":{"rendered":"Kompetensutveckling f\u00f6r dig inom f\u00f6rskola och skola"},"content":{"rendered":"\n<figure class=\"wp-block-image alignnone size-full wp-image-6938\"><img loading=\"lazy\" decoding=\"async\" width=\"914\" height=\"510\" src=\"https:\/\/lararkarriar.se\/grundskola\/wp-content\/uploads\/sites\/12\/2020\/02\/bild-2.png\" alt=\"&quot;F\u00f6rel\u00e4sare med ett otroligt engagemang. Learning by doing. Fantastiskt pedagogiskt. Jag har aldrig varit p\u00e5 n\u00e5got b\u00e4ttre. Eivi Karlberg Parkskolan, Laholm, om workshop i kooperativt l\u00e4rande.\" class=\"wp-image-6938\" srcset=\"https:\/\/lararkarriar.se\/grundskola\/wp-content\/uploads\/sites\/12\/2020\/02\/bild-2.png 914w, https:\/\/lararkarriar.se\/grundskola\/wp-content\/uploads\/sites\/12\/2020\/02\/bild-2-300x167.png 300w, https:\/\/lararkarriar.se\/grundskola\/wp-content\/uploads\/sites\/12\/2020\/02\/bild-2-768x429.png 768w, https:\/\/lararkarriar.se\/grundskola\/wp-content\/uploads\/sites\/12\/2020\/02\/bild-2-287x160.png 287w, https:\/\/lararkarriar.se\/grundskola\/wp-content\/uploads\/sites\/12\/2020\/02\/bild-2-80x45.png 80w, https:\/\/lararkarriar.se\/grundskola\/wp-content\/uploads\/sites\/12\/2020\/02\/bild-2-526x294.png 526w, https:\/\/lararkarriar.se\/grundskola\/wp-content\/uploads\/sites\/12\/2020\/02\/bild-2-720x402.png 720w\" sizes=\"auto, (max-width: 914px) 100vw, 914px\" \/><figcaption>&#8221;F\u00f6rel\u00e4sare med ett otroligt engagemang. Learning by doing. Fantastiskt pedagogiskt. Jag har aldrig varit p\u00e5 n\u00e5got b\u00e4ttre.&#8221; Eivi Karlberg Parkskolan, Laholm, om workshop i kooperativt l\u00e4rande.<\/figcaption><\/figure>\n\n\n\n<p><strong>Unika uppl\u00e4gg f\u00f6r varje verksamhet \u2013 kompetensutveckling som g\u00f6r skillnad<\/strong><\/p>\n\n\n\n<p>Studentlitteratur st\u00f6ttar er fortsatta kompetensutveckling genom unika utbildningsuppl\u00e4gg. Tillsammans med er och v\u00e5ra f\u00f6rel\u00e4sare kombinerar vi utbildning och litteratur efter era specifika behov. Utbildning kan vara handledning p\u00e5 individ- och gruppniv\u00e5, f\u00f6rel\u00e4sning eller workshop och kan omfatta allt fr\u00e5n enstaka tillf\u00e4llen till l\u00e4ngre utbildningsinsatser.<\/p>\n\n\n\n<p>Mer information om workshoppen i kooperativt l\u00e4rande och hela v\u00e5rt kompetensutvecklingserbjudande hittar du p\u00e5: <strong><a title=\"Studentlitteratur annons l\u00e4s mer\" href=\"https:\/\/www.studentlitteratur.se\/#utbildning\" target=\"_blank\" rel=\"noopener noreferrer\">studentlitteratur.se\/utbildning<\/a><\/strong><\/p>\n\n\n\n<div class=\"wp-block-group has-color-gray-01-background-color has-background\"><div class=\"wp-block-group__inner-container is-layout-flow wp-block-group-is-layout-flow\">\n<h3 class=\"wp-block-heading\">Kontakta oss f\u00f6r diskussion om hur er utbildning kan se ut<\/h3>\n\n\n\n<p><strong>Leif Lundgren<\/strong><br>Utbildningsr\u00e5dgivare<br>046-31 23 23<br><em><a title=\"Studentlitteratur annons mail leif\" href=\"mailto:leif.lundgren@studentlitteratur.se\">leif.lundgren@studentlitteratur.se<\/a><\/em><br><br><strong>Anton Stifors<\/strong><br>Utbildningsr\u00e5dgivare<br>046-312369<br><em><a title=\"Studentlitteratur annons mail Anton\" href=\"mailto:anton.stifors@studentlittertur.se\">anton.stifors@studentlittertur.se<\/a><\/em><\/p>\n<\/div><\/div>\n","protected":false},"excerpt":{"rendered":"<p>Unika uppl\u00e4gg f\u00f6r varje verksamhet \u2013 kompetensutveckling som g\u00f6r skillnad<\/p>\n","protected":false},"author":2,"featured_media":6938,"comment_status":"closed","ping_status":"open","sticky":false,"template":"","format":"standard","meta":{"_acf_changed":false,"_monsterinsights_skip_tracking":false,"_monsterinsights_sitenote_active":false,"_monsterinsights_sitenote_note":"","_monsterinsights_sitenote_category":0,"footnotes":""},"categories":[448],"tags":[15,213,371],"class_list":["post-6984","post","type-post","status-publish","format-standard","has-post-thumbnail","hentry","category-annons","tag-annons","tag-laromedel","tag-studentlitteratur"],"acf":[],"yoast_head":"<!-- This site is optimized with the Yoast SEO plugin v27.3 - https:\/\/yoast.com\/product\/yoast-seo-wordpress\/ -->\n<title>Kompetensutveckling f\u00f6r dig inom f\u00f6rskola och skola - Framtidens Karri\u00e4r \u2013 Grundskolel\u00e4rare<\/title>\n<meta name=\"robots\" content=\"index, follow, max-snippet:-1, max-image-preview:large, max-video-preview:-1\" \/>\n<link rel=\"canonical\" href=\"https:\/\/lararkarriar.se\/grundskola\/2020\/02\/11\/kompetensutveckling-for-dig-inom-forskola-och-skola\/\" \/>\n<meta property=\"og:locale\" content=\"sv_SE\" \/>\n<meta property=\"og:type\" content=\"article\" \/>\n<meta property=\"og:title\" content=\"Kompetensutveckling f\u00f6r dig inom f\u00f6rskola och skola - Framtidens Karri\u00e4r \u2013 Grundskolel\u00e4rare\" \/>\n<meta property=\"og:description\" content=\"Unika uppl\u00e4gg f\u00f6r varje verksamhet \u2013 kompetensutveckling som g\u00f6r skillnad\" \/>\n<meta property=\"og:url\" content=\"https:\/\/lararkarriar.se\/grundskola\/2020\/02\/11\/kompetensutveckling-for-dig-inom-forskola-och-skola\/\" \/>\n<meta property=\"og:site_name\" content=\"Framtidens Karri\u00e4r \u2013 Grundskolel\u00e4rare\" \/>\n<meta property=\"article:published_time\" content=\"2020-02-11T11:00:32+00:00\" \/>\n<meta property=\"article:modified_time\" content=\"2020-11-10T11:34:43+00:00\" \/>\n<meta property=\"og:image\" content=\"https:\/\/lararkarriar.se\/grundskola\/wp-content\/uploads\/sites\/12\/2020\/02\/bild-2.png\" \/>\n\t<meta property=\"og:image:width\" content=\"914\" \/>\n\t<meta property=\"og:image:height\" content=\"510\" \/>\n\t<meta property=\"og:image:type\" content=\"image\/png\" \/>\n<meta name=\"author\" content=\"viktorwallen\" \/>\n<meta name=\"twitter:card\" content=\"summary_large_image\" \/>\n<meta name=\"twitter:label1\" content=\"Skriven av\" \/>\n\t<meta name=\"twitter:data1\" content=\"viktorwallen\" \/>\n\t<meta name=\"twitter:label2\" content=\"Ber\u00e4knad l\u00e4stid\" \/>\n\t<meta name=\"twitter:data2\" content=\"1 minut\" \/>\n<script type=\"application\/ld+json\" class=\"yoast-schema-graph\">{\"@context\":\"https:\\\/\\\/schema.org\",\"@graph\":[{\"@type\":\"Article\",\"@id\":\"https:\\\/\\\/lararkarriar.se\\\/grundskola\\\/2020\\\/02\\\/11\\\/kompetensutveckling-for-dig-inom-forskola-och-skola\\\/#article\",\"isPartOf\":{\"@id\":\"https:\\\/\\\/lararkarriar.se\\\/grundskola\\\/2020\\\/02\\\/11\\\/kompetensutveckling-for-dig-inom-forskola-och-skola\\\/\"},\"author\":{\"name\":\"viktorwallen\",\"@id\":\"https:\\\/\\\/lararkarriar.se\\\/grundskola\\\/#\\\/schema\\\/person\\\/2a13a849ec7646386c2211f59afe3083\"},\"headline\":\"Kompetensutveckling f\u00f6r dig inom f\u00f6rskola och skola\",\"datePublished\":\"2020-02-11T11:00:32+00:00\",\"dateModified\":\"2020-11-10T11:34:43+00:00\",\"mainEntityOfPage\":{\"@id\":\"https:\\\/\\\/lararkarriar.se\\\/grundskola\\\/2020\\\/02\\\/11\\\/kompetensutveckling-for-dig-inom-forskola-och-skola\\\/\"},\"wordCount\":155,\"image\":{\"@id\":\"https:\\\/\\\/lararkarriar.se\\\/grundskola\\\/2020\\\/02\\\/11\\\/kompetensutveckling-for-dig-inom-forskola-och-skola\\\/#primaryimage\"},\"thumbnailUrl\":\"https:\\\/\\\/lararkarriar.se\\\/grundskola\\\/wp-content\\\/uploads\\\/sites\\\/12\\\/2020\\\/02\\\/bild-2.png\",\"keywords\":[\"Annons\",\"L\u00e4romedel\",\"Studentlitteratur\"],\"articleSection\":[\"Annons\"],\"inLanguage\":\"sv-SE\"},{\"@type\":\"WebPage\",\"@id\":\"https:\\\/\\\/lararkarriar.se\\\/grundskola\\\/2020\\\/02\\\/11\\\/kompetensutveckling-for-dig-inom-forskola-och-skola\\\/\",\"url\":\"https:\\\/\\\/lararkarriar.se\\\/grundskola\\\/2020\\\/02\\\/11\\\/kompetensutveckling-for-dig-inom-forskola-och-skola\\\/\",\"name\":\"Kompetensutveckling f\u00f6r dig inom f\u00f6rskola och skola - Framtidens Karri\u00e4r \u2013 Grundskolel\u00e4rare\",\"isPartOf\":{\"@id\":\"https:\\\/\\\/lararkarriar.se\\\/grundskola\\\/#website\"},\"primaryImageOfPage\":{\"@id\":\"https:\\\/\\\/lararkarriar.se\\\/grundskola\\\/2020\\\/02\\\/11\\\/kompetensutveckling-for-dig-inom-forskola-och-skola\\\/#primaryimage\"},\"image\":{\"@id\":\"https:\\\/\\\/lararkarriar.se\\\/grundskola\\\/2020\\\/02\\\/11\\\/kompetensutveckling-for-dig-inom-forskola-och-skola\\\/#primaryimage\"},\"thumbnailUrl\":\"https:\\\/\\\/lararkarriar.se\\\/grundskola\\\/wp-content\\\/uploads\\\/sites\\\/12\\\/2020\\\/02\\\/bild-2.png\",\"datePublished\":\"2020-02-11T11:00:32+00:00\",\"dateModified\":\"2020-11-10T11:34:43+00:00\",\"author\":{\"@id\":\"https:\\\/\\\/lararkarriar.se\\\/grundskola\\\/#\\\/schema\\\/person\\\/2a13a849ec7646386c2211f59afe3083\"},\"breadcrumb\":{\"@id\":\"https:\\\/\\\/lararkarriar.se\\\/grundskola\\\/2020\\\/02\\\/11\\\/kompetensutveckling-for-dig-inom-forskola-och-skola\\\/#breadcrumb\"},\"inLanguage\":\"sv-SE\",\"potentialAction\":[{\"@type\":\"ReadAction\",\"target\":[\"https:\\\/\\\/lararkarriar.se\\\/grundskola\\\/2020\\\/02\\\/11\\\/kompetensutveckling-for-dig-inom-forskola-och-skola\\\/\"]}]},{\"@type\":\"ImageObject\",\"inLanguage\":\"sv-SE\",\"@id\":\"https:\\\/\\\/lararkarriar.se\\\/grundskola\\\/2020\\\/02\\\/11\\\/kompetensutveckling-for-dig-inom-forskola-och-skola\\\/#primaryimage\",\"url\":\"https:\\\/\\\/lararkarriar.se\\\/grundskola\\\/wp-content\\\/uploads\\\/sites\\\/12\\\/2020\\\/02\\\/bild-2.png\",\"contentUrl\":\"https:\\\/\\\/lararkarriar.se\\\/grundskola\\\/wp-content\\\/uploads\\\/sites\\\/12\\\/2020\\\/02\\\/bild-2.png\",\"width\":914,\"height\":510,\"caption\":\"\\\"F\u00f6rel\u00e4sare med ett otroligt engagemang. Learning by doing. Fantastiskt pedagogiskt. Jag har aldrig varit p\u00e5 n\u00e5got b\u00e4ttre.\\\" Eivi Karlberg Parkskolan, Laholm, om workshop i kooperativt l\u00e4rande.\"},{\"@type\":\"BreadcrumbList\",\"@id\":\"https:\\\/\\\/lararkarriar.se\\\/grundskola\\\/2020\\\/02\\\/11\\\/kompetensutveckling-for-dig-inom-forskola-och-skola\\\/#breadcrumb\",\"itemListElement\":[{\"@type\":\"ListItem\",\"position\":1,\"name\":\"Home\",\"item\":\"https:\\\/\\\/lararkarriar.se\\\/grundskola\\\/\"},{\"@type\":\"ListItem\",\"position\":2,\"name\":\"Kompetensutveckling f\u00f6r dig inom f\u00f6rskola och skola\"}]},{\"@type\":\"WebSite\",\"@id\":\"https:\\\/\\\/lararkarriar.se\\\/grundskola\\\/#website\",\"url\":\"https:\\\/\\\/lararkarriar.se\\\/grundskola\\\/\",\"name\":\"Framtidens Karri\u00e4r \u2013 Grundskolel\u00e4rare\",\"description\":\"Just another NMDashboard.se Sites site\",\"potentialAction\":[{\"@type\":\"SearchAction\",\"target\":{\"@type\":\"EntryPoint\",\"urlTemplate\":\"https:\\\/\\\/lararkarriar.se\\\/grundskola\\\/?s={search_term_string}\"},\"query-input\":{\"@type\":\"PropertyValueSpecification\",\"valueRequired\":true,\"valueName\":\"search_term_string\"}}],\"inLanguage\":\"sv-SE\"},{\"@type\":\"Person\",\"@id\":\"https:\\\/\\\/lararkarriar.se\\\/grundskola\\\/#\\\/schema\\\/person\\\/2a13a849ec7646386c2211f59afe3083\",\"name\":\"viktorwallen\",\"image\":{\"@type\":\"ImageObject\",\"inLanguage\":\"sv-SE\",\"@id\":\"https:\\\/\\\/secure.gravatar.com\\\/avatar\\\/701701bd36169636031933997c8c6b954f2f635bbb7cd4802e4a007f9c9f4e59?s=96&d=mm&r=g\",\"url\":\"https:\\\/\\\/secure.gravatar.com\\\/avatar\\\/701701bd36169636031933997c8c6b954f2f635bbb7cd4802e4a007f9c9f4e59?s=96&d=mm&r=g\",\"contentUrl\":\"https:\\\/\\\/secure.gravatar.com\\\/avatar\\\/701701bd36169636031933997c8c6b954f2f635bbb7cd4802e4a007f9c9f4e59?s=96&d=mm&r=g\",\"caption\":\"viktorwallen\"},\"url\":\"https:\\\/\\\/lararkarriar.se\\\/grundskola\\\/author\\\/viktorwallen\\\/\"}]}<\/script>\n<!-- \/ Yoast SEO plugin. -->","yoast_head_json":{"title":"Kompetensutveckling f\u00f6r dig inom f\u00f6rskola och skola - Framtidens Karri\u00e4r \u2013 Grundskolel\u00e4rare","robots":{"index":"index","follow":"follow","max-snippet":"max-snippet:-1","max-image-preview":"max-image-preview:large","max-video-preview":"max-video-preview:-1"},"canonical":"https:\/\/lararkarriar.se\/grundskola\/2020\/02\/11\/kompetensutveckling-for-dig-inom-forskola-och-skola\/","og_locale":"sv_SE","og_type":"article","og_title":"Kompetensutveckling f\u00f6r dig inom f\u00f6rskola och skola - Framtidens Karri\u00e4r \u2013 Grundskolel\u00e4rare","og_description":"Unika uppl\u00e4gg f\u00f6r varje verksamhet \u2013 kompetensutveckling som g\u00f6r skillnad","og_url":"https:\/\/lararkarriar.se\/grundskola\/2020\/02\/11\/kompetensutveckling-for-dig-inom-forskola-och-skola\/","og_site_name":"Framtidens Karri\u00e4r \u2013 Grundskolel\u00e4rare","article_published_time":"2020-02-11T11:00:32+00:00","article_modified_time":"2020-11-10T11:34:43+00:00","og_image":[{"width":914,"height":510,"url":"https:\/\/lararkarriar.se\/grundskola\/wp-content\/uploads\/sites\/12\/2020\/02\/bild-2.png","type":"image\/png"}],"author":"viktorwallen","twitter_card":"summary_large_image","twitter_misc":{"Skriven av":"viktorwallen","Ber\u00e4knad l\u00e4stid":"1 minut"},"schema":{"@context":"https:\/\/schema.org","@graph":[{"@type":"Article","@id":"https:\/\/lararkarriar.se\/grundskola\/2020\/02\/11\/kompetensutveckling-for-dig-inom-forskola-och-skola\/#article","isPartOf":{"@id":"https:\/\/lararkarriar.se\/grundskola\/2020\/02\/11\/kompetensutveckling-for-dig-inom-forskola-och-skola\/"},"author":{"name":"viktorwallen","@id":"https:\/\/lararkarriar.se\/grundskola\/#\/schema\/person\/2a13a849ec7646386c2211f59afe3083"},"headline":"Kompetensutveckling f\u00f6r dig inom f\u00f6rskola och skola","datePublished":"2020-02-11T11:00:32+00:00","dateModified":"2020-11-10T11:34:43+00:00","mainEntityOfPage":{"@id":"https:\/\/lararkarriar.se\/grundskola\/2020\/02\/11\/kompetensutveckling-for-dig-inom-forskola-och-skola\/"},"wordCount":155,"image":{"@id":"https:\/\/lararkarriar.se\/grundskola\/2020\/02\/11\/kompetensutveckling-for-dig-inom-forskola-och-skola\/#primaryimage"},"thumbnailUrl":"https:\/\/lararkarriar.se\/grundskola\/wp-content\/uploads\/sites\/12\/2020\/02\/bild-2.png","keywords":["Annons","L\u00e4romedel","Studentlitteratur"],"articleSection":["Annons"],"inLanguage":"sv-SE"},{"@type":"WebPage","@id":"https:\/\/lararkarriar.se\/grundskola\/2020\/02\/11\/kompetensutveckling-for-dig-inom-forskola-och-skola\/","url":"https:\/\/lararkarriar.se\/grundskola\/2020\/02\/11\/kompetensutveckling-for-dig-inom-forskola-och-skola\/","name":"Kompetensutveckling f\u00f6r dig inom f\u00f6rskola och skola - Framtidens Karri\u00e4r \u2013 Grundskolel\u00e4rare","isPartOf":{"@id":"https:\/\/lararkarriar.se\/grundskola\/#website"},"primaryImageOfPage":{"@id":"https:\/\/lararkarriar.se\/grundskola\/2020\/02\/11\/kompetensutveckling-for-dig-inom-forskola-och-skola\/#primaryimage"},"image":{"@id":"https:\/\/lararkarriar.se\/grundskola\/2020\/02\/11\/kompetensutveckling-for-dig-inom-forskola-och-skola\/#primaryimage"},"thumbnailUrl":"https:\/\/lararkarriar.se\/grundskola\/wp-content\/uploads\/sites\/12\/2020\/02\/bild-2.png","datePublished":"2020-02-11T11:00:32+00:00","dateModified":"2020-11-10T11:34:43+00:00","author":{"@id":"https:\/\/lararkarriar.se\/grundskola\/#\/schema\/person\/2a13a849ec7646386c2211f59afe3083"},"breadcrumb":{"@id":"https:\/\/lararkarriar.se\/grundskola\/2020\/02\/11\/kompetensutveckling-for-dig-inom-forskola-och-skola\/#breadcrumb"},"inLanguage":"sv-SE","potentialAction":[{"@type":"ReadAction","target":["https:\/\/lararkarriar.se\/grundskola\/2020\/02\/11\/kompetensutveckling-for-dig-inom-forskola-och-skola\/"]}]},{"@type":"ImageObject","inLanguage":"sv-SE","@id":"https:\/\/lararkarriar.se\/grundskola\/2020\/02\/11\/kompetensutveckling-for-dig-inom-forskola-och-skola\/#primaryimage","url":"https:\/\/lararkarriar.se\/grundskola\/wp-content\/uploads\/sites\/12\/2020\/02\/bild-2.png","contentUrl":"https:\/\/lararkarriar.se\/grundskola\/wp-content\/uploads\/sites\/12\/2020\/02\/bild-2.png","width":914,"height":510,"caption":"\"F\u00f6rel\u00e4sare med ett otroligt engagemang. Learning by doing. Fantastiskt pedagogiskt. Jag har aldrig varit p\u00e5 n\u00e5got b\u00e4ttre.\" Eivi Karlberg Parkskolan, Laholm, om workshop i kooperativt l\u00e4rande."},{"@type":"BreadcrumbList","@id":"https:\/\/lararkarriar.se\/grundskola\/2020\/02\/11\/kompetensutveckling-for-dig-inom-forskola-och-skola\/#breadcrumb","itemListElement":[{"@type":"ListItem","position":1,"name":"Home","item":"https:\/\/lararkarriar.se\/grundskola\/"},{"@type":"ListItem","position":2,"name":"Kompetensutveckling f\u00f6r dig inom f\u00f6rskola och skola"}]},{"@type":"WebSite","@id":"https:\/\/lararkarriar.se\/grundskola\/#website","url":"https:\/\/lararkarriar.se\/grundskola\/","name":"Framtidens Karri\u00e4r \u2013 Grundskolel\u00e4rare","description":"Just another NMDashboard.se Sites site","potentialAction":[{"@type":"SearchAction","target":{"@type":"EntryPoint","urlTemplate":"https:\/\/lararkarriar.se\/grundskola\/?s={search_term_string}"},"query-input":{"@type":"PropertyValueSpecification","valueRequired":true,"valueName":"search_term_string"}}],"inLanguage":"sv-SE"},{"@type":"Person","@id":"https:\/\/lararkarriar.se\/grundskola\/#\/schema\/person\/2a13a849ec7646386c2211f59afe3083","name":"viktorwallen","image":{"@type":"ImageObject","inLanguage":"sv-SE","@id":"https:\/\/secure.gravatar.com\/avatar\/701701bd36169636031933997c8c6b954f2f635bbb7cd4802e4a007f9c9f4e59?s=96&d=mm&r=g","url":"https:\/\/secure.gravatar.com\/avatar\/701701bd36169636031933997c8c6b954f2f635bbb7cd4802e4a007f9c9f4e59?s=96&d=mm&r=g","contentUrl":"https:\/\/secure.gravatar.com\/avatar\/701701bd36169636031933997c8c6b954f2f635bbb7cd4802e4a007f9c9f4e59?s=96&d=mm&r=g","caption":"viktorwallen"},"url":"https:\/\/lararkarriar.se\/grundskola\/author\/viktorwallen\/"}]}},"_links":{"self":[{"href":"https:\/\/lararkarriar.se\/grundskola\/wp-json\/wp\/v2\/posts\/6984","targetHints":{"allow":["GET"]}}],"collection":[{"href":"https:\/\/lararkarriar.se\/grundskola\/wp-json\/wp\/v2\/posts"}],"about":[{"href":"https:\/\/lararkarriar.se\/grundskola\/wp-json\/wp\/v2\/types\/post"}],"author":[{"embeddable":true,"href":"https:\/\/lararkarriar.se\/grundskola\/wp-json\/wp\/v2\/users\/2"}],"replies":[{"embeddable":true,"href":"https:\/\/lararkarriar.se\/grundskola\/wp-json\/wp\/v2\/comments?post=6984"}],"version-history":[{"count":3,"href":"https:\/\/lararkarriar.se\/grundskola\/wp-json\/wp\/v2\/posts\/6984\/revisions"}],"predecessor-version":[{"id":7164,"href":"https:\/\/lararkarriar.se\/grundskola\/wp-json\/wp\/v2\/posts\/6984\/revisions\/7164"}],"wp:featuredmedia":[{"embeddable":true,"href":"https:\/\/lararkarriar.se\/grundskola\/wp-json\/wp\/v2\/media\/6938"}],"wp:attachment":[{"href":"https:\/\/lararkarriar.se\/grundskola\/wp-json\/wp\/v2\/media?parent=6984"}],"wp:term":[{"taxonomy":"category","embeddable":true,"href":"https:\/\/lararkarriar.se\/grundskola\/wp-json\/wp\/v2\/categories?post=6984"},{"taxonomy":"post_tag","embeddable":true,"href":"https:\/\/lararkarriar.se\/grundskola\/wp-json\/wp\/v2\/tags?post=6984"}],"curies":[{"name":"wp","href":"https:\/\/api.w.org\/{rel}","templated":true}]}}