{"id":7236,"date":"2021-10-12T12:23:17","date_gmt":"2021-10-12T12:23:17","guid":{"rendered":"https:\/\/lararkarriar.se\/grundskola\/?p=7236"},"modified":"2021-10-12T14:51:56","modified_gmt":"2021-10-12T14:51:56","slug":"redo-att-ta-nasta-steg-med-organisationen","status":"publish","type":"post","link":"https:\/\/lararkarriar.se\/grundskola\/2021\/10\/12\/redo-att-ta-nasta-steg-med-organisationen\/","title":{"rendered":"Vi digitaliserar l\u00e4randet i skolan"},"content":{"rendered":"\n<figure class=\"wp-block-image size-large\"><img loading=\"lazy\" decoding=\"async\" width=\"1024\" height=\"576\" src=\"https:\/\/lararkarriar.se\/grundskola\/wp-content\/uploads\/sites\/12\/2021\/09\/vag-skog-ima192778-1920x1080-1-1024x576.jpg\" alt=\"\" class=\"wp-image-7237\" srcset=\"https:\/\/lararkarriar.se\/grundskola\/wp-content\/uploads\/sites\/12\/2021\/09\/vag-skog-ima192778-1920x1080-1-1024x576.jpg 1024w, https:\/\/lararkarriar.se\/grundskola\/wp-content\/uploads\/sites\/12\/2021\/09\/vag-skog-ima192778-1920x1080-1-300x169.jpg 300w, https:\/\/lararkarriar.se\/grundskola\/wp-content\/uploads\/sites\/12\/2021\/09\/vag-skog-ima192778-1920x1080-1-768x432.jpg 768w, https:\/\/lararkarriar.se\/grundskola\/wp-content\/uploads\/sites\/12\/2021\/09\/vag-skog-ima192778-1920x1080-1-1536x864.jpg 1536w, https:\/\/lararkarriar.se\/grundskola\/wp-content\/uploads\/sites\/12\/2021\/09\/vag-skog-ima192778-1920x1080-1-284x160.jpg 284w, https:\/\/lararkarriar.se\/grundskola\/wp-content\/uploads\/sites\/12\/2021\/09\/vag-skog-ima192778-1920x1080-1-80x45.jpg 80w, https:\/\/lararkarriar.se\/grundskola\/wp-content\/uploads\/sites\/12\/2021\/09\/vag-skog-ima192778-1920x1080-1-720x405.jpg 720w, https:\/\/lararkarriar.se\/grundskola\/wp-content\/uploads\/sites\/12\/2021\/09\/vag-skog-ima192778-1920x1080-1-960x540.jpg 960w, https:\/\/lararkarriar.se\/grundskola\/wp-content\/uploads\/sites\/12\/2021\/09\/vag-skog-ima192778-1920x1080-1-1600x900.jpg 1600w, https:\/\/lararkarriar.se\/grundskola\/wp-content\/uploads\/sites\/12\/2021\/09\/vag-skog-ima192778-1920x1080-1-526x296.jpg 526w, https:\/\/lararkarriar.se\/grundskola\/wp-content\/uploads\/sites\/12\/2021\/09\/vag-skog-ima192778-1920x1080-1-1140x641.jpg 1140w, https:\/\/lararkarriar.se\/grundskola\/wp-content\/uploads\/sites\/12\/2021\/09\/vag-skog-ima192778-1920x1080-1.jpg 1920w\" sizes=\"auto, (max-width: 1024px) 100vw, 1024px\" \/><\/figure>\n\n\n\n<p><strong>Redo att ta n\u00e4sta steg med organisationen?<\/strong><br><br>Tillsammans utvecklar vi l\u00e4randet i svensk skola genom datastyrda och dynamiska processer.\u00a0<br><br>Vi g\u00f6r ert digitala liv enkelt och h\u00e5llbart.<\/p>\n\n\n\n<p><strong><a href=\"https:\/\/www.foxway.com\/sv\/vara-tjanster\/offentlig-sektor-se\/\" title=\"Foxway HT21 annons l\u00e4s mer\" target=\"_blank\" rel=\"noreferrer noopener\">Klicka h\u00e4r f\u00f6r att l\u00e4sa mer<\/a><\/strong><\/p>\n\n\n\n<div class=\"wp-block-group faktaruta has-color-white-01-background-color has-background\"><div class=\"wp-block-group__inner-container is-layout-flow wp-block-group-is-layout-flow\">\n<h6 class=\"wp-block-heading\">Foxway<\/h6>\n\n\n\n<p>Foxway har arbetat med digitalisering av svensk skola i n\u00e4rmare 15 \u00e5r. V\u00e5r vision \u00e4r att g\u00f6ra det digitala livet enkelt och h\u00e5llbart, b\u00e5de inom offentlig och privat sektor. Vi l\u00f6ser era IT-tj\u00e4nster s\u00e5 att ni kan fokusera p\u00e5 det ni \u00e4r b\u00e4st p\u00e5. Vi utg\u00f6r \u00e4ven ett st\u00f6d i pedagogiska processer som tar er till n\u00e4sta niv\u00e5. Med 800 anst\u00e4llda \u00e4r v\u00e5r ambition att bli ledande i Europa f\u00f6r h\u00e5llbara IT-tj\u00e4nster och \u00e5tervinning av elektronik. V\u00e5r unika, h\u00e5llbara och cirkul\u00e4ra aff\u00e4rsmodell hj\u00e4lper fler m\u00e4nniskor att fatta kloka beslut som p\u00e5verkar framtida generationers liv.<br><br>V\u00e4lkommen att kontakta oss p\u00e5&nbsp;<a title=\"Foxway HT21 annons mail\" href=\"https:\/\/eur03.safelinks.protection.outlook.com\/?url=http%3A%2F%2Fwww.foxway.com%2Fsv%2Fkontakt%2F&amp;data=04%7C01%7Cannica.andersson%40foxway.com%7C12b52c719d924b65969808d977674470%7C6deb5cf9212c4078b5abad31ccf63d58%7C0%7C0%7C637672107683553126%7CUnknown%7CTWFpbGZsb3d8eyJWIjoiMC4wLjAwMDAiLCJQIjoiV2luMzIiLCJBTiI6Ik1haWwiLCJXVCI6Mn0%3D%7C1000&amp;sdata=tC3zsTmTkMw7xONrHocbPP%2FQfY4TwHONpZgAu%2F8lRpo%3D&amp;reserved=0\" target=\"_blank\" rel=\"noreferrer noopener\"><em>hello@foxway.com<\/em><\/a><br><br><a href=\"https:\/\/www.foxway.com\/sv\/vara-tjanster\/offentlig-sektor-se\/\" title=\"Foxway HT21 annons logotype\" target=\"_blank\" rel=\"noreferrer noopener\"><img loading=\"lazy\" decoding=\"async\" width=\"150\" height=\"32\" class=\"wp-image-7238\" style=\"width: 150px;\" src=\"https:\/\/lararkarriar.se\/grundskola\/wp-content\/uploads\/sites\/12\/2021\/09\/logga-f-l1-p1-rgb.jpg\" alt=\"\" srcset=\"https:\/\/lararkarriar.se\/grundskola\/wp-content\/uploads\/sites\/12\/2021\/09\/logga-f-l1-p1-rgb.jpg 500w, https:\/\/lararkarriar.se\/grundskola\/wp-content\/uploads\/sites\/12\/2021\/09\/logga-f-l1-p1-rgb-300x64.jpg 300w\" sizes=\"auto, (max-width: 150px) 100vw, 150px\" \/><\/a><\/p>\n<\/div><\/div>\n","protected":false},"excerpt":{"rendered":"<p>Tillsammans utvecklar vi l\u00e4randet i svensk skola.<\/p>\n","protected":false},"author":2,"featured_media":7237,"comment_status":"open","ping_status":"open","sticky":false,"template":"","format":"standard","meta":{"_acf_changed":false,"_monsterinsights_skip_tracking":false,"_monsterinsights_sitenote_active":false,"_monsterinsights_sitenote_note":"","_monsterinsights_sitenote_category":0,"footnotes":""},"categories":[448],"tags":[468],"class_list":["post-7236","post","type-post","status-publish","format-standard","has-post-thumbnail","hentry","category-annons","tag-foxway"],"acf":[],"yoast_head":"<!-- This site is optimized with the Yoast SEO plugin v27.3 - https:\/\/yoast.com\/product\/yoast-seo-wordpress\/ -->\n<title>Vi digitaliserar l\u00e4randet i skolan - Framtidens Karri\u00e4r \u2013 Grundskolel\u00e4rare<\/title>\n<meta name=\"robots\" content=\"index, follow, max-snippet:-1, max-image-preview:large, max-video-preview:-1\" \/>\n<link rel=\"canonical\" href=\"https:\/\/lararkarriar.se\/grundskola\/2021\/10\/12\/redo-att-ta-nasta-steg-med-organisationen\/\" \/>\n<meta property=\"og:locale\" content=\"sv_SE\" \/>\n<meta property=\"og:type\" content=\"article\" \/>\n<meta property=\"og:title\" content=\"Vi digitaliserar l\u00e4randet i skolan - Framtidens Karri\u00e4r \u2013 Grundskolel\u00e4rare\" \/>\n<meta property=\"og:description\" content=\"Tillsammans utvecklar vi l\u00e4randet i svensk skola.\" \/>\n<meta property=\"og:url\" content=\"https:\/\/lararkarriar.se\/grundskola\/2021\/10\/12\/redo-att-ta-nasta-steg-med-organisationen\/\" \/>\n<meta property=\"og:site_name\" content=\"Framtidens Karri\u00e4r \u2013 Grundskolel\u00e4rare\" \/>\n<meta property=\"article:published_time\" content=\"2021-10-12T12:23:17+00:00\" \/>\n<meta property=\"article:modified_time\" content=\"2021-10-12T14:51:56+00:00\" \/>\n<meta property=\"og:image\" content=\"https:\/\/lararkarriar.se\/grundskola\/wp-content\/uploads\/sites\/12\/2021\/09\/vag-skog-ima192778-1920x1080-1.jpg\" \/>\n\t<meta property=\"og:image:width\" content=\"1920\" \/>\n\t<meta property=\"og:image:height\" content=\"1080\" \/>\n\t<meta property=\"og:image:type\" content=\"image\/jpeg\" \/>\n<meta name=\"author\" content=\"viktorwallen\" \/>\n<meta name=\"twitter:card\" content=\"summary_large_image\" \/>\n<meta name=\"twitter:label1\" content=\"Skriven av\" \/>\n\t<meta name=\"twitter:data1\" content=\"viktorwallen\" \/>\n\t<meta name=\"twitter:label2\" content=\"Ber\u00e4knad l\u00e4stid\" \/>\n\t<meta name=\"twitter:data2\" content=\"1 minut\" \/>\n<script type=\"application\/ld+json\" class=\"yoast-schema-graph\">{\"@context\":\"https:\\\/\\\/schema.org\",\"@graph\":[{\"@type\":\"Article\",\"@id\":\"https:\\\/\\\/lararkarriar.se\\\/grundskola\\\/2021\\\/10\\\/12\\\/redo-att-ta-nasta-steg-med-organisationen\\\/#article\",\"isPartOf\":{\"@id\":\"https:\\\/\\\/lararkarriar.se\\\/grundskola\\\/2021\\\/10\\\/12\\\/redo-att-ta-nasta-steg-med-organisationen\\\/\"},\"author\":{\"name\":\"viktorwallen\",\"@id\":\"https:\\\/\\\/lararkarriar.se\\\/grundskola\\\/#\\\/schema\\\/person\\\/2a13a849ec7646386c2211f59afe3083\"},\"headline\":\"Vi digitaliserar l\u00e4randet i skolan\",\"datePublished\":\"2021-10-12T12:23:17+00:00\",\"dateModified\":\"2021-10-12T14:51:56+00:00\",\"mainEntityOfPage\":{\"@id\":\"https:\\\/\\\/lararkarriar.se\\\/grundskola\\\/2021\\\/10\\\/12\\\/redo-att-ta-nasta-steg-med-organisationen\\\/\"},\"wordCount\":172,\"commentCount\":0,\"image\":{\"@id\":\"https:\\\/\\\/lararkarriar.se\\\/grundskola\\\/2021\\\/10\\\/12\\\/redo-att-ta-nasta-steg-med-organisationen\\\/#primaryimage\"},\"thumbnailUrl\":\"https:\\\/\\\/lararkarriar.se\\\/grundskola\\\/wp-content\\\/uploads\\\/sites\\\/12\\\/2021\\\/09\\\/vag-skog-ima192778-1920x1080-1.jpg\",\"keywords\":[\"Foxway\"],\"articleSection\":[\"Annons\"],\"inLanguage\":\"sv-SE\",\"potentialAction\":[{\"@type\":\"CommentAction\",\"name\":\"Comment\",\"target\":[\"https:\\\/\\\/lararkarriar.se\\\/grundskola\\\/2021\\\/10\\\/12\\\/redo-att-ta-nasta-steg-med-organisationen\\\/#respond\"]}]},{\"@type\":\"WebPage\",\"@id\":\"https:\\\/\\\/lararkarriar.se\\\/grundskola\\\/2021\\\/10\\\/12\\\/redo-att-ta-nasta-steg-med-organisationen\\\/\",\"url\":\"https:\\\/\\\/lararkarriar.se\\\/grundskola\\\/2021\\\/10\\\/12\\\/redo-att-ta-nasta-steg-med-organisationen\\\/\",\"name\":\"Vi digitaliserar l\u00e4randet i skolan - Framtidens Karri\u00e4r \u2013 Grundskolel\u00e4rare\",\"isPartOf\":{\"@id\":\"https:\\\/\\\/lararkarriar.se\\\/grundskola\\\/#website\"},\"primaryImageOfPage\":{\"@id\":\"https:\\\/\\\/lararkarriar.se\\\/grundskola\\\/2021\\\/10\\\/12\\\/redo-att-ta-nasta-steg-med-organisationen\\\/#primaryimage\"},\"image\":{\"@id\":\"https:\\\/\\\/lararkarriar.se\\\/grundskola\\\/2021\\\/10\\\/12\\\/redo-att-ta-nasta-steg-med-organisationen\\\/#primaryimage\"},\"thumbnailUrl\":\"https:\\\/\\\/lararkarriar.se\\\/grundskola\\\/wp-content\\\/uploads\\\/sites\\\/12\\\/2021\\\/09\\\/vag-skog-ima192778-1920x1080-1.jpg\",\"datePublished\":\"2021-10-12T12:23:17+00:00\",\"dateModified\":\"2021-10-12T14:51:56+00:00\",\"author\":{\"@id\":\"https:\\\/\\\/lararkarriar.se\\\/grundskola\\\/#\\\/schema\\\/person\\\/2a13a849ec7646386c2211f59afe3083\"},\"breadcrumb\":{\"@id\":\"https:\\\/\\\/lararkarriar.se\\\/grundskola\\\/2021\\\/10\\\/12\\\/redo-att-ta-nasta-steg-med-organisationen\\\/#breadcrumb\"},\"inLanguage\":\"sv-SE\",\"potentialAction\":[{\"@type\":\"ReadAction\",\"target\":[\"https:\\\/\\\/lararkarriar.se\\\/grundskola\\\/2021\\\/10\\\/12\\\/redo-att-ta-nasta-steg-med-organisationen\\\/\"]}]},{\"@type\":\"ImageObject\",\"inLanguage\":\"sv-SE\",\"@id\":\"https:\\\/\\\/lararkarriar.se\\\/grundskola\\\/2021\\\/10\\\/12\\\/redo-att-ta-nasta-steg-med-organisationen\\\/#primaryimage\",\"url\":\"https:\\\/\\\/lararkarriar.se\\\/grundskola\\\/wp-content\\\/uploads\\\/sites\\\/12\\\/2021\\\/09\\\/vag-skog-ima192778-1920x1080-1.jpg\",\"contentUrl\":\"https:\\\/\\\/lararkarriar.se\\\/grundskola\\\/wp-content\\\/uploads\\\/sites\\\/12\\\/2021\\\/09\\\/vag-skog-ima192778-1920x1080-1.jpg\",\"width\":1920,\"height\":1080},{\"@type\":\"BreadcrumbList\",\"@id\":\"https:\\\/\\\/lararkarriar.se\\\/grundskola\\\/2021\\\/10\\\/12\\\/redo-att-ta-nasta-steg-med-organisationen\\\/#breadcrumb\",\"itemListElement\":[{\"@type\":\"ListItem\",\"position\":1,\"name\":\"Home\",\"item\":\"https:\\\/\\\/lararkarriar.se\\\/grundskola\\\/\"},{\"@type\":\"ListItem\",\"position\":2,\"name\":\"Vi digitaliserar l\u00e4randet i skolan\"}]},{\"@type\":\"WebSite\",\"@id\":\"https:\\\/\\\/lararkarriar.se\\\/grundskola\\\/#website\",\"url\":\"https:\\\/\\\/lararkarriar.se\\\/grundskola\\\/\",\"name\":\"Framtidens Karri\u00e4r \u2013 Grundskolel\u00e4rare\",\"description\":\"Just another NMDashboard.se Sites site\",\"potentialAction\":[{\"@type\":\"SearchAction\",\"target\":{\"@type\":\"EntryPoint\",\"urlTemplate\":\"https:\\\/\\\/lararkarriar.se\\\/grundskola\\\/?s={search_term_string}\"},\"query-input\":{\"@type\":\"PropertyValueSpecification\",\"valueRequired\":true,\"valueName\":\"search_term_string\"}}],\"inLanguage\":\"sv-SE\"},{\"@type\":\"Person\",\"@id\":\"https:\\\/\\\/lararkarriar.se\\\/grundskola\\\/#\\\/schema\\\/person\\\/2a13a849ec7646386c2211f59afe3083\",\"name\":\"viktorwallen\",\"image\":{\"@type\":\"ImageObject\",\"inLanguage\":\"sv-SE\",\"@id\":\"https:\\\/\\\/secure.gravatar.com\\\/avatar\\\/701701bd36169636031933997c8c6b954f2f635bbb7cd4802e4a007f9c9f4e59?s=96&d=mm&r=g\",\"url\":\"https:\\\/\\\/secure.gravatar.com\\\/avatar\\\/701701bd36169636031933997c8c6b954f2f635bbb7cd4802e4a007f9c9f4e59?s=96&d=mm&r=g\",\"contentUrl\":\"https:\\\/\\\/secure.gravatar.com\\\/avatar\\\/701701bd36169636031933997c8c6b954f2f635bbb7cd4802e4a007f9c9f4e59?s=96&d=mm&r=g\",\"caption\":\"viktorwallen\"},\"url\":\"https:\\\/\\\/lararkarriar.se\\\/grundskola\\\/author\\\/viktorwallen\\\/\"}]}<\/script>\n<!-- \/ Yoast SEO plugin. -->","yoast_head_json":{"title":"Vi digitaliserar l\u00e4randet i skolan - Framtidens Karri\u00e4r \u2013 Grundskolel\u00e4rare","robots":{"index":"index","follow":"follow","max-snippet":"max-snippet:-1","max-image-preview":"max-image-preview:large","max-video-preview":"max-video-preview:-1"},"canonical":"https:\/\/lararkarriar.se\/grundskola\/2021\/10\/12\/redo-att-ta-nasta-steg-med-organisationen\/","og_locale":"sv_SE","og_type":"article","og_title":"Vi digitaliserar l\u00e4randet i skolan - Framtidens Karri\u00e4r \u2013 Grundskolel\u00e4rare","og_description":"Tillsammans utvecklar vi l\u00e4randet i svensk skola.","og_url":"https:\/\/lararkarriar.se\/grundskola\/2021\/10\/12\/redo-att-ta-nasta-steg-med-organisationen\/","og_site_name":"Framtidens Karri\u00e4r \u2013 Grundskolel\u00e4rare","article_published_time":"2021-10-12T12:23:17+00:00","article_modified_time":"2021-10-12T14:51:56+00:00","og_image":[{"width":1920,"height":1080,"url":"https:\/\/lararkarriar.se\/grundskola\/wp-content\/uploads\/sites\/12\/2021\/09\/vag-skog-ima192778-1920x1080-1.jpg","type":"image\/jpeg"}],"author":"viktorwallen","twitter_card":"summary_large_image","twitter_misc":{"Skriven av":"viktorwallen","Ber\u00e4knad l\u00e4stid":"1 minut"},"schema":{"@context":"https:\/\/schema.org","@graph":[{"@type":"Article","@id":"https:\/\/lararkarriar.se\/grundskola\/2021\/10\/12\/redo-att-ta-nasta-steg-med-organisationen\/#article","isPartOf":{"@id":"https:\/\/lararkarriar.se\/grundskola\/2021\/10\/12\/redo-att-ta-nasta-steg-med-organisationen\/"},"author":{"name":"viktorwallen","@id":"https:\/\/lararkarriar.se\/grundskola\/#\/schema\/person\/2a13a849ec7646386c2211f59afe3083"},"headline":"Vi digitaliserar l\u00e4randet i skolan","datePublished":"2021-10-12T12:23:17+00:00","dateModified":"2021-10-12T14:51:56+00:00","mainEntityOfPage":{"@id":"https:\/\/lararkarriar.se\/grundskola\/2021\/10\/12\/redo-att-ta-nasta-steg-med-organisationen\/"},"wordCount":172,"commentCount":0,"image":{"@id":"https:\/\/lararkarriar.se\/grundskola\/2021\/10\/12\/redo-att-ta-nasta-steg-med-organisationen\/#primaryimage"},"thumbnailUrl":"https:\/\/lararkarriar.se\/grundskola\/wp-content\/uploads\/sites\/12\/2021\/09\/vag-skog-ima192778-1920x1080-1.jpg","keywords":["Foxway"],"articleSection":["Annons"],"inLanguage":"sv-SE","potentialAction":[{"@type":"CommentAction","name":"Comment","target":["https:\/\/lararkarriar.se\/grundskola\/2021\/10\/12\/redo-att-ta-nasta-steg-med-organisationen\/#respond"]}]},{"@type":"WebPage","@id":"https:\/\/lararkarriar.se\/grundskola\/2021\/10\/12\/redo-att-ta-nasta-steg-med-organisationen\/","url":"https:\/\/lararkarriar.se\/grundskola\/2021\/10\/12\/redo-att-ta-nasta-steg-med-organisationen\/","name":"Vi digitaliserar l\u00e4randet i skolan - Framtidens Karri\u00e4r \u2013 Grundskolel\u00e4rare","isPartOf":{"@id":"https:\/\/lararkarriar.se\/grundskola\/#website"},"primaryImageOfPage":{"@id":"https:\/\/lararkarriar.se\/grundskola\/2021\/10\/12\/redo-att-ta-nasta-steg-med-organisationen\/#primaryimage"},"image":{"@id":"https:\/\/lararkarriar.se\/grundskola\/2021\/10\/12\/redo-att-ta-nasta-steg-med-organisationen\/#primaryimage"},"thumbnailUrl":"https:\/\/lararkarriar.se\/grundskola\/wp-content\/uploads\/sites\/12\/2021\/09\/vag-skog-ima192778-1920x1080-1.jpg","datePublished":"2021-10-12T12:23:17+00:00","dateModified":"2021-10-12T14:51:56+00:00","author":{"@id":"https:\/\/lararkarriar.se\/grundskola\/#\/schema\/person\/2a13a849ec7646386c2211f59afe3083"},"breadcrumb":{"@id":"https:\/\/lararkarriar.se\/grundskola\/2021\/10\/12\/redo-att-ta-nasta-steg-med-organisationen\/#breadcrumb"},"inLanguage":"sv-SE","potentialAction":[{"@type":"ReadAction","target":["https:\/\/lararkarriar.se\/grundskola\/2021\/10\/12\/redo-att-ta-nasta-steg-med-organisationen\/"]}]},{"@type":"ImageObject","inLanguage":"sv-SE","@id":"https:\/\/lararkarriar.se\/grundskola\/2021\/10\/12\/redo-att-ta-nasta-steg-med-organisationen\/#primaryimage","url":"https:\/\/lararkarriar.se\/grundskola\/wp-content\/uploads\/sites\/12\/2021\/09\/vag-skog-ima192778-1920x1080-1.jpg","contentUrl":"https:\/\/lararkarriar.se\/grundskola\/wp-content\/uploads\/sites\/12\/2021\/09\/vag-skog-ima192778-1920x1080-1.jpg","width":1920,"height":1080},{"@type":"BreadcrumbList","@id":"https:\/\/lararkarriar.se\/grundskola\/2021\/10\/12\/redo-att-ta-nasta-steg-med-organisationen\/#breadcrumb","itemListElement":[{"@type":"ListItem","position":1,"name":"Home","item":"https:\/\/lararkarriar.se\/grundskola\/"},{"@type":"ListItem","position":2,"name":"Vi digitaliserar l\u00e4randet i skolan"}]},{"@type":"WebSite","@id":"https:\/\/lararkarriar.se\/grundskola\/#website","url":"https:\/\/lararkarriar.se\/grundskola\/","name":"Framtidens Karri\u00e4r \u2013 Grundskolel\u00e4rare","description":"Just another NMDashboard.se Sites site","potentialAction":[{"@type":"SearchAction","target":{"@type":"EntryPoint","urlTemplate":"https:\/\/lararkarriar.se\/grundskola\/?s={search_term_string}"},"query-input":{"@type":"PropertyValueSpecification","valueRequired":true,"valueName":"search_term_string"}}],"inLanguage":"sv-SE"},{"@type":"Person","@id":"https:\/\/lararkarriar.se\/grundskola\/#\/schema\/person\/2a13a849ec7646386c2211f59afe3083","name":"viktorwallen","image":{"@type":"ImageObject","inLanguage":"sv-SE","@id":"https:\/\/secure.gravatar.com\/avatar\/701701bd36169636031933997c8c6b954f2f635bbb7cd4802e4a007f9c9f4e59?s=96&d=mm&r=g","url":"https:\/\/secure.gravatar.com\/avatar\/701701bd36169636031933997c8c6b954f2f635bbb7cd4802e4a007f9c9f4e59?s=96&d=mm&r=g","contentUrl":"https:\/\/secure.gravatar.com\/avatar\/701701bd36169636031933997c8c6b954f2f635bbb7cd4802e4a007f9c9f4e59?s=96&d=mm&r=g","caption":"viktorwallen"},"url":"https:\/\/lararkarriar.se\/grundskola\/author\/viktorwallen\/"}]}},"_links":{"self":[{"href":"https:\/\/lararkarriar.se\/grundskola\/wp-json\/wp\/v2\/posts\/7236","targetHints":{"allow":["GET"]}}],"collection":[{"href":"https:\/\/lararkarriar.se\/grundskola\/wp-json\/wp\/v2\/posts"}],"about":[{"href":"https:\/\/lararkarriar.se\/grundskola\/wp-json\/wp\/v2\/types\/post"}],"author":[{"embeddable":true,"href":"https:\/\/lararkarriar.se\/grundskola\/wp-json\/wp\/v2\/users\/2"}],"replies":[{"embeddable":true,"href":"https:\/\/lararkarriar.se\/grundskola\/wp-json\/wp\/v2\/comments?post=7236"}],"version-history":[{"count":11,"href":"https:\/\/lararkarriar.se\/grundskola\/wp-json\/wp\/v2\/posts\/7236\/revisions"}],"predecessor-version":[{"id":7250,"href":"https:\/\/lararkarriar.se\/grundskola\/wp-json\/wp\/v2\/posts\/7236\/revisions\/7250"}],"wp:featuredmedia":[{"embeddable":true,"href":"https:\/\/lararkarriar.se\/grundskola\/wp-json\/wp\/v2\/media\/7237"}],"wp:attachment":[{"href":"https:\/\/lararkarriar.se\/grundskola\/wp-json\/wp\/v2\/media?parent=7236"}],"wp:term":[{"taxonomy":"category","embeddable":true,"href":"https:\/\/lararkarriar.se\/grundskola\/wp-json\/wp\/v2\/categories?post=7236"},{"taxonomy":"post_tag","embeddable":true,"href":"https:\/\/lararkarriar.se\/grundskola\/wp-json\/wp\/v2\/tags?post=7236"}],"curies":[{"name":"wp","href":"https:\/\/api.w.org\/{rel}","templated":true}]}}