{"id":7280,"date":"2021-10-12T09:10:35","date_gmt":"2021-10-12T09:10:35","guid":{"rendered":"https:\/\/lararkarriar.se\/grundskola\/?p=7280"},"modified":"2022-10-04T14:51:38","modified_gmt":"2022-10-04T14:51:38","slug":"var-med-och-utforma-framtidens-skola-inom-academedia","status":"publish","type":"post","link":"https:\/\/lararkarriar.se\/grundskola\/2021\/10\/12\/var-med-och-utforma-framtidens-skola-inom-academedia\/","title":{"rendered":"Var med och utforma framtidens skola inom AcadeMedia"},"content":{"rendered":"\n<figure class=\"wp-block-image size-full\"><img loading=\"lazy\" decoding=\"async\" width=\"1000\" height=\"495\" src=\"https:\/\/lararkarriar.se\/grundskola\/wp-content\/uploads\/sites\/12\/2021\/10\/academedia-alla.jpg\" alt=\"Sandra Richter, skolchef p\u00e5 Innovitaskolan (Foto: Christopher Schauz), Jessica Mozakka, utbildningsdirekt\u00f6r f\u00f6r Innovitaskolan och Pops Academy (Foto: Christopher Schauz) och Eva-Lotte Stavle, utbildningsdirekt\u00f6r f\u00f6r Noblaskolan och Montessori Mondial.\" class=\"wp-image-7281\" srcset=\"https:\/\/lararkarriar.se\/grundskola\/wp-content\/uploads\/sites\/12\/2021\/10\/academedia-alla.jpg 1000w, https:\/\/lararkarriar.se\/grundskola\/wp-content\/uploads\/sites\/12\/2021\/10\/academedia-alla-300x149.jpg 300w, https:\/\/lararkarriar.se\/grundskola\/wp-content\/uploads\/sites\/12\/2021\/10\/academedia-alla-768x380.jpg 768w, https:\/\/lararkarriar.se\/grundskola\/wp-content\/uploads\/sites\/12\/2021\/10\/academedia-alla-323x160.jpg 323w, https:\/\/lararkarriar.se\/grundskola\/wp-content\/uploads\/sites\/12\/2021\/10\/academedia-alla-526x260.jpg 526w, https:\/\/lararkarriar.se\/grundskola\/wp-content\/uploads\/sites\/12\/2021\/10\/academedia-alla-720x356.jpg 720w, https:\/\/lararkarriar.se\/grundskola\/wp-content\/uploads\/sites\/12\/2021\/10\/academedia-alla-960x475.jpg 960w\" sizes=\"auto, (max-width: 1000px) 100vw, 1000px\" \/><figcaption>Sandra Richter, skolchef p\u00e5 Innovitaskolan (Foto: Christopher Schauz), Jessica Mozakka, utbildningsdirekt\u00f6r f\u00f6r Innovitaskolan och Pops Academy (Foto: Christopher Schauz) och Eva-Lotte Stavle, utbildningsdirekt\u00f6r f\u00f6r Noblaskolan och Montessori Mondial.<\/figcaption><\/figure>\n\n\n\n<p><strong>Inom AcadeMedia finns en m\u00e5ngfald av skolor och inriktningar, som alla delar visionen att f\u00f6r\u00e4ndra och f\u00f6rb\u00e4ttra samh\u00e4llet genom utbildning. Tydliga skolprofiler ska underl\u00e4tta valet av skola. Noblaskolan \u00e4r ett exempel och nu lanseras en helt ny profil \u2013 Innovitaskolan, d\u00e4r digitala verktyg och innovation \u00e4r viktiga delar.<\/strong><\/p>\n\n\n\n<p>AcadeMedia \u00e4r ett av Europas st\u00f6rsta utbildningsf\u00f6retag och verksamt inom f\u00f6rskola, grundskola, gymnasieskola och vuxenutbildning. AcadeMedia har \u00e4ven f\u00f6rskolor i Norge och Tyskland. Totalt har AcadeMedia 76 grundskolor med sex olika inriktningar.<\/p>\n\n\n\n<p class=\"has-color-white-01-color has-text-color has-background\" style=\"background-color:#00404e\"><strong><a href=\"https:\/\/academedia.se\/jobba-hos-oss\/lediga-jobb\/\" title=\"AcadeMedia pres HT21 jobb ans\u00f6k\" target=\"_blank\" rel=\"noreferrer noopener\"><span style=\"text-decoration: underline;\">Jobba med oss p\u00e5 AcadeMedia. Klicka h\u00e4r f\u00f6r att se v\u00e5ra lediga tj\u00e4nster<\/span><\/a><\/strong><\/p>\n\n\n\n<p><strong>Innovitaskolan \u2013 utvecklad i samverkan<\/strong><br>I dagarna lanseras Innovitaskolan, efter ett l\u00e5ngt f\u00f6rberedande arbete i dialog med rektorer och l\u00e4rare. Det \u00e4r de tidigare 28 skolorna inom Pysslingen som f\u00e5r en ny profil, med inriktning mot innovativa undervisningsmetoder som ger eleverna verktyg f\u00f6r att leva och verka i en f\u00f6r\u00e4nderlig framtid. Matematik, teknik, entrepren\u00f6rskap och innovation \u00e4r viktiga delar. Bland annat sker ett samarbete med forskningsinstitutet RISE f\u00f6r att utveckla undervisningen.<br>\u2013 Samh\u00e4llet f\u00f6r\u00e4ndras konstant och vi st\u00e5r inf\u00f6r stora framtidsutmaningar. P\u00e5 Innovitaskolan vill vi g\u00f6ra ny kunskap tillg\u00e4nglig genom nya teknologier, s\u00e5 att v\u00e5ra elever f\u00e5r den kompetens som framtidens samh\u00e4lle kr\u00e4ver. Vi vill ligga i digitaliseringens framkant, ber\u00e4ttar skolchef Sandra Richter, som har en bakgrund som l\u00e4rare och rektor inom s\u00e5v\u00e4l friskola som kommunal skola.<br>Precis som p\u00e5 alla AcadeMedias skolor \u00e4r det livsl\u00e5nga l\u00e4rande i fokus p\u00e5 Innovitaskolan. D\u00e4rf\u00f6r arbetar man med att uppmuntra nyfikenhet, kreativitet och mod att utforska och t\u00e4nka nytt.<br>\u2013 Vi utg\u00e5r ifr\u00e5n EU:s nyckelkompetenser f\u00f6r ett livsl\u00e5ngt l\u00e4rande, som eleverna f\u00e5r m\u00f6jlighet att utveckla hos oss. Det handlar om f\u00f6rdjupade \u00e4mneskunskaper och f\u00f6rm\u00e5gor, s\u00e5 att de n\u00e5r goda studieresultat, men ocks\u00e5 om personlig och social utveckling. Balans \u00e4r avg\u00f6rande f\u00f6r att eleverna ska prestera och m\u00e5 bra. D\u00e4rf\u00f6r \u00e4r r\u00f6relse, stresshantering och avslappning ocks\u00e5 viktiga inslag, ber\u00e4ttar Jessica Mozakka, utbildningsdirekt\u00f6r f\u00f6r Innovitaskolan och i grunden l\u00e4rare i samh\u00e4llskunskap och religionskunskap.<\/p>\n\n\n\n<p><strong>Noblaskolan \u2013 med fokus p\u00e5 studiero<\/strong><br>En grundbult i AcadeMedias filosofi \u00e4r att erbjuda ett antal tydliga men olika skolprofiler, s\u00e5 att b\u00e5de elever och medarbetare kan hitta en skola som passar de egna drivkrafterna. P\u00e5 s\u00e5 s\u00e4tt kan varje enskild elev, men ocks\u00e5 varje medarbetare, utvecklas optimalt och n\u00e5 sin fulla potential. Noblaskolan \u00e4r ett exempel p\u00e5 denna profilering med skolor som utm\u00e4rker sig genom ett fokus p\u00e5 det akademiska arbetet. Eva-Lotte Stavle \u00e4r utbildningsdirekt\u00f6r f\u00f6r Noblaskolan. Hon har tidigare arbetat som l\u00e4rare och rektor och har erfarenhet av flera olika roller inom AcadeMedia, d\u00e4r hon b\u00f6rjade 2008.<br>\u2013 Noblaskolan \u00e4r till f\u00f6r alla elever, inte bara de mest studiemotiverade. Genom att prioritera trygghet och studiero, ha tydliga f\u00f6rv\u00e4ntningar och hj\u00e4lpa elever att l\u00e4ra av eventuella misslyckanden vill vi skapa de b\u00e4sta f\u00f6ruts\u00e4ttningarna f\u00f6r alla v\u00e5ra elever att lyckas. Hundra procent av v\u00e5ra elever ska g\u00e5 vidare till gymnasiet och v\u00e5rt m\u00e5l nu \u00e4r att alla ska komma in p\u00e5 det program de \u00f6nskar, f\u00f6rklarar Eva-Lotte.<\/p>\n\n\n\n<p><strong>L\u00e4rare f\u00e5r vara l\u00e4rare<\/strong><br>M\u00e5ls\u00e4ttningen \u00e4r att alla skolor inom AcadeMedia ska vara likv\u00e4rdiga och h\u00e5lla samma h\u00f6ga kvalitet, men med en m\u00e5ngfald som g\u00f6r att man som l\u00e4rare kan hitta en arbetsplats som matchar individuella intressen och drivkrafter.<br>\u2013 Inom AcadeMedia vill vi leda framtidens utbildning och p\u00e5verka samh\u00e4llsutvecklingen till det b\u00e4ttre. M\u00e5ngfalden och valfriheten g\u00f6r att alla kan hitta r\u00e4tt och bli en del av ett f\u00f6retag d\u00e4r kollegialt l\u00e4rande, sp\u00e4nnande skolutveckling och tilltro till individen \u00e4r b\u00e4rande inslag, s\u00e4ger Jessica.<br>En viktig aspekt \u00e4r att l\u00e4rare ska kunna fokusera just p\u00e5 att vara l\u00e4rare.<br>\u2013 Vi har enormt bra st\u00f6d fr\u00e5n kollegor inom olika stabsfunktioner och alla drar \u00e5t samma h\u00e5ll. Dessutom finns m\u00f6jligheter till att pr\u00f6va vingarna i en annan roll eller p\u00e5 en annan skola. Vi \u00e4r en stor koncern och det finns en stor intern r\u00f6rlighet, ber\u00e4ttar Sandra.<br>Eva-Lotte lyfter fram att AcadeMedia har snabba beslutsv\u00e4gar och \u00e4r utvecklingsorienterat.<br>\u2013 Det \u00e4r stor skillnad j\u00e4mf\u00f6rt med m\u00e5nga andra huvudm\u00e4n. AcadeMedia sysslar bara med utbildning, s\u00e5 inga andra uppdrag stj\u00e4l tid och resurser. Som medarbetare har man verkligen frihet att p\u00e5verka, driva utvecklingen och g\u00f6ra skillnad.<\/p>\n\n\n\n<p class=\"has-color-white-01-color has-text-color has-background\" style=\"background-color:#00404e\"><strong><a href=\"https:\/\/academedia.se\/jobba-hos-oss\/lediga-jobb\/\" title=\"AcadeMedia pres HT21 jobb ans\u00f6k\" target=\"_blank\" rel=\"noreferrer noopener\"><span style=\"text-decoration: underline;\">Jobba med oss p\u00e5 AcadeMedia. Klicka h\u00e4r f\u00f6r att se v\u00e5ra lediga tj\u00e4nster<\/span><\/a><\/strong><\/p>\n\n\n\n<div class=\"wp-block-group faktaruta\"><div class=\"wp-block-group__inner-container is-layout-flow wp-block-group-is-layout-flow\">\n<h6 class=\"wp-block-heading\">AcadeMedia<\/h6>\n\n\n\n<p>AcadeMedia \u00e4r norra Europas st\u00f6rsta utbildningsf\u00f6retag med verksamheter i Sverige, Norge och Tyskland. V\u00e5r storlek skapar trygghet och ger oss f\u00f6ruts\u00e4ttningar att vara en l\u00e5ngsiktig och stabil utbildningsakt\u00f6r som bidrar till det gemensamma samh\u00e4llsbygget. V\u00e5ra olika skolprofiler ger s\u00e5v\u00e4l elever som medarbetare m\u00f6jlighet att hitta en skola som passar just deras intressen och drivkrafter \u2013 Innovitaskolan, Montessori Mondial, Noblaskolan, Pops Academy, Vittra och Snitz. Hos oss kan du utvecklas professionellt med renodlade arbetsuppgifter som till\u00e5ter dig att fokusera p\u00e5 det du \u00e4r b\u00e4st p\u00e5 \u2013 att vara l\u00e4rare!<br><br>L\u00e4s mer p\u00e5: <strong><a href=\"https:\/\/academedia.se\/\" title=\"AcadeMedia pres HT21 textlink\" target=\"_blank\" rel=\"noreferrer noopener\">www.academedia.se<\/a><\/strong><br><br><a href=\"https:\/\/academedia.se\/\" title=\"AcadeMedia pres HT21 logotype\" target=\"_blank\" rel=\"noreferrer noopener\"><img loading=\"lazy\" decoding=\"async\" width=\"150\" height=\"14\" class=\"wp-image-7282\" style=\"width: 150px;\" src=\"https:\/\/lararkarriar.se\/grundskola\/wp-content\/uploads\/sites\/12\/2021\/10\/academedia.png\" alt=\"\" srcset=\"https:\/\/lararkarriar.se\/grundskola\/wp-content\/uploads\/sites\/12\/2021\/10\/academedia.png 500w, https:\/\/lararkarriar.se\/grundskola\/wp-content\/uploads\/sites\/12\/2021\/10\/academedia-300x29.png 300w\" sizes=\"auto, (max-width: 150px) 100vw, 150px\" \/><\/a><\/p>\n<\/div><\/div>\n","protected":false},"excerpt":{"rendered":"<p>Inom AcadeMedia finns en m\u00e5ngfald av skolor och inriktningar, som alla delar visionen att f\u00f6r\u00e4ndra och f\u00f6rb\u00e4ttra samh\u00e4llet genom utbildning.<\/p>\n","protected":false},"author":2,"featured_media":7281,"comment_status":"open","ping_status":"open","sticky":false,"template":"","format":"standard","meta":{"_acf_changed":false,"_monsterinsights_skip_tracking":false,"_monsterinsights_sitenote_active":false,"_monsterinsights_sitenote_note":"","_monsterinsights_sitenote_category":0,"footnotes":""},"categories":[7],"tags":[9],"class_list":["post-7280","post","type-post","status-publish","format-standard","has-post-thumbnail","hentry","category-presentation","tag-academedia"],"acf":[],"yoast_head":"<!-- This site is optimized with the Yoast SEO plugin v27.3 - https:\/\/yoast.com\/product\/yoast-seo-wordpress\/ -->\n<title>Var med och utforma framtidens skola inom AcadeMedia - Framtidens Karri\u00e4r \u2013 Grundskolel\u00e4rare<\/title>\n<meta name=\"robots\" content=\"index, follow, max-snippet:-1, max-image-preview:large, max-video-preview:-1\" \/>\n<link rel=\"canonical\" href=\"https:\/\/lararkarriar.se\/grundskola\/2021\/10\/12\/var-med-och-utforma-framtidens-skola-inom-academedia\/\" \/>\n<meta property=\"og:locale\" content=\"sv_SE\" \/>\n<meta property=\"og:type\" content=\"article\" \/>\n<meta property=\"og:title\" content=\"Var med och utforma framtidens skola inom AcadeMedia - Framtidens Karri\u00e4r \u2013 Grundskolel\u00e4rare\" \/>\n<meta property=\"og:description\" content=\"Inom AcadeMedia finns en m\u00e5ngfald av skolor och inriktningar, som alla delar visionen att f\u00f6r\u00e4ndra och f\u00f6rb\u00e4ttra samh\u00e4llet genom utbildning.\" \/>\n<meta property=\"og:url\" content=\"https:\/\/lararkarriar.se\/grundskola\/2021\/10\/12\/var-med-och-utforma-framtidens-skola-inom-academedia\/\" \/>\n<meta property=\"og:site_name\" content=\"Framtidens Karri\u00e4r \u2013 Grundskolel\u00e4rare\" \/>\n<meta property=\"article:published_time\" content=\"2021-10-12T09:10:35+00:00\" \/>\n<meta property=\"article:modified_time\" content=\"2022-10-04T14:51:38+00:00\" \/>\n<meta property=\"og:image\" content=\"https:\/\/lararkarriar.se\/grundskola\/wp-content\/uploads\/sites\/12\/2021\/10\/academedia-alla.jpg\" \/>\n\t<meta property=\"og:image:width\" content=\"1000\" \/>\n\t<meta property=\"og:image:height\" content=\"495\" \/>\n\t<meta property=\"og:image:type\" content=\"image\/jpeg\" \/>\n<meta name=\"author\" content=\"viktorwallen\" \/>\n<meta name=\"twitter:card\" content=\"summary_large_image\" \/>\n<meta name=\"twitter:label1\" content=\"Skriven av\" \/>\n\t<meta name=\"twitter:data1\" content=\"viktorwallen\" \/>\n\t<meta name=\"twitter:label2\" content=\"Ber\u00e4knad l\u00e4stid\" \/>\n\t<meta name=\"twitter:data2\" content=\"5 minuter\" \/>\n<script type=\"application\/ld+json\" class=\"yoast-schema-graph\">{\"@context\":\"https:\\\/\\\/schema.org\",\"@graph\":[{\"@type\":\"Article\",\"@id\":\"https:\\\/\\\/lararkarriar.se\\\/grundskola\\\/2021\\\/10\\\/12\\\/var-med-och-utforma-framtidens-skola-inom-academedia\\\/#article\",\"isPartOf\":{\"@id\":\"https:\\\/\\\/lararkarriar.se\\\/grundskola\\\/2021\\\/10\\\/12\\\/var-med-och-utforma-framtidens-skola-inom-academedia\\\/\"},\"author\":{\"name\":\"viktorwallen\",\"@id\":\"https:\\\/\\\/lararkarriar.se\\\/grundskola\\\/#\\\/schema\\\/person\\\/2a13a849ec7646386c2211f59afe3083\"},\"headline\":\"Var med och utforma framtidens skola inom AcadeMedia\",\"datePublished\":\"2021-10-12T09:10:35+00:00\",\"dateModified\":\"2022-10-04T14:51:38+00:00\",\"mainEntityOfPage\":{\"@id\":\"https:\\\/\\\/lararkarriar.se\\\/grundskola\\\/2021\\\/10\\\/12\\\/var-med-och-utforma-framtidens-skola-inom-academedia\\\/\"},\"wordCount\":962,\"commentCount\":0,\"image\":{\"@id\":\"https:\\\/\\\/lararkarriar.se\\\/grundskola\\\/2021\\\/10\\\/12\\\/var-med-och-utforma-framtidens-skola-inom-academedia\\\/#primaryimage\"},\"thumbnailUrl\":\"https:\\\/\\\/lararkarriar.se\\\/grundskola\\\/wp-content\\\/uploads\\\/sites\\\/12\\\/2021\\\/10\\\/academedia-alla.jpg\",\"keywords\":[\"Academedia\"],\"articleSection\":[\"Presentation\"],\"inLanguage\":\"sv-SE\",\"potentialAction\":[{\"@type\":\"CommentAction\",\"name\":\"Comment\",\"target\":[\"https:\\\/\\\/lararkarriar.se\\\/grundskola\\\/2021\\\/10\\\/12\\\/var-med-och-utforma-framtidens-skola-inom-academedia\\\/#respond\"]}]},{\"@type\":\"WebPage\",\"@id\":\"https:\\\/\\\/lararkarriar.se\\\/grundskola\\\/2021\\\/10\\\/12\\\/var-med-och-utforma-framtidens-skola-inom-academedia\\\/\",\"url\":\"https:\\\/\\\/lararkarriar.se\\\/grundskola\\\/2021\\\/10\\\/12\\\/var-med-och-utforma-framtidens-skola-inom-academedia\\\/\",\"name\":\"Var med och utforma framtidens skola inom AcadeMedia - Framtidens Karri\u00e4r \u2013 Grundskolel\u00e4rare\",\"isPartOf\":{\"@id\":\"https:\\\/\\\/lararkarriar.se\\\/grundskola\\\/#website\"},\"primaryImageOfPage\":{\"@id\":\"https:\\\/\\\/lararkarriar.se\\\/grundskola\\\/2021\\\/10\\\/12\\\/var-med-och-utforma-framtidens-skola-inom-academedia\\\/#primaryimage\"},\"image\":{\"@id\":\"https:\\\/\\\/lararkarriar.se\\\/grundskola\\\/2021\\\/10\\\/12\\\/var-med-och-utforma-framtidens-skola-inom-academedia\\\/#primaryimage\"},\"thumbnailUrl\":\"https:\\\/\\\/lararkarriar.se\\\/grundskola\\\/wp-content\\\/uploads\\\/sites\\\/12\\\/2021\\\/10\\\/academedia-alla.jpg\",\"datePublished\":\"2021-10-12T09:10:35+00:00\",\"dateModified\":\"2022-10-04T14:51:38+00:00\",\"author\":{\"@id\":\"https:\\\/\\\/lararkarriar.se\\\/grundskola\\\/#\\\/schema\\\/person\\\/2a13a849ec7646386c2211f59afe3083\"},\"breadcrumb\":{\"@id\":\"https:\\\/\\\/lararkarriar.se\\\/grundskola\\\/2021\\\/10\\\/12\\\/var-med-och-utforma-framtidens-skola-inom-academedia\\\/#breadcrumb\"},\"inLanguage\":\"sv-SE\",\"potentialAction\":[{\"@type\":\"ReadAction\",\"target\":[\"https:\\\/\\\/lararkarriar.se\\\/grundskola\\\/2021\\\/10\\\/12\\\/var-med-och-utforma-framtidens-skola-inom-academedia\\\/\"]}]},{\"@type\":\"ImageObject\",\"inLanguage\":\"sv-SE\",\"@id\":\"https:\\\/\\\/lararkarriar.se\\\/grundskola\\\/2021\\\/10\\\/12\\\/var-med-och-utforma-framtidens-skola-inom-academedia\\\/#primaryimage\",\"url\":\"https:\\\/\\\/lararkarriar.se\\\/grundskola\\\/wp-content\\\/uploads\\\/sites\\\/12\\\/2021\\\/10\\\/academedia-alla.jpg\",\"contentUrl\":\"https:\\\/\\\/lararkarriar.se\\\/grundskola\\\/wp-content\\\/uploads\\\/sites\\\/12\\\/2021\\\/10\\\/academedia-alla.jpg\",\"width\":1000,\"height\":495,\"caption\":\"Sandra Richter, skolchef p\u00e5 Innovitaskolan (Foto: Christopher Schauz), Jessica Mozakka, utbildningsdirekt\u00f6r f\u00f6r Innovitaskolan och Pops Academy (Foto: Christopher Schauz) och Eva-Lotte Stavle, utbildningsdirekt\u00f6r f\u00f6r Noblaskolan och Montessori Mondial.\"},{\"@type\":\"BreadcrumbList\",\"@id\":\"https:\\\/\\\/lararkarriar.se\\\/grundskola\\\/2021\\\/10\\\/12\\\/var-med-och-utforma-framtidens-skola-inom-academedia\\\/#breadcrumb\",\"itemListElement\":[{\"@type\":\"ListItem\",\"position\":1,\"name\":\"Home\",\"item\":\"https:\\\/\\\/lararkarriar.se\\\/grundskola\\\/\"},{\"@type\":\"ListItem\",\"position\":2,\"name\":\"Var med och utforma framtidens skola inom AcadeMedia\"}]},{\"@type\":\"WebSite\",\"@id\":\"https:\\\/\\\/lararkarriar.se\\\/grundskola\\\/#website\",\"url\":\"https:\\\/\\\/lararkarriar.se\\\/grundskola\\\/\",\"name\":\"Framtidens Karri\u00e4r \u2013 Grundskolel\u00e4rare\",\"description\":\"Just another NMDashboard.se Sites site\",\"potentialAction\":[{\"@type\":\"SearchAction\",\"target\":{\"@type\":\"EntryPoint\",\"urlTemplate\":\"https:\\\/\\\/lararkarriar.se\\\/grundskola\\\/?s={search_term_string}\"},\"query-input\":{\"@type\":\"PropertyValueSpecification\",\"valueRequired\":true,\"valueName\":\"search_term_string\"}}],\"inLanguage\":\"sv-SE\"},{\"@type\":\"Person\",\"@id\":\"https:\\\/\\\/lararkarriar.se\\\/grundskola\\\/#\\\/schema\\\/person\\\/2a13a849ec7646386c2211f59afe3083\",\"name\":\"viktorwallen\",\"image\":{\"@type\":\"ImageObject\",\"inLanguage\":\"sv-SE\",\"@id\":\"https:\\\/\\\/secure.gravatar.com\\\/avatar\\\/701701bd36169636031933997c8c6b954f2f635bbb7cd4802e4a007f9c9f4e59?s=96&d=mm&r=g\",\"url\":\"https:\\\/\\\/secure.gravatar.com\\\/avatar\\\/701701bd36169636031933997c8c6b954f2f635bbb7cd4802e4a007f9c9f4e59?s=96&d=mm&r=g\",\"contentUrl\":\"https:\\\/\\\/secure.gravatar.com\\\/avatar\\\/701701bd36169636031933997c8c6b954f2f635bbb7cd4802e4a007f9c9f4e59?s=96&d=mm&r=g\",\"caption\":\"viktorwallen\"},\"url\":\"https:\\\/\\\/lararkarriar.se\\\/grundskola\\\/author\\\/viktorwallen\\\/\"}]}<\/script>\n<!-- \/ Yoast SEO plugin. -->","yoast_head_json":{"title":"Var med och utforma framtidens skola inom AcadeMedia - Framtidens Karri\u00e4r \u2013 Grundskolel\u00e4rare","robots":{"index":"index","follow":"follow","max-snippet":"max-snippet:-1","max-image-preview":"max-image-preview:large","max-video-preview":"max-video-preview:-1"},"canonical":"https:\/\/lararkarriar.se\/grundskola\/2021\/10\/12\/var-med-och-utforma-framtidens-skola-inom-academedia\/","og_locale":"sv_SE","og_type":"article","og_title":"Var med och utforma framtidens skola inom AcadeMedia - Framtidens Karri\u00e4r \u2013 Grundskolel\u00e4rare","og_description":"Inom AcadeMedia finns en m\u00e5ngfald av skolor och inriktningar, som alla delar visionen att f\u00f6r\u00e4ndra och f\u00f6rb\u00e4ttra samh\u00e4llet genom utbildning.","og_url":"https:\/\/lararkarriar.se\/grundskola\/2021\/10\/12\/var-med-och-utforma-framtidens-skola-inom-academedia\/","og_site_name":"Framtidens Karri\u00e4r \u2013 Grundskolel\u00e4rare","article_published_time":"2021-10-12T09:10:35+00:00","article_modified_time":"2022-10-04T14:51:38+00:00","og_image":[{"width":1000,"height":495,"url":"https:\/\/lararkarriar.se\/grundskola\/wp-content\/uploads\/sites\/12\/2021\/10\/academedia-alla.jpg","type":"image\/jpeg"}],"author":"viktorwallen","twitter_card":"summary_large_image","twitter_misc":{"Skriven av":"viktorwallen","Ber\u00e4knad l\u00e4stid":"5 minuter"},"schema":{"@context":"https:\/\/schema.org","@graph":[{"@type":"Article","@id":"https:\/\/lararkarriar.se\/grundskola\/2021\/10\/12\/var-med-och-utforma-framtidens-skola-inom-academedia\/#article","isPartOf":{"@id":"https:\/\/lararkarriar.se\/grundskola\/2021\/10\/12\/var-med-och-utforma-framtidens-skola-inom-academedia\/"},"author":{"name":"viktorwallen","@id":"https:\/\/lararkarriar.se\/grundskola\/#\/schema\/person\/2a13a849ec7646386c2211f59afe3083"},"headline":"Var med och utforma framtidens skola inom AcadeMedia","datePublished":"2021-10-12T09:10:35+00:00","dateModified":"2022-10-04T14:51:38+00:00","mainEntityOfPage":{"@id":"https:\/\/lararkarriar.se\/grundskola\/2021\/10\/12\/var-med-och-utforma-framtidens-skola-inom-academedia\/"},"wordCount":962,"commentCount":0,"image":{"@id":"https:\/\/lararkarriar.se\/grundskola\/2021\/10\/12\/var-med-och-utforma-framtidens-skola-inom-academedia\/#primaryimage"},"thumbnailUrl":"https:\/\/lararkarriar.se\/grundskola\/wp-content\/uploads\/sites\/12\/2021\/10\/academedia-alla.jpg","keywords":["Academedia"],"articleSection":["Presentation"],"inLanguage":"sv-SE","potentialAction":[{"@type":"CommentAction","name":"Comment","target":["https:\/\/lararkarriar.se\/grundskola\/2021\/10\/12\/var-med-och-utforma-framtidens-skola-inom-academedia\/#respond"]}]},{"@type":"WebPage","@id":"https:\/\/lararkarriar.se\/grundskola\/2021\/10\/12\/var-med-och-utforma-framtidens-skola-inom-academedia\/","url":"https:\/\/lararkarriar.se\/grundskola\/2021\/10\/12\/var-med-och-utforma-framtidens-skola-inom-academedia\/","name":"Var med och utforma framtidens skola inom AcadeMedia - Framtidens Karri\u00e4r \u2013 Grundskolel\u00e4rare","isPartOf":{"@id":"https:\/\/lararkarriar.se\/grundskola\/#website"},"primaryImageOfPage":{"@id":"https:\/\/lararkarriar.se\/grundskola\/2021\/10\/12\/var-med-och-utforma-framtidens-skola-inom-academedia\/#primaryimage"},"image":{"@id":"https:\/\/lararkarriar.se\/grundskola\/2021\/10\/12\/var-med-och-utforma-framtidens-skola-inom-academedia\/#primaryimage"},"thumbnailUrl":"https:\/\/lararkarriar.se\/grundskola\/wp-content\/uploads\/sites\/12\/2021\/10\/academedia-alla.jpg","datePublished":"2021-10-12T09:10:35+00:00","dateModified":"2022-10-04T14:51:38+00:00","author":{"@id":"https:\/\/lararkarriar.se\/grundskola\/#\/schema\/person\/2a13a849ec7646386c2211f59afe3083"},"breadcrumb":{"@id":"https:\/\/lararkarriar.se\/grundskola\/2021\/10\/12\/var-med-och-utforma-framtidens-skola-inom-academedia\/#breadcrumb"},"inLanguage":"sv-SE","potentialAction":[{"@type":"ReadAction","target":["https:\/\/lararkarriar.se\/grundskola\/2021\/10\/12\/var-med-och-utforma-framtidens-skola-inom-academedia\/"]}]},{"@type":"ImageObject","inLanguage":"sv-SE","@id":"https:\/\/lararkarriar.se\/grundskola\/2021\/10\/12\/var-med-och-utforma-framtidens-skola-inom-academedia\/#primaryimage","url":"https:\/\/lararkarriar.se\/grundskola\/wp-content\/uploads\/sites\/12\/2021\/10\/academedia-alla.jpg","contentUrl":"https:\/\/lararkarriar.se\/grundskola\/wp-content\/uploads\/sites\/12\/2021\/10\/academedia-alla.jpg","width":1000,"height":495,"caption":"Sandra Richter, skolchef p\u00e5 Innovitaskolan (Foto: Christopher Schauz), Jessica Mozakka, utbildningsdirekt\u00f6r f\u00f6r Innovitaskolan och Pops Academy (Foto: Christopher Schauz) och Eva-Lotte Stavle, utbildningsdirekt\u00f6r f\u00f6r Noblaskolan och Montessori Mondial."},{"@type":"BreadcrumbList","@id":"https:\/\/lararkarriar.se\/grundskola\/2021\/10\/12\/var-med-och-utforma-framtidens-skola-inom-academedia\/#breadcrumb","itemListElement":[{"@type":"ListItem","position":1,"name":"Home","item":"https:\/\/lararkarriar.se\/grundskola\/"},{"@type":"ListItem","position":2,"name":"Var med och utforma framtidens skola inom AcadeMedia"}]},{"@type":"WebSite","@id":"https:\/\/lararkarriar.se\/grundskola\/#website","url":"https:\/\/lararkarriar.se\/grundskola\/","name":"Framtidens Karri\u00e4r \u2013 Grundskolel\u00e4rare","description":"Just another NMDashboard.se Sites site","potentialAction":[{"@type":"SearchAction","target":{"@type":"EntryPoint","urlTemplate":"https:\/\/lararkarriar.se\/grundskola\/?s={search_term_string}"},"query-input":{"@type":"PropertyValueSpecification","valueRequired":true,"valueName":"search_term_string"}}],"inLanguage":"sv-SE"},{"@type":"Person","@id":"https:\/\/lararkarriar.se\/grundskola\/#\/schema\/person\/2a13a849ec7646386c2211f59afe3083","name":"viktorwallen","image":{"@type":"ImageObject","inLanguage":"sv-SE","@id":"https:\/\/secure.gravatar.com\/avatar\/701701bd36169636031933997c8c6b954f2f635bbb7cd4802e4a007f9c9f4e59?s=96&d=mm&r=g","url":"https:\/\/secure.gravatar.com\/avatar\/701701bd36169636031933997c8c6b954f2f635bbb7cd4802e4a007f9c9f4e59?s=96&d=mm&r=g","contentUrl":"https:\/\/secure.gravatar.com\/avatar\/701701bd36169636031933997c8c6b954f2f635bbb7cd4802e4a007f9c9f4e59?s=96&d=mm&r=g","caption":"viktorwallen"},"url":"https:\/\/lararkarriar.se\/grundskola\/author\/viktorwallen\/"}]}},"_links":{"self":[{"href":"https:\/\/lararkarriar.se\/grundskola\/wp-json\/wp\/v2\/posts\/7280","targetHints":{"allow":["GET"]}}],"collection":[{"href":"https:\/\/lararkarriar.se\/grundskola\/wp-json\/wp\/v2\/posts"}],"about":[{"href":"https:\/\/lararkarriar.se\/grundskola\/wp-json\/wp\/v2\/types\/post"}],"author":[{"embeddable":true,"href":"https:\/\/lararkarriar.se\/grundskola\/wp-json\/wp\/v2\/users\/2"}],"replies":[{"embeddable":true,"href":"https:\/\/lararkarriar.se\/grundskola\/wp-json\/wp\/v2\/comments?post=7280"}],"version-history":[{"count":4,"href":"https:\/\/lararkarriar.se\/grundskola\/wp-json\/wp\/v2\/posts\/7280\/revisions"}],"predecessor-version":[{"id":7964,"href":"https:\/\/lararkarriar.se\/grundskola\/wp-json\/wp\/v2\/posts\/7280\/revisions\/7964"}],"wp:featuredmedia":[{"embeddable":true,"href":"https:\/\/lararkarriar.se\/grundskola\/wp-json\/wp\/v2\/media\/7281"}],"wp:attachment":[{"href":"https:\/\/lararkarriar.se\/grundskola\/wp-json\/wp\/v2\/media?parent=7280"}],"wp:term":[{"taxonomy":"category","embeddable":true,"href":"https:\/\/lararkarriar.se\/grundskola\/wp-json\/wp\/v2\/categories?post=7280"},{"taxonomy":"post_tag","embeddable":true,"href":"https:\/\/lararkarriar.se\/grundskola\/wp-json\/wp\/v2\/tags?post=7280"}],"curies":[{"name":"wp","href":"https:\/\/api.w.org\/{rel}","templated":true}]}}