{"id":7305,"date":"2021-10-12T09:45:57","date_gmt":"2021-10-12T09:45:57","guid":{"rendered":"https:\/\/lararkarriar.se\/grundskola\/?p=7305"},"modified":"2022-10-04T14:51:28","modified_gmt":"2022-10-04T14:51:28","slug":"besok-varlden-pa-hemmaplan-med-ies","status":"publish","type":"post","link":"https:\/\/lararkarriar.se\/grundskola\/2021\/10\/12\/besok-varlden-pa-hemmaplan-med-ies\/","title":{"rendered":"Bes\u00f6k v\u00e4rlden p\u00e5 hemmaplan med IES"},"content":{"rendered":"\n<figure class=\"wp-block-image size-full\"><img loading=\"lazy\" decoding=\"async\" width=\"1000\" height=\"643\" src=\"https:\/\/lararkarriar.se\/grundskola\/wp-content\/uploads\/sites\/12\/2021\/10\/engelska-melissanilsson-006.jpg\" alt=\"Melissa Nilsson, l\u00e4rare i engelska p\u00e5 IES i Bor\u00e5s. Foto: Ulf Ekstr\u00f6m\" class=\"wp-image-7306\" srcset=\"https:\/\/lararkarriar.se\/grundskola\/wp-content\/uploads\/sites\/12\/2021\/10\/engelska-melissanilsson-006.jpg 1000w, https:\/\/lararkarriar.se\/grundskola\/wp-content\/uploads\/sites\/12\/2021\/10\/engelska-melissanilsson-006-300x193.jpg 300w, https:\/\/lararkarriar.se\/grundskola\/wp-content\/uploads\/sites\/12\/2021\/10\/engelska-melissanilsson-006-768x494.jpg 768w, https:\/\/lararkarriar.se\/grundskola\/wp-content\/uploads\/sites\/12\/2021\/10\/engelska-melissanilsson-006-249x160.jpg 249w, https:\/\/lararkarriar.se\/grundskola\/wp-content\/uploads\/sites\/12\/2021\/10\/engelska-melissanilsson-006-526x338.jpg 526w, https:\/\/lararkarriar.se\/grundskola\/wp-content\/uploads\/sites\/12\/2021\/10\/engelska-melissanilsson-006-720x463.jpg 720w, https:\/\/lararkarriar.se\/grundskola\/wp-content\/uploads\/sites\/12\/2021\/10\/engelska-melissanilsson-006-960x617.jpg 960w\" sizes=\"auto, (max-width: 1000px) 100vw, 1000px\" \/><figcaption>Melissa Nilsson, l\u00e4rare i engelska p\u00e5 IES i Bor\u00e5s. Foto: Ulf Ekstr\u00f6m<\/figcaption><\/figure>\n\n\n\n<p><strong>Vill du jobba i en skola med internationell pr\u00e4gel, tydliga strukturer och d\u00e4r du f\u00e5r fokusera p\u00e5 att undervisa?<br>P\u00e5 Internationella Engelska Skolan, IES, tar man undervisningen p\u00e5 allvar. H\u00e4r \u00e4r l\u00e4rarens roll helt central och du kan utvecklas b\u00e5de i din karri\u00e4r och som person.<\/strong><\/p>\n\n\n\n<p>F\u00f6r Melissa Nilsson var det lite av en slump att hon hamnade som l\u00e4rare i engelska p\u00e5 IES i Bor\u00e5s. Hon kom till Sverige fr\u00e5n USA som utbytesstudent f\u00f6r tio \u00e5r sedan och skulle bara stanna ett \u00e5r. Men n\u00e4r hon tr\u00e4ffade sin blivande man best\u00e4mde hon sig f\u00f6r att bli kvar och s\u00f6kte sig till den d\u00e5 ny\u00f6ppnade Internationella Engelska Skolan i Bor\u00e5s.<br>\u2013 Det f\u00f6ll sig naturligt eftersom mitt modersm\u00e5l \u00e4r engelska. Men det visade sig snabbt att jag verkligen hade kommit r\u00e4tt. IES \u00e4r enormt professionellt, strukturerat och v\u00e4lfungerande. P\u00e5 m\u00e5nga skolor kan det vara tufft att komma som ny l\u00e4rare, men h\u00e4r f\u00e5r man verkligen det st\u00f6d man beh\u00f6ver. F\u00f6r mig, som dessutom var ny i Sverige, betydde det oerh\u00f6rt mycket att f\u00e5 komma in i ett s\u00e5 v\u00e4lkomnande sammanhang d\u00e4r jag snabbt fann mig till r\u00e4tta, s\u00e4ger Melissa.<br>Hon f\u00e5r medh\u00e5ll av sin kollega Emmelie Lundstr\u00f6m, som undervisar i svenska och SO f\u00f6r \u00e5rskurserna 4 och 5 p\u00e5 IES i Skellefte\u00e5. Emmelie b\u00f6rjade p\u00e5 IES direkt efter sin l\u00e4rarexamen i somras. D\u00e5 hade hon vikarierat p\u00e5 flera andra skolor under studietiden och hon tycker att skillnaden \u00e4r sl\u00e5ende.<br>\u2013 N\u00e4r jag f\u00f6rst kom p\u00e5 bes\u00f6k var jag fast efter tv\u00e5 timmar. Alla medarbetare var s\u00e5 otroligt trevliga, st\u00e4mningen var glad och det var rent och snyggt. N\u00e5got som jag verkligen uppskattar \u00e4r att alla \u00e4r s\u00e5 synliga, inte minst rektor, som kan alla elevernas namn. Den h\u00e4r familj\u00e4ra k\u00e4nslan smittar av sig och sprider trivsel och trygghet hos b\u00e5de medarbetare och elever. Det \u00e4r som ett andra hem, s\u00e4ger hon.<\/p>\n\n\n\n<p class=\"has-color-white-01-color has-text-color has-background\" style=\"background-color:#00404e\"><strong><a title=\"IES pres HT21 l\u00e4s mer\" href=\"https:\/\/engelska.se\/\" target=\"_blank\" rel=\"noreferrer noopener\"><span style=\"text-decoration: underline;\">Klicka h\u00e4r f\u00f6r att l\u00e4sa mer om Internationella Engelska Skolan<\/span><\/a><\/strong><\/p>\n\n\n\n<p><strong>En professionell gemenskap<\/strong><br>Alla IES-skolor har en tydlig struktur, med v\u00e4l definierade roller och m\u00e5nga professionella och engagerade medarbetare. Med Head of Department bollar man \u00e4mnesrelaterade fr\u00e5gor, medan Head of Year har en mer \u00f6vergripande roll som \u00e4ven omfattar sociala fr\u00e5gor. Det finns gott om andra karri\u00e4rsteg f\u00f6r l\u00e4rare. Melissa, exempelvis, arbetar \u00e4ven som Subject Facilitator och har i den rollen n\u00e4ra kontakt med andra IES-skolor f\u00f6r att utveckla undervisningen av engelska.<br>\u2013 Det finns alla m\u00f6jligheter att g\u00f6ra karri\u00e4r och pr\u00f6va nya roller. Vi har mycket kompetensutveckling, och medarbetarna uppmuntras att utvecklas i sin yrkesroll, s\u00e4ger Melissa.<br>B\u00e5da uppskattar att IES har h\u00f6ga f\u00f6rv\u00e4ntningar p\u00e5 sina elever och den n\u00e4ra kontakten som IES h\u00e5ller med f\u00f6r\u00e4ldrar. Elevh\u00e4lsan \u00e4r v\u00e4l utbyggd och tar tillsammans med l\u00e4raren ansvar f\u00f6r eleverna. Alla arbetar mot gemensamma m\u00e5l och skapar en skolmilj\u00f6 d\u00e4r l\u00e4rare kan undervisa och elever l\u00e4ra.<br>\u2013 Elevh\u00e4lsan och skolledningen \u00e4r v\u00e4ldigt tillg\u00e4ngliga. Det \u00e4r bara att ringa n\u00e4r man sj\u00e4lv eller eleverna beh\u00f6ver deras st\u00f6d, och det \u00e4r verkligen guld v\u00e4rt. De kommer direkt och p\u00e5 s\u00e5 s\u00e4tt kan man som l\u00e4rare koncentrera sig p\u00e5 att undervisa. Vi har precis som andra skolor elever som beh\u00f6ver s\u00e4rskilt st\u00f6d. Det f\u00e5r de verkligen h\u00e4r och det skapar studiero f\u00f6r alla. Inte minst de elever som har lite st\u00f6rre utmaningar m\u00e5r bra av det, f\u00f6rklarar Emmelie.<\/p>\n\n\n\n<p><strong>Internationell milj\u00f6<\/strong><br>En annan sak som utm\u00e4rker IES \u00e4r den internationella milj\u00f6n. Ungef\u00e4r h\u00e4lften av undervisningen sker p\u00e5 engelska av l\u00e4rare som har spr\u00e5ket som modersm\u00e5l. De rekryteras fr\u00e5n hela den engelskspr\u00e5kiga v\u00e4rlden. \u00c4ven elevsammans\u00e4ttningen \u00e4r internationell. Drygt 40 procent av eleverna har utl\u00e4ndsk bakgrund, vilket kan j\u00e4mf\u00f6ras med 26 procent inom den kommunala skolan. Denna m\u00e5ngfald pr\u00e4glar skolan starkt.<br>\u2013 Med kollegor fr\u00e5n s\u00e5 m\u00e5nga olika l\u00e4nder l\u00e4r man sig hela tiden nya saker. Det \u00e4r v\u00e4ldigt berikande och ger kollegialt l\u00e4rande en djupare dimension, menar Melissa.<br>Emmelie, som \u00e4r f\u00f6dd och uppvuxen i Skellefte\u00e5, tycker att hon har f\u00e5tt helt nya perspektiv.<br>\u2013 Man ser saker ur helt nya och intressanta vinklar. Jag har l\u00e4rt mig s\u00e5 mycket om olika kulturer och l\u00e4nder. Det \u00e4r n\u00e5got som utvecklar mig b\u00e5de som l\u00e4rare och som m\u00e4nniska.<\/p>\n\n\n<div class=\"wp-block-image\">\n<figure class=\"aligncenter size-full\"><img loading=\"lazy\" decoding=\"async\" width=\"1000\" height=\"644\" src=\"https:\/\/lararkarriar.se\/grundskola\/wp-content\/uploads\/sites\/12\/2021\/10\/engelska-dscf0697.jpg\" alt=\"Emmelie Lundstr\u00f6m, l\u00e4rare i svenska och SO p\u00e5 IES i Skellefte\u00e5. Foto: Christian M\u00e5rd\" class=\"wp-image-7307\" srcset=\"https:\/\/lararkarriar.se\/grundskola\/wp-content\/uploads\/sites\/12\/2021\/10\/engelska-dscf0697.jpg 1000w, https:\/\/lararkarriar.se\/grundskola\/wp-content\/uploads\/sites\/12\/2021\/10\/engelska-dscf0697-300x193.jpg 300w, https:\/\/lararkarriar.se\/grundskola\/wp-content\/uploads\/sites\/12\/2021\/10\/engelska-dscf0697-768x495.jpg 768w, https:\/\/lararkarriar.se\/grundskola\/wp-content\/uploads\/sites\/12\/2021\/10\/engelska-dscf0697-248x160.jpg 248w, https:\/\/lararkarriar.se\/grundskola\/wp-content\/uploads\/sites\/12\/2021\/10\/engelska-dscf0697-526x339.jpg 526w, https:\/\/lararkarriar.se\/grundskola\/wp-content\/uploads\/sites\/12\/2021\/10\/engelska-dscf0697-720x464.jpg 720w, https:\/\/lararkarriar.se\/grundskola\/wp-content\/uploads\/sites\/12\/2021\/10\/engelska-dscf0697-960x618.jpg 960w\" sizes=\"auto, (max-width: 1000px) 100vw, 1000px\" \/><figcaption>Emmelie Lundstr\u00f6m, l\u00e4rare i svenska och SO p\u00e5 IES i Skellefte\u00e5. Foto: Christian M\u00e5rd<\/figcaption><\/figure>\n<\/div>\n\n\n<p class=\"has-color-white-01-color has-text-color has-background\" style=\"background-color:#00404e\"><strong><a title=\"IES pres HT21 l\u00e4s mer\" href=\"https:\/\/engelska.se\/\" target=\"_blank\" rel=\"noreferrer noopener\"><span style=\"text-decoration: underline;\">Klicka h\u00e4r f\u00f6r att l\u00e4sa mer om Internationella Engelska Skolan<\/span><\/a><\/strong><\/p>\n\n\n\n<div class=\"wp-block-group faktaruta\"><div class=\"wp-block-group__inner-container is-layout-flow wp-block-group-is-layout-flow\">\n<h6 class=\"wp-block-heading\">Internationella Engelska Skolan<\/h6>\n\n\n\n<p>Internationella Engelska Skolan, IES, grundades 1993 och driver idag 43 skolor i 34 kommuner runt om i landet. Cirka 30000 elever g\u00e5r p\u00e5 skolorna och ytterligare cirka 200 000 registreringar finns i k\u00f6n. IES v\u00e4xer varje \u00e5r och beh\u00f6ver d\u00e4rf\u00f6r fler l\u00e4rare som delar skolans grundl\u00e4ggande v\u00e4rderingar och drivs av att utmana varje elev att g\u00f6ra sitt b\u00e4sta. P\u00e5 IES kommer du att f\u00e5 stor m\u00f6jlighet att v\u00e4xa, b\u00e5de professionellt och som person.<br><br>Nyfiken? L\u00e4s mer p\u00e5: <strong><a href=\"https:\/\/engelska.se\/\" title=\"IES pres HT21 textlink\" target=\"_blank\" rel=\"noreferrer noopener\">www.engelska.se<\/a><\/strong><br><br><a href=\"https:\/\/engelska.se\/\" title=\"IES pres HT21 logotype\" target=\"_blank\" rel=\"noreferrer noopener\"><img loading=\"lazy\" decoding=\"async\" width=\"150\" height=\"149\" class=\"wp-image-7308\" style=\"width: 150px;\" src=\"https:\/\/lararkarriar.se\/grundskola\/wp-content\/uploads\/sites\/12\/2021\/10\/engelska-ies-logo-sweden-correct-cmyk.png\" alt=\"\" srcset=\"https:\/\/lararkarriar.se\/grundskola\/wp-content\/uploads\/sites\/12\/2021\/10\/engelska-ies-logo-sweden-correct-cmyk.png 500w, https:\/\/lararkarriar.se\/grundskola\/wp-content\/uploads\/sites\/12\/2021\/10\/engelska-ies-logo-sweden-correct-cmyk-300x300.png 300w, https:\/\/lararkarriar.se\/grundskola\/wp-content\/uploads\/sites\/12\/2021\/10\/engelska-ies-logo-sweden-correct-cmyk-150x150.png 150w, https:\/\/lararkarriar.se\/grundskola\/wp-content\/uploads\/sites\/12\/2021\/10\/engelska-ies-logo-sweden-correct-cmyk-161x160.png 161w\" sizes=\"auto, (max-width: 150px) 100vw, 150px\" \/><\/a><\/p>\n<\/div><\/div>\n","protected":false},"excerpt":{"rendered":"<p>En skola med internationell pr\u00e4gel, tydliga strukturer och d\u00e4r du f\u00e5r fokusera p\u00e5 att undervisa.<\/p>\n","protected":false},"author":2,"featured_media":7309,"comment_status":"open","ping_status":"open","sticky":false,"template":"","format":"standard","meta":{"_acf_changed":false,"_monsterinsights_skip_tracking":false,"_monsterinsights_sitenote_active":false,"_monsterinsights_sitenote_note":"","_monsterinsights_sitenote_category":0,"footnotes":""},"categories":[7],"tags":[456,457],"class_list":["post-7305","post","type-post","status-publish","format-standard","has-post-thumbnail","hentry","category-presentation","tag-ies","tag-internationella-engelska-skolan"],"acf":[],"yoast_head":"<!-- This site is optimized with the Yoast SEO plugin v27.3 - https:\/\/yoast.com\/product\/yoast-seo-wordpress\/ -->\n<title>Bes\u00f6k v\u00e4rlden p\u00e5 hemmaplan med IES - Framtidens Karri\u00e4r \u2013 Grundskolel\u00e4rare<\/title>\n<meta name=\"robots\" content=\"index, follow, max-snippet:-1, max-image-preview:large, max-video-preview:-1\" \/>\n<link rel=\"canonical\" href=\"https:\/\/lararkarriar.se\/grundskola\/2021\/10\/12\/besok-varlden-pa-hemmaplan-med-ies\/\" \/>\n<meta property=\"og:locale\" content=\"sv_SE\" \/>\n<meta property=\"og:type\" content=\"article\" \/>\n<meta property=\"og:title\" content=\"Bes\u00f6k v\u00e4rlden p\u00e5 hemmaplan med IES - Framtidens Karri\u00e4r \u2013 Grundskolel\u00e4rare\" \/>\n<meta property=\"og:description\" content=\"En skola med internationell pr\u00e4gel, tydliga strukturer och d\u00e4r du f\u00e5r fokusera p\u00e5 att undervisa.\" \/>\n<meta property=\"og:url\" content=\"https:\/\/lararkarriar.se\/grundskola\/2021\/10\/12\/besok-varlden-pa-hemmaplan-med-ies\/\" \/>\n<meta property=\"og:site_name\" content=\"Framtidens Karri\u00e4r \u2013 Grundskolel\u00e4rare\" \/>\n<meta property=\"article:published_time\" content=\"2021-10-12T09:45:57+00:00\" \/>\n<meta property=\"article:modified_time\" content=\"2022-10-04T14:51:28+00:00\" \/>\n<meta property=\"og:image\" content=\"https:\/\/lararkarriar.se\/grundskola\/wp-content\/uploads\/sites\/12\/2021\/10\/engelska-both.jpg\" \/>\n\t<meta property=\"og:image:width\" content=\"1000\" \/>\n\t<meta property=\"og:image:height\" content=\"643\" \/>\n\t<meta property=\"og:image:type\" content=\"image\/jpeg\" \/>\n<meta name=\"author\" content=\"viktorwallen\" \/>\n<meta name=\"twitter:card\" content=\"summary_large_image\" \/>\n<meta name=\"twitter:label1\" content=\"Skriven av\" \/>\n\t<meta name=\"twitter:data1\" content=\"viktorwallen\" \/>\n\t<meta name=\"twitter:label2\" content=\"Ber\u00e4knad l\u00e4stid\" \/>\n\t<meta name=\"twitter:data2\" content=\"5 minuter\" \/>\n<script type=\"application\/ld+json\" class=\"yoast-schema-graph\">{\"@context\":\"https:\\\/\\\/schema.org\",\"@graph\":[{\"@type\":\"Article\",\"@id\":\"https:\\\/\\\/lararkarriar.se\\\/grundskola\\\/2021\\\/10\\\/12\\\/besok-varlden-pa-hemmaplan-med-ies\\\/#article\",\"isPartOf\":{\"@id\":\"https:\\\/\\\/lararkarriar.se\\\/grundskola\\\/2021\\\/10\\\/12\\\/besok-varlden-pa-hemmaplan-med-ies\\\/\"},\"author\":{\"name\":\"viktorwallen\",\"@id\":\"https:\\\/\\\/lararkarriar.se\\\/grundskola\\\/#\\\/schema\\\/person\\\/2a13a849ec7646386c2211f59afe3083\"},\"headline\":\"Bes\u00f6k v\u00e4rlden p\u00e5 hemmaplan med IES\",\"datePublished\":\"2021-10-12T09:45:57+00:00\",\"dateModified\":\"2022-10-04T14:51:28+00:00\",\"mainEntityOfPage\":{\"@id\":\"https:\\\/\\\/lararkarriar.se\\\/grundskola\\\/2021\\\/10\\\/12\\\/besok-varlden-pa-hemmaplan-med-ies\\\/\"},\"wordCount\":951,\"commentCount\":0,\"image\":{\"@id\":\"https:\\\/\\\/lararkarriar.se\\\/grundskola\\\/2021\\\/10\\\/12\\\/besok-varlden-pa-hemmaplan-med-ies\\\/#primaryimage\"},\"thumbnailUrl\":\"https:\\\/\\\/lararkarriar.se\\\/grundskola\\\/wp-content\\\/uploads\\\/sites\\\/12\\\/2021\\\/10\\\/engelska-both.jpg\",\"keywords\":[\"IES\",\"Internationella Engelska Skolan\"],\"articleSection\":[\"Presentation\"],\"inLanguage\":\"sv-SE\",\"potentialAction\":[{\"@type\":\"CommentAction\",\"name\":\"Comment\",\"target\":[\"https:\\\/\\\/lararkarriar.se\\\/grundskola\\\/2021\\\/10\\\/12\\\/besok-varlden-pa-hemmaplan-med-ies\\\/#respond\"]}]},{\"@type\":\"WebPage\",\"@id\":\"https:\\\/\\\/lararkarriar.se\\\/grundskola\\\/2021\\\/10\\\/12\\\/besok-varlden-pa-hemmaplan-med-ies\\\/\",\"url\":\"https:\\\/\\\/lararkarriar.se\\\/grundskola\\\/2021\\\/10\\\/12\\\/besok-varlden-pa-hemmaplan-med-ies\\\/\",\"name\":\"Bes\u00f6k v\u00e4rlden p\u00e5 hemmaplan med IES - Framtidens Karri\u00e4r \u2013 Grundskolel\u00e4rare\",\"isPartOf\":{\"@id\":\"https:\\\/\\\/lararkarriar.se\\\/grundskola\\\/#website\"},\"primaryImageOfPage\":{\"@id\":\"https:\\\/\\\/lararkarriar.se\\\/grundskola\\\/2021\\\/10\\\/12\\\/besok-varlden-pa-hemmaplan-med-ies\\\/#primaryimage\"},\"image\":{\"@id\":\"https:\\\/\\\/lararkarriar.se\\\/grundskola\\\/2021\\\/10\\\/12\\\/besok-varlden-pa-hemmaplan-med-ies\\\/#primaryimage\"},\"thumbnailUrl\":\"https:\\\/\\\/lararkarriar.se\\\/grundskola\\\/wp-content\\\/uploads\\\/sites\\\/12\\\/2021\\\/10\\\/engelska-both.jpg\",\"datePublished\":\"2021-10-12T09:45:57+00:00\",\"dateModified\":\"2022-10-04T14:51:28+00:00\",\"author\":{\"@id\":\"https:\\\/\\\/lararkarriar.se\\\/grundskola\\\/#\\\/schema\\\/person\\\/2a13a849ec7646386c2211f59afe3083\"},\"breadcrumb\":{\"@id\":\"https:\\\/\\\/lararkarriar.se\\\/grundskola\\\/2021\\\/10\\\/12\\\/besok-varlden-pa-hemmaplan-med-ies\\\/#breadcrumb\"},\"inLanguage\":\"sv-SE\",\"potentialAction\":[{\"@type\":\"ReadAction\",\"target\":[\"https:\\\/\\\/lararkarriar.se\\\/grundskola\\\/2021\\\/10\\\/12\\\/besok-varlden-pa-hemmaplan-med-ies\\\/\"]}]},{\"@type\":\"ImageObject\",\"inLanguage\":\"sv-SE\",\"@id\":\"https:\\\/\\\/lararkarriar.se\\\/grundskola\\\/2021\\\/10\\\/12\\\/besok-varlden-pa-hemmaplan-med-ies\\\/#primaryimage\",\"url\":\"https:\\\/\\\/lararkarriar.se\\\/grundskola\\\/wp-content\\\/uploads\\\/sites\\\/12\\\/2021\\\/10\\\/engelska-both.jpg\",\"contentUrl\":\"https:\\\/\\\/lararkarriar.se\\\/grundskola\\\/wp-content\\\/uploads\\\/sites\\\/12\\\/2021\\\/10\\\/engelska-both.jpg\",\"width\":1000,\"height\":643},{\"@type\":\"BreadcrumbList\",\"@id\":\"https:\\\/\\\/lararkarriar.se\\\/grundskola\\\/2021\\\/10\\\/12\\\/besok-varlden-pa-hemmaplan-med-ies\\\/#breadcrumb\",\"itemListElement\":[{\"@type\":\"ListItem\",\"position\":1,\"name\":\"Home\",\"item\":\"https:\\\/\\\/lararkarriar.se\\\/grundskola\\\/\"},{\"@type\":\"ListItem\",\"position\":2,\"name\":\"Bes\u00f6k v\u00e4rlden p\u00e5 hemmaplan med IES\"}]},{\"@type\":\"WebSite\",\"@id\":\"https:\\\/\\\/lararkarriar.se\\\/grundskola\\\/#website\",\"url\":\"https:\\\/\\\/lararkarriar.se\\\/grundskola\\\/\",\"name\":\"Framtidens Karri\u00e4r \u2013 Grundskolel\u00e4rare\",\"description\":\"Just another NMDashboard.se Sites site\",\"potentialAction\":[{\"@type\":\"SearchAction\",\"target\":{\"@type\":\"EntryPoint\",\"urlTemplate\":\"https:\\\/\\\/lararkarriar.se\\\/grundskola\\\/?s={search_term_string}\"},\"query-input\":{\"@type\":\"PropertyValueSpecification\",\"valueRequired\":true,\"valueName\":\"search_term_string\"}}],\"inLanguage\":\"sv-SE\"},{\"@type\":\"Person\",\"@id\":\"https:\\\/\\\/lararkarriar.se\\\/grundskola\\\/#\\\/schema\\\/person\\\/2a13a849ec7646386c2211f59afe3083\",\"name\":\"viktorwallen\",\"image\":{\"@type\":\"ImageObject\",\"inLanguage\":\"sv-SE\",\"@id\":\"https:\\\/\\\/secure.gravatar.com\\\/avatar\\\/701701bd36169636031933997c8c6b954f2f635bbb7cd4802e4a007f9c9f4e59?s=96&d=mm&r=g\",\"url\":\"https:\\\/\\\/secure.gravatar.com\\\/avatar\\\/701701bd36169636031933997c8c6b954f2f635bbb7cd4802e4a007f9c9f4e59?s=96&d=mm&r=g\",\"contentUrl\":\"https:\\\/\\\/secure.gravatar.com\\\/avatar\\\/701701bd36169636031933997c8c6b954f2f635bbb7cd4802e4a007f9c9f4e59?s=96&d=mm&r=g\",\"caption\":\"viktorwallen\"},\"url\":\"https:\\\/\\\/lararkarriar.se\\\/grundskola\\\/author\\\/viktorwallen\\\/\"}]}<\/script>\n<!-- \/ Yoast SEO plugin. -->","yoast_head_json":{"title":"Bes\u00f6k v\u00e4rlden p\u00e5 hemmaplan med IES - Framtidens Karri\u00e4r \u2013 Grundskolel\u00e4rare","robots":{"index":"index","follow":"follow","max-snippet":"max-snippet:-1","max-image-preview":"max-image-preview:large","max-video-preview":"max-video-preview:-1"},"canonical":"https:\/\/lararkarriar.se\/grundskola\/2021\/10\/12\/besok-varlden-pa-hemmaplan-med-ies\/","og_locale":"sv_SE","og_type":"article","og_title":"Bes\u00f6k v\u00e4rlden p\u00e5 hemmaplan med IES - Framtidens Karri\u00e4r \u2013 Grundskolel\u00e4rare","og_description":"En skola med internationell pr\u00e4gel, tydliga strukturer och d\u00e4r du f\u00e5r fokusera p\u00e5 att undervisa.","og_url":"https:\/\/lararkarriar.se\/grundskola\/2021\/10\/12\/besok-varlden-pa-hemmaplan-med-ies\/","og_site_name":"Framtidens Karri\u00e4r \u2013 Grundskolel\u00e4rare","article_published_time":"2021-10-12T09:45:57+00:00","article_modified_time":"2022-10-04T14:51:28+00:00","og_image":[{"width":1000,"height":643,"url":"https:\/\/lararkarriar.se\/grundskola\/wp-content\/uploads\/sites\/12\/2021\/10\/engelska-both.jpg","type":"image\/jpeg"}],"author":"viktorwallen","twitter_card":"summary_large_image","twitter_misc":{"Skriven av":"viktorwallen","Ber\u00e4knad l\u00e4stid":"5 minuter"},"schema":{"@context":"https:\/\/schema.org","@graph":[{"@type":"Article","@id":"https:\/\/lararkarriar.se\/grundskola\/2021\/10\/12\/besok-varlden-pa-hemmaplan-med-ies\/#article","isPartOf":{"@id":"https:\/\/lararkarriar.se\/grundskola\/2021\/10\/12\/besok-varlden-pa-hemmaplan-med-ies\/"},"author":{"name":"viktorwallen","@id":"https:\/\/lararkarriar.se\/grundskola\/#\/schema\/person\/2a13a849ec7646386c2211f59afe3083"},"headline":"Bes\u00f6k v\u00e4rlden p\u00e5 hemmaplan med IES","datePublished":"2021-10-12T09:45:57+00:00","dateModified":"2022-10-04T14:51:28+00:00","mainEntityOfPage":{"@id":"https:\/\/lararkarriar.se\/grundskola\/2021\/10\/12\/besok-varlden-pa-hemmaplan-med-ies\/"},"wordCount":951,"commentCount":0,"image":{"@id":"https:\/\/lararkarriar.se\/grundskola\/2021\/10\/12\/besok-varlden-pa-hemmaplan-med-ies\/#primaryimage"},"thumbnailUrl":"https:\/\/lararkarriar.se\/grundskola\/wp-content\/uploads\/sites\/12\/2021\/10\/engelska-both.jpg","keywords":["IES","Internationella Engelska Skolan"],"articleSection":["Presentation"],"inLanguage":"sv-SE","potentialAction":[{"@type":"CommentAction","name":"Comment","target":["https:\/\/lararkarriar.se\/grundskola\/2021\/10\/12\/besok-varlden-pa-hemmaplan-med-ies\/#respond"]}]},{"@type":"WebPage","@id":"https:\/\/lararkarriar.se\/grundskola\/2021\/10\/12\/besok-varlden-pa-hemmaplan-med-ies\/","url":"https:\/\/lararkarriar.se\/grundskola\/2021\/10\/12\/besok-varlden-pa-hemmaplan-med-ies\/","name":"Bes\u00f6k v\u00e4rlden p\u00e5 hemmaplan med IES - Framtidens Karri\u00e4r \u2013 Grundskolel\u00e4rare","isPartOf":{"@id":"https:\/\/lararkarriar.se\/grundskola\/#website"},"primaryImageOfPage":{"@id":"https:\/\/lararkarriar.se\/grundskola\/2021\/10\/12\/besok-varlden-pa-hemmaplan-med-ies\/#primaryimage"},"image":{"@id":"https:\/\/lararkarriar.se\/grundskola\/2021\/10\/12\/besok-varlden-pa-hemmaplan-med-ies\/#primaryimage"},"thumbnailUrl":"https:\/\/lararkarriar.se\/grundskola\/wp-content\/uploads\/sites\/12\/2021\/10\/engelska-both.jpg","datePublished":"2021-10-12T09:45:57+00:00","dateModified":"2022-10-04T14:51:28+00:00","author":{"@id":"https:\/\/lararkarriar.se\/grundskola\/#\/schema\/person\/2a13a849ec7646386c2211f59afe3083"},"breadcrumb":{"@id":"https:\/\/lararkarriar.se\/grundskola\/2021\/10\/12\/besok-varlden-pa-hemmaplan-med-ies\/#breadcrumb"},"inLanguage":"sv-SE","potentialAction":[{"@type":"ReadAction","target":["https:\/\/lararkarriar.se\/grundskola\/2021\/10\/12\/besok-varlden-pa-hemmaplan-med-ies\/"]}]},{"@type":"ImageObject","inLanguage":"sv-SE","@id":"https:\/\/lararkarriar.se\/grundskola\/2021\/10\/12\/besok-varlden-pa-hemmaplan-med-ies\/#primaryimage","url":"https:\/\/lararkarriar.se\/grundskola\/wp-content\/uploads\/sites\/12\/2021\/10\/engelska-both.jpg","contentUrl":"https:\/\/lararkarriar.se\/grundskola\/wp-content\/uploads\/sites\/12\/2021\/10\/engelska-both.jpg","width":1000,"height":643},{"@type":"BreadcrumbList","@id":"https:\/\/lararkarriar.se\/grundskola\/2021\/10\/12\/besok-varlden-pa-hemmaplan-med-ies\/#breadcrumb","itemListElement":[{"@type":"ListItem","position":1,"name":"Home","item":"https:\/\/lararkarriar.se\/grundskola\/"},{"@type":"ListItem","position":2,"name":"Bes\u00f6k v\u00e4rlden p\u00e5 hemmaplan med IES"}]},{"@type":"WebSite","@id":"https:\/\/lararkarriar.se\/grundskola\/#website","url":"https:\/\/lararkarriar.se\/grundskola\/","name":"Framtidens Karri\u00e4r \u2013 Grundskolel\u00e4rare","description":"Just another NMDashboard.se Sites site","potentialAction":[{"@type":"SearchAction","target":{"@type":"EntryPoint","urlTemplate":"https:\/\/lararkarriar.se\/grundskola\/?s={search_term_string}"},"query-input":{"@type":"PropertyValueSpecification","valueRequired":true,"valueName":"search_term_string"}}],"inLanguage":"sv-SE"},{"@type":"Person","@id":"https:\/\/lararkarriar.se\/grundskola\/#\/schema\/person\/2a13a849ec7646386c2211f59afe3083","name":"viktorwallen","image":{"@type":"ImageObject","inLanguage":"sv-SE","@id":"https:\/\/secure.gravatar.com\/avatar\/701701bd36169636031933997c8c6b954f2f635bbb7cd4802e4a007f9c9f4e59?s=96&d=mm&r=g","url":"https:\/\/secure.gravatar.com\/avatar\/701701bd36169636031933997c8c6b954f2f635bbb7cd4802e4a007f9c9f4e59?s=96&d=mm&r=g","contentUrl":"https:\/\/secure.gravatar.com\/avatar\/701701bd36169636031933997c8c6b954f2f635bbb7cd4802e4a007f9c9f4e59?s=96&d=mm&r=g","caption":"viktorwallen"},"url":"https:\/\/lararkarriar.se\/grundskola\/author\/viktorwallen\/"}]}},"_links":{"self":[{"href":"https:\/\/lararkarriar.se\/grundskola\/wp-json\/wp\/v2\/posts\/7305","targetHints":{"allow":["GET"]}}],"collection":[{"href":"https:\/\/lararkarriar.se\/grundskola\/wp-json\/wp\/v2\/posts"}],"about":[{"href":"https:\/\/lararkarriar.se\/grundskola\/wp-json\/wp\/v2\/types\/post"}],"author":[{"embeddable":true,"href":"https:\/\/lararkarriar.se\/grundskola\/wp-json\/wp\/v2\/users\/2"}],"replies":[{"embeddable":true,"href":"https:\/\/lararkarriar.se\/grundskola\/wp-json\/wp\/v2\/comments?post=7305"}],"version-history":[{"count":4,"href":"https:\/\/lararkarriar.se\/grundskola\/wp-json\/wp\/v2\/posts\/7305\/revisions"}],"predecessor-version":[{"id":7961,"href":"https:\/\/lararkarriar.se\/grundskola\/wp-json\/wp\/v2\/posts\/7305\/revisions\/7961"}],"wp:featuredmedia":[{"embeddable":true,"href":"https:\/\/lararkarriar.se\/grundskola\/wp-json\/wp\/v2\/media\/7309"}],"wp:attachment":[{"href":"https:\/\/lararkarriar.se\/grundskola\/wp-json\/wp\/v2\/media?parent=7305"}],"wp:term":[{"taxonomy":"category","embeddable":true,"href":"https:\/\/lararkarriar.se\/grundskola\/wp-json\/wp\/v2\/categories?post=7305"},{"taxonomy":"post_tag","embeddable":true,"href":"https:\/\/lararkarriar.se\/grundskola\/wp-json\/wp\/v2\/tags?post=7305"}],"curies":[{"name":"wp","href":"https:\/\/api.w.org\/{rel}","templated":true}]}}