{"id":7331,"date":"2021-10-12T10:28:15","date_gmt":"2021-10-12T10:28:15","guid":{"rendered":"https:\/\/lararkarriar.se\/grundskola\/?p=7331"},"modified":"2022-10-04T14:48:31","modified_gmt":"2022-10-04T14:48:31","slug":"karlstad-erbjuder-larare-ikt-utveckling-och-professionsstod","status":"publish","type":"post","link":"https:\/\/lararkarriar.se\/grundskola\/2021\/10\/12\/karlstad-erbjuder-larare-ikt-utveckling-och-professionsstod\/","title":{"rendered":"Karlstad erbjuder l\u00e4rare IKT-utveckling och professionsst\u00f6d"},"content":{"rendered":"\n<figure class=\"wp-block-image size-full\"><img loading=\"lazy\" decoding=\"async\" width=\"1000\" height=\"603\" src=\"https:\/\/lararkarriar.se\/grundskola\/wp-content\/uploads\/sites\/12\/2021\/10\/karlstad-20210929-ilanda-print-7941.jpg\" alt=\"Niklas Wikstr\u00f6m, ordf\u00f6rande i barn- och ungdomsn\u00e4mnden, Maria Thelning, it-handledare, l\u00e4rare i matematik, NO och idrott och h\u00e4lsa samt bitr\u00e4dande skolledare och Maria Skoogh, rektor p\u00e5 Ilandaskolan i Karlstad. Foto: Fredrik Karlsson\" class=\"wp-image-7333\" srcset=\"https:\/\/lararkarriar.se\/grundskola\/wp-content\/uploads\/sites\/12\/2021\/10\/karlstad-20210929-ilanda-print-7941.jpg 1000w, https:\/\/lararkarriar.se\/grundskola\/wp-content\/uploads\/sites\/12\/2021\/10\/karlstad-20210929-ilanda-print-7941-300x181.jpg 300w, https:\/\/lararkarriar.se\/grundskola\/wp-content\/uploads\/sites\/12\/2021\/10\/karlstad-20210929-ilanda-print-7941-768x463.jpg 768w, https:\/\/lararkarriar.se\/grundskola\/wp-content\/uploads\/sites\/12\/2021\/10\/karlstad-20210929-ilanda-print-7941-265x160.jpg 265w, https:\/\/lararkarriar.se\/grundskola\/wp-content\/uploads\/sites\/12\/2021\/10\/karlstad-20210929-ilanda-print-7941-526x317.jpg 526w, https:\/\/lararkarriar.se\/grundskola\/wp-content\/uploads\/sites\/12\/2021\/10\/karlstad-20210929-ilanda-print-7941-720x434.jpg 720w, https:\/\/lararkarriar.se\/grundskola\/wp-content\/uploads\/sites\/12\/2021\/10\/karlstad-20210929-ilanda-print-7941-960x579.jpg 960w\" sizes=\"auto, (max-width: 1000px) 100vw, 1000px\" \/><figcaption>Niklas Wikstr\u00f6m, ordf\u00f6rande i barn- och ungdomsn\u00e4mnden, Maria Thelning, it-handledare, l\u00e4rare i matematik, NO och idrott och h\u00e4lsa samt bitr\u00e4dande skolledare och Maria Skoogh, rektor p\u00e5 Ilandaskolan i Karlstad. Foto: Fredrik Karlsson<\/figcaption><\/figure>\n\n\n\n<p><strong>Som grundskoll\u00e4rare i Karlstads kommun ing\u00e5r man i en v\u00e4lfungerande organisation som ger l\u00e4rare r\u00e4tt m\u00f6jlighet att st\u00e4rka sin professionalism och kontinuerligt utvecklas i sin yrkesroll. Karlstads kommun tilldelades Guldtrappan 2021 f\u00f6r sitt l\u00e5ngsiktiga och m\u00e5lmedvetna IKT-arbete. H\u00e4r erbjuds \u00e4ven interna ledarskapsprogram, m\u00f6jlighet att bli it-handledare samt kontinuerlig kompetensutveckling via \u00e4mnesn\u00e4tverk.<\/strong><\/p>\n\n\n\n<p>\u2013 Vi arbetar st\u00e4ndigt f\u00f6r att bibeh\u00e5lla och h\u00f6ja kvaliteten i v\u00e5ra verksamheter. H\u00e4r \u00e4r det exempelvis viktigt att v\u00e5ra pedagoger verkligen f\u00e5r k\u00e4nna sig som professionella medarbetare, avg\u00f6rande pusselbitar i en v\u00e4lfungerande organisation. N\u00e4r jag b\u00f6rjade p\u00e5 Ilandaskolan upplevde jag direkt att jag blev en del av en gemenskap, h\u00e4r jobbar vi l\u00e4rare i team med tydliga gemensamma m\u00e5l, s\u00e4ger Maria Thelning, it-handledare, l\u00e4rare i matematik, NO och idrott och h\u00e4lsa samt bitr\u00e4dande skolledare p\u00e5 Ilandaskolan i Karlstad.<\/p>\n\n\n\n<p class=\"has-color-white-01-color has-text-color has-background\" style=\"background-color:#00404e\"><strong><a href=\"https:\/\/karlstad.se\/Naringsliv-och-arbete\/startsida-jobba-hos-oss\/lediga-jobb\/\" title=\"Karlstads kommun pres HT21 jobb ans\u00f6k\" target=\"_blank\" rel=\"noreferrer noopener\"><span style=\"text-decoration: underline;\">Vill du jobba som l\u00e4rare i Karlstad? Klicka h\u00e4r f\u00f6r att se v\u00e5ra lediga tj\u00e4nster<\/span><\/a><\/strong><\/p>\n\n\n\n<p><strong>Skol\u00f6verskridande \u00e4mnesn\u00e4tverk<\/strong><br>Hon arbetade tidigare p\u00e5 en friskola, men bytte till Karlstads kommun eftersom det \u00e4r en arbetsgivare som \u00e4r en del av en v\u00e4lorganiserad f\u00f6rvaltning med bra st\u00f6dstrukturer till l\u00e4rarna. Hon betraktar Karlstads kommun som en stabil organisation som erbjuder sina l\u00e4rare goda utvecklingsm\u00f6jligheter, kontinuerlig kompetensutveckling och professionell st\u00f6ttning.<br>\u2013 Jag uppskattar \u00e4ven de karri\u00e4rm\u00f6jligheter kommunen kan erbjuda. L\u00e4rare har m\u00f6jlighet att exempelvis bli it-handledare, f\u00f6rstel\u00e4rare eller s\u00f6ka till kommunens program f\u00f6r intern ledarutbildning. Jag deltar i ledarprogrammet och upplever \u00e4ven att jag utvecklas mycket i rollen som it-handledare, s\u00e4ger Maria Thelning.<br>\u2013 Kommunens grundskoll\u00e4rare deltar \u00e4ven i skol\u00f6verskridande \u00e4mnesn\u00e4tverk som leds av f\u00f6rstel\u00e4rarna i respektive \u00e4mne. N\u00e4tverken fr\u00e4mjar erfarenhetsutbyte, utvecklar undervisningen i specifika \u00e4mnen och bidrar till pedagogisk likv\u00e4rdighet \u00f6ver skolgr\u00e4nserna. \u00c4mnesn\u00e4tverken samlar alla l\u00e4rare p\u00e5 h\u00f6gstadieskolorna \u00e4mnesvis och arbetar varje \u00e5r utifr\u00e5n ett tema, exempelvis betyg och bed\u00f6mning, NPF och spr\u00e5kutvecklande arbetss\u00e4tt. Vi har \u00e4ven en n\u00e4ra samverkan med Karlstads universitet, d\u00e4r kommunens skolor bland annat deltar i forskningsprojekt som f\u00f6rdjupar kvaliteten i undervisningen, s\u00e4ger Maria Skoogh, rektor p\u00e5 Ilandaskolan i Karlstad.<\/p>\n\n\n\n<p><strong>Tilldelades Guldtrappan 2021<\/strong><br>Barn- och ungdomsf\u00f6rvaltningen i Karlstads kommun tilldelades i \u00e5r Guldtrappan, som \u00e4r en kvalitetsutm\u00e4rkelse f\u00f6r kommuner och skolhuvudm\u00e4n som ligger i framkant inom digital skolutveckling. Utm\u00e4rkelsen \u00e4r ett resultat av en l\u00e5ngsiktig och prioriterad satsning p\u00e5 att digitalisering ska ge likv\u00e4rdiga f\u00f6ruts\u00e4ttningar f\u00f6r alla barn och elever. Ett s\u00e5dant exempel \u00e4r att samtliga mellanstadieelever har f\u00e5tt en egen dator. Varje skolenhet har dels it-handledare, dels tekniskt ansvariga f\u00f6r verksamhetsn\u00e4ra support, en f\u00f6rvaltningsspecifik support med kunskap, teknik och pedagogik samt en central servicedesk gemensam f\u00f6r hela kommunen. Det ger samtliga pedagoger r\u00e4tt f\u00f6ruts\u00e4ttningar f\u00f6r att utforska och nyttja digitaliseringens m\u00f6jligheter i sin dagliga undervisning.<br>Skolorna i Karlstads kommun anv\u00e4nder digitala l\u00e4romedel i allt h\u00f6gre utstr\u00e4ckning, och i \u00e5r provar olika skolor olika digitala l\u00e4romedel i ett \u00f6vergripande projekt. P\u00e5 Ilandaskolan har undervisningen i SO varit digital i m\u00e5nga \u00e5r och i andra \u00e4mnen kombineras det fysiska med det digitala, vilket m\u00f6jligg\u00f6r ett mer proaktivt arbetss\u00e4tt d\u00e4r l\u00e4rarna kontinuerligt kan ge eleverna feedback.<br>\u2013 Vi har arbetat l\u00e5ngsiktigt och prioriterat resurser f\u00f6r att digitaliseringen ska ge likv\u00e4rdiga f\u00f6ruts\u00e4ttningar f\u00f6r alla elever. Att vi nu f\u00e5r utm\u00e4rkelsen Guldtrappan \u00e4r ett kvitto p\u00e5 att v\u00e5rt l\u00e5ngsiktiga arbete faktiskt har gett resultat, s\u00e4ger Niklas Wikstr\u00f6m, ordf\u00f6rande i barn- och ungdomsn\u00e4mnden i Karlstads kommun.<\/p>\n\n\n\n<p class=\"has-color-white-01-color has-text-color has-background\" style=\"background-color:#00404e\"><strong><a href=\"https:\/\/karlstad.se\/Naringsliv-och-arbete\/startsida-jobba-hos-oss\/lediga-jobb\/\" title=\"Karlstads kommun pres HT21 jobb ans\u00f6k\" target=\"_blank\" rel=\"noreferrer noopener\"><span style=\"text-decoration: underline;\">Vill du jobba som l\u00e4rare i Karlstad? Klicka h\u00e4r f\u00f6r att se v\u00e5ra lediga tj\u00e4nster<\/span><\/a><\/strong><\/p>\n\n\n\n<div class=\"wp-block-group faktaruta\"><div class=\"wp-block-group__inner-container is-layout-flow wp-block-group-is-layout-flow\">\n<h6 class=\"wp-block-heading\">Karlstads kommun<\/h6>\n\n\n\n<p>I Karlstads kommun bor n\u00e4stan 95000 inv\u00e5n\u00adare. H\u00e4r finns ett blomstrande n\u00e4ringsliv och ett rikt utbud av upplevelser, natur, kultur och idrott. I Karlstads kommun arbetar drygt 7000 medarbetare f\u00f6r visionen om ett b\u00e4ttre liv i solstaden.<br><br><strong><a href=\"https:\/\/karlstad.se\/\" title=\"Karlstads kommun pres HT21 textlink\" target=\"_blank\" rel=\"noreferrer noopener\">www.karlstad.se<\/a><\/strong><br><br><a href=\"https:\/\/karlstad.se\/\" title=\"Karlstads kommun pres HT21 logotype\" target=\"_blank\" rel=\"noreferrer noopener\"><img loading=\"lazy\" decoding=\"async\" width=\"150\" height=\"82\" class=\"wp-image-7334\" style=\"width: 150px;\" src=\"https:\/\/lararkarriar.se\/grundskola\/wp-content\/uploads\/sites\/12\/2021\/10\/karlstads-kommun-cmyk.png\" alt=\"\" srcset=\"https:\/\/lararkarriar.se\/grundskola\/wp-content\/uploads\/sites\/12\/2021\/10\/karlstads-kommun-cmyk.png 500w, https:\/\/lararkarriar.se\/grundskola\/wp-content\/uploads\/sites\/12\/2021\/10\/karlstads-kommun-cmyk-300x163.png 300w, https:\/\/lararkarriar.se\/grundskola\/wp-content\/uploads\/sites\/12\/2021\/10\/karlstads-kommun-cmyk-294x160.png 294w, https:\/\/lararkarriar.se\/grundskola\/wp-content\/uploads\/sites\/12\/2021\/10\/karlstads-kommun-cmyk-80x45.png 80w\" sizes=\"auto, (max-width: 150px) 100vw, 150px\" \/><\/a><\/p>\n<\/div><\/div>\n","protected":false},"excerpt":{"rendered":"<p>Vi ger l\u00e4rare r\u00e4tt m\u00f6jlighet att st\u00e4rka sin professionalism.<\/p>\n","protected":false},"author":2,"featured_media":7333,"comment_status":"open","ping_status":"open","sticky":false,"template":"","format":"standard","meta":{"_acf_changed":false,"_monsterinsights_skip_tracking":false,"_monsterinsights_sitenote_active":false,"_monsterinsights_sitenote_note":"","_monsterinsights_sitenote_category":0,"footnotes":""},"categories":[7],"tags":[460],"class_list":["post-7331","post","type-post","status-publish","format-standard","has-post-thumbnail","hentry","category-presentation","tag-karlstads-kommun"],"acf":[],"yoast_head":"<!-- This site is optimized with the Yoast SEO plugin v27.3 - https:\/\/yoast.com\/product\/yoast-seo-wordpress\/ -->\n<title>Karlstad erbjuder l\u00e4rare IKT-utveckling och professionsst\u00f6d - Framtidens Karri\u00e4r \u2013 Grundskolel\u00e4rare<\/title>\n<meta name=\"robots\" content=\"index, follow, max-snippet:-1, max-image-preview:large, max-video-preview:-1\" \/>\n<link rel=\"canonical\" href=\"https:\/\/lararkarriar.se\/grundskola\/2021\/10\/12\/karlstad-erbjuder-larare-ikt-utveckling-och-professionsstod\/\" \/>\n<meta property=\"og:locale\" content=\"sv_SE\" \/>\n<meta property=\"og:type\" content=\"article\" \/>\n<meta property=\"og:title\" content=\"Karlstad erbjuder l\u00e4rare IKT-utveckling och professionsst\u00f6d - Framtidens Karri\u00e4r \u2013 Grundskolel\u00e4rare\" \/>\n<meta property=\"og:description\" content=\"Vi ger l\u00e4rare r\u00e4tt m\u00f6jlighet att st\u00e4rka sin professionalism.\" \/>\n<meta property=\"og:url\" content=\"https:\/\/lararkarriar.se\/grundskola\/2021\/10\/12\/karlstad-erbjuder-larare-ikt-utveckling-och-professionsstod\/\" \/>\n<meta property=\"og:site_name\" content=\"Framtidens Karri\u00e4r \u2013 Grundskolel\u00e4rare\" \/>\n<meta property=\"article:published_time\" content=\"2021-10-12T10:28:15+00:00\" \/>\n<meta property=\"article:modified_time\" content=\"2022-10-04T14:48:31+00:00\" \/>\n<meta property=\"og:image\" content=\"https:\/\/lararkarriar.se\/grundskola\/wp-content\/uploads\/sites\/12\/2021\/10\/karlstad-20210929-ilanda-print-7941.jpg\" \/>\n\t<meta property=\"og:image:width\" content=\"1000\" \/>\n\t<meta property=\"og:image:height\" content=\"603\" \/>\n\t<meta property=\"og:image:type\" content=\"image\/jpeg\" \/>\n<meta name=\"author\" content=\"viktorwallen\" \/>\n<meta name=\"twitter:card\" content=\"summary_large_image\" \/>\n<meta name=\"twitter:label1\" content=\"Skriven av\" \/>\n\t<meta name=\"twitter:data1\" content=\"viktorwallen\" \/>\n\t<meta name=\"twitter:label2\" content=\"Ber\u00e4knad l\u00e4stid\" \/>\n\t<meta name=\"twitter:data2\" content=\"4 minuter\" \/>\n<script type=\"application\/ld+json\" class=\"yoast-schema-graph\">{\"@context\":\"https:\\\/\\\/schema.org\",\"@graph\":[{\"@type\":\"Article\",\"@id\":\"https:\\\/\\\/lararkarriar.se\\\/grundskola\\\/2021\\\/10\\\/12\\\/karlstad-erbjuder-larare-ikt-utveckling-och-professionsstod\\\/#article\",\"isPartOf\":{\"@id\":\"https:\\\/\\\/lararkarriar.se\\\/grundskola\\\/2021\\\/10\\\/12\\\/karlstad-erbjuder-larare-ikt-utveckling-och-professionsstod\\\/\"},\"author\":{\"name\":\"viktorwallen\",\"@id\":\"https:\\\/\\\/lararkarriar.se\\\/grundskola\\\/#\\\/schema\\\/person\\\/2a13a849ec7646386c2211f59afe3083\"},\"headline\":\"Karlstad erbjuder l\u00e4rare IKT-utveckling och professionsst\u00f6d\",\"datePublished\":\"2021-10-12T10:28:15+00:00\",\"dateModified\":\"2022-10-04T14:48:31+00:00\",\"mainEntityOfPage\":{\"@id\":\"https:\\\/\\\/lararkarriar.se\\\/grundskola\\\/2021\\\/10\\\/12\\\/karlstad-erbjuder-larare-ikt-utveckling-och-professionsstod\\\/\"},\"wordCount\":760,\"commentCount\":0,\"image\":{\"@id\":\"https:\\\/\\\/lararkarriar.se\\\/grundskola\\\/2021\\\/10\\\/12\\\/karlstad-erbjuder-larare-ikt-utveckling-och-professionsstod\\\/#primaryimage\"},\"thumbnailUrl\":\"https:\\\/\\\/lararkarriar.se\\\/grundskola\\\/wp-content\\\/uploads\\\/sites\\\/12\\\/2021\\\/10\\\/karlstad-20210929-ilanda-print-7941.jpg\",\"keywords\":[\"Karlstads kommun\"],\"articleSection\":[\"Presentation\"],\"inLanguage\":\"sv-SE\",\"potentialAction\":[{\"@type\":\"CommentAction\",\"name\":\"Comment\",\"target\":[\"https:\\\/\\\/lararkarriar.se\\\/grundskola\\\/2021\\\/10\\\/12\\\/karlstad-erbjuder-larare-ikt-utveckling-och-professionsstod\\\/#respond\"]}]},{\"@type\":\"WebPage\",\"@id\":\"https:\\\/\\\/lararkarriar.se\\\/grundskola\\\/2021\\\/10\\\/12\\\/karlstad-erbjuder-larare-ikt-utveckling-och-professionsstod\\\/\",\"url\":\"https:\\\/\\\/lararkarriar.se\\\/grundskola\\\/2021\\\/10\\\/12\\\/karlstad-erbjuder-larare-ikt-utveckling-och-professionsstod\\\/\",\"name\":\"Karlstad erbjuder l\u00e4rare IKT-utveckling och professionsst\u00f6d - Framtidens Karri\u00e4r \u2013 Grundskolel\u00e4rare\",\"isPartOf\":{\"@id\":\"https:\\\/\\\/lararkarriar.se\\\/grundskola\\\/#website\"},\"primaryImageOfPage\":{\"@id\":\"https:\\\/\\\/lararkarriar.se\\\/grundskola\\\/2021\\\/10\\\/12\\\/karlstad-erbjuder-larare-ikt-utveckling-och-professionsstod\\\/#primaryimage\"},\"image\":{\"@id\":\"https:\\\/\\\/lararkarriar.se\\\/grundskola\\\/2021\\\/10\\\/12\\\/karlstad-erbjuder-larare-ikt-utveckling-och-professionsstod\\\/#primaryimage\"},\"thumbnailUrl\":\"https:\\\/\\\/lararkarriar.se\\\/grundskola\\\/wp-content\\\/uploads\\\/sites\\\/12\\\/2021\\\/10\\\/karlstad-20210929-ilanda-print-7941.jpg\",\"datePublished\":\"2021-10-12T10:28:15+00:00\",\"dateModified\":\"2022-10-04T14:48:31+00:00\",\"author\":{\"@id\":\"https:\\\/\\\/lararkarriar.se\\\/grundskola\\\/#\\\/schema\\\/person\\\/2a13a849ec7646386c2211f59afe3083\"},\"breadcrumb\":{\"@id\":\"https:\\\/\\\/lararkarriar.se\\\/grundskola\\\/2021\\\/10\\\/12\\\/karlstad-erbjuder-larare-ikt-utveckling-och-professionsstod\\\/#breadcrumb\"},\"inLanguage\":\"sv-SE\",\"potentialAction\":[{\"@type\":\"ReadAction\",\"target\":[\"https:\\\/\\\/lararkarriar.se\\\/grundskola\\\/2021\\\/10\\\/12\\\/karlstad-erbjuder-larare-ikt-utveckling-och-professionsstod\\\/\"]}]},{\"@type\":\"ImageObject\",\"inLanguage\":\"sv-SE\",\"@id\":\"https:\\\/\\\/lararkarriar.se\\\/grundskola\\\/2021\\\/10\\\/12\\\/karlstad-erbjuder-larare-ikt-utveckling-och-professionsstod\\\/#primaryimage\",\"url\":\"https:\\\/\\\/lararkarriar.se\\\/grundskola\\\/wp-content\\\/uploads\\\/sites\\\/12\\\/2021\\\/10\\\/karlstad-20210929-ilanda-print-7941.jpg\",\"contentUrl\":\"https:\\\/\\\/lararkarriar.se\\\/grundskola\\\/wp-content\\\/uploads\\\/sites\\\/12\\\/2021\\\/10\\\/karlstad-20210929-ilanda-print-7941.jpg\",\"width\":1000,\"height\":603,\"caption\":\"Niklas Wikstr\u00f6m, ordf\u00f6rande i barn- och ungdomsn\u00e4mnden, Maria Thelning, it-handledare, l\u00e4rare i matematik, NO och idrott och h\u00e4lsa samt bitr\u00e4dande skolledare och Maria Skoogh, rektor p\u00e5 Ilandaskolan i Karlstad. Foto: Fredrik Karlsson\"},{\"@type\":\"BreadcrumbList\",\"@id\":\"https:\\\/\\\/lararkarriar.se\\\/grundskola\\\/2021\\\/10\\\/12\\\/karlstad-erbjuder-larare-ikt-utveckling-och-professionsstod\\\/#breadcrumb\",\"itemListElement\":[{\"@type\":\"ListItem\",\"position\":1,\"name\":\"Home\",\"item\":\"https:\\\/\\\/lararkarriar.se\\\/grundskola\\\/\"},{\"@type\":\"ListItem\",\"position\":2,\"name\":\"Karlstad erbjuder l\u00e4rare IKT-utveckling och professionsst\u00f6d\"}]},{\"@type\":\"WebSite\",\"@id\":\"https:\\\/\\\/lararkarriar.se\\\/grundskola\\\/#website\",\"url\":\"https:\\\/\\\/lararkarriar.se\\\/grundskola\\\/\",\"name\":\"Framtidens Karri\u00e4r \u2013 Grundskolel\u00e4rare\",\"description\":\"Just another NMDashboard.se Sites site\",\"potentialAction\":[{\"@type\":\"SearchAction\",\"target\":{\"@type\":\"EntryPoint\",\"urlTemplate\":\"https:\\\/\\\/lararkarriar.se\\\/grundskola\\\/?s={search_term_string}\"},\"query-input\":{\"@type\":\"PropertyValueSpecification\",\"valueRequired\":true,\"valueName\":\"search_term_string\"}}],\"inLanguage\":\"sv-SE\"},{\"@type\":\"Person\",\"@id\":\"https:\\\/\\\/lararkarriar.se\\\/grundskola\\\/#\\\/schema\\\/person\\\/2a13a849ec7646386c2211f59afe3083\",\"name\":\"viktorwallen\",\"image\":{\"@type\":\"ImageObject\",\"inLanguage\":\"sv-SE\",\"@id\":\"https:\\\/\\\/secure.gravatar.com\\\/avatar\\\/701701bd36169636031933997c8c6b954f2f635bbb7cd4802e4a007f9c9f4e59?s=96&d=mm&r=g\",\"url\":\"https:\\\/\\\/secure.gravatar.com\\\/avatar\\\/701701bd36169636031933997c8c6b954f2f635bbb7cd4802e4a007f9c9f4e59?s=96&d=mm&r=g\",\"contentUrl\":\"https:\\\/\\\/secure.gravatar.com\\\/avatar\\\/701701bd36169636031933997c8c6b954f2f635bbb7cd4802e4a007f9c9f4e59?s=96&d=mm&r=g\",\"caption\":\"viktorwallen\"},\"url\":\"https:\\\/\\\/lararkarriar.se\\\/grundskola\\\/author\\\/viktorwallen\\\/\"}]}<\/script>\n<!-- \/ Yoast SEO plugin. -->","yoast_head_json":{"title":"Karlstad erbjuder l\u00e4rare IKT-utveckling och professionsst\u00f6d - Framtidens Karri\u00e4r \u2013 Grundskolel\u00e4rare","robots":{"index":"index","follow":"follow","max-snippet":"max-snippet:-1","max-image-preview":"max-image-preview:large","max-video-preview":"max-video-preview:-1"},"canonical":"https:\/\/lararkarriar.se\/grundskola\/2021\/10\/12\/karlstad-erbjuder-larare-ikt-utveckling-och-professionsstod\/","og_locale":"sv_SE","og_type":"article","og_title":"Karlstad erbjuder l\u00e4rare IKT-utveckling och professionsst\u00f6d - Framtidens Karri\u00e4r \u2013 Grundskolel\u00e4rare","og_description":"Vi ger l\u00e4rare r\u00e4tt m\u00f6jlighet att st\u00e4rka sin professionalism.","og_url":"https:\/\/lararkarriar.se\/grundskola\/2021\/10\/12\/karlstad-erbjuder-larare-ikt-utveckling-och-professionsstod\/","og_site_name":"Framtidens Karri\u00e4r \u2013 Grundskolel\u00e4rare","article_published_time":"2021-10-12T10:28:15+00:00","article_modified_time":"2022-10-04T14:48:31+00:00","og_image":[{"width":1000,"height":603,"url":"https:\/\/lararkarriar.se\/grundskola\/wp-content\/uploads\/sites\/12\/2021\/10\/karlstad-20210929-ilanda-print-7941.jpg","type":"image\/jpeg"}],"author":"viktorwallen","twitter_card":"summary_large_image","twitter_misc":{"Skriven av":"viktorwallen","Ber\u00e4knad l\u00e4stid":"4 minuter"},"schema":{"@context":"https:\/\/schema.org","@graph":[{"@type":"Article","@id":"https:\/\/lararkarriar.se\/grundskola\/2021\/10\/12\/karlstad-erbjuder-larare-ikt-utveckling-och-professionsstod\/#article","isPartOf":{"@id":"https:\/\/lararkarriar.se\/grundskola\/2021\/10\/12\/karlstad-erbjuder-larare-ikt-utveckling-och-professionsstod\/"},"author":{"name":"viktorwallen","@id":"https:\/\/lararkarriar.se\/grundskola\/#\/schema\/person\/2a13a849ec7646386c2211f59afe3083"},"headline":"Karlstad erbjuder l\u00e4rare IKT-utveckling och professionsst\u00f6d","datePublished":"2021-10-12T10:28:15+00:00","dateModified":"2022-10-04T14:48:31+00:00","mainEntityOfPage":{"@id":"https:\/\/lararkarriar.se\/grundskola\/2021\/10\/12\/karlstad-erbjuder-larare-ikt-utveckling-och-professionsstod\/"},"wordCount":760,"commentCount":0,"image":{"@id":"https:\/\/lararkarriar.se\/grundskola\/2021\/10\/12\/karlstad-erbjuder-larare-ikt-utveckling-och-professionsstod\/#primaryimage"},"thumbnailUrl":"https:\/\/lararkarriar.se\/grundskola\/wp-content\/uploads\/sites\/12\/2021\/10\/karlstad-20210929-ilanda-print-7941.jpg","keywords":["Karlstads kommun"],"articleSection":["Presentation"],"inLanguage":"sv-SE","potentialAction":[{"@type":"CommentAction","name":"Comment","target":["https:\/\/lararkarriar.se\/grundskola\/2021\/10\/12\/karlstad-erbjuder-larare-ikt-utveckling-och-professionsstod\/#respond"]}]},{"@type":"WebPage","@id":"https:\/\/lararkarriar.se\/grundskola\/2021\/10\/12\/karlstad-erbjuder-larare-ikt-utveckling-och-professionsstod\/","url":"https:\/\/lararkarriar.se\/grundskola\/2021\/10\/12\/karlstad-erbjuder-larare-ikt-utveckling-och-professionsstod\/","name":"Karlstad erbjuder l\u00e4rare IKT-utveckling och professionsst\u00f6d - Framtidens Karri\u00e4r \u2013 Grundskolel\u00e4rare","isPartOf":{"@id":"https:\/\/lararkarriar.se\/grundskola\/#website"},"primaryImageOfPage":{"@id":"https:\/\/lararkarriar.se\/grundskola\/2021\/10\/12\/karlstad-erbjuder-larare-ikt-utveckling-och-professionsstod\/#primaryimage"},"image":{"@id":"https:\/\/lararkarriar.se\/grundskola\/2021\/10\/12\/karlstad-erbjuder-larare-ikt-utveckling-och-professionsstod\/#primaryimage"},"thumbnailUrl":"https:\/\/lararkarriar.se\/grundskola\/wp-content\/uploads\/sites\/12\/2021\/10\/karlstad-20210929-ilanda-print-7941.jpg","datePublished":"2021-10-12T10:28:15+00:00","dateModified":"2022-10-04T14:48:31+00:00","author":{"@id":"https:\/\/lararkarriar.se\/grundskola\/#\/schema\/person\/2a13a849ec7646386c2211f59afe3083"},"breadcrumb":{"@id":"https:\/\/lararkarriar.se\/grundskola\/2021\/10\/12\/karlstad-erbjuder-larare-ikt-utveckling-och-professionsstod\/#breadcrumb"},"inLanguage":"sv-SE","potentialAction":[{"@type":"ReadAction","target":["https:\/\/lararkarriar.se\/grundskola\/2021\/10\/12\/karlstad-erbjuder-larare-ikt-utveckling-och-professionsstod\/"]}]},{"@type":"ImageObject","inLanguage":"sv-SE","@id":"https:\/\/lararkarriar.se\/grundskola\/2021\/10\/12\/karlstad-erbjuder-larare-ikt-utveckling-och-professionsstod\/#primaryimage","url":"https:\/\/lararkarriar.se\/grundskola\/wp-content\/uploads\/sites\/12\/2021\/10\/karlstad-20210929-ilanda-print-7941.jpg","contentUrl":"https:\/\/lararkarriar.se\/grundskola\/wp-content\/uploads\/sites\/12\/2021\/10\/karlstad-20210929-ilanda-print-7941.jpg","width":1000,"height":603,"caption":"Niklas Wikstr\u00f6m, ordf\u00f6rande i barn- och ungdomsn\u00e4mnden, Maria Thelning, it-handledare, l\u00e4rare i matematik, NO och idrott och h\u00e4lsa samt bitr\u00e4dande skolledare och Maria Skoogh, rektor p\u00e5 Ilandaskolan i Karlstad. Foto: Fredrik Karlsson"},{"@type":"BreadcrumbList","@id":"https:\/\/lararkarriar.se\/grundskola\/2021\/10\/12\/karlstad-erbjuder-larare-ikt-utveckling-och-professionsstod\/#breadcrumb","itemListElement":[{"@type":"ListItem","position":1,"name":"Home","item":"https:\/\/lararkarriar.se\/grundskola\/"},{"@type":"ListItem","position":2,"name":"Karlstad erbjuder l\u00e4rare IKT-utveckling och professionsst\u00f6d"}]},{"@type":"WebSite","@id":"https:\/\/lararkarriar.se\/grundskola\/#website","url":"https:\/\/lararkarriar.se\/grundskola\/","name":"Framtidens Karri\u00e4r \u2013 Grundskolel\u00e4rare","description":"Just another NMDashboard.se Sites site","potentialAction":[{"@type":"SearchAction","target":{"@type":"EntryPoint","urlTemplate":"https:\/\/lararkarriar.se\/grundskola\/?s={search_term_string}"},"query-input":{"@type":"PropertyValueSpecification","valueRequired":true,"valueName":"search_term_string"}}],"inLanguage":"sv-SE"},{"@type":"Person","@id":"https:\/\/lararkarriar.se\/grundskola\/#\/schema\/person\/2a13a849ec7646386c2211f59afe3083","name":"viktorwallen","image":{"@type":"ImageObject","inLanguage":"sv-SE","@id":"https:\/\/secure.gravatar.com\/avatar\/701701bd36169636031933997c8c6b954f2f635bbb7cd4802e4a007f9c9f4e59?s=96&d=mm&r=g","url":"https:\/\/secure.gravatar.com\/avatar\/701701bd36169636031933997c8c6b954f2f635bbb7cd4802e4a007f9c9f4e59?s=96&d=mm&r=g","contentUrl":"https:\/\/secure.gravatar.com\/avatar\/701701bd36169636031933997c8c6b954f2f635bbb7cd4802e4a007f9c9f4e59?s=96&d=mm&r=g","caption":"viktorwallen"},"url":"https:\/\/lararkarriar.se\/grundskola\/author\/viktorwallen\/"}]}},"_links":{"self":[{"href":"https:\/\/lararkarriar.se\/grundskola\/wp-json\/wp\/v2\/posts\/7331","targetHints":{"allow":["GET"]}}],"collection":[{"href":"https:\/\/lararkarriar.se\/grundskola\/wp-json\/wp\/v2\/posts"}],"about":[{"href":"https:\/\/lararkarriar.se\/grundskola\/wp-json\/wp\/v2\/types\/post"}],"author":[{"embeddable":true,"href":"https:\/\/lararkarriar.se\/grundskola\/wp-json\/wp\/v2\/users\/2"}],"replies":[{"embeddable":true,"href":"https:\/\/lararkarriar.se\/grundskola\/wp-json\/wp\/v2\/comments?post=7331"}],"version-history":[{"count":4,"href":"https:\/\/lararkarriar.se\/grundskola\/wp-json\/wp\/v2\/posts\/7331\/revisions"}],"predecessor-version":[{"id":7955,"href":"https:\/\/lararkarriar.se\/grundskola\/wp-json\/wp\/v2\/posts\/7331\/revisions\/7955"}],"wp:featuredmedia":[{"embeddable":true,"href":"https:\/\/lararkarriar.se\/grundskola\/wp-json\/wp\/v2\/media\/7333"}],"wp:attachment":[{"href":"https:\/\/lararkarriar.se\/grundskola\/wp-json\/wp\/v2\/media?parent=7331"}],"wp:term":[{"taxonomy":"category","embeddable":true,"href":"https:\/\/lararkarriar.se\/grundskola\/wp-json\/wp\/v2\/categories?post=7331"},{"taxonomy":"post_tag","embeddable":true,"href":"https:\/\/lararkarriar.se\/grundskola\/wp-json\/wp\/v2\/tags?post=7331"}],"curies":[{"name":"wp","href":"https:\/\/api.w.org\/{rel}","templated":true}]}}