{"id":7343,"date":"2021-10-12T10:43:22","date_gmt":"2021-10-12T10:43:22","guid":{"rendered":"https:\/\/lararkarriar.se\/grundskola\/?p=7343"},"modified":"2022-10-04T14:48:23","modified_gmt":"2022-10-04T14:48:23","slug":"samarbetar-for-framtidens-skola","status":"publish","type":"post","link":"https:\/\/lararkarriar.se\/grundskola\/2021\/10\/12\/samarbetar-for-framtidens-skola\/","title":{"rendered":"Samarbetar f\u00f6r framtidens skola"},"content":{"rendered":"\n<figure class=\"wp-block-image size-full\"><img loading=\"lazy\" decoding=\"async\" width=\"1000\" height=\"666\" src=\"https:\/\/lararkarriar.se\/grundskola\/wp-content\/uploads\/sites\/12\/2021\/10\/klippan-framtidens-karriar.jpg\" alt=\"Rose-Marie Lindahl och Helena Abrahamsson \u00e4r stolta \u00f6ver kommun\u00adens nya skola. Foto: Erica M\u00f6llerstedt\" class=\"wp-image-7344\" srcset=\"https:\/\/lararkarriar.se\/grundskola\/wp-content\/uploads\/sites\/12\/2021\/10\/klippan-framtidens-karriar.jpg 1000w, https:\/\/lararkarriar.se\/grundskola\/wp-content\/uploads\/sites\/12\/2021\/10\/klippan-framtidens-karriar-300x200.jpg 300w, https:\/\/lararkarriar.se\/grundskola\/wp-content\/uploads\/sites\/12\/2021\/10\/klippan-framtidens-karriar-768x511.jpg 768w, https:\/\/lararkarriar.se\/grundskola\/wp-content\/uploads\/sites\/12\/2021\/10\/klippan-framtidens-karriar-240x160.jpg 240w, https:\/\/lararkarriar.se\/grundskola\/wp-content\/uploads\/sites\/12\/2021\/10\/klippan-framtidens-karriar-526x350.jpg 526w, https:\/\/lararkarriar.se\/grundskola\/wp-content\/uploads\/sites\/12\/2021\/10\/klippan-framtidens-karriar-720x480.jpg 720w, https:\/\/lararkarriar.se\/grundskola\/wp-content\/uploads\/sites\/12\/2021\/10\/klippan-framtidens-karriar-960x639.jpg 960w\" sizes=\"auto, (max-width: 1000px) 100vw, 1000px\" \/><figcaption>Rose-Marie Lindahl och Helena Abrahamsson \u00e4r stolta \u00f6ver kommun\u00adens nya skola. Foto: Erica M\u00f6llerstedt<\/figcaption><\/figure>\n\n\n\n<p><strong>Politiker, tj\u00e4nstem\u00e4n och pedagoger har g\u00e5tt samman f\u00f6r att lyfta Klippans f\u00f6rskola och skola. Parallellt med satsningen <em>Skola 2026<\/em> har den toppmoderna Kungsfiskareskolan tagit form.<\/strong><\/p>\n\n\n\n<p>Ny forskning, inspiration fr\u00e5n andra kommuner och inte minst v\u00e4rdefulla diskussioner har lett fram till <em>Framtidens skola Klippan 2026<\/em>. Utvecklingssatsningen engagerar s\u00e5 v\u00e4l politiker och tj\u00e4nstem\u00e4n som skolledare och pedagoger. M\u00e5let \u00e4r en skola d\u00e4r alla n\u00e5r sin fulla potential.<br>\u2013 Det har varit viktigt f\u00f6r oss att alla niv\u00e5er \u00e4r med i projektet f\u00f6r att skapa bredd och f\u00f6rst\u00e5else, s\u00e4ger Helena Abrahamsson som sedan 2018 arbetar som utvecklingsstrateg p\u00e5 barn- och utbildningsf\u00f6rvaltningen i Klippan.<br>Ett ramverk best\u00e5ende av tio fokusomr\u00e5den har satts upp. Hur de olika skolorna jobbar med m\u00e5len kan skilja sig \u00e5t, men utbildning, kompetensutveckling och utv\u00e4rdering \u00e4r viktiga verktyg i utvecklingsarbetet.<br>\u2013 De omr\u00e5den som vi har lagt extra mycket fokus p\u00e5 de senaste \u00e5ren \u00e4r digitalisering, ledarskap och spr\u00e5kut\u00adveckling, s\u00e4ger Helena Abrahamsson och ber\u00e4ttar att \u00e4ven kommunens f\u00f6rste\u00adl\u00e4rare \u00e4r engagerade i det p\u00e5g\u00e5ende utvecklingsarbetet.<\/p>\n\n\n\n<p class=\"has-color-white-01-color has-text-color has-background\" style=\"background-color:#00404e\"><strong><span style=\"text-decoration: underline;\"><a href=\"https:\/\/www.klippan.se\/naringslivarbete\/jobbahososs.4.3e0b0197126995d688080004787.html\" title=\"Klippans kommun pres HT21 jobb ans\u00f6k\" target=\"_blank\" rel=\"noreferrer noopener\">Vill du bli v\u00e5r nya kollega i Klippan? Klicka h\u00e4r f\u00f6r att se v\u00e5ra lediga tj\u00e4nster<\/a><\/span><\/strong><\/p>\n\n\n\n<p><strong>Toppmodern skola<\/strong><br>Kungsfiskareskolan \u00e4r Klippans toppmoderna F\u20136-skola som slog upp d\u00f6rrarna f\u00f6r sina elever i augusti 2021. Vid utformningen av skolan har Klippan 2026 spelat en viktig roll.<br>\u2013 Allt fr\u00e5n m\u00f6bler till utemilj\u00f6n \u00e4r gjord f\u00f6r att passa in i <em>Skola 2026<\/em>, s\u00e4ger skolans rektor Rose-Marie Lindahl.<br>Lokalerna \u00e4r ljusa, luftiga och genomt\u00e4nkta och rymmer allt fr\u00e5n avsk\u00e4rmande \u00f6ronlappsf\u00e5t\u00f6ljer till den senaste tekniken. De olika \u00e5rskurserna samlas i hemvister d\u00e4r det finns utrymmen f\u00f6r att samla m\u00e5nga, s\u00e5 v\u00e4l som milj\u00f6er f\u00f6r lugn och ro.<br>\u2013 Eleverna tycker j\u00e4ttemycket om sin nya skola, s\u00e4ger Rose-Marie Lindahl och ber\u00e4ttar att det \u00e4r tv\u00e5 olika skolor som nu har flyttat in under samma tak.<br>Visst finns det utmaningar med att foga samman tv\u00e5 olika kulturer till en enhet, men Rose-Marie Lindahl \u00e4r \u00f6vertygad om att det kommer att bli fantastiskt. Precis som f\u00f6r <em>Skola 2026<\/em> \u00e4r samarbete och goda relationer viktiga h\u00f6rnstenar.<br>\u2013 Nyckeln f\u00f6r att f\u00e5 till f\u00f6r\u00e4ndring \u00e4r de goda relationerna. Oavsett om det g\u00e4ller personal, f\u00f6r\u00e4ldrar eller lyckas med ett stort utvecklingsarbete, s\u00e4ger Rose-Marie Lindahl.<\/p>\n\n\n\n<div class=\"wp-block-group faktaruta\"><div class=\"wp-block-group__inner-container is-layout-flow wp-block-group-is-layout-flow\">\n<h6 class=\"wp-block-heading\">Klippans kommun &#8211; Framtidens skola Klippan 2026<\/h6>\n\n\n\n<p>Arbetet startade 2018 och p\u00e5g\u00e5r fram till 2026. Varje l\u00e4s\u00e5r kommer olika fokusomr\u00e5den att p\u00e5b\u00f6rjas och avslutas. Detta l\u00e4s\u00e5r \u00e4r fokusomr\u00e5dena digitalisering, ledarskap, spr\u00e5kutveckling, och valkompetens.<br><br><strong><a href=\"https:\/\/www.klippan.se\/\" title=\"Klippans kommun pres HT21 textlink\" target=\"_blank\" rel=\"noreferrer noopener\">klippan.se<\/a><\/strong><br><br><a href=\"https:\/\/www.klippan.se\/\" title=\"Klippans kommun pres HT21 logotype\" target=\"_blank\" rel=\"noreferrer noopener\"><img loading=\"lazy\" decoding=\"async\" width=\"150\" height=\"44\" class=\"wp-image-7345\" style=\"width: 150px;\" src=\"https:\/\/lararkarriar.se\/grundskola\/wp-content\/uploads\/sites\/12\/2021\/10\/klippan-a-cmyk.png\" alt=\"\" srcset=\"https:\/\/lararkarriar.se\/grundskola\/wp-content\/uploads\/sites\/12\/2021\/10\/klippan-a-cmyk.png 500w, https:\/\/lararkarriar.se\/grundskola\/wp-content\/uploads\/sites\/12\/2021\/10\/klippan-a-cmyk-300x87.png 300w\" sizes=\"auto, (max-width: 150px) 100vw, 150px\" \/><\/a><\/p>\n<\/div><\/div>\n","protected":false},"excerpt":{"rendered":"<p>Parallellt med satsningen Skola 2026 har den toppmoderna Kungsfiskareskolan tagit form<\/p>\n","protected":false},"author":2,"featured_media":7344,"comment_status":"open","ping_status":"open","sticky":false,"template":"","format":"standard","meta":{"_acf_changed":false,"_monsterinsights_skip_tracking":false,"_monsterinsights_sitenote_active":false,"_monsterinsights_sitenote_note":"","_monsterinsights_sitenote_category":0,"footnotes":""},"categories":[7],"tags":[462],"class_list":["post-7343","post","type-post","status-publish","format-standard","has-post-thumbnail","hentry","category-presentation","tag-klippans-kommun"],"acf":[],"yoast_head":"<!-- This site is optimized with the Yoast SEO plugin v27.3 - https:\/\/yoast.com\/product\/yoast-seo-wordpress\/ -->\n<title>Samarbetar f\u00f6r framtidens skola - Framtidens Karri\u00e4r \u2013 Grundskolel\u00e4rare<\/title>\n<meta name=\"robots\" content=\"index, follow, max-snippet:-1, max-image-preview:large, max-video-preview:-1\" \/>\n<link rel=\"canonical\" href=\"https:\/\/lararkarriar.se\/grundskola\/2021\/10\/12\/samarbetar-for-framtidens-skola\/\" \/>\n<meta property=\"og:locale\" content=\"sv_SE\" \/>\n<meta property=\"og:type\" content=\"article\" \/>\n<meta property=\"og:title\" content=\"Samarbetar f\u00f6r framtidens skola - Framtidens Karri\u00e4r \u2013 Grundskolel\u00e4rare\" \/>\n<meta property=\"og:description\" content=\"Parallellt med satsningen Skola 2026 har den toppmoderna Kungsfiskareskolan tagit form\" \/>\n<meta property=\"og:url\" content=\"https:\/\/lararkarriar.se\/grundskola\/2021\/10\/12\/samarbetar-for-framtidens-skola\/\" \/>\n<meta property=\"og:site_name\" content=\"Framtidens Karri\u00e4r \u2013 Grundskolel\u00e4rare\" \/>\n<meta property=\"article:published_time\" content=\"2021-10-12T10:43:22+00:00\" \/>\n<meta property=\"article:modified_time\" content=\"2022-10-04T14:48:23+00:00\" \/>\n<meta property=\"og:image\" content=\"https:\/\/lararkarriar.se\/grundskola\/wp-content\/uploads\/sites\/12\/2021\/10\/klippan-framtidens-karriar.jpg\" \/>\n\t<meta property=\"og:image:width\" content=\"1000\" \/>\n\t<meta property=\"og:image:height\" content=\"666\" \/>\n\t<meta property=\"og:image:type\" content=\"image\/jpeg\" \/>\n<meta name=\"author\" content=\"viktorwallen\" \/>\n<meta name=\"twitter:card\" content=\"summary_large_image\" \/>\n<meta name=\"twitter:label1\" content=\"Skriven av\" \/>\n\t<meta name=\"twitter:data1\" content=\"viktorwallen\" \/>\n\t<meta name=\"twitter:label2\" content=\"Ber\u00e4knad l\u00e4stid\" \/>\n\t<meta name=\"twitter:data2\" content=\"3 minuter\" \/>\n<script type=\"application\/ld+json\" class=\"yoast-schema-graph\">{\"@context\":\"https:\\\/\\\/schema.org\",\"@graph\":[{\"@type\":\"Article\",\"@id\":\"https:\\\/\\\/lararkarriar.se\\\/grundskola\\\/2021\\\/10\\\/12\\\/samarbetar-for-framtidens-skola\\\/#article\",\"isPartOf\":{\"@id\":\"https:\\\/\\\/lararkarriar.se\\\/grundskola\\\/2021\\\/10\\\/12\\\/samarbetar-for-framtidens-skola\\\/\"},\"author\":{\"name\":\"viktorwallen\",\"@id\":\"https:\\\/\\\/lararkarriar.se\\\/grundskola\\\/#\\\/schema\\\/person\\\/2a13a849ec7646386c2211f59afe3083\"},\"headline\":\"Samarbetar f\u00f6r framtidens skola\",\"datePublished\":\"2021-10-12T10:43:22+00:00\",\"dateModified\":\"2022-10-04T14:48:23+00:00\",\"mainEntityOfPage\":{\"@id\":\"https:\\\/\\\/lararkarriar.se\\\/grundskola\\\/2021\\\/10\\\/12\\\/samarbetar-for-framtidens-skola\\\/\"},\"wordCount\":479,\"commentCount\":0,\"image\":{\"@id\":\"https:\\\/\\\/lararkarriar.se\\\/grundskola\\\/2021\\\/10\\\/12\\\/samarbetar-for-framtidens-skola\\\/#primaryimage\"},\"thumbnailUrl\":\"https:\\\/\\\/lararkarriar.se\\\/grundskola\\\/wp-content\\\/uploads\\\/sites\\\/12\\\/2021\\\/10\\\/klippan-framtidens-karriar.jpg\",\"keywords\":[\"Klippans kommun\"],\"articleSection\":[\"Presentation\"],\"inLanguage\":\"sv-SE\",\"potentialAction\":[{\"@type\":\"CommentAction\",\"name\":\"Comment\",\"target\":[\"https:\\\/\\\/lararkarriar.se\\\/grundskola\\\/2021\\\/10\\\/12\\\/samarbetar-for-framtidens-skola\\\/#respond\"]}]},{\"@type\":\"WebPage\",\"@id\":\"https:\\\/\\\/lararkarriar.se\\\/grundskola\\\/2021\\\/10\\\/12\\\/samarbetar-for-framtidens-skola\\\/\",\"url\":\"https:\\\/\\\/lararkarriar.se\\\/grundskola\\\/2021\\\/10\\\/12\\\/samarbetar-for-framtidens-skola\\\/\",\"name\":\"Samarbetar f\u00f6r framtidens skola - Framtidens Karri\u00e4r \u2013 Grundskolel\u00e4rare\",\"isPartOf\":{\"@id\":\"https:\\\/\\\/lararkarriar.se\\\/grundskola\\\/#website\"},\"primaryImageOfPage\":{\"@id\":\"https:\\\/\\\/lararkarriar.se\\\/grundskola\\\/2021\\\/10\\\/12\\\/samarbetar-for-framtidens-skola\\\/#primaryimage\"},\"image\":{\"@id\":\"https:\\\/\\\/lararkarriar.se\\\/grundskola\\\/2021\\\/10\\\/12\\\/samarbetar-for-framtidens-skola\\\/#primaryimage\"},\"thumbnailUrl\":\"https:\\\/\\\/lararkarriar.se\\\/grundskola\\\/wp-content\\\/uploads\\\/sites\\\/12\\\/2021\\\/10\\\/klippan-framtidens-karriar.jpg\",\"datePublished\":\"2021-10-12T10:43:22+00:00\",\"dateModified\":\"2022-10-04T14:48:23+00:00\",\"author\":{\"@id\":\"https:\\\/\\\/lararkarriar.se\\\/grundskola\\\/#\\\/schema\\\/person\\\/2a13a849ec7646386c2211f59afe3083\"},\"breadcrumb\":{\"@id\":\"https:\\\/\\\/lararkarriar.se\\\/grundskola\\\/2021\\\/10\\\/12\\\/samarbetar-for-framtidens-skola\\\/#breadcrumb\"},\"inLanguage\":\"sv-SE\",\"potentialAction\":[{\"@type\":\"ReadAction\",\"target\":[\"https:\\\/\\\/lararkarriar.se\\\/grundskola\\\/2021\\\/10\\\/12\\\/samarbetar-for-framtidens-skola\\\/\"]}]},{\"@type\":\"ImageObject\",\"inLanguage\":\"sv-SE\",\"@id\":\"https:\\\/\\\/lararkarriar.se\\\/grundskola\\\/2021\\\/10\\\/12\\\/samarbetar-for-framtidens-skola\\\/#primaryimage\",\"url\":\"https:\\\/\\\/lararkarriar.se\\\/grundskola\\\/wp-content\\\/uploads\\\/sites\\\/12\\\/2021\\\/10\\\/klippan-framtidens-karriar.jpg\",\"contentUrl\":\"https:\\\/\\\/lararkarriar.se\\\/grundskola\\\/wp-content\\\/uploads\\\/sites\\\/12\\\/2021\\\/10\\\/klippan-framtidens-karriar.jpg\",\"width\":1000,\"height\":666,\"caption\":\"Rose-Marie Lindahl och Helena Abrahamsson \u00e4r stolta \u00f6ver kommun\u00adens nya skola. Foto: Erica M\u00f6llerstedt\"},{\"@type\":\"BreadcrumbList\",\"@id\":\"https:\\\/\\\/lararkarriar.se\\\/grundskola\\\/2021\\\/10\\\/12\\\/samarbetar-for-framtidens-skola\\\/#breadcrumb\",\"itemListElement\":[{\"@type\":\"ListItem\",\"position\":1,\"name\":\"Home\",\"item\":\"https:\\\/\\\/lararkarriar.se\\\/grundskola\\\/\"},{\"@type\":\"ListItem\",\"position\":2,\"name\":\"Samarbetar f\u00f6r framtidens skola\"}]},{\"@type\":\"WebSite\",\"@id\":\"https:\\\/\\\/lararkarriar.se\\\/grundskola\\\/#website\",\"url\":\"https:\\\/\\\/lararkarriar.se\\\/grundskola\\\/\",\"name\":\"Framtidens Karri\u00e4r \u2013 Grundskolel\u00e4rare\",\"description\":\"Just another NMDashboard.se Sites site\",\"potentialAction\":[{\"@type\":\"SearchAction\",\"target\":{\"@type\":\"EntryPoint\",\"urlTemplate\":\"https:\\\/\\\/lararkarriar.se\\\/grundskola\\\/?s={search_term_string}\"},\"query-input\":{\"@type\":\"PropertyValueSpecification\",\"valueRequired\":true,\"valueName\":\"search_term_string\"}}],\"inLanguage\":\"sv-SE\"},{\"@type\":\"Person\",\"@id\":\"https:\\\/\\\/lararkarriar.se\\\/grundskola\\\/#\\\/schema\\\/person\\\/2a13a849ec7646386c2211f59afe3083\",\"name\":\"viktorwallen\",\"image\":{\"@type\":\"ImageObject\",\"inLanguage\":\"sv-SE\",\"@id\":\"https:\\\/\\\/secure.gravatar.com\\\/avatar\\\/701701bd36169636031933997c8c6b954f2f635bbb7cd4802e4a007f9c9f4e59?s=96&d=mm&r=g\",\"url\":\"https:\\\/\\\/secure.gravatar.com\\\/avatar\\\/701701bd36169636031933997c8c6b954f2f635bbb7cd4802e4a007f9c9f4e59?s=96&d=mm&r=g\",\"contentUrl\":\"https:\\\/\\\/secure.gravatar.com\\\/avatar\\\/701701bd36169636031933997c8c6b954f2f635bbb7cd4802e4a007f9c9f4e59?s=96&d=mm&r=g\",\"caption\":\"viktorwallen\"},\"url\":\"https:\\\/\\\/lararkarriar.se\\\/grundskola\\\/author\\\/viktorwallen\\\/\"}]}<\/script>\n<!-- \/ Yoast SEO plugin. -->","yoast_head_json":{"title":"Samarbetar f\u00f6r framtidens skola - Framtidens Karri\u00e4r \u2013 Grundskolel\u00e4rare","robots":{"index":"index","follow":"follow","max-snippet":"max-snippet:-1","max-image-preview":"max-image-preview:large","max-video-preview":"max-video-preview:-1"},"canonical":"https:\/\/lararkarriar.se\/grundskola\/2021\/10\/12\/samarbetar-for-framtidens-skola\/","og_locale":"sv_SE","og_type":"article","og_title":"Samarbetar f\u00f6r framtidens skola - Framtidens Karri\u00e4r \u2013 Grundskolel\u00e4rare","og_description":"Parallellt med satsningen Skola 2026 har den toppmoderna Kungsfiskareskolan tagit form","og_url":"https:\/\/lararkarriar.se\/grundskola\/2021\/10\/12\/samarbetar-for-framtidens-skola\/","og_site_name":"Framtidens Karri\u00e4r \u2013 Grundskolel\u00e4rare","article_published_time":"2021-10-12T10:43:22+00:00","article_modified_time":"2022-10-04T14:48:23+00:00","og_image":[{"width":1000,"height":666,"url":"https:\/\/lararkarriar.se\/grundskola\/wp-content\/uploads\/sites\/12\/2021\/10\/klippan-framtidens-karriar.jpg","type":"image\/jpeg"}],"author":"viktorwallen","twitter_card":"summary_large_image","twitter_misc":{"Skriven av":"viktorwallen","Ber\u00e4knad l\u00e4stid":"3 minuter"},"schema":{"@context":"https:\/\/schema.org","@graph":[{"@type":"Article","@id":"https:\/\/lararkarriar.se\/grundskola\/2021\/10\/12\/samarbetar-for-framtidens-skola\/#article","isPartOf":{"@id":"https:\/\/lararkarriar.se\/grundskola\/2021\/10\/12\/samarbetar-for-framtidens-skola\/"},"author":{"name":"viktorwallen","@id":"https:\/\/lararkarriar.se\/grundskola\/#\/schema\/person\/2a13a849ec7646386c2211f59afe3083"},"headline":"Samarbetar f\u00f6r framtidens skola","datePublished":"2021-10-12T10:43:22+00:00","dateModified":"2022-10-04T14:48:23+00:00","mainEntityOfPage":{"@id":"https:\/\/lararkarriar.se\/grundskola\/2021\/10\/12\/samarbetar-for-framtidens-skola\/"},"wordCount":479,"commentCount":0,"image":{"@id":"https:\/\/lararkarriar.se\/grundskola\/2021\/10\/12\/samarbetar-for-framtidens-skola\/#primaryimage"},"thumbnailUrl":"https:\/\/lararkarriar.se\/grundskola\/wp-content\/uploads\/sites\/12\/2021\/10\/klippan-framtidens-karriar.jpg","keywords":["Klippans kommun"],"articleSection":["Presentation"],"inLanguage":"sv-SE","potentialAction":[{"@type":"CommentAction","name":"Comment","target":["https:\/\/lararkarriar.se\/grundskola\/2021\/10\/12\/samarbetar-for-framtidens-skola\/#respond"]}]},{"@type":"WebPage","@id":"https:\/\/lararkarriar.se\/grundskola\/2021\/10\/12\/samarbetar-for-framtidens-skola\/","url":"https:\/\/lararkarriar.se\/grundskola\/2021\/10\/12\/samarbetar-for-framtidens-skola\/","name":"Samarbetar f\u00f6r framtidens skola - Framtidens Karri\u00e4r \u2013 Grundskolel\u00e4rare","isPartOf":{"@id":"https:\/\/lararkarriar.se\/grundskola\/#website"},"primaryImageOfPage":{"@id":"https:\/\/lararkarriar.se\/grundskola\/2021\/10\/12\/samarbetar-for-framtidens-skola\/#primaryimage"},"image":{"@id":"https:\/\/lararkarriar.se\/grundskola\/2021\/10\/12\/samarbetar-for-framtidens-skola\/#primaryimage"},"thumbnailUrl":"https:\/\/lararkarriar.se\/grundskola\/wp-content\/uploads\/sites\/12\/2021\/10\/klippan-framtidens-karriar.jpg","datePublished":"2021-10-12T10:43:22+00:00","dateModified":"2022-10-04T14:48:23+00:00","author":{"@id":"https:\/\/lararkarriar.se\/grundskola\/#\/schema\/person\/2a13a849ec7646386c2211f59afe3083"},"breadcrumb":{"@id":"https:\/\/lararkarriar.se\/grundskola\/2021\/10\/12\/samarbetar-for-framtidens-skola\/#breadcrumb"},"inLanguage":"sv-SE","potentialAction":[{"@type":"ReadAction","target":["https:\/\/lararkarriar.se\/grundskola\/2021\/10\/12\/samarbetar-for-framtidens-skola\/"]}]},{"@type":"ImageObject","inLanguage":"sv-SE","@id":"https:\/\/lararkarriar.se\/grundskola\/2021\/10\/12\/samarbetar-for-framtidens-skola\/#primaryimage","url":"https:\/\/lararkarriar.se\/grundskola\/wp-content\/uploads\/sites\/12\/2021\/10\/klippan-framtidens-karriar.jpg","contentUrl":"https:\/\/lararkarriar.se\/grundskola\/wp-content\/uploads\/sites\/12\/2021\/10\/klippan-framtidens-karriar.jpg","width":1000,"height":666,"caption":"Rose-Marie Lindahl och Helena Abrahamsson \u00e4r stolta \u00f6ver kommun\u00adens nya skola. Foto: Erica M\u00f6llerstedt"},{"@type":"BreadcrumbList","@id":"https:\/\/lararkarriar.se\/grundskola\/2021\/10\/12\/samarbetar-for-framtidens-skola\/#breadcrumb","itemListElement":[{"@type":"ListItem","position":1,"name":"Home","item":"https:\/\/lararkarriar.se\/grundskola\/"},{"@type":"ListItem","position":2,"name":"Samarbetar f\u00f6r framtidens skola"}]},{"@type":"WebSite","@id":"https:\/\/lararkarriar.se\/grundskola\/#website","url":"https:\/\/lararkarriar.se\/grundskola\/","name":"Framtidens Karri\u00e4r \u2013 Grundskolel\u00e4rare","description":"Just another NMDashboard.se Sites site","potentialAction":[{"@type":"SearchAction","target":{"@type":"EntryPoint","urlTemplate":"https:\/\/lararkarriar.se\/grundskola\/?s={search_term_string}"},"query-input":{"@type":"PropertyValueSpecification","valueRequired":true,"valueName":"search_term_string"}}],"inLanguage":"sv-SE"},{"@type":"Person","@id":"https:\/\/lararkarriar.se\/grundskola\/#\/schema\/person\/2a13a849ec7646386c2211f59afe3083","name":"viktorwallen","image":{"@type":"ImageObject","inLanguage":"sv-SE","@id":"https:\/\/secure.gravatar.com\/avatar\/701701bd36169636031933997c8c6b954f2f635bbb7cd4802e4a007f9c9f4e59?s=96&d=mm&r=g","url":"https:\/\/secure.gravatar.com\/avatar\/701701bd36169636031933997c8c6b954f2f635bbb7cd4802e4a007f9c9f4e59?s=96&d=mm&r=g","contentUrl":"https:\/\/secure.gravatar.com\/avatar\/701701bd36169636031933997c8c6b954f2f635bbb7cd4802e4a007f9c9f4e59?s=96&d=mm&r=g","caption":"viktorwallen"},"url":"https:\/\/lararkarriar.se\/grundskola\/author\/viktorwallen\/"}]}},"_links":{"self":[{"href":"https:\/\/lararkarriar.se\/grundskola\/wp-json\/wp\/v2\/posts\/7343","targetHints":{"allow":["GET"]}}],"collection":[{"href":"https:\/\/lararkarriar.se\/grundskola\/wp-json\/wp\/v2\/posts"}],"about":[{"href":"https:\/\/lararkarriar.se\/grundskola\/wp-json\/wp\/v2\/types\/post"}],"author":[{"embeddable":true,"href":"https:\/\/lararkarriar.se\/grundskola\/wp-json\/wp\/v2\/users\/2"}],"replies":[{"embeddable":true,"href":"https:\/\/lararkarriar.se\/grundskola\/wp-json\/wp\/v2\/comments?post=7343"}],"version-history":[{"count":6,"href":"https:\/\/lararkarriar.se\/grundskola\/wp-json\/wp\/v2\/posts\/7343\/revisions"}],"predecessor-version":[{"id":7953,"href":"https:\/\/lararkarriar.se\/grundskola\/wp-json\/wp\/v2\/posts\/7343\/revisions\/7953"}],"wp:featuredmedia":[{"embeddable":true,"href":"https:\/\/lararkarriar.se\/grundskola\/wp-json\/wp\/v2\/media\/7344"}],"wp:attachment":[{"href":"https:\/\/lararkarriar.se\/grundskola\/wp-json\/wp\/v2\/media?parent=7343"}],"wp:term":[{"taxonomy":"category","embeddable":true,"href":"https:\/\/lararkarriar.se\/grundskola\/wp-json\/wp\/v2\/categories?post=7343"},{"taxonomy":"post_tag","embeddable":true,"href":"https:\/\/lararkarriar.se\/grundskola\/wp-json\/wp\/v2\/tags?post=7343"}],"curies":[{"name":"wp","href":"https:\/\/api.w.org\/{rel}","templated":true}]}}