{"id":7351,"date":"2021-10-12T10:52:15","date_gmt":"2021-10-12T10:52:15","guid":{"rendered":"https:\/\/lararkarriar.se\/grundskola\/?p=7351"},"modified":"2022-10-04T14:48:16","modified_gmt":"2022-10-04T14:48:16","slug":"forandringsarbete-kraver-mod","status":"publish","type":"post","link":"https:\/\/lararkarriar.se\/grundskola\/2021\/10\/12\/forandringsarbete-kraver-mod\/","title":{"rendered":"F\u00f6r\u00e4ndringsarbete kr\u00e4ver mod"},"content":{"rendered":"\n<figure class=\"wp-block-image size-full\"><img loading=\"lazy\" decoding=\"async\" width=\"1000\" height=\"675\" src=\"https:\/\/lararkarriar.se\/grundskola\/wp-content\/uploads\/sites\/12\/2021\/10\/kristianstad-a7r9794.jpg\" alt=\"Nadja Pilb\u00e4ck, rektor, Malin Sandberg, f\u00f6rstel\u00e4rare och Maja \u00d6rjeg\u00e5rd, fritidsledare p\u00e5 K\u00f6pinge skola i Kristianstad. Foto: Daniel Larsson\" class=\"wp-image-7352\" srcset=\"https:\/\/lararkarriar.se\/grundskola\/wp-content\/uploads\/sites\/12\/2021\/10\/kristianstad-a7r9794.jpg 1000w, https:\/\/lararkarriar.se\/grundskola\/wp-content\/uploads\/sites\/12\/2021\/10\/kristianstad-a7r9794-300x203.jpg 300w, https:\/\/lararkarriar.se\/grundskola\/wp-content\/uploads\/sites\/12\/2021\/10\/kristianstad-a7r9794-768x518.jpg 768w, https:\/\/lararkarriar.se\/grundskola\/wp-content\/uploads\/sites\/12\/2021\/10\/kristianstad-a7r9794-237x160.jpg 237w, https:\/\/lararkarriar.se\/grundskola\/wp-content\/uploads\/sites\/12\/2021\/10\/kristianstad-a7r9794-526x355.jpg 526w, https:\/\/lararkarriar.se\/grundskola\/wp-content\/uploads\/sites\/12\/2021\/10\/kristianstad-a7r9794-720x486.jpg 720w, https:\/\/lararkarriar.se\/grundskola\/wp-content\/uploads\/sites\/12\/2021\/10\/kristianstad-a7r9794-960x648.jpg 960w\" sizes=\"auto, (max-width: 1000px) 100vw, 1000px\" \/><figcaption>Nadja Pilb\u00e4ck, rektor, Malin Sandberg, f\u00f6rstel\u00e4rare och Maja \u00d6rjeg\u00e5rd, fritidsledare p\u00e5 K\u00f6pinge skola i Kristianstad. Foto: Daniel Larsson<\/figcaption><\/figure>\n\n\n\n<p><strong>Med ett engagerat ledarskap och en tydlig vision har K\u00f6pinge skola i Kristanstad skapat en positiv spiral d\u00e4r struktur, elevinflytande och ett \u00f6kat samarbete mellan alla skolans delar ger b\u00e5de arbetsgl\u00e4dje och f\u00f6rb\u00e4ttrade resultat.<\/strong><\/p>\n\n\n\n<p>Sedan 2019 finns en gemensam vision och strategi f\u00f6r \u00f6kad m\u00e5luppfyllelse i Kristianstad kommun, men f\u00f6r\u00e4ndringsarbetet p\u00e5 K\u00f6pinge skola p\u00e5b\u00f6rjades l\u00e5ngt innan det, d\u00e5 de i flera utv\u00e4rderingar fr\u00e5n Skolinspektionen f\u00e5tt samma problem p\u00e5pekade f\u00f6r sig. Man beslutade d\u00e5 att ta riktiga krafttag f\u00f6r att v\u00e4nda utvecklingen.<br>2017 blev Nadja Pilb\u00e4ck ny rektor f\u00f6r skolan. Hon och f\u00f6rstel\u00e4rare Malin Sandberg har b\u00e5da haft fokus p\u00e5 f\u00f6r\u00e4ndringsarbetet.<br>\u2013 Det f\u00f6rsta steget i v\u00e5r process blev en ing\u00e5ende kartl\u00e4ggning av verksamheten f\u00f6r att med egna \u00f6gon och \u00f6ron f\u00e5 en uppfattning om vad som fungerade och inte, ber\u00e4ttar Nadja Pilb\u00e4ck.<\/p>\n\n\n\n<p class=\"has-color-white-01-color has-text-color has-background\" style=\"background-color:#00404e\"><strong><a href=\"https:\/\/www.kristianstad.se\/sv\/jobb-och-foretagande\/jobb_och_praktik\/lediga-jobb\/?category=Pedagogiskt%20arbete\" title=\"Kristianstads kommun pres HT21 jobb ans\u00f6k\" target=\"_blank\" rel=\"noreferrer noopener\"><span style=\"text-decoration: underline;\">Jobba som l\u00e4rare med oss i Kristianstad. Klicka h\u00e4r f\u00f6r att se v\u00e5ra lediga tj\u00e4nster<\/span><\/a><\/strong><\/p>\n\n\n\n<p><strong>Viktigt att prioritera<\/strong><br>Kartl\u00e4ggningen ledde till m\u00e5nga nya insikter och f\u00f6rslag p\u00e5 f\u00f6r\u00e4ndringar, n\u00e4stan f\u00f6r m\u00e5nga.<br>\u2013 F\u00f6r att inte drunkna i alla f\u00f6rslag s\u00e5 beh\u00f6vde vi g\u00f6ra en tydlig prioritering och en strategi f\u00f6r hur vi skulle ta oss an arbetet. Sedan har vi systematiskt betat av omr\u00e5de f\u00f6r omr\u00e5de, ber\u00e4ttar Nadja Pilb\u00e4ck.<br>En viktig sak som de tidigt blev medvetna om var att den d\u00e5 r\u00e5dande inre kulturen utgick fr\u00e5n varje l\u00e4rares eget arbete, inte utifr\u00e5n skolans gemensamma m\u00e5l och visioner.<br>\u2013 Kulturen p\u00e5 skolan innebar separerade verksamheter och subjektiva bed\u00f6mningar. Det saknades ett helhetsperspektiv med skolans styrdokument i fokus, konstaterar Nadja Pilb\u00e4ck.<\/p>\n\n\n\n<p><strong>Alla lika viktiga<\/strong><br>En som varit med om hela f\u00f6r\u00e4ndringen, och som idag \u00e4r en av nyckelpersonerna inom Framg\u00e5ngsrik undervisning med fritids som fokus, \u00e4r fritidsledaren Maja \u00d6rjeg\u00e5rd.<br>\u2013 En av de st\u00f6rsta skillnaderna nu fr\u00e5n tidigare \u00e4r att vi alla som jobbar p\u00e5 skolan idag k\u00e4nner att vi \u00e4r lika viktiga f\u00f6r att eleverna ska lyckats n\u00e5 sin fulla potential. Framg\u00e5ngsrik undervisning inneb\u00e4r att utforma gemensamma m\u00e5l f\u00f6r hela skolans verksamhet. Sedan kommer vi inom de olika verksamheterna att v\u00e4lja olika v\u00e4gar f\u00f6r att ge f\u00f6ruts\u00e4ttningar f\u00f6r en \u00f6kad m\u00e5luppfyllelse, f\u00f6rklarar hon.<\/p>\n\n\n\n<p><strong>Framg\u00e5ngsrik undervisning<\/strong><br>Framg\u00e5ngsrik undervisning \u00e4r en satsning synlig p\u00e5 alla niv\u00e5er i kommunen. En strategi togs fram p\u00e5 K\u00f6pinge skola och utvecklingsarbetet tog ny form. Satsningen innebar ett riktat st\u00f6d fr\u00e5n Kristianstad kommun med samma m\u00e5ls\u00e4ttning f\u00f6r alla skolor \u2013 h\u00f6jda resultat.<br>\u2013 F\u00f6r oss var det mycket v\u00e4rdefullt att vi fick en utvecklingsstrateg knuten till oss som bidragit mycket i v\u00e5r process. Hon har kunnat ge oss feedback p\u00e5 v\u00e5rt arbete och hj\u00e4lpt oss att lyfta blicken, ber\u00e4ttar Nadja Pilb\u00e4ck.<br>P\u00e5 skolans gemensamma planeringsdagar \u00e4r Framg\u00e5ngsrik undervisning ett st\u00e5ende inslag. Genom kollegialt l\u00e4rande s\u00e4tts didaktiska fr\u00e5gor i fokus som driver utvecklingsarbetet fram\u00e5t. Omr\u00e5den som diskuteras \u00e4r bed\u00f6mning, l\u00e4rande-matriser och elevdelaktiga aktiviteter som skapar f\u00f6ruts\u00e4ttningar f\u00f6r l\u00e4randet. Efter varje planeringsdag f\u00e5r pedagogerna med sig nya id\u00e9er som pr\u00f6vas i verksamheten och effekterna diskuteras vid n\u00e4sta planeringsdag.<\/p>\n\n\n\n<p><strong>Mod, tid och helhet<\/strong><br>En viktig f\u00f6r\u00e4ndring \u00e4r ett tydligare resultatfokus. Ett s\u00e5 omfattande f\u00f6r\u00e4ndringsarbete som de bedriver tar tid, men de ser redan positiva resultat.<br>\u2013 Fr\u00e5n att tidigare ha legat under kommunens snitt ligger vi nu \u00f6ver snittet i flera \u00e4mnen, och elever s\u00e4ger sig nu l\u00e4ttare hitta sina strategier f\u00f6r att kunna n\u00e5 en h\u00f6gre m\u00e5luppfyllelse, ber\u00e4ttar Malin Sandberg stolt.<br>Alla tre \u00e4r eniga om att det framf\u00f6r allt \u00e4r tre saker som gjort att de lyckats s\u00e5 bra i sitt f\u00f6r\u00e4ndringsarbete och inom ramen Framg\u00e5ngsrik undervisning \u2013 mod, tid och en helhetssyn.<br>\u2013 Man m\u00e5ste f\u00f6rst\u00e5 att det kr\u00e4vs ett stort mod f\u00f6r att s\u00e4tta i g\u00e5ng en f\u00f6r\u00e4ndring som inte alla kommer att gilla, men har man modet kan man n\u00e5 mycket l\u00e5ngt. Dessutom m\u00e5ste jag som rektor se till att medarbetarna som jobbar med f\u00f6r\u00e4ndringen f\u00e5r tillr\u00e4ckligt med tid f\u00f6r det och att alla verksamhetsdelar jobbar tillsammans p\u00e5 lika villkor med f\u00f6r\u00e4ndringen, konstaterar Nadja Pilb\u00e4ck.<\/p>\n\n\n\n<p><strong>Fr\u00e5n g\u00f6rande till l\u00e4rande<\/strong><br>Malin Sandberg ber\u00e4ttar avslutningsvis att de f\u00f6r\u00e4ndrat en kultur fr\u00e5n ett g\u00f6rande till ett l\u00e4rande.<br>\u2013 Under \u00e5ren har jag sett hur m\u00e5nga l\u00e4rare fokuserar p\u00e5 att g\u00f6ra s\u00e5 m\u00e5nga saker som m\u00f6jligt under en lektion, men min erfarenhet \u00e4r att det inte \u00e4r g\u00f6randet som \u00e4r det viktiga utan vad eleverna faktiskt l\u00e4r sig under en lektion. S\u00e5 h\u00e4r jobbar vi numera utifr\u00e5n l\u00e4rande, och alla, b\u00e5de elever och l\u00e4rare, st\u00e4ller sig fr\u00e5gan \u201dVad \u00e4r l\u00e4randet i detta?\u201d<\/p>\n\n\n\n<p class=\"has-color-white-01-color has-text-color has-background\" style=\"background-color:#00404e\"><strong><a href=\"https:\/\/www.kristianstad.se\/sv\/jobb-och-foretagande\/jobb_och_praktik\/lediga-jobb\/?category=Pedagogiskt%20arbete\" title=\"Kristianstads kommun pres HT21 jobb ans\u00f6k\" target=\"_blank\" rel=\"noreferrer noopener\"><span style=\"text-decoration: underline;\">Jobba som l\u00e4rare med oss i Kristianstad. Klicka h\u00e4r f\u00f6r att se v\u00e5ra lediga tj\u00e4nster<\/span><\/a><\/strong><\/p>\n\n\n\n<div class=\"wp-block-group faktaruta\"><div class=\"wp-block-group__inner-container is-layout-flow wp-block-group-is-layout-flow\">\n<h6 class=\"wp-block-heading\">Kristianstads kommun<\/h6>\n\n\n\n<p>Framg\u00e5ngsrik undervisning kallas insatsen som innefattar samtliga delar av styrkedjan: f\u00f6rvaltningschef \u2013 skolchefer \u2013 skolledare \u2013 l\u00e4rare \u2013 elever. Syftet \u00e4r att h\u00f6ja elevernas m\u00e5luppfyllelse och \u00f6ka likv\u00e4rdigheten i synen p\u00e5 god undervisning i Kristianstad kommun. Insatsen inleddes v\u00e5ren 2019 och kommer att p\u00e5g\u00e5 under flera \u00e5r fram\u00f6ver. Framg\u00e5ngsrik<br>undervisning \u00e4r en insats som innefattar flera olika delar, bland annat ing\u00e5r satsningar kring nyanl\u00e4ndas l\u00e4rande och digitalisering. Insatsen utg\u00e5r fr\u00e5n skolans identifierade behov.<br><br><strong><a title=\"Kristianstads kommun pres HT21 textlink\" href=\"https:\/\/www.kristianstad.se\/\" target=\"_blank\" rel=\"noreferrer noopener\">www.kristianstad.se<\/a><\/strong><br><br><a href=\"https:\/\/www.kristianstad.se\/\" title=\"Kristianstads kommun pres HT21 logotype\" target=\"_blank\" rel=\"noreferrer noopener\"><img loading=\"lazy\" decoding=\"async\" width=\"150\" height=\"48\" class=\"wp-image-7353\" style=\"width: 150px;\" src=\"https:\/\/lararkarriar.se\/grundskola\/wp-content\/uploads\/sites\/12\/2021\/10\/kristianstad-logo-cmyk.png\" alt=\"\" srcset=\"https:\/\/lararkarriar.se\/grundskola\/wp-content\/uploads\/sites\/12\/2021\/10\/kristianstad-logo-cmyk.png 500w, https:\/\/lararkarriar.se\/grundskola\/wp-content\/uploads\/sites\/12\/2021\/10\/kristianstad-logo-cmyk-300x96.png 300w\" sizes=\"auto, (max-width: 150px) 100vw, 150px\" \/><\/a><\/p>\n<\/div><\/div>\n","protected":false},"excerpt":{"rendered":"<p>Struktur, elevinflytande och ett \u00f6kat samarbete ger b\u00e5de arbetsgl\u00e4dje och f\u00f6rb\u00e4ttrade resultat.<\/p>\n","protected":false},"author":2,"featured_media":7352,"comment_status":"open","ping_status":"open","sticky":false,"template":"","format":"standard","meta":{"_acf_changed":false,"_monsterinsights_skip_tracking":false,"_monsterinsights_sitenote_active":false,"_monsterinsights_sitenote_note":"","_monsterinsights_sitenote_category":0,"footnotes":""},"categories":[7],"tags":[181],"class_list":["post-7351","post","type-post","status-publish","format-standard","has-post-thumbnail","hentry","category-presentation","tag-kristianstads-kommun"],"acf":[],"yoast_head":"<!-- This site is optimized with the Yoast SEO plugin v27.3 - https:\/\/yoast.com\/product\/yoast-seo-wordpress\/ -->\n<title>F\u00f6r\u00e4ndringsarbete kr\u00e4ver mod - Framtidens Karri\u00e4r \u2013 Grundskolel\u00e4rare<\/title>\n<meta name=\"robots\" content=\"index, follow, max-snippet:-1, max-image-preview:large, max-video-preview:-1\" \/>\n<link rel=\"canonical\" href=\"https:\/\/lararkarriar.se\/grundskola\/2021\/10\/12\/forandringsarbete-kraver-mod\/\" \/>\n<meta property=\"og:locale\" content=\"sv_SE\" \/>\n<meta property=\"og:type\" content=\"article\" \/>\n<meta property=\"og:title\" content=\"F\u00f6r\u00e4ndringsarbete kr\u00e4ver mod - Framtidens Karri\u00e4r \u2013 Grundskolel\u00e4rare\" \/>\n<meta property=\"og:description\" content=\"Struktur, elevinflytande och ett \u00f6kat samarbete ger b\u00e5de arbetsgl\u00e4dje och f\u00f6rb\u00e4ttrade resultat.\" \/>\n<meta property=\"og:url\" content=\"https:\/\/lararkarriar.se\/grundskola\/2021\/10\/12\/forandringsarbete-kraver-mod\/\" \/>\n<meta property=\"og:site_name\" content=\"Framtidens Karri\u00e4r \u2013 Grundskolel\u00e4rare\" \/>\n<meta property=\"article:published_time\" content=\"2021-10-12T10:52:15+00:00\" \/>\n<meta property=\"article:modified_time\" content=\"2022-10-04T14:48:16+00:00\" \/>\n<meta property=\"og:image\" content=\"https:\/\/lararkarriar.se\/grundskola\/wp-content\/uploads\/sites\/12\/2021\/10\/kristianstad-a7r9794.jpg\" \/>\n\t<meta property=\"og:image:width\" content=\"1000\" \/>\n\t<meta property=\"og:image:height\" content=\"675\" \/>\n\t<meta property=\"og:image:type\" content=\"image\/jpeg\" \/>\n<meta name=\"author\" content=\"viktorwallen\" \/>\n<meta name=\"twitter:card\" content=\"summary_large_image\" \/>\n<meta name=\"twitter:label1\" content=\"Skriven av\" \/>\n\t<meta name=\"twitter:data1\" content=\"viktorwallen\" \/>\n\t<meta name=\"twitter:label2\" content=\"Ber\u00e4knad l\u00e4stid\" \/>\n\t<meta name=\"twitter:data2\" content=\"5 minuter\" \/>\n<script type=\"application\/ld+json\" class=\"yoast-schema-graph\">{\"@context\":\"https:\\\/\\\/schema.org\",\"@graph\":[{\"@type\":\"Article\",\"@id\":\"https:\\\/\\\/lararkarriar.se\\\/grundskola\\\/2021\\\/10\\\/12\\\/forandringsarbete-kraver-mod\\\/#article\",\"isPartOf\":{\"@id\":\"https:\\\/\\\/lararkarriar.se\\\/grundskola\\\/2021\\\/10\\\/12\\\/forandringsarbete-kraver-mod\\\/\"},\"author\":{\"name\":\"viktorwallen\",\"@id\":\"https:\\\/\\\/lararkarriar.se\\\/grundskola\\\/#\\\/schema\\\/person\\\/2a13a849ec7646386c2211f59afe3083\"},\"headline\":\"F\u00f6r\u00e4ndringsarbete kr\u00e4ver mod\",\"datePublished\":\"2021-10-12T10:52:15+00:00\",\"dateModified\":\"2022-10-04T14:48:16+00:00\",\"mainEntityOfPage\":{\"@id\":\"https:\\\/\\\/lararkarriar.se\\\/grundskola\\\/2021\\\/10\\\/12\\\/forandringsarbete-kraver-mod\\\/\"},\"wordCount\":1025,\"commentCount\":0,\"image\":{\"@id\":\"https:\\\/\\\/lararkarriar.se\\\/grundskola\\\/2021\\\/10\\\/12\\\/forandringsarbete-kraver-mod\\\/#primaryimage\"},\"thumbnailUrl\":\"https:\\\/\\\/lararkarriar.se\\\/grundskola\\\/wp-content\\\/uploads\\\/sites\\\/12\\\/2021\\\/10\\\/kristianstad-a7r9794.jpg\",\"keywords\":[\"Kristianstads kommun\"],\"articleSection\":[\"Presentation\"],\"inLanguage\":\"sv-SE\",\"potentialAction\":[{\"@type\":\"CommentAction\",\"name\":\"Comment\",\"target\":[\"https:\\\/\\\/lararkarriar.se\\\/grundskola\\\/2021\\\/10\\\/12\\\/forandringsarbete-kraver-mod\\\/#respond\"]}]},{\"@type\":\"WebPage\",\"@id\":\"https:\\\/\\\/lararkarriar.se\\\/grundskola\\\/2021\\\/10\\\/12\\\/forandringsarbete-kraver-mod\\\/\",\"url\":\"https:\\\/\\\/lararkarriar.se\\\/grundskola\\\/2021\\\/10\\\/12\\\/forandringsarbete-kraver-mod\\\/\",\"name\":\"F\u00f6r\u00e4ndringsarbete kr\u00e4ver mod - Framtidens Karri\u00e4r \u2013 Grundskolel\u00e4rare\",\"isPartOf\":{\"@id\":\"https:\\\/\\\/lararkarriar.se\\\/grundskola\\\/#website\"},\"primaryImageOfPage\":{\"@id\":\"https:\\\/\\\/lararkarriar.se\\\/grundskola\\\/2021\\\/10\\\/12\\\/forandringsarbete-kraver-mod\\\/#primaryimage\"},\"image\":{\"@id\":\"https:\\\/\\\/lararkarriar.se\\\/grundskola\\\/2021\\\/10\\\/12\\\/forandringsarbete-kraver-mod\\\/#primaryimage\"},\"thumbnailUrl\":\"https:\\\/\\\/lararkarriar.se\\\/grundskola\\\/wp-content\\\/uploads\\\/sites\\\/12\\\/2021\\\/10\\\/kristianstad-a7r9794.jpg\",\"datePublished\":\"2021-10-12T10:52:15+00:00\",\"dateModified\":\"2022-10-04T14:48:16+00:00\",\"author\":{\"@id\":\"https:\\\/\\\/lararkarriar.se\\\/grundskola\\\/#\\\/schema\\\/person\\\/2a13a849ec7646386c2211f59afe3083\"},\"breadcrumb\":{\"@id\":\"https:\\\/\\\/lararkarriar.se\\\/grundskola\\\/2021\\\/10\\\/12\\\/forandringsarbete-kraver-mod\\\/#breadcrumb\"},\"inLanguage\":\"sv-SE\",\"potentialAction\":[{\"@type\":\"ReadAction\",\"target\":[\"https:\\\/\\\/lararkarriar.se\\\/grundskola\\\/2021\\\/10\\\/12\\\/forandringsarbete-kraver-mod\\\/\"]}]},{\"@type\":\"ImageObject\",\"inLanguage\":\"sv-SE\",\"@id\":\"https:\\\/\\\/lararkarriar.se\\\/grundskola\\\/2021\\\/10\\\/12\\\/forandringsarbete-kraver-mod\\\/#primaryimage\",\"url\":\"https:\\\/\\\/lararkarriar.se\\\/grundskola\\\/wp-content\\\/uploads\\\/sites\\\/12\\\/2021\\\/10\\\/kristianstad-a7r9794.jpg\",\"contentUrl\":\"https:\\\/\\\/lararkarriar.se\\\/grundskola\\\/wp-content\\\/uploads\\\/sites\\\/12\\\/2021\\\/10\\\/kristianstad-a7r9794.jpg\",\"width\":1000,\"height\":675,\"caption\":\"Nadja Pilb\u00e4ck, rektor, Malin Sandberg, f\u00f6rstel\u00e4rare och Maja \u00d6rjeg\u00e5rd, fritidsledare p\u00e5 K\u00f6pinge skola i Kristianstad. Foto: Daniel Larsson\"},{\"@type\":\"BreadcrumbList\",\"@id\":\"https:\\\/\\\/lararkarriar.se\\\/grundskola\\\/2021\\\/10\\\/12\\\/forandringsarbete-kraver-mod\\\/#breadcrumb\",\"itemListElement\":[{\"@type\":\"ListItem\",\"position\":1,\"name\":\"Home\",\"item\":\"https:\\\/\\\/lararkarriar.se\\\/grundskola\\\/\"},{\"@type\":\"ListItem\",\"position\":2,\"name\":\"F\u00f6r\u00e4ndringsarbete kr\u00e4ver mod\"}]},{\"@type\":\"WebSite\",\"@id\":\"https:\\\/\\\/lararkarriar.se\\\/grundskola\\\/#website\",\"url\":\"https:\\\/\\\/lararkarriar.se\\\/grundskola\\\/\",\"name\":\"Framtidens Karri\u00e4r \u2013 Grundskolel\u00e4rare\",\"description\":\"Just another NMDashboard.se Sites site\",\"potentialAction\":[{\"@type\":\"SearchAction\",\"target\":{\"@type\":\"EntryPoint\",\"urlTemplate\":\"https:\\\/\\\/lararkarriar.se\\\/grundskola\\\/?s={search_term_string}\"},\"query-input\":{\"@type\":\"PropertyValueSpecification\",\"valueRequired\":true,\"valueName\":\"search_term_string\"}}],\"inLanguage\":\"sv-SE\"},{\"@type\":\"Person\",\"@id\":\"https:\\\/\\\/lararkarriar.se\\\/grundskola\\\/#\\\/schema\\\/person\\\/2a13a849ec7646386c2211f59afe3083\",\"name\":\"viktorwallen\",\"image\":{\"@type\":\"ImageObject\",\"inLanguage\":\"sv-SE\",\"@id\":\"https:\\\/\\\/secure.gravatar.com\\\/avatar\\\/701701bd36169636031933997c8c6b954f2f635bbb7cd4802e4a007f9c9f4e59?s=96&d=mm&r=g\",\"url\":\"https:\\\/\\\/secure.gravatar.com\\\/avatar\\\/701701bd36169636031933997c8c6b954f2f635bbb7cd4802e4a007f9c9f4e59?s=96&d=mm&r=g\",\"contentUrl\":\"https:\\\/\\\/secure.gravatar.com\\\/avatar\\\/701701bd36169636031933997c8c6b954f2f635bbb7cd4802e4a007f9c9f4e59?s=96&d=mm&r=g\",\"caption\":\"viktorwallen\"},\"url\":\"https:\\\/\\\/lararkarriar.se\\\/grundskola\\\/author\\\/viktorwallen\\\/\"}]}<\/script>\n<!-- \/ Yoast SEO plugin. -->","yoast_head_json":{"title":"F\u00f6r\u00e4ndringsarbete kr\u00e4ver mod - Framtidens Karri\u00e4r \u2013 Grundskolel\u00e4rare","robots":{"index":"index","follow":"follow","max-snippet":"max-snippet:-1","max-image-preview":"max-image-preview:large","max-video-preview":"max-video-preview:-1"},"canonical":"https:\/\/lararkarriar.se\/grundskola\/2021\/10\/12\/forandringsarbete-kraver-mod\/","og_locale":"sv_SE","og_type":"article","og_title":"F\u00f6r\u00e4ndringsarbete kr\u00e4ver mod - Framtidens Karri\u00e4r \u2013 Grundskolel\u00e4rare","og_description":"Struktur, elevinflytande och ett \u00f6kat samarbete ger b\u00e5de arbetsgl\u00e4dje och f\u00f6rb\u00e4ttrade resultat.","og_url":"https:\/\/lararkarriar.se\/grundskola\/2021\/10\/12\/forandringsarbete-kraver-mod\/","og_site_name":"Framtidens Karri\u00e4r \u2013 Grundskolel\u00e4rare","article_published_time":"2021-10-12T10:52:15+00:00","article_modified_time":"2022-10-04T14:48:16+00:00","og_image":[{"width":1000,"height":675,"url":"https:\/\/lararkarriar.se\/grundskola\/wp-content\/uploads\/sites\/12\/2021\/10\/kristianstad-a7r9794.jpg","type":"image\/jpeg"}],"author":"viktorwallen","twitter_card":"summary_large_image","twitter_misc":{"Skriven av":"viktorwallen","Ber\u00e4knad l\u00e4stid":"5 minuter"},"schema":{"@context":"https:\/\/schema.org","@graph":[{"@type":"Article","@id":"https:\/\/lararkarriar.se\/grundskola\/2021\/10\/12\/forandringsarbete-kraver-mod\/#article","isPartOf":{"@id":"https:\/\/lararkarriar.se\/grundskola\/2021\/10\/12\/forandringsarbete-kraver-mod\/"},"author":{"name":"viktorwallen","@id":"https:\/\/lararkarriar.se\/grundskola\/#\/schema\/person\/2a13a849ec7646386c2211f59afe3083"},"headline":"F\u00f6r\u00e4ndringsarbete kr\u00e4ver mod","datePublished":"2021-10-12T10:52:15+00:00","dateModified":"2022-10-04T14:48:16+00:00","mainEntityOfPage":{"@id":"https:\/\/lararkarriar.se\/grundskola\/2021\/10\/12\/forandringsarbete-kraver-mod\/"},"wordCount":1025,"commentCount":0,"image":{"@id":"https:\/\/lararkarriar.se\/grundskola\/2021\/10\/12\/forandringsarbete-kraver-mod\/#primaryimage"},"thumbnailUrl":"https:\/\/lararkarriar.se\/grundskola\/wp-content\/uploads\/sites\/12\/2021\/10\/kristianstad-a7r9794.jpg","keywords":["Kristianstads kommun"],"articleSection":["Presentation"],"inLanguage":"sv-SE","potentialAction":[{"@type":"CommentAction","name":"Comment","target":["https:\/\/lararkarriar.se\/grundskola\/2021\/10\/12\/forandringsarbete-kraver-mod\/#respond"]}]},{"@type":"WebPage","@id":"https:\/\/lararkarriar.se\/grundskola\/2021\/10\/12\/forandringsarbete-kraver-mod\/","url":"https:\/\/lararkarriar.se\/grundskola\/2021\/10\/12\/forandringsarbete-kraver-mod\/","name":"F\u00f6r\u00e4ndringsarbete kr\u00e4ver mod - Framtidens Karri\u00e4r \u2013 Grundskolel\u00e4rare","isPartOf":{"@id":"https:\/\/lararkarriar.se\/grundskola\/#website"},"primaryImageOfPage":{"@id":"https:\/\/lararkarriar.se\/grundskola\/2021\/10\/12\/forandringsarbete-kraver-mod\/#primaryimage"},"image":{"@id":"https:\/\/lararkarriar.se\/grundskola\/2021\/10\/12\/forandringsarbete-kraver-mod\/#primaryimage"},"thumbnailUrl":"https:\/\/lararkarriar.se\/grundskola\/wp-content\/uploads\/sites\/12\/2021\/10\/kristianstad-a7r9794.jpg","datePublished":"2021-10-12T10:52:15+00:00","dateModified":"2022-10-04T14:48:16+00:00","author":{"@id":"https:\/\/lararkarriar.se\/grundskola\/#\/schema\/person\/2a13a849ec7646386c2211f59afe3083"},"breadcrumb":{"@id":"https:\/\/lararkarriar.se\/grundskola\/2021\/10\/12\/forandringsarbete-kraver-mod\/#breadcrumb"},"inLanguage":"sv-SE","potentialAction":[{"@type":"ReadAction","target":["https:\/\/lararkarriar.se\/grundskola\/2021\/10\/12\/forandringsarbete-kraver-mod\/"]}]},{"@type":"ImageObject","inLanguage":"sv-SE","@id":"https:\/\/lararkarriar.se\/grundskola\/2021\/10\/12\/forandringsarbete-kraver-mod\/#primaryimage","url":"https:\/\/lararkarriar.se\/grundskola\/wp-content\/uploads\/sites\/12\/2021\/10\/kristianstad-a7r9794.jpg","contentUrl":"https:\/\/lararkarriar.se\/grundskola\/wp-content\/uploads\/sites\/12\/2021\/10\/kristianstad-a7r9794.jpg","width":1000,"height":675,"caption":"Nadja Pilb\u00e4ck, rektor, Malin Sandberg, f\u00f6rstel\u00e4rare och Maja \u00d6rjeg\u00e5rd, fritidsledare p\u00e5 K\u00f6pinge skola i Kristianstad. Foto: Daniel Larsson"},{"@type":"BreadcrumbList","@id":"https:\/\/lararkarriar.se\/grundskola\/2021\/10\/12\/forandringsarbete-kraver-mod\/#breadcrumb","itemListElement":[{"@type":"ListItem","position":1,"name":"Home","item":"https:\/\/lararkarriar.se\/grundskola\/"},{"@type":"ListItem","position":2,"name":"F\u00f6r\u00e4ndringsarbete kr\u00e4ver mod"}]},{"@type":"WebSite","@id":"https:\/\/lararkarriar.se\/grundskola\/#website","url":"https:\/\/lararkarriar.se\/grundskola\/","name":"Framtidens Karri\u00e4r \u2013 Grundskolel\u00e4rare","description":"Just another NMDashboard.se Sites site","potentialAction":[{"@type":"SearchAction","target":{"@type":"EntryPoint","urlTemplate":"https:\/\/lararkarriar.se\/grundskola\/?s={search_term_string}"},"query-input":{"@type":"PropertyValueSpecification","valueRequired":true,"valueName":"search_term_string"}}],"inLanguage":"sv-SE"},{"@type":"Person","@id":"https:\/\/lararkarriar.se\/grundskola\/#\/schema\/person\/2a13a849ec7646386c2211f59afe3083","name":"viktorwallen","image":{"@type":"ImageObject","inLanguage":"sv-SE","@id":"https:\/\/secure.gravatar.com\/avatar\/701701bd36169636031933997c8c6b954f2f635bbb7cd4802e4a007f9c9f4e59?s=96&d=mm&r=g","url":"https:\/\/secure.gravatar.com\/avatar\/701701bd36169636031933997c8c6b954f2f635bbb7cd4802e4a007f9c9f4e59?s=96&d=mm&r=g","contentUrl":"https:\/\/secure.gravatar.com\/avatar\/701701bd36169636031933997c8c6b954f2f635bbb7cd4802e4a007f9c9f4e59?s=96&d=mm&r=g","caption":"viktorwallen"},"url":"https:\/\/lararkarriar.se\/grundskola\/author\/viktorwallen\/"}]}},"_links":{"self":[{"href":"https:\/\/lararkarriar.se\/grundskola\/wp-json\/wp\/v2\/posts\/7351","targetHints":{"allow":["GET"]}}],"collection":[{"href":"https:\/\/lararkarriar.se\/grundskola\/wp-json\/wp\/v2\/posts"}],"about":[{"href":"https:\/\/lararkarriar.se\/grundskola\/wp-json\/wp\/v2\/types\/post"}],"author":[{"embeddable":true,"href":"https:\/\/lararkarriar.se\/grundskola\/wp-json\/wp\/v2\/users\/2"}],"replies":[{"embeddable":true,"href":"https:\/\/lararkarriar.se\/grundskola\/wp-json\/wp\/v2\/comments?post=7351"}],"version-history":[{"count":4,"href":"https:\/\/lararkarriar.se\/grundskola\/wp-json\/wp\/v2\/posts\/7351\/revisions"}],"predecessor-version":[{"id":7952,"href":"https:\/\/lararkarriar.se\/grundskola\/wp-json\/wp\/v2\/posts\/7351\/revisions\/7952"}],"wp:featuredmedia":[{"embeddable":true,"href":"https:\/\/lararkarriar.se\/grundskola\/wp-json\/wp\/v2\/media\/7352"}],"wp:attachment":[{"href":"https:\/\/lararkarriar.se\/grundskola\/wp-json\/wp\/v2\/media?parent=7351"}],"wp:term":[{"taxonomy":"category","embeddable":true,"href":"https:\/\/lararkarriar.se\/grundskola\/wp-json\/wp\/v2\/categories?post=7351"},{"taxonomy":"post_tag","embeddable":true,"href":"https:\/\/lararkarriar.se\/grundskola\/wp-json\/wp\/v2\/tags?post=7351"}],"curies":[{"name":"wp","href":"https:\/\/api.w.org\/{rel}","templated":true}]}}