{"id":7358,"date":"2021-10-12T13:21:33","date_gmt":"2021-10-12T13:21:33","guid":{"rendered":"https:\/\/lararkarriar.se\/grundskola\/?p=7358"},"modified":"2022-10-04T14:46:49","modified_gmt":"2022-10-04T14:46:49","slug":"digital-satsning-med-elev-och-larare-i-centrum","status":"publish","type":"post","link":"https:\/\/lararkarriar.se\/grundskola\/2021\/10\/12\/digital-satsning-med-elev-och-larare-i-centrum\/","title":{"rendered":"Digital satsning med elev och l\u00e4rare i centrum"},"content":{"rendered":"\n<figure class=\"wp-block-image size-full\"><img loading=\"lazy\" decoding=\"async\" width=\"1000\" height=\"667\" src=\"https:\/\/lararkarriar.se\/grundskola\/wp-content\/uploads\/sites\/12\/2021\/10\/mjolbykommun-5.jpg\" alt=\"Elizabeth Lindl\u00f6f, IKT-strateg vid utbildningsf\u00f6rvaltningen, Alida Carlsson, grundl\u00e4rare F\u20133 vid Bj\u00e4lbotullskolan i Sk\u00e4nninge, Caroline Andersson, verksamhetschef f\u00f6r grundskolan och Jennica Berzelius, rektor p\u00e5 Veta skola. Foto: Malin Wahlin\" class=\"wp-image-7360\" srcset=\"https:\/\/lararkarriar.se\/grundskola\/wp-content\/uploads\/sites\/12\/2021\/10\/mjolbykommun-5.jpg 1000w, https:\/\/lararkarriar.se\/grundskola\/wp-content\/uploads\/sites\/12\/2021\/10\/mjolbykommun-5-300x200.jpg 300w, https:\/\/lararkarriar.se\/grundskola\/wp-content\/uploads\/sites\/12\/2021\/10\/mjolbykommun-5-768x512.jpg 768w, https:\/\/lararkarriar.se\/grundskola\/wp-content\/uploads\/sites\/12\/2021\/10\/mjolbykommun-5-240x160.jpg 240w, https:\/\/lararkarriar.se\/grundskola\/wp-content\/uploads\/sites\/12\/2021\/10\/mjolbykommun-5-526x351.jpg 526w, https:\/\/lararkarriar.se\/grundskola\/wp-content\/uploads\/sites\/12\/2021\/10\/mjolbykommun-5-720x480.jpg 720w, https:\/\/lararkarriar.se\/grundskola\/wp-content\/uploads\/sites\/12\/2021\/10\/mjolbykommun-5-960x640.jpg 960w\" sizes=\"auto, (max-width: 1000px) 100vw, 1000px\" \/><figcaption>Elizabeth Lindl\u00f6f, IKT-strateg vid utbildningsf\u00f6rvaltningen, Alida Carlsson, grundl\u00e4rare F\u20133 vid Bj\u00e4lbotullskolan i Sk\u00e4nninge, Caroline Andersson, verksamhetschef f\u00f6r grundskolan och Jennica Berzelius, rektor p\u00e5 Veta skola. Foto: Malin Wahlin<\/figcaption><\/figure>\n\n\n\n<p><strong>Ge grundskoll\u00e4rare och skolledare mer inflytande och m\u00f6jligheter till kompetensutveckling i skolans digitalisering. Det anser Mj\u00f6lby kommun som genomf\u00f6r en stor satsning p\u00e5 kollegialt l\u00e4rande, 1:1 och kompetensutveckling i syfte att bygga en likv\u00e4rdig skola.<\/strong><\/p>\n\n\n\n<p>Digitalisering ses idag som en central fr\u00e5ga f\u00f6r framtidens l\u00e4rande, och i Mj\u00f6lby kommun l\u00e4gger utbildningsf\u00f6rvaltningen stor vikt vid att skapa en digitaliseringsstrategi och en r\u00f6d tr\u00e5d f\u00f6r hela organisationen. Processen b\u00f6rjade 2020 n\u00e4r kommunen blev antagen i Skolverkets satsning \u201dRiktade insatser f\u00f6r skolans digitalisering\u201d.<br>\u2013 Vi har analyserat v\u00e5r verksamhet, och har bland annat genomf\u00f6rt en enk\u00e4tunders\u00f6kning med elever, l\u00e4rare och skolledare d\u00e4r vi ringade in olika utvecklingsomr\u00e5den som kollegialt l\u00e4rande och IT-infrastruktur, ber\u00e4ttar Caroline Andersson, verksamhetschef f\u00f6r grundskolan i Mj\u00f6lby kommun.<br>Under arbetet har Elizabeth Lindl\u00f6f, IKT-strateg vid utbildningsf\u00f6rvaltningen, p\u00e5b\u00f6rjat arbetet med att ta fram en \u00f6vergripande digitaliseringsstrategi d\u00e4r kompetensutveckling och kollegialt l\u00e4rande \u00e4r viktiga delar. Som en del av strategin har f\u00f6rvaltningen startat IKT-n\u00e4tverk f\u00f6r f\u00f6rskola, grundskola och gymnasieskolan, d\u00e4r IKT-pedagoger delar kunskap och erfarenheter.<br>\u2013 Syftet med n\u00e4tverken, som jag leder p\u00e5 uppdrag av rektorerna, \u00e4r att st\u00e4rka det kollegiala l\u00e4randet. Det g\u00f6rs med hj\u00e4lp av utbildning, f\u00f6rdjupning och erfarenhetsutbyte. Samtidigt som vi st\u00e4rker den digitala kompetensen i skolan skapas en r\u00f6d tr\u00e5d fr\u00e5n f\u00f6rvaltning ut till klassrummet, f\u00f6rklarar Elizabeth Lindl\u00f6f.<br>\u2013 V\u00e5r digitala kunskap samlar vi p\u00e5 en s\u00e4rskild webbsida d\u00e4r IKT-pedagoger kan hitta goda exempel. Vi \u00e4r p\u00e5 v\u00e4g in i Skolon f\u00f6r att f\u00e5 enkel och likv\u00e4rdig tillg\u00e5ng till v\u00e5ra digitala l\u00e4rresurser.<\/p>\n\n\n\n<p class=\"has-color-white-01-color has-text-color has-background\" style=\"background-color:#00404e\"><strong><a href=\"https:\/\/recruit.visma.com\/External\/OJCustomer3\/AssignmentList.aspx?guidExtSoftware=3688a121-2021-4587-ac74-6a29a4c75f65\" title=\"Mj\u00f6lby kommun pres HT21 jobb ans\u00f6k\" target=\"_blank\" rel=\"noreferrer noopener\"><span style=\"text-decoration: underline;\">Klicka h\u00e4r f\u00f6r att se v\u00e5ra lediga tj\u00e4nster i Mj\u00f6lby kommun<\/span><\/a><\/strong><\/p>\n\n\n\n<p><strong>Kunskap delas med arbetslag<\/strong><br>En av IKT-pedagogerna som ing\u00e5r i n\u00e4tverket \u00e4r Alida Carlsson, grundl\u00e4rare F\u20133 vid Bj\u00e4lbotullskolan i Sk\u00e4nninge. IKT-n\u00e4tverkets diskussioner och erfarenhetsutbyte delar hon p\u00e5 sin arbetsplats med skolans IKT-grupp, som f\u00f6rutom Alida Carlsson best\u00e5r av rektorn, administrat\u00f6ren, och tv\u00e5 l\u00e4rarkollegor som ocks\u00e5 \u00e4r IKT-pedagoger.<br>\u2013 Vi \u00e4r ocks\u00e5 ute i arbetslagen och ber\u00e4ttar om IKT-arbetet. Nu \u00e4r det till exempel tj\u00e4nsten Ugglo som vi tittar n\u00e4rmare p\u00e5. Sen \u00e4r vi st\u00e4ndigt n\u00e4rvarande i verksamheten och st\u00f6ttar l\u00e4rarna d\u00e5 kunskapen och synen p\u00e5 digitalisering kan variera, ber\u00e4ttar Alida Carlsson.<br>\u2013 Under den senaste studiedagen samlade vi l\u00e4rarna vid datorerna f\u00f6r att visa exempel i l\u00e4rportalen Unikum.<br>F\u00f6r att fastst\u00e4lla en tydlig v\u00e4g fram\u00e5t f\u00f6r pedagogernas kompetensutveckling har utbildningsf\u00f6rvaltningen tagit fram en \u00e5tg\u00e4rdsplan i form av ett \u00e5rshjul f\u00f6r att skapa kontinuitet och likv\u00e4rdighet kring kompetensutveckling.<br>\u2013 Med tydlighet och framf\u00f6rh\u00e5llning f\u00e5r pedagogerna r\u00e4tt f\u00f6ruts\u00e4ttningar f\u00f6r att utf\u00f6ra sina uppdrag, vilket \u00e4r viktigt f\u00f6r att uppn\u00e5 en s\u00e5 h\u00f6g m\u00e5luppfyllelse som m\u00f6jligt, s\u00e4ger Elizabeth Lindl\u00f6f.<\/p>\n\n\n\n<p><strong>Inf\u00f6rt l\u00e4rgrupper<\/strong><br>Sedan augusti har utbildningsf\u00f6rvaltningen arbetat med kommun\u00ad\u00f6vergripande l\u00e4rgrupper kring de nya l\u00e4roplanerna. Arbetsmodellen kommer att forts\u00e4tta \u00e4ven kommande \u00e5r, d\u00e4r alla pedagoger utbyter kunskap och erfarenheter med kollegor som undervisar i samma \u00e4mnen. Precis som f\u00f6r IKT-pedagogerna finns en s\u00e4rskild webbsida d\u00e4r l\u00e4rare och skolledare kan ta del av information.<br>\u2013 I l\u00e4rgrupperna har l\u00e4rare m\u00f6jlighet att f\u00f6rdjupa sin kunskap genom det kollegiala l\u00e4randet tillsammans med andra. V\u00e5ra rektorer \u00e4r sedan viktiga f\u00f6r att kunskapen sprids och anv\u00e4nds p\u00e5 skolorna, menar Caroline Andersson.<br>Jennica Berzelius, rektor p\u00e5 Veta skola i Mj\u00f6lby kommun, har reflekterat \u00f6ver sin roll i skolans digitalisering och hur hon kan och ska st\u00f6dja l\u00e4rarna i sin skola. Som rektor f\u00f6rs\u00f6ker hon skapa en kultur d\u00e4r det \u00e4r naturligt att dela kunskap i bland annat Unikum och Googles tj\u00e4nster.<br>\u2013 Det \u00e4r viktigt att jag som rektor ger l\u00e4rarna tid f\u00f6r f\u00f6rkovring och kollegialt l\u00e4rande, och bidrar till en kultur d\u00e4r man v\u00e5gar testa. G\u00e5r det fel s\u00e5 g\u00f6r det inget, d\u00e5 testar vi igen. Med det sagt ska vi inte anv\u00e4nda digitala verktyg f\u00f6r anv\u00e4ndandets skull, utan det m\u00e5ste finnas ett syfte som bidrar till \u00f6kad m\u00e5luppfyllelse, s\u00e4ger Jennica Berzelius.<br>\u2013 Tillsammans med skolans IKT-pedagog st\u00f6ttar och leder jag l\u00e4rarna i digitaliseringen. V\u00e5rt motto n\u00e4r det g\u00e4ller digitala verktyg och resurser har hela tiden varit: Du beh\u00f6ver inte kunna f\u00f6r att b\u00f6rja, men du beh\u00f6ver b\u00f6rja f\u00f6r att kunna.<br>Mj\u00f6lby kommun har satsat p\u00e5 1:1 fr\u00e5n \u00e5r fyra till gymnasiet, en Chromebook. Nu kommer n\u00e4sta satsning.<br>\u2013 L\u00e4roplanens m\u00e5l \u00e4r att f\u00f6rbereda eleverna f\u00f6r framtidens samh\u00e4lle och d\u00e4rf\u00f6r kommer vi att satsa p\u00e5 1:1 f\u00f6r alla elever fr\u00e5n f\u00f6rskoleklass till \u00e5rskurs tre, en iPad. Med denna satsning f\u00e5r v\u00e5ra l\u00e4rare b\u00e4ttre f\u00f6ruts\u00e4ttningar att variera undervisningen och att ge eleverna adekvat digital kompetens, s\u00e4ger Caroline Andersson.<\/p>\n\n\n\n<p class=\"has-color-white-01-color has-text-color has-background\" style=\"background-color:#00404e\"><strong><a href=\"https:\/\/recruit.visma.com\/External\/OJCustomer3\/AssignmentList.aspx?guidExtSoftware=3688a121-2021-4587-ac74-6a29a4c75f65\" title=\"Mj\u00f6lby kommun pres HT21 jobb ans\u00f6k\" target=\"_blank\" rel=\"noreferrer noopener\"><span style=\"text-decoration: underline;\">Klicka h\u00e4r f\u00f6r att se v\u00e5ra lediga tj\u00e4nster i Mj\u00f6lby kommun<\/span><\/a><\/strong><\/p>\n\n\n\n<div class=\"wp-block-group faktaruta\"><div class=\"wp-block-group__inner-container is-layout-flow wp-block-group-is-layout-flow\">\n<h6 class=\"wp-block-heading\">Mj\u00f6lby kommun<\/h6>\n\n\n\n<p>Varf\u00f6r ska du v\u00e4lja att arbeta i Mj\u00f6lby kommun? Jo, du f\u00e5r:<br><br>\u2022 delta i ett ambiti\u00f6st program under introduktions\u00e5ret med specialutbildad mentor.<br>\u2022 arbeta i en organisation med stor m\u00f6jlighet att p\u00e5verka verksamhet och arbetssituation.<br>\u2022 delta i v\u00e5r utmaning att f\u00f6rb\u00e4ttra de elevresultat som vi inte \u00e4r n\u00f6jda med.<br>\u2022 ett positivt arbetsklimat med engagerade kollegor som har h\u00f6g beh\u00f6righet och m\u00f6jligg\u00f6r givande pedagogiska utbyten.<br>\u2022 fortl\u00f6pande kompetensutveckling och m\u00f6jlighet att sj\u00e4lv utvecklas.<br>\u2022 en gener\u00f6s friskv\u00e5rdspeng.<br><br>Mj\u00f6lby kommun har drygt 28000 inv\u00e5nare, ett mycket expansivt n\u00e4ringsliv och utm\u00e4rkta kommunikationer. H\u00e4r kan vi erbjuda en aktiv vardag, d\u00e4r det hemk\u00e4ra m\u00f6ter det v\u00e4rldsvana. Vi beh\u00f6ver fler l\u00e4rare till v\u00e5ra verksamheter.<br><br>P\u00e5 <strong><a href=\"https:\/\/mjolby.se\/ledigajobb\" title=\"Mj\u00f6lby kommun pres HT21 textlink\" target=\"_blank\" rel=\"noreferrer noopener\">mjolby.se\/ledigajobb<\/a><\/strong> hittar du lediga tj\u00e4nster.<br><br><a href=\"https:\/\/mjolby.se\/\" title=\"Mj\u00f6lby kommun pres HT21 logotype\" target=\"_blank\" rel=\"noreferrer noopener\"><img loading=\"lazy\" decoding=\"async\" width=\"150\" height=\"37\" class=\"wp-image-7364\" style=\"width: 150px;\" src=\"https:\/\/lararkarriar.se\/grundskola\/wp-content\/uploads\/sites\/12\/2021\/10\/mjolby-logo-4f-pms-1.png\" alt=\"\" srcset=\"https:\/\/lararkarriar.se\/grundskola\/wp-content\/uploads\/sites\/12\/2021\/10\/mjolby-logo-4f-pms-1.png 500w, https:\/\/lararkarriar.se\/grundskola\/wp-content\/uploads\/sites\/12\/2021\/10\/mjolby-logo-4f-pms-1-300x74.png 300w\" sizes=\"auto, (max-width: 150px) 100vw, 150px\" \/><\/a><\/p>\n<\/div><\/div>\n","protected":false},"excerpt":{"rendered":"<p>Vi genomf\u00f6r en stor satsning p\u00e5 kollegialt l\u00e4rande<\/p>\n","protected":false},"author":2,"featured_media":7360,"comment_status":"open","ping_status":"open","sticky":true,"template":"","format":"standard","meta":{"_acf_changed":false,"_monsterinsights_skip_tracking":false,"_monsterinsights_sitenote_active":false,"_monsterinsights_sitenote_note":"","_monsterinsights_sitenote_category":0,"footnotes":""},"categories":[7],"tags":[463],"class_list":["post-7358","post","type-post","status-publish","format-standard","has-post-thumbnail","hentry","category-presentation","tag-mjolby-kommun"],"acf":[],"yoast_head":"<!-- This site is optimized with the Yoast SEO plugin v27.3 - https:\/\/yoast.com\/product\/yoast-seo-wordpress\/ -->\n<title>Digital satsning med elev och l\u00e4rare i centrum - Framtidens Karri\u00e4r \u2013 Grundskolel\u00e4rare<\/title>\n<meta name=\"robots\" content=\"index, follow, max-snippet:-1, max-image-preview:large, max-video-preview:-1\" \/>\n<link rel=\"canonical\" href=\"https:\/\/lararkarriar.se\/grundskola\/2021\/10\/12\/digital-satsning-med-elev-och-larare-i-centrum\/\" \/>\n<meta property=\"og:locale\" content=\"sv_SE\" \/>\n<meta property=\"og:type\" content=\"article\" \/>\n<meta property=\"og:title\" content=\"Digital satsning med elev och l\u00e4rare i centrum - Framtidens Karri\u00e4r \u2013 Grundskolel\u00e4rare\" \/>\n<meta property=\"og:description\" content=\"Vi genomf\u00f6r en stor satsning p\u00e5 kollegialt l\u00e4rande\" \/>\n<meta property=\"og:url\" content=\"https:\/\/lararkarriar.se\/grundskola\/2021\/10\/12\/digital-satsning-med-elev-och-larare-i-centrum\/\" \/>\n<meta property=\"og:site_name\" content=\"Framtidens Karri\u00e4r \u2013 Grundskolel\u00e4rare\" \/>\n<meta property=\"article:published_time\" content=\"2021-10-12T13:21:33+00:00\" \/>\n<meta property=\"article:modified_time\" content=\"2022-10-04T14:46:49+00:00\" \/>\n<meta property=\"og:image\" content=\"https:\/\/lararkarriar.se\/grundskola\/wp-content\/uploads\/sites\/12\/2021\/10\/mjolbykommun-5.jpg\" \/>\n\t<meta property=\"og:image:width\" content=\"1000\" \/>\n\t<meta property=\"og:image:height\" content=\"667\" \/>\n\t<meta property=\"og:image:type\" content=\"image\/jpeg\" \/>\n<meta name=\"author\" content=\"viktorwallen\" \/>\n<meta name=\"twitter:card\" content=\"summary_large_image\" \/>\n<meta name=\"twitter:label1\" content=\"Skriven av\" \/>\n\t<meta name=\"twitter:data1\" content=\"viktorwallen\" \/>\n\t<meta name=\"twitter:label2\" content=\"Ber\u00e4knad l\u00e4stid\" \/>\n\t<meta name=\"twitter:data2\" content=\"5 minuter\" \/>\n<script type=\"application\/ld+json\" class=\"yoast-schema-graph\">{\"@context\":\"https:\\\/\\\/schema.org\",\"@graph\":[{\"@type\":\"Article\",\"@id\":\"https:\\\/\\\/lararkarriar.se\\\/grundskola\\\/2021\\\/10\\\/12\\\/digital-satsning-med-elev-och-larare-i-centrum\\\/#article\",\"isPartOf\":{\"@id\":\"https:\\\/\\\/lararkarriar.se\\\/grundskola\\\/2021\\\/10\\\/12\\\/digital-satsning-med-elev-och-larare-i-centrum\\\/\"},\"author\":{\"name\":\"viktorwallen\",\"@id\":\"https:\\\/\\\/lararkarriar.se\\\/grundskola\\\/#\\\/schema\\\/person\\\/2a13a849ec7646386c2211f59afe3083\"},\"headline\":\"Digital satsning med elev och l\u00e4rare i centrum\",\"datePublished\":\"2021-10-12T13:21:33+00:00\",\"dateModified\":\"2022-10-04T14:46:49+00:00\",\"mainEntityOfPage\":{\"@id\":\"https:\\\/\\\/lararkarriar.se\\\/grundskola\\\/2021\\\/10\\\/12\\\/digital-satsning-med-elev-och-larare-i-centrum\\\/\"},\"wordCount\":1100,\"commentCount\":0,\"image\":{\"@id\":\"https:\\\/\\\/lararkarriar.se\\\/grundskola\\\/2021\\\/10\\\/12\\\/digital-satsning-med-elev-och-larare-i-centrum\\\/#primaryimage\"},\"thumbnailUrl\":\"https:\\\/\\\/lararkarriar.se\\\/grundskola\\\/wp-content\\\/uploads\\\/sites\\\/12\\\/2021\\\/10\\\/mjolbykommun-5.jpg\",\"keywords\":[\"Mj\u00f6lby kommun\"],\"articleSection\":[\"Presentation\"],\"inLanguage\":\"sv-SE\",\"potentialAction\":[{\"@type\":\"CommentAction\",\"name\":\"Comment\",\"target\":[\"https:\\\/\\\/lararkarriar.se\\\/grundskola\\\/2021\\\/10\\\/12\\\/digital-satsning-med-elev-och-larare-i-centrum\\\/#respond\"]}]},{\"@type\":\"WebPage\",\"@id\":\"https:\\\/\\\/lararkarriar.se\\\/grundskola\\\/2021\\\/10\\\/12\\\/digital-satsning-med-elev-och-larare-i-centrum\\\/\",\"url\":\"https:\\\/\\\/lararkarriar.se\\\/grundskola\\\/2021\\\/10\\\/12\\\/digital-satsning-med-elev-och-larare-i-centrum\\\/\",\"name\":\"Digital satsning med elev och l\u00e4rare i centrum - Framtidens Karri\u00e4r \u2013 Grundskolel\u00e4rare\",\"isPartOf\":{\"@id\":\"https:\\\/\\\/lararkarriar.se\\\/grundskola\\\/#website\"},\"primaryImageOfPage\":{\"@id\":\"https:\\\/\\\/lararkarriar.se\\\/grundskola\\\/2021\\\/10\\\/12\\\/digital-satsning-med-elev-och-larare-i-centrum\\\/#primaryimage\"},\"image\":{\"@id\":\"https:\\\/\\\/lararkarriar.se\\\/grundskola\\\/2021\\\/10\\\/12\\\/digital-satsning-med-elev-och-larare-i-centrum\\\/#primaryimage\"},\"thumbnailUrl\":\"https:\\\/\\\/lararkarriar.se\\\/grundskola\\\/wp-content\\\/uploads\\\/sites\\\/12\\\/2021\\\/10\\\/mjolbykommun-5.jpg\",\"datePublished\":\"2021-10-12T13:21:33+00:00\",\"dateModified\":\"2022-10-04T14:46:49+00:00\",\"author\":{\"@id\":\"https:\\\/\\\/lararkarriar.se\\\/grundskola\\\/#\\\/schema\\\/person\\\/2a13a849ec7646386c2211f59afe3083\"},\"breadcrumb\":{\"@id\":\"https:\\\/\\\/lararkarriar.se\\\/grundskola\\\/2021\\\/10\\\/12\\\/digital-satsning-med-elev-och-larare-i-centrum\\\/#breadcrumb\"},\"inLanguage\":\"sv-SE\",\"potentialAction\":[{\"@type\":\"ReadAction\",\"target\":[\"https:\\\/\\\/lararkarriar.se\\\/grundskola\\\/2021\\\/10\\\/12\\\/digital-satsning-med-elev-och-larare-i-centrum\\\/\"]}]},{\"@type\":\"ImageObject\",\"inLanguage\":\"sv-SE\",\"@id\":\"https:\\\/\\\/lararkarriar.se\\\/grundskola\\\/2021\\\/10\\\/12\\\/digital-satsning-med-elev-och-larare-i-centrum\\\/#primaryimage\",\"url\":\"https:\\\/\\\/lararkarriar.se\\\/grundskola\\\/wp-content\\\/uploads\\\/sites\\\/12\\\/2021\\\/10\\\/mjolbykommun-5.jpg\",\"contentUrl\":\"https:\\\/\\\/lararkarriar.se\\\/grundskola\\\/wp-content\\\/uploads\\\/sites\\\/12\\\/2021\\\/10\\\/mjolbykommun-5.jpg\",\"width\":1000,\"height\":667,\"caption\":\"Elizabeth Lindl\u00f6f, IKT-strateg vid utbildningsf\u00f6rvaltningen, Alida Carlsson, grundl\u00e4rare F\u20133 vid Bj\u00e4lbotullskolan i Sk\u00e4nninge, Caroline Andersson, verksamhetschef f\u00f6r grundskolan och Jennica Berzelius, rektor p\u00e5 Veta skola. Foto: Malin Wahlin\"},{\"@type\":\"BreadcrumbList\",\"@id\":\"https:\\\/\\\/lararkarriar.se\\\/grundskola\\\/2021\\\/10\\\/12\\\/digital-satsning-med-elev-och-larare-i-centrum\\\/#breadcrumb\",\"itemListElement\":[{\"@type\":\"ListItem\",\"position\":1,\"name\":\"Home\",\"item\":\"https:\\\/\\\/lararkarriar.se\\\/grundskola\\\/\"},{\"@type\":\"ListItem\",\"position\":2,\"name\":\"Digital satsning med elev och l\u00e4rare i centrum\"}]},{\"@type\":\"WebSite\",\"@id\":\"https:\\\/\\\/lararkarriar.se\\\/grundskola\\\/#website\",\"url\":\"https:\\\/\\\/lararkarriar.se\\\/grundskola\\\/\",\"name\":\"Framtidens Karri\u00e4r \u2013 Grundskolel\u00e4rare\",\"description\":\"Just another NMDashboard.se Sites site\",\"potentialAction\":[{\"@type\":\"SearchAction\",\"target\":{\"@type\":\"EntryPoint\",\"urlTemplate\":\"https:\\\/\\\/lararkarriar.se\\\/grundskola\\\/?s={search_term_string}\"},\"query-input\":{\"@type\":\"PropertyValueSpecification\",\"valueRequired\":true,\"valueName\":\"search_term_string\"}}],\"inLanguage\":\"sv-SE\"},{\"@type\":\"Person\",\"@id\":\"https:\\\/\\\/lararkarriar.se\\\/grundskola\\\/#\\\/schema\\\/person\\\/2a13a849ec7646386c2211f59afe3083\",\"name\":\"viktorwallen\",\"image\":{\"@type\":\"ImageObject\",\"inLanguage\":\"sv-SE\",\"@id\":\"https:\\\/\\\/secure.gravatar.com\\\/avatar\\\/701701bd36169636031933997c8c6b954f2f635bbb7cd4802e4a007f9c9f4e59?s=96&d=mm&r=g\",\"url\":\"https:\\\/\\\/secure.gravatar.com\\\/avatar\\\/701701bd36169636031933997c8c6b954f2f635bbb7cd4802e4a007f9c9f4e59?s=96&d=mm&r=g\",\"contentUrl\":\"https:\\\/\\\/secure.gravatar.com\\\/avatar\\\/701701bd36169636031933997c8c6b954f2f635bbb7cd4802e4a007f9c9f4e59?s=96&d=mm&r=g\",\"caption\":\"viktorwallen\"},\"url\":\"https:\\\/\\\/lararkarriar.se\\\/grundskola\\\/author\\\/viktorwallen\\\/\"}]}<\/script>\n<!-- \/ Yoast SEO plugin. -->","yoast_head_json":{"title":"Digital satsning med elev och l\u00e4rare i centrum - Framtidens Karri\u00e4r \u2013 Grundskolel\u00e4rare","robots":{"index":"index","follow":"follow","max-snippet":"max-snippet:-1","max-image-preview":"max-image-preview:large","max-video-preview":"max-video-preview:-1"},"canonical":"https:\/\/lararkarriar.se\/grundskola\/2021\/10\/12\/digital-satsning-med-elev-och-larare-i-centrum\/","og_locale":"sv_SE","og_type":"article","og_title":"Digital satsning med elev och l\u00e4rare i centrum - Framtidens Karri\u00e4r \u2013 Grundskolel\u00e4rare","og_description":"Vi genomf\u00f6r en stor satsning p\u00e5 kollegialt l\u00e4rande","og_url":"https:\/\/lararkarriar.se\/grundskola\/2021\/10\/12\/digital-satsning-med-elev-och-larare-i-centrum\/","og_site_name":"Framtidens Karri\u00e4r \u2013 Grundskolel\u00e4rare","article_published_time":"2021-10-12T13:21:33+00:00","article_modified_time":"2022-10-04T14:46:49+00:00","og_image":[{"width":1000,"height":667,"url":"https:\/\/lararkarriar.se\/grundskola\/wp-content\/uploads\/sites\/12\/2021\/10\/mjolbykommun-5.jpg","type":"image\/jpeg"}],"author":"viktorwallen","twitter_card":"summary_large_image","twitter_misc":{"Skriven av":"viktorwallen","Ber\u00e4knad l\u00e4stid":"5 minuter"},"schema":{"@context":"https:\/\/schema.org","@graph":[{"@type":"Article","@id":"https:\/\/lararkarriar.se\/grundskola\/2021\/10\/12\/digital-satsning-med-elev-och-larare-i-centrum\/#article","isPartOf":{"@id":"https:\/\/lararkarriar.se\/grundskola\/2021\/10\/12\/digital-satsning-med-elev-och-larare-i-centrum\/"},"author":{"name":"viktorwallen","@id":"https:\/\/lararkarriar.se\/grundskola\/#\/schema\/person\/2a13a849ec7646386c2211f59afe3083"},"headline":"Digital satsning med elev och l\u00e4rare i centrum","datePublished":"2021-10-12T13:21:33+00:00","dateModified":"2022-10-04T14:46:49+00:00","mainEntityOfPage":{"@id":"https:\/\/lararkarriar.se\/grundskola\/2021\/10\/12\/digital-satsning-med-elev-och-larare-i-centrum\/"},"wordCount":1100,"commentCount":0,"image":{"@id":"https:\/\/lararkarriar.se\/grundskola\/2021\/10\/12\/digital-satsning-med-elev-och-larare-i-centrum\/#primaryimage"},"thumbnailUrl":"https:\/\/lararkarriar.se\/grundskola\/wp-content\/uploads\/sites\/12\/2021\/10\/mjolbykommun-5.jpg","keywords":["Mj\u00f6lby kommun"],"articleSection":["Presentation"],"inLanguage":"sv-SE","potentialAction":[{"@type":"CommentAction","name":"Comment","target":["https:\/\/lararkarriar.se\/grundskola\/2021\/10\/12\/digital-satsning-med-elev-och-larare-i-centrum\/#respond"]}]},{"@type":"WebPage","@id":"https:\/\/lararkarriar.se\/grundskola\/2021\/10\/12\/digital-satsning-med-elev-och-larare-i-centrum\/","url":"https:\/\/lararkarriar.se\/grundskola\/2021\/10\/12\/digital-satsning-med-elev-och-larare-i-centrum\/","name":"Digital satsning med elev och l\u00e4rare i centrum - Framtidens Karri\u00e4r \u2013 Grundskolel\u00e4rare","isPartOf":{"@id":"https:\/\/lararkarriar.se\/grundskola\/#website"},"primaryImageOfPage":{"@id":"https:\/\/lararkarriar.se\/grundskola\/2021\/10\/12\/digital-satsning-med-elev-och-larare-i-centrum\/#primaryimage"},"image":{"@id":"https:\/\/lararkarriar.se\/grundskola\/2021\/10\/12\/digital-satsning-med-elev-och-larare-i-centrum\/#primaryimage"},"thumbnailUrl":"https:\/\/lararkarriar.se\/grundskola\/wp-content\/uploads\/sites\/12\/2021\/10\/mjolbykommun-5.jpg","datePublished":"2021-10-12T13:21:33+00:00","dateModified":"2022-10-04T14:46:49+00:00","author":{"@id":"https:\/\/lararkarriar.se\/grundskola\/#\/schema\/person\/2a13a849ec7646386c2211f59afe3083"},"breadcrumb":{"@id":"https:\/\/lararkarriar.se\/grundskola\/2021\/10\/12\/digital-satsning-med-elev-och-larare-i-centrum\/#breadcrumb"},"inLanguage":"sv-SE","potentialAction":[{"@type":"ReadAction","target":["https:\/\/lararkarriar.se\/grundskola\/2021\/10\/12\/digital-satsning-med-elev-och-larare-i-centrum\/"]}]},{"@type":"ImageObject","inLanguage":"sv-SE","@id":"https:\/\/lararkarriar.se\/grundskola\/2021\/10\/12\/digital-satsning-med-elev-och-larare-i-centrum\/#primaryimage","url":"https:\/\/lararkarriar.se\/grundskola\/wp-content\/uploads\/sites\/12\/2021\/10\/mjolbykommun-5.jpg","contentUrl":"https:\/\/lararkarriar.se\/grundskola\/wp-content\/uploads\/sites\/12\/2021\/10\/mjolbykommun-5.jpg","width":1000,"height":667,"caption":"Elizabeth Lindl\u00f6f, IKT-strateg vid utbildningsf\u00f6rvaltningen, Alida Carlsson, grundl\u00e4rare F\u20133 vid Bj\u00e4lbotullskolan i Sk\u00e4nninge, Caroline Andersson, verksamhetschef f\u00f6r grundskolan och Jennica Berzelius, rektor p\u00e5 Veta skola. Foto: Malin Wahlin"},{"@type":"BreadcrumbList","@id":"https:\/\/lararkarriar.se\/grundskola\/2021\/10\/12\/digital-satsning-med-elev-och-larare-i-centrum\/#breadcrumb","itemListElement":[{"@type":"ListItem","position":1,"name":"Home","item":"https:\/\/lararkarriar.se\/grundskola\/"},{"@type":"ListItem","position":2,"name":"Digital satsning med elev och l\u00e4rare i centrum"}]},{"@type":"WebSite","@id":"https:\/\/lararkarriar.se\/grundskola\/#website","url":"https:\/\/lararkarriar.se\/grundskola\/","name":"Framtidens Karri\u00e4r \u2013 Grundskolel\u00e4rare","description":"Just another NMDashboard.se Sites site","potentialAction":[{"@type":"SearchAction","target":{"@type":"EntryPoint","urlTemplate":"https:\/\/lararkarriar.se\/grundskola\/?s={search_term_string}"},"query-input":{"@type":"PropertyValueSpecification","valueRequired":true,"valueName":"search_term_string"}}],"inLanguage":"sv-SE"},{"@type":"Person","@id":"https:\/\/lararkarriar.se\/grundskola\/#\/schema\/person\/2a13a849ec7646386c2211f59afe3083","name":"viktorwallen","image":{"@type":"ImageObject","inLanguage":"sv-SE","@id":"https:\/\/secure.gravatar.com\/avatar\/701701bd36169636031933997c8c6b954f2f635bbb7cd4802e4a007f9c9f4e59?s=96&d=mm&r=g","url":"https:\/\/secure.gravatar.com\/avatar\/701701bd36169636031933997c8c6b954f2f635bbb7cd4802e4a007f9c9f4e59?s=96&d=mm&r=g","contentUrl":"https:\/\/secure.gravatar.com\/avatar\/701701bd36169636031933997c8c6b954f2f635bbb7cd4802e4a007f9c9f4e59?s=96&d=mm&r=g","caption":"viktorwallen"},"url":"https:\/\/lararkarriar.se\/grundskola\/author\/viktorwallen\/"}]}},"_links":{"self":[{"href":"https:\/\/lararkarriar.se\/grundskola\/wp-json\/wp\/v2\/posts\/7358","targetHints":{"allow":["GET"]}}],"collection":[{"href":"https:\/\/lararkarriar.se\/grundskola\/wp-json\/wp\/v2\/posts"}],"about":[{"href":"https:\/\/lararkarriar.se\/grundskola\/wp-json\/wp\/v2\/types\/post"}],"author":[{"embeddable":true,"href":"https:\/\/lararkarriar.se\/grundskola\/wp-json\/wp\/v2\/users\/2"}],"replies":[{"embeddable":true,"href":"https:\/\/lararkarriar.se\/grundskola\/wp-json\/wp\/v2\/comments?post=7358"}],"version-history":[{"count":7,"href":"https:\/\/lararkarriar.se\/grundskola\/wp-json\/wp\/v2\/posts\/7358\/revisions"}],"predecessor-version":[{"id":7944,"href":"https:\/\/lararkarriar.se\/grundskola\/wp-json\/wp\/v2\/posts\/7358\/revisions\/7944"}],"wp:featuredmedia":[{"embeddable":true,"href":"https:\/\/lararkarriar.se\/grundskola\/wp-json\/wp\/v2\/media\/7360"}],"wp:attachment":[{"href":"https:\/\/lararkarriar.se\/grundskola\/wp-json\/wp\/v2\/media?parent=7358"}],"wp:term":[{"taxonomy":"category","embeddable":true,"href":"https:\/\/lararkarriar.se\/grundskola\/wp-json\/wp\/v2\/categories?post=7358"},{"taxonomy":"post_tag","embeddable":true,"href":"https:\/\/lararkarriar.se\/grundskola\/wp-json\/wp\/v2\/tags?post=7358"}],"curies":[{"name":"wp","href":"https:\/\/api.w.org\/{rel}","templated":true}]}}