{"id":7385,"date":"2021-10-12T11:30:05","date_gmt":"2021-10-12T11:30:05","guid":{"rendered":"https:\/\/lararkarriar.se\/grundskola\/?p=7385"},"modified":"2021-10-13T09:31:27","modified_gmt":"2021-10-13T09:31:27","slug":"fran-ord-till-handling","status":"publish","type":"post","link":"https:\/\/lararkarriar.se\/grundskola\/2021\/10\/12\/fran-ord-till-handling\/","title":{"rendered":"Fr\u00e5n ord till handling"},"content":{"rendered":"\n<figure class=\"wp-block-image size-full\"><img loading=\"lazy\" decoding=\"async\" width=\"1000\" height=\"627\" src=\"https:\/\/lararkarriar.se\/grundskola\/wp-content\/uploads\/sites\/12\/2021\/10\/utveckling-1.jpg\" alt=\"\" class=\"wp-image-7386\" srcset=\"https:\/\/lararkarriar.se\/grundskola\/wp-content\/uploads\/sites\/12\/2021\/10\/utveckling-1.jpg 1000w, https:\/\/lararkarriar.se\/grundskola\/wp-content\/uploads\/sites\/12\/2021\/10\/utveckling-1-300x188.jpg 300w, https:\/\/lararkarriar.se\/grundskola\/wp-content\/uploads\/sites\/12\/2021\/10\/utveckling-1-768x482.jpg 768w, https:\/\/lararkarriar.se\/grundskola\/wp-content\/uploads\/sites\/12\/2021\/10\/utveckling-1-255x160.jpg 255w, https:\/\/lararkarriar.se\/grundskola\/wp-content\/uploads\/sites\/12\/2021\/10\/utveckling-1-526x330.jpg 526w, https:\/\/lararkarriar.se\/grundskola\/wp-content\/uploads\/sites\/12\/2021\/10\/utveckling-1-720x451.jpg 720w, https:\/\/lararkarriar.se\/grundskola\/wp-content\/uploads\/sites\/12\/2021\/10\/utveckling-1-960x602.jpg 960w\" sizes=\"auto, (max-width: 1000px) 100vw, 1000px\" \/><figcaption>Anna Karlsdotter, utvecklingschef och Lina Leyman Nilsson, en av fyra skolchefer i Kristianstads kommun.<\/figcaption><\/figure>\n\n\n\n<p><strong>N\u00e4r Kristianstads kommun inledde den stora skolsatsningen Framg\u00e5ngsrik undervisning var de helt \u00f6vertygade om att denna g\u00e5ng skulle de ta det \u00e4nda in i kaklet.<\/strong><\/p>\n\n\n\n<p>\u2013 Vi kommer inte att ge oss f\u00f6rr\u00e4n alla v\u00e4lskrivna strategidokument och goda avsikter ger resultat ute i varje klassrum i kommunen. M\u00e5let att h\u00f6ja skolans kunskapsresultat n\u00e5s inte inne p\u00e5 ett kontor p\u00e5 kommunen utan ute hos l\u00e4rarna i klassrummen, det \u00e4r d\u00e4r den st\u00f6rsta insatsen ska g\u00f6ras, f\u00f6rklarar Anna Karlsdotter, utvecklingschef p\u00e5 Kristianstads kommun.<\/p>\n\n\n\n<blockquote class=\"wp-block-quote is-layout-flow wp-block-quote-is-layout-flow\"><p>&#8221;M\u00e5let att h\u00f6ja skolans kunskapsresultat n\u00e5s inte inne p\u00e5 ett kontor p\u00e5 kommunen.&#8221;<\/p><\/blockquote>\n\n\n\n<p><strong>Elevens behov i fokus<br><\/strong>Insatsen Framg\u00e5ngsrik undervisning startade 2019 och \u00e4r ett resultat av ett systematiskt kvalitetsarbete som bedrivits under en l\u00e4ngre tid i kommunen.<br>\u2013 Till att b\u00f6rja med kallade vi insatsen f\u00f6r Kraftsamlingen, en kraftsamling fr\u00e5n alla niv\u00e5er inom kommunens skolsystem, fr\u00e5n skolchefer och rektorer till f\u00f6rstel\u00e4rare och andra nyckelpersoner, med m\u00e5let att hj\u00e4lpa alla elever att n\u00e5 sin fulla potential, ber\u00e4ttar Lina Leyman Nilsson, en av fyra skolchefer i Kristianstads kommun.<br>F\u00f6rutom de som deltagit i utvecklingsarbetet fr\u00e5n kommunen s\u00e5 valde de att ta in st\u00f6d utifr\u00e5n.<br>\u2013 Vi har tagit hj\u00e4lp av Simon Hjort som \u00e4r lektor vid Link\u00f6pings universitet. Hans uppgift \u00e4r att verkligen lyfta in forskningen i det vardagliga arbetet och ge skolledarna verktyg f\u00f6r att l\u00e4ttare ta sig an sina utmaningar, f\u00f6rklarar Anna Karlsdotter.<\/p>\n\n\n\n<p><strong>M\u00e5ste v\u00e5ga f\u00f6r\u00e4ndra<br><\/strong>Enligt Simon Hjort beh\u00f6ver man jobba med tre delar: struktur, strategi och kultur.<br>\u2013 De tv\u00e5 f\u00f6rsta har vi f\u00e5tt p\u00e5 plats till stora delar. Den stora utmaningen nu \u00e4r att jobba med kulturen p\u00e5 varje skola och inspirera varje l\u00e4rare att v\u00e5ga titta p\u00e5 sitt eget arbetss\u00e4tt och vara \u00f6ppen f\u00f6r att \u00e4ndra det. Vi jobbar \u00e4ven aktivt med resultatuppf\u00f6ljning f\u00f6r att kunna se till att vi n\u00e5r hela v\u00e4gen ut i klassrummen, och f\u00f6r att kunna visa alla framsteg som g\u00f6rs, konstaterar Lina Leyman Nilsson.<br>Avslutningsvis vill de lyfta vikten av att allt utvecklingsarbete tar avstamp i varje enskild verksamhets eget arbetss\u00e4tt och egna analyser. P\u00e5 kommunen finns sedan en utvecklingsavdelning som kan erbjuda st\u00f6d p\u00e5 alla niv\u00e5er till de skolor som \u00f6nskar hj\u00e4lp.<\/p>\n","protected":false},"excerpt":{"rendered":"<p>M\u00e5let att h\u00f6ja skolans kunskapsresultat n\u00e5s inte inne p\u00e5 ett kontor p\u00e5 kommunen utan ute hos l\u00e4rarna i klassrummen, det \u00e4r d\u00e4r den st\u00f6rsta insatsen ska g\u00f6ras.<\/p>\n","protected":false},"author":3,"featured_media":7386,"comment_status":"open","ping_status":"open","sticky":false,"template":"","format":"standard","meta":{"_acf_changed":false,"_monsterinsights_skip_tracking":false,"_monsterinsights_sitenote_active":false,"_monsterinsights_sitenote_note":"","_monsterinsights_sitenote_category":0,"footnotes":""},"categories":[1],"tags":[181,428],"class_list":["post-7385","post","type-post","status-publish","format-standard","has-post-thumbnail","hentry","category-artikel","tag-kristianstads-kommun","tag-utvecklingsarbete"],"acf":[],"yoast_head":"<!-- This site is optimized with the Yoast SEO plugin v27.3 - https:\/\/yoast.com\/product\/yoast-seo-wordpress\/ -->\n<title>Fr\u00e5n ord till handling - Framtidens Karri\u00e4r \u2013 Grundskolel\u00e4rare<\/title>\n<meta name=\"robots\" content=\"index, follow, max-snippet:-1, max-image-preview:large, max-video-preview:-1\" \/>\n<link rel=\"canonical\" href=\"https:\/\/lararkarriar.se\/grundskola\/2021\/10\/12\/fran-ord-till-handling\/\" \/>\n<meta property=\"og:locale\" content=\"sv_SE\" \/>\n<meta property=\"og:type\" content=\"article\" \/>\n<meta property=\"og:title\" content=\"Fr\u00e5n ord till handling - Framtidens Karri\u00e4r \u2013 Grundskolel\u00e4rare\" \/>\n<meta property=\"og:description\" content=\"M\u00e5let att h\u00f6ja skolans kunskapsresultat n\u00e5s inte inne p\u00e5 ett kontor p\u00e5 kommunen utan ute hos l\u00e4rarna i klassrummen, det \u00e4r d\u00e4r den st\u00f6rsta insatsen ska g\u00f6ras.\" \/>\n<meta property=\"og:url\" content=\"https:\/\/lararkarriar.se\/grundskola\/2021\/10\/12\/fran-ord-till-handling\/\" \/>\n<meta property=\"og:site_name\" content=\"Framtidens Karri\u00e4r \u2013 Grundskolel\u00e4rare\" \/>\n<meta property=\"article:published_time\" content=\"2021-10-12T11:30:05+00:00\" \/>\n<meta property=\"article:modified_time\" content=\"2021-10-13T09:31:27+00:00\" \/>\n<meta property=\"og:image\" content=\"https:\/\/lararkarriar.se\/grundskola\/wp-content\/uploads\/sites\/12\/2021\/10\/utveckling-1.jpg\" \/>\n\t<meta property=\"og:image:width\" content=\"1000\" \/>\n\t<meta property=\"og:image:height\" content=\"627\" \/>\n\t<meta property=\"og:image:type\" content=\"image\/jpeg\" \/>\n<meta name=\"author\" content=\"stellanstal\" \/>\n<meta name=\"twitter:card\" content=\"summary_large_image\" \/>\n<meta name=\"twitter:label1\" content=\"Skriven av\" \/>\n\t<meta name=\"twitter:data1\" content=\"stellanstal\" \/>\n\t<meta name=\"twitter:label2\" content=\"Ber\u00e4knad l\u00e4stid\" \/>\n\t<meta name=\"twitter:data2\" content=\"2 minuter\" \/>\n<script type=\"application\/ld+json\" class=\"yoast-schema-graph\">{\"@context\":\"https:\\\/\\\/schema.org\",\"@graph\":[{\"@type\":\"Article\",\"@id\":\"https:\\\/\\\/lararkarriar.se\\\/grundskola\\\/2021\\\/10\\\/12\\\/fran-ord-till-handling\\\/#article\",\"isPartOf\":{\"@id\":\"https:\\\/\\\/lararkarriar.se\\\/grundskola\\\/2021\\\/10\\\/12\\\/fran-ord-till-handling\\\/\"},\"author\":{\"name\":\"stellanstal\",\"@id\":\"https:\\\/\\\/lararkarriar.se\\\/grundskola\\\/#\\\/schema\\\/person\\\/c8a43eb855191e573b73ecf8987a3b99\"},\"headline\":\"Fr\u00e5n ord till handling\",\"datePublished\":\"2021-10-12T11:30:05+00:00\",\"dateModified\":\"2021-10-13T09:31:27+00:00\",\"mainEntityOfPage\":{\"@id\":\"https:\\\/\\\/lararkarriar.se\\\/grundskola\\\/2021\\\/10\\\/12\\\/fran-ord-till-handling\\\/\"},\"wordCount\":427,\"commentCount\":0,\"image\":{\"@id\":\"https:\\\/\\\/lararkarriar.se\\\/grundskola\\\/2021\\\/10\\\/12\\\/fran-ord-till-handling\\\/#primaryimage\"},\"thumbnailUrl\":\"https:\\\/\\\/lararkarriar.se\\\/grundskola\\\/wp-content\\\/uploads\\\/sites\\\/12\\\/2021\\\/10\\\/utveckling-1.jpg\",\"keywords\":[\"Kristianstads kommun\",\"Utvecklingsarbete\"],\"articleSection\":[\"Artikel\"],\"inLanguage\":\"sv-SE\",\"potentialAction\":[{\"@type\":\"CommentAction\",\"name\":\"Comment\",\"target\":[\"https:\\\/\\\/lararkarriar.se\\\/grundskola\\\/2021\\\/10\\\/12\\\/fran-ord-till-handling\\\/#respond\"]}]},{\"@type\":\"WebPage\",\"@id\":\"https:\\\/\\\/lararkarriar.se\\\/grundskola\\\/2021\\\/10\\\/12\\\/fran-ord-till-handling\\\/\",\"url\":\"https:\\\/\\\/lararkarriar.se\\\/grundskola\\\/2021\\\/10\\\/12\\\/fran-ord-till-handling\\\/\",\"name\":\"Fr\u00e5n ord till handling - Framtidens Karri\u00e4r \u2013 Grundskolel\u00e4rare\",\"isPartOf\":{\"@id\":\"https:\\\/\\\/lararkarriar.se\\\/grundskola\\\/#website\"},\"primaryImageOfPage\":{\"@id\":\"https:\\\/\\\/lararkarriar.se\\\/grundskola\\\/2021\\\/10\\\/12\\\/fran-ord-till-handling\\\/#primaryimage\"},\"image\":{\"@id\":\"https:\\\/\\\/lararkarriar.se\\\/grundskola\\\/2021\\\/10\\\/12\\\/fran-ord-till-handling\\\/#primaryimage\"},\"thumbnailUrl\":\"https:\\\/\\\/lararkarriar.se\\\/grundskola\\\/wp-content\\\/uploads\\\/sites\\\/12\\\/2021\\\/10\\\/utveckling-1.jpg\",\"datePublished\":\"2021-10-12T11:30:05+00:00\",\"dateModified\":\"2021-10-13T09:31:27+00:00\",\"author\":{\"@id\":\"https:\\\/\\\/lararkarriar.se\\\/grundskola\\\/#\\\/schema\\\/person\\\/c8a43eb855191e573b73ecf8987a3b99\"},\"breadcrumb\":{\"@id\":\"https:\\\/\\\/lararkarriar.se\\\/grundskola\\\/2021\\\/10\\\/12\\\/fran-ord-till-handling\\\/#breadcrumb\"},\"inLanguage\":\"sv-SE\",\"potentialAction\":[{\"@type\":\"ReadAction\",\"target\":[\"https:\\\/\\\/lararkarriar.se\\\/grundskola\\\/2021\\\/10\\\/12\\\/fran-ord-till-handling\\\/\"]}]},{\"@type\":\"ImageObject\",\"inLanguage\":\"sv-SE\",\"@id\":\"https:\\\/\\\/lararkarriar.se\\\/grundskola\\\/2021\\\/10\\\/12\\\/fran-ord-till-handling\\\/#primaryimage\",\"url\":\"https:\\\/\\\/lararkarriar.se\\\/grundskola\\\/wp-content\\\/uploads\\\/sites\\\/12\\\/2021\\\/10\\\/utveckling-1.jpg\",\"contentUrl\":\"https:\\\/\\\/lararkarriar.se\\\/grundskola\\\/wp-content\\\/uploads\\\/sites\\\/12\\\/2021\\\/10\\\/utveckling-1.jpg\",\"width\":1000,\"height\":627},{\"@type\":\"BreadcrumbList\",\"@id\":\"https:\\\/\\\/lararkarriar.se\\\/grundskola\\\/2021\\\/10\\\/12\\\/fran-ord-till-handling\\\/#breadcrumb\",\"itemListElement\":[{\"@type\":\"ListItem\",\"position\":1,\"name\":\"Home\",\"item\":\"https:\\\/\\\/lararkarriar.se\\\/grundskola\\\/\"},{\"@type\":\"ListItem\",\"position\":2,\"name\":\"Fr\u00e5n ord till handling\"}]},{\"@type\":\"WebSite\",\"@id\":\"https:\\\/\\\/lararkarriar.se\\\/grundskola\\\/#website\",\"url\":\"https:\\\/\\\/lararkarriar.se\\\/grundskola\\\/\",\"name\":\"Framtidens Karri\u00e4r \u2013 Grundskolel\u00e4rare\",\"description\":\"Just another NMDashboard.se Sites site\",\"potentialAction\":[{\"@type\":\"SearchAction\",\"target\":{\"@type\":\"EntryPoint\",\"urlTemplate\":\"https:\\\/\\\/lararkarriar.se\\\/grundskola\\\/?s={search_term_string}\"},\"query-input\":{\"@type\":\"PropertyValueSpecification\",\"valueRequired\":true,\"valueName\":\"search_term_string\"}}],\"inLanguage\":\"sv-SE\"},{\"@type\":\"Person\",\"@id\":\"https:\\\/\\\/lararkarriar.se\\\/grundskola\\\/#\\\/schema\\\/person\\\/c8a43eb855191e573b73ecf8987a3b99\",\"name\":\"stellanstal\",\"image\":{\"@type\":\"ImageObject\",\"inLanguage\":\"sv-SE\",\"@id\":\"https:\\\/\\\/secure.gravatar.com\\\/avatar\\\/cd330fa6bb17f598124b2068ee0b189e4fe0987a50af9d53b78410836060d0c9?s=96&d=mm&r=g\",\"url\":\"https:\\\/\\\/secure.gravatar.com\\\/avatar\\\/cd330fa6bb17f598124b2068ee0b189e4fe0987a50af9d53b78410836060d0c9?s=96&d=mm&r=g\",\"contentUrl\":\"https:\\\/\\\/secure.gravatar.com\\\/avatar\\\/cd330fa6bb17f598124b2068ee0b189e4fe0987a50af9d53b78410836060d0c9?s=96&d=mm&r=g\",\"caption\":\"stellanstal\"},\"url\":\"https:\\\/\\\/lararkarriar.se\\\/grundskola\\\/author\\\/stellanstal\\\/\"}]}<\/script>\n<!-- \/ Yoast SEO plugin. -->","yoast_head_json":{"title":"Fr\u00e5n ord till handling - Framtidens Karri\u00e4r \u2013 Grundskolel\u00e4rare","robots":{"index":"index","follow":"follow","max-snippet":"max-snippet:-1","max-image-preview":"max-image-preview:large","max-video-preview":"max-video-preview:-1"},"canonical":"https:\/\/lararkarriar.se\/grundskola\/2021\/10\/12\/fran-ord-till-handling\/","og_locale":"sv_SE","og_type":"article","og_title":"Fr\u00e5n ord till handling - Framtidens Karri\u00e4r \u2013 Grundskolel\u00e4rare","og_description":"M\u00e5let att h\u00f6ja skolans kunskapsresultat n\u00e5s inte inne p\u00e5 ett kontor p\u00e5 kommunen utan ute hos l\u00e4rarna i klassrummen, det \u00e4r d\u00e4r den st\u00f6rsta insatsen ska g\u00f6ras.","og_url":"https:\/\/lararkarriar.se\/grundskola\/2021\/10\/12\/fran-ord-till-handling\/","og_site_name":"Framtidens Karri\u00e4r \u2013 Grundskolel\u00e4rare","article_published_time":"2021-10-12T11:30:05+00:00","article_modified_time":"2021-10-13T09:31:27+00:00","og_image":[{"width":1000,"height":627,"url":"https:\/\/lararkarriar.se\/grundskola\/wp-content\/uploads\/sites\/12\/2021\/10\/utveckling-1.jpg","type":"image\/jpeg"}],"author":"stellanstal","twitter_card":"summary_large_image","twitter_misc":{"Skriven av":"stellanstal","Ber\u00e4knad l\u00e4stid":"2 minuter"},"schema":{"@context":"https:\/\/schema.org","@graph":[{"@type":"Article","@id":"https:\/\/lararkarriar.se\/grundskola\/2021\/10\/12\/fran-ord-till-handling\/#article","isPartOf":{"@id":"https:\/\/lararkarriar.se\/grundskola\/2021\/10\/12\/fran-ord-till-handling\/"},"author":{"name":"stellanstal","@id":"https:\/\/lararkarriar.se\/grundskola\/#\/schema\/person\/c8a43eb855191e573b73ecf8987a3b99"},"headline":"Fr\u00e5n ord till handling","datePublished":"2021-10-12T11:30:05+00:00","dateModified":"2021-10-13T09:31:27+00:00","mainEntityOfPage":{"@id":"https:\/\/lararkarriar.se\/grundskola\/2021\/10\/12\/fran-ord-till-handling\/"},"wordCount":427,"commentCount":0,"image":{"@id":"https:\/\/lararkarriar.se\/grundskola\/2021\/10\/12\/fran-ord-till-handling\/#primaryimage"},"thumbnailUrl":"https:\/\/lararkarriar.se\/grundskola\/wp-content\/uploads\/sites\/12\/2021\/10\/utveckling-1.jpg","keywords":["Kristianstads kommun","Utvecklingsarbete"],"articleSection":["Artikel"],"inLanguage":"sv-SE","potentialAction":[{"@type":"CommentAction","name":"Comment","target":["https:\/\/lararkarriar.se\/grundskola\/2021\/10\/12\/fran-ord-till-handling\/#respond"]}]},{"@type":"WebPage","@id":"https:\/\/lararkarriar.se\/grundskola\/2021\/10\/12\/fran-ord-till-handling\/","url":"https:\/\/lararkarriar.se\/grundskola\/2021\/10\/12\/fran-ord-till-handling\/","name":"Fr\u00e5n ord till handling - Framtidens Karri\u00e4r \u2013 Grundskolel\u00e4rare","isPartOf":{"@id":"https:\/\/lararkarriar.se\/grundskola\/#website"},"primaryImageOfPage":{"@id":"https:\/\/lararkarriar.se\/grundskola\/2021\/10\/12\/fran-ord-till-handling\/#primaryimage"},"image":{"@id":"https:\/\/lararkarriar.se\/grundskola\/2021\/10\/12\/fran-ord-till-handling\/#primaryimage"},"thumbnailUrl":"https:\/\/lararkarriar.se\/grundskola\/wp-content\/uploads\/sites\/12\/2021\/10\/utveckling-1.jpg","datePublished":"2021-10-12T11:30:05+00:00","dateModified":"2021-10-13T09:31:27+00:00","author":{"@id":"https:\/\/lararkarriar.se\/grundskola\/#\/schema\/person\/c8a43eb855191e573b73ecf8987a3b99"},"breadcrumb":{"@id":"https:\/\/lararkarriar.se\/grundskola\/2021\/10\/12\/fran-ord-till-handling\/#breadcrumb"},"inLanguage":"sv-SE","potentialAction":[{"@type":"ReadAction","target":["https:\/\/lararkarriar.se\/grundskola\/2021\/10\/12\/fran-ord-till-handling\/"]}]},{"@type":"ImageObject","inLanguage":"sv-SE","@id":"https:\/\/lararkarriar.se\/grundskola\/2021\/10\/12\/fran-ord-till-handling\/#primaryimage","url":"https:\/\/lararkarriar.se\/grundskola\/wp-content\/uploads\/sites\/12\/2021\/10\/utveckling-1.jpg","contentUrl":"https:\/\/lararkarriar.se\/grundskola\/wp-content\/uploads\/sites\/12\/2021\/10\/utveckling-1.jpg","width":1000,"height":627},{"@type":"BreadcrumbList","@id":"https:\/\/lararkarriar.se\/grundskola\/2021\/10\/12\/fran-ord-till-handling\/#breadcrumb","itemListElement":[{"@type":"ListItem","position":1,"name":"Home","item":"https:\/\/lararkarriar.se\/grundskola\/"},{"@type":"ListItem","position":2,"name":"Fr\u00e5n ord till handling"}]},{"@type":"WebSite","@id":"https:\/\/lararkarriar.se\/grundskola\/#website","url":"https:\/\/lararkarriar.se\/grundskola\/","name":"Framtidens Karri\u00e4r \u2013 Grundskolel\u00e4rare","description":"Just another NMDashboard.se Sites site","potentialAction":[{"@type":"SearchAction","target":{"@type":"EntryPoint","urlTemplate":"https:\/\/lararkarriar.se\/grundskola\/?s={search_term_string}"},"query-input":{"@type":"PropertyValueSpecification","valueRequired":true,"valueName":"search_term_string"}}],"inLanguage":"sv-SE"},{"@type":"Person","@id":"https:\/\/lararkarriar.se\/grundskola\/#\/schema\/person\/c8a43eb855191e573b73ecf8987a3b99","name":"stellanstal","image":{"@type":"ImageObject","inLanguage":"sv-SE","@id":"https:\/\/secure.gravatar.com\/avatar\/cd330fa6bb17f598124b2068ee0b189e4fe0987a50af9d53b78410836060d0c9?s=96&d=mm&r=g","url":"https:\/\/secure.gravatar.com\/avatar\/cd330fa6bb17f598124b2068ee0b189e4fe0987a50af9d53b78410836060d0c9?s=96&d=mm&r=g","contentUrl":"https:\/\/secure.gravatar.com\/avatar\/cd330fa6bb17f598124b2068ee0b189e4fe0987a50af9d53b78410836060d0c9?s=96&d=mm&r=g","caption":"stellanstal"},"url":"https:\/\/lararkarriar.se\/grundskola\/author\/stellanstal\/"}]}},"_links":{"self":[{"href":"https:\/\/lararkarriar.se\/grundskola\/wp-json\/wp\/v2\/posts\/7385","targetHints":{"allow":["GET"]}}],"collection":[{"href":"https:\/\/lararkarriar.se\/grundskola\/wp-json\/wp\/v2\/posts"}],"about":[{"href":"https:\/\/lararkarriar.se\/grundskola\/wp-json\/wp\/v2\/types\/post"}],"author":[{"embeddable":true,"href":"https:\/\/lararkarriar.se\/grundskola\/wp-json\/wp\/v2\/users\/3"}],"replies":[{"embeddable":true,"href":"https:\/\/lararkarriar.se\/grundskola\/wp-json\/wp\/v2\/comments?post=7385"}],"version-history":[{"count":4,"href":"https:\/\/lararkarriar.se\/grundskola\/wp-json\/wp\/v2\/posts\/7385\/revisions"}],"predecessor-version":[{"id":7619,"href":"https:\/\/lararkarriar.se\/grundskola\/wp-json\/wp\/v2\/posts\/7385\/revisions\/7619"}],"wp:featuredmedia":[{"embeddable":true,"href":"https:\/\/lararkarriar.se\/grundskola\/wp-json\/wp\/v2\/media\/7386"}],"wp:attachment":[{"href":"https:\/\/lararkarriar.se\/grundskola\/wp-json\/wp\/v2\/media?parent=7385"}],"wp:term":[{"taxonomy":"category","embeddable":true,"href":"https:\/\/lararkarriar.se\/grundskola\/wp-json\/wp\/v2\/categories?post=7385"},{"taxonomy":"post_tag","embeddable":true,"href":"https:\/\/lararkarriar.se\/grundskola\/wp-json\/wp\/v2\/tags?post=7385"}],"curies":[{"name":"wp","href":"https:\/\/api.w.org\/{rel}","templated":true}]}}