{"id":7406,"date":"2021-10-12T11:49:54","date_gmt":"2021-10-12T11:49:54","guid":{"rendered":"https:\/\/lararkarriar.se\/grundskola\/?p=7406"},"modified":"2022-10-04T14:48:08","modified_gmt":"2022-10-04T14:48:08","slug":"hoga-forvantningar-ger-goda-resultat","status":"publish","type":"post","link":"https:\/\/lararkarriar.se\/grundskola\/2021\/10\/12\/hoga-forvantningar-ger-goda-resultat\/","title":{"rendered":"H\u00f6ga f\u00f6rv\u00e4ntningar ger goda resultat"},"content":{"rendered":"\n<figure class=\"wp-block-image size-full\"><img loading=\"lazy\" decoding=\"async\" width=\"1000\" height=\"666\" src=\"https:\/\/lararkarriar.se\/grundskola\/wp-content\/uploads\/sites\/12\/2021\/10\/svedala-anna-christian-7939.jpg\" alt=\"\u2013 H\u00f6ga f\u00f6rv\u00e4ntningar handlar inte bara om att st\u00e4lla krav eller peppa eleverna. Det handlar \u00e4ven om budskapet att de saker som vi g\u00f6r \u00e4r viktiga, s\u00e4ger Cristian Abrahamsson och f\u00e5r medh\u00e5ll av kollegan Anna Palm. Foto: Billy Lindberg\" class=\"wp-image-7412\" srcset=\"https:\/\/lararkarriar.se\/grundskola\/wp-content\/uploads\/sites\/12\/2021\/10\/svedala-anna-christian-7939.jpg 1000w, https:\/\/lararkarriar.se\/grundskola\/wp-content\/uploads\/sites\/12\/2021\/10\/svedala-anna-christian-7939-300x200.jpg 300w, https:\/\/lararkarriar.se\/grundskola\/wp-content\/uploads\/sites\/12\/2021\/10\/svedala-anna-christian-7939-768x511.jpg 768w, https:\/\/lararkarriar.se\/grundskola\/wp-content\/uploads\/sites\/12\/2021\/10\/svedala-anna-christian-7939-240x160.jpg 240w, https:\/\/lararkarriar.se\/grundskola\/wp-content\/uploads\/sites\/12\/2021\/10\/svedala-anna-christian-7939-526x350.jpg 526w, https:\/\/lararkarriar.se\/grundskola\/wp-content\/uploads\/sites\/12\/2021\/10\/svedala-anna-christian-7939-720x480.jpg 720w, https:\/\/lararkarriar.se\/grundskola\/wp-content\/uploads\/sites\/12\/2021\/10\/svedala-anna-christian-7939-960x639.jpg 960w\" sizes=\"auto, (max-width: 1000px) 100vw, 1000px\" \/><figcaption>\u2013 H\u00f6ga f\u00f6rv\u00e4ntningar handlar inte bara om att st\u00e4lla krav eller peppa eleverna. Det handlar \u00e4ven om budskapet att de saker som vi g\u00f6r \u00e4r viktiga, s\u00e4ger Cristian Abrahamsson och f\u00e5r medh\u00e5ll av kollegan Anna Palm. Foto: Billy Lindberg<\/figcaption><\/figure>\n\n\n\n<p><strong>Under m\u00e5nga \u00e5r har resultaten varit goda p\u00e5 grundskolorna i Svedala kommun. Bakom framg\u00e5ngarna finns engagerade l\u00e4rare, n\u00e4ra relationer och en tro p\u00e5 att h\u00f6ga f\u00f6rv\u00e4ntningar leder till fina resultat.<\/strong><\/p>\n\n\n\n<p>H\u00f6ga f\u00f6rv\u00e4ntningar utg\u00e5r ifr\u00e5n vetenskaplig grund och \u00e4r ett f\u00f6rh\u00e5llningss\u00e4tt som ska genomsyra hela verksamheten. H\u00f6ga f\u00f6rv\u00e4ntningar f\u00f6ruts\u00e4tter ett medvetet ledarskap, i och utanf\u00f6r klassrummet.<br>F\u00f6rv\u00e4ntningarna p\u00e5 Svedalas tj\u00e4nstem\u00e4n och politiker \u00e4r h\u00f6ga. Men det finns \u00e4ven h\u00f6ga f\u00f6rv\u00e4ntningar p\u00e5 kommunens l\u00e4rare, elever och deras f\u00f6r\u00e4ldrar. Att luta sig tillbaka \u00e4r inget alternativ n\u00e4r m\u00e5let \u00e4r att alla ska lyckas.<br>Cristian Abrahamsson, kommunlektor och l\u00e4rare i no, matte och teknik, har m\u00e5nga \u00e5r i yrket bakom sig. Att ha f\u00f6rv\u00e4ntningar p\u00e5 s\u00e5v\u00e4l elevernas som sin egen prestation \u00e4r inget nytt, men enligt honom h\u00e4nder det n\u00e5got n\u00e4r f\u00f6rv\u00e4ntningarna uttalas h\u00f6gt.<br>\u2013 N\u00e4r saker f\u00e5r ett namn synligg\u00f6rs de och som l\u00e4rare b\u00f6rjar du t\u00e4nka mer systematiskt kring de h\u00f6ga f\u00f6rv\u00e4ntningarna. Kan jag krama ur n\u00e5gra droppar till h\u00e4r eller kan jag kanske k\u00f6ra det ett varv till? Vi jobbar st\u00e4ndigt med v\u00e5r undervisning och funderar p\u00e5 hur den kan bli b\u00e4ttre, s\u00e4ger han och ber\u00e4ttar att de h\u00f6ga f\u00f6rv\u00e4ntningarna genomsyrar allt fr\u00e5n kontakten med f\u00f6r\u00e4ldrarna till samtalen med kollegorna.<\/p>\n\n\n\n<p class=\"has-color-white-01-color has-text-color has-background\" style=\"background-color:#00404e\"><strong><a title=\"Svedala kommun pres HT21 jobb ans\u00f6k\" href=\"http:\/\/www.svedala.se\/ledigajobb\" target=\"_blank\" rel=\"noreferrer noopener\"><span style=\"text-decoration: underline;\">Klicka h\u00e4r f\u00f6r att se v\u00e5ra lediga tj\u00e4nster<\/span><\/a><\/strong><br><a title=\"Svedala kommun pres HT21 Kvutis l\u00e4s mer\" href=\"https:\/\/kvutis.se\/\" target=\"_blank\" rel=\"noreferrer noopener\"><br><strong><span style=\"text-decoration: underline;\">Klicka h\u00e4r f\u00f6r att l\u00e4sa mer om hur vi arbetar<\/span><\/strong><\/a><\/p>\n\n\n\n<p><strong>Kollegialt l\u00e4rande<\/strong><br>Det kollegiala l\u00e4randet \u00e4r en viktig pusselbit f\u00f6r att de h\u00f6ga f\u00f6rv\u00e4ntningarna ska infrias. Anna Palm har arbetat som l\u00e4rare i 21 \u00e5r. Sedan fem \u00e5r tillbaka undervisar hon i svenska och engelska p\u00e5 Kl\u00e5gerupskolan. Hon ber\u00e4ttar att l\u00e4rarna ofta hj\u00e4lper varandra att skruva till undervisningen den d\u00e4r lilla extra biten.<br>\u2013 Det b\u00e4sta med att jobba just h\u00e4r \u00e4r helt klart att vi f\u00f6rnyar oss, och v\u00e4rmen som finns h\u00e4r. Det \u00e4r en styrka att kunna hj\u00e4lpas \u00e5t och utvecklas tillsammans, s\u00e4ger hon.<br>Att st\u00e4ndigt vara p\u00e5 t\u00e5rna och h\u00e5lla sig uppdaterade p\u00e5 ny forskning \u00e4r en sj\u00e4lvklar del av undervisningen.<br>\u2013 Vi l\u00e4rare visar \u00e4ven varandra vad vi siktar p\u00e5. Det \u00e4r hit upp vi ska ta v\u00e5r undervisning, s\u00e4ger Cristian Abrahamsson.<br>F\u00f6r att de h\u00f6ga f\u00f6rv\u00e4ntningarna ska f\u00e5 f\u00e4ste och genomslag \u00e4ven hos eleverna \u00e4r det viktigt med goda relationer.<br>\u2013 F\u00f6r att vi ska f\u00e5 eleverna med p\u00e5 t\u00e5get \u00e4r det viktigt att de har f\u00f6rtroende f\u00f6r oss l\u00e4rare. Att de tror p\u00e5 oss n\u00e4r vi s\u00e4ger att vi tror p\u00e5 dem, s\u00e4ger Anna Palm.<\/p>\n\n\n\n<div class=\"wp-block-group faktaruta\"><div class=\"wp-block-group__inner-container is-layout-flow wp-block-group-is-layout-flow\">\n<h6 class=\"wp-block-heading\">Svedala kommun<\/h6>\n\n\n\n<p>Svedala skolkommun har en h\u00f6g m\u00e5ls\u00e4ttning. Visionen \u00e4r att alla ska lyckas. Ledarskap, vetenskaplig grund och h\u00f6ga f\u00f6rv\u00e4ntningar genomsyrar verksamheterna. I kommunen finns \u00e5tta kommunala grundskolor. F\u00f6rskoleklasser och fritidshem \u00e4r integrerade i skolorna. I grundskolorna finns cirka 3450 elever i \u00e5rskurs F\u20139 varav cirka 1500 elever g\u00e5r p\u00e5 fritidshemmet. Kommunala f\u00f6rskolor, grundskolor och gymnasieskolan \u00e4r knutna till Malm\u00f6 universitet och tar emot l\u00e4rarstudenter f\u00f6r praktik. Det \u00f6vergripande gemensamma m\u00e5let \u00e4r att erbjuda l\u00e4rarutbildningar av h\u00f6g kvalitet. Det n\u00e4ra samarbetet med universitet och andra l\u00e4ros\u00e4ten \u00e4r viktigt f\u00f6r medarbetarnas kompetensutveckling, koppling till vetenskaplig grund och framtida rekryteringar.<br><br><strong><a href=\"https:\/\/svedala.se\/\" title=\"Svedala kommun pres HT21 textlink\" target=\"_blank\" rel=\"noreferrer noopener\">svedala.se<\/a><\/strong><br><br><a href=\"https:\/\/svedala.se\/\" title=\"Svedala kommun pres HT21 logotype\" target=\"_blank\" rel=\"noreferrer noopener\"><img loading=\"lazy\" decoding=\"async\" width=\"150\" height=\"117\" class=\"wp-image-7417\" style=\"width: 150px;\" src=\"https:\/\/lararkarriar.se\/grundskola\/wp-content\/uploads\/sites\/12\/2021\/10\/svedala-logo-cmyk.png\" alt=\"\" srcset=\"https:\/\/lararkarriar.se\/grundskola\/wp-content\/uploads\/sites\/12\/2021\/10\/svedala-logo-cmyk.png 500w, https:\/\/lararkarriar.se\/grundskola\/wp-content\/uploads\/sites\/12\/2021\/10\/svedala-logo-cmyk-300x233.png 300w, https:\/\/lararkarriar.se\/grundskola\/wp-content\/uploads\/sites\/12\/2021\/10\/svedala-logo-cmyk-206x160.png 206w\" sizes=\"auto, (max-width: 150px) 100vw, 150px\" \/><\/a><\/p>\n<\/div><\/div>\n","protected":false},"excerpt":{"rendered":"<p>Under m\u00e5nga \u00e5r har resultaten varit goda p\u00e5 grundskolorna i Svedala kommun.<\/p>\n","protected":false},"author":2,"featured_media":7412,"comment_status":"open","ping_status":"open","sticky":false,"template":"","format":"standard","meta":{"_acf_changed":false,"_monsterinsights_skip_tracking":false,"_monsterinsights_sitenote_active":false,"_monsterinsights_sitenote_note":"","_monsterinsights_sitenote_category":0,"footnotes":""},"categories":[7],"tags":[470],"class_list":["post-7406","post","type-post","status-publish","format-standard","has-post-thumbnail","hentry","category-presentation","tag-svedala-kommun"],"acf":[],"yoast_head":"<!-- This site is optimized with the Yoast SEO plugin v27.3 - https:\/\/yoast.com\/product\/yoast-seo-wordpress\/ -->\n<title>H\u00f6ga f\u00f6rv\u00e4ntningar ger goda resultat - Framtidens Karri\u00e4r \u2013 Grundskolel\u00e4rare<\/title>\n<meta name=\"robots\" content=\"index, follow, max-snippet:-1, max-image-preview:large, max-video-preview:-1\" \/>\n<link rel=\"canonical\" href=\"https:\/\/lararkarriar.se\/grundskola\/2021\/10\/12\/hoga-forvantningar-ger-goda-resultat\/\" \/>\n<meta property=\"og:locale\" content=\"sv_SE\" \/>\n<meta property=\"og:type\" content=\"article\" \/>\n<meta property=\"og:title\" content=\"H\u00f6ga f\u00f6rv\u00e4ntningar ger goda resultat - Framtidens Karri\u00e4r \u2013 Grundskolel\u00e4rare\" \/>\n<meta property=\"og:description\" content=\"Under m\u00e5nga \u00e5r har resultaten varit goda p\u00e5 grundskolorna i Svedala kommun.\" \/>\n<meta property=\"og:url\" content=\"https:\/\/lararkarriar.se\/grundskola\/2021\/10\/12\/hoga-forvantningar-ger-goda-resultat\/\" \/>\n<meta property=\"og:site_name\" content=\"Framtidens Karri\u00e4r \u2013 Grundskolel\u00e4rare\" \/>\n<meta property=\"article:published_time\" content=\"2021-10-12T11:49:54+00:00\" \/>\n<meta property=\"article:modified_time\" content=\"2022-10-04T14:48:08+00:00\" \/>\n<meta property=\"og:image\" content=\"https:\/\/lararkarriar.se\/grundskola\/wp-content\/uploads\/sites\/12\/2021\/10\/svedala-anna-christian-7939.jpg\" \/>\n\t<meta property=\"og:image:width\" content=\"1000\" \/>\n\t<meta property=\"og:image:height\" content=\"666\" \/>\n\t<meta property=\"og:image:type\" content=\"image\/jpeg\" \/>\n<meta name=\"author\" content=\"viktorwallen\" \/>\n<meta name=\"twitter:card\" content=\"summary_large_image\" \/>\n<meta name=\"twitter:label1\" content=\"Skriven av\" \/>\n\t<meta name=\"twitter:data1\" content=\"viktorwallen\" \/>\n\t<meta name=\"twitter:label2\" content=\"Ber\u00e4knad l\u00e4stid\" \/>\n\t<meta name=\"twitter:data2\" content=\"4 minuter\" \/>\n<script type=\"application\/ld+json\" class=\"yoast-schema-graph\">{\"@context\":\"https:\\\/\\\/schema.org\",\"@graph\":[{\"@type\":\"Article\",\"@id\":\"https:\\\/\\\/lararkarriar.se\\\/grundskola\\\/2021\\\/10\\\/12\\\/hoga-forvantningar-ger-goda-resultat\\\/#article\",\"isPartOf\":{\"@id\":\"https:\\\/\\\/lararkarriar.se\\\/grundskola\\\/2021\\\/10\\\/12\\\/hoga-forvantningar-ger-goda-resultat\\\/\"},\"author\":{\"name\":\"viktorwallen\",\"@id\":\"https:\\\/\\\/lararkarriar.se\\\/grundskola\\\/#\\\/schema\\\/person\\\/2a13a849ec7646386c2211f59afe3083\"},\"headline\":\"H\u00f6ga f\u00f6rv\u00e4ntningar ger goda resultat\",\"datePublished\":\"2021-10-12T11:49:54+00:00\",\"dateModified\":\"2022-10-04T14:48:08+00:00\",\"mainEntityOfPage\":{\"@id\":\"https:\\\/\\\/lararkarriar.se\\\/grundskola\\\/2021\\\/10\\\/12\\\/hoga-forvantningar-ger-goda-resultat\\\/\"},\"wordCount\":678,\"commentCount\":0,\"image\":{\"@id\":\"https:\\\/\\\/lararkarriar.se\\\/grundskola\\\/2021\\\/10\\\/12\\\/hoga-forvantningar-ger-goda-resultat\\\/#primaryimage\"},\"thumbnailUrl\":\"https:\\\/\\\/lararkarriar.se\\\/grundskola\\\/wp-content\\\/uploads\\\/sites\\\/12\\\/2021\\\/10\\\/svedala-anna-christian-7939.jpg\",\"keywords\":[\"Svedala kommun\"],\"articleSection\":[\"Presentation\"],\"inLanguage\":\"sv-SE\",\"potentialAction\":[{\"@type\":\"CommentAction\",\"name\":\"Comment\",\"target\":[\"https:\\\/\\\/lararkarriar.se\\\/grundskola\\\/2021\\\/10\\\/12\\\/hoga-forvantningar-ger-goda-resultat\\\/#respond\"]}]},{\"@type\":\"WebPage\",\"@id\":\"https:\\\/\\\/lararkarriar.se\\\/grundskola\\\/2021\\\/10\\\/12\\\/hoga-forvantningar-ger-goda-resultat\\\/\",\"url\":\"https:\\\/\\\/lararkarriar.se\\\/grundskola\\\/2021\\\/10\\\/12\\\/hoga-forvantningar-ger-goda-resultat\\\/\",\"name\":\"H\u00f6ga f\u00f6rv\u00e4ntningar ger goda resultat - Framtidens Karri\u00e4r \u2013 Grundskolel\u00e4rare\",\"isPartOf\":{\"@id\":\"https:\\\/\\\/lararkarriar.se\\\/grundskola\\\/#website\"},\"primaryImageOfPage\":{\"@id\":\"https:\\\/\\\/lararkarriar.se\\\/grundskola\\\/2021\\\/10\\\/12\\\/hoga-forvantningar-ger-goda-resultat\\\/#primaryimage\"},\"image\":{\"@id\":\"https:\\\/\\\/lararkarriar.se\\\/grundskola\\\/2021\\\/10\\\/12\\\/hoga-forvantningar-ger-goda-resultat\\\/#primaryimage\"},\"thumbnailUrl\":\"https:\\\/\\\/lararkarriar.se\\\/grundskola\\\/wp-content\\\/uploads\\\/sites\\\/12\\\/2021\\\/10\\\/svedala-anna-christian-7939.jpg\",\"datePublished\":\"2021-10-12T11:49:54+00:00\",\"dateModified\":\"2022-10-04T14:48:08+00:00\",\"author\":{\"@id\":\"https:\\\/\\\/lararkarriar.se\\\/grundskola\\\/#\\\/schema\\\/person\\\/2a13a849ec7646386c2211f59afe3083\"},\"breadcrumb\":{\"@id\":\"https:\\\/\\\/lararkarriar.se\\\/grundskola\\\/2021\\\/10\\\/12\\\/hoga-forvantningar-ger-goda-resultat\\\/#breadcrumb\"},\"inLanguage\":\"sv-SE\",\"potentialAction\":[{\"@type\":\"ReadAction\",\"target\":[\"https:\\\/\\\/lararkarriar.se\\\/grundskola\\\/2021\\\/10\\\/12\\\/hoga-forvantningar-ger-goda-resultat\\\/\"]}]},{\"@type\":\"ImageObject\",\"inLanguage\":\"sv-SE\",\"@id\":\"https:\\\/\\\/lararkarriar.se\\\/grundskola\\\/2021\\\/10\\\/12\\\/hoga-forvantningar-ger-goda-resultat\\\/#primaryimage\",\"url\":\"https:\\\/\\\/lararkarriar.se\\\/grundskola\\\/wp-content\\\/uploads\\\/sites\\\/12\\\/2021\\\/10\\\/svedala-anna-christian-7939.jpg\",\"contentUrl\":\"https:\\\/\\\/lararkarriar.se\\\/grundskola\\\/wp-content\\\/uploads\\\/sites\\\/12\\\/2021\\\/10\\\/svedala-anna-christian-7939.jpg\",\"width\":1000,\"height\":666,\"caption\":\"\u2013 H\u00f6ga f\u00f6rv\u00e4ntningar handlar inte bara om att st\u00e4lla krav eller peppa eleverna. Det handlar \u00e4ven om budskapet att de saker som vi g\u00f6r \u00e4r viktiga, s\u00e4ger Cristian Abrahamsson och f\u00e5r medh\u00e5ll av kollegan Anna Palm. Foto: Billy Lindberg\"},{\"@type\":\"BreadcrumbList\",\"@id\":\"https:\\\/\\\/lararkarriar.se\\\/grundskola\\\/2021\\\/10\\\/12\\\/hoga-forvantningar-ger-goda-resultat\\\/#breadcrumb\",\"itemListElement\":[{\"@type\":\"ListItem\",\"position\":1,\"name\":\"Home\",\"item\":\"https:\\\/\\\/lararkarriar.se\\\/grundskola\\\/\"},{\"@type\":\"ListItem\",\"position\":2,\"name\":\"H\u00f6ga f\u00f6rv\u00e4ntningar ger goda resultat\"}]},{\"@type\":\"WebSite\",\"@id\":\"https:\\\/\\\/lararkarriar.se\\\/grundskola\\\/#website\",\"url\":\"https:\\\/\\\/lararkarriar.se\\\/grundskola\\\/\",\"name\":\"Framtidens Karri\u00e4r \u2013 Grundskolel\u00e4rare\",\"description\":\"Just another NMDashboard.se Sites site\",\"potentialAction\":[{\"@type\":\"SearchAction\",\"target\":{\"@type\":\"EntryPoint\",\"urlTemplate\":\"https:\\\/\\\/lararkarriar.se\\\/grundskola\\\/?s={search_term_string}\"},\"query-input\":{\"@type\":\"PropertyValueSpecification\",\"valueRequired\":true,\"valueName\":\"search_term_string\"}}],\"inLanguage\":\"sv-SE\"},{\"@type\":\"Person\",\"@id\":\"https:\\\/\\\/lararkarriar.se\\\/grundskola\\\/#\\\/schema\\\/person\\\/2a13a849ec7646386c2211f59afe3083\",\"name\":\"viktorwallen\",\"image\":{\"@type\":\"ImageObject\",\"inLanguage\":\"sv-SE\",\"@id\":\"https:\\\/\\\/secure.gravatar.com\\\/avatar\\\/701701bd36169636031933997c8c6b954f2f635bbb7cd4802e4a007f9c9f4e59?s=96&d=mm&r=g\",\"url\":\"https:\\\/\\\/secure.gravatar.com\\\/avatar\\\/701701bd36169636031933997c8c6b954f2f635bbb7cd4802e4a007f9c9f4e59?s=96&d=mm&r=g\",\"contentUrl\":\"https:\\\/\\\/secure.gravatar.com\\\/avatar\\\/701701bd36169636031933997c8c6b954f2f635bbb7cd4802e4a007f9c9f4e59?s=96&d=mm&r=g\",\"caption\":\"viktorwallen\"},\"url\":\"https:\\\/\\\/lararkarriar.se\\\/grundskola\\\/author\\\/viktorwallen\\\/\"}]}<\/script>\n<!-- \/ Yoast SEO plugin. -->","yoast_head_json":{"title":"H\u00f6ga f\u00f6rv\u00e4ntningar ger goda resultat - Framtidens Karri\u00e4r \u2013 Grundskolel\u00e4rare","robots":{"index":"index","follow":"follow","max-snippet":"max-snippet:-1","max-image-preview":"max-image-preview:large","max-video-preview":"max-video-preview:-1"},"canonical":"https:\/\/lararkarriar.se\/grundskola\/2021\/10\/12\/hoga-forvantningar-ger-goda-resultat\/","og_locale":"sv_SE","og_type":"article","og_title":"H\u00f6ga f\u00f6rv\u00e4ntningar ger goda resultat - Framtidens Karri\u00e4r \u2013 Grundskolel\u00e4rare","og_description":"Under m\u00e5nga \u00e5r har resultaten varit goda p\u00e5 grundskolorna i Svedala kommun.","og_url":"https:\/\/lararkarriar.se\/grundskola\/2021\/10\/12\/hoga-forvantningar-ger-goda-resultat\/","og_site_name":"Framtidens Karri\u00e4r \u2013 Grundskolel\u00e4rare","article_published_time":"2021-10-12T11:49:54+00:00","article_modified_time":"2022-10-04T14:48:08+00:00","og_image":[{"width":1000,"height":666,"url":"https:\/\/lararkarriar.se\/grundskola\/wp-content\/uploads\/sites\/12\/2021\/10\/svedala-anna-christian-7939.jpg","type":"image\/jpeg"}],"author":"viktorwallen","twitter_card":"summary_large_image","twitter_misc":{"Skriven av":"viktorwallen","Ber\u00e4knad l\u00e4stid":"4 minuter"},"schema":{"@context":"https:\/\/schema.org","@graph":[{"@type":"Article","@id":"https:\/\/lararkarriar.se\/grundskola\/2021\/10\/12\/hoga-forvantningar-ger-goda-resultat\/#article","isPartOf":{"@id":"https:\/\/lararkarriar.se\/grundskola\/2021\/10\/12\/hoga-forvantningar-ger-goda-resultat\/"},"author":{"name":"viktorwallen","@id":"https:\/\/lararkarriar.se\/grundskola\/#\/schema\/person\/2a13a849ec7646386c2211f59afe3083"},"headline":"H\u00f6ga f\u00f6rv\u00e4ntningar ger goda resultat","datePublished":"2021-10-12T11:49:54+00:00","dateModified":"2022-10-04T14:48:08+00:00","mainEntityOfPage":{"@id":"https:\/\/lararkarriar.se\/grundskola\/2021\/10\/12\/hoga-forvantningar-ger-goda-resultat\/"},"wordCount":678,"commentCount":0,"image":{"@id":"https:\/\/lararkarriar.se\/grundskola\/2021\/10\/12\/hoga-forvantningar-ger-goda-resultat\/#primaryimage"},"thumbnailUrl":"https:\/\/lararkarriar.se\/grundskola\/wp-content\/uploads\/sites\/12\/2021\/10\/svedala-anna-christian-7939.jpg","keywords":["Svedala kommun"],"articleSection":["Presentation"],"inLanguage":"sv-SE","potentialAction":[{"@type":"CommentAction","name":"Comment","target":["https:\/\/lararkarriar.se\/grundskola\/2021\/10\/12\/hoga-forvantningar-ger-goda-resultat\/#respond"]}]},{"@type":"WebPage","@id":"https:\/\/lararkarriar.se\/grundskola\/2021\/10\/12\/hoga-forvantningar-ger-goda-resultat\/","url":"https:\/\/lararkarriar.se\/grundskola\/2021\/10\/12\/hoga-forvantningar-ger-goda-resultat\/","name":"H\u00f6ga f\u00f6rv\u00e4ntningar ger goda resultat - Framtidens Karri\u00e4r \u2013 Grundskolel\u00e4rare","isPartOf":{"@id":"https:\/\/lararkarriar.se\/grundskola\/#website"},"primaryImageOfPage":{"@id":"https:\/\/lararkarriar.se\/grundskola\/2021\/10\/12\/hoga-forvantningar-ger-goda-resultat\/#primaryimage"},"image":{"@id":"https:\/\/lararkarriar.se\/grundskola\/2021\/10\/12\/hoga-forvantningar-ger-goda-resultat\/#primaryimage"},"thumbnailUrl":"https:\/\/lararkarriar.se\/grundskola\/wp-content\/uploads\/sites\/12\/2021\/10\/svedala-anna-christian-7939.jpg","datePublished":"2021-10-12T11:49:54+00:00","dateModified":"2022-10-04T14:48:08+00:00","author":{"@id":"https:\/\/lararkarriar.se\/grundskola\/#\/schema\/person\/2a13a849ec7646386c2211f59afe3083"},"breadcrumb":{"@id":"https:\/\/lararkarriar.se\/grundskola\/2021\/10\/12\/hoga-forvantningar-ger-goda-resultat\/#breadcrumb"},"inLanguage":"sv-SE","potentialAction":[{"@type":"ReadAction","target":["https:\/\/lararkarriar.se\/grundskola\/2021\/10\/12\/hoga-forvantningar-ger-goda-resultat\/"]}]},{"@type":"ImageObject","inLanguage":"sv-SE","@id":"https:\/\/lararkarriar.se\/grundskola\/2021\/10\/12\/hoga-forvantningar-ger-goda-resultat\/#primaryimage","url":"https:\/\/lararkarriar.se\/grundskola\/wp-content\/uploads\/sites\/12\/2021\/10\/svedala-anna-christian-7939.jpg","contentUrl":"https:\/\/lararkarriar.se\/grundskola\/wp-content\/uploads\/sites\/12\/2021\/10\/svedala-anna-christian-7939.jpg","width":1000,"height":666,"caption":"\u2013 H\u00f6ga f\u00f6rv\u00e4ntningar handlar inte bara om att st\u00e4lla krav eller peppa eleverna. Det handlar \u00e4ven om budskapet att de saker som vi g\u00f6r \u00e4r viktiga, s\u00e4ger Cristian Abrahamsson och f\u00e5r medh\u00e5ll av kollegan Anna Palm. Foto: Billy Lindberg"},{"@type":"BreadcrumbList","@id":"https:\/\/lararkarriar.se\/grundskola\/2021\/10\/12\/hoga-forvantningar-ger-goda-resultat\/#breadcrumb","itemListElement":[{"@type":"ListItem","position":1,"name":"Home","item":"https:\/\/lararkarriar.se\/grundskola\/"},{"@type":"ListItem","position":2,"name":"H\u00f6ga f\u00f6rv\u00e4ntningar ger goda resultat"}]},{"@type":"WebSite","@id":"https:\/\/lararkarriar.se\/grundskola\/#website","url":"https:\/\/lararkarriar.se\/grundskola\/","name":"Framtidens Karri\u00e4r \u2013 Grundskolel\u00e4rare","description":"Just another NMDashboard.se Sites site","potentialAction":[{"@type":"SearchAction","target":{"@type":"EntryPoint","urlTemplate":"https:\/\/lararkarriar.se\/grundskola\/?s={search_term_string}"},"query-input":{"@type":"PropertyValueSpecification","valueRequired":true,"valueName":"search_term_string"}}],"inLanguage":"sv-SE"},{"@type":"Person","@id":"https:\/\/lararkarriar.se\/grundskola\/#\/schema\/person\/2a13a849ec7646386c2211f59afe3083","name":"viktorwallen","image":{"@type":"ImageObject","inLanguage":"sv-SE","@id":"https:\/\/secure.gravatar.com\/avatar\/701701bd36169636031933997c8c6b954f2f635bbb7cd4802e4a007f9c9f4e59?s=96&d=mm&r=g","url":"https:\/\/secure.gravatar.com\/avatar\/701701bd36169636031933997c8c6b954f2f635bbb7cd4802e4a007f9c9f4e59?s=96&d=mm&r=g","contentUrl":"https:\/\/secure.gravatar.com\/avatar\/701701bd36169636031933997c8c6b954f2f635bbb7cd4802e4a007f9c9f4e59?s=96&d=mm&r=g","caption":"viktorwallen"},"url":"https:\/\/lararkarriar.se\/grundskola\/author\/viktorwallen\/"}]}},"_links":{"self":[{"href":"https:\/\/lararkarriar.se\/grundskola\/wp-json\/wp\/v2\/posts\/7406","targetHints":{"allow":["GET"]}}],"collection":[{"href":"https:\/\/lararkarriar.se\/grundskola\/wp-json\/wp\/v2\/posts"}],"about":[{"href":"https:\/\/lararkarriar.se\/grundskola\/wp-json\/wp\/v2\/types\/post"}],"author":[{"embeddable":true,"href":"https:\/\/lararkarriar.se\/grundskola\/wp-json\/wp\/v2\/users\/2"}],"replies":[{"embeddable":true,"href":"https:\/\/lararkarriar.se\/grundskola\/wp-json\/wp\/v2\/comments?post=7406"}],"version-history":[{"count":18,"href":"https:\/\/lararkarriar.se\/grundskola\/wp-json\/wp\/v2\/posts\/7406\/revisions"}],"predecessor-version":[{"id":7949,"href":"https:\/\/lararkarriar.se\/grundskola\/wp-json\/wp\/v2\/posts\/7406\/revisions\/7949"}],"wp:featuredmedia":[{"embeddable":true,"href":"https:\/\/lararkarriar.se\/grundskola\/wp-json\/wp\/v2\/media\/7412"}],"wp:attachment":[{"href":"https:\/\/lararkarriar.se\/grundskola\/wp-json\/wp\/v2\/media?parent=7406"}],"wp:term":[{"taxonomy":"category","embeddable":true,"href":"https:\/\/lararkarriar.se\/grundskola\/wp-json\/wp\/v2\/categories?post=7406"},{"taxonomy":"post_tag","embeddable":true,"href":"https:\/\/lararkarriar.se\/grundskola\/wp-json\/wp\/v2\/tags?post=7406"}],"curies":[{"name":"wp","href":"https:\/\/api.w.org\/{rel}","templated":true}]}}