{"id":7430,"date":"2021-10-12T12:23:22","date_gmt":"2021-10-12T12:23:22","guid":{"rendered":"https:\/\/lararkarriar.se\/grundskola\/?p=7430"},"modified":"2022-10-04T14:48:04","modified_gmt":"2022-10-04T14:48:04","slug":"trelleborg-storsatsar-for-att-na-toppen","status":"publish","type":"post","link":"https:\/\/lararkarriar.se\/grundskola\/2021\/10\/12\/trelleborg-storsatsar-for-att-na-toppen\/","title":{"rendered":"Trelleborg storsatsar f\u00f6r att n\u00e5 toppen"},"content":{"rendered":"\n<figure class=\"wp-block-image size-full\"><img loading=\"lazy\" decoding=\"async\" width=\"1000\" height=\"610\" src=\"https:\/\/lararkarriar.se\/grundskola\/wp-content\/uploads\/sites\/12\/2021\/10\/trelleborg-andrea-robert-ester-sofia-1.jpg\" alt=\"\u2013 Vi har tagit tempen p\u00e5 v\u00e5r organisation och ritat upp hur vi vill ha det. N\u00e4r vi ins\u00e5g att det inte var m\u00f6jligt att uppn\u00e5 det vi ville, skapade vi helt enkelt de f\u00f6ruts\u00e4ttningar som kr\u00e4vs, s\u00e4ger Ester Alavei, f\u00f6rvaltningschef p\u00e5 bildningsf\u00f6rvaltningen i Trelleborgs kommun. Tillsammans med skolpersonal och elever tar nu bildningsf\u00f6rvaltningen ett stort kliv in i framtiden. Fr\u00e5n v\u00e4nster: Andrea Roos, Robert Ryd\u00e9n, Ester Alavei och Sofia Henderup Larsson.\" class=\"wp-image-7432\" srcset=\"https:\/\/lararkarriar.se\/grundskola\/wp-content\/uploads\/sites\/12\/2021\/10\/trelleborg-andrea-robert-ester-sofia-1.jpg 1000w, https:\/\/lararkarriar.se\/grundskola\/wp-content\/uploads\/sites\/12\/2021\/10\/trelleborg-andrea-robert-ester-sofia-1-300x183.jpg 300w, https:\/\/lararkarriar.se\/grundskola\/wp-content\/uploads\/sites\/12\/2021\/10\/trelleborg-andrea-robert-ester-sofia-1-768x468.jpg 768w, https:\/\/lararkarriar.se\/grundskola\/wp-content\/uploads\/sites\/12\/2021\/10\/trelleborg-andrea-robert-ester-sofia-1-262x160.jpg 262w, https:\/\/lararkarriar.se\/grundskola\/wp-content\/uploads\/sites\/12\/2021\/10\/trelleborg-andrea-robert-ester-sofia-1-526x321.jpg 526w, https:\/\/lararkarriar.se\/grundskola\/wp-content\/uploads\/sites\/12\/2021\/10\/trelleborg-andrea-robert-ester-sofia-1-720x439.jpg 720w, https:\/\/lararkarriar.se\/grundskola\/wp-content\/uploads\/sites\/12\/2021\/10\/trelleborg-andrea-robert-ester-sofia-1-960x586.jpg 960w\" sizes=\"auto, (max-width: 1000px) 100vw, 1000px\" \/><figcaption>\u2013 Vi har tagit tempen p\u00e5 v\u00e5r organisation och ritat upp hur vi vill ha det. N\u00e4r vi ins\u00e5g att det inte var m\u00f6jligt att uppn\u00e5 det vi ville, skapade vi helt enkelt de f\u00f6ruts\u00e4ttningar som kr\u00e4vs, s\u00e4ger Ester Alavei, f\u00f6rvaltningschef p\u00e5 bildningsf\u00f6rvaltningen i Trelleborgs kommun. Tillsammans med skolpersonal och elever tar nu bildningsf\u00f6rvaltningen ett stort kliv in i framtiden. Fr\u00e5n v\u00e4nster: Andrea Roos, Robert Ryd\u00e9n, Ester Alavei och Sofia Henderup Larsson.<\/figcaption><\/figure>\n\n\n\n<p><strong>Ramen \u00e4r lagd, f\u00f6ruts\u00e4ttningarna finns d\u00e4r, nu \u00e4r det dags f\u00f6r nio handplockade rektorer att ta \u00f6ver stafettpinnen. Genom stora rektorsomr\u00e5den skapas en r\u00f6d pedagogisk tr\u00e5d fr\u00e5n att Trelleborgs barn b\u00f6rjar f\u00f6rskolan till niondeklass.<\/strong><\/p>\n\n\n\n<p>\u2013 Det h\u00e4r kommer att bli riktigt bra, det \u00e4r jag \u00f6vertygad om, s\u00e4ger Andrea Roos, som ska leda ett av Trelleborgs nio nya rektorsomr\u00e5den.<br>Visionen \u00e4r tydlig: Trelleborg ska bli en skolkommun att r\u00e4kna med. Som ett led i att skapa en trygg och tydlig skolg\u00e5ng med likv\u00e4rdig utbildning f\u00f6r alla barn och elever samlar bildningsf\u00f6rvaltningen i Trelleborg organisationen i nio rektorsomr\u00e5den. Omr\u00e5dena best\u00e5r av b\u00e5de f\u00f6rskola och skola. Varje omr\u00e5de har sin egen rektor som tillsammans med bitr\u00e4dande rektorer och en administrativ chef bildar en ledningsgrupp.<br>Andrea Roos har tidigare varit rektor f\u00f6r en mindre skolenhet, och trots att den nya organisationen endast har varit i g\u00e5ng sedan den f\u00f6rsta juli i \u00e5r har hon redan st\u00f6tt p\u00e5 flera f\u00f6rdelar.<br>\u2013 Min uppgift som rektor \u00e4r att g\u00f6ra det m\u00f6jligt f\u00f6r mina l\u00e4rare att utnyttja sin fulla kompetens. Nu finns det bland annat helt andra f\u00f6ruts\u00e4ttningar att erbjuda personalen heltidstj\u00e4nster och att se till att de faktiskt arbetar med det de har beh\u00f6righet till. Dessutom kan vi analysera resultat och f\u00f6lja upp eleverna p\u00e5 ett helt annat s\u00e4tt \u00e4n tidigare. Det h\u00e4r handlar egentligen inte om skolan, utan om hela livet. Forskning visar att barn som f\u00e5r en s\u00e4mre skolg\u00e5ng p\u00e5verkas negativt i livet. Nu har vi till exempel m\u00f6jlighet att skruva p\u00e5 saker redan i \u00e5rskurs ett f\u00f6r att \u00e4ndra resultat i \u00e5rskurs nio, s\u00e4ger Andrea Roos.<br>\u00c4ven Robert Ryd\u00e9n, som ansvarar f\u00f6r rektorsomr\u00e5de t\u00e4tort centrum, har uppt\u00e4ckt nya m\u00f6jligheter.<br>\u2013 Jag hade nyligen ett helt fantastiskt m\u00f6te med v\u00e5r skolbibliotikarie. Nu \u00e4r det faktiskt m\u00f6jligt att skapa en biblioteksplan som sp\u00e4nner fr\u00e5n ett\u00e5ringen till sexton\u00e5ringen. Bara t\u00e4nk vilka m\u00f6jligheter som \u00f6ppnas vid till exempel studiedagar och f\u00f6r\u00e4ldram\u00f6ten. Det blir s\u00e5dan kraft n\u00e4r vi \u00e4r m\u00e5nga tillsammans, s\u00e4ger han.<\/p>\n\n\n\n<p class=\"has-color-white-01-color has-text-color has-background\" style=\"background-color:#00404e\"><strong><a href=\"https:\/\/trelleborg.varbi.com\/\" target=\"_blank\" rel=\"noreferrer noopener\"><span style=\"text-decoration: underline;\">Jobba med oss i Trelleborgs kommun. Klicka h\u00e4r f\u00f6r att se v\u00e5ra lediga tj\u00e4nster<\/span><\/a><\/strong><\/p>\n\n\n\n<p><strong>Gott samarbete<\/strong><br>Att Trelleborg tar ett helhetsgrepp om skolan och ett kliv in i framtiden \u00e4r m\u00f6jligt tack vare att politiker, tj\u00e4nstem\u00e4n och skolpersonal har g\u00e5tt samman. Det kr\u00e4vs b\u00e5de mod och passion f\u00f6r att driva igenom omorganisationen.<br>\u2013 Vi tror p\u00e5 1\u201316-\u00e5rsperspektiv, men ska vi v\u00e4nta p\u00e5 att vi enbart f\u00e5r F\u20139-skolor i kommunen hinner vi alla g\u00e5 i pension innan n\u00e5got h\u00e4nder. Finns inte f\u00f6ruts\u00e4ttningarna d\u00e4r m\u00e5ste vi skapa dem, s\u00e4ger Ester Alavei, f\u00f6rvaltningschef p\u00e5 bildningsf\u00f6rvaltningen i Trelleborgs kommun.<br>F\u00f6rutom de stordriftsf\u00f6rdelar som omorganisationen f\u00f6r med sig s\u00e5 blir skolans kompensatoriska uppdrag centralt.<br>\u2013 Nu kan vi f\u00f6lja varje enskild elev och tidigt se till att inget barn hamnar mellan stolarna. Att alla barn, oavsett bakgrund, ska f\u00e5 samma m\u00f6jligheter blir betydligt enklare n\u00e4r vi har en r\u00f6d tr\u00e5d som g\u00e5r \u00e4nda fr\u00e5n f\u00f6rskolan upp till \u00e5rskurs nio, s\u00e4ger verksamhetschef Sofia Henderup Larsson.<br>Varje rektorsomr\u00e5de har dessutom sin egen elevh\u00e4lsa med s\u00e5v\u00e4l kuratorer som skolsk\u00f6terskor och psykologer. Kommunen har ocks\u00e5 nyligen anst\u00e4llt en skoll\u00e4kare p\u00e5 heltid som kommer att arbeta med samtliga rektorsomr\u00e5den.<\/p>\n\n\n\n<p><strong>Minskade avst\u00e5nd<\/strong><br>Samtidigt som beslutsmandaten och resurserna ska ligga ute i de olika rektorsomr\u00e5dena ska avst\u00e5ndet mellan bildningsf\u00f6rvaltningen och rektorerna minskas.<br>\u2013 Tidigare tr\u00e4ffade jag bara rektorer vid olika arrangemang. Det vill vi \u00e4ndra p\u00e5, s\u00e4ger Ester Alavei, och ber\u00e4ttar att ledningsgrupperna och tj\u00e4nstem\u00e4n fr\u00e5n bildningsf\u00f6rvaltningen ska tr\u00e4ffas en g\u00e5ng i m\u00e5naden.<\/p>\n\n\n\n<p><strong>F\u00f6r\u00e4ndra och bevara<\/strong><br>Trots att implementeringen av den nya organisationen kommer att inneb\u00e4ra stora utmaningar f\u00f6r b\u00e5de l\u00e4rarna och de nytilltr\u00e4dda rektorerna ser b\u00e5de Andrea Roos och Robert Ryd\u00e9n fram emot det kommande arbetet.<br>\u2013 Det inneb\u00e4r alltid en sorg att avsluta n\u00e5got, och det finns m\u00e5nga goda exempel att ta vara p\u00e5 fr\u00e5n den gamla organisationen. Det \u00e4r m\u00e5nga som ska bli ett vi, men jag ser faktiskt inga gr\u00e4nser f\u00f6r vad vi kan \u00e5stadkomma n\u00e4r vi arbetar tillsammans p\u00e5 det h\u00e4r s\u00e4ttet, s\u00e4ger Andrea Roos.<\/p>\n\n\n\n<p class=\"has-color-white-01-color has-text-color has-background\" style=\"background-color:#00404e\"><strong><a href=\"https:\/\/trelleborg.varbi.com\/\" target=\"_blank\" rel=\"noreferrer noopener\"><span style=\"text-decoration: underline;\">Jobba med oss i Trelleborgs kommun. Klicka h\u00e4r f\u00f6r att se v\u00e5ra lediga tj\u00e4nster<\/span><\/a><\/strong><\/p>\n\n\n\n<div class=\"wp-block-group faktaruta\"><div class=\"wp-block-group__inner-container is-layout-flow wp-block-group-is-layout-flow\">\n<h6 class=\"wp-block-heading\">Trelleborgs kommun &#8211; Skolsatsningar<\/h6>\n\n\n\n<p>Parallellt med omorganisationen satsar Trelleborg \u00e4ven p\u00e5 digitala l\u00e4romedel. Samtliga elever i \u00e5rskurs fyra till nio ska ha tillg\u00e5ng till digitala l\u00e4romedel. Enligt Sofia Henderup Larsson g\u00f6r de p\u00e5 det s\u00e4ttet eleverna redo f\u00f6r att m\u00f6ta sin digitala samtid samtidigt som det blir l\u00e4ttare att hj\u00e4lpa elever i socioekonomiskt utsatta omr\u00e5den.<br>Sedan tidigare erbjuder Trelleborg kommun skoltransport f\u00f6r samtliga elever, oavsett vilken skola de v\u00e4ljer att g\u00e5 p\u00e5. Kommunen ser \u00e4ven till att samtliga h\u00f6gstadieelever f\u00e5r fria resor med kollektivtrafiken i hela Sk\u00e5ne.<br>Men fokus l\u00e4ggs inte enbart p\u00e5 de barn som har sv\u00e5rt att n\u00e5 uppsatta m\u00e5l. De kommande tv\u00e5 l\u00e4s\u00e5ren kommer \u00e4ven extra fokus att l\u00e4ggas p\u00e5 h\u00f6gpresterande elever och s\u00e4rskilt beg\u00e5vade elever.<br>\u2013 Efter de h\u00e4r tv\u00e5 \u00e5ren ska kunskapen om hur man tar emot de h\u00e4r eleverna sitta i ryggm\u00e4rgen p\u00e5 samma s\u00e4tt som hur vi n\u00e5r de elever som inte n\u00e5r m\u00e5len, s\u00e4ger Sofia Henderup Larsson.<br><br><strong><a href=\"https:\/\/www.trelleborg.se\/barn-utbildning\/\" title=\"Trelleborgs kommun pres HT21 textlink\" target=\"_blank\" rel=\"noreferrer noopener\">www.trelleborg.se\/barn-utbildning\/<\/a><\/strong><br><br><a href=\"https:\/\/www.trelleborg.se\/barn-utbildning\/\" title=\"Trelleborgs kommun pres HT21 logotype\" target=\"_blank\" rel=\"noreferrer noopener\"><img loading=\"lazy\" decoding=\"async\" width=\"200\" height=\"35\" class=\"wp-image-7431\" style=\"width: 200px;\" src=\"https:\/\/lararkarriar.se\/grundskola\/wp-content\/uploads\/sites\/12\/2021\/10\/trelleborg-tbg-kommun-ligg-cmyk.png\" alt=\"\" srcset=\"https:\/\/lararkarriar.se\/grundskola\/wp-content\/uploads\/sites\/12\/2021\/10\/trelleborg-tbg-kommun-ligg-cmyk.png 500w, https:\/\/lararkarriar.se\/grundskola\/wp-content\/uploads\/sites\/12\/2021\/10\/trelleborg-tbg-kommun-ligg-cmyk-300x53.png 300w\" sizes=\"auto, (max-width: 200px) 100vw, 200px\" \/><\/a><\/p>\n<\/div><\/div>\n","protected":false},"excerpt":{"rendered":"<p>Genom stora rektorsomr\u00e5den skapar vi en r\u00f6d pedagogisk tr\u00e5d<\/p>\n","protected":false},"author":2,"featured_media":7432,"comment_status":"open","ping_status":"open","sticky":true,"template":"","format":"standard","meta":{"_acf_changed":false,"_monsterinsights_skip_tracking":false,"_monsterinsights_sitenote_active":false,"_monsterinsights_sitenote_note":"","_monsterinsights_sitenote_category":0,"footnotes":""},"categories":[7],"tags":[400],"class_list":["post-7430","post","type-post","status-publish","format-standard","has-post-thumbnail","hentry","category-presentation","tag-trelleborgs-kommun"],"acf":[],"yoast_head":"<!-- This site is optimized with the Yoast SEO plugin v27.3 - https:\/\/yoast.com\/product\/yoast-seo-wordpress\/ -->\n<title>Trelleborg storsatsar f\u00f6r att n\u00e5 toppen - Framtidens Karri\u00e4r \u2013 Grundskolel\u00e4rare<\/title>\n<meta name=\"robots\" content=\"index, follow, max-snippet:-1, max-image-preview:large, max-video-preview:-1\" \/>\n<link rel=\"canonical\" href=\"https:\/\/lararkarriar.se\/grundskola\/2021\/10\/12\/trelleborg-storsatsar-for-att-na-toppen\/\" \/>\n<meta property=\"og:locale\" content=\"sv_SE\" \/>\n<meta property=\"og:type\" content=\"article\" \/>\n<meta property=\"og:title\" content=\"Trelleborg storsatsar f\u00f6r att n\u00e5 toppen - Framtidens Karri\u00e4r \u2013 Grundskolel\u00e4rare\" \/>\n<meta property=\"og:description\" content=\"Genom stora rektorsomr\u00e5den skapar vi en r\u00f6d pedagogisk tr\u00e5d\" \/>\n<meta property=\"og:url\" content=\"https:\/\/lararkarriar.se\/grundskola\/2021\/10\/12\/trelleborg-storsatsar-for-att-na-toppen\/\" \/>\n<meta property=\"og:site_name\" content=\"Framtidens Karri\u00e4r \u2013 Grundskolel\u00e4rare\" \/>\n<meta property=\"article:published_time\" content=\"2021-10-12T12:23:22+00:00\" \/>\n<meta property=\"article:modified_time\" content=\"2022-10-04T14:48:04+00:00\" \/>\n<meta property=\"og:image\" content=\"https:\/\/lararkarriar.se\/grundskola\/wp-content\/uploads\/sites\/12\/2021\/10\/trelleborg-andrea-robert-ester-sofia-1.jpg\" \/>\n\t<meta property=\"og:image:width\" content=\"1000\" \/>\n\t<meta property=\"og:image:height\" content=\"610\" \/>\n\t<meta property=\"og:image:type\" content=\"image\/jpeg\" \/>\n<meta name=\"author\" content=\"viktorwallen\" \/>\n<meta name=\"twitter:card\" content=\"summary_large_image\" \/>\n<meta name=\"twitter:label1\" content=\"Skriven av\" \/>\n\t<meta name=\"twitter:data1\" content=\"viktorwallen\" \/>\n\t<meta name=\"twitter:label2\" content=\"Ber\u00e4knad l\u00e4stid\" \/>\n\t<meta name=\"twitter:data2\" content=\"5 minuter\" \/>\n<script type=\"application\/ld+json\" class=\"yoast-schema-graph\">{\"@context\":\"https:\\\/\\\/schema.org\",\"@graph\":[{\"@type\":\"Article\",\"@id\":\"https:\\\/\\\/lararkarriar.se\\\/grundskola\\\/2021\\\/10\\\/12\\\/trelleborg-storsatsar-for-att-na-toppen\\\/#article\",\"isPartOf\":{\"@id\":\"https:\\\/\\\/lararkarriar.se\\\/grundskola\\\/2021\\\/10\\\/12\\\/trelleborg-storsatsar-for-att-na-toppen\\\/\"},\"author\":{\"name\":\"viktorwallen\",\"@id\":\"https:\\\/\\\/lararkarriar.se\\\/grundskola\\\/#\\\/schema\\\/person\\\/2a13a849ec7646386c2211f59afe3083\"},\"headline\":\"Trelleborg storsatsar f\u00f6r att n\u00e5 toppen\",\"datePublished\":\"2021-10-12T12:23:22+00:00\",\"dateModified\":\"2022-10-04T14:48:04+00:00\",\"mainEntityOfPage\":{\"@id\":\"https:\\\/\\\/lararkarriar.se\\\/grundskola\\\/2021\\\/10\\\/12\\\/trelleborg-storsatsar-for-att-na-toppen\\\/\"},\"wordCount\":1095,\"commentCount\":0,\"image\":{\"@id\":\"https:\\\/\\\/lararkarriar.se\\\/grundskola\\\/2021\\\/10\\\/12\\\/trelleborg-storsatsar-for-att-na-toppen\\\/#primaryimage\"},\"thumbnailUrl\":\"https:\\\/\\\/lararkarriar.se\\\/grundskola\\\/wp-content\\\/uploads\\\/sites\\\/12\\\/2021\\\/10\\\/trelleborg-andrea-robert-ester-sofia-1.jpg\",\"keywords\":[\"Trelleborgs kommun\"],\"articleSection\":[\"Presentation\"],\"inLanguage\":\"sv-SE\",\"potentialAction\":[{\"@type\":\"CommentAction\",\"name\":\"Comment\",\"target\":[\"https:\\\/\\\/lararkarriar.se\\\/grundskola\\\/2021\\\/10\\\/12\\\/trelleborg-storsatsar-for-att-na-toppen\\\/#respond\"]}]},{\"@type\":\"WebPage\",\"@id\":\"https:\\\/\\\/lararkarriar.se\\\/grundskola\\\/2021\\\/10\\\/12\\\/trelleborg-storsatsar-for-att-na-toppen\\\/\",\"url\":\"https:\\\/\\\/lararkarriar.se\\\/grundskola\\\/2021\\\/10\\\/12\\\/trelleborg-storsatsar-for-att-na-toppen\\\/\",\"name\":\"Trelleborg storsatsar f\u00f6r att n\u00e5 toppen - Framtidens Karri\u00e4r \u2013 Grundskolel\u00e4rare\",\"isPartOf\":{\"@id\":\"https:\\\/\\\/lararkarriar.se\\\/grundskola\\\/#website\"},\"primaryImageOfPage\":{\"@id\":\"https:\\\/\\\/lararkarriar.se\\\/grundskola\\\/2021\\\/10\\\/12\\\/trelleborg-storsatsar-for-att-na-toppen\\\/#primaryimage\"},\"image\":{\"@id\":\"https:\\\/\\\/lararkarriar.se\\\/grundskola\\\/2021\\\/10\\\/12\\\/trelleborg-storsatsar-for-att-na-toppen\\\/#primaryimage\"},\"thumbnailUrl\":\"https:\\\/\\\/lararkarriar.se\\\/grundskola\\\/wp-content\\\/uploads\\\/sites\\\/12\\\/2021\\\/10\\\/trelleborg-andrea-robert-ester-sofia-1.jpg\",\"datePublished\":\"2021-10-12T12:23:22+00:00\",\"dateModified\":\"2022-10-04T14:48:04+00:00\",\"author\":{\"@id\":\"https:\\\/\\\/lararkarriar.se\\\/grundskola\\\/#\\\/schema\\\/person\\\/2a13a849ec7646386c2211f59afe3083\"},\"breadcrumb\":{\"@id\":\"https:\\\/\\\/lararkarriar.se\\\/grundskola\\\/2021\\\/10\\\/12\\\/trelleborg-storsatsar-for-att-na-toppen\\\/#breadcrumb\"},\"inLanguage\":\"sv-SE\",\"potentialAction\":[{\"@type\":\"ReadAction\",\"target\":[\"https:\\\/\\\/lararkarriar.se\\\/grundskola\\\/2021\\\/10\\\/12\\\/trelleborg-storsatsar-for-att-na-toppen\\\/\"]}]},{\"@type\":\"ImageObject\",\"inLanguage\":\"sv-SE\",\"@id\":\"https:\\\/\\\/lararkarriar.se\\\/grundskola\\\/2021\\\/10\\\/12\\\/trelleborg-storsatsar-for-att-na-toppen\\\/#primaryimage\",\"url\":\"https:\\\/\\\/lararkarriar.se\\\/grundskola\\\/wp-content\\\/uploads\\\/sites\\\/12\\\/2021\\\/10\\\/trelleborg-andrea-robert-ester-sofia-1.jpg\",\"contentUrl\":\"https:\\\/\\\/lararkarriar.se\\\/grundskola\\\/wp-content\\\/uploads\\\/sites\\\/12\\\/2021\\\/10\\\/trelleborg-andrea-robert-ester-sofia-1.jpg\",\"width\":1000,\"height\":610,\"caption\":\"\u2013 Vi har tagit tempen p\u00e5 v\u00e5r organisation och ritat upp hur vi vill ha det. N\u00e4r vi ins\u00e5g att det inte var m\u00f6jligt att uppn\u00e5 det vi ville, skapade vi helt enkelt de f\u00f6ruts\u00e4ttningar som kr\u00e4vs, s\u00e4ger Ester Alavei, f\u00f6rvaltningschef p\u00e5 bildningsf\u00f6rvaltningen i Trelleborgs kommun. Tillsammans med skolpersonal och elever tar nu bildningsf\u00f6rvaltningen ett stort kliv in i framtiden. Fr\u00e5n v\u00e4nster: Andrea Roos, Robert Ryd\u00e9n, Ester Alavei och Sofia Henderup Larsson.\"},{\"@type\":\"BreadcrumbList\",\"@id\":\"https:\\\/\\\/lararkarriar.se\\\/grundskola\\\/2021\\\/10\\\/12\\\/trelleborg-storsatsar-for-att-na-toppen\\\/#breadcrumb\",\"itemListElement\":[{\"@type\":\"ListItem\",\"position\":1,\"name\":\"Home\",\"item\":\"https:\\\/\\\/lararkarriar.se\\\/grundskola\\\/\"},{\"@type\":\"ListItem\",\"position\":2,\"name\":\"Trelleborg storsatsar f\u00f6r att n\u00e5 toppen\"}]},{\"@type\":\"WebSite\",\"@id\":\"https:\\\/\\\/lararkarriar.se\\\/grundskola\\\/#website\",\"url\":\"https:\\\/\\\/lararkarriar.se\\\/grundskola\\\/\",\"name\":\"Framtidens Karri\u00e4r \u2013 Grundskolel\u00e4rare\",\"description\":\"Just another NMDashboard.se Sites site\",\"potentialAction\":[{\"@type\":\"SearchAction\",\"target\":{\"@type\":\"EntryPoint\",\"urlTemplate\":\"https:\\\/\\\/lararkarriar.se\\\/grundskola\\\/?s={search_term_string}\"},\"query-input\":{\"@type\":\"PropertyValueSpecification\",\"valueRequired\":true,\"valueName\":\"search_term_string\"}}],\"inLanguage\":\"sv-SE\"},{\"@type\":\"Person\",\"@id\":\"https:\\\/\\\/lararkarriar.se\\\/grundskola\\\/#\\\/schema\\\/person\\\/2a13a849ec7646386c2211f59afe3083\",\"name\":\"viktorwallen\",\"image\":{\"@type\":\"ImageObject\",\"inLanguage\":\"sv-SE\",\"@id\":\"https:\\\/\\\/secure.gravatar.com\\\/avatar\\\/701701bd36169636031933997c8c6b954f2f635bbb7cd4802e4a007f9c9f4e59?s=96&d=mm&r=g\",\"url\":\"https:\\\/\\\/secure.gravatar.com\\\/avatar\\\/701701bd36169636031933997c8c6b954f2f635bbb7cd4802e4a007f9c9f4e59?s=96&d=mm&r=g\",\"contentUrl\":\"https:\\\/\\\/secure.gravatar.com\\\/avatar\\\/701701bd36169636031933997c8c6b954f2f635bbb7cd4802e4a007f9c9f4e59?s=96&d=mm&r=g\",\"caption\":\"viktorwallen\"},\"url\":\"https:\\\/\\\/lararkarriar.se\\\/grundskola\\\/author\\\/viktorwallen\\\/\"}]}<\/script>\n<!-- \/ Yoast SEO plugin. -->","yoast_head_json":{"title":"Trelleborg storsatsar f\u00f6r att n\u00e5 toppen - Framtidens Karri\u00e4r \u2013 Grundskolel\u00e4rare","robots":{"index":"index","follow":"follow","max-snippet":"max-snippet:-1","max-image-preview":"max-image-preview:large","max-video-preview":"max-video-preview:-1"},"canonical":"https:\/\/lararkarriar.se\/grundskola\/2021\/10\/12\/trelleborg-storsatsar-for-att-na-toppen\/","og_locale":"sv_SE","og_type":"article","og_title":"Trelleborg storsatsar f\u00f6r att n\u00e5 toppen - Framtidens Karri\u00e4r \u2013 Grundskolel\u00e4rare","og_description":"Genom stora rektorsomr\u00e5den skapar vi en r\u00f6d pedagogisk tr\u00e5d","og_url":"https:\/\/lararkarriar.se\/grundskola\/2021\/10\/12\/trelleborg-storsatsar-for-att-na-toppen\/","og_site_name":"Framtidens Karri\u00e4r \u2013 Grundskolel\u00e4rare","article_published_time":"2021-10-12T12:23:22+00:00","article_modified_time":"2022-10-04T14:48:04+00:00","og_image":[{"width":1000,"height":610,"url":"https:\/\/lararkarriar.se\/grundskola\/wp-content\/uploads\/sites\/12\/2021\/10\/trelleborg-andrea-robert-ester-sofia-1.jpg","type":"image\/jpeg"}],"author":"viktorwallen","twitter_card":"summary_large_image","twitter_misc":{"Skriven av":"viktorwallen","Ber\u00e4knad l\u00e4stid":"5 minuter"},"schema":{"@context":"https:\/\/schema.org","@graph":[{"@type":"Article","@id":"https:\/\/lararkarriar.se\/grundskola\/2021\/10\/12\/trelleborg-storsatsar-for-att-na-toppen\/#article","isPartOf":{"@id":"https:\/\/lararkarriar.se\/grundskola\/2021\/10\/12\/trelleborg-storsatsar-for-att-na-toppen\/"},"author":{"name":"viktorwallen","@id":"https:\/\/lararkarriar.se\/grundskola\/#\/schema\/person\/2a13a849ec7646386c2211f59afe3083"},"headline":"Trelleborg storsatsar f\u00f6r att n\u00e5 toppen","datePublished":"2021-10-12T12:23:22+00:00","dateModified":"2022-10-04T14:48:04+00:00","mainEntityOfPage":{"@id":"https:\/\/lararkarriar.se\/grundskola\/2021\/10\/12\/trelleborg-storsatsar-for-att-na-toppen\/"},"wordCount":1095,"commentCount":0,"image":{"@id":"https:\/\/lararkarriar.se\/grundskola\/2021\/10\/12\/trelleborg-storsatsar-for-att-na-toppen\/#primaryimage"},"thumbnailUrl":"https:\/\/lararkarriar.se\/grundskola\/wp-content\/uploads\/sites\/12\/2021\/10\/trelleborg-andrea-robert-ester-sofia-1.jpg","keywords":["Trelleborgs kommun"],"articleSection":["Presentation"],"inLanguage":"sv-SE","potentialAction":[{"@type":"CommentAction","name":"Comment","target":["https:\/\/lararkarriar.se\/grundskola\/2021\/10\/12\/trelleborg-storsatsar-for-att-na-toppen\/#respond"]}]},{"@type":"WebPage","@id":"https:\/\/lararkarriar.se\/grundskola\/2021\/10\/12\/trelleborg-storsatsar-for-att-na-toppen\/","url":"https:\/\/lararkarriar.se\/grundskola\/2021\/10\/12\/trelleborg-storsatsar-for-att-na-toppen\/","name":"Trelleborg storsatsar f\u00f6r att n\u00e5 toppen - Framtidens Karri\u00e4r \u2013 Grundskolel\u00e4rare","isPartOf":{"@id":"https:\/\/lararkarriar.se\/grundskola\/#website"},"primaryImageOfPage":{"@id":"https:\/\/lararkarriar.se\/grundskola\/2021\/10\/12\/trelleborg-storsatsar-for-att-na-toppen\/#primaryimage"},"image":{"@id":"https:\/\/lararkarriar.se\/grundskola\/2021\/10\/12\/trelleborg-storsatsar-for-att-na-toppen\/#primaryimage"},"thumbnailUrl":"https:\/\/lararkarriar.se\/grundskola\/wp-content\/uploads\/sites\/12\/2021\/10\/trelleborg-andrea-robert-ester-sofia-1.jpg","datePublished":"2021-10-12T12:23:22+00:00","dateModified":"2022-10-04T14:48:04+00:00","author":{"@id":"https:\/\/lararkarriar.se\/grundskola\/#\/schema\/person\/2a13a849ec7646386c2211f59afe3083"},"breadcrumb":{"@id":"https:\/\/lararkarriar.se\/grundskola\/2021\/10\/12\/trelleborg-storsatsar-for-att-na-toppen\/#breadcrumb"},"inLanguage":"sv-SE","potentialAction":[{"@type":"ReadAction","target":["https:\/\/lararkarriar.se\/grundskola\/2021\/10\/12\/trelleborg-storsatsar-for-att-na-toppen\/"]}]},{"@type":"ImageObject","inLanguage":"sv-SE","@id":"https:\/\/lararkarriar.se\/grundskola\/2021\/10\/12\/trelleborg-storsatsar-for-att-na-toppen\/#primaryimage","url":"https:\/\/lararkarriar.se\/grundskola\/wp-content\/uploads\/sites\/12\/2021\/10\/trelleborg-andrea-robert-ester-sofia-1.jpg","contentUrl":"https:\/\/lararkarriar.se\/grundskola\/wp-content\/uploads\/sites\/12\/2021\/10\/trelleborg-andrea-robert-ester-sofia-1.jpg","width":1000,"height":610,"caption":"\u2013 Vi har tagit tempen p\u00e5 v\u00e5r organisation och ritat upp hur vi vill ha det. N\u00e4r vi ins\u00e5g att det inte var m\u00f6jligt att uppn\u00e5 det vi ville, skapade vi helt enkelt de f\u00f6ruts\u00e4ttningar som kr\u00e4vs, s\u00e4ger Ester Alavei, f\u00f6rvaltningschef p\u00e5 bildningsf\u00f6rvaltningen i Trelleborgs kommun. Tillsammans med skolpersonal och elever tar nu bildningsf\u00f6rvaltningen ett stort kliv in i framtiden. Fr\u00e5n v\u00e4nster: Andrea Roos, Robert Ryd\u00e9n, Ester Alavei och Sofia Henderup Larsson."},{"@type":"BreadcrumbList","@id":"https:\/\/lararkarriar.se\/grundskola\/2021\/10\/12\/trelleborg-storsatsar-for-att-na-toppen\/#breadcrumb","itemListElement":[{"@type":"ListItem","position":1,"name":"Home","item":"https:\/\/lararkarriar.se\/grundskola\/"},{"@type":"ListItem","position":2,"name":"Trelleborg storsatsar f\u00f6r att n\u00e5 toppen"}]},{"@type":"WebSite","@id":"https:\/\/lararkarriar.se\/grundskola\/#website","url":"https:\/\/lararkarriar.se\/grundskola\/","name":"Framtidens Karri\u00e4r \u2013 Grundskolel\u00e4rare","description":"Just another NMDashboard.se Sites site","potentialAction":[{"@type":"SearchAction","target":{"@type":"EntryPoint","urlTemplate":"https:\/\/lararkarriar.se\/grundskola\/?s={search_term_string}"},"query-input":{"@type":"PropertyValueSpecification","valueRequired":true,"valueName":"search_term_string"}}],"inLanguage":"sv-SE"},{"@type":"Person","@id":"https:\/\/lararkarriar.se\/grundskola\/#\/schema\/person\/2a13a849ec7646386c2211f59afe3083","name":"viktorwallen","image":{"@type":"ImageObject","inLanguage":"sv-SE","@id":"https:\/\/secure.gravatar.com\/avatar\/701701bd36169636031933997c8c6b954f2f635bbb7cd4802e4a007f9c9f4e59?s=96&d=mm&r=g","url":"https:\/\/secure.gravatar.com\/avatar\/701701bd36169636031933997c8c6b954f2f635bbb7cd4802e4a007f9c9f4e59?s=96&d=mm&r=g","contentUrl":"https:\/\/secure.gravatar.com\/avatar\/701701bd36169636031933997c8c6b954f2f635bbb7cd4802e4a007f9c9f4e59?s=96&d=mm&r=g","caption":"viktorwallen"},"url":"https:\/\/lararkarriar.se\/grundskola\/author\/viktorwallen\/"}]}},"_links":{"self":[{"href":"https:\/\/lararkarriar.se\/grundskola\/wp-json\/wp\/v2\/posts\/7430","targetHints":{"allow":["GET"]}}],"collection":[{"href":"https:\/\/lararkarriar.se\/grundskola\/wp-json\/wp\/v2\/posts"}],"about":[{"href":"https:\/\/lararkarriar.se\/grundskola\/wp-json\/wp\/v2\/types\/post"}],"author":[{"embeddable":true,"href":"https:\/\/lararkarriar.se\/grundskola\/wp-json\/wp\/v2\/users\/2"}],"replies":[{"embeddable":true,"href":"https:\/\/lararkarriar.se\/grundskola\/wp-json\/wp\/v2\/comments?post=7430"}],"version-history":[{"count":3,"href":"https:\/\/lararkarriar.se\/grundskola\/wp-json\/wp\/v2\/posts\/7430\/revisions"}],"predecessor-version":[{"id":7948,"href":"https:\/\/lararkarriar.se\/grundskola\/wp-json\/wp\/v2\/posts\/7430\/revisions\/7948"}],"wp:featuredmedia":[{"embeddable":true,"href":"https:\/\/lararkarriar.se\/grundskola\/wp-json\/wp\/v2\/media\/7432"}],"wp:attachment":[{"href":"https:\/\/lararkarriar.se\/grundskola\/wp-json\/wp\/v2\/media?parent=7430"}],"wp:term":[{"taxonomy":"category","embeddable":true,"href":"https:\/\/lararkarriar.se\/grundskola\/wp-json\/wp\/v2\/categories?post=7430"},{"taxonomy":"post_tag","embeddable":true,"href":"https:\/\/lararkarriar.se\/grundskola\/wp-json\/wp\/v2\/tags?post=7430"}],"curies":[{"name":"wp","href":"https:\/\/api.w.org\/{rel}","templated":true}]}}