{"id":7442,"date":"2021-10-12T12:30:39","date_gmt":"2021-10-12T12:30:39","guid":{"rendered":"https:\/\/lararkarriar.se\/grundskola\/?p=7442"},"modified":"2021-10-12T12:30:41","modified_gmt":"2021-10-12T12:30:41","slug":"statligt-huvudmannaansvar-for-skolan-ar-hogaktuellt","status":"publish","type":"post","link":"https:\/\/lararkarriar.se\/grundskola\/2021\/10\/12\/statligt-huvudmannaansvar-for-skolan-ar-hogaktuellt\/","title":{"rendered":"Statligt huvudmannaansvar f\u00f6r skolan \u00e4r h\u00f6gaktuellt"},"content":{"rendered":"\n<figure class=\"wp-block-image size-full\"><img loading=\"lazy\" decoding=\"async\" width=\"1000\" height=\"647\" src=\"https:\/\/lararkarriar.se\/grundskola\/wp-content\/uploads\/sites\/12\/2021\/10\/forstatliga-asafahlen1.jpg\" alt=\"\" class=\"wp-image-7443\" srcset=\"https:\/\/lararkarriar.se\/grundskola\/wp-content\/uploads\/sites\/12\/2021\/10\/forstatliga-asafahlen1.jpg 1000w, https:\/\/lararkarriar.se\/grundskola\/wp-content\/uploads\/sites\/12\/2021\/10\/forstatliga-asafahlen1-300x194.jpg 300w, https:\/\/lararkarriar.se\/grundskola\/wp-content\/uploads\/sites\/12\/2021\/10\/forstatliga-asafahlen1-768x497.jpg 768w, https:\/\/lararkarriar.se\/grundskola\/wp-content\/uploads\/sites\/12\/2021\/10\/forstatliga-asafahlen1-247x160.jpg 247w, https:\/\/lararkarriar.se\/grundskola\/wp-content\/uploads\/sites\/12\/2021\/10\/forstatliga-asafahlen1-526x340.jpg 526w, https:\/\/lararkarriar.se\/grundskola\/wp-content\/uploads\/sites\/12\/2021\/10\/forstatliga-asafahlen1-720x466.jpg 720w, https:\/\/lararkarriar.se\/grundskola\/wp-content\/uploads\/sites\/12\/2021\/10\/forstatliga-asafahlen1-960x621.jpg 960w\" sizes=\"auto, (max-width: 1000px) 100vw, 1000px\" \/><figcaption>\u00c5sa Fahl\u00e9n, ordf\u00f6rande f\u00f6r L\u00e4rarnas Riksf\u00f6rbund. Foto: Elisabet Olson Wallin<\/figcaption><\/figure>\n\n\n\n<p><strong>Flera opinionsunders\u00f6kning visar att en \u00f6verv\u00e4gande majoritet av l\u00e4rarna vill att staten ska ta \u00f6ver huvudansvaret f\u00f6r svensk skola. Enligt \u00c5sa Fahl\u00e9n, ordf\u00f6rande f\u00f6r L\u00e4rarnas Riksf\u00f6rbund, kan en tydlig statlig finansiering, dimensionering och styrning bidra till en mer j\u00e4mlik skola d\u00e4r alla elever erbjuds samma m\u00f6jligheter.<\/strong><\/p>\n\n\n\n<p>Grundproblemet med den nuvarande modellen \u00e4r, enligt \u00c5sa Fahl\u00e9n, att huvudansvaret f\u00f6r skolan vilar p\u00e5 290 kommuner med mycket skiftande finansieringsf\u00f6rm\u00e5ga, kapacitet och ambition f\u00f6r skolan. Det leder till dramatiska skillnader mellan olika kommuner. Likv\u00e4rdiga nationella regelverk och l\u00e4roplaner i kombination med oj\u00e4mlika ekonomiska f\u00f6ruts\u00e4ttningar runtom i landets kommuner resulterar i en skola som skapar oj\u00e4mlikhet och klyftor.<br>\u2013 Vi anser att staten ska ta \u00f6ver huvudmannaskapet, vilket inkluderar hela finansieringen av skolans k\u00e4rnuppdrag, det fulla ansvaret f\u00f6r l\u00e4rares, rektorers och skolchefers fortbildning samt arbetsgivaransvar f\u00f6r dessa yrkesgrupper. P\u00e5 sikt b\u00f6r ocks\u00e5 de regionala skolkontoren f\u00e5 ett ut\u00ad\u00f6kat ansvar, bland annat f\u00f6r fortbildning, resursf\u00f6rdelning till olika skolor, planering och dimensionering av utbildning, tillst\u00e5ndsgivning, antagning, uppf\u00f6ljning och utv\u00e4rdering, s\u00e4ger \u00c5sa Fahl\u00e9n.<\/p>\n\n\n\n<blockquote class=\"wp-block-quote is-layout-flow wp-block-quote-is-layout-flow\"><p>&#8221;Allt fler talar om att skolan beh\u00f6ver komma under ett statligt huvudmannaskap.&#8221;<\/p><\/blockquote>\n\n\n\n<p><strong>Likv\u00e4rdig skola<\/strong><br>Hon anser att coronapandemin har tydliggjort behovet av en statligt styrd skola och vikten av en likv\u00e4rdig utbildning.<br>\u2013 Kampen f\u00f6r den likv\u00e4rdiga skolan ligger r\u00e4tt i tiden. Allt fler talar om att skolan beh\u00f6ver komma under ett statligt huvudmannaskap, eller att staten ska ta ett betydligt st\u00f6rre ansvar f\u00f6r grundskolan. En likv\u00e4rdig skola \u00f6ver hela landet kr\u00e4ver statlig finansiering och styrning. Det \u00e4r d\u00e4rf\u00f6r helt avg\u00f6rande att kommunpolitiker runtom i landet v\u00e5gar sl\u00e4ppa s\u00e5v\u00e4l pengarna som prestigen och b\u00f6rja samarbeta med staten, s\u00e4ger \u00c5sa Fahl\u00e9n.<br>L\u00e4rarnas Riksf\u00f6rbund str\u00e4var efter att staten ska ta huvudansvaret f\u00f6r skolans kunskapsuppdrag och undervisningsresurser, medan kommunerna beh\u00e5ller ett stort ansvar f\u00f6r exempelvis placeringen och utformningen av nya skolor.<\/p>\n\n\n\n<p><strong>Statlig utredning<br><\/strong>M\u00e5nga l\u00e4rare vittnar om den samvetsstress de upplever n\u00e4r de inte kan utf\u00f6ra sitt uppdrag fullt ut enligt l\u00e4roplanens riktlinjer med de resurser de tilldelas av kommunerna.<br>\u2013 Ett steg i r\u00e4tt riktning \u00e4r att regeringen har tillsatt en utredning om statligt styrande av skolan. Samtidigt reagerar de nationella politikerna f\u00f6r sent, de borde vara mer lyh\u00f6rda f\u00f6r sina v\u00e4ljares \u00e5sikter. Vi \u00e4r fullt medvetna om att ett statligt huvudmannaskap inte l\u00f6ser alla fr\u00e5gor, men n\u00e4r styrdokumenten och finansieringen kommer fr\u00e5n samma akt\u00f6r underl\u00e4ttar det dialogen avsev\u00e4rt, s\u00e4ger \u00c5sa Fahl\u00e9n.<\/p>\n","protected":false},"excerpt":{"rendered":"<p>Flera opinionsunders\u00f6kning visar att en \u00f6verv\u00e4gande majoritet av l\u00e4rarna vill att staten ska ta \u00f6ver huvudansvaret f\u00f6r svensk skola.<\/p>\n","protected":false},"author":3,"featured_media":7443,"comment_status":"open","ping_status":"open","sticky":false,"template":"","format":"standard","meta":{"_acf_changed":false,"_monsterinsights_skip_tracking":false,"_monsterinsights_sitenote_active":false,"_monsterinsights_sitenote_note":"","_monsterinsights_sitenote_category":0,"footnotes":""},"categories":[1],"tags":[472,210],"class_list":["post-7442","post","type-post","status-publish","format-standard","has-post-thumbnail","hentry","category-artikel","tag-forstatliga-skolan","tag-lararnas-riksforbund"],"acf":[],"yoast_head":"<!-- This site is optimized with the Yoast SEO plugin v27.3 - https:\/\/yoast.com\/product\/yoast-seo-wordpress\/ -->\n<title>Statligt huvudmannaansvar f\u00f6r skolan \u00e4r h\u00f6gaktuellt - Framtidens Karri\u00e4r \u2013 Grundskolel\u00e4rare<\/title>\n<meta name=\"robots\" content=\"index, follow, max-snippet:-1, max-image-preview:large, max-video-preview:-1\" \/>\n<link rel=\"canonical\" href=\"https:\/\/lararkarriar.se\/grundskola\/2021\/10\/12\/statligt-huvudmannaansvar-for-skolan-ar-hogaktuellt\/\" \/>\n<meta property=\"og:locale\" content=\"sv_SE\" \/>\n<meta property=\"og:type\" content=\"article\" \/>\n<meta property=\"og:title\" content=\"Statligt huvudmannaansvar f\u00f6r skolan \u00e4r h\u00f6gaktuellt - Framtidens Karri\u00e4r \u2013 Grundskolel\u00e4rare\" \/>\n<meta property=\"og:description\" content=\"Flera opinionsunders\u00f6kning visar att en \u00f6verv\u00e4gande majoritet av l\u00e4rarna vill att staten ska ta \u00f6ver huvudansvaret f\u00f6r svensk skola.\" \/>\n<meta property=\"og:url\" content=\"https:\/\/lararkarriar.se\/grundskola\/2021\/10\/12\/statligt-huvudmannaansvar-for-skolan-ar-hogaktuellt\/\" \/>\n<meta property=\"og:site_name\" content=\"Framtidens Karri\u00e4r \u2013 Grundskolel\u00e4rare\" \/>\n<meta property=\"article:published_time\" content=\"2021-10-12T12:30:39+00:00\" \/>\n<meta property=\"article:modified_time\" content=\"2021-10-12T12:30:41+00:00\" \/>\n<meta property=\"og:image\" content=\"https:\/\/lararkarriar.se\/grundskola\/wp-content\/uploads\/sites\/12\/2021\/10\/forstatliga-asafahlen1.jpg\" \/>\n\t<meta property=\"og:image:width\" content=\"1000\" \/>\n\t<meta property=\"og:image:height\" content=\"647\" \/>\n\t<meta property=\"og:image:type\" content=\"image\/jpeg\" \/>\n<meta name=\"author\" content=\"stellanstal\" \/>\n<meta name=\"twitter:card\" content=\"summary_large_image\" \/>\n<meta name=\"twitter:label1\" content=\"Skriven av\" \/>\n\t<meta name=\"twitter:data1\" content=\"stellanstal\" \/>\n\t<meta name=\"twitter:label2\" content=\"Ber\u00e4knad l\u00e4stid\" \/>\n\t<meta name=\"twitter:data2\" content=\"2 minuter\" \/>\n<script type=\"application\/ld+json\" class=\"yoast-schema-graph\">{\"@context\":\"https:\\\/\\\/schema.org\",\"@graph\":[{\"@type\":\"Article\",\"@id\":\"https:\\\/\\\/lararkarriar.se\\\/grundskola\\\/2021\\\/10\\\/12\\\/statligt-huvudmannaansvar-for-skolan-ar-hogaktuellt\\\/#article\",\"isPartOf\":{\"@id\":\"https:\\\/\\\/lararkarriar.se\\\/grundskola\\\/2021\\\/10\\\/12\\\/statligt-huvudmannaansvar-for-skolan-ar-hogaktuellt\\\/\"},\"author\":{\"name\":\"stellanstal\",\"@id\":\"https:\\\/\\\/lararkarriar.se\\\/grundskola\\\/#\\\/schema\\\/person\\\/c8a43eb855191e573b73ecf8987a3b99\"},\"headline\":\"Statligt huvudmannaansvar f\u00f6r skolan \u00e4r h\u00f6gaktuellt\",\"datePublished\":\"2021-10-12T12:30:39+00:00\",\"dateModified\":\"2021-10-12T12:30:41+00:00\",\"mainEntityOfPage\":{\"@id\":\"https:\\\/\\\/lararkarriar.se\\\/grundskola\\\/2021\\\/10\\\/12\\\/statligt-huvudmannaansvar-for-skolan-ar-hogaktuellt\\\/\"},\"wordCount\":487,\"commentCount\":0,\"image\":{\"@id\":\"https:\\\/\\\/lararkarriar.se\\\/grundskola\\\/2021\\\/10\\\/12\\\/statligt-huvudmannaansvar-for-skolan-ar-hogaktuellt\\\/#primaryimage\"},\"thumbnailUrl\":\"https:\\\/\\\/lararkarriar.se\\\/grundskola\\\/wp-content\\\/uploads\\\/sites\\\/12\\\/2021\\\/10\\\/forstatliga-asafahlen1.jpg\",\"keywords\":[\"F\u00f6rstatliga skolan\",\"L\u00e4rarnas Riksf\u00f6rbund\"],\"articleSection\":[\"Artikel\"],\"inLanguage\":\"sv-SE\",\"potentialAction\":[{\"@type\":\"CommentAction\",\"name\":\"Comment\",\"target\":[\"https:\\\/\\\/lararkarriar.se\\\/grundskola\\\/2021\\\/10\\\/12\\\/statligt-huvudmannaansvar-for-skolan-ar-hogaktuellt\\\/#respond\"]}]},{\"@type\":\"WebPage\",\"@id\":\"https:\\\/\\\/lararkarriar.se\\\/grundskola\\\/2021\\\/10\\\/12\\\/statligt-huvudmannaansvar-for-skolan-ar-hogaktuellt\\\/\",\"url\":\"https:\\\/\\\/lararkarriar.se\\\/grundskola\\\/2021\\\/10\\\/12\\\/statligt-huvudmannaansvar-for-skolan-ar-hogaktuellt\\\/\",\"name\":\"Statligt huvudmannaansvar f\u00f6r skolan \u00e4r h\u00f6gaktuellt - Framtidens Karri\u00e4r \u2013 Grundskolel\u00e4rare\",\"isPartOf\":{\"@id\":\"https:\\\/\\\/lararkarriar.se\\\/grundskola\\\/#website\"},\"primaryImageOfPage\":{\"@id\":\"https:\\\/\\\/lararkarriar.se\\\/grundskola\\\/2021\\\/10\\\/12\\\/statligt-huvudmannaansvar-for-skolan-ar-hogaktuellt\\\/#primaryimage\"},\"image\":{\"@id\":\"https:\\\/\\\/lararkarriar.se\\\/grundskola\\\/2021\\\/10\\\/12\\\/statligt-huvudmannaansvar-for-skolan-ar-hogaktuellt\\\/#primaryimage\"},\"thumbnailUrl\":\"https:\\\/\\\/lararkarriar.se\\\/grundskola\\\/wp-content\\\/uploads\\\/sites\\\/12\\\/2021\\\/10\\\/forstatliga-asafahlen1.jpg\",\"datePublished\":\"2021-10-12T12:30:39+00:00\",\"dateModified\":\"2021-10-12T12:30:41+00:00\",\"author\":{\"@id\":\"https:\\\/\\\/lararkarriar.se\\\/grundskola\\\/#\\\/schema\\\/person\\\/c8a43eb855191e573b73ecf8987a3b99\"},\"breadcrumb\":{\"@id\":\"https:\\\/\\\/lararkarriar.se\\\/grundskola\\\/2021\\\/10\\\/12\\\/statligt-huvudmannaansvar-for-skolan-ar-hogaktuellt\\\/#breadcrumb\"},\"inLanguage\":\"sv-SE\",\"potentialAction\":[{\"@type\":\"ReadAction\",\"target\":[\"https:\\\/\\\/lararkarriar.se\\\/grundskola\\\/2021\\\/10\\\/12\\\/statligt-huvudmannaansvar-for-skolan-ar-hogaktuellt\\\/\"]}]},{\"@type\":\"ImageObject\",\"inLanguage\":\"sv-SE\",\"@id\":\"https:\\\/\\\/lararkarriar.se\\\/grundskola\\\/2021\\\/10\\\/12\\\/statligt-huvudmannaansvar-for-skolan-ar-hogaktuellt\\\/#primaryimage\",\"url\":\"https:\\\/\\\/lararkarriar.se\\\/grundskola\\\/wp-content\\\/uploads\\\/sites\\\/12\\\/2021\\\/10\\\/forstatliga-asafahlen1.jpg\",\"contentUrl\":\"https:\\\/\\\/lararkarriar.se\\\/grundskola\\\/wp-content\\\/uploads\\\/sites\\\/12\\\/2021\\\/10\\\/forstatliga-asafahlen1.jpg\",\"width\":1000,\"height\":647},{\"@type\":\"BreadcrumbList\",\"@id\":\"https:\\\/\\\/lararkarriar.se\\\/grundskola\\\/2021\\\/10\\\/12\\\/statligt-huvudmannaansvar-for-skolan-ar-hogaktuellt\\\/#breadcrumb\",\"itemListElement\":[{\"@type\":\"ListItem\",\"position\":1,\"name\":\"Home\",\"item\":\"https:\\\/\\\/lararkarriar.se\\\/grundskola\\\/\"},{\"@type\":\"ListItem\",\"position\":2,\"name\":\"Statligt huvudmannaansvar f\u00f6r skolan \u00e4r h\u00f6gaktuellt\"}]},{\"@type\":\"WebSite\",\"@id\":\"https:\\\/\\\/lararkarriar.se\\\/grundskola\\\/#website\",\"url\":\"https:\\\/\\\/lararkarriar.se\\\/grundskola\\\/\",\"name\":\"Framtidens Karri\u00e4r \u2013 Grundskolel\u00e4rare\",\"description\":\"Just another NMDashboard.se Sites site\",\"potentialAction\":[{\"@type\":\"SearchAction\",\"target\":{\"@type\":\"EntryPoint\",\"urlTemplate\":\"https:\\\/\\\/lararkarriar.se\\\/grundskola\\\/?s={search_term_string}\"},\"query-input\":{\"@type\":\"PropertyValueSpecification\",\"valueRequired\":true,\"valueName\":\"search_term_string\"}}],\"inLanguage\":\"sv-SE\"},{\"@type\":\"Person\",\"@id\":\"https:\\\/\\\/lararkarriar.se\\\/grundskola\\\/#\\\/schema\\\/person\\\/c8a43eb855191e573b73ecf8987a3b99\",\"name\":\"stellanstal\",\"image\":{\"@type\":\"ImageObject\",\"inLanguage\":\"sv-SE\",\"@id\":\"https:\\\/\\\/secure.gravatar.com\\\/avatar\\\/cd330fa6bb17f598124b2068ee0b189e4fe0987a50af9d53b78410836060d0c9?s=96&d=mm&r=g\",\"url\":\"https:\\\/\\\/secure.gravatar.com\\\/avatar\\\/cd330fa6bb17f598124b2068ee0b189e4fe0987a50af9d53b78410836060d0c9?s=96&d=mm&r=g\",\"contentUrl\":\"https:\\\/\\\/secure.gravatar.com\\\/avatar\\\/cd330fa6bb17f598124b2068ee0b189e4fe0987a50af9d53b78410836060d0c9?s=96&d=mm&r=g\",\"caption\":\"stellanstal\"},\"url\":\"https:\\\/\\\/lararkarriar.se\\\/grundskola\\\/author\\\/stellanstal\\\/\"}]}<\/script>\n<!-- \/ Yoast SEO plugin. -->","yoast_head_json":{"title":"Statligt huvudmannaansvar f\u00f6r skolan \u00e4r h\u00f6gaktuellt - Framtidens Karri\u00e4r \u2013 Grundskolel\u00e4rare","robots":{"index":"index","follow":"follow","max-snippet":"max-snippet:-1","max-image-preview":"max-image-preview:large","max-video-preview":"max-video-preview:-1"},"canonical":"https:\/\/lararkarriar.se\/grundskola\/2021\/10\/12\/statligt-huvudmannaansvar-for-skolan-ar-hogaktuellt\/","og_locale":"sv_SE","og_type":"article","og_title":"Statligt huvudmannaansvar f\u00f6r skolan \u00e4r h\u00f6gaktuellt - Framtidens Karri\u00e4r \u2013 Grundskolel\u00e4rare","og_description":"Flera opinionsunders\u00f6kning visar att en \u00f6verv\u00e4gande majoritet av l\u00e4rarna vill att staten ska ta \u00f6ver huvudansvaret f\u00f6r svensk skola.","og_url":"https:\/\/lararkarriar.se\/grundskola\/2021\/10\/12\/statligt-huvudmannaansvar-for-skolan-ar-hogaktuellt\/","og_site_name":"Framtidens Karri\u00e4r \u2013 Grundskolel\u00e4rare","article_published_time":"2021-10-12T12:30:39+00:00","article_modified_time":"2021-10-12T12:30:41+00:00","og_image":[{"width":1000,"height":647,"url":"https:\/\/lararkarriar.se\/grundskola\/wp-content\/uploads\/sites\/12\/2021\/10\/forstatliga-asafahlen1.jpg","type":"image\/jpeg"}],"author":"stellanstal","twitter_card":"summary_large_image","twitter_misc":{"Skriven av":"stellanstal","Ber\u00e4knad l\u00e4stid":"2 minuter"},"schema":{"@context":"https:\/\/schema.org","@graph":[{"@type":"Article","@id":"https:\/\/lararkarriar.se\/grundskola\/2021\/10\/12\/statligt-huvudmannaansvar-for-skolan-ar-hogaktuellt\/#article","isPartOf":{"@id":"https:\/\/lararkarriar.se\/grundskola\/2021\/10\/12\/statligt-huvudmannaansvar-for-skolan-ar-hogaktuellt\/"},"author":{"name":"stellanstal","@id":"https:\/\/lararkarriar.se\/grundskola\/#\/schema\/person\/c8a43eb855191e573b73ecf8987a3b99"},"headline":"Statligt huvudmannaansvar f\u00f6r skolan \u00e4r h\u00f6gaktuellt","datePublished":"2021-10-12T12:30:39+00:00","dateModified":"2021-10-12T12:30:41+00:00","mainEntityOfPage":{"@id":"https:\/\/lararkarriar.se\/grundskola\/2021\/10\/12\/statligt-huvudmannaansvar-for-skolan-ar-hogaktuellt\/"},"wordCount":487,"commentCount":0,"image":{"@id":"https:\/\/lararkarriar.se\/grundskola\/2021\/10\/12\/statligt-huvudmannaansvar-for-skolan-ar-hogaktuellt\/#primaryimage"},"thumbnailUrl":"https:\/\/lararkarriar.se\/grundskola\/wp-content\/uploads\/sites\/12\/2021\/10\/forstatliga-asafahlen1.jpg","keywords":["F\u00f6rstatliga skolan","L\u00e4rarnas Riksf\u00f6rbund"],"articleSection":["Artikel"],"inLanguage":"sv-SE","potentialAction":[{"@type":"CommentAction","name":"Comment","target":["https:\/\/lararkarriar.se\/grundskola\/2021\/10\/12\/statligt-huvudmannaansvar-for-skolan-ar-hogaktuellt\/#respond"]}]},{"@type":"WebPage","@id":"https:\/\/lararkarriar.se\/grundskola\/2021\/10\/12\/statligt-huvudmannaansvar-for-skolan-ar-hogaktuellt\/","url":"https:\/\/lararkarriar.se\/grundskola\/2021\/10\/12\/statligt-huvudmannaansvar-for-skolan-ar-hogaktuellt\/","name":"Statligt huvudmannaansvar f\u00f6r skolan \u00e4r h\u00f6gaktuellt - Framtidens Karri\u00e4r \u2013 Grundskolel\u00e4rare","isPartOf":{"@id":"https:\/\/lararkarriar.se\/grundskola\/#website"},"primaryImageOfPage":{"@id":"https:\/\/lararkarriar.se\/grundskola\/2021\/10\/12\/statligt-huvudmannaansvar-for-skolan-ar-hogaktuellt\/#primaryimage"},"image":{"@id":"https:\/\/lararkarriar.se\/grundskola\/2021\/10\/12\/statligt-huvudmannaansvar-for-skolan-ar-hogaktuellt\/#primaryimage"},"thumbnailUrl":"https:\/\/lararkarriar.se\/grundskola\/wp-content\/uploads\/sites\/12\/2021\/10\/forstatliga-asafahlen1.jpg","datePublished":"2021-10-12T12:30:39+00:00","dateModified":"2021-10-12T12:30:41+00:00","author":{"@id":"https:\/\/lararkarriar.se\/grundskola\/#\/schema\/person\/c8a43eb855191e573b73ecf8987a3b99"},"breadcrumb":{"@id":"https:\/\/lararkarriar.se\/grundskola\/2021\/10\/12\/statligt-huvudmannaansvar-for-skolan-ar-hogaktuellt\/#breadcrumb"},"inLanguage":"sv-SE","potentialAction":[{"@type":"ReadAction","target":["https:\/\/lararkarriar.se\/grundskola\/2021\/10\/12\/statligt-huvudmannaansvar-for-skolan-ar-hogaktuellt\/"]}]},{"@type":"ImageObject","inLanguage":"sv-SE","@id":"https:\/\/lararkarriar.se\/grundskola\/2021\/10\/12\/statligt-huvudmannaansvar-for-skolan-ar-hogaktuellt\/#primaryimage","url":"https:\/\/lararkarriar.se\/grundskola\/wp-content\/uploads\/sites\/12\/2021\/10\/forstatliga-asafahlen1.jpg","contentUrl":"https:\/\/lararkarriar.se\/grundskola\/wp-content\/uploads\/sites\/12\/2021\/10\/forstatliga-asafahlen1.jpg","width":1000,"height":647},{"@type":"BreadcrumbList","@id":"https:\/\/lararkarriar.se\/grundskola\/2021\/10\/12\/statligt-huvudmannaansvar-for-skolan-ar-hogaktuellt\/#breadcrumb","itemListElement":[{"@type":"ListItem","position":1,"name":"Home","item":"https:\/\/lararkarriar.se\/grundskola\/"},{"@type":"ListItem","position":2,"name":"Statligt huvudmannaansvar f\u00f6r skolan \u00e4r h\u00f6gaktuellt"}]},{"@type":"WebSite","@id":"https:\/\/lararkarriar.se\/grundskola\/#website","url":"https:\/\/lararkarriar.se\/grundskola\/","name":"Framtidens Karri\u00e4r \u2013 Grundskolel\u00e4rare","description":"Just another NMDashboard.se Sites site","potentialAction":[{"@type":"SearchAction","target":{"@type":"EntryPoint","urlTemplate":"https:\/\/lararkarriar.se\/grundskola\/?s={search_term_string}"},"query-input":{"@type":"PropertyValueSpecification","valueRequired":true,"valueName":"search_term_string"}}],"inLanguage":"sv-SE"},{"@type":"Person","@id":"https:\/\/lararkarriar.se\/grundskola\/#\/schema\/person\/c8a43eb855191e573b73ecf8987a3b99","name":"stellanstal","image":{"@type":"ImageObject","inLanguage":"sv-SE","@id":"https:\/\/secure.gravatar.com\/avatar\/cd330fa6bb17f598124b2068ee0b189e4fe0987a50af9d53b78410836060d0c9?s=96&d=mm&r=g","url":"https:\/\/secure.gravatar.com\/avatar\/cd330fa6bb17f598124b2068ee0b189e4fe0987a50af9d53b78410836060d0c9?s=96&d=mm&r=g","contentUrl":"https:\/\/secure.gravatar.com\/avatar\/cd330fa6bb17f598124b2068ee0b189e4fe0987a50af9d53b78410836060d0c9?s=96&d=mm&r=g","caption":"stellanstal"},"url":"https:\/\/lararkarriar.se\/grundskola\/author\/stellanstal\/"}]}},"_links":{"self":[{"href":"https:\/\/lararkarriar.se\/grundskola\/wp-json\/wp\/v2\/posts\/7442","targetHints":{"allow":["GET"]}}],"collection":[{"href":"https:\/\/lararkarriar.se\/grundskola\/wp-json\/wp\/v2\/posts"}],"about":[{"href":"https:\/\/lararkarriar.se\/grundskola\/wp-json\/wp\/v2\/types\/post"}],"author":[{"embeddable":true,"href":"https:\/\/lararkarriar.se\/grundskola\/wp-json\/wp\/v2\/users\/3"}],"replies":[{"embeddable":true,"href":"https:\/\/lararkarriar.se\/grundskola\/wp-json\/wp\/v2\/comments?post=7442"}],"version-history":[{"count":3,"href":"https:\/\/lararkarriar.se\/grundskola\/wp-json\/wp\/v2\/posts\/7442\/revisions"}],"predecessor-version":[{"id":7446,"href":"https:\/\/lararkarriar.se\/grundskola\/wp-json\/wp\/v2\/posts\/7442\/revisions\/7446"}],"wp:featuredmedia":[{"embeddable":true,"href":"https:\/\/lararkarriar.se\/grundskola\/wp-json\/wp\/v2\/media\/7443"}],"wp:attachment":[{"href":"https:\/\/lararkarriar.se\/grundskola\/wp-json\/wp\/v2\/media?parent=7442"}],"wp:term":[{"taxonomy":"category","embeddable":true,"href":"https:\/\/lararkarriar.se\/grundskola\/wp-json\/wp\/v2\/categories?post=7442"},{"taxonomy":"post_tag","embeddable":true,"href":"https:\/\/lararkarriar.se\/grundskola\/wp-json\/wp\/v2\/tags?post=7442"}],"curies":[{"name":"wp","href":"https:\/\/api.w.org\/{rel}","templated":true}]}}