{"id":7447,"date":"2021-10-12T12:35:45","date_gmt":"2021-10-12T12:35:45","guid":{"rendered":"https:\/\/lararkarriar.se\/grundskola\/?p=7447"},"modified":"2021-10-12T12:35:47","modified_gmt":"2021-10-12T12:35:47","slug":"digitala-laromedel-underlattar-vardagen","status":"publish","type":"post","link":"https:\/\/lararkarriar.se\/grundskola\/2021\/10\/12\/digitala-laromedel-underlattar-vardagen\/","title":{"rendered":"Digitala l\u00e4romedel underl\u00e4ttar vardagen"},"content":{"rendered":"\n<figure class=\"wp-block-image size-full\"><img loading=\"lazy\" decoding=\"async\" width=\"1000\" height=\"669\" src=\"https:\/\/lararkarriar.se\/grundskola\/wp-content\/uploads\/sites\/12\/2021\/10\/sanoma-elisabethjonsson.jpg\" alt=\"\" class=\"wp-image-7448\" srcset=\"https:\/\/lararkarriar.se\/grundskola\/wp-content\/uploads\/sites\/12\/2021\/10\/sanoma-elisabethjonsson.jpg 1000w, https:\/\/lararkarriar.se\/grundskola\/wp-content\/uploads\/sites\/12\/2021\/10\/sanoma-elisabethjonsson-300x201.jpg 300w, https:\/\/lararkarriar.se\/grundskola\/wp-content\/uploads\/sites\/12\/2021\/10\/sanoma-elisabethjonsson-768x514.jpg 768w, https:\/\/lararkarriar.se\/grundskola\/wp-content\/uploads\/sites\/12\/2021\/10\/sanoma-elisabethjonsson-239x160.jpg 239w, https:\/\/lararkarriar.se\/grundskola\/wp-content\/uploads\/sites\/12\/2021\/10\/sanoma-elisabethjonsson-526x352.jpg 526w, https:\/\/lararkarriar.se\/grundskola\/wp-content\/uploads\/sites\/12\/2021\/10\/sanoma-elisabethjonsson-720x482.jpg 720w, https:\/\/lararkarriar.se\/grundskola\/wp-content\/uploads\/sites\/12\/2021\/10\/sanoma-elisabethjonsson-960x642.jpg 960w\" sizes=\"auto, (max-width: 1000px) 100vw, 1000px\" \/><figcaption>Elisabeth Jonsson, l\u00e4rare i NO, engelska och svenska i \u00e5rskurs 4\u20136 p\u00e5 Nya Elementar i Bromma.<\/figcaption><\/figure>\n\n\n\n<p><strong>P\u00e5 F\u20139 skolan Nya Elementar i Bromma har man valt att helt \u00f6verg\u00e5 till digitala l\u00e4romedel i samtliga \u00e4mnen. Elisabeth Jonsson, som \u00e4r l\u00e4rare i NO, engelska och svenska i \u00e5rskurs 4\u20136, uppskattar s\u00e4rskilt det digitala l\u00e4romedlet Champ fr\u00e5n Sanoma Utbildning, som hon anv\u00e4nder i engelskundervisningen. De digitala l\u00e4romed\u00adlen inneb\u00e4r bland annat att hon beh\u00f6ver l\u00e4gga mindre tid p\u00e5 att r\u00e4tta, och d\u00e4rmed frig\u00f6rs tid till skrivuppgifter och undervisning.<\/strong><\/p>\n\n\n\n<p>\u2013 Jag har arbetat med Champ tidigare i tryckt format n\u00e4r jag arbetade p\u00e5 en annan skola. Jag gillade l\u00e4romedlet redan d\u00e5, framf\u00f6r allt p\u00e5 grund av att texterna \u00e4r v\u00e4ldigt tilltalande och intressanta. De \u00e4r verkligen anpassade utifr\u00e5n elevernas successiva progression och tar upp \u00e4mnen som k\u00e4nns relevanta f\u00f6r dem i olika \u00e5ldrar, s\u00e4ger Elisabeth Jonsson.<br>Champ \u00e4r ett av de digitala l\u00e4romedel som Elisabeth Jonsson n\u00e5r via Sanoma Utbildnings digitala plattform Kampus, en plattform f\u00f6r digitalt l\u00e4rande. Hon ser flera f\u00f6rdelar med att anv\u00e4nda den digitala versionen av Champ, bland annat att eleverna alltid har med sig sitt l\u00e4romedel i sin iPad.<\/p>\n\n\n\n<blockquote class=\"wp-block-quote is-layout-flow wp-block-quote-is-layout-flow\"><p>&#8221;Med digitala l\u00e4romedel frig\u00f6rs mer tid till att ge feedback p\u00e5 elevernas skrivuppgifter.&#8221;<\/p><\/blockquote>\n\n\n\n<p><strong>Frig\u00f6r tid till undervisning<\/strong><br>\u2013 Jag undervisar \u00e5ttiofyra elever i engelska, vilket motsvarar hela \u00e5rskurs 6. D\u00e5 blir den tidsbesparande f\u00f6rdelen enorm, i synnerhet med tanke p\u00e5 att jag inte beh\u00f6ver l\u00e4gga lika mycket tid p\u00e5 att r\u00e4tta elevernas uppgifter eftersom vissa uppgifter \u00e4r sj\u00e4lvr\u00e4ttande. Med digitala l\u00e4romedel frig\u00f6rs i st\u00e4llet mer tid till att ge feedback p\u00e5 elevernas skrivuppgifter. Det \u00e4r ocks\u00e5 otroligt smidigt att jag via min l\u00e4rarprofil i Kampus direkt kan se vad en elev har skrivit och ge snabb respons p\u00e5 det. I slut\u00e4nden frig\u00f6r jag mer tid till varje elev, s\u00e4ger Elisabeth Jonsson.<br>En annan f\u00f6rdel med den digitala versionen av Champ \u00e4r, enligt Elisabeth Jonsson, att hon kan v\u00e4lja att successivt synligg\u00f6ra nya uppgifter till eleverna efterhand som de blir klara. Det g\u00f6r att antalet uppgifter blir mindre \u00f6verv\u00e4ldigande f\u00f6r eleverna. Ytterligare en f\u00f6rdel \u00e4r att en elev n\u00e4rsomhelst kan lyssna p\u00e5 texten i ljudfilen som ing\u00e5r.<\/p>\n\n\n\n<p><strong>V\u00e5ga satsa fullt ut<\/strong><br>En av anledningarna till att Nya Elementar har valt att helt \u00f6verg\u00e5 till digitala l\u00e4romedel \u00e4r att de rustar eleverna f\u00f6r framtidens digitala samh\u00e4lle. En annan generell f\u00f6rdel med digitala l\u00e4romedel \u00e4r att de h\u00e5lls aktuella. Fakta, i till exempel samh\u00e4llskunskap, kan l\u00e4tt uppdateras i takt med att omv\u00e4rlden f\u00f6r\u00e4ndras.<br>Elisabeth Jonssons r\u00e5d till l\u00e4rare som vill inkludera fler digitala l\u00e4romedel i sin undervisning \u00e4r att v\u00e5ga testa och satsa fullt ut p\u00e5 det digitala.<br>\u2013 Jag anv\u00e4nder uteslutande digitala l\u00e4romedel, men har valt att komplettera med fysiska skrivh\u00e4ften d\u00e4r eleverna bland annat kan skriva fritt, samla grammatiska regler och liknande, s\u00e4ger hon.<\/p>\n","protected":false},"excerpt":{"rendered":"<p>De digitala l\u00e4romed\u00adlen inneb\u00e4r att Elisabeth Jonsson beh\u00f6ver l\u00e4gga mindre tid p\u00e5 att r\u00e4tta, och d\u00e4rmed frig\u00f6rs tid till skrivuppgifter och undervisning.<\/p>\n","protected":false},"author":3,"featured_media":7448,"comment_status":"open","ping_status":"open","sticky":false,"template":"","format":"standard","meta":{"_acf_changed":false,"_monsterinsights_skip_tracking":false,"_monsterinsights_sitenote_active":false,"_monsterinsights_sitenote_note":"","_monsterinsights_sitenote_category":0,"footnotes":""},"categories":[1],"tags":[473,64,322],"class_list":["post-7447","post","type-post","status-publish","format-standard","has-post-thumbnail","hentry","category-artikel","tag-champ","tag-digitala-laromedel","tag-sanoma-utbildning"],"acf":[],"yoast_head":"<!-- This site is optimized with the Yoast SEO plugin v27.3 - https:\/\/yoast.com\/product\/yoast-seo-wordpress\/ -->\n<title>Digitala l\u00e4romedel underl\u00e4ttar vardagen - Framtidens Karri\u00e4r \u2013 Grundskolel\u00e4rare<\/title>\n<meta name=\"robots\" content=\"index, follow, max-snippet:-1, max-image-preview:large, max-video-preview:-1\" \/>\n<link rel=\"canonical\" href=\"https:\/\/lararkarriar.se\/grundskola\/2021\/10\/12\/digitala-laromedel-underlattar-vardagen\/\" \/>\n<meta property=\"og:locale\" content=\"sv_SE\" \/>\n<meta property=\"og:type\" content=\"article\" \/>\n<meta property=\"og:title\" content=\"Digitala l\u00e4romedel underl\u00e4ttar vardagen - Framtidens Karri\u00e4r \u2013 Grundskolel\u00e4rare\" \/>\n<meta property=\"og:description\" content=\"De digitala l\u00e4romed\u00adlen inneb\u00e4r att Elisabeth Jonsson beh\u00f6ver l\u00e4gga mindre tid p\u00e5 att r\u00e4tta, och d\u00e4rmed frig\u00f6rs tid till skrivuppgifter och undervisning.\" \/>\n<meta property=\"og:url\" content=\"https:\/\/lararkarriar.se\/grundskola\/2021\/10\/12\/digitala-laromedel-underlattar-vardagen\/\" \/>\n<meta property=\"og:site_name\" content=\"Framtidens Karri\u00e4r \u2013 Grundskolel\u00e4rare\" \/>\n<meta property=\"article:published_time\" content=\"2021-10-12T12:35:45+00:00\" \/>\n<meta property=\"article:modified_time\" content=\"2021-10-12T12:35:47+00:00\" \/>\n<meta property=\"og:image\" content=\"https:\/\/lararkarriar.se\/grundskola\/wp-content\/uploads\/sites\/12\/2021\/10\/sanoma-elisabethjonsson.jpg\" \/>\n\t<meta property=\"og:image:width\" content=\"1000\" \/>\n\t<meta property=\"og:image:height\" content=\"669\" \/>\n\t<meta property=\"og:image:type\" content=\"image\/jpeg\" \/>\n<meta name=\"author\" content=\"stellanstal\" \/>\n<meta name=\"twitter:card\" content=\"summary_large_image\" \/>\n<meta name=\"twitter:label1\" content=\"Skriven av\" \/>\n\t<meta name=\"twitter:data1\" content=\"stellanstal\" \/>\n\t<meta name=\"twitter:label2\" content=\"Ber\u00e4knad l\u00e4stid\" \/>\n\t<meta name=\"twitter:data2\" content=\"3 minuter\" \/>\n<script type=\"application\/ld+json\" class=\"yoast-schema-graph\">{\"@context\":\"https:\\\/\\\/schema.org\",\"@graph\":[{\"@type\":\"Article\",\"@id\":\"https:\\\/\\\/lararkarriar.se\\\/grundskola\\\/2021\\\/10\\\/12\\\/digitala-laromedel-underlattar-vardagen\\\/#article\",\"isPartOf\":{\"@id\":\"https:\\\/\\\/lararkarriar.se\\\/grundskola\\\/2021\\\/10\\\/12\\\/digitala-laromedel-underlattar-vardagen\\\/\"},\"author\":{\"name\":\"stellanstal\",\"@id\":\"https:\\\/\\\/lararkarriar.se\\\/grundskola\\\/#\\\/schema\\\/person\\\/c8a43eb855191e573b73ecf8987a3b99\"},\"headline\":\"Digitala l\u00e4romedel underl\u00e4ttar vardagen\",\"datePublished\":\"2021-10-12T12:35:45+00:00\",\"dateModified\":\"2021-10-12T12:35:47+00:00\",\"mainEntityOfPage\":{\"@id\":\"https:\\\/\\\/lararkarriar.se\\\/grundskola\\\/2021\\\/10\\\/12\\\/digitala-laromedel-underlattar-vardagen\\\/\"},\"wordCount\":538,\"commentCount\":0,\"image\":{\"@id\":\"https:\\\/\\\/lararkarriar.se\\\/grundskola\\\/2021\\\/10\\\/12\\\/digitala-laromedel-underlattar-vardagen\\\/#primaryimage\"},\"thumbnailUrl\":\"https:\\\/\\\/lararkarriar.se\\\/grundskola\\\/wp-content\\\/uploads\\\/sites\\\/12\\\/2021\\\/10\\\/sanoma-elisabethjonsson.jpg\",\"keywords\":[\"Champ\",\"Digitala l\u00e4romedel\",\"Sanoma utbildning\"],\"articleSection\":[\"Artikel\"],\"inLanguage\":\"sv-SE\",\"potentialAction\":[{\"@type\":\"CommentAction\",\"name\":\"Comment\",\"target\":[\"https:\\\/\\\/lararkarriar.se\\\/grundskola\\\/2021\\\/10\\\/12\\\/digitala-laromedel-underlattar-vardagen\\\/#respond\"]}]},{\"@type\":\"WebPage\",\"@id\":\"https:\\\/\\\/lararkarriar.se\\\/grundskola\\\/2021\\\/10\\\/12\\\/digitala-laromedel-underlattar-vardagen\\\/\",\"url\":\"https:\\\/\\\/lararkarriar.se\\\/grundskola\\\/2021\\\/10\\\/12\\\/digitala-laromedel-underlattar-vardagen\\\/\",\"name\":\"Digitala l\u00e4romedel underl\u00e4ttar vardagen - Framtidens Karri\u00e4r \u2013 Grundskolel\u00e4rare\",\"isPartOf\":{\"@id\":\"https:\\\/\\\/lararkarriar.se\\\/grundskola\\\/#website\"},\"primaryImageOfPage\":{\"@id\":\"https:\\\/\\\/lararkarriar.se\\\/grundskola\\\/2021\\\/10\\\/12\\\/digitala-laromedel-underlattar-vardagen\\\/#primaryimage\"},\"image\":{\"@id\":\"https:\\\/\\\/lararkarriar.se\\\/grundskola\\\/2021\\\/10\\\/12\\\/digitala-laromedel-underlattar-vardagen\\\/#primaryimage\"},\"thumbnailUrl\":\"https:\\\/\\\/lararkarriar.se\\\/grundskola\\\/wp-content\\\/uploads\\\/sites\\\/12\\\/2021\\\/10\\\/sanoma-elisabethjonsson.jpg\",\"datePublished\":\"2021-10-12T12:35:45+00:00\",\"dateModified\":\"2021-10-12T12:35:47+00:00\",\"author\":{\"@id\":\"https:\\\/\\\/lararkarriar.se\\\/grundskola\\\/#\\\/schema\\\/person\\\/c8a43eb855191e573b73ecf8987a3b99\"},\"breadcrumb\":{\"@id\":\"https:\\\/\\\/lararkarriar.se\\\/grundskola\\\/2021\\\/10\\\/12\\\/digitala-laromedel-underlattar-vardagen\\\/#breadcrumb\"},\"inLanguage\":\"sv-SE\",\"potentialAction\":[{\"@type\":\"ReadAction\",\"target\":[\"https:\\\/\\\/lararkarriar.se\\\/grundskola\\\/2021\\\/10\\\/12\\\/digitala-laromedel-underlattar-vardagen\\\/\"]}]},{\"@type\":\"ImageObject\",\"inLanguage\":\"sv-SE\",\"@id\":\"https:\\\/\\\/lararkarriar.se\\\/grundskola\\\/2021\\\/10\\\/12\\\/digitala-laromedel-underlattar-vardagen\\\/#primaryimage\",\"url\":\"https:\\\/\\\/lararkarriar.se\\\/grundskola\\\/wp-content\\\/uploads\\\/sites\\\/12\\\/2021\\\/10\\\/sanoma-elisabethjonsson.jpg\",\"contentUrl\":\"https:\\\/\\\/lararkarriar.se\\\/grundskola\\\/wp-content\\\/uploads\\\/sites\\\/12\\\/2021\\\/10\\\/sanoma-elisabethjonsson.jpg\",\"width\":1000,\"height\":669},{\"@type\":\"BreadcrumbList\",\"@id\":\"https:\\\/\\\/lararkarriar.se\\\/grundskola\\\/2021\\\/10\\\/12\\\/digitala-laromedel-underlattar-vardagen\\\/#breadcrumb\",\"itemListElement\":[{\"@type\":\"ListItem\",\"position\":1,\"name\":\"Home\",\"item\":\"https:\\\/\\\/lararkarriar.se\\\/grundskola\\\/\"},{\"@type\":\"ListItem\",\"position\":2,\"name\":\"Digitala l\u00e4romedel underl\u00e4ttar vardagen\"}]},{\"@type\":\"WebSite\",\"@id\":\"https:\\\/\\\/lararkarriar.se\\\/grundskola\\\/#website\",\"url\":\"https:\\\/\\\/lararkarriar.se\\\/grundskola\\\/\",\"name\":\"Framtidens Karri\u00e4r \u2013 Grundskolel\u00e4rare\",\"description\":\"Just another NMDashboard.se Sites site\",\"potentialAction\":[{\"@type\":\"SearchAction\",\"target\":{\"@type\":\"EntryPoint\",\"urlTemplate\":\"https:\\\/\\\/lararkarriar.se\\\/grundskola\\\/?s={search_term_string}\"},\"query-input\":{\"@type\":\"PropertyValueSpecification\",\"valueRequired\":true,\"valueName\":\"search_term_string\"}}],\"inLanguage\":\"sv-SE\"},{\"@type\":\"Person\",\"@id\":\"https:\\\/\\\/lararkarriar.se\\\/grundskola\\\/#\\\/schema\\\/person\\\/c8a43eb855191e573b73ecf8987a3b99\",\"name\":\"stellanstal\",\"image\":{\"@type\":\"ImageObject\",\"inLanguage\":\"sv-SE\",\"@id\":\"https:\\\/\\\/secure.gravatar.com\\\/avatar\\\/cd330fa6bb17f598124b2068ee0b189e4fe0987a50af9d53b78410836060d0c9?s=96&d=mm&r=g\",\"url\":\"https:\\\/\\\/secure.gravatar.com\\\/avatar\\\/cd330fa6bb17f598124b2068ee0b189e4fe0987a50af9d53b78410836060d0c9?s=96&d=mm&r=g\",\"contentUrl\":\"https:\\\/\\\/secure.gravatar.com\\\/avatar\\\/cd330fa6bb17f598124b2068ee0b189e4fe0987a50af9d53b78410836060d0c9?s=96&d=mm&r=g\",\"caption\":\"stellanstal\"},\"url\":\"https:\\\/\\\/lararkarriar.se\\\/grundskola\\\/author\\\/stellanstal\\\/\"}]}<\/script>\n<!-- \/ Yoast SEO plugin. -->","yoast_head_json":{"title":"Digitala l\u00e4romedel underl\u00e4ttar vardagen - Framtidens Karri\u00e4r \u2013 Grundskolel\u00e4rare","robots":{"index":"index","follow":"follow","max-snippet":"max-snippet:-1","max-image-preview":"max-image-preview:large","max-video-preview":"max-video-preview:-1"},"canonical":"https:\/\/lararkarriar.se\/grundskola\/2021\/10\/12\/digitala-laromedel-underlattar-vardagen\/","og_locale":"sv_SE","og_type":"article","og_title":"Digitala l\u00e4romedel underl\u00e4ttar vardagen - Framtidens Karri\u00e4r \u2013 Grundskolel\u00e4rare","og_description":"De digitala l\u00e4romed\u00adlen inneb\u00e4r att Elisabeth Jonsson beh\u00f6ver l\u00e4gga mindre tid p\u00e5 att r\u00e4tta, och d\u00e4rmed frig\u00f6rs tid till skrivuppgifter och undervisning.","og_url":"https:\/\/lararkarriar.se\/grundskola\/2021\/10\/12\/digitala-laromedel-underlattar-vardagen\/","og_site_name":"Framtidens Karri\u00e4r \u2013 Grundskolel\u00e4rare","article_published_time":"2021-10-12T12:35:45+00:00","article_modified_time":"2021-10-12T12:35:47+00:00","og_image":[{"width":1000,"height":669,"url":"https:\/\/lararkarriar.se\/grundskola\/wp-content\/uploads\/sites\/12\/2021\/10\/sanoma-elisabethjonsson.jpg","type":"image\/jpeg"}],"author":"stellanstal","twitter_card":"summary_large_image","twitter_misc":{"Skriven av":"stellanstal","Ber\u00e4knad l\u00e4stid":"3 minuter"},"schema":{"@context":"https:\/\/schema.org","@graph":[{"@type":"Article","@id":"https:\/\/lararkarriar.se\/grundskola\/2021\/10\/12\/digitala-laromedel-underlattar-vardagen\/#article","isPartOf":{"@id":"https:\/\/lararkarriar.se\/grundskola\/2021\/10\/12\/digitala-laromedel-underlattar-vardagen\/"},"author":{"name":"stellanstal","@id":"https:\/\/lararkarriar.se\/grundskola\/#\/schema\/person\/c8a43eb855191e573b73ecf8987a3b99"},"headline":"Digitala l\u00e4romedel underl\u00e4ttar vardagen","datePublished":"2021-10-12T12:35:45+00:00","dateModified":"2021-10-12T12:35:47+00:00","mainEntityOfPage":{"@id":"https:\/\/lararkarriar.se\/grundskola\/2021\/10\/12\/digitala-laromedel-underlattar-vardagen\/"},"wordCount":538,"commentCount":0,"image":{"@id":"https:\/\/lararkarriar.se\/grundskola\/2021\/10\/12\/digitala-laromedel-underlattar-vardagen\/#primaryimage"},"thumbnailUrl":"https:\/\/lararkarriar.se\/grundskola\/wp-content\/uploads\/sites\/12\/2021\/10\/sanoma-elisabethjonsson.jpg","keywords":["Champ","Digitala l\u00e4romedel","Sanoma utbildning"],"articleSection":["Artikel"],"inLanguage":"sv-SE","potentialAction":[{"@type":"CommentAction","name":"Comment","target":["https:\/\/lararkarriar.se\/grundskola\/2021\/10\/12\/digitala-laromedel-underlattar-vardagen\/#respond"]}]},{"@type":"WebPage","@id":"https:\/\/lararkarriar.se\/grundskola\/2021\/10\/12\/digitala-laromedel-underlattar-vardagen\/","url":"https:\/\/lararkarriar.se\/grundskola\/2021\/10\/12\/digitala-laromedel-underlattar-vardagen\/","name":"Digitala l\u00e4romedel underl\u00e4ttar vardagen - Framtidens Karri\u00e4r \u2013 Grundskolel\u00e4rare","isPartOf":{"@id":"https:\/\/lararkarriar.se\/grundskola\/#website"},"primaryImageOfPage":{"@id":"https:\/\/lararkarriar.se\/grundskola\/2021\/10\/12\/digitala-laromedel-underlattar-vardagen\/#primaryimage"},"image":{"@id":"https:\/\/lararkarriar.se\/grundskola\/2021\/10\/12\/digitala-laromedel-underlattar-vardagen\/#primaryimage"},"thumbnailUrl":"https:\/\/lararkarriar.se\/grundskola\/wp-content\/uploads\/sites\/12\/2021\/10\/sanoma-elisabethjonsson.jpg","datePublished":"2021-10-12T12:35:45+00:00","dateModified":"2021-10-12T12:35:47+00:00","author":{"@id":"https:\/\/lararkarriar.se\/grundskola\/#\/schema\/person\/c8a43eb855191e573b73ecf8987a3b99"},"breadcrumb":{"@id":"https:\/\/lararkarriar.se\/grundskola\/2021\/10\/12\/digitala-laromedel-underlattar-vardagen\/#breadcrumb"},"inLanguage":"sv-SE","potentialAction":[{"@type":"ReadAction","target":["https:\/\/lararkarriar.se\/grundskola\/2021\/10\/12\/digitala-laromedel-underlattar-vardagen\/"]}]},{"@type":"ImageObject","inLanguage":"sv-SE","@id":"https:\/\/lararkarriar.se\/grundskola\/2021\/10\/12\/digitala-laromedel-underlattar-vardagen\/#primaryimage","url":"https:\/\/lararkarriar.se\/grundskola\/wp-content\/uploads\/sites\/12\/2021\/10\/sanoma-elisabethjonsson.jpg","contentUrl":"https:\/\/lararkarriar.se\/grundskola\/wp-content\/uploads\/sites\/12\/2021\/10\/sanoma-elisabethjonsson.jpg","width":1000,"height":669},{"@type":"BreadcrumbList","@id":"https:\/\/lararkarriar.se\/grundskola\/2021\/10\/12\/digitala-laromedel-underlattar-vardagen\/#breadcrumb","itemListElement":[{"@type":"ListItem","position":1,"name":"Home","item":"https:\/\/lararkarriar.se\/grundskola\/"},{"@type":"ListItem","position":2,"name":"Digitala l\u00e4romedel underl\u00e4ttar vardagen"}]},{"@type":"WebSite","@id":"https:\/\/lararkarriar.se\/grundskola\/#website","url":"https:\/\/lararkarriar.se\/grundskola\/","name":"Framtidens Karri\u00e4r \u2013 Grundskolel\u00e4rare","description":"Just another NMDashboard.se Sites site","potentialAction":[{"@type":"SearchAction","target":{"@type":"EntryPoint","urlTemplate":"https:\/\/lararkarriar.se\/grundskola\/?s={search_term_string}"},"query-input":{"@type":"PropertyValueSpecification","valueRequired":true,"valueName":"search_term_string"}}],"inLanguage":"sv-SE"},{"@type":"Person","@id":"https:\/\/lararkarriar.se\/grundskola\/#\/schema\/person\/c8a43eb855191e573b73ecf8987a3b99","name":"stellanstal","image":{"@type":"ImageObject","inLanguage":"sv-SE","@id":"https:\/\/secure.gravatar.com\/avatar\/cd330fa6bb17f598124b2068ee0b189e4fe0987a50af9d53b78410836060d0c9?s=96&d=mm&r=g","url":"https:\/\/secure.gravatar.com\/avatar\/cd330fa6bb17f598124b2068ee0b189e4fe0987a50af9d53b78410836060d0c9?s=96&d=mm&r=g","contentUrl":"https:\/\/secure.gravatar.com\/avatar\/cd330fa6bb17f598124b2068ee0b189e4fe0987a50af9d53b78410836060d0c9?s=96&d=mm&r=g","caption":"stellanstal"},"url":"https:\/\/lararkarriar.se\/grundskola\/author\/stellanstal\/"}]}},"_links":{"self":[{"href":"https:\/\/lararkarriar.se\/grundskola\/wp-json\/wp\/v2\/posts\/7447","targetHints":{"allow":["GET"]}}],"collection":[{"href":"https:\/\/lararkarriar.se\/grundskola\/wp-json\/wp\/v2\/posts"}],"about":[{"href":"https:\/\/lararkarriar.se\/grundskola\/wp-json\/wp\/v2\/types\/post"}],"author":[{"embeddable":true,"href":"https:\/\/lararkarriar.se\/grundskola\/wp-json\/wp\/v2\/users\/3"}],"replies":[{"embeddable":true,"href":"https:\/\/lararkarriar.se\/grundskola\/wp-json\/wp\/v2\/comments?post=7447"}],"version-history":[{"count":3,"href":"https:\/\/lararkarriar.se\/grundskola\/wp-json\/wp\/v2\/posts\/7447\/revisions"}],"predecessor-version":[{"id":7451,"href":"https:\/\/lararkarriar.se\/grundskola\/wp-json\/wp\/v2\/posts\/7447\/revisions\/7451"}],"wp:featuredmedia":[{"embeddable":true,"href":"https:\/\/lararkarriar.se\/grundskola\/wp-json\/wp\/v2\/media\/7448"}],"wp:attachment":[{"href":"https:\/\/lararkarriar.se\/grundskola\/wp-json\/wp\/v2\/media?parent=7447"}],"wp:term":[{"taxonomy":"category","embeddable":true,"href":"https:\/\/lararkarriar.se\/grundskola\/wp-json\/wp\/v2\/categories?post=7447"},{"taxonomy":"post_tag","embeddable":true,"href":"https:\/\/lararkarriar.se\/grundskola\/wp-json\/wp\/v2\/tags?post=7447"}],"curies":[{"name":"wp","href":"https:\/\/api.w.org\/{rel}","templated":true}]}}