{"id":7460,"date":"2021-10-12T12:46:12","date_gmt":"2021-10-12T12:46:12","guid":{"rendered":"https:\/\/lararkarriar.se\/grundskola\/?p=7460"},"modified":"2021-10-12T12:46:14","modified_gmt":"2021-10-12T12:46:14","slug":"nya-arbetsuppgifter-med-tioarig-skola","status":"publish","type":"post","link":"https:\/\/lararkarriar.se\/grundskola\/2021\/10\/12\/nya-arbetsuppgifter-med-tioarig-skola\/","title":{"rendered":"Nya arbetsuppgifter med tio\u00e5rig skola"},"content":{"rendered":"\n<figure class=\"wp-block-image size-full\"><img loading=\"lazy\" decoding=\"async\" width=\"1000\" height=\"647\" src=\"https:\/\/lararkarriar.se\/grundskola\/wp-content\/uploads\/sites\/12\/2021\/10\/tioarig-mariakempe.jpg\" alt=\"\" class=\"wp-image-7461\" srcset=\"https:\/\/lararkarriar.se\/grundskola\/wp-content\/uploads\/sites\/12\/2021\/10\/tioarig-mariakempe.jpg 1000w, https:\/\/lararkarriar.se\/grundskola\/wp-content\/uploads\/sites\/12\/2021\/10\/tioarig-mariakempe-300x194.jpg 300w, https:\/\/lararkarriar.se\/grundskola\/wp-content\/uploads\/sites\/12\/2021\/10\/tioarig-mariakempe-768x497.jpg 768w, https:\/\/lararkarriar.se\/grundskola\/wp-content\/uploads\/sites\/12\/2021\/10\/tioarig-mariakempe-247x160.jpg 247w, https:\/\/lararkarriar.se\/grundskola\/wp-content\/uploads\/sites\/12\/2021\/10\/tioarig-mariakempe-526x340.jpg 526w, https:\/\/lararkarriar.se\/grundskola\/wp-content\/uploads\/sites\/12\/2021\/10\/tioarig-mariakempe-720x466.jpg 720w, https:\/\/lararkarriar.se\/grundskola\/wp-content\/uploads\/sites\/12\/2021\/10\/tioarig-mariakempe-960x621.jpg 960w\" sizes=\"auto, (max-width: 1000px) 100vw, 1000px\" \/><figcaption>L\u00e4raren och f\u00f6reningsombudet Mia Kempe ser p\u00e5 den tio\u00e5riga grundskolan med oro.<\/figcaption><\/figure>\n\n\n\n<p><strong>N\u00e4r den tio\u00e5riga grundskolan inf\u00f6rs v\u00e4ntar delvis nya arbetsuppgifter f\u00f6r l\u00e5gstadiel\u00e4rarna. Det menar l\u00e4raren och f\u00f6reningsombudet Mia Kempe.<br>\u2013 Man m\u00e5ste t\u00e4nka om och arbeta p\u00e5 ett annat s\u00e4tt, och det kr\u00e4ver mer av en, s\u00e4ger hon.<\/strong><\/p>\n\n\n\n<p>Mia Kempe \u00e4r grundskoll\u00e4rare och bitr\u00e4dande f\u00f6reningsombud f\u00f6r L\u00e4rarnas Riksf\u00f6rbund i Sigtuna kommun. Hon \u00e4r orolig f\u00f6r hur implementeringen ska g\u00e5 till.<br>\u2013 Farh\u00e5gan \u00e4r hur eleverna ska f\u00e5 en bra undervisning anpassad till sina behov och hur det ska p\u00e5verka l\u00e4rark\u00e5ren, s\u00e4ger hon.<br>Mia Kempe menar att det beh\u00f6vs en annan kursplan f\u00f6r de yngre eleverna, att det inte g\u00e5r att ha samma kurs som f\u00f6r de som b\u00f6rjar ettan idag.<br>\u2013 Det kommer inte att fungera. N\u00e4r de kommer \u00e4r det s\u00e5 mycket nytt f\u00f6r barnen, man m\u00e5ste jobba mycket med strukturer och att de ska v\u00e4nja sig vid skolmilj\u00f6n. N\u00e4r jag tar emot dem i ettan har de f\u00e5tt det med sig, och de h\u00e5ller p\u00e5 att l\u00e4ra sig att vara skolbarn. Men om det \u00e4r nytt f\u00f6r dem f\u00f6r det med sig ett annat arbetss\u00e4tt f\u00f6r l\u00e4rarna.<\/p>\n\n\n\n<blockquote class=\"wp-block-quote is-layout-flow wp-block-quote-is-layout-flow\"><p>&#8221;Det \u00e4r positivt om f\u00f6rskoll\u00e4rares kompetens tas tillvara i skolan, men det finns en oro f\u00f6r att de l\u00e4mnar ist\u00e4llet f\u00f6r att utbilda sig vidare.&#8221;<\/p><\/blockquote>\n\n\n\n<p><strong>Finns en oro<\/strong><br>Hon p\u00e5pekar ocks\u00e5 att alla grundskoll\u00e4rare inte t\u00e4nkt sig att arbeta med sex\u00e5ringar \u2013 och att alla f\u00f6rskoll\u00e4rare inte \u00e4r lockade av att vidareutbilda sig.<br>\u2013 Det \u00e4r positivt om f\u00f6rskoll\u00e4rares kompetens tas tillvara i skolan, men det finns en oro f\u00f6r att de l\u00e4mnar ist\u00e4llet f\u00f6r att utbilda sig vidare. Och de som idag jobbar med sju\u00e5ringar till nio\u00e5ringar kanske inte alls vill jobba med sex\u00e5ringar, vilket v\u00e4cker tankar om ens egen framtid som l\u00e4rare, s\u00e4ger Mia Kempe.<br>Hon ser ocks\u00e5 att det under en period kommer att bli en st\u00f6rre arbetsbelastning f\u00f6r l\u00e4rare.<br>\u2013 Man m\u00e5ste t\u00e4nka om och arbeta p\u00e5 ett annat s\u00e4tt och det kr\u00e4ver mer av en. Min bild \u00e4r att b\u00e5de l\u00e4rare och f\u00f6rskoll\u00e4rare \u00e4r oroliga \u00f6ver det h\u00e4r.<\/p>\n\n\n\n<p><strong>Mer st\u00f6d<\/strong><br>Det positiva med den tio\u00e5riga grundskolan \u00e4r att \u00e4ven sex\u00e5ringar kommer att omfattas av skollagen, och d\u00e4rmed vara ber\u00e4ttigade till mer st\u00f6d.<br>\u2013 Det g\u00e4ller bara att st\u00f6det verkligen finns p\u00e5 plats. Jag \u00e4r orolig f\u00f6r att man ska se det som att barnen klarar mer och blir mer studiemotiverade f\u00f6r att de g\u00e5r i \u201dettan\u201d, men barnen \u00e4r ju desamma. De \u00e4r sex\u00e5ringar och d\u00e5 beh\u00f6ver undervisningen riktas p\u00e5 det s\u00e4ttet.<\/p>\n","protected":false},"excerpt":{"rendered":"<p>N\u00e4r den tio\u00e5riga grundskolan inf\u00f6rs v\u00e4ntar delvis nya arbetsuppgifter f\u00f6r l\u00e5gstadiel\u00e4rarna.<\/p>\n","protected":false},"author":3,"featured_media":7461,"comment_status":"open","ping_status":"open","sticky":false,"template":"","format":"standard","meta":{"_acf_changed":false,"_monsterinsights_skip_tracking":false,"_monsterinsights_sitenote_active":false,"_monsterinsights_sitenote_note":"","_monsterinsights_sitenote_category":0,"footnotes":""},"categories":[1],"tags":[210,474],"class_list":["post-7460","post","type-post","status-publish","format-standard","has-post-thumbnail","hentry","category-artikel","tag-lararnas-riksforbund","tag-tioarig-grundskola"],"acf":[],"yoast_head":"<!-- This site is optimized with the Yoast SEO plugin v27.3 - https:\/\/yoast.com\/product\/yoast-seo-wordpress\/ -->\n<title>Nya arbetsuppgifter med tio\u00e5rig skola - Framtidens Karri\u00e4r \u2013 Grundskolel\u00e4rare<\/title>\n<meta name=\"robots\" content=\"index, follow, max-snippet:-1, max-image-preview:large, max-video-preview:-1\" \/>\n<link rel=\"canonical\" href=\"https:\/\/lararkarriar.se\/grundskola\/2021\/10\/12\/nya-arbetsuppgifter-med-tioarig-skola\/\" \/>\n<meta property=\"og:locale\" content=\"sv_SE\" \/>\n<meta property=\"og:type\" content=\"article\" \/>\n<meta property=\"og:title\" content=\"Nya arbetsuppgifter med tio\u00e5rig skola - Framtidens Karri\u00e4r \u2013 Grundskolel\u00e4rare\" \/>\n<meta property=\"og:description\" content=\"N\u00e4r den tio\u00e5riga grundskolan inf\u00f6rs v\u00e4ntar delvis nya arbetsuppgifter f\u00f6r l\u00e5gstadiel\u00e4rarna.\" \/>\n<meta property=\"og:url\" content=\"https:\/\/lararkarriar.se\/grundskola\/2021\/10\/12\/nya-arbetsuppgifter-med-tioarig-skola\/\" \/>\n<meta property=\"og:site_name\" content=\"Framtidens Karri\u00e4r \u2013 Grundskolel\u00e4rare\" \/>\n<meta property=\"article:published_time\" content=\"2021-10-12T12:46:12+00:00\" \/>\n<meta property=\"article:modified_time\" content=\"2021-10-12T12:46:14+00:00\" \/>\n<meta property=\"og:image\" content=\"https:\/\/lararkarriar.se\/grundskola\/wp-content\/uploads\/sites\/12\/2021\/10\/tioarig-mariakempe.jpg\" \/>\n\t<meta property=\"og:image:width\" content=\"1000\" \/>\n\t<meta property=\"og:image:height\" content=\"647\" \/>\n\t<meta property=\"og:image:type\" content=\"image\/jpeg\" \/>\n<meta name=\"author\" content=\"stellanstal\" \/>\n<meta name=\"twitter:card\" content=\"summary_large_image\" \/>\n<meta name=\"twitter:label1\" content=\"Skriven av\" \/>\n\t<meta name=\"twitter:data1\" content=\"stellanstal\" \/>\n\t<meta name=\"twitter:label2\" content=\"Ber\u00e4knad l\u00e4stid\" \/>\n\t<meta name=\"twitter:data2\" content=\"2 minuter\" \/>\n<script type=\"application\/ld+json\" class=\"yoast-schema-graph\">{\"@context\":\"https:\\\/\\\/schema.org\",\"@graph\":[{\"@type\":\"Article\",\"@id\":\"https:\\\/\\\/lararkarriar.se\\\/grundskola\\\/2021\\\/10\\\/12\\\/nya-arbetsuppgifter-med-tioarig-skola\\\/#article\",\"isPartOf\":{\"@id\":\"https:\\\/\\\/lararkarriar.se\\\/grundskola\\\/2021\\\/10\\\/12\\\/nya-arbetsuppgifter-med-tioarig-skola\\\/\"},\"author\":{\"name\":\"stellanstal\",\"@id\":\"https:\\\/\\\/lararkarriar.se\\\/grundskola\\\/#\\\/schema\\\/person\\\/c8a43eb855191e573b73ecf8987a3b99\"},\"headline\":\"Nya arbetsuppgifter med tio\u00e5rig skola\",\"datePublished\":\"2021-10-12T12:46:12+00:00\",\"dateModified\":\"2021-10-12T12:46:14+00:00\",\"mainEntityOfPage\":{\"@id\":\"https:\\\/\\\/lararkarriar.se\\\/grundskola\\\/2021\\\/10\\\/12\\\/nya-arbetsuppgifter-med-tioarig-skola\\\/\"},\"wordCount\":514,\"commentCount\":0,\"image\":{\"@id\":\"https:\\\/\\\/lararkarriar.se\\\/grundskola\\\/2021\\\/10\\\/12\\\/nya-arbetsuppgifter-med-tioarig-skola\\\/#primaryimage\"},\"thumbnailUrl\":\"https:\\\/\\\/lararkarriar.se\\\/grundskola\\\/wp-content\\\/uploads\\\/sites\\\/12\\\/2021\\\/10\\\/tioarig-mariakempe.jpg\",\"keywords\":[\"L\u00e4rarnas Riksf\u00f6rbund\",\"Tio\u00e5rig grundskola\"],\"articleSection\":[\"Artikel\"],\"inLanguage\":\"sv-SE\",\"potentialAction\":[{\"@type\":\"CommentAction\",\"name\":\"Comment\",\"target\":[\"https:\\\/\\\/lararkarriar.se\\\/grundskola\\\/2021\\\/10\\\/12\\\/nya-arbetsuppgifter-med-tioarig-skola\\\/#respond\"]}]},{\"@type\":\"WebPage\",\"@id\":\"https:\\\/\\\/lararkarriar.se\\\/grundskola\\\/2021\\\/10\\\/12\\\/nya-arbetsuppgifter-med-tioarig-skola\\\/\",\"url\":\"https:\\\/\\\/lararkarriar.se\\\/grundskola\\\/2021\\\/10\\\/12\\\/nya-arbetsuppgifter-med-tioarig-skola\\\/\",\"name\":\"Nya arbetsuppgifter med tio\u00e5rig skola - Framtidens Karri\u00e4r \u2013 Grundskolel\u00e4rare\",\"isPartOf\":{\"@id\":\"https:\\\/\\\/lararkarriar.se\\\/grundskola\\\/#website\"},\"primaryImageOfPage\":{\"@id\":\"https:\\\/\\\/lararkarriar.se\\\/grundskola\\\/2021\\\/10\\\/12\\\/nya-arbetsuppgifter-med-tioarig-skola\\\/#primaryimage\"},\"image\":{\"@id\":\"https:\\\/\\\/lararkarriar.se\\\/grundskola\\\/2021\\\/10\\\/12\\\/nya-arbetsuppgifter-med-tioarig-skola\\\/#primaryimage\"},\"thumbnailUrl\":\"https:\\\/\\\/lararkarriar.se\\\/grundskola\\\/wp-content\\\/uploads\\\/sites\\\/12\\\/2021\\\/10\\\/tioarig-mariakempe.jpg\",\"datePublished\":\"2021-10-12T12:46:12+00:00\",\"dateModified\":\"2021-10-12T12:46:14+00:00\",\"author\":{\"@id\":\"https:\\\/\\\/lararkarriar.se\\\/grundskola\\\/#\\\/schema\\\/person\\\/c8a43eb855191e573b73ecf8987a3b99\"},\"breadcrumb\":{\"@id\":\"https:\\\/\\\/lararkarriar.se\\\/grundskola\\\/2021\\\/10\\\/12\\\/nya-arbetsuppgifter-med-tioarig-skola\\\/#breadcrumb\"},\"inLanguage\":\"sv-SE\",\"potentialAction\":[{\"@type\":\"ReadAction\",\"target\":[\"https:\\\/\\\/lararkarriar.se\\\/grundskola\\\/2021\\\/10\\\/12\\\/nya-arbetsuppgifter-med-tioarig-skola\\\/\"]}]},{\"@type\":\"ImageObject\",\"inLanguage\":\"sv-SE\",\"@id\":\"https:\\\/\\\/lararkarriar.se\\\/grundskola\\\/2021\\\/10\\\/12\\\/nya-arbetsuppgifter-med-tioarig-skola\\\/#primaryimage\",\"url\":\"https:\\\/\\\/lararkarriar.se\\\/grundskola\\\/wp-content\\\/uploads\\\/sites\\\/12\\\/2021\\\/10\\\/tioarig-mariakempe.jpg\",\"contentUrl\":\"https:\\\/\\\/lararkarriar.se\\\/grundskola\\\/wp-content\\\/uploads\\\/sites\\\/12\\\/2021\\\/10\\\/tioarig-mariakempe.jpg\",\"width\":1000,\"height\":647},{\"@type\":\"BreadcrumbList\",\"@id\":\"https:\\\/\\\/lararkarriar.se\\\/grundskola\\\/2021\\\/10\\\/12\\\/nya-arbetsuppgifter-med-tioarig-skola\\\/#breadcrumb\",\"itemListElement\":[{\"@type\":\"ListItem\",\"position\":1,\"name\":\"Home\",\"item\":\"https:\\\/\\\/lararkarriar.se\\\/grundskola\\\/\"},{\"@type\":\"ListItem\",\"position\":2,\"name\":\"Nya arbetsuppgifter med tio\u00e5rig skola\"}]},{\"@type\":\"WebSite\",\"@id\":\"https:\\\/\\\/lararkarriar.se\\\/grundskola\\\/#website\",\"url\":\"https:\\\/\\\/lararkarriar.se\\\/grundskola\\\/\",\"name\":\"Framtidens Karri\u00e4r \u2013 Grundskolel\u00e4rare\",\"description\":\"Just another NMDashboard.se Sites site\",\"potentialAction\":[{\"@type\":\"SearchAction\",\"target\":{\"@type\":\"EntryPoint\",\"urlTemplate\":\"https:\\\/\\\/lararkarriar.se\\\/grundskola\\\/?s={search_term_string}\"},\"query-input\":{\"@type\":\"PropertyValueSpecification\",\"valueRequired\":true,\"valueName\":\"search_term_string\"}}],\"inLanguage\":\"sv-SE\"},{\"@type\":\"Person\",\"@id\":\"https:\\\/\\\/lararkarriar.se\\\/grundskola\\\/#\\\/schema\\\/person\\\/c8a43eb855191e573b73ecf8987a3b99\",\"name\":\"stellanstal\",\"image\":{\"@type\":\"ImageObject\",\"inLanguage\":\"sv-SE\",\"@id\":\"https:\\\/\\\/secure.gravatar.com\\\/avatar\\\/cd330fa6bb17f598124b2068ee0b189e4fe0987a50af9d53b78410836060d0c9?s=96&d=mm&r=g\",\"url\":\"https:\\\/\\\/secure.gravatar.com\\\/avatar\\\/cd330fa6bb17f598124b2068ee0b189e4fe0987a50af9d53b78410836060d0c9?s=96&d=mm&r=g\",\"contentUrl\":\"https:\\\/\\\/secure.gravatar.com\\\/avatar\\\/cd330fa6bb17f598124b2068ee0b189e4fe0987a50af9d53b78410836060d0c9?s=96&d=mm&r=g\",\"caption\":\"stellanstal\"},\"url\":\"https:\\\/\\\/lararkarriar.se\\\/grundskola\\\/author\\\/stellanstal\\\/\"}]}<\/script>\n<!-- \/ Yoast SEO plugin. -->","yoast_head_json":{"title":"Nya arbetsuppgifter med tio\u00e5rig skola - Framtidens Karri\u00e4r \u2013 Grundskolel\u00e4rare","robots":{"index":"index","follow":"follow","max-snippet":"max-snippet:-1","max-image-preview":"max-image-preview:large","max-video-preview":"max-video-preview:-1"},"canonical":"https:\/\/lararkarriar.se\/grundskola\/2021\/10\/12\/nya-arbetsuppgifter-med-tioarig-skola\/","og_locale":"sv_SE","og_type":"article","og_title":"Nya arbetsuppgifter med tio\u00e5rig skola - Framtidens Karri\u00e4r \u2013 Grundskolel\u00e4rare","og_description":"N\u00e4r den tio\u00e5riga grundskolan inf\u00f6rs v\u00e4ntar delvis nya arbetsuppgifter f\u00f6r l\u00e5gstadiel\u00e4rarna.","og_url":"https:\/\/lararkarriar.se\/grundskola\/2021\/10\/12\/nya-arbetsuppgifter-med-tioarig-skola\/","og_site_name":"Framtidens Karri\u00e4r \u2013 Grundskolel\u00e4rare","article_published_time":"2021-10-12T12:46:12+00:00","article_modified_time":"2021-10-12T12:46:14+00:00","og_image":[{"width":1000,"height":647,"url":"https:\/\/lararkarriar.se\/grundskola\/wp-content\/uploads\/sites\/12\/2021\/10\/tioarig-mariakempe.jpg","type":"image\/jpeg"}],"author":"stellanstal","twitter_card":"summary_large_image","twitter_misc":{"Skriven av":"stellanstal","Ber\u00e4knad l\u00e4stid":"2 minuter"},"schema":{"@context":"https:\/\/schema.org","@graph":[{"@type":"Article","@id":"https:\/\/lararkarriar.se\/grundskola\/2021\/10\/12\/nya-arbetsuppgifter-med-tioarig-skola\/#article","isPartOf":{"@id":"https:\/\/lararkarriar.se\/grundskola\/2021\/10\/12\/nya-arbetsuppgifter-med-tioarig-skola\/"},"author":{"name":"stellanstal","@id":"https:\/\/lararkarriar.se\/grundskola\/#\/schema\/person\/c8a43eb855191e573b73ecf8987a3b99"},"headline":"Nya arbetsuppgifter med tio\u00e5rig skola","datePublished":"2021-10-12T12:46:12+00:00","dateModified":"2021-10-12T12:46:14+00:00","mainEntityOfPage":{"@id":"https:\/\/lararkarriar.se\/grundskola\/2021\/10\/12\/nya-arbetsuppgifter-med-tioarig-skola\/"},"wordCount":514,"commentCount":0,"image":{"@id":"https:\/\/lararkarriar.se\/grundskola\/2021\/10\/12\/nya-arbetsuppgifter-med-tioarig-skola\/#primaryimage"},"thumbnailUrl":"https:\/\/lararkarriar.se\/grundskola\/wp-content\/uploads\/sites\/12\/2021\/10\/tioarig-mariakempe.jpg","keywords":["L\u00e4rarnas Riksf\u00f6rbund","Tio\u00e5rig grundskola"],"articleSection":["Artikel"],"inLanguage":"sv-SE","potentialAction":[{"@type":"CommentAction","name":"Comment","target":["https:\/\/lararkarriar.se\/grundskola\/2021\/10\/12\/nya-arbetsuppgifter-med-tioarig-skola\/#respond"]}]},{"@type":"WebPage","@id":"https:\/\/lararkarriar.se\/grundskola\/2021\/10\/12\/nya-arbetsuppgifter-med-tioarig-skola\/","url":"https:\/\/lararkarriar.se\/grundskola\/2021\/10\/12\/nya-arbetsuppgifter-med-tioarig-skola\/","name":"Nya arbetsuppgifter med tio\u00e5rig skola - Framtidens Karri\u00e4r \u2013 Grundskolel\u00e4rare","isPartOf":{"@id":"https:\/\/lararkarriar.se\/grundskola\/#website"},"primaryImageOfPage":{"@id":"https:\/\/lararkarriar.se\/grundskola\/2021\/10\/12\/nya-arbetsuppgifter-med-tioarig-skola\/#primaryimage"},"image":{"@id":"https:\/\/lararkarriar.se\/grundskola\/2021\/10\/12\/nya-arbetsuppgifter-med-tioarig-skola\/#primaryimage"},"thumbnailUrl":"https:\/\/lararkarriar.se\/grundskola\/wp-content\/uploads\/sites\/12\/2021\/10\/tioarig-mariakempe.jpg","datePublished":"2021-10-12T12:46:12+00:00","dateModified":"2021-10-12T12:46:14+00:00","author":{"@id":"https:\/\/lararkarriar.se\/grundskola\/#\/schema\/person\/c8a43eb855191e573b73ecf8987a3b99"},"breadcrumb":{"@id":"https:\/\/lararkarriar.se\/grundskola\/2021\/10\/12\/nya-arbetsuppgifter-med-tioarig-skola\/#breadcrumb"},"inLanguage":"sv-SE","potentialAction":[{"@type":"ReadAction","target":["https:\/\/lararkarriar.se\/grundskola\/2021\/10\/12\/nya-arbetsuppgifter-med-tioarig-skola\/"]}]},{"@type":"ImageObject","inLanguage":"sv-SE","@id":"https:\/\/lararkarriar.se\/grundskola\/2021\/10\/12\/nya-arbetsuppgifter-med-tioarig-skola\/#primaryimage","url":"https:\/\/lararkarriar.se\/grundskola\/wp-content\/uploads\/sites\/12\/2021\/10\/tioarig-mariakempe.jpg","contentUrl":"https:\/\/lararkarriar.se\/grundskola\/wp-content\/uploads\/sites\/12\/2021\/10\/tioarig-mariakempe.jpg","width":1000,"height":647},{"@type":"BreadcrumbList","@id":"https:\/\/lararkarriar.se\/grundskola\/2021\/10\/12\/nya-arbetsuppgifter-med-tioarig-skola\/#breadcrumb","itemListElement":[{"@type":"ListItem","position":1,"name":"Home","item":"https:\/\/lararkarriar.se\/grundskola\/"},{"@type":"ListItem","position":2,"name":"Nya arbetsuppgifter med tio\u00e5rig skola"}]},{"@type":"WebSite","@id":"https:\/\/lararkarriar.se\/grundskola\/#website","url":"https:\/\/lararkarriar.se\/grundskola\/","name":"Framtidens Karri\u00e4r \u2013 Grundskolel\u00e4rare","description":"Just another NMDashboard.se Sites site","potentialAction":[{"@type":"SearchAction","target":{"@type":"EntryPoint","urlTemplate":"https:\/\/lararkarriar.se\/grundskola\/?s={search_term_string}"},"query-input":{"@type":"PropertyValueSpecification","valueRequired":true,"valueName":"search_term_string"}}],"inLanguage":"sv-SE"},{"@type":"Person","@id":"https:\/\/lararkarriar.se\/grundskola\/#\/schema\/person\/c8a43eb855191e573b73ecf8987a3b99","name":"stellanstal","image":{"@type":"ImageObject","inLanguage":"sv-SE","@id":"https:\/\/secure.gravatar.com\/avatar\/cd330fa6bb17f598124b2068ee0b189e4fe0987a50af9d53b78410836060d0c9?s=96&d=mm&r=g","url":"https:\/\/secure.gravatar.com\/avatar\/cd330fa6bb17f598124b2068ee0b189e4fe0987a50af9d53b78410836060d0c9?s=96&d=mm&r=g","contentUrl":"https:\/\/secure.gravatar.com\/avatar\/cd330fa6bb17f598124b2068ee0b189e4fe0987a50af9d53b78410836060d0c9?s=96&d=mm&r=g","caption":"stellanstal"},"url":"https:\/\/lararkarriar.se\/grundskola\/author\/stellanstal\/"}]}},"_links":{"self":[{"href":"https:\/\/lararkarriar.se\/grundskola\/wp-json\/wp\/v2\/posts\/7460","targetHints":{"allow":["GET"]}}],"collection":[{"href":"https:\/\/lararkarriar.se\/grundskola\/wp-json\/wp\/v2\/posts"}],"about":[{"href":"https:\/\/lararkarriar.se\/grundskola\/wp-json\/wp\/v2\/types\/post"}],"author":[{"embeddable":true,"href":"https:\/\/lararkarriar.se\/grundskola\/wp-json\/wp\/v2\/users\/3"}],"replies":[{"embeddable":true,"href":"https:\/\/lararkarriar.se\/grundskola\/wp-json\/wp\/v2\/comments?post=7460"}],"version-history":[{"count":3,"href":"https:\/\/lararkarriar.se\/grundskola\/wp-json\/wp\/v2\/posts\/7460\/revisions"}],"predecessor-version":[{"id":7464,"href":"https:\/\/lararkarriar.se\/grundskola\/wp-json\/wp\/v2\/posts\/7460\/revisions\/7464"}],"wp:featuredmedia":[{"embeddable":true,"href":"https:\/\/lararkarriar.se\/grundskola\/wp-json\/wp\/v2\/media\/7461"}],"wp:attachment":[{"href":"https:\/\/lararkarriar.se\/grundskola\/wp-json\/wp\/v2\/media?parent=7460"}],"wp:term":[{"taxonomy":"category","embeddable":true,"href":"https:\/\/lararkarriar.se\/grundskola\/wp-json\/wp\/v2\/categories?post=7460"},{"taxonomy":"post_tag","embeddable":true,"href":"https:\/\/lararkarriar.se\/grundskola\/wp-json\/wp\/v2\/tags?post=7460"}],"curies":[{"name":"wp","href":"https:\/\/api.w.org\/{rel}","templated":true}]}}