{"id":7483,"date":"2021-10-12T13:07:49","date_gmt":"2021-10-12T13:07:49","guid":{"rendered":"https:\/\/lararkarriar.se\/grundskola\/?p=7483"},"modified":"2021-10-13T09:22:51","modified_gmt":"2021-10-13T09:22:51","slug":"digitalt-motiverar-eleverna","status":"publish","type":"post","link":"https:\/\/lararkarriar.se\/grundskola\/2021\/10\/12\/digitalt-motiverar-eleverna\/","title":{"rendered":"Digitalt motiverar eleverna"},"content":{"rendered":"\n<figure class=\"wp-block-image size-full\"><img loading=\"lazy\" decoding=\"async\" width=\"1000\" height=\"647\" src=\"https:\/\/lararkarriar.se\/grundskola\/wp-content\/uploads\/sites\/12\/2021\/10\/digital-annaholmstrom.jpg\" alt=\"\" class=\"wp-image-7484\" srcset=\"https:\/\/lararkarriar.se\/grundskola\/wp-content\/uploads\/sites\/12\/2021\/10\/digital-annaholmstrom.jpg 1000w, https:\/\/lararkarriar.se\/grundskola\/wp-content\/uploads\/sites\/12\/2021\/10\/digital-annaholmstrom-300x194.jpg 300w, https:\/\/lararkarriar.se\/grundskola\/wp-content\/uploads\/sites\/12\/2021\/10\/digital-annaholmstrom-768x497.jpg 768w, https:\/\/lararkarriar.se\/grundskola\/wp-content\/uploads\/sites\/12\/2021\/10\/digital-annaholmstrom-247x160.jpg 247w, https:\/\/lararkarriar.se\/grundskola\/wp-content\/uploads\/sites\/12\/2021\/10\/digital-annaholmstrom-526x340.jpg 526w, https:\/\/lararkarriar.se\/grundskola\/wp-content\/uploads\/sites\/12\/2021\/10\/digital-annaholmstrom-720x466.jpg 720w, https:\/\/lararkarriar.se\/grundskola\/wp-content\/uploads\/sites\/12\/2021\/10\/digital-annaholmstrom-960x621.jpg 960w\" sizes=\"auto, (max-width: 1000px) 100vw, 1000px\" \/><figcaption>Anna Holmstr\u00f6m, l\u00e4rare i matte, NO och teknik p\u00e5 \u00d6stersk\u00e4rsskolan i \u00c5kersberga.<\/figcaption><\/figure>\n\n\n\n<p><strong>I samband med coronapandemin \u00f6vergick Anna Holmstr\u00f6m, l\u00e4rare i matte, NO och teknik p\u00e5 \u00d6stersk\u00e4rsskolan i \u00c5kersberga, till att anv\u00e4nda digitala l\u00e4romedel i sin matematikundervisning i \u00e5rskurs 4\u20136. Hon anv\u00e4nder Matematik Alfa Beta Gamma fr\u00e5n Liber och har valt att kombinera det digitala l\u00e4romedlet med tryckta \u00f6vningar och prov.<\/strong><\/p>\n\n\n\n<p>\u2013 Viktiga faktorer f\u00f6r att bli en bra mattel\u00e4rare \u00e4r ett stort intresse f\u00f6r \u00e4mnet, och f\u00f6rm\u00e5gan att vara tydlig och pedagogisk. Samtidigt beh\u00f6ver man vara lyh\u00f6rd f\u00f6r att en del elever tycker att det \u00e4r sv\u00e5rt med matte, medan andra har l\u00e4tt f\u00f6r \u00e4mnet och beh\u00f6ver utmanas utifr\u00e5n sin niv\u00e5, s\u00e4ger Anna Holmstr\u00f6m.<br>Hon b\u00f6rjade anv\u00e4nda Alfa Beta Gamma n\u00e4r hon arbetade p\u00e5 en annan skola och har nu anv\u00e4nt det i drygt tre \u00e5r p\u00e5 \u00d6stersk\u00e4rsskolan.<br>\u2013 N\u00e4r pandemin kom valde jag ett helt digitalt l\u00e4romedelsuppl\u00e4gg. Samtidigt g\u00f6r eleverna fortfarande utr\u00e4kningar i r\u00e4kneh\u00e4ften, och alla prov g\u00f6rs fortfarande i fysiskt format. Det b\u00f6rjade med att vi testade den digitala varianten i b\u00f6rjan av pandemin. B\u00e5de jag och eleverna tyckte att det fungerade s\u00e5 pass bra att vi fortsatte med det. Det digitala l\u00e4romedlet har samma grunduppl\u00e4gg som den fysiska varianten, men f\u00f6rdelen \u00e4r att jag l\u00e4ttare kan \u00f6verblicka vad eleverna g\u00f6r. Har de gjort sina l\u00e4xor och vilken niv\u00e5 arbetat de p\u00e5? Och eleverna uppskattar att snabbt f\u00e5 feedback n\u00e4r de l\u00f6ser olika uppgifter, s\u00e4ger Anna Holmstr\u00f6m.<\/p>\n\n\n\n<blockquote class=\"wp-block-quote is-layout-flow wp-block-quote-is-layout-flow\"><p>&#8221;N\u00e4r jag f\u00f6ljer upp elevernas resultat ser jag att det ligger \u00f6ver genomsnittet och \u00e4ven har f\u00f6rb\u00e4ttrats sedan vi b\u00f6rjade med digitala l\u00e4romedel.&#8221;<\/p><\/blockquote>\n\n\n\n<p><strong>Uppmanar fler att testa<\/strong><br>Ytterligare en f\u00f6rdel med det digitala l\u00e4romedlet \u00e4r, enligt Anna Holmstr\u00f6m, att eleverna alltid har tillg\u00e5ng till sin digitala mattebok och d\u00e4rmed kan h\u00e4nga med i undervisningen \u00e4ven om de gl\u00f6mmer matteboken hemma eller om de \u00e4r fr\u00e5nvarande fr\u00e5n skolan.<br>\u2013 N\u00e4r jag f\u00f6ljer upp elevernas resultat ser jag att det ligger \u00f6ver genomsnittet och \u00e4ven har f\u00f6rb\u00e4ttrats sedan vi b\u00f6rjade med digitala l\u00e4romedel. Jag uppskattar ocks\u00e5 att matteboken har en bra hemsida med instruktionsfilmer och extramaterial som underl\u00e4ttar elevernas inl\u00e4rning, s\u00e4ger Anna Holmstr\u00f6m.<br>Hon uppmanar g\u00e4rna fler matematikl\u00e4rare att anv\u00e4nda sig av digitala l\u00e4romedel.<br>\u2013 Det finns ofta en r\u00e4dsla f\u00f6r att eleverna inte l\u00e4r sig lika bra med det digitala som med det fysiska l\u00e4romed\u00adlet, men jag upplever att eleverna \u00e4r mer motiverade n\u00e4r de anv\u00e4nder den digitala boken. Samtidigt kompletterar vi f\u00f6rst\u00e5s med muntliga och fysiska uppgifter och genomg\u00e5ngar, s\u00e4ger Anna Holmstr\u00f6m.<\/p>\n","protected":false},"excerpt":{"rendered":"<p>Det digitala l\u00e4romedlet har samma grunduppl\u00e4gg som den fysiska varianten, men f\u00f6rdelen \u00e4r att jag l\u00e4ttare kan \u00f6verblicka vad eleverna g\u00f6r.<\/p>\n","protected":false},"author":3,"featured_media":7484,"comment_status":"open","ping_status":"open","sticky":false,"template":"","format":"standard","meta":{"_acf_changed":false,"_monsterinsights_skip_tracking":false,"_monsterinsights_sitenote_active":false,"_monsterinsights_sitenote_note":"","_monsterinsights_sitenote_category":0,"footnotes":""},"categories":[1],"tags":[64,219],"class_list":["post-7483","post","type-post","status-publish","format-standard","has-post-thumbnail","hentry","category-artikel","tag-digitala-laromedel","tag-liber"],"acf":[],"yoast_head":"<!-- This site is optimized with the Yoast SEO plugin v27.3 - https:\/\/yoast.com\/product\/yoast-seo-wordpress\/ -->\n<title>Digitalt motiverar eleverna - Framtidens Karri\u00e4r \u2013 Grundskolel\u00e4rare<\/title>\n<meta name=\"robots\" content=\"index, follow, max-snippet:-1, max-image-preview:large, max-video-preview:-1\" \/>\n<link rel=\"canonical\" href=\"https:\/\/lararkarriar.se\/grundskola\/2021\/10\/12\/digitalt-motiverar-eleverna\/\" \/>\n<meta property=\"og:locale\" content=\"sv_SE\" \/>\n<meta property=\"og:type\" content=\"article\" \/>\n<meta property=\"og:title\" content=\"Digitalt motiverar eleverna - Framtidens Karri\u00e4r \u2013 Grundskolel\u00e4rare\" \/>\n<meta property=\"og:description\" content=\"Det digitala l\u00e4romedlet har samma grunduppl\u00e4gg som den fysiska varianten, men f\u00f6rdelen \u00e4r att jag l\u00e4ttare kan \u00f6verblicka vad eleverna g\u00f6r.\" \/>\n<meta property=\"og:url\" content=\"https:\/\/lararkarriar.se\/grundskola\/2021\/10\/12\/digitalt-motiverar-eleverna\/\" \/>\n<meta property=\"og:site_name\" content=\"Framtidens Karri\u00e4r \u2013 Grundskolel\u00e4rare\" \/>\n<meta property=\"article:published_time\" content=\"2021-10-12T13:07:49+00:00\" \/>\n<meta property=\"article:modified_time\" content=\"2021-10-13T09:22:51+00:00\" \/>\n<meta property=\"og:image\" content=\"https:\/\/lararkarriar.se\/grundskola\/wp-content\/uploads\/sites\/12\/2021\/10\/digital-annaholmstrom.jpg\" \/>\n\t<meta property=\"og:image:width\" content=\"1000\" \/>\n\t<meta property=\"og:image:height\" content=\"647\" \/>\n\t<meta property=\"og:image:type\" content=\"image\/jpeg\" \/>\n<meta name=\"author\" content=\"stellanstal\" \/>\n<meta name=\"twitter:card\" content=\"summary_large_image\" \/>\n<meta name=\"twitter:label1\" content=\"Skriven av\" \/>\n\t<meta name=\"twitter:data1\" content=\"stellanstal\" \/>\n\t<meta name=\"twitter:label2\" content=\"Ber\u00e4knad l\u00e4stid\" \/>\n\t<meta name=\"twitter:data2\" content=\"2 minuter\" \/>\n<script type=\"application\/ld+json\" class=\"yoast-schema-graph\">{\"@context\":\"https:\\\/\\\/schema.org\",\"@graph\":[{\"@type\":\"Article\",\"@id\":\"https:\\\/\\\/lararkarriar.se\\\/grundskola\\\/2021\\\/10\\\/12\\\/digitalt-motiverar-eleverna\\\/#article\",\"isPartOf\":{\"@id\":\"https:\\\/\\\/lararkarriar.se\\\/grundskola\\\/2021\\\/10\\\/12\\\/digitalt-motiverar-eleverna\\\/\"},\"author\":{\"name\":\"stellanstal\",\"@id\":\"https:\\\/\\\/lararkarriar.se\\\/grundskola\\\/#\\\/schema\\\/person\\\/c8a43eb855191e573b73ecf8987a3b99\"},\"headline\":\"Digitalt motiverar eleverna\",\"datePublished\":\"2021-10-12T13:07:49+00:00\",\"dateModified\":\"2021-10-13T09:22:51+00:00\",\"mainEntityOfPage\":{\"@id\":\"https:\\\/\\\/lararkarriar.se\\\/grundskola\\\/2021\\\/10\\\/12\\\/digitalt-motiverar-eleverna\\\/\"},\"wordCount\":503,\"commentCount\":0,\"image\":{\"@id\":\"https:\\\/\\\/lararkarriar.se\\\/grundskola\\\/2021\\\/10\\\/12\\\/digitalt-motiverar-eleverna\\\/#primaryimage\"},\"thumbnailUrl\":\"https:\\\/\\\/lararkarriar.se\\\/grundskola\\\/wp-content\\\/uploads\\\/sites\\\/12\\\/2021\\\/10\\\/digital-annaholmstrom.jpg\",\"keywords\":[\"Digitala l\u00e4romedel\",\"Liber\"],\"articleSection\":[\"Artikel\"],\"inLanguage\":\"sv-SE\",\"potentialAction\":[{\"@type\":\"CommentAction\",\"name\":\"Comment\",\"target\":[\"https:\\\/\\\/lararkarriar.se\\\/grundskola\\\/2021\\\/10\\\/12\\\/digitalt-motiverar-eleverna\\\/#respond\"]}]},{\"@type\":\"WebPage\",\"@id\":\"https:\\\/\\\/lararkarriar.se\\\/grundskola\\\/2021\\\/10\\\/12\\\/digitalt-motiverar-eleverna\\\/\",\"url\":\"https:\\\/\\\/lararkarriar.se\\\/grundskola\\\/2021\\\/10\\\/12\\\/digitalt-motiverar-eleverna\\\/\",\"name\":\"Digitalt motiverar eleverna - Framtidens Karri\u00e4r \u2013 Grundskolel\u00e4rare\",\"isPartOf\":{\"@id\":\"https:\\\/\\\/lararkarriar.se\\\/grundskola\\\/#website\"},\"primaryImageOfPage\":{\"@id\":\"https:\\\/\\\/lararkarriar.se\\\/grundskola\\\/2021\\\/10\\\/12\\\/digitalt-motiverar-eleverna\\\/#primaryimage\"},\"image\":{\"@id\":\"https:\\\/\\\/lararkarriar.se\\\/grundskola\\\/2021\\\/10\\\/12\\\/digitalt-motiverar-eleverna\\\/#primaryimage\"},\"thumbnailUrl\":\"https:\\\/\\\/lararkarriar.se\\\/grundskola\\\/wp-content\\\/uploads\\\/sites\\\/12\\\/2021\\\/10\\\/digital-annaholmstrom.jpg\",\"datePublished\":\"2021-10-12T13:07:49+00:00\",\"dateModified\":\"2021-10-13T09:22:51+00:00\",\"author\":{\"@id\":\"https:\\\/\\\/lararkarriar.se\\\/grundskola\\\/#\\\/schema\\\/person\\\/c8a43eb855191e573b73ecf8987a3b99\"},\"breadcrumb\":{\"@id\":\"https:\\\/\\\/lararkarriar.se\\\/grundskola\\\/2021\\\/10\\\/12\\\/digitalt-motiverar-eleverna\\\/#breadcrumb\"},\"inLanguage\":\"sv-SE\",\"potentialAction\":[{\"@type\":\"ReadAction\",\"target\":[\"https:\\\/\\\/lararkarriar.se\\\/grundskola\\\/2021\\\/10\\\/12\\\/digitalt-motiverar-eleverna\\\/\"]}]},{\"@type\":\"ImageObject\",\"inLanguage\":\"sv-SE\",\"@id\":\"https:\\\/\\\/lararkarriar.se\\\/grundskola\\\/2021\\\/10\\\/12\\\/digitalt-motiverar-eleverna\\\/#primaryimage\",\"url\":\"https:\\\/\\\/lararkarriar.se\\\/grundskola\\\/wp-content\\\/uploads\\\/sites\\\/12\\\/2021\\\/10\\\/digital-annaholmstrom.jpg\",\"contentUrl\":\"https:\\\/\\\/lararkarriar.se\\\/grundskola\\\/wp-content\\\/uploads\\\/sites\\\/12\\\/2021\\\/10\\\/digital-annaholmstrom.jpg\",\"width\":1000,\"height\":647},{\"@type\":\"BreadcrumbList\",\"@id\":\"https:\\\/\\\/lararkarriar.se\\\/grundskola\\\/2021\\\/10\\\/12\\\/digitalt-motiverar-eleverna\\\/#breadcrumb\",\"itemListElement\":[{\"@type\":\"ListItem\",\"position\":1,\"name\":\"Home\",\"item\":\"https:\\\/\\\/lararkarriar.se\\\/grundskola\\\/\"},{\"@type\":\"ListItem\",\"position\":2,\"name\":\"Digitalt motiverar eleverna\"}]},{\"@type\":\"WebSite\",\"@id\":\"https:\\\/\\\/lararkarriar.se\\\/grundskola\\\/#website\",\"url\":\"https:\\\/\\\/lararkarriar.se\\\/grundskola\\\/\",\"name\":\"Framtidens Karri\u00e4r \u2013 Grundskolel\u00e4rare\",\"description\":\"Just another NMDashboard.se Sites site\",\"potentialAction\":[{\"@type\":\"SearchAction\",\"target\":{\"@type\":\"EntryPoint\",\"urlTemplate\":\"https:\\\/\\\/lararkarriar.se\\\/grundskola\\\/?s={search_term_string}\"},\"query-input\":{\"@type\":\"PropertyValueSpecification\",\"valueRequired\":true,\"valueName\":\"search_term_string\"}}],\"inLanguage\":\"sv-SE\"},{\"@type\":\"Person\",\"@id\":\"https:\\\/\\\/lararkarriar.se\\\/grundskola\\\/#\\\/schema\\\/person\\\/c8a43eb855191e573b73ecf8987a3b99\",\"name\":\"stellanstal\",\"image\":{\"@type\":\"ImageObject\",\"inLanguage\":\"sv-SE\",\"@id\":\"https:\\\/\\\/secure.gravatar.com\\\/avatar\\\/cd330fa6bb17f598124b2068ee0b189e4fe0987a50af9d53b78410836060d0c9?s=96&d=mm&r=g\",\"url\":\"https:\\\/\\\/secure.gravatar.com\\\/avatar\\\/cd330fa6bb17f598124b2068ee0b189e4fe0987a50af9d53b78410836060d0c9?s=96&d=mm&r=g\",\"contentUrl\":\"https:\\\/\\\/secure.gravatar.com\\\/avatar\\\/cd330fa6bb17f598124b2068ee0b189e4fe0987a50af9d53b78410836060d0c9?s=96&d=mm&r=g\",\"caption\":\"stellanstal\"},\"url\":\"https:\\\/\\\/lararkarriar.se\\\/grundskola\\\/author\\\/stellanstal\\\/\"}]}<\/script>\n<!-- \/ Yoast SEO plugin. -->","yoast_head_json":{"title":"Digitalt motiverar eleverna - Framtidens Karri\u00e4r \u2013 Grundskolel\u00e4rare","robots":{"index":"index","follow":"follow","max-snippet":"max-snippet:-1","max-image-preview":"max-image-preview:large","max-video-preview":"max-video-preview:-1"},"canonical":"https:\/\/lararkarriar.se\/grundskola\/2021\/10\/12\/digitalt-motiverar-eleverna\/","og_locale":"sv_SE","og_type":"article","og_title":"Digitalt motiverar eleverna - Framtidens Karri\u00e4r \u2013 Grundskolel\u00e4rare","og_description":"Det digitala l\u00e4romedlet har samma grunduppl\u00e4gg som den fysiska varianten, men f\u00f6rdelen \u00e4r att jag l\u00e4ttare kan \u00f6verblicka vad eleverna g\u00f6r.","og_url":"https:\/\/lararkarriar.se\/grundskola\/2021\/10\/12\/digitalt-motiverar-eleverna\/","og_site_name":"Framtidens Karri\u00e4r \u2013 Grundskolel\u00e4rare","article_published_time":"2021-10-12T13:07:49+00:00","article_modified_time":"2021-10-13T09:22:51+00:00","og_image":[{"width":1000,"height":647,"url":"https:\/\/lararkarriar.se\/grundskola\/wp-content\/uploads\/sites\/12\/2021\/10\/digital-annaholmstrom.jpg","type":"image\/jpeg"}],"author":"stellanstal","twitter_card":"summary_large_image","twitter_misc":{"Skriven av":"stellanstal","Ber\u00e4knad l\u00e4stid":"2 minuter"},"schema":{"@context":"https:\/\/schema.org","@graph":[{"@type":"Article","@id":"https:\/\/lararkarriar.se\/grundskola\/2021\/10\/12\/digitalt-motiverar-eleverna\/#article","isPartOf":{"@id":"https:\/\/lararkarriar.se\/grundskola\/2021\/10\/12\/digitalt-motiverar-eleverna\/"},"author":{"name":"stellanstal","@id":"https:\/\/lararkarriar.se\/grundskola\/#\/schema\/person\/c8a43eb855191e573b73ecf8987a3b99"},"headline":"Digitalt motiverar eleverna","datePublished":"2021-10-12T13:07:49+00:00","dateModified":"2021-10-13T09:22:51+00:00","mainEntityOfPage":{"@id":"https:\/\/lararkarriar.se\/grundskola\/2021\/10\/12\/digitalt-motiverar-eleverna\/"},"wordCount":503,"commentCount":0,"image":{"@id":"https:\/\/lararkarriar.se\/grundskola\/2021\/10\/12\/digitalt-motiverar-eleverna\/#primaryimage"},"thumbnailUrl":"https:\/\/lararkarriar.se\/grundskola\/wp-content\/uploads\/sites\/12\/2021\/10\/digital-annaholmstrom.jpg","keywords":["Digitala l\u00e4romedel","Liber"],"articleSection":["Artikel"],"inLanguage":"sv-SE","potentialAction":[{"@type":"CommentAction","name":"Comment","target":["https:\/\/lararkarriar.se\/grundskola\/2021\/10\/12\/digitalt-motiverar-eleverna\/#respond"]}]},{"@type":"WebPage","@id":"https:\/\/lararkarriar.se\/grundskola\/2021\/10\/12\/digitalt-motiverar-eleverna\/","url":"https:\/\/lararkarriar.se\/grundskola\/2021\/10\/12\/digitalt-motiverar-eleverna\/","name":"Digitalt motiverar eleverna - Framtidens Karri\u00e4r \u2013 Grundskolel\u00e4rare","isPartOf":{"@id":"https:\/\/lararkarriar.se\/grundskola\/#website"},"primaryImageOfPage":{"@id":"https:\/\/lararkarriar.se\/grundskola\/2021\/10\/12\/digitalt-motiverar-eleverna\/#primaryimage"},"image":{"@id":"https:\/\/lararkarriar.se\/grundskola\/2021\/10\/12\/digitalt-motiverar-eleverna\/#primaryimage"},"thumbnailUrl":"https:\/\/lararkarriar.se\/grundskola\/wp-content\/uploads\/sites\/12\/2021\/10\/digital-annaholmstrom.jpg","datePublished":"2021-10-12T13:07:49+00:00","dateModified":"2021-10-13T09:22:51+00:00","author":{"@id":"https:\/\/lararkarriar.se\/grundskola\/#\/schema\/person\/c8a43eb855191e573b73ecf8987a3b99"},"breadcrumb":{"@id":"https:\/\/lararkarriar.se\/grundskola\/2021\/10\/12\/digitalt-motiverar-eleverna\/#breadcrumb"},"inLanguage":"sv-SE","potentialAction":[{"@type":"ReadAction","target":["https:\/\/lararkarriar.se\/grundskola\/2021\/10\/12\/digitalt-motiverar-eleverna\/"]}]},{"@type":"ImageObject","inLanguage":"sv-SE","@id":"https:\/\/lararkarriar.se\/grundskola\/2021\/10\/12\/digitalt-motiverar-eleverna\/#primaryimage","url":"https:\/\/lararkarriar.se\/grundskola\/wp-content\/uploads\/sites\/12\/2021\/10\/digital-annaholmstrom.jpg","contentUrl":"https:\/\/lararkarriar.se\/grundskola\/wp-content\/uploads\/sites\/12\/2021\/10\/digital-annaholmstrom.jpg","width":1000,"height":647},{"@type":"BreadcrumbList","@id":"https:\/\/lararkarriar.se\/grundskola\/2021\/10\/12\/digitalt-motiverar-eleverna\/#breadcrumb","itemListElement":[{"@type":"ListItem","position":1,"name":"Home","item":"https:\/\/lararkarriar.se\/grundskola\/"},{"@type":"ListItem","position":2,"name":"Digitalt motiverar eleverna"}]},{"@type":"WebSite","@id":"https:\/\/lararkarriar.se\/grundskola\/#website","url":"https:\/\/lararkarriar.se\/grundskola\/","name":"Framtidens Karri\u00e4r \u2013 Grundskolel\u00e4rare","description":"Just another NMDashboard.se Sites site","potentialAction":[{"@type":"SearchAction","target":{"@type":"EntryPoint","urlTemplate":"https:\/\/lararkarriar.se\/grundskola\/?s={search_term_string}"},"query-input":{"@type":"PropertyValueSpecification","valueRequired":true,"valueName":"search_term_string"}}],"inLanguage":"sv-SE"},{"@type":"Person","@id":"https:\/\/lararkarriar.se\/grundskola\/#\/schema\/person\/c8a43eb855191e573b73ecf8987a3b99","name":"stellanstal","image":{"@type":"ImageObject","inLanguage":"sv-SE","@id":"https:\/\/secure.gravatar.com\/avatar\/cd330fa6bb17f598124b2068ee0b189e4fe0987a50af9d53b78410836060d0c9?s=96&d=mm&r=g","url":"https:\/\/secure.gravatar.com\/avatar\/cd330fa6bb17f598124b2068ee0b189e4fe0987a50af9d53b78410836060d0c9?s=96&d=mm&r=g","contentUrl":"https:\/\/secure.gravatar.com\/avatar\/cd330fa6bb17f598124b2068ee0b189e4fe0987a50af9d53b78410836060d0c9?s=96&d=mm&r=g","caption":"stellanstal"},"url":"https:\/\/lararkarriar.se\/grundskola\/author\/stellanstal\/"}]}},"_links":{"self":[{"href":"https:\/\/lararkarriar.se\/grundskola\/wp-json\/wp\/v2\/posts\/7483","targetHints":{"allow":["GET"]}}],"collection":[{"href":"https:\/\/lararkarriar.se\/grundskola\/wp-json\/wp\/v2\/posts"}],"about":[{"href":"https:\/\/lararkarriar.se\/grundskola\/wp-json\/wp\/v2\/types\/post"}],"author":[{"embeddable":true,"href":"https:\/\/lararkarriar.se\/grundskola\/wp-json\/wp\/v2\/users\/3"}],"replies":[{"embeddable":true,"href":"https:\/\/lararkarriar.se\/grundskola\/wp-json\/wp\/v2\/comments?post=7483"}],"version-history":[{"count":4,"href":"https:\/\/lararkarriar.se\/grundskola\/wp-json\/wp\/v2\/posts\/7483\/revisions"}],"predecessor-version":[{"id":7618,"href":"https:\/\/lararkarriar.se\/grundskola\/wp-json\/wp\/v2\/posts\/7483\/revisions\/7618"}],"wp:featuredmedia":[{"embeddable":true,"href":"https:\/\/lararkarriar.se\/grundskola\/wp-json\/wp\/v2\/media\/7484"}],"wp:attachment":[{"href":"https:\/\/lararkarriar.se\/grundskola\/wp-json\/wp\/v2\/media?parent=7483"}],"wp:term":[{"taxonomy":"category","embeddable":true,"href":"https:\/\/lararkarriar.se\/grundskola\/wp-json\/wp\/v2\/categories?post=7483"},{"taxonomy":"post_tag","embeddable":true,"href":"https:\/\/lararkarriar.se\/grundskola\/wp-json\/wp\/v2\/tags?post=7483"}],"curies":[{"name":"wp","href":"https:\/\/api.w.org\/{rel}","templated":true}]}}