{"id":7511,"date":"2021-10-12T13:41:05","date_gmt":"2021-10-12T13:41:05","guid":{"rendered":"https:\/\/lararkarriar.se\/grundskola\/?p=7511"},"modified":"2021-10-12T13:41:07","modified_gmt":"2021-10-12T13:41:07","slug":"okade-forutsattningar-att-na-malen","status":"publish","type":"post","link":"https:\/\/lararkarriar.se\/grundskola\/2021\/10\/12\/okade-forutsattningar-att-na-malen\/","title":{"rendered":"\u00d6kade f\u00f6ruts\u00e4ttningar att n\u00e5 m\u00e5len"},"content":{"rendered":"\n<figure class=\"wp-block-image size-full\"><img loading=\"lazy\" decoding=\"async\" width=\"1000\" height=\"676\" src=\"https:\/\/lararkarriar.se\/grundskola\/wp-content\/uploads\/sites\/12\/2021\/10\/pedagarb-image005.jpg\" alt=\"\" class=\"wp-image-7512\" srcset=\"https:\/\/lararkarriar.se\/grundskola\/wp-content\/uploads\/sites\/12\/2021\/10\/pedagarb-image005.jpg 1000w, https:\/\/lararkarriar.se\/grundskola\/wp-content\/uploads\/sites\/12\/2021\/10\/pedagarb-image005-300x203.jpg 300w, https:\/\/lararkarriar.se\/grundskola\/wp-content\/uploads\/sites\/12\/2021\/10\/pedagarb-image005-768x519.jpg 768w, https:\/\/lararkarriar.se\/grundskola\/wp-content\/uploads\/sites\/12\/2021\/10\/pedagarb-image005-237x160.jpg 237w, https:\/\/lararkarriar.se\/grundskola\/wp-content\/uploads\/sites\/12\/2021\/10\/pedagarb-image005-526x356.jpg 526w, https:\/\/lararkarriar.se\/grundskola\/wp-content\/uploads\/sites\/12\/2021\/10\/pedagarb-image005-720x487.jpg 720w, https:\/\/lararkarriar.se\/grundskola\/wp-content\/uploads\/sites\/12\/2021\/10\/pedagarb-image005-960x649.jpg 960w\" sizes=\"auto, (max-width: 1000px) 100vw, 1000px\" \/><figcaption>Anna Herkestam, rektor, och Amanda Mattson, bitr\u00e4dande rektor p\u00e5 P\u00e5ve\u00adlundsskolan i V\u00e4stra Fr\u00f6lunda.<\/figcaption><\/figure>\n\n\n\n<p><strong>Sammanh\u00e5llna stadier, samverkande team och forum f\u00f6r samarbete och sambed\u00f6mning. H\u00f6sten 2021 inf\u00f6rdes en ny skolenhetsorganisation i G\u00f6teborg som st\u00e4rker f\u00f6ruts\u00e4ttningarna f\u00f6r att leda det pedagogiska arbetet.<\/strong><\/p>\n\n\n\n<p>Anna Herkestam \u00e4r rektor p\u00e5 P\u00e5velundsskolan i V\u00e4stra Fr\u00f6lunda, en F\u20139-skola med drygt 1&nbsp;000 elever.<br>\u2013 Tillsammans har vi under en l\u00e4ngre tid lyckats utveckla en tydlig struktur och ledning. V\u00e5ra l\u00e4rare \u00e4r i h\u00f6gsta grad delaktiga i ett st\u00e4ndigt p\u00e5g\u00e5ende utvecklingsarbete. En hel del av det arbetet bygger p\u00e5 vad som h\u00e4nder i klassrummen och de fr\u00e5gor som v\u00e5ra pedagoger lyfter.<br>Anna tr\u00e4ffar regelbundet ett 20-tal kollegor i det n\u00e4tverk av rektorer som st\u00f6djer varandra i olika fr\u00e5gor.<br>\u2013 Det \u00e4r oerh\u00f6rt v\u00e4rdefullt. Det finns ett starkt ledningsst\u00f6d runt rektorerna. Vi har olika styrkor och kan lyfta varandra p\u00e5 olika omr\u00e5den, exempelvis schemal\u00e4ggning och utveckling av fritidshem.<\/p>\n\n\n\n<blockquote class=\"wp-block-quote is-layout-flow wp-block-quote-is-layout-flow\"><p>&#8221;M\u00e5nga av v\u00e5ra l\u00e4rare har arbetat l\u00e4nge p\u00e5 skolan, s\u00e5 det finns en gedigen kunskap och kompetens.&#8221;<\/p><\/blockquote>\n\n\n\n<p><strong>Starkare ledarteam<\/strong><br>En ny skolenhetsorganisation sj\u00f6sattes vid h\u00f6stterminens start 2021. G\u00f6teborgs grundskolef\u00f6rvaltning best\u00e5r idag av fyra utbildningsomr\u00e5den. Skolenheterna samlas nu i s\u00e5 kallade skolomr\u00e5den med en gemensam rektor och skolledning. P\u00e5velundsskolan tillh\u00f6r utbildningsomr\u00e5de Sydv\u00e4stra G\u00f6teborg.<br>\u2013 Vi f\u00e5r mer sammanh\u00e5llna stadier som ger elever en tydligare v\u00e4g genom skolan. Det ger oss ocks\u00e5 st\u00f6rre m\u00f6jlig\u00adheter att m\u00f6ta elevers olika behov av st\u00f6d. Vi f\u00e5r ocks\u00e5 starkare ledarteam, en n\u00e4rmare samverkan mellan rektorer och l\u00e4rare och \u00f6kade f\u00f6ruts\u00e4ttningar att hj\u00e4lpas \u00e5t, b\u00e5de n\u00e4r det g\u00e4ller kompetensutbyten och ekonomisk b\u00e4righet, s\u00e4ger Anna Herkestam.<br>Hennes kollega Amanda Mattson \u00e4r sedan 2020 bitr\u00e4dande rektor p\u00e5 P\u00e5ve\u00adlundsskolan.<br>\u2013 M\u00e5nga av v\u00e5ra l\u00e4rare har arbetat l\u00e4nge p\u00e5 skolan, s\u00e5 det finns en gedigen kunskap och kompetens. Det finns \u00e4ven v\u00e4lfungerande forum f\u00f6r samverkan, samarbete och sambed\u00f6mning, vilket skapar en \u00f6kad likv\u00e4rdighet, god arbetsmilj\u00f6 och en trygghet och stabil grund f\u00f6r v\u00e5ra pedagoger.<br>\u2013 Det finns ocks\u00e5 en stor expertis inom v\u00e5r grundskolef\u00f6rvaltning, resurser som vi kan anv\u00e4nda f\u00f6r att st\u00f6tta och hj\u00e4lpa till d\u00e4r det beh\u00f6vs, s\u00e4ger Amanda.<br>Som bitr\u00e4dande rektor arbetar Amanda n\u00e4ra l\u00e4rare, elever och har ocks\u00e5 en n\u00e4ra kontakt med v\u00e5rdnadshavare.<br>\u2013 M\u00e5nga av v\u00e5ra l\u00e4rare stannar p\u00e5 skolan, kanske f\u00f6r att det finns m\u00f6jligheter att vara med och p\u00e5verka utvecklingen och kunna g\u00f6ra skillnad i elevernas vardag.<\/p>\n","protected":false},"excerpt":{"rendered":"<p>H\u00f6sten 2021 inf\u00f6rdes en ny skolenhetsorganisation i G\u00f6teborg som st\u00e4rker f\u00f6ruts\u00e4ttningarna f\u00f6r att leda det pedagogiska arbetet.<\/p>\n","protected":false},"author":3,"featured_media":7512,"comment_status":"open","ping_status":"open","sticky":false,"template":"","format":"standard","meta":{"_acf_changed":false,"_monsterinsights_skip_tracking":false,"_monsterinsights_sitenote_active":false,"_monsterinsights_sitenote_note":"","_monsterinsights_sitenote_category":0,"footnotes":""},"categories":[1],"tags":[120,481],"class_list":["post-7511","post","type-post","status-publish","format-standard","has-post-thumbnail","hentry","category-artikel","tag-goteborgs-stad","tag-organisationsarbete"],"acf":[],"yoast_head":"<!-- This site is optimized with the Yoast SEO plugin v27.3 - https:\/\/yoast.com\/product\/yoast-seo-wordpress\/ -->\n<title>\u00d6kade f\u00f6ruts\u00e4ttningar att n\u00e5 m\u00e5len - Framtidens Karri\u00e4r \u2013 Grundskolel\u00e4rare<\/title>\n<meta name=\"robots\" content=\"index, follow, max-snippet:-1, max-image-preview:large, max-video-preview:-1\" \/>\n<link rel=\"canonical\" href=\"https:\/\/lararkarriar.se\/grundskola\/2021\/10\/12\/okade-forutsattningar-att-na-malen\/\" \/>\n<meta property=\"og:locale\" content=\"sv_SE\" \/>\n<meta property=\"og:type\" content=\"article\" \/>\n<meta property=\"og:title\" content=\"\u00d6kade f\u00f6ruts\u00e4ttningar att n\u00e5 m\u00e5len - Framtidens Karri\u00e4r \u2013 Grundskolel\u00e4rare\" \/>\n<meta property=\"og:description\" content=\"H\u00f6sten 2021 inf\u00f6rdes en ny skolenhetsorganisation i G\u00f6teborg som st\u00e4rker f\u00f6ruts\u00e4ttningarna f\u00f6r att leda det pedagogiska arbetet.\" \/>\n<meta property=\"og:url\" content=\"https:\/\/lararkarriar.se\/grundskola\/2021\/10\/12\/okade-forutsattningar-att-na-malen\/\" \/>\n<meta property=\"og:site_name\" content=\"Framtidens Karri\u00e4r \u2013 Grundskolel\u00e4rare\" \/>\n<meta property=\"article:published_time\" content=\"2021-10-12T13:41:05+00:00\" \/>\n<meta property=\"article:modified_time\" content=\"2021-10-12T13:41:07+00:00\" \/>\n<meta property=\"og:image\" content=\"https:\/\/lararkarriar.se\/grundskola\/wp-content\/uploads\/sites\/12\/2021\/10\/pedagarb-image005.jpg\" \/>\n\t<meta property=\"og:image:width\" content=\"1000\" \/>\n\t<meta property=\"og:image:height\" content=\"676\" \/>\n\t<meta property=\"og:image:type\" content=\"image\/jpeg\" \/>\n<meta name=\"author\" content=\"stellanstal\" \/>\n<meta name=\"twitter:card\" content=\"summary_large_image\" \/>\n<meta name=\"twitter:label1\" content=\"Skriven av\" \/>\n\t<meta name=\"twitter:data1\" content=\"stellanstal\" \/>\n\t<meta name=\"twitter:label2\" content=\"Ber\u00e4knad l\u00e4stid\" \/>\n\t<meta name=\"twitter:data2\" content=\"2 minuter\" \/>\n<script type=\"application\/ld+json\" class=\"yoast-schema-graph\">{\"@context\":\"https:\\\/\\\/schema.org\",\"@graph\":[{\"@type\":\"Article\",\"@id\":\"https:\\\/\\\/lararkarriar.se\\\/grundskola\\\/2021\\\/10\\\/12\\\/okade-forutsattningar-att-na-malen\\\/#article\",\"isPartOf\":{\"@id\":\"https:\\\/\\\/lararkarriar.se\\\/grundskola\\\/2021\\\/10\\\/12\\\/okade-forutsattningar-att-na-malen\\\/\"},\"author\":{\"name\":\"stellanstal\",\"@id\":\"https:\\\/\\\/lararkarriar.se\\\/grundskola\\\/#\\\/schema\\\/person\\\/c8a43eb855191e573b73ecf8987a3b99\"},\"headline\":\"\u00d6kade f\u00f6ruts\u00e4ttningar att n\u00e5 m\u00e5len\",\"datePublished\":\"2021-10-12T13:41:05+00:00\",\"dateModified\":\"2021-10-12T13:41:07+00:00\",\"mainEntityOfPage\":{\"@id\":\"https:\\\/\\\/lararkarriar.se\\\/grundskola\\\/2021\\\/10\\\/12\\\/okade-forutsattningar-att-na-malen\\\/\"},\"wordCount\":486,\"commentCount\":0,\"image\":{\"@id\":\"https:\\\/\\\/lararkarriar.se\\\/grundskola\\\/2021\\\/10\\\/12\\\/okade-forutsattningar-att-na-malen\\\/#primaryimage\"},\"thumbnailUrl\":\"https:\\\/\\\/lararkarriar.se\\\/grundskola\\\/wp-content\\\/uploads\\\/sites\\\/12\\\/2021\\\/10\\\/pedagarb-image005.jpg\",\"keywords\":[\"G\u00f6teborgs stad\",\"Organisationsarbete\"],\"articleSection\":[\"Artikel\"],\"inLanguage\":\"sv-SE\",\"potentialAction\":[{\"@type\":\"CommentAction\",\"name\":\"Comment\",\"target\":[\"https:\\\/\\\/lararkarriar.se\\\/grundskola\\\/2021\\\/10\\\/12\\\/okade-forutsattningar-att-na-malen\\\/#respond\"]}]},{\"@type\":\"WebPage\",\"@id\":\"https:\\\/\\\/lararkarriar.se\\\/grundskola\\\/2021\\\/10\\\/12\\\/okade-forutsattningar-att-na-malen\\\/\",\"url\":\"https:\\\/\\\/lararkarriar.se\\\/grundskola\\\/2021\\\/10\\\/12\\\/okade-forutsattningar-att-na-malen\\\/\",\"name\":\"\u00d6kade f\u00f6ruts\u00e4ttningar att n\u00e5 m\u00e5len - Framtidens Karri\u00e4r \u2013 Grundskolel\u00e4rare\",\"isPartOf\":{\"@id\":\"https:\\\/\\\/lararkarriar.se\\\/grundskola\\\/#website\"},\"primaryImageOfPage\":{\"@id\":\"https:\\\/\\\/lararkarriar.se\\\/grundskola\\\/2021\\\/10\\\/12\\\/okade-forutsattningar-att-na-malen\\\/#primaryimage\"},\"image\":{\"@id\":\"https:\\\/\\\/lararkarriar.se\\\/grundskola\\\/2021\\\/10\\\/12\\\/okade-forutsattningar-att-na-malen\\\/#primaryimage\"},\"thumbnailUrl\":\"https:\\\/\\\/lararkarriar.se\\\/grundskola\\\/wp-content\\\/uploads\\\/sites\\\/12\\\/2021\\\/10\\\/pedagarb-image005.jpg\",\"datePublished\":\"2021-10-12T13:41:05+00:00\",\"dateModified\":\"2021-10-12T13:41:07+00:00\",\"author\":{\"@id\":\"https:\\\/\\\/lararkarriar.se\\\/grundskola\\\/#\\\/schema\\\/person\\\/c8a43eb855191e573b73ecf8987a3b99\"},\"breadcrumb\":{\"@id\":\"https:\\\/\\\/lararkarriar.se\\\/grundskola\\\/2021\\\/10\\\/12\\\/okade-forutsattningar-att-na-malen\\\/#breadcrumb\"},\"inLanguage\":\"sv-SE\",\"potentialAction\":[{\"@type\":\"ReadAction\",\"target\":[\"https:\\\/\\\/lararkarriar.se\\\/grundskola\\\/2021\\\/10\\\/12\\\/okade-forutsattningar-att-na-malen\\\/\"]}]},{\"@type\":\"ImageObject\",\"inLanguage\":\"sv-SE\",\"@id\":\"https:\\\/\\\/lararkarriar.se\\\/grundskola\\\/2021\\\/10\\\/12\\\/okade-forutsattningar-att-na-malen\\\/#primaryimage\",\"url\":\"https:\\\/\\\/lararkarriar.se\\\/grundskola\\\/wp-content\\\/uploads\\\/sites\\\/12\\\/2021\\\/10\\\/pedagarb-image005.jpg\",\"contentUrl\":\"https:\\\/\\\/lararkarriar.se\\\/grundskola\\\/wp-content\\\/uploads\\\/sites\\\/12\\\/2021\\\/10\\\/pedagarb-image005.jpg\",\"width\":1000,\"height\":676},{\"@type\":\"BreadcrumbList\",\"@id\":\"https:\\\/\\\/lararkarriar.se\\\/grundskola\\\/2021\\\/10\\\/12\\\/okade-forutsattningar-att-na-malen\\\/#breadcrumb\",\"itemListElement\":[{\"@type\":\"ListItem\",\"position\":1,\"name\":\"Home\",\"item\":\"https:\\\/\\\/lararkarriar.se\\\/grundskola\\\/\"},{\"@type\":\"ListItem\",\"position\":2,\"name\":\"\u00d6kade f\u00f6ruts\u00e4ttningar att n\u00e5 m\u00e5len\"}]},{\"@type\":\"WebSite\",\"@id\":\"https:\\\/\\\/lararkarriar.se\\\/grundskola\\\/#website\",\"url\":\"https:\\\/\\\/lararkarriar.se\\\/grundskola\\\/\",\"name\":\"Framtidens Karri\u00e4r \u2013 Grundskolel\u00e4rare\",\"description\":\"Just another NMDashboard.se Sites site\",\"potentialAction\":[{\"@type\":\"SearchAction\",\"target\":{\"@type\":\"EntryPoint\",\"urlTemplate\":\"https:\\\/\\\/lararkarriar.se\\\/grundskola\\\/?s={search_term_string}\"},\"query-input\":{\"@type\":\"PropertyValueSpecification\",\"valueRequired\":true,\"valueName\":\"search_term_string\"}}],\"inLanguage\":\"sv-SE\"},{\"@type\":\"Person\",\"@id\":\"https:\\\/\\\/lararkarriar.se\\\/grundskola\\\/#\\\/schema\\\/person\\\/c8a43eb855191e573b73ecf8987a3b99\",\"name\":\"stellanstal\",\"image\":{\"@type\":\"ImageObject\",\"inLanguage\":\"sv-SE\",\"@id\":\"https:\\\/\\\/secure.gravatar.com\\\/avatar\\\/cd330fa6bb17f598124b2068ee0b189e4fe0987a50af9d53b78410836060d0c9?s=96&d=mm&r=g\",\"url\":\"https:\\\/\\\/secure.gravatar.com\\\/avatar\\\/cd330fa6bb17f598124b2068ee0b189e4fe0987a50af9d53b78410836060d0c9?s=96&d=mm&r=g\",\"contentUrl\":\"https:\\\/\\\/secure.gravatar.com\\\/avatar\\\/cd330fa6bb17f598124b2068ee0b189e4fe0987a50af9d53b78410836060d0c9?s=96&d=mm&r=g\",\"caption\":\"stellanstal\"},\"url\":\"https:\\\/\\\/lararkarriar.se\\\/grundskola\\\/author\\\/stellanstal\\\/\"}]}<\/script>\n<!-- \/ Yoast SEO plugin. -->","yoast_head_json":{"title":"\u00d6kade f\u00f6ruts\u00e4ttningar att n\u00e5 m\u00e5len - Framtidens Karri\u00e4r \u2013 Grundskolel\u00e4rare","robots":{"index":"index","follow":"follow","max-snippet":"max-snippet:-1","max-image-preview":"max-image-preview:large","max-video-preview":"max-video-preview:-1"},"canonical":"https:\/\/lararkarriar.se\/grundskola\/2021\/10\/12\/okade-forutsattningar-att-na-malen\/","og_locale":"sv_SE","og_type":"article","og_title":"\u00d6kade f\u00f6ruts\u00e4ttningar att n\u00e5 m\u00e5len - Framtidens Karri\u00e4r \u2013 Grundskolel\u00e4rare","og_description":"H\u00f6sten 2021 inf\u00f6rdes en ny skolenhetsorganisation i G\u00f6teborg som st\u00e4rker f\u00f6ruts\u00e4ttningarna f\u00f6r att leda det pedagogiska arbetet.","og_url":"https:\/\/lararkarriar.se\/grundskola\/2021\/10\/12\/okade-forutsattningar-att-na-malen\/","og_site_name":"Framtidens Karri\u00e4r \u2013 Grundskolel\u00e4rare","article_published_time":"2021-10-12T13:41:05+00:00","article_modified_time":"2021-10-12T13:41:07+00:00","og_image":[{"width":1000,"height":676,"url":"https:\/\/lararkarriar.se\/grundskola\/wp-content\/uploads\/sites\/12\/2021\/10\/pedagarb-image005.jpg","type":"image\/jpeg"}],"author":"stellanstal","twitter_card":"summary_large_image","twitter_misc":{"Skriven av":"stellanstal","Ber\u00e4knad l\u00e4stid":"2 minuter"},"schema":{"@context":"https:\/\/schema.org","@graph":[{"@type":"Article","@id":"https:\/\/lararkarriar.se\/grundskola\/2021\/10\/12\/okade-forutsattningar-att-na-malen\/#article","isPartOf":{"@id":"https:\/\/lararkarriar.se\/grundskola\/2021\/10\/12\/okade-forutsattningar-att-na-malen\/"},"author":{"name":"stellanstal","@id":"https:\/\/lararkarriar.se\/grundskola\/#\/schema\/person\/c8a43eb855191e573b73ecf8987a3b99"},"headline":"\u00d6kade f\u00f6ruts\u00e4ttningar att n\u00e5 m\u00e5len","datePublished":"2021-10-12T13:41:05+00:00","dateModified":"2021-10-12T13:41:07+00:00","mainEntityOfPage":{"@id":"https:\/\/lararkarriar.se\/grundskola\/2021\/10\/12\/okade-forutsattningar-att-na-malen\/"},"wordCount":486,"commentCount":0,"image":{"@id":"https:\/\/lararkarriar.se\/grundskola\/2021\/10\/12\/okade-forutsattningar-att-na-malen\/#primaryimage"},"thumbnailUrl":"https:\/\/lararkarriar.se\/grundskola\/wp-content\/uploads\/sites\/12\/2021\/10\/pedagarb-image005.jpg","keywords":["G\u00f6teborgs stad","Organisationsarbete"],"articleSection":["Artikel"],"inLanguage":"sv-SE","potentialAction":[{"@type":"CommentAction","name":"Comment","target":["https:\/\/lararkarriar.se\/grundskola\/2021\/10\/12\/okade-forutsattningar-att-na-malen\/#respond"]}]},{"@type":"WebPage","@id":"https:\/\/lararkarriar.se\/grundskola\/2021\/10\/12\/okade-forutsattningar-att-na-malen\/","url":"https:\/\/lararkarriar.se\/grundskola\/2021\/10\/12\/okade-forutsattningar-att-na-malen\/","name":"\u00d6kade f\u00f6ruts\u00e4ttningar att n\u00e5 m\u00e5len - Framtidens Karri\u00e4r \u2013 Grundskolel\u00e4rare","isPartOf":{"@id":"https:\/\/lararkarriar.se\/grundskola\/#website"},"primaryImageOfPage":{"@id":"https:\/\/lararkarriar.se\/grundskola\/2021\/10\/12\/okade-forutsattningar-att-na-malen\/#primaryimage"},"image":{"@id":"https:\/\/lararkarriar.se\/grundskola\/2021\/10\/12\/okade-forutsattningar-att-na-malen\/#primaryimage"},"thumbnailUrl":"https:\/\/lararkarriar.se\/grundskola\/wp-content\/uploads\/sites\/12\/2021\/10\/pedagarb-image005.jpg","datePublished":"2021-10-12T13:41:05+00:00","dateModified":"2021-10-12T13:41:07+00:00","author":{"@id":"https:\/\/lararkarriar.se\/grundskola\/#\/schema\/person\/c8a43eb855191e573b73ecf8987a3b99"},"breadcrumb":{"@id":"https:\/\/lararkarriar.se\/grundskola\/2021\/10\/12\/okade-forutsattningar-att-na-malen\/#breadcrumb"},"inLanguage":"sv-SE","potentialAction":[{"@type":"ReadAction","target":["https:\/\/lararkarriar.se\/grundskola\/2021\/10\/12\/okade-forutsattningar-att-na-malen\/"]}]},{"@type":"ImageObject","inLanguage":"sv-SE","@id":"https:\/\/lararkarriar.se\/grundskola\/2021\/10\/12\/okade-forutsattningar-att-na-malen\/#primaryimage","url":"https:\/\/lararkarriar.se\/grundskola\/wp-content\/uploads\/sites\/12\/2021\/10\/pedagarb-image005.jpg","contentUrl":"https:\/\/lararkarriar.se\/grundskola\/wp-content\/uploads\/sites\/12\/2021\/10\/pedagarb-image005.jpg","width":1000,"height":676},{"@type":"BreadcrumbList","@id":"https:\/\/lararkarriar.se\/grundskola\/2021\/10\/12\/okade-forutsattningar-att-na-malen\/#breadcrumb","itemListElement":[{"@type":"ListItem","position":1,"name":"Home","item":"https:\/\/lararkarriar.se\/grundskola\/"},{"@type":"ListItem","position":2,"name":"\u00d6kade f\u00f6ruts\u00e4ttningar att n\u00e5 m\u00e5len"}]},{"@type":"WebSite","@id":"https:\/\/lararkarriar.se\/grundskola\/#website","url":"https:\/\/lararkarriar.se\/grundskola\/","name":"Framtidens Karri\u00e4r \u2013 Grundskolel\u00e4rare","description":"Just another NMDashboard.se Sites site","potentialAction":[{"@type":"SearchAction","target":{"@type":"EntryPoint","urlTemplate":"https:\/\/lararkarriar.se\/grundskola\/?s={search_term_string}"},"query-input":{"@type":"PropertyValueSpecification","valueRequired":true,"valueName":"search_term_string"}}],"inLanguage":"sv-SE"},{"@type":"Person","@id":"https:\/\/lararkarriar.se\/grundskola\/#\/schema\/person\/c8a43eb855191e573b73ecf8987a3b99","name":"stellanstal","image":{"@type":"ImageObject","inLanguage":"sv-SE","@id":"https:\/\/secure.gravatar.com\/avatar\/cd330fa6bb17f598124b2068ee0b189e4fe0987a50af9d53b78410836060d0c9?s=96&d=mm&r=g","url":"https:\/\/secure.gravatar.com\/avatar\/cd330fa6bb17f598124b2068ee0b189e4fe0987a50af9d53b78410836060d0c9?s=96&d=mm&r=g","contentUrl":"https:\/\/secure.gravatar.com\/avatar\/cd330fa6bb17f598124b2068ee0b189e4fe0987a50af9d53b78410836060d0c9?s=96&d=mm&r=g","caption":"stellanstal"},"url":"https:\/\/lararkarriar.se\/grundskola\/author\/stellanstal\/"}]}},"_links":{"self":[{"href":"https:\/\/lararkarriar.se\/grundskola\/wp-json\/wp\/v2\/posts\/7511","targetHints":{"allow":["GET"]}}],"collection":[{"href":"https:\/\/lararkarriar.se\/grundskola\/wp-json\/wp\/v2\/posts"}],"about":[{"href":"https:\/\/lararkarriar.se\/grundskola\/wp-json\/wp\/v2\/types\/post"}],"author":[{"embeddable":true,"href":"https:\/\/lararkarriar.se\/grundskola\/wp-json\/wp\/v2\/users\/3"}],"replies":[{"embeddable":true,"href":"https:\/\/lararkarriar.se\/grundskola\/wp-json\/wp\/v2\/comments?post=7511"}],"version-history":[{"count":3,"href":"https:\/\/lararkarriar.se\/grundskola\/wp-json\/wp\/v2\/posts\/7511\/revisions"}],"predecessor-version":[{"id":7516,"href":"https:\/\/lararkarriar.se\/grundskola\/wp-json\/wp\/v2\/posts\/7511\/revisions\/7516"}],"wp:featuredmedia":[{"embeddable":true,"href":"https:\/\/lararkarriar.se\/grundskola\/wp-json\/wp\/v2\/media\/7512"}],"wp:attachment":[{"href":"https:\/\/lararkarriar.se\/grundskola\/wp-json\/wp\/v2\/media?parent=7511"}],"wp:term":[{"taxonomy":"category","embeddable":true,"href":"https:\/\/lararkarriar.se\/grundskola\/wp-json\/wp\/v2\/categories?post=7511"},{"taxonomy":"post_tag","embeddable":true,"href":"https:\/\/lararkarriar.se\/grundskola\/wp-json\/wp\/v2\/tags?post=7511"}],"curies":[{"name":"wp","href":"https:\/\/api.w.org\/{rel}","templated":true}]}}