{"id":7542,"date":"2021-10-12T14:16:36","date_gmt":"2021-10-12T14:16:36","guid":{"rendered":"https:\/\/lararkarriar.se\/grundskola\/?p=7542"},"modified":"2021-10-13T09:45:38","modified_gmt":"2021-10-13T09:45:38","slug":"post-coronastrategi-kan-minska-kunskapstappet","status":"publish","type":"post","link":"https:\/\/lararkarriar.se\/grundskola\/2021\/10\/12\/post-coronastrategi-kan-minska-kunskapstappet\/","title":{"rendered":"Post-coronastrategi kan minska kunskapstappet"},"content":{"rendered":"\n<figure class=\"wp-block-image size-full\"><img loading=\"lazy\" decoding=\"async\" width=\"1000\" height=\"651\" src=\"https:\/\/lararkarriar.se\/grundskola\/wp-content\/uploads\/sites\/12\/2021\/10\/postcorona-johanna-jaara-astrand-08.jpg\" alt=\"\" class=\"wp-image-7544\" srcset=\"https:\/\/lararkarriar.se\/grundskola\/wp-content\/uploads\/sites\/12\/2021\/10\/postcorona-johanna-jaara-astrand-08.jpg 1000w, https:\/\/lararkarriar.se\/grundskola\/wp-content\/uploads\/sites\/12\/2021\/10\/postcorona-johanna-jaara-astrand-08-300x195.jpg 300w, https:\/\/lararkarriar.se\/grundskola\/wp-content\/uploads\/sites\/12\/2021\/10\/postcorona-johanna-jaara-astrand-08-768x500.jpg 768w, https:\/\/lararkarriar.se\/grundskola\/wp-content\/uploads\/sites\/12\/2021\/10\/postcorona-johanna-jaara-astrand-08-246x160.jpg 246w, https:\/\/lararkarriar.se\/grundskola\/wp-content\/uploads\/sites\/12\/2021\/10\/postcorona-johanna-jaara-astrand-08-526x342.jpg 526w, https:\/\/lararkarriar.se\/grundskola\/wp-content\/uploads\/sites\/12\/2021\/10\/postcorona-johanna-jaara-astrand-08-720x469.jpg 720w, https:\/\/lararkarriar.se\/grundskola\/wp-content\/uploads\/sites\/12\/2021\/10\/postcorona-johanna-jaara-astrand-08-960x625.jpg 960w\" sizes=\"auto, (max-width: 1000px) 100vw, 1000px\" \/><figcaption>Johanna Jaara \u00c5strand, ordf\u00f6rande i L\u00e4rarf\u00f6rbundet. Foto: Izabelle Nordfjell<\/figcaption><\/figure>\n\n\n\n<p><strong>Coronapandemin har haft stor p\u00e5verkan p\u00e5 elevers kunskapsutveckling och sociala utveckling. I m\u00e5nga fall handlar det om ett stort kunskapstapp som kommer att ta l\u00e5ng tid att ta igen. L\u00e4rarf\u00f6rbundets ordf\u00f6rande Johanna Jaara \u00c5strand efterlyser d\u00e4rf\u00f6r en konsekvent och kraftfull post-coronastrategi f\u00f6r grundskolan.<\/strong><\/p>\n\n\n\n<p>M\u00e5nga l\u00e4rare vittnar om att det varit betydligt sv\u00e5rare att fullf\u00f6lja skolans kunskapsuppdrag, och sociala och v\u00e4rdegrundbaserade uppdrag under pandemin. M\u00e5nga uppger att omst\u00e4llningen till digital undervisning har medf\u00f6rt dubbelarbete, och att det digitala formatet ofta upplevs som otillr\u00e4ckligt f\u00f6r att bedriva undervisning enligt m\u00e5len.<br>\u2013 Det saknas en helhetsbild av pandemins effekter p\u00e5 eleverna, men vi vet att sjukfr\u00e5nvaron bland b\u00e5de elever och l\u00e4rare har varit h\u00f6g under hela pandemin. Att m\u00e5nga skolor tvingats \u00f6verg\u00e5 till distansundervisning har missgynnat i synnerhet elever i behov av specialpedagogiskt st\u00f6d och elever med ogynnsamma hemf\u00f6rh\u00e5llanden, som har det sv\u00e5rt att studera p\u00e5 distans, s\u00e4ger Johanna Jaara \u00c5strand, ordf\u00f6rande i L\u00e4rarf\u00f6rbundet.<br>\u2013 Politikerna beh\u00f6ver inse att vi har en slutk\u00f6rd l\u00e4rark\u00e5r som beh\u00f6ver avlastas och att det inte finns n\u00e5gon quick fix f\u00f6r att komma till r\u00e4tta med elevernas kunskapstapp under pandemin. Politikerna beh\u00f6ver helt enkelt skjuta till extra resurser som g\u00f6r att de elevbehov som halkat efter i ett drygt \u00e5rs tid kan tillgodoses p\u00e5 sikt. Man b\u00f6r allts\u00e5 vara inst\u00e4lld p\u00e5 att det kommer att ta tid, s\u00e4ger Johanna Jaara \u00c5strand.<\/p>\n\n\n\n<blockquote class=\"wp-block-quote is-layout-flow wp-block-quote-is-layout-flow\"><p>&#8221;Politikerna beh\u00f6ver inse att vi har en slutk\u00f6rd l\u00e4rark\u00e5r som beh\u00f6ver avlastas och att det inte finns n\u00e5gon quick fix.&#8221;<\/p><\/blockquote>\n\n\n\n<p><strong>Specialpedagogiskt st\u00f6d<\/strong><br>Hon betonar att coronapandemin har f\u00f6rst\u00e4rkt och tydliggjort effekterna av m\u00e5nga av de brister som var uppenbara i skolan \u00e4ven innan pandemin: l\u00e4rarbrist och bristf\u00e4llig resurstilldelning. M\u00e5nga kommuner har successivt skurit ner p\u00e5 skolan under m\u00e5nga \u00e5rs tid. Coronapandemin \u00e4r ett bra tillf\u00e4lle att v\u00e4nda trenden och i st\u00e4llet investera l\u00e5ngsiktigt i l\u00e4rares och elevers v\u00e4lbefinnande.<br>\u2013 I grundskolan beh\u00f6ver man ge specialpedagogiskt st\u00f6d till alla elever som \u00e4r i behov av det. Ytterligare en viktig \u00e5tg\u00e4rd i en post-corona-strategi \u00e4r att ut\u00f6ka det st\u00f6d som s\u00e4kerst\u00e4ller att l\u00e4rarna f\u00e5r \u00e4gna sig mer \u00e5t undervisning och mindre \u00e5t administration som inte direkt kan h\u00e4rledas till elevernas pedagogiska utveckling. Nu \u00e4r det mer angel\u00e4get \u00e4n n\u00e5gonsin att minska l\u00e4rarnas administrativa b\u00f6rda, s\u00e4ger Johanna Jaara \u00c5strand.<\/p>\n\n\n\n<p><strong>F\u00f6rst\u00e4rkta elevh\u00e4lsov\u00e5rdsteam<\/strong><br>Ytterligare en viktig \u00e5tg\u00e4rd efter pandemin \u00e4r att f\u00f6rst\u00e4rka elevh\u00e4lsov\u00e5rdsteamen. Tillg\u00e5ngen till elevh\u00e4lsa varierar i dagsl\u00e4get stort mellan olika skolor och kommuner. Johanna Jaara \u00c5strand anser att kommunerna beh\u00f6ver skjuta till ordentliga resurser redan i h\u00f6stbudgeten f\u00f6r en f\u00f6rst\u00e4rkt elevh\u00e4lsa, inte minst med tanke p\u00e5 att den psykiska oh\u00e4lsan bland barn och unga tycks ha \u00f6kat under pandemin.<br>\u2013 Vi ser ocks\u00e5 ett \u00f6kat behov av andra yrkeskategorier, exempelvis elev\u00adassistenter och socialpedagoger, som kan st\u00f6tta eleverna och bidra till en bra skolmilj\u00f6 \u00e4ven mellan lektionerna. Ett \u00f6vergripande budskap \u00e4r att det inte g\u00e5r att spara sig ur det h\u00e4r kunskapstappet. De investeringar kommunerna g\u00f6r i k\u00f6lvattnet av coronapandemin \u00e4r l\u00e5ngsiktiga investeringar i elevernas framtidsf\u00f6ruts\u00e4ttningar, s\u00e4ger Johanna Jaara \u00c5strand.<\/p>\n","protected":false},"excerpt":{"rendered":"<p>Coronapandemin har haft stor p\u00e5verkan p\u00e5 elevers kunskaps&shy;utveckling och sociala utveckling. L\u00e4rarf\u00f6rbundets ordf\u00f6rande Johanna Jaara \u00c5strand efterlyser d\u00e4rf\u00f6r en konsekvent och kraftfull post-coronastrategi f\u00f6r grundskolan.<\/p>\n","protected":false},"author":3,"featured_media":7544,"comment_status":"open","ping_status":"open","sticky":false,"template":"","format":"standard","meta":{"_acf_changed":false,"_monsterinsights_skip_tracking":false,"_monsterinsights_sitenote_active":false,"_monsterinsights_sitenote_note":"","_monsterinsights_sitenote_category":0,"footnotes":""},"categories":[1],"tags":[486,204],"class_list":["post-7542","post","type-post","status-publish","format-standard","has-post-thumbnail","hentry","category-artikel","tag-coronapandemin","tag-lararforbundet"],"acf":[],"yoast_head":"<!-- This site is optimized with the Yoast SEO plugin v27.3 - https:\/\/yoast.com\/product\/yoast-seo-wordpress\/ -->\n<title>Post-coronastrategi kan minska kunskapstappet - Framtidens Karri\u00e4r \u2013 Grundskolel\u00e4rare<\/title>\n<meta name=\"robots\" content=\"index, follow, max-snippet:-1, max-image-preview:large, max-video-preview:-1\" \/>\n<link rel=\"canonical\" href=\"https:\/\/lararkarriar.se\/grundskola\/2021\/10\/12\/post-coronastrategi-kan-minska-kunskapstappet\/\" \/>\n<meta property=\"og:locale\" content=\"sv_SE\" \/>\n<meta property=\"og:type\" content=\"article\" \/>\n<meta property=\"og:title\" content=\"Post-coronastrategi kan minska kunskapstappet - Framtidens Karri\u00e4r \u2013 Grundskolel\u00e4rare\" \/>\n<meta property=\"og:description\" content=\"Coronapandemin har haft stor p\u00e5verkan p\u00e5 elevers kunskaps&shy;utveckling och sociala utveckling. L\u00e4rarf\u00f6rbundets ordf\u00f6rande Johanna Jaara \u00c5strand efterlyser d\u00e4rf\u00f6r en konsekvent och kraftfull post-coronastrategi f\u00f6r grundskolan.\" \/>\n<meta property=\"og:url\" content=\"https:\/\/lararkarriar.se\/grundskola\/2021\/10\/12\/post-coronastrategi-kan-minska-kunskapstappet\/\" \/>\n<meta property=\"og:site_name\" content=\"Framtidens Karri\u00e4r \u2013 Grundskolel\u00e4rare\" \/>\n<meta property=\"article:published_time\" content=\"2021-10-12T14:16:36+00:00\" \/>\n<meta property=\"article:modified_time\" content=\"2021-10-13T09:45:38+00:00\" \/>\n<meta property=\"og:image\" content=\"https:\/\/lararkarriar.se\/grundskola\/wp-content\/uploads\/sites\/12\/2021\/10\/postcorona-johanna-jaara-astrand-08.jpg\" \/>\n\t<meta property=\"og:image:width\" content=\"1000\" \/>\n\t<meta property=\"og:image:height\" content=\"651\" \/>\n\t<meta property=\"og:image:type\" content=\"image\/jpeg\" \/>\n<meta name=\"author\" content=\"stellanstal\" \/>\n<meta name=\"twitter:card\" content=\"summary_large_image\" \/>\n<meta name=\"twitter:label1\" content=\"Skriven av\" \/>\n\t<meta name=\"twitter:data1\" content=\"stellanstal\" \/>\n\t<meta name=\"twitter:label2\" content=\"Ber\u00e4knad l\u00e4stid\" \/>\n\t<meta name=\"twitter:data2\" content=\"3 minuter\" \/>\n<script type=\"application\/ld+json\" class=\"yoast-schema-graph\">{\"@context\":\"https:\\\/\\\/schema.org\",\"@graph\":[{\"@type\":\"Article\",\"@id\":\"https:\\\/\\\/lararkarriar.se\\\/grundskola\\\/2021\\\/10\\\/12\\\/post-coronastrategi-kan-minska-kunskapstappet\\\/#article\",\"isPartOf\":{\"@id\":\"https:\\\/\\\/lararkarriar.se\\\/grundskola\\\/2021\\\/10\\\/12\\\/post-coronastrategi-kan-minska-kunskapstappet\\\/\"},\"author\":{\"name\":\"stellanstal\",\"@id\":\"https:\\\/\\\/lararkarriar.se\\\/grundskola\\\/#\\\/schema\\\/person\\\/c8a43eb855191e573b73ecf8987a3b99\"},\"headline\":\"Post-coronastrategi kan minska kunskapstappet\",\"datePublished\":\"2021-10-12T14:16:36+00:00\",\"dateModified\":\"2021-10-13T09:45:38+00:00\",\"mainEntityOfPage\":{\"@id\":\"https:\\\/\\\/lararkarriar.se\\\/grundskola\\\/2021\\\/10\\\/12\\\/post-coronastrategi-kan-minska-kunskapstappet\\\/\"},\"wordCount\":611,\"commentCount\":0,\"image\":{\"@id\":\"https:\\\/\\\/lararkarriar.se\\\/grundskola\\\/2021\\\/10\\\/12\\\/post-coronastrategi-kan-minska-kunskapstappet\\\/#primaryimage\"},\"thumbnailUrl\":\"https:\\\/\\\/lararkarriar.se\\\/grundskola\\\/wp-content\\\/uploads\\\/sites\\\/12\\\/2021\\\/10\\\/postcorona-johanna-jaara-astrand-08.jpg\",\"keywords\":[\"Coronapandemin\",\"L\u00e4rarf\u00f6rbundet\"],\"articleSection\":[\"Artikel\"],\"inLanguage\":\"sv-SE\",\"potentialAction\":[{\"@type\":\"CommentAction\",\"name\":\"Comment\",\"target\":[\"https:\\\/\\\/lararkarriar.se\\\/grundskola\\\/2021\\\/10\\\/12\\\/post-coronastrategi-kan-minska-kunskapstappet\\\/#respond\"]}]},{\"@type\":\"WebPage\",\"@id\":\"https:\\\/\\\/lararkarriar.se\\\/grundskola\\\/2021\\\/10\\\/12\\\/post-coronastrategi-kan-minska-kunskapstappet\\\/\",\"url\":\"https:\\\/\\\/lararkarriar.se\\\/grundskola\\\/2021\\\/10\\\/12\\\/post-coronastrategi-kan-minska-kunskapstappet\\\/\",\"name\":\"Post-coronastrategi kan minska kunskapstappet - Framtidens Karri\u00e4r \u2013 Grundskolel\u00e4rare\",\"isPartOf\":{\"@id\":\"https:\\\/\\\/lararkarriar.se\\\/grundskola\\\/#website\"},\"primaryImageOfPage\":{\"@id\":\"https:\\\/\\\/lararkarriar.se\\\/grundskola\\\/2021\\\/10\\\/12\\\/post-coronastrategi-kan-minska-kunskapstappet\\\/#primaryimage\"},\"image\":{\"@id\":\"https:\\\/\\\/lararkarriar.se\\\/grundskola\\\/2021\\\/10\\\/12\\\/post-coronastrategi-kan-minska-kunskapstappet\\\/#primaryimage\"},\"thumbnailUrl\":\"https:\\\/\\\/lararkarriar.se\\\/grundskola\\\/wp-content\\\/uploads\\\/sites\\\/12\\\/2021\\\/10\\\/postcorona-johanna-jaara-astrand-08.jpg\",\"datePublished\":\"2021-10-12T14:16:36+00:00\",\"dateModified\":\"2021-10-13T09:45:38+00:00\",\"author\":{\"@id\":\"https:\\\/\\\/lararkarriar.se\\\/grundskola\\\/#\\\/schema\\\/person\\\/c8a43eb855191e573b73ecf8987a3b99\"},\"breadcrumb\":{\"@id\":\"https:\\\/\\\/lararkarriar.se\\\/grundskola\\\/2021\\\/10\\\/12\\\/post-coronastrategi-kan-minska-kunskapstappet\\\/#breadcrumb\"},\"inLanguage\":\"sv-SE\",\"potentialAction\":[{\"@type\":\"ReadAction\",\"target\":[\"https:\\\/\\\/lararkarriar.se\\\/grundskola\\\/2021\\\/10\\\/12\\\/post-coronastrategi-kan-minska-kunskapstappet\\\/\"]}]},{\"@type\":\"ImageObject\",\"inLanguage\":\"sv-SE\",\"@id\":\"https:\\\/\\\/lararkarriar.se\\\/grundskola\\\/2021\\\/10\\\/12\\\/post-coronastrategi-kan-minska-kunskapstappet\\\/#primaryimage\",\"url\":\"https:\\\/\\\/lararkarriar.se\\\/grundskola\\\/wp-content\\\/uploads\\\/sites\\\/12\\\/2021\\\/10\\\/postcorona-johanna-jaara-astrand-08.jpg\",\"contentUrl\":\"https:\\\/\\\/lararkarriar.se\\\/grundskola\\\/wp-content\\\/uploads\\\/sites\\\/12\\\/2021\\\/10\\\/postcorona-johanna-jaara-astrand-08.jpg\",\"width\":1000,\"height\":651,\"caption\":\"Johanna Jaara \u00c5strand ordf\u00f6rande L\u00e4rarf\u00f6rbundet. Fotograferat vid och i Nolaskolan i \u00d6rnsk\u00f6ldsvik Foto: Izabelle Nordfjell\"},{\"@type\":\"BreadcrumbList\",\"@id\":\"https:\\\/\\\/lararkarriar.se\\\/grundskola\\\/2021\\\/10\\\/12\\\/post-coronastrategi-kan-minska-kunskapstappet\\\/#breadcrumb\",\"itemListElement\":[{\"@type\":\"ListItem\",\"position\":1,\"name\":\"Home\",\"item\":\"https:\\\/\\\/lararkarriar.se\\\/grundskola\\\/\"},{\"@type\":\"ListItem\",\"position\":2,\"name\":\"Post-coronastrategi kan minska kunskapstappet\"}]},{\"@type\":\"WebSite\",\"@id\":\"https:\\\/\\\/lararkarriar.se\\\/grundskola\\\/#website\",\"url\":\"https:\\\/\\\/lararkarriar.se\\\/grundskola\\\/\",\"name\":\"Framtidens Karri\u00e4r \u2013 Grundskolel\u00e4rare\",\"description\":\"Just another NMDashboard.se Sites site\",\"potentialAction\":[{\"@type\":\"SearchAction\",\"target\":{\"@type\":\"EntryPoint\",\"urlTemplate\":\"https:\\\/\\\/lararkarriar.se\\\/grundskola\\\/?s={search_term_string}\"},\"query-input\":{\"@type\":\"PropertyValueSpecification\",\"valueRequired\":true,\"valueName\":\"search_term_string\"}}],\"inLanguage\":\"sv-SE\"},{\"@type\":\"Person\",\"@id\":\"https:\\\/\\\/lararkarriar.se\\\/grundskola\\\/#\\\/schema\\\/person\\\/c8a43eb855191e573b73ecf8987a3b99\",\"name\":\"stellanstal\",\"image\":{\"@type\":\"ImageObject\",\"inLanguage\":\"sv-SE\",\"@id\":\"https:\\\/\\\/secure.gravatar.com\\\/avatar\\\/cd330fa6bb17f598124b2068ee0b189e4fe0987a50af9d53b78410836060d0c9?s=96&d=mm&r=g\",\"url\":\"https:\\\/\\\/secure.gravatar.com\\\/avatar\\\/cd330fa6bb17f598124b2068ee0b189e4fe0987a50af9d53b78410836060d0c9?s=96&d=mm&r=g\",\"contentUrl\":\"https:\\\/\\\/secure.gravatar.com\\\/avatar\\\/cd330fa6bb17f598124b2068ee0b189e4fe0987a50af9d53b78410836060d0c9?s=96&d=mm&r=g\",\"caption\":\"stellanstal\"},\"url\":\"https:\\\/\\\/lararkarriar.se\\\/grundskola\\\/author\\\/stellanstal\\\/\"}]}<\/script>\n<!-- \/ Yoast SEO plugin. -->","yoast_head_json":{"title":"Post-coronastrategi kan minska kunskapstappet - Framtidens Karri\u00e4r \u2013 Grundskolel\u00e4rare","robots":{"index":"index","follow":"follow","max-snippet":"max-snippet:-1","max-image-preview":"max-image-preview:large","max-video-preview":"max-video-preview:-1"},"canonical":"https:\/\/lararkarriar.se\/grundskola\/2021\/10\/12\/post-coronastrategi-kan-minska-kunskapstappet\/","og_locale":"sv_SE","og_type":"article","og_title":"Post-coronastrategi kan minska kunskapstappet - Framtidens Karri\u00e4r \u2013 Grundskolel\u00e4rare","og_description":"Coronapandemin har haft stor p\u00e5verkan p\u00e5 elevers kunskaps&shy;utveckling och sociala utveckling. L\u00e4rarf\u00f6rbundets ordf\u00f6rande Johanna Jaara \u00c5strand efterlyser d\u00e4rf\u00f6r en konsekvent och kraftfull post-coronastrategi f\u00f6r grundskolan.","og_url":"https:\/\/lararkarriar.se\/grundskola\/2021\/10\/12\/post-coronastrategi-kan-minska-kunskapstappet\/","og_site_name":"Framtidens Karri\u00e4r \u2013 Grundskolel\u00e4rare","article_published_time":"2021-10-12T14:16:36+00:00","article_modified_time":"2021-10-13T09:45:38+00:00","og_image":[{"width":1000,"height":651,"url":"https:\/\/lararkarriar.se\/grundskola\/wp-content\/uploads\/sites\/12\/2021\/10\/postcorona-johanna-jaara-astrand-08.jpg","type":"image\/jpeg"}],"author":"stellanstal","twitter_card":"summary_large_image","twitter_misc":{"Skriven av":"stellanstal","Ber\u00e4knad l\u00e4stid":"3 minuter"},"schema":{"@context":"https:\/\/schema.org","@graph":[{"@type":"Article","@id":"https:\/\/lararkarriar.se\/grundskola\/2021\/10\/12\/post-coronastrategi-kan-minska-kunskapstappet\/#article","isPartOf":{"@id":"https:\/\/lararkarriar.se\/grundskola\/2021\/10\/12\/post-coronastrategi-kan-minska-kunskapstappet\/"},"author":{"name":"stellanstal","@id":"https:\/\/lararkarriar.se\/grundskola\/#\/schema\/person\/c8a43eb855191e573b73ecf8987a3b99"},"headline":"Post-coronastrategi kan minska kunskapstappet","datePublished":"2021-10-12T14:16:36+00:00","dateModified":"2021-10-13T09:45:38+00:00","mainEntityOfPage":{"@id":"https:\/\/lararkarriar.se\/grundskola\/2021\/10\/12\/post-coronastrategi-kan-minska-kunskapstappet\/"},"wordCount":611,"commentCount":0,"image":{"@id":"https:\/\/lararkarriar.se\/grundskola\/2021\/10\/12\/post-coronastrategi-kan-minska-kunskapstappet\/#primaryimage"},"thumbnailUrl":"https:\/\/lararkarriar.se\/grundskola\/wp-content\/uploads\/sites\/12\/2021\/10\/postcorona-johanna-jaara-astrand-08.jpg","keywords":["Coronapandemin","L\u00e4rarf\u00f6rbundet"],"articleSection":["Artikel"],"inLanguage":"sv-SE","potentialAction":[{"@type":"CommentAction","name":"Comment","target":["https:\/\/lararkarriar.se\/grundskola\/2021\/10\/12\/post-coronastrategi-kan-minska-kunskapstappet\/#respond"]}]},{"@type":"WebPage","@id":"https:\/\/lararkarriar.se\/grundskola\/2021\/10\/12\/post-coronastrategi-kan-minska-kunskapstappet\/","url":"https:\/\/lararkarriar.se\/grundskola\/2021\/10\/12\/post-coronastrategi-kan-minska-kunskapstappet\/","name":"Post-coronastrategi kan minska kunskapstappet - Framtidens Karri\u00e4r \u2013 Grundskolel\u00e4rare","isPartOf":{"@id":"https:\/\/lararkarriar.se\/grundskola\/#website"},"primaryImageOfPage":{"@id":"https:\/\/lararkarriar.se\/grundskola\/2021\/10\/12\/post-coronastrategi-kan-minska-kunskapstappet\/#primaryimage"},"image":{"@id":"https:\/\/lararkarriar.se\/grundskola\/2021\/10\/12\/post-coronastrategi-kan-minska-kunskapstappet\/#primaryimage"},"thumbnailUrl":"https:\/\/lararkarriar.se\/grundskola\/wp-content\/uploads\/sites\/12\/2021\/10\/postcorona-johanna-jaara-astrand-08.jpg","datePublished":"2021-10-12T14:16:36+00:00","dateModified":"2021-10-13T09:45:38+00:00","author":{"@id":"https:\/\/lararkarriar.se\/grundskola\/#\/schema\/person\/c8a43eb855191e573b73ecf8987a3b99"},"breadcrumb":{"@id":"https:\/\/lararkarriar.se\/grundskola\/2021\/10\/12\/post-coronastrategi-kan-minska-kunskapstappet\/#breadcrumb"},"inLanguage":"sv-SE","potentialAction":[{"@type":"ReadAction","target":["https:\/\/lararkarriar.se\/grundskola\/2021\/10\/12\/post-coronastrategi-kan-minska-kunskapstappet\/"]}]},{"@type":"ImageObject","inLanguage":"sv-SE","@id":"https:\/\/lararkarriar.se\/grundskola\/2021\/10\/12\/post-coronastrategi-kan-minska-kunskapstappet\/#primaryimage","url":"https:\/\/lararkarriar.se\/grundskola\/wp-content\/uploads\/sites\/12\/2021\/10\/postcorona-johanna-jaara-astrand-08.jpg","contentUrl":"https:\/\/lararkarriar.se\/grundskola\/wp-content\/uploads\/sites\/12\/2021\/10\/postcorona-johanna-jaara-astrand-08.jpg","width":1000,"height":651,"caption":"Johanna Jaara \u00c5strand ordf\u00f6rande L\u00e4rarf\u00f6rbundet. Fotograferat vid och i Nolaskolan i \u00d6rnsk\u00f6ldsvik Foto: Izabelle Nordfjell"},{"@type":"BreadcrumbList","@id":"https:\/\/lararkarriar.se\/grundskola\/2021\/10\/12\/post-coronastrategi-kan-minska-kunskapstappet\/#breadcrumb","itemListElement":[{"@type":"ListItem","position":1,"name":"Home","item":"https:\/\/lararkarriar.se\/grundskola\/"},{"@type":"ListItem","position":2,"name":"Post-coronastrategi kan minska kunskapstappet"}]},{"@type":"WebSite","@id":"https:\/\/lararkarriar.se\/grundskola\/#website","url":"https:\/\/lararkarriar.se\/grundskola\/","name":"Framtidens Karri\u00e4r \u2013 Grundskolel\u00e4rare","description":"Just another NMDashboard.se Sites site","potentialAction":[{"@type":"SearchAction","target":{"@type":"EntryPoint","urlTemplate":"https:\/\/lararkarriar.se\/grundskola\/?s={search_term_string}"},"query-input":{"@type":"PropertyValueSpecification","valueRequired":true,"valueName":"search_term_string"}}],"inLanguage":"sv-SE"},{"@type":"Person","@id":"https:\/\/lararkarriar.se\/grundskola\/#\/schema\/person\/c8a43eb855191e573b73ecf8987a3b99","name":"stellanstal","image":{"@type":"ImageObject","inLanguage":"sv-SE","@id":"https:\/\/secure.gravatar.com\/avatar\/cd330fa6bb17f598124b2068ee0b189e4fe0987a50af9d53b78410836060d0c9?s=96&d=mm&r=g","url":"https:\/\/secure.gravatar.com\/avatar\/cd330fa6bb17f598124b2068ee0b189e4fe0987a50af9d53b78410836060d0c9?s=96&d=mm&r=g","contentUrl":"https:\/\/secure.gravatar.com\/avatar\/cd330fa6bb17f598124b2068ee0b189e4fe0987a50af9d53b78410836060d0c9?s=96&d=mm&r=g","caption":"stellanstal"},"url":"https:\/\/lararkarriar.se\/grundskola\/author\/stellanstal\/"}]}},"_links":{"self":[{"href":"https:\/\/lararkarriar.se\/grundskola\/wp-json\/wp\/v2\/posts\/7542","targetHints":{"allow":["GET"]}}],"collection":[{"href":"https:\/\/lararkarriar.se\/grundskola\/wp-json\/wp\/v2\/posts"}],"about":[{"href":"https:\/\/lararkarriar.se\/grundskola\/wp-json\/wp\/v2\/types\/post"}],"author":[{"embeddable":true,"href":"https:\/\/lararkarriar.se\/grundskola\/wp-json\/wp\/v2\/users\/3"}],"replies":[{"embeddable":true,"href":"https:\/\/lararkarriar.se\/grundskola\/wp-json\/wp\/v2\/comments?post=7542"}],"version-history":[{"count":5,"href":"https:\/\/lararkarriar.se\/grundskola\/wp-json\/wp\/v2\/posts\/7542\/revisions"}],"predecessor-version":[{"id":7625,"href":"https:\/\/lararkarriar.se\/grundskola\/wp-json\/wp\/v2\/posts\/7542\/revisions\/7625"}],"wp:featuredmedia":[{"embeddable":true,"href":"https:\/\/lararkarriar.se\/grundskola\/wp-json\/wp\/v2\/media\/7544"}],"wp:attachment":[{"href":"https:\/\/lararkarriar.se\/grundskola\/wp-json\/wp\/v2\/media?parent=7542"}],"wp:term":[{"taxonomy":"category","embeddable":true,"href":"https:\/\/lararkarriar.se\/grundskola\/wp-json\/wp\/v2\/categories?post=7542"},{"taxonomy":"post_tag","embeddable":true,"href":"https:\/\/lararkarriar.se\/grundskola\/wp-json\/wp\/v2\/tags?post=7542"}],"curies":[{"name":"wp","href":"https:\/\/api.w.org\/{rel}","templated":true}]}}