{"id":7573,"date":"2021-10-12T15:00:52","date_gmt":"2021-10-12T15:00:52","guid":{"rendered":"https:\/\/lararkarriar.se\/grundskola\/?p=7573"},"modified":"2021-10-12T15:04:59","modified_gmt":"2021-10-12T15:04:59","slug":"kampus-en-del-av-ditt-klassrum","status":"publish","type":"post","link":"https:\/\/lararkarriar.se\/grundskola\/2021\/10\/12\/kampus-en-del-av-ditt-klassrum\/","title":{"rendered":"Kampus \u2013 en del av ditt klassrum!"},"content":{"rendered":"\n<figure class=\"wp-block-image size-full\"><img loading=\"lazy\" decoding=\"async\" width=\"1000\" height=\"525\" src=\"https:\/\/lararkarriar.se\/grundskola\/wp-content\/uploads\/sites\/12\/2021\/10\/su-kampus-framtidenskarriar-banner-1000x525-v2.jpg\" alt=\"\" class=\"wp-image-7574\" srcset=\"https:\/\/lararkarriar.se\/grundskola\/wp-content\/uploads\/sites\/12\/2021\/10\/su-kampus-framtidenskarriar-banner-1000x525-v2.jpg 1000w, https:\/\/lararkarriar.se\/grundskola\/wp-content\/uploads\/sites\/12\/2021\/10\/su-kampus-framtidenskarriar-banner-1000x525-v2-300x158.jpg 300w, https:\/\/lararkarriar.se\/grundskola\/wp-content\/uploads\/sites\/12\/2021\/10\/su-kampus-framtidenskarriar-banner-1000x525-v2-768x403.jpg 768w, https:\/\/lararkarriar.se\/grundskola\/wp-content\/uploads\/sites\/12\/2021\/10\/su-kampus-framtidenskarriar-banner-1000x525-v2-305x160.jpg 305w, https:\/\/lararkarriar.se\/grundskola\/wp-content\/uploads\/sites\/12\/2021\/10\/su-kampus-framtidenskarriar-banner-1000x525-v2-526x276.jpg 526w, https:\/\/lararkarriar.se\/grundskola\/wp-content\/uploads\/sites\/12\/2021\/10\/su-kampus-framtidenskarriar-banner-1000x525-v2-720x378.jpg 720w, https:\/\/lararkarriar.se\/grundskola\/wp-content\/uploads\/sites\/12\/2021\/10\/su-kampus-framtidenskarriar-banner-1000x525-v2-960x504.jpg 960w\" sizes=\"auto, (max-width: 1000px) 100vw, 1000px\" \/><\/figure>\n\n\n\n<p><strong>I v\u00e5r digitala plattform Kampus samlar vi de flesta av v\u00e5ra popul\u00e4ra l\u00e4romedel f\u00f6r mellanstadiet, h\u00f6gstadiet och gymnasiet i heldigital form. Vi fyller kontinuerligt p\u00e5 med nya favoriter! V\u00e4lj din mix av digitala och tryckta l\u00e4romedel och forma din undervisning s\u00e5 som du vill ha den.<\/strong><\/p>\n\n\n\n<p>Alla v\u00e5ra l\u00e4romedel bygger p\u00e5 samma h\u00f6gkvalitativa grund och oavsett format vill vi g\u00f6ra l\u00e4randet lustfyllt och enkelt samtidigt som vi ser till att alla v\u00e5ra l\u00e4romedel ger dig som l\u00e4rare inspiration, v\u00e4gledning och sparar v\u00e4rdefull tid.<\/p>\n\n\n\n<p>I Kampus finns, f\u00f6rutom v\u00e5ra l\u00e4romedel i digital form, interaktiva \u00f6vningar f\u00f6r eleven, l\u00e4rarst\u00f6d och lektionsplanering samt en l\u00e4rarvy d\u00e4r du som l\u00e4rare kan f\u00f6lja varje elevs utveckling. Du kan ocks\u00e5 l\u00e4gga till eget material, allt f\u00f6r att du ska kunna anpassa inneh\u00e5llet efter just din undervisning.<\/p>\n\n\n\n<p class=\"has-color-white-01-color has-text-color has-background\" style=\"background-color:#00404e\"><strong><a title=\"Sanoma annons HT21 Kampus l\u00e4s mer\" href=\"https:\/\/www.sanomautbildning.se\/sv\/produkter\/digitala-laromedel\/kampus\/?utm_source=framtidenskarriar&amp;utm_medium=banner&amp;utm_campaign=kampus\" target=\"_blank\" rel=\"noreferrer noopener\"><span style=\"text-decoration: underline;\">Klicka h\u00e4r f\u00f6r att l\u00e4sa mer om Kampus<\/span><\/a><\/strong><br><br><strong><a href=\"https:\/\/www.sanomautbildning.se\/sv\/produkter\/digitala-laromedel\/prova-digitalt\/?utm_source=framtidenskarriar&amp;utm_medium=banner&amp;utm_campaign=kampus\" title=\"Sanoma annons HT21 Kampus prova p\u00e5\" target=\"_blank\" rel=\"noreferrer noopener\"><span style=\"text-decoration: underline;\">Klicka h\u00e4r f\u00f6r att prova gratis 30 dagar<\/span><\/a><\/strong><\/p>\n\n\n\n<p><\/p>\n","protected":false},"excerpt":{"rendered":"<p>Popul\u00e4ra l\u00e4romedel f\u00f6r mellanstadiet, h\u00f6gstadiet och gymnasiet i heldigital form.<\/p>\n","protected":false},"author":2,"featured_media":7574,"comment_status":"open","ping_status":"open","sticky":false,"template":"","format":"standard","meta":{"_acf_changed":false,"_monsterinsights_skip_tracking":false,"_monsterinsights_sitenote_active":false,"_monsterinsights_sitenote_note":"","_monsterinsights_sitenote_category":0,"footnotes":""},"categories":[448],"tags":[487],"class_list":["post-7573","post","type-post","status-publish","format-standard","has-post-thumbnail","hentry","category-annons","tag-sanoma"],"acf":[],"yoast_head":"<!-- This site is optimized with the Yoast SEO plugin v27.3 - https:\/\/yoast.com\/product\/yoast-seo-wordpress\/ -->\n<title>Kampus \u2013 en del av ditt klassrum! - Framtidens Karri\u00e4r \u2013 Grundskolel\u00e4rare<\/title>\n<meta name=\"robots\" content=\"index, follow, max-snippet:-1, max-image-preview:large, max-video-preview:-1\" \/>\n<link rel=\"canonical\" href=\"https:\/\/lararkarriar.se\/grundskola\/2021\/10\/12\/kampus-en-del-av-ditt-klassrum\/\" \/>\n<meta property=\"og:locale\" content=\"sv_SE\" \/>\n<meta property=\"og:type\" content=\"article\" \/>\n<meta property=\"og:title\" content=\"Kampus \u2013 en del av ditt klassrum! - Framtidens Karri\u00e4r \u2013 Grundskolel\u00e4rare\" \/>\n<meta property=\"og:description\" content=\"Popul\u00e4ra l\u00e4romedel f\u00f6r mellanstadiet, h\u00f6gstadiet och gymnasiet i heldigital form.\" \/>\n<meta property=\"og:url\" content=\"https:\/\/lararkarriar.se\/grundskola\/2021\/10\/12\/kampus-en-del-av-ditt-klassrum\/\" \/>\n<meta property=\"og:site_name\" content=\"Framtidens Karri\u00e4r \u2013 Grundskolel\u00e4rare\" \/>\n<meta property=\"article:published_time\" content=\"2021-10-12T15:00:52+00:00\" \/>\n<meta property=\"article:modified_time\" content=\"2021-10-12T15:04:59+00:00\" \/>\n<meta property=\"og:image\" content=\"https:\/\/lararkarriar.se\/grundskola\/wp-content\/uploads\/sites\/12\/2021\/10\/su-kampus-framtidenskarriar-banner-1000x525-v2.jpg\" \/>\n\t<meta property=\"og:image:width\" content=\"1000\" \/>\n\t<meta property=\"og:image:height\" content=\"525\" \/>\n\t<meta property=\"og:image:type\" content=\"image\/jpeg\" \/>\n<meta name=\"author\" content=\"viktorwallen\" \/>\n<meta name=\"twitter:card\" content=\"summary_large_image\" \/>\n<meta name=\"twitter:label1\" content=\"Skriven av\" \/>\n\t<meta name=\"twitter:data1\" content=\"viktorwallen\" \/>\n\t<meta name=\"twitter:label2\" content=\"Ber\u00e4knad l\u00e4stid\" \/>\n\t<meta name=\"twitter:data2\" content=\"1 minut\" \/>\n<script type=\"application\/ld+json\" class=\"yoast-schema-graph\">{\"@context\":\"https:\\\/\\\/schema.org\",\"@graph\":[{\"@type\":\"Article\",\"@id\":\"https:\\\/\\\/lararkarriar.se\\\/grundskola\\\/2021\\\/10\\\/12\\\/kampus-en-del-av-ditt-klassrum\\\/#article\",\"isPartOf\":{\"@id\":\"https:\\\/\\\/lararkarriar.se\\\/grundskola\\\/2021\\\/10\\\/12\\\/kampus-en-del-av-ditt-klassrum\\\/\"},\"author\":{\"name\":\"viktorwallen\",\"@id\":\"https:\\\/\\\/lararkarriar.se\\\/grundskola\\\/#\\\/schema\\\/person\\\/2a13a849ec7646386c2211f59afe3083\"},\"headline\":\"Kampus \u2013 en del av ditt klassrum!\",\"datePublished\":\"2021-10-12T15:00:52+00:00\",\"dateModified\":\"2021-10-12T15:04:59+00:00\",\"mainEntityOfPage\":{\"@id\":\"https:\\\/\\\/lararkarriar.se\\\/grundskola\\\/2021\\\/10\\\/12\\\/kampus-en-del-av-ditt-klassrum\\\/\"},\"wordCount\":187,\"commentCount\":0,\"image\":{\"@id\":\"https:\\\/\\\/lararkarriar.se\\\/grundskola\\\/2021\\\/10\\\/12\\\/kampus-en-del-av-ditt-klassrum\\\/#primaryimage\"},\"thumbnailUrl\":\"https:\\\/\\\/lararkarriar.se\\\/grundskola\\\/wp-content\\\/uploads\\\/sites\\\/12\\\/2021\\\/10\\\/su-kampus-framtidenskarriar-banner-1000x525-v2.jpg\",\"keywords\":[\"Sanoma\"],\"articleSection\":[\"Annons\"],\"inLanguage\":\"sv-SE\",\"potentialAction\":[{\"@type\":\"CommentAction\",\"name\":\"Comment\",\"target\":[\"https:\\\/\\\/lararkarriar.se\\\/grundskola\\\/2021\\\/10\\\/12\\\/kampus-en-del-av-ditt-klassrum\\\/#respond\"]}]},{\"@type\":\"WebPage\",\"@id\":\"https:\\\/\\\/lararkarriar.se\\\/grundskola\\\/2021\\\/10\\\/12\\\/kampus-en-del-av-ditt-klassrum\\\/\",\"url\":\"https:\\\/\\\/lararkarriar.se\\\/grundskola\\\/2021\\\/10\\\/12\\\/kampus-en-del-av-ditt-klassrum\\\/\",\"name\":\"Kampus \u2013 en del av ditt klassrum! - Framtidens Karri\u00e4r \u2013 Grundskolel\u00e4rare\",\"isPartOf\":{\"@id\":\"https:\\\/\\\/lararkarriar.se\\\/grundskola\\\/#website\"},\"primaryImageOfPage\":{\"@id\":\"https:\\\/\\\/lararkarriar.se\\\/grundskola\\\/2021\\\/10\\\/12\\\/kampus-en-del-av-ditt-klassrum\\\/#primaryimage\"},\"image\":{\"@id\":\"https:\\\/\\\/lararkarriar.se\\\/grundskola\\\/2021\\\/10\\\/12\\\/kampus-en-del-av-ditt-klassrum\\\/#primaryimage\"},\"thumbnailUrl\":\"https:\\\/\\\/lararkarriar.se\\\/grundskola\\\/wp-content\\\/uploads\\\/sites\\\/12\\\/2021\\\/10\\\/su-kampus-framtidenskarriar-banner-1000x525-v2.jpg\",\"datePublished\":\"2021-10-12T15:00:52+00:00\",\"dateModified\":\"2021-10-12T15:04:59+00:00\",\"author\":{\"@id\":\"https:\\\/\\\/lararkarriar.se\\\/grundskola\\\/#\\\/schema\\\/person\\\/2a13a849ec7646386c2211f59afe3083\"},\"breadcrumb\":{\"@id\":\"https:\\\/\\\/lararkarriar.se\\\/grundskola\\\/2021\\\/10\\\/12\\\/kampus-en-del-av-ditt-klassrum\\\/#breadcrumb\"},\"inLanguage\":\"sv-SE\",\"potentialAction\":[{\"@type\":\"ReadAction\",\"target\":[\"https:\\\/\\\/lararkarriar.se\\\/grundskola\\\/2021\\\/10\\\/12\\\/kampus-en-del-av-ditt-klassrum\\\/\"]}]},{\"@type\":\"ImageObject\",\"inLanguage\":\"sv-SE\",\"@id\":\"https:\\\/\\\/lararkarriar.se\\\/grundskola\\\/2021\\\/10\\\/12\\\/kampus-en-del-av-ditt-klassrum\\\/#primaryimage\",\"url\":\"https:\\\/\\\/lararkarriar.se\\\/grundskola\\\/wp-content\\\/uploads\\\/sites\\\/12\\\/2021\\\/10\\\/su-kampus-framtidenskarriar-banner-1000x525-v2.jpg\",\"contentUrl\":\"https:\\\/\\\/lararkarriar.se\\\/grundskola\\\/wp-content\\\/uploads\\\/sites\\\/12\\\/2021\\\/10\\\/su-kampus-framtidenskarriar-banner-1000x525-v2.jpg\",\"width\":1000,\"height\":525},{\"@type\":\"BreadcrumbList\",\"@id\":\"https:\\\/\\\/lararkarriar.se\\\/grundskola\\\/2021\\\/10\\\/12\\\/kampus-en-del-av-ditt-klassrum\\\/#breadcrumb\",\"itemListElement\":[{\"@type\":\"ListItem\",\"position\":1,\"name\":\"Home\",\"item\":\"https:\\\/\\\/lararkarriar.se\\\/grundskola\\\/\"},{\"@type\":\"ListItem\",\"position\":2,\"name\":\"Kampus \u2013 en del av ditt klassrum!\"}]},{\"@type\":\"WebSite\",\"@id\":\"https:\\\/\\\/lararkarriar.se\\\/grundskola\\\/#website\",\"url\":\"https:\\\/\\\/lararkarriar.se\\\/grundskola\\\/\",\"name\":\"Framtidens Karri\u00e4r \u2013 Grundskolel\u00e4rare\",\"description\":\"Just another NMDashboard.se Sites site\",\"potentialAction\":[{\"@type\":\"SearchAction\",\"target\":{\"@type\":\"EntryPoint\",\"urlTemplate\":\"https:\\\/\\\/lararkarriar.se\\\/grundskola\\\/?s={search_term_string}\"},\"query-input\":{\"@type\":\"PropertyValueSpecification\",\"valueRequired\":true,\"valueName\":\"search_term_string\"}}],\"inLanguage\":\"sv-SE\"},{\"@type\":\"Person\",\"@id\":\"https:\\\/\\\/lararkarriar.se\\\/grundskola\\\/#\\\/schema\\\/person\\\/2a13a849ec7646386c2211f59afe3083\",\"name\":\"viktorwallen\",\"image\":{\"@type\":\"ImageObject\",\"inLanguage\":\"sv-SE\",\"@id\":\"https:\\\/\\\/secure.gravatar.com\\\/avatar\\\/701701bd36169636031933997c8c6b954f2f635bbb7cd4802e4a007f9c9f4e59?s=96&d=mm&r=g\",\"url\":\"https:\\\/\\\/secure.gravatar.com\\\/avatar\\\/701701bd36169636031933997c8c6b954f2f635bbb7cd4802e4a007f9c9f4e59?s=96&d=mm&r=g\",\"contentUrl\":\"https:\\\/\\\/secure.gravatar.com\\\/avatar\\\/701701bd36169636031933997c8c6b954f2f635bbb7cd4802e4a007f9c9f4e59?s=96&d=mm&r=g\",\"caption\":\"viktorwallen\"},\"url\":\"https:\\\/\\\/lararkarriar.se\\\/grundskola\\\/author\\\/viktorwallen\\\/\"}]}<\/script>\n<!-- \/ Yoast SEO plugin. -->","yoast_head_json":{"title":"Kampus \u2013 en del av ditt klassrum! - Framtidens Karri\u00e4r \u2013 Grundskolel\u00e4rare","robots":{"index":"index","follow":"follow","max-snippet":"max-snippet:-1","max-image-preview":"max-image-preview:large","max-video-preview":"max-video-preview:-1"},"canonical":"https:\/\/lararkarriar.se\/grundskola\/2021\/10\/12\/kampus-en-del-av-ditt-klassrum\/","og_locale":"sv_SE","og_type":"article","og_title":"Kampus \u2013 en del av ditt klassrum! - Framtidens Karri\u00e4r \u2013 Grundskolel\u00e4rare","og_description":"Popul\u00e4ra l\u00e4romedel f\u00f6r mellanstadiet, h\u00f6gstadiet och gymnasiet i heldigital form.","og_url":"https:\/\/lararkarriar.se\/grundskola\/2021\/10\/12\/kampus-en-del-av-ditt-klassrum\/","og_site_name":"Framtidens Karri\u00e4r \u2013 Grundskolel\u00e4rare","article_published_time":"2021-10-12T15:00:52+00:00","article_modified_time":"2021-10-12T15:04:59+00:00","og_image":[{"width":1000,"height":525,"url":"https:\/\/lararkarriar.se\/grundskola\/wp-content\/uploads\/sites\/12\/2021\/10\/su-kampus-framtidenskarriar-banner-1000x525-v2.jpg","type":"image\/jpeg"}],"author":"viktorwallen","twitter_card":"summary_large_image","twitter_misc":{"Skriven av":"viktorwallen","Ber\u00e4knad l\u00e4stid":"1 minut"},"schema":{"@context":"https:\/\/schema.org","@graph":[{"@type":"Article","@id":"https:\/\/lararkarriar.se\/grundskola\/2021\/10\/12\/kampus-en-del-av-ditt-klassrum\/#article","isPartOf":{"@id":"https:\/\/lararkarriar.se\/grundskola\/2021\/10\/12\/kampus-en-del-av-ditt-klassrum\/"},"author":{"name":"viktorwallen","@id":"https:\/\/lararkarriar.se\/grundskola\/#\/schema\/person\/2a13a849ec7646386c2211f59afe3083"},"headline":"Kampus \u2013 en del av ditt klassrum!","datePublished":"2021-10-12T15:00:52+00:00","dateModified":"2021-10-12T15:04:59+00:00","mainEntityOfPage":{"@id":"https:\/\/lararkarriar.se\/grundskola\/2021\/10\/12\/kampus-en-del-av-ditt-klassrum\/"},"wordCount":187,"commentCount":0,"image":{"@id":"https:\/\/lararkarriar.se\/grundskola\/2021\/10\/12\/kampus-en-del-av-ditt-klassrum\/#primaryimage"},"thumbnailUrl":"https:\/\/lararkarriar.se\/grundskola\/wp-content\/uploads\/sites\/12\/2021\/10\/su-kampus-framtidenskarriar-banner-1000x525-v2.jpg","keywords":["Sanoma"],"articleSection":["Annons"],"inLanguage":"sv-SE","potentialAction":[{"@type":"CommentAction","name":"Comment","target":["https:\/\/lararkarriar.se\/grundskola\/2021\/10\/12\/kampus-en-del-av-ditt-klassrum\/#respond"]}]},{"@type":"WebPage","@id":"https:\/\/lararkarriar.se\/grundskola\/2021\/10\/12\/kampus-en-del-av-ditt-klassrum\/","url":"https:\/\/lararkarriar.se\/grundskola\/2021\/10\/12\/kampus-en-del-av-ditt-klassrum\/","name":"Kampus \u2013 en del av ditt klassrum! - Framtidens Karri\u00e4r \u2013 Grundskolel\u00e4rare","isPartOf":{"@id":"https:\/\/lararkarriar.se\/grundskola\/#website"},"primaryImageOfPage":{"@id":"https:\/\/lararkarriar.se\/grundskola\/2021\/10\/12\/kampus-en-del-av-ditt-klassrum\/#primaryimage"},"image":{"@id":"https:\/\/lararkarriar.se\/grundskola\/2021\/10\/12\/kampus-en-del-av-ditt-klassrum\/#primaryimage"},"thumbnailUrl":"https:\/\/lararkarriar.se\/grundskola\/wp-content\/uploads\/sites\/12\/2021\/10\/su-kampus-framtidenskarriar-banner-1000x525-v2.jpg","datePublished":"2021-10-12T15:00:52+00:00","dateModified":"2021-10-12T15:04:59+00:00","author":{"@id":"https:\/\/lararkarriar.se\/grundskola\/#\/schema\/person\/2a13a849ec7646386c2211f59afe3083"},"breadcrumb":{"@id":"https:\/\/lararkarriar.se\/grundskola\/2021\/10\/12\/kampus-en-del-av-ditt-klassrum\/#breadcrumb"},"inLanguage":"sv-SE","potentialAction":[{"@type":"ReadAction","target":["https:\/\/lararkarriar.se\/grundskola\/2021\/10\/12\/kampus-en-del-av-ditt-klassrum\/"]}]},{"@type":"ImageObject","inLanguage":"sv-SE","@id":"https:\/\/lararkarriar.se\/grundskola\/2021\/10\/12\/kampus-en-del-av-ditt-klassrum\/#primaryimage","url":"https:\/\/lararkarriar.se\/grundskola\/wp-content\/uploads\/sites\/12\/2021\/10\/su-kampus-framtidenskarriar-banner-1000x525-v2.jpg","contentUrl":"https:\/\/lararkarriar.se\/grundskola\/wp-content\/uploads\/sites\/12\/2021\/10\/su-kampus-framtidenskarriar-banner-1000x525-v2.jpg","width":1000,"height":525},{"@type":"BreadcrumbList","@id":"https:\/\/lararkarriar.se\/grundskola\/2021\/10\/12\/kampus-en-del-av-ditt-klassrum\/#breadcrumb","itemListElement":[{"@type":"ListItem","position":1,"name":"Home","item":"https:\/\/lararkarriar.se\/grundskola\/"},{"@type":"ListItem","position":2,"name":"Kampus \u2013 en del av ditt klassrum!"}]},{"@type":"WebSite","@id":"https:\/\/lararkarriar.se\/grundskola\/#website","url":"https:\/\/lararkarriar.se\/grundskola\/","name":"Framtidens Karri\u00e4r \u2013 Grundskolel\u00e4rare","description":"Just another NMDashboard.se Sites site","potentialAction":[{"@type":"SearchAction","target":{"@type":"EntryPoint","urlTemplate":"https:\/\/lararkarriar.se\/grundskola\/?s={search_term_string}"},"query-input":{"@type":"PropertyValueSpecification","valueRequired":true,"valueName":"search_term_string"}}],"inLanguage":"sv-SE"},{"@type":"Person","@id":"https:\/\/lararkarriar.se\/grundskola\/#\/schema\/person\/2a13a849ec7646386c2211f59afe3083","name":"viktorwallen","image":{"@type":"ImageObject","inLanguage":"sv-SE","@id":"https:\/\/secure.gravatar.com\/avatar\/701701bd36169636031933997c8c6b954f2f635bbb7cd4802e4a007f9c9f4e59?s=96&d=mm&r=g","url":"https:\/\/secure.gravatar.com\/avatar\/701701bd36169636031933997c8c6b954f2f635bbb7cd4802e4a007f9c9f4e59?s=96&d=mm&r=g","contentUrl":"https:\/\/secure.gravatar.com\/avatar\/701701bd36169636031933997c8c6b954f2f635bbb7cd4802e4a007f9c9f4e59?s=96&d=mm&r=g","caption":"viktorwallen"},"url":"https:\/\/lararkarriar.se\/grundskola\/author\/viktorwallen\/"}]}},"_links":{"self":[{"href":"https:\/\/lararkarriar.se\/grundskola\/wp-json\/wp\/v2\/posts\/7573","targetHints":{"allow":["GET"]}}],"collection":[{"href":"https:\/\/lararkarriar.se\/grundskola\/wp-json\/wp\/v2\/posts"}],"about":[{"href":"https:\/\/lararkarriar.se\/grundskola\/wp-json\/wp\/v2\/types\/post"}],"author":[{"embeddable":true,"href":"https:\/\/lararkarriar.se\/grundskola\/wp-json\/wp\/v2\/users\/2"}],"replies":[{"embeddable":true,"href":"https:\/\/lararkarriar.se\/grundskola\/wp-json\/wp\/v2\/comments?post=7573"}],"version-history":[{"count":9,"href":"https:\/\/lararkarriar.se\/grundskola\/wp-json\/wp\/v2\/posts\/7573\/revisions"}],"predecessor-version":[{"id":7584,"href":"https:\/\/lararkarriar.se\/grundskola\/wp-json\/wp\/v2\/posts\/7573\/revisions\/7584"}],"wp:featuredmedia":[{"embeddable":true,"href":"https:\/\/lararkarriar.se\/grundskola\/wp-json\/wp\/v2\/media\/7574"}],"wp:attachment":[{"href":"https:\/\/lararkarriar.se\/grundskola\/wp-json\/wp\/v2\/media?parent=7573"}],"wp:term":[{"taxonomy":"category","embeddable":true,"href":"https:\/\/lararkarriar.se\/grundskola\/wp-json\/wp\/v2\/categories?post=7573"},{"taxonomy":"post_tag","embeddable":true,"href":"https:\/\/lararkarriar.se\/grundskola\/wp-json\/wp\/v2\/tags?post=7573"}],"curies":[{"name":"wp","href":"https:\/\/api.w.org\/{rel}","templated":true}]}}