{"id":7637,"date":"2021-10-20T11:11:24","date_gmt":"2021-10-20T11:11:24","guid":{"rendered":"https:\/\/lararkarriar.se\/grundskola\/?p=7637"},"modified":"2022-10-04T14:46:43","modified_gmt":"2022-10-04T14:46:43","slug":"studenter-berikar-undervisningen","status":"publish","type":"post","link":"https:\/\/lararkarriar.se\/grundskola\/2021\/10\/20\/studenter-berikar-undervisningen\/","title":{"rendered":"Studenter berikar undervisningen"},"content":{"rendered":"<div class=\"wp-block-image\">\n<figure class=\"aligncenter size-full\"><img loading=\"lazy\" decoding=\"async\" width=\"1000\" height=\"687\" src=\"https:\/\/lararkarriar.se\/grundskola\/wp-content\/uploads\/sites\/12\/2021\/10\/svedala-helene-8004.jpg\" alt=\"Helen Ahlgren \u00e4lskar sitt arbete som l\u00e4rare. \u2013 Jag \u00e4r alltid glad n\u00e4r jag g\u00e5r till jobbet. Det finns ingen dag som \u00e4r den andra lik, s\u00e4ger hon. Foto: Billy Lindberg\" class=\"wp-image-7413\" srcset=\"https:\/\/lararkarriar.se\/grundskola\/wp-content\/uploads\/sites\/12\/2021\/10\/svedala-helene-8004.jpg 1000w, https:\/\/lararkarriar.se\/grundskola\/wp-content\/uploads\/sites\/12\/2021\/10\/svedala-helene-8004-300x206.jpg 300w, https:\/\/lararkarriar.se\/grundskola\/wp-content\/uploads\/sites\/12\/2021\/10\/svedala-helene-8004-768x528.jpg 768w, https:\/\/lararkarriar.se\/grundskola\/wp-content\/uploads\/sites\/12\/2021\/10\/svedala-helene-8004-233x160.jpg 233w, https:\/\/lararkarriar.se\/grundskola\/wp-content\/uploads\/sites\/12\/2021\/10\/svedala-helene-8004-526x361.jpg 526w, https:\/\/lararkarriar.se\/grundskola\/wp-content\/uploads\/sites\/12\/2021\/10\/svedala-helene-8004-720x495.jpg 720w, https:\/\/lararkarriar.se\/grundskola\/wp-content\/uploads\/sites\/12\/2021\/10\/svedala-helene-8004-960x660.jpg 960w\" sizes=\"auto, (max-width: 1000px) 100vw, 1000px\" \/><figcaption>Helen Ahlgren \u00e4lskar sitt arbete som l\u00e4rare.\n\u2013 Jag \u00e4r alltid glad n\u00e4r jag g\u00e5r till jobbet. Det finns ingen dag som \u00e4r den andra lik, s\u00e4ger hon. Foto: Billy Lindberg<\/figcaption><\/figure>\n<\/div>\n\n\n<p><strong>N\u00e4r Helen Ahlgren fick chans att bli handledare \u00e5t l\u00e4rarstudenter nappade hon direkt. Tack vare sin roll som handledare utvecklas hennes egen undervisning.<\/strong><\/p>\n\n\n\n<p>Svedala kommun har ett n\u00e4ra samarbete med Malm\u00f6 universitet. En av kommunens m\u00e5nga partnerskolor \u00e4r Baraskolan. En partnerskola har en h\u00f6gre koncentration av l\u00e4rarstudenter och flertalet l\u00e4rare med handledarutbildning.<br>N\u00e4r Helen Ahlgren f\u00f6r fem \u00e5r sedan b\u00f6rjade arbeta som F\u20133 l\u00e4rare p\u00e5 skolan tackade hon genast ja till erbjudandet om att g\u00e5 en handledarutbildning. Det \u00e4r ett beslut som hon \u00e4r v\u00e4ldigt glad f\u00f6r idag.<br>\u2013 \u00c4ven om det kan vara tidskr\u00e4vande att vara handledare s\u00e5 ger det otroligt mycket. Jag gillar n\u00e4r studenterna ifr\u00e5gas\u00e4tter mig. Det f\u00e5r mig att reflektera, och motivera de val som jag g\u00f6r. Jag har varit l\u00e4rare s\u00e5 l\u00e4nge att m\u00e5nga beslut sker automatiskt. D\u00e5 kan det vara nyttigt att fundera \u00f6ver varf\u00f6r jag g\u00f6r n\u00e5got p\u00e5 ett visst s\u00e4tt, s\u00e4ger Helen Ahlgren.<\/p>\n\n\n\n<p class=\"has-color-white-01-color has-text-color has-background\" style=\"background-color:#00404e\"><strong><a title=\"Svedala kommun pres 2 HT21 jobb ans\u00f6k\" href=\"http:\/\/www.svedala.se\/ledigajobb\" target=\"_blank\" rel=\"noreferrer noopener\"><span style=\"text-decoration: underline;\">Klicka h\u00e4r f\u00f6r att se v\u00e5ra lediga tj\u00e4nster<\/span><\/a><\/strong><br><a title=\"Svedala kommun pres 2 HT21 Kvutis l\u00e4s mer\" href=\"https:\/\/kvutis.se\/\" target=\"_blank\" rel=\"noreferrer noopener\"><br><strong><span style=\"text-decoration: underline;\">Klicka h\u00e4r f\u00f6r att l\u00e4sa mer om hur vi arbetar<\/span><\/strong><\/a><\/p>\n\n\n\n<p><strong>Positivt f\u00f6r skolan<\/strong><br>Att ha en l\u00e4rarstudent i klassen \u00f6ppnar \u00e4ven upp f\u00f6r m\u00f6jligheten att ibland ta ett kliv \u00e5t sidan f\u00f6r att observera sina elever. Ytterligare en f\u00f6rdel som kommer med studenterna \u00e4r all ny forskning och nya id\u00e9er som de har med sig. Helena Ahlgren ber\u00e4ttar att hon v\u00e4ldigt ofta f\u00e5r tips p\u00e5 ny sp\u00e4nnande litteratur av sina studenter.<br>Baraskolan tar emot fyra l\u00e4rarstudenter \u00e5t g\u00e5ngen. Studenterna \u00e4r inte bara med i klassrummen utan bidrar \u00e4ven med viktiga reflektioner vid till exempel konferenser.<br>\u2013 Hela skolan har p\u00e5verkats positivt av att ta emot l\u00e4rarstudenter. Den h\u00e4r skolan \u00e4r helt fantastisk och alla tycker att det \u00e4r j\u00e4tteroligt med studenterna, s\u00e4ger Helen Ahlgren.<br>N\u00e4r hon fick sitt f\u00f6rsta handledaruppdrag var hon lika nerv\u00f6s som sin student. Det k\u00e4ndes viktigt f\u00f6r henne att praktikperioden blev s\u00e5 bra som m\u00f6jligt.<br>\u2013 Det \u00e4r precis som med mina elever. Om jag inte n\u00e5r fram m\u00e5ste jag g\u00e5 tillbaks till mig sj\u00e4lv och fundera p\u00e5 hur jag ska g\u00f6ra f\u00f6r att lyckas f\u00f6rmedla det jag vill. Den h\u00e4r personen blir ju min kollega i framtiden, s\u00e4ger hon.<\/p>\n\n\n\n<div class=\"wp-block-group faktaruta\"><div class=\"wp-block-group__inner-container is-layout-flow wp-block-group-is-layout-flow\">\n<h6 class=\"wp-block-heading\">Svedala kommun<\/h6>\n\n\n\n<p>Svedala skolkommun har en h\u00f6g m\u00e5ls\u00e4ttning. Visionen \u00e4r att alla ska lyckas. Ledarskap, vetenskaplig grund och h\u00f6ga f\u00f6rv\u00e4ntningar genomsyrar verksamheterna. I kommunen finns \u00e5tta kommunala grundskolor. F\u00f6rskoleklasser och fritidshem \u00e4r integrerade i skolorna. I grundskolorna finns cirka 3450 elever i \u00e5rskurs F\u20139 varav cirka 1500 elever g\u00e5r p\u00e5 fritidshemmet. Kommunala f\u00f6rskolor, grundskolor och gymnasieskolan \u00e4r knutna till Malm\u00f6 universitet och tar emot l\u00e4rarstudenter f\u00f6r praktik. Det \u00f6vergripande gemensamma m\u00e5let \u00e4r att erbjuda l\u00e4rarutbildningar av h\u00f6g kvalitet. Det n\u00e4ra samarbetet med universitet och andra l\u00e4ros\u00e4ten \u00e4r viktigt f\u00f6r medarbetarnas kompetensutveckling, koppling till vetenskaplig grund och framtida rekryteringar.<br><br><strong><a href=\"https:\/\/svedala.se\/\" title=\"Svedala kommun pres 2 HT21 textlink\" target=\"_blank\" rel=\"noreferrer noopener\">svedala.se<\/a><\/strong><br><br><a href=\"https:\/\/svedala.se\/\" title=\"Svedala kommun pres 2 HT21 logotype\" target=\"_blank\" rel=\"noreferrer noopener\"><img loading=\"lazy\" decoding=\"async\" width=\"150\" height=\"117\" class=\"wp-image-7417\" style=\"width: 150px;\" src=\"https:\/\/lararkarriar.se\/grundskola\/wp-content\/uploads\/sites\/12\/2021\/10\/svedala-logo-cmyk.png\" alt=\"\" srcset=\"https:\/\/lararkarriar.se\/grundskola\/wp-content\/uploads\/sites\/12\/2021\/10\/svedala-logo-cmyk.png 500w, https:\/\/lararkarriar.se\/grundskola\/wp-content\/uploads\/sites\/12\/2021\/10\/svedala-logo-cmyk-300x233.png 300w, https:\/\/lararkarriar.se\/grundskola\/wp-content\/uploads\/sites\/12\/2021\/10\/svedala-logo-cmyk-206x160.png 206w\" sizes=\"auto, (max-width: 150px) 100vw, 150px\" \/><\/a><\/p>\n<\/div><\/div>\n","protected":false},"excerpt":{"rendered":"<p>Tack vare sin roll som handledare utvecklas hennes egen undervisning.<\/p>\n","protected":false},"author":2,"featured_media":7413,"comment_status":"open","ping_status":"open","sticky":false,"template":"","format":"standard","meta":{"_acf_changed":false,"_monsterinsights_skip_tracking":false,"_monsterinsights_sitenote_active":false,"_monsterinsights_sitenote_note":"","_monsterinsights_sitenote_category":0,"footnotes":""},"categories":[7],"tags":[470],"class_list":["post-7637","post","type-post","status-publish","format-standard","has-post-thumbnail","hentry","category-presentation","tag-svedala-kommun"],"acf":[],"yoast_head":"<!-- This site is optimized with the Yoast SEO plugin v27.3 - https:\/\/yoast.com\/product\/yoast-seo-wordpress\/ -->\n<title>Studenter berikar undervisningen - Framtidens Karri\u00e4r \u2013 Grundskolel\u00e4rare<\/title>\n<meta name=\"robots\" content=\"index, follow, max-snippet:-1, max-image-preview:large, max-video-preview:-1\" \/>\n<link rel=\"canonical\" href=\"https:\/\/lararkarriar.se\/grundskola\/2021\/10\/20\/studenter-berikar-undervisningen\/\" \/>\n<meta property=\"og:locale\" content=\"sv_SE\" \/>\n<meta property=\"og:type\" content=\"article\" \/>\n<meta property=\"og:title\" content=\"Studenter berikar undervisningen - Framtidens Karri\u00e4r \u2013 Grundskolel\u00e4rare\" \/>\n<meta property=\"og:description\" content=\"Tack vare sin roll som handledare utvecklas hennes egen undervisning.\" \/>\n<meta property=\"og:url\" content=\"https:\/\/lararkarriar.se\/grundskola\/2021\/10\/20\/studenter-berikar-undervisningen\/\" \/>\n<meta property=\"og:site_name\" content=\"Framtidens Karri\u00e4r \u2013 Grundskolel\u00e4rare\" \/>\n<meta property=\"article:published_time\" content=\"2021-10-20T11:11:24+00:00\" \/>\n<meta property=\"article:modified_time\" content=\"2022-10-04T14:46:43+00:00\" \/>\n<meta property=\"og:image\" content=\"https:\/\/lararkarriar.se\/grundskola\/wp-content\/uploads\/sites\/12\/2021\/10\/svedala-helene-8004.jpg\" \/>\n\t<meta property=\"og:image:width\" content=\"1000\" \/>\n\t<meta property=\"og:image:height\" content=\"687\" \/>\n\t<meta property=\"og:image:type\" content=\"image\/jpeg\" \/>\n<meta name=\"author\" content=\"viktorwallen\" \/>\n<meta name=\"twitter:card\" content=\"summary_large_image\" \/>\n<meta name=\"twitter:label1\" content=\"Skriven av\" \/>\n\t<meta name=\"twitter:data1\" content=\"viktorwallen\" \/>\n\t<meta name=\"twitter:label2\" content=\"Ber\u00e4knad l\u00e4stid\" \/>\n\t<meta name=\"twitter:data2\" content=\"3 minuter\" \/>\n<script type=\"application\/ld+json\" class=\"yoast-schema-graph\">{\"@context\":\"https:\\\/\\\/schema.org\",\"@graph\":[{\"@type\":\"Article\",\"@id\":\"https:\\\/\\\/lararkarriar.se\\\/grundskola\\\/2021\\\/10\\\/20\\\/studenter-berikar-undervisningen\\\/#article\",\"isPartOf\":{\"@id\":\"https:\\\/\\\/lararkarriar.se\\\/grundskola\\\/2021\\\/10\\\/20\\\/studenter-berikar-undervisningen\\\/\"},\"author\":{\"name\":\"viktorwallen\",\"@id\":\"https:\\\/\\\/lararkarriar.se\\\/grundskola\\\/#\\\/schema\\\/person\\\/2a13a849ec7646386c2211f59afe3083\"},\"headline\":\"Studenter berikar undervisningen\",\"datePublished\":\"2021-10-20T11:11:24+00:00\",\"dateModified\":\"2022-10-04T14:46:43+00:00\",\"mainEntityOfPage\":{\"@id\":\"https:\\\/\\\/lararkarriar.se\\\/grundskola\\\/2021\\\/10\\\/20\\\/studenter-berikar-undervisningen\\\/\"},\"wordCount\":569,\"commentCount\":0,\"image\":{\"@id\":\"https:\\\/\\\/lararkarriar.se\\\/grundskola\\\/2021\\\/10\\\/20\\\/studenter-berikar-undervisningen\\\/#primaryimage\"},\"thumbnailUrl\":\"https:\\\/\\\/lararkarriar.se\\\/grundskola\\\/wp-content\\\/uploads\\\/sites\\\/12\\\/2021\\\/10\\\/svedala-helene-8004.jpg\",\"keywords\":[\"Svedala kommun\"],\"articleSection\":[\"Presentation\"],\"inLanguage\":\"sv-SE\",\"potentialAction\":[{\"@type\":\"CommentAction\",\"name\":\"Comment\",\"target\":[\"https:\\\/\\\/lararkarriar.se\\\/grundskola\\\/2021\\\/10\\\/20\\\/studenter-berikar-undervisningen\\\/#respond\"]}]},{\"@type\":\"WebPage\",\"@id\":\"https:\\\/\\\/lararkarriar.se\\\/grundskola\\\/2021\\\/10\\\/20\\\/studenter-berikar-undervisningen\\\/\",\"url\":\"https:\\\/\\\/lararkarriar.se\\\/grundskola\\\/2021\\\/10\\\/20\\\/studenter-berikar-undervisningen\\\/\",\"name\":\"Studenter berikar undervisningen - Framtidens Karri\u00e4r \u2013 Grundskolel\u00e4rare\",\"isPartOf\":{\"@id\":\"https:\\\/\\\/lararkarriar.se\\\/grundskola\\\/#website\"},\"primaryImageOfPage\":{\"@id\":\"https:\\\/\\\/lararkarriar.se\\\/grundskola\\\/2021\\\/10\\\/20\\\/studenter-berikar-undervisningen\\\/#primaryimage\"},\"image\":{\"@id\":\"https:\\\/\\\/lararkarriar.se\\\/grundskola\\\/2021\\\/10\\\/20\\\/studenter-berikar-undervisningen\\\/#primaryimage\"},\"thumbnailUrl\":\"https:\\\/\\\/lararkarriar.se\\\/grundskola\\\/wp-content\\\/uploads\\\/sites\\\/12\\\/2021\\\/10\\\/svedala-helene-8004.jpg\",\"datePublished\":\"2021-10-20T11:11:24+00:00\",\"dateModified\":\"2022-10-04T14:46:43+00:00\",\"author\":{\"@id\":\"https:\\\/\\\/lararkarriar.se\\\/grundskola\\\/#\\\/schema\\\/person\\\/2a13a849ec7646386c2211f59afe3083\"},\"breadcrumb\":{\"@id\":\"https:\\\/\\\/lararkarriar.se\\\/grundskola\\\/2021\\\/10\\\/20\\\/studenter-berikar-undervisningen\\\/#breadcrumb\"},\"inLanguage\":\"sv-SE\",\"potentialAction\":[{\"@type\":\"ReadAction\",\"target\":[\"https:\\\/\\\/lararkarriar.se\\\/grundskola\\\/2021\\\/10\\\/20\\\/studenter-berikar-undervisningen\\\/\"]}]},{\"@type\":\"ImageObject\",\"inLanguage\":\"sv-SE\",\"@id\":\"https:\\\/\\\/lararkarriar.se\\\/grundskola\\\/2021\\\/10\\\/20\\\/studenter-berikar-undervisningen\\\/#primaryimage\",\"url\":\"https:\\\/\\\/lararkarriar.se\\\/grundskola\\\/wp-content\\\/uploads\\\/sites\\\/12\\\/2021\\\/10\\\/svedala-helene-8004.jpg\",\"contentUrl\":\"https:\\\/\\\/lararkarriar.se\\\/grundskola\\\/wp-content\\\/uploads\\\/sites\\\/12\\\/2021\\\/10\\\/svedala-helene-8004.jpg\",\"width\":1000,\"height\":687,\"caption\":\"Helen Ahlgren \u00e4lskar sitt arbete som l\u00e4rare. \u2013 Jag \u00e4r alltid glad n\u00e4r jag g\u00e5r till jobbet. Det finns ingen dag som \u00e4r den andra lik, s\u00e4ger hon. Foto: Billy Lindberg\"},{\"@type\":\"BreadcrumbList\",\"@id\":\"https:\\\/\\\/lararkarriar.se\\\/grundskola\\\/2021\\\/10\\\/20\\\/studenter-berikar-undervisningen\\\/#breadcrumb\",\"itemListElement\":[{\"@type\":\"ListItem\",\"position\":1,\"name\":\"Home\",\"item\":\"https:\\\/\\\/lararkarriar.se\\\/grundskola\\\/\"},{\"@type\":\"ListItem\",\"position\":2,\"name\":\"Studenter berikar undervisningen\"}]},{\"@type\":\"WebSite\",\"@id\":\"https:\\\/\\\/lararkarriar.se\\\/grundskola\\\/#website\",\"url\":\"https:\\\/\\\/lararkarriar.se\\\/grundskola\\\/\",\"name\":\"Framtidens Karri\u00e4r \u2013 Grundskolel\u00e4rare\",\"description\":\"Just another NMDashboard.se Sites site\",\"potentialAction\":[{\"@type\":\"SearchAction\",\"target\":{\"@type\":\"EntryPoint\",\"urlTemplate\":\"https:\\\/\\\/lararkarriar.se\\\/grundskola\\\/?s={search_term_string}\"},\"query-input\":{\"@type\":\"PropertyValueSpecification\",\"valueRequired\":true,\"valueName\":\"search_term_string\"}}],\"inLanguage\":\"sv-SE\"},{\"@type\":\"Person\",\"@id\":\"https:\\\/\\\/lararkarriar.se\\\/grundskola\\\/#\\\/schema\\\/person\\\/2a13a849ec7646386c2211f59afe3083\",\"name\":\"viktorwallen\",\"image\":{\"@type\":\"ImageObject\",\"inLanguage\":\"sv-SE\",\"@id\":\"https:\\\/\\\/secure.gravatar.com\\\/avatar\\\/701701bd36169636031933997c8c6b954f2f635bbb7cd4802e4a007f9c9f4e59?s=96&d=mm&r=g\",\"url\":\"https:\\\/\\\/secure.gravatar.com\\\/avatar\\\/701701bd36169636031933997c8c6b954f2f635bbb7cd4802e4a007f9c9f4e59?s=96&d=mm&r=g\",\"contentUrl\":\"https:\\\/\\\/secure.gravatar.com\\\/avatar\\\/701701bd36169636031933997c8c6b954f2f635bbb7cd4802e4a007f9c9f4e59?s=96&d=mm&r=g\",\"caption\":\"viktorwallen\"},\"url\":\"https:\\\/\\\/lararkarriar.se\\\/grundskola\\\/author\\\/viktorwallen\\\/\"}]}<\/script>\n<!-- \/ Yoast SEO plugin. -->","yoast_head_json":{"title":"Studenter berikar undervisningen - Framtidens Karri\u00e4r \u2013 Grundskolel\u00e4rare","robots":{"index":"index","follow":"follow","max-snippet":"max-snippet:-1","max-image-preview":"max-image-preview:large","max-video-preview":"max-video-preview:-1"},"canonical":"https:\/\/lararkarriar.se\/grundskola\/2021\/10\/20\/studenter-berikar-undervisningen\/","og_locale":"sv_SE","og_type":"article","og_title":"Studenter berikar undervisningen - Framtidens Karri\u00e4r \u2013 Grundskolel\u00e4rare","og_description":"Tack vare sin roll som handledare utvecklas hennes egen undervisning.","og_url":"https:\/\/lararkarriar.se\/grundskola\/2021\/10\/20\/studenter-berikar-undervisningen\/","og_site_name":"Framtidens Karri\u00e4r \u2013 Grundskolel\u00e4rare","article_published_time":"2021-10-20T11:11:24+00:00","article_modified_time":"2022-10-04T14:46:43+00:00","og_image":[{"width":1000,"height":687,"url":"https:\/\/lararkarriar.se\/grundskola\/wp-content\/uploads\/sites\/12\/2021\/10\/svedala-helene-8004.jpg","type":"image\/jpeg"}],"author":"viktorwallen","twitter_card":"summary_large_image","twitter_misc":{"Skriven av":"viktorwallen","Ber\u00e4knad l\u00e4stid":"3 minuter"},"schema":{"@context":"https:\/\/schema.org","@graph":[{"@type":"Article","@id":"https:\/\/lararkarriar.se\/grundskola\/2021\/10\/20\/studenter-berikar-undervisningen\/#article","isPartOf":{"@id":"https:\/\/lararkarriar.se\/grundskola\/2021\/10\/20\/studenter-berikar-undervisningen\/"},"author":{"name":"viktorwallen","@id":"https:\/\/lararkarriar.se\/grundskola\/#\/schema\/person\/2a13a849ec7646386c2211f59afe3083"},"headline":"Studenter berikar undervisningen","datePublished":"2021-10-20T11:11:24+00:00","dateModified":"2022-10-04T14:46:43+00:00","mainEntityOfPage":{"@id":"https:\/\/lararkarriar.se\/grundskola\/2021\/10\/20\/studenter-berikar-undervisningen\/"},"wordCount":569,"commentCount":0,"image":{"@id":"https:\/\/lararkarriar.se\/grundskola\/2021\/10\/20\/studenter-berikar-undervisningen\/#primaryimage"},"thumbnailUrl":"https:\/\/lararkarriar.se\/grundskola\/wp-content\/uploads\/sites\/12\/2021\/10\/svedala-helene-8004.jpg","keywords":["Svedala kommun"],"articleSection":["Presentation"],"inLanguage":"sv-SE","potentialAction":[{"@type":"CommentAction","name":"Comment","target":["https:\/\/lararkarriar.se\/grundskola\/2021\/10\/20\/studenter-berikar-undervisningen\/#respond"]}]},{"@type":"WebPage","@id":"https:\/\/lararkarriar.se\/grundskola\/2021\/10\/20\/studenter-berikar-undervisningen\/","url":"https:\/\/lararkarriar.se\/grundskola\/2021\/10\/20\/studenter-berikar-undervisningen\/","name":"Studenter berikar undervisningen - Framtidens Karri\u00e4r \u2013 Grundskolel\u00e4rare","isPartOf":{"@id":"https:\/\/lararkarriar.se\/grundskola\/#website"},"primaryImageOfPage":{"@id":"https:\/\/lararkarriar.se\/grundskola\/2021\/10\/20\/studenter-berikar-undervisningen\/#primaryimage"},"image":{"@id":"https:\/\/lararkarriar.se\/grundskola\/2021\/10\/20\/studenter-berikar-undervisningen\/#primaryimage"},"thumbnailUrl":"https:\/\/lararkarriar.se\/grundskola\/wp-content\/uploads\/sites\/12\/2021\/10\/svedala-helene-8004.jpg","datePublished":"2021-10-20T11:11:24+00:00","dateModified":"2022-10-04T14:46:43+00:00","author":{"@id":"https:\/\/lararkarriar.se\/grundskola\/#\/schema\/person\/2a13a849ec7646386c2211f59afe3083"},"breadcrumb":{"@id":"https:\/\/lararkarriar.se\/grundskola\/2021\/10\/20\/studenter-berikar-undervisningen\/#breadcrumb"},"inLanguage":"sv-SE","potentialAction":[{"@type":"ReadAction","target":["https:\/\/lararkarriar.se\/grundskola\/2021\/10\/20\/studenter-berikar-undervisningen\/"]}]},{"@type":"ImageObject","inLanguage":"sv-SE","@id":"https:\/\/lararkarriar.se\/grundskola\/2021\/10\/20\/studenter-berikar-undervisningen\/#primaryimage","url":"https:\/\/lararkarriar.se\/grundskola\/wp-content\/uploads\/sites\/12\/2021\/10\/svedala-helene-8004.jpg","contentUrl":"https:\/\/lararkarriar.se\/grundskola\/wp-content\/uploads\/sites\/12\/2021\/10\/svedala-helene-8004.jpg","width":1000,"height":687,"caption":"Helen Ahlgren \u00e4lskar sitt arbete som l\u00e4rare. \u2013 Jag \u00e4r alltid glad n\u00e4r jag g\u00e5r till jobbet. Det finns ingen dag som \u00e4r den andra lik, s\u00e4ger hon. Foto: Billy Lindberg"},{"@type":"BreadcrumbList","@id":"https:\/\/lararkarriar.se\/grundskola\/2021\/10\/20\/studenter-berikar-undervisningen\/#breadcrumb","itemListElement":[{"@type":"ListItem","position":1,"name":"Home","item":"https:\/\/lararkarriar.se\/grundskola\/"},{"@type":"ListItem","position":2,"name":"Studenter berikar undervisningen"}]},{"@type":"WebSite","@id":"https:\/\/lararkarriar.se\/grundskola\/#website","url":"https:\/\/lararkarriar.se\/grundskola\/","name":"Framtidens Karri\u00e4r \u2013 Grundskolel\u00e4rare","description":"Just another NMDashboard.se Sites site","potentialAction":[{"@type":"SearchAction","target":{"@type":"EntryPoint","urlTemplate":"https:\/\/lararkarriar.se\/grundskola\/?s={search_term_string}"},"query-input":{"@type":"PropertyValueSpecification","valueRequired":true,"valueName":"search_term_string"}}],"inLanguage":"sv-SE"},{"@type":"Person","@id":"https:\/\/lararkarriar.se\/grundskola\/#\/schema\/person\/2a13a849ec7646386c2211f59afe3083","name":"viktorwallen","image":{"@type":"ImageObject","inLanguage":"sv-SE","@id":"https:\/\/secure.gravatar.com\/avatar\/701701bd36169636031933997c8c6b954f2f635bbb7cd4802e4a007f9c9f4e59?s=96&d=mm&r=g","url":"https:\/\/secure.gravatar.com\/avatar\/701701bd36169636031933997c8c6b954f2f635bbb7cd4802e4a007f9c9f4e59?s=96&d=mm&r=g","contentUrl":"https:\/\/secure.gravatar.com\/avatar\/701701bd36169636031933997c8c6b954f2f635bbb7cd4802e4a007f9c9f4e59?s=96&d=mm&r=g","caption":"viktorwallen"},"url":"https:\/\/lararkarriar.se\/grundskola\/author\/viktorwallen\/"}]}},"_links":{"self":[{"href":"https:\/\/lararkarriar.se\/grundskola\/wp-json\/wp\/v2\/posts\/7637","targetHints":{"allow":["GET"]}}],"collection":[{"href":"https:\/\/lararkarriar.se\/grundskola\/wp-json\/wp\/v2\/posts"}],"about":[{"href":"https:\/\/lararkarriar.se\/grundskola\/wp-json\/wp\/v2\/types\/post"}],"author":[{"embeddable":true,"href":"https:\/\/lararkarriar.se\/grundskola\/wp-json\/wp\/v2\/users\/2"}],"replies":[{"embeddable":true,"href":"https:\/\/lararkarriar.se\/grundskola\/wp-json\/wp\/v2\/comments?post=7637"}],"version-history":[{"count":7,"href":"https:\/\/lararkarriar.se\/grundskola\/wp-json\/wp\/v2\/posts\/7637\/revisions"}],"predecessor-version":[{"id":7943,"href":"https:\/\/lararkarriar.se\/grundskola\/wp-json\/wp\/v2\/posts\/7637\/revisions\/7943"}],"wp:featuredmedia":[{"embeddable":true,"href":"https:\/\/lararkarriar.se\/grundskola\/wp-json\/wp\/v2\/media\/7413"}],"wp:attachment":[{"href":"https:\/\/lararkarriar.se\/grundskola\/wp-json\/wp\/v2\/media?parent=7637"}],"wp:term":[{"taxonomy":"category","embeddable":true,"href":"https:\/\/lararkarriar.se\/grundskola\/wp-json\/wp\/v2\/categories?post=7637"},{"taxonomy":"post_tag","embeddable":true,"href":"https:\/\/lararkarriar.se\/grundskola\/wp-json\/wp\/v2\/tags?post=7637"}],"curies":[{"name":"wp","href":"https:\/\/api.w.org\/{rel}","templated":true}]}}