{"id":7669,"date":"2022-10-04T08:56:49","date_gmt":"2022-10-04T08:56:49","guid":{"rendered":"https:\/\/lararkarriar.se\/grundskola\/?p=7669"},"modified":"2022-10-10T11:47:26","modified_gmt":"2022-10-10T11:47:26","slug":"digital-motiverande-och-individanpassad","status":"publish","type":"post","link":"https:\/\/lararkarriar.se\/grundskola\/2022\/10\/04\/digital-motiverande-och-individanpassad\/","title":{"rendered":"Digital, motiverande och individanpassad"},"content":{"rendered":"\n<figure class=\"wp-block-image size-full\"><img loading=\"lazy\" decoding=\"async\" width=\"1000\" height=\"629\" src=\"https:\/\/lararkarriar.se\/grundskola\/wp-content\/uploads\/sites\/12\/2022\/10\/digitalt1-shutterstock-1679764711.jpg\" alt=\"\" class=\"wp-image-7671\" srcset=\"https:\/\/lararkarriar.se\/grundskola\/wp-content\/uploads\/sites\/12\/2022\/10\/digitalt1-shutterstock-1679764711.jpg 1000w, https:\/\/lararkarriar.se\/grundskola\/wp-content\/uploads\/sites\/12\/2022\/10\/digitalt1-shutterstock-1679764711-300x189.jpg 300w, https:\/\/lararkarriar.se\/grundskola\/wp-content\/uploads\/sites\/12\/2022\/10\/digitalt1-shutterstock-1679764711-768x483.jpg 768w, https:\/\/lararkarriar.se\/grundskola\/wp-content\/uploads\/sites\/12\/2022\/10\/digitalt1-shutterstock-1679764711-254x160.jpg 254w, https:\/\/lararkarriar.se\/grundskola\/wp-content\/uploads\/sites\/12\/2022\/10\/digitalt1-shutterstock-1679764711-526x331.jpg 526w, https:\/\/lararkarriar.se\/grundskola\/wp-content\/uploads\/sites\/12\/2022\/10\/digitalt1-shutterstock-1679764711-720x453.jpg 720w, https:\/\/lararkarriar.se\/grundskola\/wp-content\/uploads\/sites\/12\/2022\/10\/digitalt1-shutterstock-1679764711-960x604.jpg 960w\" sizes=\"auto, (max-width: 1000px) 100vw, 1000px\" \/><figcaption>Foto: Shutterstock<\/figcaption><\/figure>\n\n\n\n<p><strong>F\u00f6r Camilla Mannbrink, som \u00e4r Ma\/NO-l\u00e4rare p\u00e5 mellanstadiet p\u00e5 R\u00f6sj\u00f6skolan i T\u00e4by, \u00e4r den digitala f\u00e4rdighetstr\u00e4ningsplattformen Bingel ett bra komplement till de fysiska l\u00e4romedlen. Bingel motiverar och engagerar eleverna och ger Camilla goda m\u00f6jligheter till individanpassning i undervisningen.<\/strong><\/p>\n\n\n<div class=\"wp-block-image\">\n<figure class=\"alignright size-full is-resized\"><img loading=\"lazy\" decoding=\"async\" src=\"https:\/\/lararkarriar.se\/grundskola\/wp-content\/uploads\/sites\/12\/2022\/10\/digitalt1-pastedimage.jpg\" alt=\"\" class=\"wp-image-7670\" width=\"199\" height=\"274\" srcset=\"https:\/\/lararkarriar.se\/grundskola\/wp-content\/uploads\/sites\/12\/2022\/10\/digitalt1-pastedimage.jpg 500w, https:\/\/lararkarriar.se\/grundskola\/wp-content\/uploads\/sites\/12\/2022\/10\/digitalt1-pastedimage-218x300.jpg 218w, https:\/\/lararkarriar.se\/grundskola\/wp-content\/uploads\/sites\/12\/2022\/10\/digitalt1-pastedimage-116x160.jpg 116w\" sizes=\"auto, (max-width: 199px) 100vw, 199px\" \/><figcaption>Camilla Mannbrink, Ma\/NO-l\u00e4rare p\u00e5 mellanstadiet p\u00e5 R\u00f6sj\u00f6skolan i T\u00e4by.<\/figcaption><\/figure>\n<\/div>\n\n\n<p>\u2013 Jag uppskattar m\u00e5ngsidigheten och flexibiliteten som Bingel kan erbjuda. Eleverna kan g\u00f6ra uppgifter klassgemensamt p\u00e5 Smartboards, tv\u00e5 och tv\u00e5 eller s\u00e5 kan jag tilldela eleverna specifika uppgifter som ger varje elev m\u00f6jlighet att tr\u00e4na p\u00e5 det de beh\u00f6ver, s\u00e4ger Camilla Mannbrink, som anv\u00e4nt Bingel i s\u00e5v\u00e4l matte- som NO-undervisningen.<br>Bingel kan anv\u00e4ndas fr\u00e5n f\u00f6rskoleklass upp till \u00e5rskurs 6. Alla \u00f6vningar \u00e4r kopplade till kapitlen i Sanoma Utbildnings basl\u00e4romedel och f\u00f6ljer samma progression, men kan \u00e4ven anv\u00e4ndas utan l\u00e4romedel fr\u00e5n Sanoma Utbildning. Kombinationen bok och Bingel ger eleverna m\u00f6jlighet att f\u00e4rdighetstr\u00e4na p\u00e5 ett nytt, stimulerande och roligt s\u00e4tt. De digitala \u00f6vningarna i Bingel f\u00f6ljer l\u00e4romedlen och Camilla Mannbrink kan enkelt individanpassa genom att tilldela eleverna uppgifter efter behov.<\/p>\n\n\n\n<blockquote class=\"wp-block-quote is-layout-flow wp-block-quote-is-layout-flow\"><p>&#8221;Jag uppskattar m\u00e5ngsidigheten och flexibiliteten som Bingel kan erbjuda.&#8221;<\/p><\/blockquote>\n\n\n\n<p><strong>Ett roligt s\u00e4tt att l\u00e4ra<\/strong><br>M\u00e5nga elever betraktar Bingel som ett motiverande och roligt s\u00e4tt att l\u00e4ra. Bingel \u00e4r till viss del spelinspirerat, vilket inneb\u00e4r att eleverna via sin egen avatar kan samla bingelpo\u00e4ng, pingping. Po\u00e4ngen kan sedan anv\u00e4ndas f\u00f6r att uppgradera avataren eller spela ett kort spel.<br>\u2013 Bingel ger eleverna m\u00e5nga valm\u00f6jligheter. De kan sj\u00e4lva v\u00e4lja om de vill tr\u00e4na p\u00e5 begrepp, skapa l\u00e4sf\u00f6rst\u00e5else inf\u00f6r n\u00e4sta arbetsomr\u00e5de eller g\u00e5 tillbaka och repetera. Bingel kan \u00e4ven anv\u00e4ndas som tr\u00e4ning inf\u00f6r nationella prov, s\u00e4ger Camilla Mannbrink.<\/p>\n\n\n\n<p><strong>Frig\u00f6r tid<\/strong><br>Via l\u00e4rarvyn kan Camilla Mannbrink enkelt \u00f6verblicka hur det g\u00e5r f\u00f6r eleverna och dessutom skicka feedback till hela klassen eller enskilda elever.<br>\u2013 Jag kan \u00e4ven koppla \u00f6vningar fr\u00e5n olika \u00e5rskurser till enskilda elever. Dessutom kan jag plocka \u00f6vningar fr\u00e5n andra l\u00e4romedel i Bingel, vilket bidrar till variation. Bingel \u00e4r sj\u00e4lvr\u00e4ttande. Jag beh\u00f6ver inte heller skapa egna \u00f6vningar, vilket g\u00f6r att jag kan l\u00e4gga mer tid p\u00e5 min pedagogiska k\u00e4rnuppgift, s\u00e4ger hon.<\/p>\n\n\n\n<p class=\"has-color-white-01-color has-text-color has-background\" style=\"background-color:#00404e\"><strong><a href=\"https:\/\/www.sanomautbildning.se\/sv\/produkter\/digitala-laromedel\/\" title=\"Sanoma HT22 artikel l\u00e4s mer\" target=\"_blank\" rel=\"noreferrer noopener\"><span style=\"text-decoration: underline;\">Klicka h\u00e4r f\u00f6r att l\u00e4sa mer om Sanomas digitala l\u00e4romedel<\/span><\/a><\/strong><\/p>\n","protected":false},"excerpt":{"rendered":"<p>Bingel motiverar och engagerar eleverna och ger Camilla goda m\u00f6jligheter till individanpassning i undervisningen.<\/p>\n","protected":false},"author":3,"featured_media":8016,"comment_status":"open","ping_status":"open","sticky":false,"template":"","format":"standard","meta":{"_acf_changed":false,"_monsterinsights_skip_tracking":false,"_monsterinsights_sitenote_active":false,"_monsterinsights_sitenote_note":"","_monsterinsights_sitenote_category":0,"footnotes":""},"categories":[1],"tags":[51,64,487],"class_list":["post-7669","post","type-post","status-publish","format-standard","has-post-thumbnail","hentry","category-artikel","tag-bingel","tag-digitala-laromedel","tag-sanoma"],"acf":[],"yoast_head":"<!-- This site is optimized with the Yoast SEO plugin v27.3 - https:\/\/yoast.com\/product\/yoast-seo-wordpress\/ -->\n<title>Digital, motiverande och individanpassad - Framtidens Karri\u00e4r \u2013 Grundskolel\u00e4rare<\/title>\n<meta name=\"robots\" content=\"index, follow, max-snippet:-1, max-image-preview:large, max-video-preview:-1\" \/>\n<link rel=\"canonical\" href=\"https:\/\/lararkarriar.se\/grundskola\/2022\/10\/04\/digital-motiverande-och-individanpassad\/\" \/>\n<meta property=\"og:locale\" content=\"sv_SE\" \/>\n<meta property=\"og:type\" content=\"article\" \/>\n<meta property=\"og:title\" content=\"Digital, motiverande och individanpassad - Framtidens Karri\u00e4r \u2013 Grundskolel\u00e4rare\" \/>\n<meta property=\"og:description\" content=\"Bingel motiverar och engagerar eleverna och ger Camilla goda m\u00f6jligheter till individanpassning i undervisningen.\" \/>\n<meta property=\"og:url\" content=\"https:\/\/lararkarriar.se\/grundskola\/2022\/10\/04\/digital-motiverande-och-individanpassad\/\" \/>\n<meta property=\"og:site_name\" content=\"Framtidens Karri\u00e4r \u2013 Grundskolel\u00e4rare\" \/>\n<meta property=\"article:published_time\" content=\"2022-10-04T08:56:49+00:00\" \/>\n<meta property=\"article:modified_time\" content=\"2022-10-10T11:47:26+00:00\" \/>\n<meta property=\"og:image\" content=\"https:\/\/lararkarriar.se\/grundskola\/wp-content\/uploads\/sites\/12\/2022\/10\/digitalt1-both.jpg\" \/>\n\t<meta property=\"og:image:width\" content=\"964\" \/>\n\t<meta property=\"og:image:height\" content=\"593\" \/>\n\t<meta property=\"og:image:type\" content=\"image\/jpeg\" \/>\n<meta name=\"author\" content=\"stellanstal\" \/>\n<meta name=\"twitter:card\" content=\"summary_large_image\" \/>\n<meta name=\"twitter:label1\" content=\"Skriven av\" \/>\n\t<meta name=\"twitter:data1\" content=\"stellanstal\" \/>\n\t<meta name=\"twitter:label2\" content=\"Ber\u00e4knad l\u00e4stid\" \/>\n\t<meta name=\"twitter:data2\" content=\"3 minuter\" \/>\n<script type=\"application\/ld+json\" class=\"yoast-schema-graph\">{\"@context\":\"https:\\\/\\\/schema.org\",\"@graph\":[{\"@type\":\"Article\",\"@id\":\"https:\\\/\\\/lararkarriar.se\\\/grundskola\\\/2022\\\/10\\\/04\\\/digital-motiverande-och-individanpassad\\\/#article\",\"isPartOf\":{\"@id\":\"https:\\\/\\\/lararkarriar.se\\\/grundskola\\\/2022\\\/10\\\/04\\\/digital-motiverande-och-individanpassad\\\/\"},\"author\":{\"name\":\"stellanstal\",\"@id\":\"https:\\\/\\\/lararkarriar.se\\\/grundskola\\\/#\\\/schema\\\/person\\\/c8a43eb855191e573b73ecf8987a3b99\"},\"headline\":\"Digital, motiverande och individanpassad\",\"datePublished\":\"2022-10-04T08:56:49+00:00\",\"dateModified\":\"2022-10-10T11:47:26+00:00\",\"mainEntityOfPage\":{\"@id\":\"https:\\\/\\\/lararkarriar.se\\\/grundskola\\\/2022\\\/10\\\/04\\\/digital-motiverande-och-individanpassad\\\/\"},\"wordCount\":428,\"commentCount\":0,\"image\":{\"@id\":\"https:\\\/\\\/lararkarriar.se\\\/grundskola\\\/2022\\\/10\\\/04\\\/digital-motiverande-och-individanpassad\\\/#primaryimage\"},\"thumbnailUrl\":\"https:\\\/\\\/lararkarriar.se\\\/grundskola\\\/wp-content\\\/uploads\\\/sites\\\/12\\\/2022\\\/10\\\/digitalt1-both.jpg\",\"keywords\":[\"Bingel\",\"Digitala l\u00e4romedel\",\"Sanoma\"],\"articleSection\":[\"Artikel\"],\"inLanguage\":\"sv-SE\",\"potentialAction\":[{\"@type\":\"CommentAction\",\"name\":\"Comment\",\"target\":[\"https:\\\/\\\/lararkarriar.se\\\/grundskola\\\/2022\\\/10\\\/04\\\/digital-motiverande-och-individanpassad\\\/#respond\"]}]},{\"@type\":\"WebPage\",\"@id\":\"https:\\\/\\\/lararkarriar.se\\\/grundskola\\\/2022\\\/10\\\/04\\\/digital-motiverande-och-individanpassad\\\/\",\"url\":\"https:\\\/\\\/lararkarriar.se\\\/grundskola\\\/2022\\\/10\\\/04\\\/digital-motiverande-och-individanpassad\\\/\",\"name\":\"Digital, motiverande och individanpassad - Framtidens Karri\u00e4r \u2013 Grundskolel\u00e4rare\",\"isPartOf\":{\"@id\":\"https:\\\/\\\/lararkarriar.se\\\/grundskola\\\/#website\"},\"primaryImageOfPage\":{\"@id\":\"https:\\\/\\\/lararkarriar.se\\\/grundskola\\\/2022\\\/10\\\/04\\\/digital-motiverande-och-individanpassad\\\/#primaryimage\"},\"image\":{\"@id\":\"https:\\\/\\\/lararkarriar.se\\\/grundskola\\\/2022\\\/10\\\/04\\\/digital-motiverande-och-individanpassad\\\/#primaryimage\"},\"thumbnailUrl\":\"https:\\\/\\\/lararkarriar.se\\\/grundskola\\\/wp-content\\\/uploads\\\/sites\\\/12\\\/2022\\\/10\\\/digitalt1-both.jpg\",\"datePublished\":\"2022-10-04T08:56:49+00:00\",\"dateModified\":\"2022-10-10T11:47:26+00:00\",\"author\":{\"@id\":\"https:\\\/\\\/lararkarriar.se\\\/grundskola\\\/#\\\/schema\\\/person\\\/c8a43eb855191e573b73ecf8987a3b99\"},\"breadcrumb\":{\"@id\":\"https:\\\/\\\/lararkarriar.se\\\/grundskola\\\/2022\\\/10\\\/04\\\/digital-motiverande-och-individanpassad\\\/#breadcrumb\"},\"inLanguage\":\"sv-SE\",\"potentialAction\":[{\"@type\":\"ReadAction\",\"target\":[\"https:\\\/\\\/lararkarriar.se\\\/grundskola\\\/2022\\\/10\\\/04\\\/digital-motiverande-och-individanpassad\\\/\"]}]},{\"@type\":\"ImageObject\",\"inLanguage\":\"sv-SE\",\"@id\":\"https:\\\/\\\/lararkarriar.se\\\/grundskola\\\/2022\\\/10\\\/04\\\/digital-motiverande-och-individanpassad\\\/#primaryimage\",\"url\":\"https:\\\/\\\/lararkarriar.se\\\/grundskola\\\/wp-content\\\/uploads\\\/sites\\\/12\\\/2022\\\/10\\\/digitalt1-both.jpg\",\"contentUrl\":\"https:\\\/\\\/lararkarriar.se\\\/grundskola\\\/wp-content\\\/uploads\\\/sites\\\/12\\\/2022\\\/10\\\/digitalt1-both.jpg\",\"width\":964,\"height\":593,\"caption\":\"Preteen schoolgirl doing her homework with digital tablet at home. Child using gadgets to study. Education and distance learning for kids. Homeschooling during quarantine. Stay at home entertainment.\"},{\"@type\":\"BreadcrumbList\",\"@id\":\"https:\\\/\\\/lararkarriar.se\\\/grundskola\\\/2022\\\/10\\\/04\\\/digital-motiverande-och-individanpassad\\\/#breadcrumb\",\"itemListElement\":[{\"@type\":\"ListItem\",\"position\":1,\"name\":\"Home\",\"item\":\"https:\\\/\\\/lararkarriar.se\\\/grundskola\\\/\"},{\"@type\":\"ListItem\",\"position\":2,\"name\":\"Digital, motiverande och individanpassad\"}]},{\"@type\":\"WebSite\",\"@id\":\"https:\\\/\\\/lararkarriar.se\\\/grundskola\\\/#website\",\"url\":\"https:\\\/\\\/lararkarriar.se\\\/grundskola\\\/\",\"name\":\"Framtidens Karri\u00e4r \u2013 Grundskolel\u00e4rare\",\"description\":\"Just another NMDashboard.se Sites site\",\"potentialAction\":[{\"@type\":\"SearchAction\",\"target\":{\"@type\":\"EntryPoint\",\"urlTemplate\":\"https:\\\/\\\/lararkarriar.se\\\/grundskola\\\/?s={search_term_string}\"},\"query-input\":{\"@type\":\"PropertyValueSpecification\",\"valueRequired\":true,\"valueName\":\"search_term_string\"}}],\"inLanguage\":\"sv-SE\"},{\"@type\":\"Person\",\"@id\":\"https:\\\/\\\/lararkarriar.se\\\/grundskola\\\/#\\\/schema\\\/person\\\/c8a43eb855191e573b73ecf8987a3b99\",\"name\":\"stellanstal\",\"image\":{\"@type\":\"ImageObject\",\"inLanguage\":\"sv-SE\",\"@id\":\"https:\\\/\\\/secure.gravatar.com\\\/avatar\\\/cd330fa6bb17f598124b2068ee0b189e4fe0987a50af9d53b78410836060d0c9?s=96&d=mm&r=g\",\"url\":\"https:\\\/\\\/secure.gravatar.com\\\/avatar\\\/cd330fa6bb17f598124b2068ee0b189e4fe0987a50af9d53b78410836060d0c9?s=96&d=mm&r=g\",\"contentUrl\":\"https:\\\/\\\/secure.gravatar.com\\\/avatar\\\/cd330fa6bb17f598124b2068ee0b189e4fe0987a50af9d53b78410836060d0c9?s=96&d=mm&r=g\",\"caption\":\"stellanstal\"},\"url\":\"https:\\\/\\\/lararkarriar.se\\\/grundskola\\\/author\\\/stellanstal\\\/\"}]}<\/script>\n<!-- \/ Yoast SEO plugin. -->","yoast_head_json":{"title":"Digital, motiverande och individanpassad - Framtidens Karri\u00e4r \u2013 Grundskolel\u00e4rare","robots":{"index":"index","follow":"follow","max-snippet":"max-snippet:-1","max-image-preview":"max-image-preview:large","max-video-preview":"max-video-preview:-1"},"canonical":"https:\/\/lararkarriar.se\/grundskola\/2022\/10\/04\/digital-motiverande-och-individanpassad\/","og_locale":"sv_SE","og_type":"article","og_title":"Digital, motiverande och individanpassad - Framtidens Karri\u00e4r \u2013 Grundskolel\u00e4rare","og_description":"Bingel motiverar och engagerar eleverna och ger Camilla goda m\u00f6jligheter till individanpassning i undervisningen.","og_url":"https:\/\/lararkarriar.se\/grundskola\/2022\/10\/04\/digital-motiverande-och-individanpassad\/","og_site_name":"Framtidens Karri\u00e4r \u2013 Grundskolel\u00e4rare","article_published_time":"2022-10-04T08:56:49+00:00","article_modified_time":"2022-10-10T11:47:26+00:00","og_image":[{"width":964,"height":593,"url":"https:\/\/lararkarriar.se\/grundskola\/wp-content\/uploads\/sites\/12\/2022\/10\/digitalt1-both.jpg","type":"image\/jpeg"}],"author":"stellanstal","twitter_card":"summary_large_image","twitter_misc":{"Skriven av":"stellanstal","Ber\u00e4knad l\u00e4stid":"3 minuter"},"schema":{"@context":"https:\/\/schema.org","@graph":[{"@type":"Article","@id":"https:\/\/lararkarriar.se\/grundskola\/2022\/10\/04\/digital-motiverande-och-individanpassad\/#article","isPartOf":{"@id":"https:\/\/lararkarriar.se\/grundskola\/2022\/10\/04\/digital-motiverande-och-individanpassad\/"},"author":{"name":"stellanstal","@id":"https:\/\/lararkarriar.se\/grundskola\/#\/schema\/person\/c8a43eb855191e573b73ecf8987a3b99"},"headline":"Digital, motiverande och individanpassad","datePublished":"2022-10-04T08:56:49+00:00","dateModified":"2022-10-10T11:47:26+00:00","mainEntityOfPage":{"@id":"https:\/\/lararkarriar.se\/grundskola\/2022\/10\/04\/digital-motiverande-och-individanpassad\/"},"wordCount":428,"commentCount":0,"image":{"@id":"https:\/\/lararkarriar.se\/grundskola\/2022\/10\/04\/digital-motiverande-och-individanpassad\/#primaryimage"},"thumbnailUrl":"https:\/\/lararkarriar.se\/grundskola\/wp-content\/uploads\/sites\/12\/2022\/10\/digitalt1-both.jpg","keywords":["Bingel","Digitala l\u00e4romedel","Sanoma"],"articleSection":["Artikel"],"inLanguage":"sv-SE","potentialAction":[{"@type":"CommentAction","name":"Comment","target":["https:\/\/lararkarriar.se\/grundskola\/2022\/10\/04\/digital-motiverande-och-individanpassad\/#respond"]}]},{"@type":"WebPage","@id":"https:\/\/lararkarriar.se\/grundskola\/2022\/10\/04\/digital-motiverande-och-individanpassad\/","url":"https:\/\/lararkarriar.se\/grundskola\/2022\/10\/04\/digital-motiverande-och-individanpassad\/","name":"Digital, motiverande och individanpassad - Framtidens Karri\u00e4r \u2013 Grundskolel\u00e4rare","isPartOf":{"@id":"https:\/\/lararkarriar.se\/grundskola\/#website"},"primaryImageOfPage":{"@id":"https:\/\/lararkarriar.se\/grundskola\/2022\/10\/04\/digital-motiverande-och-individanpassad\/#primaryimage"},"image":{"@id":"https:\/\/lararkarriar.se\/grundskola\/2022\/10\/04\/digital-motiverande-och-individanpassad\/#primaryimage"},"thumbnailUrl":"https:\/\/lararkarriar.se\/grundskola\/wp-content\/uploads\/sites\/12\/2022\/10\/digitalt1-both.jpg","datePublished":"2022-10-04T08:56:49+00:00","dateModified":"2022-10-10T11:47:26+00:00","author":{"@id":"https:\/\/lararkarriar.se\/grundskola\/#\/schema\/person\/c8a43eb855191e573b73ecf8987a3b99"},"breadcrumb":{"@id":"https:\/\/lararkarriar.se\/grundskola\/2022\/10\/04\/digital-motiverande-och-individanpassad\/#breadcrumb"},"inLanguage":"sv-SE","potentialAction":[{"@type":"ReadAction","target":["https:\/\/lararkarriar.se\/grundskola\/2022\/10\/04\/digital-motiverande-och-individanpassad\/"]}]},{"@type":"ImageObject","inLanguage":"sv-SE","@id":"https:\/\/lararkarriar.se\/grundskola\/2022\/10\/04\/digital-motiverande-och-individanpassad\/#primaryimage","url":"https:\/\/lararkarriar.se\/grundskola\/wp-content\/uploads\/sites\/12\/2022\/10\/digitalt1-both.jpg","contentUrl":"https:\/\/lararkarriar.se\/grundskola\/wp-content\/uploads\/sites\/12\/2022\/10\/digitalt1-both.jpg","width":964,"height":593,"caption":"Preteen schoolgirl doing her homework with digital tablet at home. Child using gadgets to study. Education and distance learning for kids. Homeschooling during quarantine. Stay at home entertainment."},{"@type":"BreadcrumbList","@id":"https:\/\/lararkarriar.se\/grundskola\/2022\/10\/04\/digital-motiverande-och-individanpassad\/#breadcrumb","itemListElement":[{"@type":"ListItem","position":1,"name":"Home","item":"https:\/\/lararkarriar.se\/grundskola\/"},{"@type":"ListItem","position":2,"name":"Digital, motiverande och individanpassad"}]},{"@type":"WebSite","@id":"https:\/\/lararkarriar.se\/grundskola\/#website","url":"https:\/\/lararkarriar.se\/grundskola\/","name":"Framtidens Karri\u00e4r \u2013 Grundskolel\u00e4rare","description":"Just another NMDashboard.se Sites site","potentialAction":[{"@type":"SearchAction","target":{"@type":"EntryPoint","urlTemplate":"https:\/\/lararkarriar.se\/grundskola\/?s={search_term_string}"},"query-input":{"@type":"PropertyValueSpecification","valueRequired":true,"valueName":"search_term_string"}}],"inLanguage":"sv-SE"},{"@type":"Person","@id":"https:\/\/lararkarriar.se\/grundskola\/#\/schema\/person\/c8a43eb855191e573b73ecf8987a3b99","name":"stellanstal","image":{"@type":"ImageObject","inLanguage":"sv-SE","@id":"https:\/\/secure.gravatar.com\/avatar\/cd330fa6bb17f598124b2068ee0b189e4fe0987a50af9d53b78410836060d0c9?s=96&d=mm&r=g","url":"https:\/\/secure.gravatar.com\/avatar\/cd330fa6bb17f598124b2068ee0b189e4fe0987a50af9d53b78410836060d0c9?s=96&d=mm&r=g","contentUrl":"https:\/\/secure.gravatar.com\/avatar\/cd330fa6bb17f598124b2068ee0b189e4fe0987a50af9d53b78410836060d0c9?s=96&d=mm&r=g","caption":"stellanstal"},"url":"https:\/\/lararkarriar.se\/grundskola\/author\/stellanstal\/"}]}},"_links":{"self":[{"href":"https:\/\/lararkarriar.se\/grundskola\/wp-json\/wp\/v2\/posts\/7669","targetHints":{"allow":["GET"]}}],"collection":[{"href":"https:\/\/lararkarriar.se\/grundskola\/wp-json\/wp\/v2\/posts"}],"about":[{"href":"https:\/\/lararkarriar.se\/grundskola\/wp-json\/wp\/v2\/types\/post"}],"author":[{"embeddable":true,"href":"https:\/\/lararkarriar.se\/grundskola\/wp-json\/wp\/v2\/users\/3"}],"replies":[{"embeddable":true,"href":"https:\/\/lararkarriar.se\/grundskola\/wp-json\/wp\/v2\/comments?post=7669"}],"version-history":[{"count":5,"href":"https:\/\/lararkarriar.se\/grundskola\/wp-json\/wp\/v2\/posts\/7669\/revisions"}],"predecessor-version":[{"id":8015,"href":"https:\/\/lararkarriar.se\/grundskola\/wp-json\/wp\/v2\/posts\/7669\/revisions\/8015"}],"wp:featuredmedia":[{"embeddable":true,"href":"https:\/\/lararkarriar.se\/grundskola\/wp-json\/wp\/v2\/media\/8016"}],"wp:attachment":[{"href":"https:\/\/lararkarriar.se\/grundskola\/wp-json\/wp\/v2\/media?parent=7669"}],"wp:term":[{"taxonomy":"category","embeddable":true,"href":"https:\/\/lararkarriar.se\/grundskola\/wp-json\/wp\/v2\/categories?post=7669"},{"taxonomy":"post_tag","embeddable":true,"href":"https:\/\/lararkarriar.se\/grundskola\/wp-json\/wp\/v2\/tags?post=7669"}],"curies":[{"name":"wp","href":"https:\/\/api.w.org\/{rel}","templated":true}]}}