{"id":7680,"date":"2022-10-04T09:01:44","date_gmt":"2022-10-04T09:01:44","guid":{"rendered":"https:\/\/lararkarriar.se\/grundskola\/?p=7680"},"modified":"2022-10-04T14:58:57","modified_gmt":"2022-10-04T14:58:57","slug":"vardegrundsarbetet-ger-trygghet-och-trivsel","status":"publish","type":"post","link":"https:\/\/lararkarriar.se\/grundskola\/2022\/10\/04\/vardegrundsarbetet-ger-trygghet-och-trivsel\/","title":{"rendered":"V\u00e4rdegrundsarbetet ger trygghet och trivsel!"},"content":{"rendered":"\n<figure class=\"wp-block-image size-full\"><img loading=\"lazy\" decoding=\"async\" width=\"1000\" height=\"614\" src=\"https:\/\/lararkarriar.se\/grundskola\/wp-content\/uploads\/sites\/12\/2022\/10\/bastad-framtidenskarriar26sept2022nr011.jpg\" alt=\"Camilla Persson, rektor p\u00e5 F\u00f6rsl\u00f6vs skola, Thomas Nerd, ordf\u00f6rande i utbildningsn\u00e4mnden, Inga-Britt Henriksson, skolchef, Jessica Arvidsson, tf. bitr\u00e4dande skolchef, och Johan Runemark, bitr\u00e4dande rektor p\u00e5 F\u00f6rsl\u00f6vs skola. Foto: Mette Ottosson\" class=\"wp-image-7681\" srcset=\"https:\/\/lararkarriar.se\/grundskola\/wp-content\/uploads\/sites\/12\/2022\/10\/bastad-framtidenskarriar26sept2022nr011.jpg 1000w, https:\/\/lararkarriar.se\/grundskola\/wp-content\/uploads\/sites\/12\/2022\/10\/bastad-framtidenskarriar26sept2022nr011-300x184.jpg 300w, https:\/\/lararkarriar.se\/grundskola\/wp-content\/uploads\/sites\/12\/2022\/10\/bastad-framtidenskarriar26sept2022nr011-768x472.jpg 768w, https:\/\/lararkarriar.se\/grundskola\/wp-content\/uploads\/sites\/12\/2022\/10\/bastad-framtidenskarriar26sept2022nr011-261x160.jpg 261w, https:\/\/lararkarriar.se\/grundskola\/wp-content\/uploads\/sites\/12\/2022\/10\/bastad-framtidenskarriar26sept2022nr011-526x323.jpg 526w, https:\/\/lararkarriar.se\/grundskola\/wp-content\/uploads\/sites\/12\/2022\/10\/bastad-framtidenskarriar26sept2022nr011-720x442.jpg 720w, https:\/\/lararkarriar.se\/grundskola\/wp-content\/uploads\/sites\/12\/2022\/10\/bastad-framtidenskarriar26sept2022nr011-960x589.jpg 960w\" sizes=\"auto, (max-width: 1000px) 100vw, 1000px\" \/><figcaption>Camilla Persson, rektor p\u00e5 F\u00f6rsl\u00f6vs skola, Thomas Nerd, ordf\u00f6rande i utbildningsn\u00e4mnden, Inga-Britt Henriksson, skolchef, Jessica Arvidsson, tf. bitr\u00e4dande skolchef, och Johan Runemark, bitr\u00e4dande rektor p\u00e5 F\u00f6rsl\u00f6vs skola. Foto: Mette Ottosson<\/figcaption><\/figure>\n\n\n\n<p><strong>I B\u00e5stads skolor st\u00e5r v\u00e4rdegrunden st\u00e4ndigt i fokus. H\u00e4r jobbar man systematiskt med dessa fr\u00e5gor, p\u00e5 alla niv\u00e5er.<br>\u2013 Det \u00e4r ett h\u00f6gt prioriterat omr\u00e5de. I slut\u00e4ndan handlar det ju om att skapa de b\u00e4sta f\u00f6ruts\u00e4ttningarna f\u00f6r elevernas l\u00e4rande, och en god arbetsmilj\u00f6 d\u00e4r s\u00e5v\u00e4l elever som pedagoger trivs, s\u00e4ger skolchef Inga-Britt Henriksson.<\/strong><\/p>\n\n\n\n<p>B\u00e5stads kommun har under flera \u00e5r arbetat med v\u00e4rdegrunden i skolan, fr\u00e5n den politiska ledningen till att aktivt involvera eleverna. Systematik och transparens genom hela kedjan \u00e4r ledord. Arbetet implementeras i kommunens alla skolor, och F\u00f6rsl\u00f6vs skola har varit lite av en pilotskola. Skolan har ett r\u00e5d med elevrepresentanter som jobbar med v\u00e4rdegrundsfr\u00e5gor. Fr\u00e5n \u00e5rskurs fyra har varje klass tv\u00e5 representanter som deltar i m\u00f6ten och sedan tar ut fr\u00e5gorna f\u00f6r att diskutera med sina klasskamrater. Arbetet har bland annat resulterat i tavlor med v\u00e4rdegrundsbudskap som finns uppsatta samt en hemsida som presenterar likabehandlingsplanen p\u00e5 ett l\u00e4ttillg\u00e4ngligt s\u00e4tt. Det finns ocks\u00e5 en spr\u00e5kbarometer f\u00f6r att uppt\u00e4cka kr\u00e4nkande spr\u00e5kbruk.<br>\u2013 Det f\u00f6rebyggande och fr\u00e4mjande arbetet har p\u00e5g\u00e5tt l\u00e4nge och mycket handlar om att g\u00f6ra eleverna delaktiga i v\u00e4rdegrundsfr\u00e5gor. Pedagoger och elever \u00e4r drivande i arbetet och eleverna brinner verkligen f\u00f6r det h\u00e4r. Det genomsyrar n\u00e4stan alla delar av verksamheten och vi arbetar i flera forum, med bland annat elevh\u00e4lsan och v\u00e4rdegrundsgruppen, ber\u00e4ttar Camilla Persson, rektor p\u00e5 F\u00f6rsl\u00f6vs skola.<\/p>\n\n\n\n<p class=\"has-color-white-01-color has-text-color has-background\" style=\"background-color:#00404e\"><strong><a href=\"https:\/\/www.bastad.se\/att-arbeta-i-bastad\/ledigajobb\/\" title=\"B\u00e5stads kommun HT22 pres jobb\" target=\"_blank\" rel=\"noreferrer noopener\">Jobba som l\u00e4rare med oss i B\u00e5stads skolor. <span style=\"text-decoration: underline;\">Klicka h\u00e4r f\u00f6r att se v\u00e5ra lediga tj\u00e4nster<\/span><\/a><\/strong><\/p>\n\n\n\n<p><strong>Digitalt verktyg<\/strong><br>En viktig del \u00e4r det digitala verktyget Draftit, som har anv\u00e4nts i tre \u00e5r. D\u00e4r rapporteras kr\u00e4nkningar, och sedan det inf\u00f6rdes har antalet anm\u00e4lda kr\u00e4nkningar \u00f6kat kraftigt.<br>\u2013 Det ser vi som oerh\u00f6rt positivt, f\u00f6r nu har vi f\u00e5tt mycket b\u00e4ttre koll p\u00e5 var och n\u00e4r kr\u00e4nkningar sker och kan agera snabbt med exempelvis \u00e4ndringar av rastvaktschema f\u00f6r att f\u00f6rebygga den h\u00e4r typen av h\u00e4ndelser. Det \u00e4r ett transparent system, med tydliga rutiner f\u00f6r analys och uppf\u00f6ljning. Detta \u00e4r en trygghet f\u00f6r s\u00e5v\u00e4l medarbetare som elever. Vi \u00e4r \u00f6vertygade om att p\u00e5 sikt kommer antalet kr\u00e4nkningar att minska, s\u00e4ger bitr\u00e4dande rektor Johan Runemark.<br>V\u00e4rdegrundsarbetet l\u00f6per som en r\u00f6d tr\u00e5d fr\u00e5n verksamheten till f\u00f6rvaltningen och den politiska ledningen. P\u00e5 f\u00f6rvaltningens ledningsm\u00f6ten, d\u00e4r samtliga rektorer deltar, \u00e4r det v\u00e4rdegrunden som st\u00e5r i fokus var tredje torsdag.<br>\u2013 Vi utg\u00e5r fr\u00e5n lagstiftningen och v\u00e5ra skyldigheter, men sedan tar vi steget l\u00e4ngre och ser hur vi kan arbeta ut\u00f6ver det. En viktig bit \u00e4r att identifiera de elever som utmanar mest, och kroka arm med olika myndigheter, som socialtj\u00e4nst och polis, f\u00f6r att hitta nya l\u00f6sningar. Detta \u00e4r en stor styrka i B\u00e5stad \u2013 vi har tydliga strukturer \u00f6ver hela linjen och ett v\u00e4ldigt bra samarbete \u00f6ver gr\u00e4nserna, ber\u00e4ttar skolchef Inga-Britt Henriksson.<br>Hon f\u00e5r medh\u00e5ll av Jessica Arvidsson, tf. bitr\u00e4dande skolchef med ansvar f\u00f6r utvecklingsfr\u00e5gor i B\u00e5stads kommun:<br>\u2013 Detta ger ett mer aggregerat s\u00e4tt att jobba med fr\u00e5gorna. Genom bland annat Draftit ser vi m\u00f6nster n\u00e4r det g\u00e4ller olika typer av kr\u00e4nkningar. Helhetsperspektivet \u00e4r viktigt och tillsammans blir vi b\u00e4ttre och b\u00e4ttre p\u00e5 att identifiera problem och hitta l\u00f6sningar som fungerar. Vi vet att l\u00e4rare uppskattar v\u00e5ra strukturer, s\u00e4ger hon.<\/p>\n\n\n\n<p><strong>Olika roller<\/strong><br>V\u00e4rdegrunden \u00e4r tydligt prioriterad \u00e4ven p\u00e5 den h\u00f6gsta politiska niv\u00e5n i utbildningsn\u00e4mnd och kommunstyrelse. Det \u00e4r viktigt att h\u00e5lla is\u00e4r de olika rollerna, menar Thomas Nerd, ordf\u00f6rande i utbildningsn\u00e4mnden.<br>\u2013 Jag \u00e4r inte inne i verksamhetsfr\u00e5gorna och petar, utan som politiker ansvarar jag f\u00f6r policy och budget. Det \u00e4r en framg\u00e5ngsfaktor n\u00e4r det finns tydliga roller, men att alla drar \u00e5t samma h\u00e5ll. Vi jobbar p\u00e5 olika s\u00e4tt, men har alla samma fokus och prioriteringar, s\u00e4ger han.<br>Till syvende och sist handlar v\u00e4rdegrundsarbetet om att skapa studiero och g\u00f6ra det m\u00f6jligt f\u00f6r eleverna att n\u00e5 goda resultat. Lika viktigt \u00e4r att medarbetarna har en bra arbetsmilj\u00f6, d\u00e4r de m\u00e5r bra och trivs. I B\u00e5stad kan du som l\u00e4rare fokusera p\u00e5 ditt viktiga uppdrag som pedagog och bli delaktig i att utveckla v\u00e4rdegrundsarbetet \u00e4n mer. H\u00e4r tar vi fr\u00e5gor om trygghet och trivsel p\u00e5 allvar!<\/p>\n\n\n\n<p class=\"has-color-white-01-color has-text-color has-background\" style=\"background-color:#00404e\"><strong><a href=\"https:\/\/www.bastad.se\/att-arbeta-i-bastad\/ledigajobb\/\" title=\"B\u00e5stads kommun HT22 pres jobb\" target=\"_blank\" rel=\"noreferrer noopener\">Jobba som l\u00e4rare med oss i B\u00e5stads skolor. <span style=\"text-decoration: underline;\">Klicka h\u00e4r f\u00f6r att se v\u00e5ra lediga tj\u00e4nster<\/span><\/a><\/strong><\/p>\n\n\n\n<div class=\"wp-block-group faktaruta\"><div class=\"wp-block-group__inner-container is-layout-flow wp-block-group-is-layout-flow\">\n<h6 class=\"wp-block-heading\">B\u00e5stads kommun &#8211; Barn &amp; Skola<\/h6>\n\n\n\n<p>B\u00e5stads kommun arbetar sedan flera \u00e5r tillbaka m\u00e5lmedvetet och fokuserat med v\u00e4rdegrundsfr\u00e5gor p\u00e5 alla niv\u00e5er i verksamheten. Man anv\u00e4nder det digitala verktyget Draftit med goda resultat och har transparens genom hela systemet. Elever \u00e4r en viktig och drivande del i arbetet. F\u00f6r dig som \u00e4r l\u00e4rare inneb\u00e4r detta st\u00f6rre arbetsro, trygghet och m\u00f6jlighet att fokusera p\u00e5 k\u00e4rnuppdraget \u2013 att undervisa!<br><br>Nyfiken? L\u00e4s mer p\u00e5 <strong><a href=\"https:\/\/www.bastad.se\/\" title=\"B\u00e5stads kommun HT22 pres textlink\" target=\"_blank\" rel=\"noreferrer noopener\">www.bastad.se<\/a><\/strong><br><br><a href=\"https:\/\/www.bastad.se\/\" title=\"B\u00e5stads kommun HT22 pres logotype\" target=\"_blank\" rel=\"noreferrer noopener\"><img loading=\"lazy\" decoding=\"async\" width=\"150\" height=\"63\" class=\"wp-image-7683\" style=\"width: 150px;\" src=\"https:\/\/lararkarriar.se\/grundskola\/wp-content\/uploads\/sites\/12\/2022\/10\/bastad-barnochskola-logo.png\" alt=\"\" srcset=\"https:\/\/lararkarriar.se\/grundskola\/wp-content\/uploads\/sites\/12\/2022\/10\/bastad-barnochskola-logo.png 500w, https:\/\/lararkarriar.se\/grundskola\/wp-content\/uploads\/sites\/12\/2022\/10\/bastad-barnochskola-logo-300x125.png 300w, https:\/\/lararkarriar.se\/grundskola\/wp-content\/uploads\/sites\/12\/2022\/10\/bastad-barnochskola-logo-383x160.png 383w\" sizes=\"auto, (max-width: 150px) 100vw, 150px\" \/><\/a><\/p>\n<\/div><\/div>\n","protected":false},"excerpt":{"rendered":"<p>H\u00e4r jobbar man systematiskt med v\u00e4rdegrundsfr\u00e5gor, p\u00e5 alla niv\u00e5er.<\/p>\n","protected":false},"author":2,"featured_media":7681,"comment_status":"open","ping_status":"open","sticky":false,"template":"","format":"standard","meta":{"_acf_changed":false,"_monsterinsights_skip_tracking":false,"_monsterinsights_sitenote_active":false,"_monsterinsights_sitenote_note":"","_monsterinsights_sitenote_category":0,"footnotes":""},"categories":[7],"tags":[39,431],"class_list":["post-7680","post","type-post","status-publish","format-standard","has-post-thumbnail","hentry","category-presentation","tag-bastads-kommun","tag-vardegrund"],"acf":[],"yoast_head":"<!-- This site is optimized with the Yoast SEO plugin v27.3 - https:\/\/yoast.com\/product\/yoast-seo-wordpress\/ -->\n<title>V\u00e4rdegrundsarbetet ger trygghet och trivsel! - Framtidens Karri\u00e4r \u2013 Grundskolel\u00e4rare<\/title>\n<meta name=\"robots\" content=\"index, follow, max-snippet:-1, max-image-preview:large, max-video-preview:-1\" \/>\n<link rel=\"canonical\" href=\"https:\/\/lararkarriar.se\/grundskola\/2022\/10\/04\/vardegrundsarbetet-ger-trygghet-och-trivsel\/\" \/>\n<meta property=\"og:locale\" content=\"sv_SE\" \/>\n<meta property=\"og:type\" content=\"article\" \/>\n<meta property=\"og:title\" content=\"V\u00e4rdegrundsarbetet ger trygghet och trivsel! - Framtidens Karri\u00e4r \u2013 Grundskolel\u00e4rare\" \/>\n<meta property=\"og:description\" content=\"H\u00e4r jobbar man systematiskt med v\u00e4rdegrundsfr\u00e5gor, p\u00e5 alla niv\u00e5er.\" \/>\n<meta property=\"og:url\" content=\"https:\/\/lararkarriar.se\/grundskola\/2022\/10\/04\/vardegrundsarbetet-ger-trygghet-och-trivsel\/\" \/>\n<meta property=\"og:site_name\" content=\"Framtidens Karri\u00e4r \u2013 Grundskolel\u00e4rare\" \/>\n<meta property=\"article:published_time\" content=\"2022-10-04T09:01:44+00:00\" \/>\n<meta property=\"article:modified_time\" content=\"2022-10-04T14:58:57+00:00\" \/>\n<meta property=\"og:image\" content=\"https:\/\/lararkarriar.se\/grundskola\/wp-content\/uploads\/sites\/12\/2022\/10\/bastad-framtidenskarriar26sept2022nr011.jpg\" \/>\n\t<meta property=\"og:image:width\" content=\"1000\" \/>\n\t<meta property=\"og:image:height\" content=\"614\" \/>\n\t<meta property=\"og:image:type\" content=\"image\/jpeg\" \/>\n<meta name=\"author\" content=\"viktorwallen\" \/>\n<meta name=\"twitter:card\" content=\"summary_large_image\" \/>\n<meta name=\"twitter:label1\" content=\"Skriven av\" \/>\n\t<meta name=\"twitter:data1\" content=\"viktorwallen\" \/>\n\t<meta name=\"twitter:label2\" content=\"Ber\u00e4knad l\u00e4stid\" \/>\n\t<meta name=\"twitter:data2\" content=\"5 minuter\" \/>\n<script type=\"application\/ld+json\" class=\"yoast-schema-graph\">{\"@context\":\"https:\\\/\\\/schema.org\",\"@graph\":[{\"@type\":\"Article\",\"@id\":\"https:\\\/\\\/lararkarriar.se\\\/grundskola\\\/2022\\\/10\\\/04\\\/vardegrundsarbetet-ger-trygghet-och-trivsel\\\/#article\",\"isPartOf\":{\"@id\":\"https:\\\/\\\/lararkarriar.se\\\/grundskola\\\/2022\\\/10\\\/04\\\/vardegrundsarbetet-ger-trygghet-och-trivsel\\\/\"},\"author\":{\"name\":\"viktorwallen\",\"@id\":\"https:\\\/\\\/lararkarriar.se\\\/grundskola\\\/#\\\/schema\\\/person\\\/2a13a849ec7646386c2211f59afe3083\"},\"headline\":\"V\u00e4rdegrundsarbetet ger trygghet och trivsel!\",\"datePublished\":\"2022-10-04T09:01:44+00:00\",\"dateModified\":\"2022-10-04T14:58:57+00:00\",\"mainEntityOfPage\":{\"@id\":\"https:\\\/\\\/lararkarriar.se\\\/grundskola\\\/2022\\\/10\\\/04\\\/vardegrundsarbetet-ger-trygghet-och-trivsel\\\/\"},\"wordCount\":959,\"commentCount\":0,\"image\":{\"@id\":\"https:\\\/\\\/lararkarriar.se\\\/grundskola\\\/2022\\\/10\\\/04\\\/vardegrundsarbetet-ger-trygghet-och-trivsel\\\/#primaryimage\"},\"thumbnailUrl\":\"https:\\\/\\\/lararkarriar.se\\\/grundskola\\\/wp-content\\\/uploads\\\/sites\\\/12\\\/2022\\\/10\\\/bastad-framtidenskarriar26sept2022nr011.jpg\",\"keywords\":[\"B\u00e5stads kommun\",\"V\u00e4rdegrund\"],\"articleSection\":[\"Presentation\"],\"inLanguage\":\"sv-SE\",\"potentialAction\":[{\"@type\":\"CommentAction\",\"name\":\"Comment\",\"target\":[\"https:\\\/\\\/lararkarriar.se\\\/grundskola\\\/2022\\\/10\\\/04\\\/vardegrundsarbetet-ger-trygghet-och-trivsel\\\/#respond\"]}]},{\"@type\":\"WebPage\",\"@id\":\"https:\\\/\\\/lararkarriar.se\\\/grundskola\\\/2022\\\/10\\\/04\\\/vardegrundsarbetet-ger-trygghet-och-trivsel\\\/\",\"url\":\"https:\\\/\\\/lararkarriar.se\\\/grundskola\\\/2022\\\/10\\\/04\\\/vardegrundsarbetet-ger-trygghet-och-trivsel\\\/\",\"name\":\"V\u00e4rdegrundsarbetet ger trygghet och trivsel! - Framtidens Karri\u00e4r \u2013 Grundskolel\u00e4rare\",\"isPartOf\":{\"@id\":\"https:\\\/\\\/lararkarriar.se\\\/grundskola\\\/#website\"},\"primaryImageOfPage\":{\"@id\":\"https:\\\/\\\/lararkarriar.se\\\/grundskola\\\/2022\\\/10\\\/04\\\/vardegrundsarbetet-ger-trygghet-och-trivsel\\\/#primaryimage\"},\"image\":{\"@id\":\"https:\\\/\\\/lararkarriar.se\\\/grundskola\\\/2022\\\/10\\\/04\\\/vardegrundsarbetet-ger-trygghet-och-trivsel\\\/#primaryimage\"},\"thumbnailUrl\":\"https:\\\/\\\/lararkarriar.se\\\/grundskola\\\/wp-content\\\/uploads\\\/sites\\\/12\\\/2022\\\/10\\\/bastad-framtidenskarriar26sept2022nr011.jpg\",\"datePublished\":\"2022-10-04T09:01:44+00:00\",\"dateModified\":\"2022-10-04T14:58:57+00:00\",\"author\":{\"@id\":\"https:\\\/\\\/lararkarriar.se\\\/grundskola\\\/#\\\/schema\\\/person\\\/2a13a849ec7646386c2211f59afe3083\"},\"breadcrumb\":{\"@id\":\"https:\\\/\\\/lararkarriar.se\\\/grundskola\\\/2022\\\/10\\\/04\\\/vardegrundsarbetet-ger-trygghet-och-trivsel\\\/#breadcrumb\"},\"inLanguage\":\"sv-SE\",\"potentialAction\":[{\"@type\":\"ReadAction\",\"target\":[\"https:\\\/\\\/lararkarriar.se\\\/grundskola\\\/2022\\\/10\\\/04\\\/vardegrundsarbetet-ger-trygghet-och-trivsel\\\/\"]}]},{\"@type\":\"ImageObject\",\"inLanguage\":\"sv-SE\",\"@id\":\"https:\\\/\\\/lararkarriar.se\\\/grundskola\\\/2022\\\/10\\\/04\\\/vardegrundsarbetet-ger-trygghet-och-trivsel\\\/#primaryimage\",\"url\":\"https:\\\/\\\/lararkarriar.se\\\/grundskola\\\/wp-content\\\/uploads\\\/sites\\\/12\\\/2022\\\/10\\\/bastad-framtidenskarriar26sept2022nr011.jpg\",\"contentUrl\":\"https:\\\/\\\/lararkarriar.se\\\/grundskola\\\/wp-content\\\/uploads\\\/sites\\\/12\\\/2022\\\/10\\\/bastad-framtidenskarriar26sept2022nr011.jpg\",\"width\":1000,\"height\":614,\"caption\":\"Camilla Persson, rektor p\u00e5 F\u00f6rsl\u00f6vs skola, Thomas Nerd, ordf\u00f6rande i utbildningsn\u00e4mnden, Inga-Britt Henriksson, skolchef, Jessica Arvidsson, tf. bitr\u00e4dande skolchef, och Johan Runemark, bitr\u00e4dande rektor p\u00e5 F\u00f6rsl\u00f6vs skola. Foto: Mette Ottosson\"},{\"@type\":\"BreadcrumbList\",\"@id\":\"https:\\\/\\\/lararkarriar.se\\\/grundskola\\\/2022\\\/10\\\/04\\\/vardegrundsarbetet-ger-trygghet-och-trivsel\\\/#breadcrumb\",\"itemListElement\":[{\"@type\":\"ListItem\",\"position\":1,\"name\":\"Home\",\"item\":\"https:\\\/\\\/lararkarriar.se\\\/grundskola\\\/\"},{\"@type\":\"ListItem\",\"position\":2,\"name\":\"V\u00e4rdegrundsarbetet ger trygghet och trivsel!\"}]},{\"@type\":\"WebSite\",\"@id\":\"https:\\\/\\\/lararkarriar.se\\\/grundskola\\\/#website\",\"url\":\"https:\\\/\\\/lararkarriar.se\\\/grundskola\\\/\",\"name\":\"Framtidens Karri\u00e4r \u2013 Grundskolel\u00e4rare\",\"description\":\"Just another NMDashboard.se Sites site\",\"potentialAction\":[{\"@type\":\"SearchAction\",\"target\":{\"@type\":\"EntryPoint\",\"urlTemplate\":\"https:\\\/\\\/lararkarriar.se\\\/grundskola\\\/?s={search_term_string}\"},\"query-input\":{\"@type\":\"PropertyValueSpecification\",\"valueRequired\":true,\"valueName\":\"search_term_string\"}}],\"inLanguage\":\"sv-SE\"},{\"@type\":\"Person\",\"@id\":\"https:\\\/\\\/lararkarriar.se\\\/grundskola\\\/#\\\/schema\\\/person\\\/2a13a849ec7646386c2211f59afe3083\",\"name\":\"viktorwallen\",\"image\":{\"@type\":\"ImageObject\",\"inLanguage\":\"sv-SE\",\"@id\":\"https:\\\/\\\/secure.gravatar.com\\\/avatar\\\/701701bd36169636031933997c8c6b954f2f635bbb7cd4802e4a007f9c9f4e59?s=96&d=mm&r=g\",\"url\":\"https:\\\/\\\/secure.gravatar.com\\\/avatar\\\/701701bd36169636031933997c8c6b954f2f635bbb7cd4802e4a007f9c9f4e59?s=96&d=mm&r=g\",\"contentUrl\":\"https:\\\/\\\/secure.gravatar.com\\\/avatar\\\/701701bd36169636031933997c8c6b954f2f635bbb7cd4802e4a007f9c9f4e59?s=96&d=mm&r=g\",\"caption\":\"viktorwallen\"},\"url\":\"https:\\\/\\\/lararkarriar.se\\\/grundskola\\\/author\\\/viktorwallen\\\/\"}]}<\/script>\n<!-- \/ Yoast SEO plugin. -->","yoast_head_json":{"title":"V\u00e4rdegrundsarbetet ger trygghet och trivsel! - Framtidens Karri\u00e4r \u2013 Grundskolel\u00e4rare","robots":{"index":"index","follow":"follow","max-snippet":"max-snippet:-1","max-image-preview":"max-image-preview:large","max-video-preview":"max-video-preview:-1"},"canonical":"https:\/\/lararkarriar.se\/grundskola\/2022\/10\/04\/vardegrundsarbetet-ger-trygghet-och-trivsel\/","og_locale":"sv_SE","og_type":"article","og_title":"V\u00e4rdegrundsarbetet ger trygghet och trivsel! - Framtidens Karri\u00e4r \u2013 Grundskolel\u00e4rare","og_description":"H\u00e4r jobbar man systematiskt med v\u00e4rdegrundsfr\u00e5gor, p\u00e5 alla niv\u00e5er.","og_url":"https:\/\/lararkarriar.se\/grundskola\/2022\/10\/04\/vardegrundsarbetet-ger-trygghet-och-trivsel\/","og_site_name":"Framtidens Karri\u00e4r \u2013 Grundskolel\u00e4rare","article_published_time":"2022-10-04T09:01:44+00:00","article_modified_time":"2022-10-04T14:58:57+00:00","og_image":[{"width":1000,"height":614,"url":"https:\/\/lararkarriar.se\/grundskola\/wp-content\/uploads\/sites\/12\/2022\/10\/bastad-framtidenskarriar26sept2022nr011.jpg","type":"image\/jpeg"}],"author":"viktorwallen","twitter_card":"summary_large_image","twitter_misc":{"Skriven av":"viktorwallen","Ber\u00e4knad l\u00e4stid":"5 minuter"},"schema":{"@context":"https:\/\/schema.org","@graph":[{"@type":"Article","@id":"https:\/\/lararkarriar.se\/grundskola\/2022\/10\/04\/vardegrundsarbetet-ger-trygghet-och-trivsel\/#article","isPartOf":{"@id":"https:\/\/lararkarriar.se\/grundskola\/2022\/10\/04\/vardegrundsarbetet-ger-trygghet-och-trivsel\/"},"author":{"name":"viktorwallen","@id":"https:\/\/lararkarriar.se\/grundskola\/#\/schema\/person\/2a13a849ec7646386c2211f59afe3083"},"headline":"V\u00e4rdegrundsarbetet ger trygghet och trivsel!","datePublished":"2022-10-04T09:01:44+00:00","dateModified":"2022-10-04T14:58:57+00:00","mainEntityOfPage":{"@id":"https:\/\/lararkarriar.se\/grundskola\/2022\/10\/04\/vardegrundsarbetet-ger-trygghet-och-trivsel\/"},"wordCount":959,"commentCount":0,"image":{"@id":"https:\/\/lararkarriar.se\/grundskola\/2022\/10\/04\/vardegrundsarbetet-ger-trygghet-och-trivsel\/#primaryimage"},"thumbnailUrl":"https:\/\/lararkarriar.se\/grundskola\/wp-content\/uploads\/sites\/12\/2022\/10\/bastad-framtidenskarriar26sept2022nr011.jpg","keywords":["B\u00e5stads kommun","V\u00e4rdegrund"],"articleSection":["Presentation"],"inLanguage":"sv-SE","potentialAction":[{"@type":"CommentAction","name":"Comment","target":["https:\/\/lararkarriar.se\/grundskola\/2022\/10\/04\/vardegrundsarbetet-ger-trygghet-och-trivsel\/#respond"]}]},{"@type":"WebPage","@id":"https:\/\/lararkarriar.se\/grundskola\/2022\/10\/04\/vardegrundsarbetet-ger-trygghet-och-trivsel\/","url":"https:\/\/lararkarriar.se\/grundskola\/2022\/10\/04\/vardegrundsarbetet-ger-trygghet-och-trivsel\/","name":"V\u00e4rdegrundsarbetet ger trygghet och trivsel! - Framtidens Karri\u00e4r \u2013 Grundskolel\u00e4rare","isPartOf":{"@id":"https:\/\/lararkarriar.se\/grundskola\/#website"},"primaryImageOfPage":{"@id":"https:\/\/lararkarriar.se\/grundskola\/2022\/10\/04\/vardegrundsarbetet-ger-trygghet-och-trivsel\/#primaryimage"},"image":{"@id":"https:\/\/lararkarriar.se\/grundskola\/2022\/10\/04\/vardegrundsarbetet-ger-trygghet-och-trivsel\/#primaryimage"},"thumbnailUrl":"https:\/\/lararkarriar.se\/grundskola\/wp-content\/uploads\/sites\/12\/2022\/10\/bastad-framtidenskarriar26sept2022nr011.jpg","datePublished":"2022-10-04T09:01:44+00:00","dateModified":"2022-10-04T14:58:57+00:00","author":{"@id":"https:\/\/lararkarriar.se\/grundskola\/#\/schema\/person\/2a13a849ec7646386c2211f59afe3083"},"breadcrumb":{"@id":"https:\/\/lararkarriar.se\/grundskola\/2022\/10\/04\/vardegrundsarbetet-ger-trygghet-och-trivsel\/#breadcrumb"},"inLanguage":"sv-SE","potentialAction":[{"@type":"ReadAction","target":["https:\/\/lararkarriar.se\/grundskola\/2022\/10\/04\/vardegrundsarbetet-ger-trygghet-och-trivsel\/"]}]},{"@type":"ImageObject","inLanguage":"sv-SE","@id":"https:\/\/lararkarriar.se\/grundskola\/2022\/10\/04\/vardegrundsarbetet-ger-trygghet-och-trivsel\/#primaryimage","url":"https:\/\/lararkarriar.se\/grundskola\/wp-content\/uploads\/sites\/12\/2022\/10\/bastad-framtidenskarriar26sept2022nr011.jpg","contentUrl":"https:\/\/lararkarriar.se\/grundskola\/wp-content\/uploads\/sites\/12\/2022\/10\/bastad-framtidenskarriar26sept2022nr011.jpg","width":1000,"height":614,"caption":"Camilla Persson, rektor p\u00e5 F\u00f6rsl\u00f6vs skola, Thomas Nerd, ordf\u00f6rande i utbildningsn\u00e4mnden, Inga-Britt Henriksson, skolchef, Jessica Arvidsson, tf. bitr\u00e4dande skolchef, och Johan Runemark, bitr\u00e4dande rektor p\u00e5 F\u00f6rsl\u00f6vs skola. Foto: Mette Ottosson"},{"@type":"BreadcrumbList","@id":"https:\/\/lararkarriar.se\/grundskola\/2022\/10\/04\/vardegrundsarbetet-ger-trygghet-och-trivsel\/#breadcrumb","itemListElement":[{"@type":"ListItem","position":1,"name":"Home","item":"https:\/\/lararkarriar.se\/grundskola\/"},{"@type":"ListItem","position":2,"name":"V\u00e4rdegrundsarbetet ger trygghet och trivsel!"}]},{"@type":"WebSite","@id":"https:\/\/lararkarriar.se\/grundskola\/#website","url":"https:\/\/lararkarriar.se\/grundskola\/","name":"Framtidens Karri\u00e4r \u2013 Grundskolel\u00e4rare","description":"Just another NMDashboard.se Sites site","potentialAction":[{"@type":"SearchAction","target":{"@type":"EntryPoint","urlTemplate":"https:\/\/lararkarriar.se\/grundskola\/?s={search_term_string}"},"query-input":{"@type":"PropertyValueSpecification","valueRequired":true,"valueName":"search_term_string"}}],"inLanguage":"sv-SE"},{"@type":"Person","@id":"https:\/\/lararkarriar.se\/grundskola\/#\/schema\/person\/2a13a849ec7646386c2211f59afe3083","name":"viktorwallen","image":{"@type":"ImageObject","inLanguage":"sv-SE","@id":"https:\/\/secure.gravatar.com\/avatar\/701701bd36169636031933997c8c6b954f2f635bbb7cd4802e4a007f9c9f4e59?s=96&d=mm&r=g","url":"https:\/\/secure.gravatar.com\/avatar\/701701bd36169636031933997c8c6b954f2f635bbb7cd4802e4a007f9c9f4e59?s=96&d=mm&r=g","contentUrl":"https:\/\/secure.gravatar.com\/avatar\/701701bd36169636031933997c8c6b954f2f635bbb7cd4802e4a007f9c9f4e59?s=96&d=mm&r=g","caption":"viktorwallen"},"url":"https:\/\/lararkarriar.se\/grundskola\/author\/viktorwallen\/"}]}},"_links":{"self":[{"href":"https:\/\/lararkarriar.se\/grundskola\/wp-json\/wp\/v2\/posts\/7680","targetHints":{"allow":["GET"]}}],"collection":[{"href":"https:\/\/lararkarriar.se\/grundskola\/wp-json\/wp\/v2\/posts"}],"about":[{"href":"https:\/\/lararkarriar.se\/grundskola\/wp-json\/wp\/v2\/types\/post"}],"author":[{"embeddable":true,"href":"https:\/\/lararkarriar.se\/grundskola\/wp-json\/wp\/v2\/users\/2"}],"replies":[{"embeddable":true,"href":"https:\/\/lararkarriar.se\/grundskola\/wp-json\/wp\/v2\/comments?post=7680"}],"version-history":[{"count":4,"href":"https:\/\/lararkarriar.se\/grundskola\/wp-json\/wp\/v2\/posts\/7680\/revisions"}],"predecessor-version":[{"id":7981,"href":"https:\/\/lararkarriar.se\/grundskola\/wp-json\/wp\/v2\/posts\/7680\/revisions\/7981"}],"wp:featuredmedia":[{"embeddable":true,"href":"https:\/\/lararkarriar.se\/grundskola\/wp-json\/wp\/v2\/media\/7681"}],"wp:attachment":[{"href":"https:\/\/lararkarriar.se\/grundskola\/wp-json\/wp\/v2\/media?parent=7680"}],"wp:term":[{"taxonomy":"category","embeddable":true,"href":"https:\/\/lararkarriar.se\/grundskola\/wp-json\/wp\/v2\/categories?post=7680"},{"taxonomy":"post_tag","embeddable":true,"href":"https:\/\/lararkarriar.se\/grundskola\/wp-json\/wp\/v2\/tags?post=7680"}],"curies":[{"name":"wp","href":"https:\/\/api.w.org\/{rel}","templated":true}]}}