{"id":7752,"date":"2022-10-04T09:36:21","date_gmt":"2022-10-04T09:36:21","guid":{"rendered":"https:\/\/lararkarriar.se\/grundskola\/?p=7752"},"modified":"2022-10-04T09:36:23","modified_gmt":"2022-10-04T09:36:23","slug":"molndal-ligger-i-frontlinjen-for-datadriven-skolutveckling","status":"publish","type":"post","link":"https:\/\/lararkarriar.se\/grundskola\/2022\/10\/04\/molndal-ligger-i-frontlinjen-for-datadriven-skolutveckling\/","title":{"rendered":"M\u00f6lndal ligger i frontlinjen f\u00f6r datadriven skolutveckling"},"content":{"rendered":"\n<figure class=\"wp-block-image size-full\"><img loading=\"lazy\" decoding=\"async\" width=\"1000\" height=\"611\" src=\"https:\/\/lararkarriar.se\/grundskola\/wp-content\/uploads\/sites\/12\/2022\/10\/grund2-fredrikhellsten.jpg\" alt=\"\" class=\"wp-image-7753\" srcset=\"https:\/\/lararkarriar.se\/grundskola\/wp-content\/uploads\/sites\/12\/2022\/10\/grund2-fredrikhellsten.jpg 1000w, https:\/\/lararkarriar.se\/grundskola\/wp-content\/uploads\/sites\/12\/2022\/10\/grund2-fredrikhellsten-300x183.jpg 300w, https:\/\/lararkarriar.se\/grundskola\/wp-content\/uploads\/sites\/12\/2022\/10\/grund2-fredrikhellsten-768x469.jpg 768w, https:\/\/lararkarriar.se\/grundskola\/wp-content\/uploads\/sites\/12\/2022\/10\/grund2-fredrikhellsten-262x160.jpg 262w, https:\/\/lararkarriar.se\/grundskola\/wp-content\/uploads\/sites\/12\/2022\/10\/grund2-fredrikhellsten-526x321.jpg 526w, https:\/\/lararkarriar.se\/grundskola\/wp-content\/uploads\/sites\/12\/2022\/10\/grund2-fredrikhellsten-720x440.jpg 720w, https:\/\/lararkarriar.se\/grundskola\/wp-content\/uploads\/sites\/12\/2022\/10\/grund2-fredrikhellsten-960x587.jpg 960w\" sizes=\"auto, (max-width: 1000px) 100vw, 1000px\" \/><figcaption>Fredrik Hellsten, f\u00f6rvaltningschef p\u00e5 skolf\u00f6rvaltningen i M\u00f6lndals kommun. Foto: Emmy Jonsson<\/figcaption><\/figure>\n\n\n\n<p><strong>M\u00f6lndal \u00e4r en tillv\u00e4xtkommun som v\u00e5gar satsa, inte minst p\u00e5 grundskoleutveckling. H\u00e4r kombineras centrala utvecklingsprojekt med lokala initiativ. N\u00e5gra av de omr\u00e5den som kommunens grundskolor satsar lite extra p\u00e5 \u00e4r digitalisering, kompetensutveckling och datadriven skolutveckling.<\/strong><\/p>\n\n\n\n<p>\u2013 M\u00f6lndal \u00e4r en kommun p\u00e5 frammarsch. Vi har en ambiti\u00f6s plan f\u00f6r renovering och nybyggnation av skolor och f\u00f6rskolor med en investeringstakt som \u00e4r tre g\u00e5nger h\u00f6gre \u00e4n genomsnittskommunen, s\u00e4ger Fredrik Hellsten, f\u00f6rvaltningschef p\u00e5 skolf\u00f6rvaltningen i M\u00f6lndals kommun.<br>En viktig bas f\u00f6r skolutvecklingsarbetet i M\u00f6lndal \u00e4r det dialogbaserade arbetss\u00e4ttet och den tillitsbaserade skolutvecklingen, som utg\u00f6r fundament f\u00f6r p\u00e5g\u00e5ende satsningar.<br>\u2013 Digitaliseringsfr\u00e5gor st\u00e5r h\u00f6gt p\u00e5 agendan i v\u00e5ra skolor. Vi var tidigt ute n\u00e4r vi inledde v\u00e5r digitaliseringssatsning f\u00f6r tio \u00e5r sedan och i dagsl\u00e4get har vi en god tillg\u00e5ng till digitala verktyg. Kommunen har tillf\u00f6rt ytterligare 10 miljoner kronor i budgeten f\u00f6r digitala l\u00e4rresurser, pengar som ska anv\u00e4ndas till b\u00e5de digitala l\u00e4rverktyg och digital infrastruktur, s\u00e4ger Fredrik Hellsten.<\/p>\n\n\n\n<blockquote class=\"wp-block-quote is-layout-flow wp-block-quote-is-layout-flow\"><p>&#8221;Digitaliseringsfr\u00e5gor st\u00e5r h\u00f6gt p\u00e5 agendan i v\u00e5ra skolor.&#8221;<\/p><\/blockquote>\n\n\n\n<p><strong>Digitalt verktyg samlar skoldata<\/strong><br>\u2013 En av v\u00e5ra mest intressanta satsningar just nu \u00e4r pilotprojektet Inblick, med fokus p\u00e5 datadriven skolutveckling. Det \u00e4r ett digitalt verktyg som samlar skolans data och g\u00f6r den analyserbar, tillg\u00e4nglig och \u00f6versk\u00e5dlig. Det skapar f\u00f6ruts\u00e4ttningar f\u00f6r ett mer strategiskt s\u00e4tt att arbeta med skolutveckling. Inblick m\u00f6jligg\u00f6r dessutom ett fokus p\u00e5 elevernas v\u00e4lm\u00e5ende och ett f\u00f6rb\u00e4ttrat resultat. Hela samh\u00e4llet blir mer datadrivet, och det \u00e4r viktigt att vi i skolan ocks\u00e5 tillvaratar de m\u00f6jligheter som kommer med ny teknik, s\u00e4ger Fredrik Hellsten.<br>Ett annat exempel p\u00e5 digitalisering \u00e4r den AI-baserade screening av elevers l\u00e4sf\u00f6rm\u00e5ga som g\u00f6rs minst en g\u00e5ng varje l\u00e4s\u00e5r p\u00e5 samtliga grundskolor i M\u00f6lndal, fr\u00e5n f\u00f6rskoleklass till \u00e5rskurs sex. Dessutom g\u00f6rs uppf\u00f6ljande tester som kontinuerligt f\u00e5ngar upp elever som beh\u00f6ver s\u00e4rskilt st\u00f6d i sin l\u00e4sutveckling. Screeningen underl\u00e4ttar skolornas arbete med att s\u00e4tta in r\u00e4tt insatser i r\u00e4tt tid.<\/p>\n\n\n\n<p><strong>Webbaserad l\u00e4rarakademi<\/strong><br>\u2013 L\u00e4raryrket f\u00f6r\u00e4ndras i snabb takt och l\u00e4rare idag beh\u00f6ver vara f\u00f6r\u00e4ndringsagenter som utvecklar verksamheten i dialog med eleverna. D\u00e4rf\u00f6r beh\u00f6ver man hela tiden forts\u00e4tta att utvecklas i yrket, s\u00e4ger Fredrik Hellsten.<br>M\u00f6lndals kommun genomf\u00f6r d\u00e4rf\u00f6r satsningar p\u00e5 kompetensutveckling, och nu finns extra medel avsatta f\u00f6r kompetensutveckling inom digitalisering f\u00f6r grundskolan. Tanken \u00e4r att rusta l\u00e4rarna f\u00f6r den omst\u00e4llning som sker. Ambitionen \u00e4r bland annat att skapa en webbaserad akademi f\u00f6r kommunens l\u00e4rare.<\/p>\n","protected":false},"excerpt":{"rendered":"<p>M\u00f6lndal \u00e4r en tillv\u00e4xtkommun som v\u00e5gar satsa, inte minst p\u00e5 grundskoleutveckling.<\/p>\n","protected":false},"author":3,"featured_media":7753,"comment_status":"open","ping_status":"open","sticky":false,"template":"","format":"standard","meta":{"_acf_changed":false,"_monsterinsights_skip_tracking":false,"_monsterinsights_sitenote_active":false,"_monsterinsights_sitenote_note":"","_monsterinsights_sitenote_category":0,"footnotes":""},"categories":[1],"tags":[499,342],"class_list":["post-7752","post","type-post","status-publish","format-standard","has-post-thumbnail","hentry","category-artikel","tag-molndals-stad","tag-skolutveckling"],"acf":[],"yoast_head":"<!-- This site is optimized with the Yoast SEO plugin v27.3 - https:\/\/yoast.com\/product\/yoast-seo-wordpress\/ -->\n<title>M\u00f6lndal ligger i frontlinjen f\u00f6r datadriven skolutveckling - Framtidens Karri\u00e4r \u2013 Grundskolel\u00e4rare<\/title>\n<meta name=\"robots\" content=\"index, follow, max-snippet:-1, max-image-preview:large, max-video-preview:-1\" \/>\n<link rel=\"canonical\" href=\"https:\/\/lararkarriar.se\/grundskola\/2022\/10\/04\/molndal-ligger-i-frontlinjen-for-datadriven-skolutveckling\/\" \/>\n<meta property=\"og:locale\" content=\"sv_SE\" \/>\n<meta property=\"og:type\" content=\"article\" \/>\n<meta property=\"og:title\" content=\"M\u00f6lndal ligger i frontlinjen f\u00f6r datadriven skolutveckling - Framtidens Karri\u00e4r \u2013 Grundskolel\u00e4rare\" \/>\n<meta property=\"og:description\" content=\"M\u00f6lndal \u00e4r en tillv\u00e4xtkommun som v\u00e5gar satsa, inte minst p\u00e5 grundskoleutveckling.\" \/>\n<meta property=\"og:url\" content=\"https:\/\/lararkarriar.se\/grundskola\/2022\/10\/04\/molndal-ligger-i-frontlinjen-for-datadriven-skolutveckling\/\" \/>\n<meta property=\"og:site_name\" content=\"Framtidens Karri\u00e4r \u2013 Grundskolel\u00e4rare\" \/>\n<meta property=\"article:published_time\" content=\"2022-10-04T09:36:21+00:00\" \/>\n<meta property=\"article:modified_time\" content=\"2022-10-04T09:36:23+00:00\" \/>\n<meta property=\"og:image\" content=\"https:\/\/lararkarriar.se\/grundskola\/wp-content\/uploads\/sites\/12\/2022\/10\/grund2-fredrikhellsten.jpg\" \/>\n\t<meta property=\"og:image:width\" content=\"1000\" \/>\n\t<meta property=\"og:image:height\" content=\"611\" \/>\n\t<meta property=\"og:image:type\" content=\"image\/jpeg\" \/>\n<meta name=\"author\" content=\"stellanstal\" \/>\n<meta name=\"twitter:card\" content=\"summary_large_image\" \/>\n<meta name=\"twitter:label1\" content=\"Skriven av\" \/>\n\t<meta name=\"twitter:data1\" content=\"stellanstal\" \/>\n\t<meta name=\"twitter:label2\" content=\"Ber\u00e4knad l\u00e4stid\" \/>\n\t<meta name=\"twitter:data2\" content=\"3 minuter\" \/>\n<script type=\"application\/ld+json\" class=\"yoast-schema-graph\">{\"@context\":\"https:\\\/\\\/schema.org\",\"@graph\":[{\"@type\":\"Article\",\"@id\":\"https:\\\/\\\/lararkarriar.se\\\/grundskola\\\/2022\\\/10\\\/04\\\/molndal-ligger-i-frontlinjen-for-datadriven-skolutveckling\\\/#article\",\"isPartOf\":{\"@id\":\"https:\\\/\\\/lararkarriar.se\\\/grundskola\\\/2022\\\/10\\\/04\\\/molndal-ligger-i-frontlinjen-for-datadriven-skolutveckling\\\/\"},\"author\":{\"name\":\"stellanstal\",\"@id\":\"https:\\\/\\\/lararkarriar.se\\\/grundskola\\\/#\\\/schema\\\/person\\\/c8a43eb855191e573b73ecf8987a3b99\"},\"headline\":\"M\u00f6lndal ligger i frontlinjen f\u00f6r datadriven skolutveckling\",\"datePublished\":\"2022-10-04T09:36:21+00:00\",\"dateModified\":\"2022-10-04T09:36:23+00:00\",\"mainEntityOfPage\":{\"@id\":\"https:\\\/\\\/lararkarriar.se\\\/grundskola\\\/2022\\\/10\\\/04\\\/molndal-ligger-i-frontlinjen-for-datadriven-skolutveckling\\\/\"},\"wordCount\":504,\"commentCount\":0,\"image\":{\"@id\":\"https:\\\/\\\/lararkarriar.se\\\/grundskola\\\/2022\\\/10\\\/04\\\/molndal-ligger-i-frontlinjen-for-datadriven-skolutveckling\\\/#primaryimage\"},\"thumbnailUrl\":\"https:\\\/\\\/lararkarriar.se\\\/grundskola\\\/wp-content\\\/uploads\\\/sites\\\/12\\\/2022\\\/10\\\/grund2-fredrikhellsten.jpg\",\"keywords\":[\"M\u00f6lndals stad\",\"Skolutveckling\"],\"articleSection\":[\"Artikel\"],\"inLanguage\":\"sv-SE\",\"potentialAction\":[{\"@type\":\"CommentAction\",\"name\":\"Comment\",\"target\":[\"https:\\\/\\\/lararkarriar.se\\\/grundskola\\\/2022\\\/10\\\/04\\\/molndal-ligger-i-frontlinjen-for-datadriven-skolutveckling\\\/#respond\"]}]},{\"@type\":\"WebPage\",\"@id\":\"https:\\\/\\\/lararkarriar.se\\\/grundskola\\\/2022\\\/10\\\/04\\\/molndal-ligger-i-frontlinjen-for-datadriven-skolutveckling\\\/\",\"url\":\"https:\\\/\\\/lararkarriar.se\\\/grundskola\\\/2022\\\/10\\\/04\\\/molndal-ligger-i-frontlinjen-for-datadriven-skolutveckling\\\/\",\"name\":\"M\u00f6lndal ligger i frontlinjen f\u00f6r datadriven skolutveckling - Framtidens Karri\u00e4r \u2013 Grundskolel\u00e4rare\",\"isPartOf\":{\"@id\":\"https:\\\/\\\/lararkarriar.se\\\/grundskola\\\/#website\"},\"primaryImageOfPage\":{\"@id\":\"https:\\\/\\\/lararkarriar.se\\\/grundskola\\\/2022\\\/10\\\/04\\\/molndal-ligger-i-frontlinjen-for-datadriven-skolutveckling\\\/#primaryimage\"},\"image\":{\"@id\":\"https:\\\/\\\/lararkarriar.se\\\/grundskola\\\/2022\\\/10\\\/04\\\/molndal-ligger-i-frontlinjen-for-datadriven-skolutveckling\\\/#primaryimage\"},\"thumbnailUrl\":\"https:\\\/\\\/lararkarriar.se\\\/grundskola\\\/wp-content\\\/uploads\\\/sites\\\/12\\\/2022\\\/10\\\/grund2-fredrikhellsten.jpg\",\"datePublished\":\"2022-10-04T09:36:21+00:00\",\"dateModified\":\"2022-10-04T09:36:23+00:00\",\"author\":{\"@id\":\"https:\\\/\\\/lararkarriar.se\\\/grundskola\\\/#\\\/schema\\\/person\\\/c8a43eb855191e573b73ecf8987a3b99\"},\"breadcrumb\":{\"@id\":\"https:\\\/\\\/lararkarriar.se\\\/grundskola\\\/2022\\\/10\\\/04\\\/molndal-ligger-i-frontlinjen-for-datadriven-skolutveckling\\\/#breadcrumb\"},\"inLanguage\":\"sv-SE\",\"potentialAction\":[{\"@type\":\"ReadAction\",\"target\":[\"https:\\\/\\\/lararkarriar.se\\\/grundskola\\\/2022\\\/10\\\/04\\\/molndal-ligger-i-frontlinjen-for-datadriven-skolutveckling\\\/\"]}]},{\"@type\":\"ImageObject\",\"inLanguage\":\"sv-SE\",\"@id\":\"https:\\\/\\\/lararkarriar.se\\\/grundskola\\\/2022\\\/10\\\/04\\\/molndal-ligger-i-frontlinjen-for-datadriven-skolutveckling\\\/#primaryimage\",\"url\":\"https:\\\/\\\/lararkarriar.se\\\/grundskola\\\/wp-content\\\/uploads\\\/sites\\\/12\\\/2022\\\/10\\\/grund2-fredrikhellsten.jpg\",\"contentUrl\":\"https:\\\/\\\/lararkarriar.se\\\/grundskola\\\/wp-content\\\/uploads\\\/sites\\\/12\\\/2022\\\/10\\\/grund2-fredrikhellsten.jpg\",\"width\":1000,\"height\":611,\"caption\":\"\u00a9 Emmy Jonsson\"},{\"@type\":\"BreadcrumbList\",\"@id\":\"https:\\\/\\\/lararkarriar.se\\\/grundskola\\\/2022\\\/10\\\/04\\\/molndal-ligger-i-frontlinjen-for-datadriven-skolutveckling\\\/#breadcrumb\",\"itemListElement\":[{\"@type\":\"ListItem\",\"position\":1,\"name\":\"Home\",\"item\":\"https:\\\/\\\/lararkarriar.se\\\/grundskola\\\/\"},{\"@type\":\"ListItem\",\"position\":2,\"name\":\"M\u00f6lndal ligger i frontlinjen f\u00f6r datadriven skolutveckling\"}]},{\"@type\":\"WebSite\",\"@id\":\"https:\\\/\\\/lararkarriar.se\\\/grundskola\\\/#website\",\"url\":\"https:\\\/\\\/lararkarriar.se\\\/grundskola\\\/\",\"name\":\"Framtidens Karri\u00e4r \u2013 Grundskolel\u00e4rare\",\"description\":\"Just another NMDashboard.se Sites site\",\"potentialAction\":[{\"@type\":\"SearchAction\",\"target\":{\"@type\":\"EntryPoint\",\"urlTemplate\":\"https:\\\/\\\/lararkarriar.se\\\/grundskola\\\/?s={search_term_string}\"},\"query-input\":{\"@type\":\"PropertyValueSpecification\",\"valueRequired\":true,\"valueName\":\"search_term_string\"}}],\"inLanguage\":\"sv-SE\"},{\"@type\":\"Person\",\"@id\":\"https:\\\/\\\/lararkarriar.se\\\/grundskola\\\/#\\\/schema\\\/person\\\/c8a43eb855191e573b73ecf8987a3b99\",\"name\":\"stellanstal\",\"image\":{\"@type\":\"ImageObject\",\"inLanguage\":\"sv-SE\",\"@id\":\"https:\\\/\\\/secure.gravatar.com\\\/avatar\\\/cd330fa6bb17f598124b2068ee0b189e4fe0987a50af9d53b78410836060d0c9?s=96&d=mm&r=g\",\"url\":\"https:\\\/\\\/secure.gravatar.com\\\/avatar\\\/cd330fa6bb17f598124b2068ee0b189e4fe0987a50af9d53b78410836060d0c9?s=96&d=mm&r=g\",\"contentUrl\":\"https:\\\/\\\/secure.gravatar.com\\\/avatar\\\/cd330fa6bb17f598124b2068ee0b189e4fe0987a50af9d53b78410836060d0c9?s=96&d=mm&r=g\",\"caption\":\"stellanstal\"},\"url\":\"https:\\\/\\\/lararkarriar.se\\\/grundskola\\\/author\\\/stellanstal\\\/\"}]}<\/script>\n<!-- \/ Yoast SEO plugin. -->","yoast_head_json":{"title":"M\u00f6lndal ligger i frontlinjen f\u00f6r datadriven skolutveckling - Framtidens Karri\u00e4r \u2013 Grundskolel\u00e4rare","robots":{"index":"index","follow":"follow","max-snippet":"max-snippet:-1","max-image-preview":"max-image-preview:large","max-video-preview":"max-video-preview:-1"},"canonical":"https:\/\/lararkarriar.se\/grundskola\/2022\/10\/04\/molndal-ligger-i-frontlinjen-for-datadriven-skolutveckling\/","og_locale":"sv_SE","og_type":"article","og_title":"M\u00f6lndal ligger i frontlinjen f\u00f6r datadriven skolutveckling - Framtidens Karri\u00e4r \u2013 Grundskolel\u00e4rare","og_description":"M\u00f6lndal \u00e4r en tillv\u00e4xtkommun som v\u00e5gar satsa, inte minst p\u00e5 grundskoleutveckling.","og_url":"https:\/\/lararkarriar.se\/grundskola\/2022\/10\/04\/molndal-ligger-i-frontlinjen-for-datadriven-skolutveckling\/","og_site_name":"Framtidens Karri\u00e4r \u2013 Grundskolel\u00e4rare","article_published_time":"2022-10-04T09:36:21+00:00","article_modified_time":"2022-10-04T09:36:23+00:00","og_image":[{"width":1000,"height":611,"url":"https:\/\/lararkarriar.se\/grundskola\/wp-content\/uploads\/sites\/12\/2022\/10\/grund2-fredrikhellsten.jpg","type":"image\/jpeg"}],"author":"stellanstal","twitter_card":"summary_large_image","twitter_misc":{"Skriven av":"stellanstal","Ber\u00e4knad l\u00e4stid":"3 minuter"},"schema":{"@context":"https:\/\/schema.org","@graph":[{"@type":"Article","@id":"https:\/\/lararkarriar.se\/grundskola\/2022\/10\/04\/molndal-ligger-i-frontlinjen-for-datadriven-skolutveckling\/#article","isPartOf":{"@id":"https:\/\/lararkarriar.se\/grundskola\/2022\/10\/04\/molndal-ligger-i-frontlinjen-for-datadriven-skolutveckling\/"},"author":{"name":"stellanstal","@id":"https:\/\/lararkarriar.se\/grundskola\/#\/schema\/person\/c8a43eb855191e573b73ecf8987a3b99"},"headline":"M\u00f6lndal ligger i frontlinjen f\u00f6r datadriven skolutveckling","datePublished":"2022-10-04T09:36:21+00:00","dateModified":"2022-10-04T09:36:23+00:00","mainEntityOfPage":{"@id":"https:\/\/lararkarriar.se\/grundskola\/2022\/10\/04\/molndal-ligger-i-frontlinjen-for-datadriven-skolutveckling\/"},"wordCount":504,"commentCount":0,"image":{"@id":"https:\/\/lararkarriar.se\/grundskola\/2022\/10\/04\/molndal-ligger-i-frontlinjen-for-datadriven-skolutveckling\/#primaryimage"},"thumbnailUrl":"https:\/\/lararkarriar.se\/grundskola\/wp-content\/uploads\/sites\/12\/2022\/10\/grund2-fredrikhellsten.jpg","keywords":["M\u00f6lndals stad","Skolutveckling"],"articleSection":["Artikel"],"inLanguage":"sv-SE","potentialAction":[{"@type":"CommentAction","name":"Comment","target":["https:\/\/lararkarriar.se\/grundskola\/2022\/10\/04\/molndal-ligger-i-frontlinjen-for-datadriven-skolutveckling\/#respond"]}]},{"@type":"WebPage","@id":"https:\/\/lararkarriar.se\/grundskola\/2022\/10\/04\/molndal-ligger-i-frontlinjen-for-datadriven-skolutveckling\/","url":"https:\/\/lararkarriar.se\/grundskola\/2022\/10\/04\/molndal-ligger-i-frontlinjen-for-datadriven-skolutveckling\/","name":"M\u00f6lndal ligger i frontlinjen f\u00f6r datadriven skolutveckling - Framtidens Karri\u00e4r \u2013 Grundskolel\u00e4rare","isPartOf":{"@id":"https:\/\/lararkarriar.se\/grundskola\/#website"},"primaryImageOfPage":{"@id":"https:\/\/lararkarriar.se\/grundskola\/2022\/10\/04\/molndal-ligger-i-frontlinjen-for-datadriven-skolutveckling\/#primaryimage"},"image":{"@id":"https:\/\/lararkarriar.se\/grundskola\/2022\/10\/04\/molndal-ligger-i-frontlinjen-for-datadriven-skolutveckling\/#primaryimage"},"thumbnailUrl":"https:\/\/lararkarriar.se\/grundskola\/wp-content\/uploads\/sites\/12\/2022\/10\/grund2-fredrikhellsten.jpg","datePublished":"2022-10-04T09:36:21+00:00","dateModified":"2022-10-04T09:36:23+00:00","author":{"@id":"https:\/\/lararkarriar.se\/grundskola\/#\/schema\/person\/c8a43eb855191e573b73ecf8987a3b99"},"breadcrumb":{"@id":"https:\/\/lararkarriar.se\/grundskola\/2022\/10\/04\/molndal-ligger-i-frontlinjen-for-datadriven-skolutveckling\/#breadcrumb"},"inLanguage":"sv-SE","potentialAction":[{"@type":"ReadAction","target":["https:\/\/lararkarriar.se\/grundskola\/2022\/10\/04\/molndal-ligger-i-frontlinjen-for-datadriven-skolutveckling\/"]}]},{"@type":"ImageObject","inLanguage":"sv-SE","@id":"https:\/\/lararkarriar.se\/grundskola\/2022\/10\/04\/molndal-ligger-i-frontlinjen-for-datadriven-skolutveckling\/#primaryimage","url":"https:\/\/lararkarriar.se\/grundskola\/wp-content\/uploads\/sites\/12\/2022\/10\/grund2-fredrikhellsten.jpg","contentUrl":"https:\/\/lararkarriar.se\/grundskola\/wp-content\/uploads\/sites\/12\/2022\/10\/grund2-fredrikhellsten.jpg","width":1000,"height":611,"caption":"\u00a9 Emmy Jonsson"},{"@type":"BreadcrumbList","@id":"https:\/\/lararkarriar.se\/grundskola\/2022\/10\/04\/molndal-ligger-i-frontlinjen-for-datadriven-skolutveckling\/#breadcrumb","itemListElement":[{"@type":"ListItem","position":1,"name":"Home","item":"https:\/\/lararkarriar.se\/grundskola\/"},{"@type":"ListItem","position":2,"name":"M\u00f6lndal ligger i frontlinjen f\u00f6r datadriven skolutveckling"}]},{"@type":"WebSite","@id":"https:\/\/lararkarriar.se\/grundskola\/#website","url":"https:\/\/lararkarriar.se\/grundskola\/","name":"Framtidens Karri\u00e4r \u2013 Grundskolel\u00e4rare","description":"Just another NMDashboard.se Sites site","potentialAction":[{"@type":"SearchAction","target":{"@type":"EntryPoint","urlTemplate":"https:\/\/lararkarriar.se\/grundskola\/?s={search_term_string}"},"query-input":{"@type":"PropertyValueSpecification","valueRequired":true,"valueName":"search_term_string"}}],"inLanguage":"sv-SE"},{"@type":"Person","@id":"https:\/\/lararkarriar.se\/grundskola\/#\/schema\/person\/c8a43eb855191e573b73ecf8987a3b99","name":"stellanstal","image":{"@type":"ImageObject","inLanguage":"sv-SE","@id":"https:\/\/secure.gravatar.com\/avatar\/cd330fa6bb17f598124b2068ee0b189e4fe0987a50af9d53b78410836060d0c9?s=96&d=mm&r=g","url":"https:\/\/secure.gravatar.com\/avatar\/cd330fa6bb17f598124b2068ee0b189e4fe0987a50af9d53b78410836060d0c9?s=96&d=mm&r=g","contentUrl":"https:\/\/secure.gravatar.com\/avatar\/cd330fa6bb17f598124b2068ee0b189e4fe0987a50af9d53b78410836060d0c9?s=96&d=mm&r=g","caption":"stellanstal"},"url":"https:\/\/lararkarriar.se\/grundskola\/author\/stellanstal\/"}]}},"_links":{"self":[{"href":"https:\/\/lararkarriar.se\/grundskola\/wp-json\/wp\/v2\/posts\/7752","targetHints":{"allow":["GET"]}}],"collection":[{"href":"https:\/\/lararkarriar.se\/grundskola\/wp-json\/wp\/v2\/posts"}],"about":[{"href":"https:\/\/lararkarriar.se\/grundskola\/wp-json\/wp\/v2\/types\/post"}],"author":[{"embeddable":true,"href":"https:\/\/lararkarriar.se\/grundskola\/wp-json\/wp\/v2\/users\/3"}],"replies":[{"embeddable":true,"href":"https:\/\/lararkarriar.se\/grundskola\/wp-json\/wp\/v2\/comments?post=7752"}],"version-history":[{"count":3,"href":"https:\/\/lararkarriar.se\/grundskola\/wp-json\/wp\/v2\/posts\/7752\/revisions"}],"predecessor-version":[{"id":7756,"href":"https:\/\/lararkarriar.se\/grundskola\/wp-json\/wp\/v2\/posts\/7752\/revisions\/7756"}],"wp:featuredmedia":[{"embeddable":true,"href":"https:\/\/lararkarriar.se\/grundskola\/wp-json\/wp\/v2\/media\/7753"}],"wp:attachment":[{"href":"https:\/\/lararkarriar.se\/grundskola\/wp-json\/wp\/v2\/media?parent=7752"}],"wp:term":[{"taxonomy":"category","embeddable":true,"href":"https:\/\/lararkarriar.se\/grundskola\/wp-json\/wp\/v2\/categories?post=7752"},{"taxonomy":"post_tag","embeddable":true,"href":"https:\/\/lararkarriar.se\/grundskola\/wp-json\/wp\/v2\/tags?post=7752"}],"curies":[{"name":"wp","href":"https:\/\/api.w.org\/{rel}","templated":true}]}}