{"id":7792,"date":"2022-10-04T10:26:20","date_gmt":"2022-10-04T10:26:20","guid":{"rendered":"https:\/\/lararkarriar.se\/grundskola\/?p=7792"},"modified":"2022-10-04T14:58:24","modified_gmt":"2022-10-04T14:58:24","slug":"teamarbete-i-fokus-pa-nya-raketskolan-i-vackra-kiruna","status":"publish","type":"post","link":"https:\/\/lararkarriar.se\/grundskola\/2022\/10\/04\/teamarbete-i-fokus-pa-nya-raketskolan-i-vackra-kiruna\/","title":{"rendered":"Teamarbete i fokus p\u00e5 Nya Raketskolan i vackra Kiruna"},"content":{"rendered":"\n<figure class=\"wp-block-image size-full\"><img loading=\"lazy\" decoding=\"async\" width=\"1000\" height=\"630\" src=\"https:\/\/lararkarriar.se\/grundskola\/wp-content\/uploads\/sites\/12\/2022\/10\/kiruna-raketskolan001.jpg\" alt=\"Anna Holmstr\u00f6m, rektor f\u00f6r l\u00e5gstadiet, Annika Engvall, l\u00e5gstadiel\u00e4rare och Marie Eriksson, l\u00e5gstadiel\u00e4rare p\u00e5 Nya Raketskolan i Kiruna. Foto: Rebecca Lundh\" class=\"wp-image-7793\" srcset=\"https:\/\/lararkarriar.se\/grundskola\/wp-content\/uploads\/sites\/12\/2022\/10\/kiruna-raketskolan001.jpg 1000w, https:\/\/lararkarriar.se\/grundskola\/wp-content\/uploads\/sites\/12\/2022\/10\/kiruna-raketskolan001-300x189.jpg 300w, https:\/\/lararkarriar.se\/grundskola\/wp-content\/uploads\/sites\/12\/2022\/10\/kiruna-raketskolan001-768x484.jpg 768w, https:\/\/lararkarriar.se\/grundskola\/wp-content\/uploads\/sites\/12\/2022\/10\/kiruna-raketskolan001-254x160.jpg 254w, https:\/\/lararkarriar.se\/grundskola\/wp-content\/uploads\/sites\/12\/2022\/10\/kiruna-raketskolan001-526x331.jpg 526w, https:\/\/lararkarriar.se\/grundskola\/wp-content\/uploads\/sites\/12\/2022\/10\/kiruna-raketskolan001-720x454.jpg 720w, https:\/\/lararkarriar.se\/grundskola\/wp-content\/uploads\/sites\/12\/2022\/10\/kiruna-raketskolan001-960x605.jpg 960w\" sizes=\"auto, (max-width: 1000px) 100vw, 1000px\" \/><figcaption>Anna Holmstr\u00f6m, rektor f\u00f6r l\u00e5gstadiet, Annika Engvall, l\u00e5gstadiel\u00e4rare och Marie Eriksson, l\u00e5gstadiel\u00e4rare p\u00e5 Nya Raketskolan i Kiruna. Foto: Rebecca Lundh<\/figcaption><\/figure>\n\n\n\n<p><strong>P\u00e5 Nya Raketskolan \u00e4r du som l\u00e4rare aldrig ensam, utan en del av sammansvetsade, multikompetenta arbetslag. I Kiruna \u00e4r dessutom avst\u00e5nden korta, stressen l\u00e4gre och du har ett m\u00e5ngfasetterat och rikt kultur- och friluftsliv alldeles runt knuten. H\u00e4r \u00e4r det l\u00e4tt att trivas och bli kvar!<\/strong><\/p>\n\n\n\n<p>Annika Engvall och Marie Eriksson \u00e4r b\u00e5da l\u00e5gstadiel\u00e4rare p\u00e5 Nya Raketskolan, en F\u20139-skola med cirka 800 elever. H\u00e4r finns \u00e4ven grunds\u00e4rskola och fritidshem. Marie har varit med sedan starten 2013 medan Annika kom tillbaka till hemorten Kiruna f\u00f6r 1,5 \u00e5r sedan efter m\u00e5nga \u00e5r p\u00e5 sydligare breddgrader. Hon hade h\u00f6rt mycket gott om skolan och drogs till det utpr\u00e4glat teambaserade arbetss\u00e4ttet.<br>\u2013 Jag lockades av att arbeta i flerl\u00e4rarsystem och starka arbetslag. Det \u00e4r ett v\u00e4ldigt bra s\u00e4tt att jobba runt eleverna och arbetet har verkligen motsvarat mina f\u00f6rv\u00e4ntningar. H\u00e4r finns en stark fokus p\u00e5 kollegialt l\u00e4rande och p\u00e5 att vi l\u00e4rare ska m\u00e5 bra och utvecklas. Sedan \u00e4r det ocks\u00e5 otroligt fina, \u00e4ndam\u00e5lsenliga lokaler, som verkligen bidrar till att alla trivs, s\u00e5v\u00e4l personal som elever, s\u00e4ger Annika.<\/p>\n\n\n\n<p class=\"has-color-white-01-color has-text-color has-background\" style=\"background-color:#00404e\"><strong><a href=\"https:\/\/kiruna.se\/naringsliv--arbete\/arbeta-hos-oss\/lediga-jobb.html#\/\" title=\"Kiruna kommun HT22 pres jobb\" target=\"_blank\" rel=\"noreferrer noopener\">Jobba med oss i Kiruna kommun. <span style=\"text-decoration: underline;\">Klicka h\u00e4r f\u00f6r att se v\u00e5ra lediga tj\u00e4nster<\/span><\/a><\/strong><\/p>\n\n\n\n<p><strong>Aldrig ensam<\/strong><br>P\u00e5 Nya Raketskolan \u00e4r man alltid tv\u00e5 l\u00e4rare i klassrummet och man ing\u00e5r i team som best\u00e5r av fyra grundskoll\u00e4rare som utg\u00f6r en bas. Sedan tillkommer annan personal, som l\u00e4rare fr\u00e5n praktiskt-estetiska \u00e4mnen, fritidspedagoger och elevassistenter.<br>\u2013 Man \u00e4r aldrig ensam, utan har alltid flera kompetenser att bolla tankar och id\u00e9er med och som vi samplanerar med. Vi \u00e4r flera \u00f6gon som ser och vi fattar gemensamma beslut. Det underl\u00e4ttar l\u00e4rarens arbete och g\u00f6r det dessutom mycket roligare, tryggare och mer stimulerande, ber\u00e4ttar Marie.<br>\u00c4ven de fem rektorerna p\u00e5 skolan arbetar tillsammans i arbetslag. Det var det som lockade Anna Holmstr\u00f6m, rektor f\u00f6r l\u00e5gstadiet, till Nya Raketskolan f\u00f6r fem \u00e5r sedan efter 30 \u00e5r p\u00e5 skolor p\u00e5 en annan ort i Norrbotten.<br>\u2013 Det tilltalade mig mycket att arbeta s\u00e5 och var avg\u00f6rande f\u00f6r mitt beslut att flytta hit. N\u00e4r vi rektorer arbetar t\u00e4tt tillsammans p\u00e5 det h\u00e4r s\u00e4ttet kan vi verkligen utveckla undervisningen och skapa de b\u00e4sta f\u00f6ruts\u00e4ttningarna f\u00f6r b\u00e5de medarbetare och elever, s\u00e4ger hon.<\/p>\n\n\n\n<p><strong>Kompetensutveckling<\/strong><br>Alla tre lyfter fram att det finns mycket goda utvecklingsm\u00f6jligheter f\u00f6r l\u00e4rare, b\u00e5de i och mellan de olika stadierna och enheterna. Det finns ett samarbete med Ume\u00e5 universitet och viktiga fokusomr\u00e5den \u00e4r bland annat v\u00e4rdegrundsarbete, SKUA (spr\u00e5k- och kunskapsutvecklande arbetss\u00e4tt) och ledarskapsutbildning f\u00f6r l\u00e4rare. Att systematiskt arbeta med kvalitetss\u00e4kring och reflektion \u00e4r ocks\u00e5 viktiga inslag.<br>\u2013 Kiruna \u00e4r bra p\u00e5 detta! Vi h\u00e4nger med i utvecklingen och skapar hela tiden nya m\u00f6jligheter f\u00f6r v\u00e5ra medarbetare att v\u00e4xa i sin yrkesroll. Ett kvitto p\u00e5 att v\u00e5ra arbetss\u00e4tt fungerar \u00e4r att vi har full beh\u00f6righet bland v\u00e5ra l\u00e4rare p\u00e5 l\u00e5gstadiet. De lockas av det starka teamarbetet och alla m\u00f6jligheter som erbjuds, s\u00e4ger Anna.<\/p>\n\n\n\n<p><strong>Samh\u00e4llsomvandling<\/strong><br>Kiruna kommun \u00e4r inne i en sp\u00e4nnande fas, med den stora samh\u00e4llsomvandlingen i full g\u00e5ng. Staden har f\u00e5tt ett helt nytt centrum som nyligen har invigts och det finns en stark framtidstro. H\u00e4r finns ett rikt kulturliv, med teater, bio, konst och musik, prisbel\u00f6nt arkitektur, en slalombacke mitt i stan och ett aktivt f\u00f6reningsliv.<br>\u2013 Kiruna \u00e4r verkligen en fin stad och det \u00e4r v\u00e4ldigt roligt att f\u00e5 vara med om den h\u00e4r stora omvandlingen. Det \u00e4r en sp\u00e4nnande tid att bo h\u00e4r, med mycket som h\u00e4nder, s\u00e4ger Annika.<br>En stor f\u00f6rdel i Kiruna \u00e4r att man har n\u00e4ra till allt, framh\u00e5ller Marie.<br>\u2013 Kiruna \u00e4r en bra uppv\u00e4xtmilj\u00f6 f\u00f6r barn och det \u00e4r v\u00e4ldigt l\u00e4tt att bo h\u00e4r med familj. Vi beh\u00f6ver inte sitta i bilk\u00f6er eller pendla l\u00e5ngt, utan allt finns l\u00e4ttillg\u00e4ngligt. Vi har inte alls samma stress som p\u00e5 m\u00e5nga andra st\u00e4llen, s\u00e4ger hon.<br>I och runt Kiruna finns dessutom storslagen natur, som inbjuder till ett aktivt friluftsliv, med skid\u00e5kning, jakt, fiske, fj\u00e4llvandringar och annat.<br>\u2013 Vi ligger ju precis vid Nordkalotten och har fantastiskt vackra omr\u00e5den och ett ljus b\u00e5de p\u00e5 sommaren och vintern som inte finns n\u00e5gon annanstans, ber\u00e4ttar Anna. Polarvintern \u00e4r n\u00e5got som m\u00e5ste upplevas. Jag tycker faktiskt att vintrarna \u00e4r m\u00f6rkare i s\u00f6dra Sverige!<\/p>\n\n\n\n<p class=\"has-color-white-01-color has-text-color has-background\" style=\"background-color:#00404e\"><strong><a href=\"https:\/\/kiruna.se\/naringsliv--arbete\/arbeta-hos-oss\/lediga-jobb.html#\/\" title=\"Kiruna kommun HT22 pres jobb\" target=\"_blank\" rel=\"noreferrer noopener\">Jobba med oss i Kiruna kommun. <span style=\"text-decoration: underline;\">Klicka h\u00e4r f\u00f6r att se v\u00e5ra lediga tj\u00e4nster<\/span><\/a><\/strong><\/p>\n\n\n\n<div class=\"wp-block-group faktaruta\"><div class=\"wp-block-group__inner-container is-layout-flow wp-block-group-is-layout-flow\">\n<h6 class=\"wp-block-heading\">Kiruna kommun<\/h6>\n\n\n\n<p>Nya Raketskolan i Kiruna omfattar f\u00f6rskoleklass, l\u00e5gstadium, mellanstadium och h\u00f6gstadium samt grunds\u00e4rskola och fritidshem. Skolan, som invigdes 2013, har cirka 800 elever och ett 80-tal l\u00e4rare. Arbetss\u00e4ttet \u00e4r utpr\u00e4glat teambaserat, med arbetslag som omfattar l\u00e4rare och annan kompetens. Kiruna \u00e4r en dynamisk och v\u00e4xande kommun, mitt i en sp\u00e4nnande samh\u00e4llsomvandling. H\u00e4r finns alla m\u00f6jligheter till en rik och aktiv fritid samt dagliga flyg till Stockholm.<br><br><strong><a href=\"https:\/\/kiruna.se\/\" title=\"Kiruna kommun HT22 pres textlink\" target=\"_blank\" rel=\"noreferrer noopener\">www.kiruna.se<\/a><\/strong><br><br><a href=\"https:\/\/kiruna.se\/\" title=\"Kiruna kommun HT22 pres logotype\" target=\"_blank\" rel=\"noreferrer noopener\"><img loading=\"lazy\" decoding=\"async\" width=\"200\" height=\"50\" class=\"wp-image-7794\" style=\"width: 200px;\" src=\"https:\/\/lararkarriar.se\/grundskola\/wp-content\/uploads\/sites\/12\/2022\/10\/kiruna-liggande-cmyk.png\" alt=\"\" srcset=\"https:\/\/lararkarriar.se\/grundskola\/wp-content\/uploads\/sites\/12\/2022\/10\/kiruna-liggande-cmyk.png 500w, https:\/\/lararkarriar.se\/grundskola\/wp-content\/uploads\/sites\/12\/2022\/10\/kiruna-liggande-cmyk-300x76.png 300w\" sizes=\"auto, (max-width: 200px) 100vw, 200px\" \/><\/a><\/p>\n<\/div><\/div>\n","protected":false},"excerpt":{"rendered":"<p>P\u00e5 Nya Raketskolan \u00e4r du som l\u00e4rare aldrig ensam, utan en del av sammansvetsade, multikompetenta arbetslag.<\/p>\n","protected":false},"author":2,"featured_media":7793,"comment_status":"open","ping_status":"open","sticky":false,"template":"","format":"standard","meta":{"_acf_changed":false,"_monsterinsights_skip_tracking":false,"_monsterinsights_sitenote_active":false,"_monsterinsights_sitenote_note":"","_monsterinsights_sitenote_category":0,"footnotes":""},"categories":[7],"tags":[502,503],"class_list":["post-7792","post","type-post","status-publish","format-standard","has-post-thumbnail","hentry","category-presentation","tag-kiruna-kommun","tag-nya-raketskolan"],"acf":[],"yoast_head":"<!-- This site is optimized with the Yoast SEO plugin v27.3 - https:\/\/yoast.com\/product\/yoast-seo-wordpress\/ -->\n<title>Teamarbete i fokus p\u00e5 Nya Raketskolan i vackra Kiruna - Framtidens Karri\u00e4r \u2013 Grundskolel\u00e4rare<\/title>\n<meta name=\"robots\" content=\"index, follow, max-snippet:-1, max-image-preview:large, max-video-preview:-1\" \/>\n<link rel=\"canonical\" href=\"https:\/\/lararkarriar.se\/grundskola\/2022\/10\/04\/teamarbete-i-fokus-pa-nya-raketskolan-i-vackra-kiruna\/\" \/>\n<meta property=\"og:locale\" content=\"sv_SE\" \/>\n<meta property=\"og:type\" content=\"article\" \/>\n<meta property=\"og:title\" content=\"Teamarbete i fokus p\u00e5 Nya Raketskolan i vackra Kiruna - Framtidens Karri\u00e4r \u2013 Grundskolel\u00e4rare\" \/>\n<meta property=\"og:description\" content=\"P\u00e5 Nya Raketskolan \u00e4r du som l\u00e4rare aldrig ensam, utan en del av sammansvetsade, multikompetenta arbetslag.\" \/>\n<meta property=\"og:url\" content=\"https:\/\/lararkarriar.se\/grundskola\/2022\/10\/04\/teamarbete-i-fokus-pa-nya-raketskolan-i-vackra-kiruna\/\" \/>\n<meta property=\"og:site_name\" content=\"Framtidens Karri\u00e4r \u2013 Grundskolel\u00e4rare\" \/>\n<meta property=\"article:published_time\" content=\"2022-10-04T10:26:20+00:00\" \/>\n<meta property=\"article:modified_time\" content=\"2022-10-04T14:58:24+00:00\" \/>\n<meta property=\"og:image\" content=\"https:\/\/lararkarriar.se\/grundskola\/wp-content\/uploads\/sites\/12\/2022\/10\/kiruna-raketskolan001.jpg\" \/>\n\t<meta property=\"og:image:width\" content=\"1000\" \/>\n\t<meta property=\"og:image:height\" content=\"630\" \/>\n\t<meta property=\"og:image:type\" content=\"image\/jpeg\" \/>\n<meta name=\"author\" content=\"viktorwallen\" \/>\n<meta name=\"twitter:card\" content=\"summary_large_image\" \/>\n<meta name=\"twitter:label1\" content=\"Skriven av\" \/>\n\t<meta name=\"twitter:data1\" content=\"viktorwallen\" \/>\n<script type=\"application\/ld+json\" class=\"yoast-schema-graph\">{\"@context\":\"https:\\\/\\\/schema.org\",\"@graph\":[{\"@type\":\"Article\",\"@id\":\"https:\\\/\\\/lararkarriar.se\\\/grundskola\\\/2022\\\/10\\\/04\\\/teamarbete-i-fokus-pa-nya-raketskolan-i-vackra-kiruna\\\/#article\",\"isPartOf\":{\"@id\":\"https:\\\/\\\/lararkarriar.se\\\/grundskola\\\/2022\\\/10\\\/04\\\/teamarbete-i-fokus-pa-nya-raketskolan-i-vackra-kiruna\\\/\"},\"author\":{\"name\":\"viktorwallen\",\"@id\":\"https:\\\/\\\/lararkarriar.se\\\/grundskola\\\/#\\\/schema\\\/person\\\/2a13a849ec7646386c2211f59afe3083\"},\"headline\":\"Teamarbete i fokus p\u00e5 Nya Raketskolan i vackra Kiruna\",\"datePublished\":\"2022-10-04T10:26:20+00:00\",\"dateModified\":\"2022-10-04T14:58:24+00:00\",\"mainEntityOfPage\":{\"@id\":\"https:\\\/\\\/lararkarriar.se\\\/grundskola\\\/2022\\\/10\\\/04\\\/teamarbete-i-fokus-pa-nya-raketskolan-i-vackra-kiruna\\\/\"},\"wordCount\":929,\"commentCount\":0,\"image\":{\"@id\":\"https:\\\/\\\/lararkarriar.se\\\/grundskola\\\/2022\\\/10\\\/04\\\/teamarbete-i-fokus-pa-nya-raketskolan-i-vackra-kiruna\\\/#primaryimage\"},\"thumbnailUrl\":\"https:\\\/\\\/lararkarriar.se\\\/grundskola\\\/wp-content\\\/uploads\\\/sites\\\/12\\\/2022\\\/10\\\/kiruna-raketskolan001.jpg\",\"keywords\":[\"Kiruna kommun\",\"Nya Raketskolan\"],\"articleSection\":[\"Presentation\"],\"inLanguage\":\"sv-SE\",\"potentialAction\":[{\"@type\":\"CommentAction\",\"name\":\"Comment\",\"target\":[\"https:\\\/\\\/lararkarriar.se\\\/grundskola\\\/2022\\\/10\\\/04\\\/teamarbete-i-fokus-pa-nya-raketskolan-i-vackra-kiruna\\\/#respond\"]}]},{\"@type\":\"WebPage\",\"@id\":\"https:\\\/\\\/lararkarriar.se\\\/grundskola\\\/2022\\\/10\\\/04\\\/teamarbete-i-fokus-pa-nya-raketskolan-i-vackra-kiruna\\\/\",\"url\":\"https:\\\/\\\/lararkarriar.se\\\/grundskola\\\/2022\\\/10\\\/04\\\/teamarbete-i-fokus-pa-nya-raketskolan-i-vackra-kiruna\\\/\",\"name\":\"Teamarbete i fokus p\u00e5 Nya Raketskolan i vackra Kiruna - Framtidens Karri\u00e4r \u2013 Grundskolel\u00e4rare\",\"isPartOf\":{\"@id\":\"https:\\\/\\\/lararkarriar.se\\\/grundskola\\\/#website\"},\"primaryImageOfPage\":{\"@id\":\"https:\\\/\\\/lararkarriar.se\\\/grundskola\\\/2022\\\/10\\\/04\\\/teamarbete-i-fokus-pa-nya-raketskolan-i-vackra-kiruna\\\/#primaryimage\"},\"image\":{\"@id\":\"https:\\\/\\\/lararkarriar.se\\\/grundskola\\\/2022\\\/10\\\/04\\\/teamarbete-i-fokus-pa-nya-raketskolan-i-vackra-kiruna\\\/#primaryimage\"},\"thumbnailUrl\":\"https:\\\/\\\/lararkarriar.se\\\/grundskola\\\/wp-content\\\/uploads\\\/sites\\\/12\\\/2022\\\/10\\\/kiruna-raketskolan001.jpg\",\"datePublished\":\"2022-10-04T10:26:20+00:00\",\"dateModified\":\"2022-10-04T14:58:24+00:00\",\"author\":{\"@id\":\"https:\\\/\\\/lararkarriar.se\\\/grundskola\\\/#\\\/schema\\\/person\\\/2a13a849ec7646386c2211f59afe3083\"},\"breadcrumb\":{\"@id\":\"https:\\\/\\\/lararkarriar.se\\\/grundskola\\\/2022\\\/10\\\/04\\\/teamarbete-i-fokus-pa-nya-raketskolan-i-vackra-kiruna\\\/#breadcrumb\"},\"inLanguage\":\"sv-SE\",\"potentialAction\":[{\"@type\":\"ReadAction\",\"target\":[\"https:\\\/\\\/lararkarriar.se\\\/grundskola\\\/2022\\\/10\\\/04\\\/teamarbete-i-fokus-pa-nya-raketskolan-i-vackra-kiruna\\\/\"]}]},{\"@type\":\"ImageObject\",\"inLanguage\":\"sv-SE\",\"@id\":\"https:\\\/\\\/lararkarriar.se\\\/grundskola\\\/2022\\\/10\\\/04\\\/teamarbete-i-fokus-pa-nya-raketskolan-i-vackra-kiruna\\\/#primaryimage\",\"url\":\"https:\\\/\\\/lararkarriar.se\\\/grundskola\\\/wp-content\\\/uploads\\\/sites\\\/12\\\/2022\\\/10\\\/kiruna-raketskolan001.jpg\",\"contentUrl\":\"https:\\\/\\\/lararkarriar.se\\\/grundskola\\\/wp-content\\\/uploads\\\/sites\\\/12\\\/2022\\\/10\\\/kiruna-raketskolan001.jpg\",\"width\":1000,\"height\":630,\"caption\":\"Anna Holmstr\u00f6m, rektor f\u00f6r l\u00e5gstadiet, Annika Engvall, l\u00e5gstadiel\u00e4rare och Marie Eriksson, l\u00e5gstadiel\u00e4rare p\u00e5 Nya Raketskolan i Kiruna. Foto: Rebecca Lundh\"},{\"@type\":\"BreadcrumbList\",\"@id\":\"https:\\\/\\\/lararkarriar.se\\\/grundskola\\\/2022\\\/10\\\/04\\\/teamarbete-i-fokus-pa-nya-raketskolan-i-vackra-kiruna\\\/#breadcrumb\",\"itemListElement\":[{\"@type\":\"ListItem\",\"position\":1,\"name\":\"Home\",\"item\":\"https:\\\/\\\/lararkarriar.se\\\/grundskola\\\/\"},{\"@type\":\"ListItem\",\"position\":2,\"name\":\"Teamarbete i fokus p\u00e5 Nya Raketskolan i vackra Kiruna\"}]},{\"@type\":\"WebSite\",\"@id\":\"https:\\\/\\\/lararkarriar.se\\\/grundskola\\\/#website\",\"url\":\"https:\\\/\\\/lararkarriar.se\\\/grundskola\\\/\",\"name\":\"Framtidens Karri\u00e4r \u2013 Grundskolel\u00e4rare\",\"description\":\"Just another NMDashboard.se Sites site\",\"potentialAction\":[{\"@type\":\"SearchAction\",\"target\":{\"@type\":\"EntryPoint\",\"urlTemplate\":\"https:\\\/\\\/lararkarriar.se\\\/grundskola\\\/?s={search_term_string}\"},\"query-input\":{\"@type\":\"PropertyValueSpecification\",\"valueRequired\":true,\"valueName\":\"search_term_string\"}}],\"inLanguage\":\"sv-SE\"},{\"@type\":\"Person\",\"@id\":\"https:\\\/\\\/lararkarriar.se\\\/grundskola\\\/#\\\/schema\\\/person\\\/2a13a849ec7646386c2211f59afe3083\",\"name\":\"viktorwallen\",\"image\":{\"@type\":\"ImageObject\",\"inLanguage\":\"sv-SE\",\"@id\":\"https:\\\/\\\/secure.gravatar.com\\\/avatar\\\/701701bd36169636031933997c8c6b954f2f635bbb7cd4802e4a007f9c9f4e59?s=96&d=mm&r=g\",\"url\":\"https:\\\/\\\/secure.gravatar.com\\\/avatar\\\/701701bd36169636031933997c8c6b954f2f635bbb7cd4802e4a007f9c9f4e59?s=96&d=mm&r=g\",\"contentUrl\":\"https:\\\/\\\/secure.gravatar.com\\\/avatar\\\/701701bd36169636031933997c8c6b954f2f635bbb7cd4802e4a007f9c9f4e59?s=96&d=mm&r=g\",\"caption\":\"viktorwallen\"},\"url\":\"https:\\\/\\\/lararkarriar.se\\\/grundskola\\\/author\\\/viktorwallen\\\/\"}]}<\/script>\n<!-- \/ Yoast SEO plugin. -->","yoast_head_json":{"title":"Teamarbete i fokus p\u00e5 Nya Raketskolan i vackra Kiruna - Framtidens Karri\u00e4r \u2013 Grundskolel\u00e4rare","robots":{"index":"index","follow":"follow","max-snippet":"max-snippet:-1","max-image-preview":"max-image-preview:large","max-video-preview":"max-video-preview:-1"},"canonical":"https:\/\/lararkarriar.se\/grundskola\/2022\/10\/04\/teamarbete-i-fokus-pa-nya-raketskolan-i-vackra-kiruna\/","og_locale":"sv_SE","og_type":"article","og_title":"Teamarbete i fokus p\u00e5 Nya Raketskolan i vackra Kiruna - Framtidens Karri\u00e4r \u2013 Grundskolel\u00e4rare","og_description":"P\u00e5 Nya Raketskolan \u00e4r du som l\u00e4rare aldrig ensam, utan en del av sammansvetsade, multikompetenta arbetslag.","og_url":"https:\/\/lararkarriar.se\/grundskola\/2022\/10\/04\/teamarbete-i-fokus-pa-nya-raketskolan-i-vackra-kiruna\/","og_site_name":"Framtidens Karri\u00e4r \u2013 Grundskolel\u00e4rare","article_published_time":"2022-10-04T10:26:20+00:00","article_modified_time":"2022-10-04T14:58:24+00:00","og_image":[{"width":1000,"height":630,"url":"https:\/\/lararkarriar.se\/grundskola\/wp-content\/uploads\/sites\/12\/2022\/10\/kiruna-raketskolan001.jpg","type":"image\/jpeg"}],"author":"viktorwallen","twitter_card":"summary_large_image","twitter_misc":{"Skriven av":"viktorwallen"},"schema":{"@context":"https:\/\/schema.org","@graph":[{"@type":"Article","@id":"https:\/\/lararkarriar.se\/grundskola\/2022\/10\/04\/teamarbete-i-fokus-pa-nya-raketskolan-i-vackra-kiruna\/#article","isPartOf":{"@id":"https:\/\/lararkarriar.se\/grundskola\/2022\/10\/04\/teamarbete-i-fokus-pa-nya-raketskolan-i-vackra-kiruna\/"},"author":{"name":"viktorwallen","@id":"https:\/\/lararkarriar.se\/grundskola\/#\/schema\/person\/2a13a849ec7646386c2211f59afe3083"},"headline":"Teamarbete i fokus p\u00e5 Nya Raketskolan i vackra Kiruna","datePublished":"2022-10-04T10:26:20+00:00","dateModified":"2022-10-04T14:58:24+00:00","mainEntityOfPage":{"@id":"https:\/\/lararkarriar.se\/grundskola\/2022\/10\/04\/teamarbete-i-fokus-pa-nya-raketskolan-i-vackra-kiruna\/"},"wordCount":929,"commentCount":0,"image":{"@id":"https:\/\/lararkarriar.se\/grundskola\/2022\/10\/04\/teamarbete-i-fokus-pa-nya-raketskolan-i-vackra-kiruna\/#primaryimage"},"thumbnailUrl":"https:\/\/lararkarriar.se\/grundskola\/wp-content\/uploads\/sites\/12\/2022\/10\/kiruna-raketskolan001.jpg","keywords":["Kiruna kommun","Nya Raketskolan"],"articleSection":["Presentation"],"inLanguage":"sv-SE","potentialAction":[{"@type":"CommentAction","name":"Comment","target":["https:\/\/lararkarriar.se\/grundskola\/2022\/10\/04\/teamarbete-i-fokus-pa-nya-raketskolan-i-vackra-kiruna\/#respond"]}]},{"@type":"WebPage","@id":"https:\/\/lararkarriar.se\/grundskola\/2022\/10\/04\/teamarbete-i-fokus-pa-nya-raketskolan-i-vackra-kiruna\/","url":"https:\/\/lararkarriar.se\/grundskola\/2022\/10\/04\/teamarbete-i-fokus-pa-nya-raketskolan-i-vackra-kiruna\/","name":"Teamarbete i fokus p\u00e5 Nya Raketskolan i vackra Kiruna - Framtidens Karri\u00e4r \u2013 Grundskolel\u00e4rare","isPartOf":{"@id":"https:\/\/lararkarriar.se\/grundskola\/#website"},"primaryImageOfPage":{"@id":"https:\/\/lararkarriar.se\/grundskola\/2022\/10\/04\/teamarbete-i-fokus-pa-nya-raketskolan-i-vackra-kiruna\/#primaryimage"},"image":{"@id":"https:\/\/lararkarriar.se\/grundskola\/2022\/10\/04\/teamarbete-i-fokus-pa-nya-raketskolan-i-vackra-kiruna\/#primaryimage"},"thumbnailUrl":"https:\/\/lararkarriar.se\/grundskola\/wp-content\/uploads\/sites\/12\/2022\/10\/kiruna-raketskolan001.jpg","datePublished":"2022-10-04T10:26:20+00:00","dateModified":"2022-10-04T14:58:24+00:00","author":{"@id":"https:\/\/lararkarriar.se\/grundskola\/#\/schema\/person\/2a13a849ec7646386c2211f59afe3083"},"breadcrumb":{"@id":"https:\/\/lararkarriar.se\/grundskola\/2022\/10\/04\/teamarbete-i-fokus-pa-nya-raketskolan-i-vackra-kiruna\/#breadcrumb"},"inLanguage":"sv-SE","potentialAction":[{"@type":"ReadAction","target":["https:\/\/lararkarriar.se\/grundskola\/2022\/10\/04\/teamarbete-i-fokus-pa-nya-raketskolan-i-vackra-kiruna\/"]}]},{"@type":"ImageObject","inLanguage":"sv-SE","@id":"https:\/\/lararkarriar.se\/grundskola\/2022\/10\/04\/teamarbete-i-fokus-pa-nya-raketskolan-i-vackra-kiruna\/#primaryimage","url":"https:\/\/lararkarriar.se\/grundskola\/wp-content\/uploads\/sites\/12\/2022\/10\/kiruna-raketskolan001.jpg","contentUrl":"https:\/\/lararkarriar.se\/grundskola\/wp-content\/uploads\/sites\/12\/2022\/10\/kiruna-raketskolan001.jpg","width":1000,"height":630,"caption":"Anna Holmstr\u00f6m, rektor f\u00f6r l\u00e5gstadiet, Annika Engvall, l\u00e5gstadiel\u00e4rare och Marie Eriksson, l\u00e5gstadiel\u00e4rare p\u00e5 Nya Raketskolan i Kiruna. Foto: Rebecca Lundh"},{"@type":"BreadcrumbList","@id":"https:\/\/lararkarriar.se\/grundskola\/2022\/10\/04\/teamarbete-i-fokus-pa-nya-raketskolan-i-vackra-kiruna\/#breadcrumb","itemListElement":[{"@type":"ListItem","position":1,"name":"Home","item":"https:\/\/lararkarriar.se\/grundskola\/"},{"@type":"ListItem","position":2,"name":"Teamarbete i fokus p\u00e5 Nya Raketskolan i vackra Kiruna"}]},{"@type":"WebSite","@id":"https:\/\/lararkarriar.se\/grundskola\/#website","url":"https:\/\/lararkarriar.se\/grundskola\/","name":"Framtidens Karri\u00e4r \u2013 Grundskolel\u00e4rare","description":"Just another NMDashboard.se Sites site","potentialAction":[{"@type":"SearchAction","target":{"@type":"EntryPoint","urlTemplate":"https:\/\/lararkarriar.se\/grundskola\/?s={search_term_string}"},"query-input":{"@type":"PropertyValueSpecification","valueRequired":true,"valueName":"search_term_string"}}],"inLanguage":"sv-SE"},{"@type":"Person","@id":"https:\/\/lararkarriar.se\/grundskola\/#\/schema\/person\/2a13a849ec7646386c2211f59afe3083","name":"viktorwallen","image":{"@type":"ImageObject","inLanguage":"sv-SE","@id":"https:\/\/secure.gravatar.com\/avatar\/701701bd36169636031933997c8c6b954f2f635bbb7cd4802e4a007f9c9f4e59?s=96&d=mm&r=g","url":"https:\/\/secure.gravatar.com\/avatar\/701701bd36169636031933997c8c6b954f2f635bbb7cd4802e4a007f9c9f4e59?s=96&d=mm&r=g","contentUrl":"https:\/\/secure.gravatar.com\/avatar\/701701bd36169636031933997c8c6b954f2f635bbb7cd4802e4a007f9c9f4e59?s=96&d=mm&r=g","caption":"viktorwallen"},"url":"https:\/\/lararkarriar.se\/grundskola\/author\/viktorwallen\/"}]}},"_links":{"self":[{"href":"https:\/\/lararkarriar.se\/grundskola\/wp-json\/wp\/v2\/posts\/7792","targetHints":{"allow":["GET"]}}],"collection":[{"href":"https:\/\/lararkarriar.se\/grundskola\/wp-json\/wp\/v2\/posts"}],"about":[{"href":"https:\/\/lararkarriar.se\/grundskola\/wp-json\/wp\/v2\/types\/post"}],"author":[{"embeddable":true,"href":"https:\/\/lararkarriar.se\/grundskola\/wp-json\/wp\/v2\/users\/2"}],"replies":[{"embeddable":true,"href":"https:\/\/lararkarriar.se\/grundskola\/wp-json\/wp\/v2\/comments?post=7792"}],"version-history":[{"count":5,"href":"https:\/\/lararkarriar.se\/grundskola\/wp-json\/wp\/v2\/posts\/7792\/revisions"}],"predecessor-version":[{"id":7974,"href":"https:\/\/lararkarriar.se\/grundskola\/wp-json\/wp\/v2\/posts\/7792\/revisions\/7974"}],"wp:featuredmedia":[{"embeddable":true,"href":"https:\/\/lararkarriar.se\/grundskola\/wp-json\/wp\/v2\/media\/7793"}],"wp:attachment":[{"href":"https:\/\/lararkarriar.se\/grundskola\/wp-json\/wp\/v2\/media?parent=7792"}],"wp:term":[{"taxonomy":"category","embeddable":true,"href":"https:\/\/lararkarriar.se\/grundskola\/wp-json\/wp\/v2\/categories?post=7792"},{"taxonomy":"post_tag","embeddable":true,"href":"https:\/\/lararkarriar.se\/grundskola\/wp-json\/wp\/v2\/tags?post=7792"}],"curies":[{"name":"wp","href":"https:\/\/api.w.org\/{rel}","templated":true}]}}